{"id":32150,"date":"2022-12-06T22:00:00","date_gmt":"2022-12-06T21:00:00","guid":{"rendered":"https:\/\/lasentinelle.dz\/?p=32150"},"modified":"2022-12-06T17:08:56","modified_gmt":"2022-12-06T16:08:56","slug":"annaba-de-graves-accusations-pesent-sur-le-p-apc-dannaba","status":"publish","type":"post","link":"https:\/\/lasentinelle.dz\/index.php\/2022\/12\/06\/annaba-de-graves-accusations-pesent-sur-le-p-apc-dannaba\/","title":{"rendered":"Annaba\u00a0 \u00a0: De graves accusations p\u00e8sent sur le P\/APC d\u2019Annaba"},"content":{"rendered":"\n<p>L\u2019affaire a \u00e9t\u00e9 port\u00e9e&nbsp; devant le wali d\u2019Annaba, par une correspondance officielle.<\/p>\n\n\n\n<p>La section syndicale de l\u2019EPIC Annaba propre, &nbsp;affili\u00e9e \u00e0&nbsp; l&rsquo;Union g\u00e9n\u00e9rale des travailleurs alg\u00e9riens (UGTA) d&rsquo;Annaba,&nbsp; a adress\u00e9, hier, une correspondance officielle&nbsp; au chef de l\u2019ex\u00e9cutif local, concernant la pr\u00e9sentation d\u2019un cahier des chargespour la&nbsp; gestion de la collecte des d\u00e9chets dans la commune, apprend-on aupr\u00e8s du&nbsp; secr\u00e9taire de la section syndicale. Selon notre interlocuteur,&nbsp; la correspondance remise au premier responsable de la wilaya&nbsp; fait \u00e9tat de la r\u00e9union&nbsp; du conseil syndical de l\u2019EPIC en&nbsp; session extraordinaire pour examiner et \u00e9tudier les d\u00e9veloppements li\u00e9s au cahier des charges pr\u00e9sent\u00e9&nbsp; pour la soumission,&nbsp; par le P\/APC Annaba. Cette action entreprise par le maire, explique le syndicaliste, que ce processus est consid\u00e9r\u00e9 comme \u00ab&nbsp;une violation de tous les r\u00e8glements et contrats&nbsp;\u00bb.&nbsp; Le syndicat a exig\u00e9 du wali d&rsquo;Annaba d&rsquo;intervenir afin de contrer cette man\u0153uvre&nbsp; pour&nbsp; la stabilit\u00e9 de cette wilaya et de laisser l&rsquo;institution \u2018\u2019Annaba Propre\u2019\u2019&nbsp; poursuivre ce&nbsp; service public dans le cadre voulu. Par ailleurs, le syndicat a une fois encore, confirm\u00e9 que les dettes de l&rsquo;EPIC&nbsp; qui sont \u00e0 la charge de la municipalit\u00e9 sont estim\u00e9es \u00e0 13 milliards de centimes rien que pour l\u2019exercice&nbsp; 2022 et de&nbsp; 100 milliards de centimes pour&nbsp; l&rsquo;ann\u00e9e 2020\/2021. Des dettes&nbsp; qui n&rsquo;ont toujours&nbsp; pas \u00e9t\u00e9 pay\u00e9es. Selon le porte parole des travailleurs de l&rsquo;EPIC Annaba Propre, c&rsquo;est une situation qui n\u00e9cessite&nbsp; de la soutenir. Pour rappel, le conflit qui oppose le pr\u00e9sident de l\u2019Assembl\u00e9e populaire de la commune d\u2019Annaba&nbsp; dure depuis plusieurs mois d\u00e9j\u00e0. \u00c0 l\u2019origine de ce bras de fer la volont\u00e9 du P\/APC de changer le directoire de cette institution, \u00e0 travers l\u2019annonce d\u2019une soumission communale.&nbsp; Au-del\u00e0 de ce conflit l\u2019opposant \u00e0 l\u2019EPIC Annaba Propre, le P\/APC d\u2019Annaba est \u00e9galement confront\u00e9 \u00e0 une situation similaire avec&nbsp; les travailleurs de l&rsquo;Office communal des sports d\u2019Annaba (OCS). Une situation conflictuelle se rapportant \u00e0 la&nbsp; transgression de la convention collective, le blocage des salaires des travailleurs et surtout leur r\u00e9vision \u00e0 la baisse. En plus de l\u2019annonce de la dissolution de cet organe qui rel\u00e8ve de la fonction publique. Les travailleurs ont observ\u00e9 une gr\u00e8ve de la faim. Il a fallu l\u2019intervention du wali d\u2019Annaba, saisi officiellement par les gr\u00e9vistes,&nbsp; qui ont sollicit\u00e9 son intervention pour freiner les d\u00e9passements du P\/APC. Ce dernier qui a, \u00e9galement, fait objet de plusieurs plaintes d\u00e9pos\u00e9es \u00e0 son encontre par des citoyens pour diverses affaires, dont des menaces, des d\u00e9molitions et autres. Des plaintes qui, prises en compte par les instances de justice, sont encore en cours. L\u2019assembl\u00e9e communale populaire d\u2019Annaba vit aussi des tensions au point que les services de s\u00e9curit\u00e9 ont intervenu, lors de l\u2019avant-derni\u00e8re session ordinaire de l\u2019APC marqu\u00e9e par un \u00e9change d\u2019insultes et une empoignade. En conclusion, les \u00e9chos des coulisses de l\u2019h\u00f4tel de ville d\u2019Annaba, le mot \u2018\u2019agissement douteux\u2019\u2019 a d\u00e9pass\u00e9 le stade des chuchotements.<\/p>\n\n\n\n<p><strong>Sofia Chahine<\/strong><\/p>\n","protected":false},"excerpt":{"rendered":"<p>L\u2019affaire a \u00e9t\u00e9 port\u00e9e&nbsp; devant le wali d\u2019Annaba, par une correspondance officielle. La section syndicale de l\u2019EPIC Annaba propre, &nbsp;affili\u00e9e<\/p>\n","protected":false},"author":3,"featured_media":32151,"comment_status":"open","ping_status":"closed","sticky":false,"template":"","format":"standard","meta":{"colormag_page_container_layout":"default_layout","colormag_page_sidebar_layout":"default_layout","om_disable_all_campaigns":false,"_monsterinsights_skip_tracking":false,"_monsterinsights_sitenote_active":false,"_monsterinsights_sitenote_note":"","_monsterinsights_sitenote_category":0,"footnotes":"","_wpscppro_dont_share_socialmedia":false,"_wpscppro_custom_social_share_image":0,"_facebook_share_type":"","_twitter_share_type":"","_linkedin_share_type":"","_pinterest_share_type":"","_linkedin_share_type_page":"","_instagram_share_type":"","_medium_share_type":"","_threads_share_type":"","_google_business_share_type":"","_selected_social_profile":[],"_wpsp_enable_custom_social_template":false,"_wpsp_social_scheduling":{"enabled":false,"datetime":null,"platforms":[],"status":"template_only","dateOption":"today","timeOption":"now","customDays":"","customHours":"","customDate":"","customTime":"","schedulingType":"absolute"},"_wpsp_active_default_template":true},"categories":[31],"tags":[],"class_list":["post-32150","post","type-post","status-publish","format-standard","has-post-thumbnail","hentry","category-regions"],"aioseo_notices":[],"yoast_head":"<!-- This site is optimized with the Yoast SEO plugin v27.5 - https:\/\/yoast.com\/product\/yoast-seo-wordpress\/ -->\n<title>Annaba\u00a0 \u00a0: De graves accusations p\u00e8sent sur le P\/APC d\u2019Annaba - La Sentinelle<\/title>\n<meta name=\"robots\" content=\"index, follow, max-snippet:-1, max-image-preview:large, max-video-preview:-1\" \/>\n<link rel=\"canonical\" href=\"https:\/\/lasentinelle.dz\/index.php\/2022\/12\/06\/annaba-de-graves-accusations-pesent-sur-le-p-apc-dannaba\/\" \/>\n<meta property=\"og:locale\" content=\"fr_FR\" \/>\n<meta property=\"og:type\" content=\"article\" \/>\n<meta property=\"og:title\" content=\"Annaba\u00a0 \u00a0: De graves accusations p\u00e8sent sur le P\/APC d\u2019Annaba - La Sentinelle\" \/>\n<meta property=\"og:description\" content=\"L\u2019affaire a \u00e9t\u00e9 port\u00e9e&nbsp; devant le wali d\u2019Annaba, par une correspondance officielle. La section syndicale de l\u2019EPIC Annaba propre, &nbsp;affili\u00e9e\" \/>\n<meta property=\"og:url\" content=\"https:\/\/lasentinelle.dz\/index.php\/2022\/12\/06\/annaba-de-graves-accusations-pesent-sur-le-p-apc-dannaba\/\" \/>\n<meta property=\"og:site_name\" content=\"La Sentinelle\" \/>\n<meta property=\"article:publisher\" content=\"https:\/\/www.facebook.com\/La-Sentinelle-104059864394773\" \/>\n<meta property=\"article:published_time\" content=\"2022-12-06T21:00:00+00:00\" \/>\n<meta property=\"og:image\" content=\"https:\/\/lasentinelle.dz\/wp-content\/uploads\/2022\/12\/APC-dannaba.png\" \/>\n\t<meta property=\"og:image:width\" content=\"1595\" \/>\n\t<meta property=\"og:image:height\" content=\"900\" \/>\n\t<meta property=\"og:image:type\" content=\"image\/png\" \/>\n<meta name=\"author\" content=\"La Sentinelle\" \/>\n<meta name=\"twitter:card\" content=\"summary_large_image\" \/>\n<meta name=\"twitter:label1\" content=\"\u00c9crit par\" \/>\n\t<meta name=\"twitter:data1\" content=\"La Sentinelle\" \/>\n\t<meta name=\"twitter:label2\" content=\"Dur\u00e9e de lecture estim\u00e9e\" \/>\n\t<meta name=\"twitter:data2\" content=\"3 minutes\" \/>\n<script type=\"application\/ld+json\" class=\"yoast-schema-graph\">{\"@context\":\"https:\\\/\\\/schema.org\",\"@graph\":[{\"@type\":\"Article\",\"@id\":\"https:\\\/\\\/lasentinelle.dz\\\/index.php\\\/2022\\\/12\\\/06\\\/annaba-de-graves-accusations-pesent-sur-le-p-apc-dannaba\\\/#article\",\"isPartOf\":{\"@id\":\"https:\\\/\\\/lasentinelle.dz\\\/index.php\\\/2022\\\/12\\\/06\\\/annaba-de-graves-accusations-pesent-sur-le-p-apc-dannaba\\\/\"},\"author\":{\"name\":\"La Sentinelle\",\"@id\":\"https:\\\/\\\/lasentinelle.dz\\\/#\\\/schema\\\/person\\\/d865044e22e70a75174ce8bcad3acfb3\"},\"headline\":\"Annaba\u00a0 \u00a0: De graves accusations p\u00e8sent sur le P\\\/APC d\u2019Annaba\",\"datePublished\":\"2022-12-06T21:00:00+00:00\",\"mainEntityOfPage\":{\"@id\":\"https:\\\/\\\/lasentinelle.dz\\\/index.php\\\/2022\\\/12\\\/06\\\/annaba-de-graves-accusations-pesent-sur-le-p-apc-dannaba\\\/\"},\"wordCount\":585,\"commentCount\":0,\"publisher\":{\"@id\":\"https:\\\/\\\/lasentinelle.dz\\\/#organization\"},\"image\":{\"@id\":\"https:\\\/\\\/lasentinelle.dz\\\/index.php\\\/2022\\\/12\\\/06\\\/annaba-de-graves-accusations-pesent-sur-le-p-apc-dannaba\\\/#primaryimage\"},\"thumbnailUrl\":\"https:\\\/\\\/lasentinelle.dz\\\/wp-content\\\/uploads\\\/2022\\\/12\\\/APC-dannaba.png\",\"articleSection\":[\"R\u00e9gions\"],\"inLanguage\":\"fr-FR\",\"potentialAction\":[{\"@type\":\"CommentAction\",\"name\":\"Comment\",\"target\":[\"https:\\\/\\\/lasentinelle.dz\\\/index.php\\\/2022\\\/12\\\/06\\\/annaba-de-graves-accusations-pesent-sur-le-p-apc-dannaba\\\/#respond\"]}]},{\"@type\":\"WebPage\",\"@id\":\"https:\\\/\\\/lasentinelle.dz\\\/index.php\\\/2022\\\/12\\\/06\\\/annaba-de-graves-accusations-pesent-sur-le-p-apc-dannaba\\\/\",\"url\":\"https:\\\/\\\/lasentinelle.dz\\\/index.php\\\/2022\\\/12\\\/06\\\/annaba-de-graves-accusations-pesent-sur-le-p-apc-dannaba\\\/\",\"name\":\"Annaba\u00a0 \u00a0: De graves accusations p\u00e8sent sur le P\\\/APC d\u2019Annaba - La Sentinelle\",\"isPartOf\":{\"@id\":\"https:\\\/\\\/lasentinelle.dz\\\/#website\"},\"primaryImageOfPage\":{\"@id\":\"https:\\\/\\\/lasentinelle.dz\\\/index.php\\\/2022\\\/12\\\/06\\\/annaba-de-graves-accusations-pesent-sur-le-p-apc-dannaba\\\/#primaryimage\"},\"image\":{\"@id\":\"https:\\\/\\\/lasentinelle.dz\\\/index.php\\\/2022\\\/12\\\/06\\\/annaba-de-graves-accusations-pesent-sur-le-p-apc-dannaba\\\/#primaryimage\"},\"thumbnailUrl\":\"https:\\\/\\\/lasentinelle.dz\\\/wp-content\\\/uploads\\\/2022\\\/12\\\/APC-dannaba.png\",\"datePublished\":\"2022-12-06T21:00:00+00:00\",\"breadcrumb\":{\"@id\":\"https:\\\/\\\/lasentinelle.dz\\\/index.php\\\/2022\\\/12\\\/06\\\/annaba-de-graves-accusations-pesent-sur-le-p-apc-dannaba\\\/#breadcrumb\"},\"inLanguage\":\"fr-FR\",\"potentialAction\":[{\"@type\":\"ReadAction\",\"target\":[\"https:\\\/\\\/lasentinelle.dz\\\/index.php\\\/2022\\\/12\\\/06\\\/annaba-de-graves-accusations-pesent-sur-le-p-apc-dannaba\\\/\"]}]},{\"@type\":\"ImageObject\",\"inLanguage\":\"fr-FR\",\"@id\":\"https:\\\/\\\/lasentinelle.dz\\\/index.php\\\/2022\\\/12\\\/06\\\/annaba-de-graves-accusations-pesent-sur-le-p-apc-dannaba\\\/#primaryimage\",\"url\":\"https:\\\/\\\/lasentinelle.dz\\\/wp-content\\\/uploads\\\/2022\\\/12\\\/APC-dannaba.png\",\"contentUrl\":\"https:\\\/\\\/lasentinelle.dz\\\/wp-content\\\/uploads\\\/2022\\\/12\\\/APC-dannaba.png\",\"width\":1595,\"height\":900},{\"@type\":\"BreadcrumbList\",\"@id\":\"https:\\\/\\\/lasentinelle.dz\\\/index.php\\\/2022\\\/12\\\/06\\\/annaba-de-graves-accusations-pesent-sur-le-p-apc-dannaba\\\/#breadcrumb\",\"itemListElement\":[{\"@type\":\"ListItem\",\"position\":1,\"name\":\"Accueil\",\"item\":\"https:\\\/\\\/lasentinelle.dz\\\/\"},{\"@type\":\"ListItem\",\"position\":2,\"name\":\"Annaba\u00a0 \u00a0: De graves accusations p\u00e8sent sur le P\\\/APC d\u2019Annaba\"}]},{\"@type\":\"WebSite\",\"@id\":\"https:\\\/\\\/lasentinelle.dz\\\/#website\",\"url\":\"https:\\\/\\\/lasentinelle.dz\\\/\",\"name\":\"La Sentinelle\",\"description\":\"Quotidien national d&#039;information\",\"publisher\":{\"@id\":\"https:\\\/\\\/lasentinelle.dz\\\/#organization\"},\"potentialAction\":[{\"@type\":\"SearchAction\",\"target\":{\"@type\":\"EntryPoint\",\"urlTemplate\":\"https:\\\/\\\/lasentinelle.dz\\\/?s={search_term_string}\"},\"query-input\":{\"@type\":\"PropertyValueSpecification\",\"valueRequired\":true,\"valueName\":\"search_term_string\"}}],\"inLanguage\":\"fr-FR\"},{\"@type\":\"Organization\",\"@id\":\"https:\\\/\\\/lasentinelle.dz\\\/#organization\",\"name\":\"Quotidien La Sentinelle\",\"url\":\"https:\\\/\\\/lasentinelle.dz\\\/\",\"logo\":{\"@type\":\"ImageObject\",\"inLanguage\":\"fr-FR\",\"@id\":\"https:\\\/\\\/lasentinelle.dz\\\/#\\\/schema\\\/logo\\\/image\\\/\",\"url\":\"https:\\\/\\\/lasentinelle.dz\\\/wp-content\\\/uploads\\\/2021\\\/09\\\/logo-sentinelleSLOGAN-1.png\",\"contentUrl\":\"https:\\\/\\\/lasentinelle.dz\\\/wp-content\\\/uploads\\\/2021\\\/09\\\/logo-sentinelleSLOGAN-1.png\",\"width\":615,\"height\":142,\"caption\":\"Quotidien La Sentinelle\"},\"image\":{\"@id\":\"https:\\\/\\\/lasentinelle.dz\\\/#\\\/schema\\\/logo\\\/image\\\/\"},\"sameAs\":[\"https:\\\/\\\/www.facebook.com\\\/La-Sentinelle-104059864394773\"]},{\"@type\":\"Person\",\"@id\":\"https:\\\/\\\/lasentinelle.dz\\\/#\\\/schema\\\/person\\\/d865044e22e70a75174ce8bcad3acfb3\",\"name\":\"La Sentinelle\",\"image\":{\"@type\":\"ImageObject\",\"inLanguage\":\"fr-FR\",\"@id\":\"https:\\\/\\\/secure.gravatar.com\\\/avatar\\\/57de8e5d4b15d43fb361a71fbb36338450fe67865b528a43dd10ef7c51a20392?s=96&d=mm&r=g\",\"url\":\"https:\\\/\\\/secure.gravatar.com\\\/avatar\\\/57de8e5d4b15d43fb361a71fbb36338450fe67865b528a43dd10ef7c51a20392?s=96&d=mm&r=g\",\"contentUrl\":\"https:\\\/\\\/secure.gravatar.com\\\/avatar\\\/57de8e5d4b15d43fb361a71fbb36338450fe67865b528a43dd10ef7c51a20392?s=96&d=mm&r=g\",\"caption\":\"La Sentinelle\"},\"sameAs\":[\"http:\\\/\\\/www.lasentinelle.dz\"],\"url\":\"https:\\\/\\\/lasentinelle.dz\\\/author\\\/redaction\\\/\"}]}<\/script>\n<!-- \/ Yoast SEO plugin. -->","yoast_head_json":{"title":"Annaba\u00a0 \u00a0: De graves accusations p\u00e8sent sur le P\/APC d\u2019Annaba - La Sentinelle","robots":{"index":"index","follow":"follow","max-snippet":"max-snippet:-1","max-image-preview":"max-image-preview:large","max-video-preview":"max-video-preview:-1"},"canonical":"https:\/\/lasentinelle.dz\/index.php\/2022\/12\/06\/annaba-de-graves-accusations-pesent-sur-le-p-apc-dannaba\/","og_locale":"fr_FR","og_type":"article","og_title":"Annaba\u00a0 \u00a0: De graves accusations p\u00e8sent sur le P\/APC d\u2019Annaba - La Sentinelle","og_description":"L\u2019affaire a \u00e9t\u00e9 port\u00e9e&nbsp; devant le wali d\u2019Annaba, par une correspondance officielle. La section syndicale de l\u2019EPIC Annaba propre, &nbsp;affili\u00e9e","og_url":"https:\/\/lasentinelle.dz\/index.php\/2022\/12\/06\/annaba-de-graves-accusations-pesent-sur-le-p-apc-dannaba\/","og_site_name":"La Sentinelle","article_publisher":"https:\/\/www.facebook.com\/La-Sentinelle-104059864394773","article_published_time":"2022-12-06T21:00:00+00:00","og_image":[{"width":1595,"height":900,"url":"https:\/\/lasentinelle.dz\/wp-content\/uploads\/2022\/12\/APC-dannaba.png","type":"image\/png"}],"author":"La Sentinelle","twitter_card":"summary_large_image","twitter_misc":{"\u00c9crit par":"La Sentinelle","Dur\u00e9e de lecture estim\u00e9e":"3 minutes"},"schema":{"@context":"https:\/\/schema.org","@graph":[{"@type":"Article","@id":"https:\/\/lasentinelle.dz\/index.php\/2022\/12\/06\/annaba-de-graves-accusations-pesent-sur-le-p-apc-dannaba\/#article","isPartOf":{"@id":"https:\/\/lasentinelle.dz\/index.php\/2022\/12\/06\/annaba-de-graves-accusations-pesent-sur-le-p-apc-dannaba\/"},"author":{"name":"La Sentinelle","@id":"https:\/\/lasentinelle.dz\/#\/schema\/person\/d865044e22e70a75174ce8bcad3acfb3"},"headline":"Annaba\u00a0 \u00a0: De graves accusations p\u00e8sent sur le P\/APC d\u2019Annaba","datePublished":"2022-12-06T21:00:00+00:00","mainEntityOfPage":{"@id":"https:\/\/lasentinelle.dz\/index.php\/2022\/12\/06\/annaba-de-graves-accusations-pesent-sur-le-p-apc-dannaba\/"},"wordCount":585,"commentCount":0,"publisher":{"@id":"https:\/\/lasentinelle.dz\/#organization"},"image":{"@id":"https:\/\/lasentinelle.dz\/index.php\/2022\/12\/06\/annaba-de-graves-accusations-pesent-sur-le-p-apc-dannaba\/#primaryimage"},"thumbnailUrl":"https:\/\/lasentinelle.dz\/wp-content\/uploads\/2022\/12\/APC-dannaba.png","articleSection":["R\u00e9gions"],"inLanguage":"fr-FR","potentialAction":[{"@type":"CommentAction","name":"Comment","target":["https:\/\/lasentinelle.dz\/index.php\/2022\/12\/06\/annaba-de-graves-accusations-pesent-sur-le-p-apc-dannaba\/#respond"]}]},{"@type":"WebPage","@id":"https:\/\/lasentinelle.dz\/index.php\/2022\/12\/06\/annaba-de-graves-accusations-pesent-sur-le-p-apc-dannaba\/","url":"https:\/\/lasentinelle.dz\/index.php\/2022\/12\/06\/annaba-de-graves-accusations-pesent-sur-le-p-apc-dannaba\/","name":"Annaba\u00a0 \u00a0: De graves accusations p\u00e8sent sur le P\/APC d\u2019Annaba - La Sentinelle","isPartOf":{"@id":"https:\/\/lasentinelle.dz\/#website"},"primaryImageOfPage":{"@id":"https:\/\/lasentinelle.dz\/index.php\/2022\/12\/06\/annaba-de-graves-accusations-pesent-sur-le-p-apc-dannaba\/#primaryimage"},"image":{"@id":"https:\/\/lasentinelle.dz\/index.php\/2022\/12\/06\/annaba-de-graves-accusations-pesent-sur-le-p-apc-dannaba\/#primaryimage"},"thumbnailUrl":"https:\/\/lasentinelle.dz\/wp-content\/uploads\/2022\/12\/APC-dannaba.png","datePublished":"2022-12-06T21:00:00+00:00","breadcrumb":{"@id":"https:\/\/lasentinelle.dz\/index.php\/2022\/12\/06\/annaba-de-graves-accusations-pesent-sur-le-p-apc-dannaba\/#breadcrumb"},"inLanguage":"fr-FR","potentialAction":[{"@type":"ReadAction","target":["https:\/\/lasentinelle.dz\/index.php\/2022\/12\/06\/annaba-de-graves-accusations-pesent-sur-le-p-apc-dannaba\/"]}]},{"@type":"ImageObject","inLanguage":"fr-FR","@id":"https:\/\/lasentinelle.dz\/index.php\/2022\/12\/06\/annaba-de-graves-accusations-pesent-sur-le-p-apc-dannaba\/#primaryimage","url":"https:\/\/lasentinelle.dz\/wp-content\/uploads\/2022\/12\/APC-dannaba.png","contentUrl":"https:\/\/lasentinelle.dz\/wp-content\/uploads\/2022\/12\/APC-dannaba.png","width":1595,"height":900},{"@type":"BreadcrumbList","@id":"https:\/\/lasentinelle.dz\/index.php\/2022\/12\/06\/annaba-de-graves-accusations-pesent-sur-le-p-apc-dannaba\/#breadcrumb","itemListElement":[{"@type":"ListItem","position":1,"name":"Accueil","item":"https:\/\/lasentinelle.dz\/"},{"@type":"ListItem","position":2,"name":"Annaba\u00a0 \u00a0: De graves accusations p\u00e8sent sur le P\/APC d\u2019Annaba"}]},{"@type":"WebSite","@id":"https:\/\/lasentinelle.dz\/#website","url":"https:\/\/lasentinelle.dz\/","name":"La Sentinelle","description":"Quotidien national d&#039;information","publisher":{"@id":"https:\/\/lasentinelle.dz\/#organization"},"potentialAction":[{"@type":"SearchAction","target":{"@type":"EntryPoint","urlTemplate":"https:\/\/lasentinelle.dz\/?s={search_term_string}"},"query-input":{"@type":"PropertyValueSpecification","valueRequired":true,"valueName":"search_term_string"}}],"inLanguage":"fr-FR"},{"@type":"Organization","@id":"https:\/\/lasentinelle.dz\/#organization","name":"Quotidien La Sentinelle","url":"https:\/\/lasentinelle.dz\/","logo":{"@type":"ImageObject","inLanguage":"fr-FR","@id":"https:\/\/lasentinelle.dz\/#\/schema\/logo\/image\/","url":"https:\/\/lasentinelle.dz\/wp-content\/uploads\/2021\/09\/logo-sentinelleSLOGAN-1.png","contentUrl":"https:\/\/lasentinelle.dz\/wp-content\/uploads\/2021\/09\/logo-sentinelleSLOGAN-1.png","width":615,"height":142,"caption":"Quotidien La Sentinelle"},"image":{"@id":"https:\/\/lasentinelle.dz\/#\/schema\/logo\/image\/"},"sameAs":["https:\/\/www.facebook.com\/La-Sentinelle-104059864394773"]},{"@type":"Person","@id":"https:\/\/lasentinelle.dz\/#\/schema\/person\/d865044e22e70a75174ce8bcad3acfb3","name":"La Sentinelle","image":{"@type":"ImageObject","inLanguage":"fr-FR","@id":"https:\/\/secure.gravatar.com\/avatar\/57de8e5d4b15d43fb361a71fbb36338450fe67865b528a43dd10ef7c51a20392?s=96&d=mm&r=g","url":"https:\/\/secure.gravatar.com\/avatar\/57de8e5d4b15d43fb361a71fbb36338450fe67865b528a43dd10ef7c51a20392?s=96&d=mm&r=g","contentUrl":"https:\/\/secure.gravatar.com\/avatar\/57de8e5d4b15d43fb361a71fbb36338450fe67865b528a43dd10ef7c51a20392?s=96&d=mm&r=g","caption":"La Sentinelle"},"sameAs":["http:\/\/www.lasentinelle.dz"],"url":"https:\/\/lasentinelle.dz\/author\/redaction\/"}]}},"_links":{"self":[{"href":"https:\/\/lasentinelle.dz\/index.php\/wp-json\/wp\/v2\/posts\/32150","targetHints":{"allow":["GET"]}}],"collection":[{"href":"https:\/\/lasentinelle.dz\/index.php\/wp-json\/wp\/v2\/posts"}],"about":[{"href":"https:\/\/lasentinelle.dz\/index.php\/wp-json\/wp\/v2\/types\/post"}],"author":[{"embeddable":true,"href":"https:\/\/lasentinelle.dz\/index.php\/wp-json\/wp\/v2\/users\/3"}],"replies":[{"embeddable":true,"href":"https:\/\/lasentinelle.dz\/index.php\/wp-json\/wp\/v2\/comments?post=32150"}],"version-history":[{"count":1,"href":"https:\/\/lasentinelle.dz\/index.php\/wp-json\/wp\/v2\/posts\/32150\/revisions"}],"predecessor-version":[{"id":32152,"href":"https:\/\/lasentinelle.dz\/index.php\/wp-json\/wp\/v2\/posts\/32150\/revisions\/32152"}],"wp:featuredmedia":[{"embeddable":true,"href":"https:\/\/lasentinelle.dz\/index.php\/wp-json\/wp\/v2\/media\/32151"}],"wp:attachment":[{"href":"https:\/\/lasentinelle.dz\/index.php\/wp-json\/wp\/v2\/media?parent=32150"}],"wp:term":[{"taxonomy":"category","embeddable":true,"href":"https:\/\/lasentinelle.dz\/index.php\/wp-json\/wp\/v2\/categories?post=32150"},{"taxonomy":"post_tag","embeddable":true,"href":"https:\/\/lasentinelle.dz\/index.php\/wp-json\/wp\/v2\/tags?post=32150"}],"curies":[{"name":"wp","href":"https:\/\/api.w.org\/{rel}","templated":true}]}}