{"id":32162,"date":"2022-12-06T22:08:00","date_gmt":"2022-12-06T21:08:00","guid":{"rendered":"https:\/\/lasentinelle.dz\/?p=32162"},"modified":"2022-12-06T19:05:44","modified_gmt":"2022-12-06T18:05:44","slug":"il-agresse-violemment-un-youtuber-algerien-samuel-etoo-part-en-vrille","status":"publish","type":"post","link":"https:\/\/lasentinelle.dz\/index.php\/2022\/12\/06\/il-agresse-violemment-un-youtuber-algerien-samuel-etoo-part-en-vrille\/","title":{"rendered":"Il agresse violemment un youtuber alg\u00e9rien\u00a0: Samuel Eto&rsquo;o part en vrille\u00a0!"},"content":{"rendered":"\n<p>C\u2019est une image qui a fait le tout du monde. Le pr\u00e9sident de la F\u00e9d\u00e9ration camerounaise de football et ambassadeur de la F\u00e9d\u00e9ration internationale de football, Samuel Eto\u2019o s\u2019en est pris violemment un youtuber alg\u00e9rien \u00e0 la sortie du stade o\u00f9 s\u2019est tenu le match Br\u00e9sil-Cor\u00e9e du Sud lundi soir au Qatar.<\/p>\n\n\n\n<p>C\u2019est certainement le d\u00e9rapage de trop pour Samuel Eto\u2019o. Interpell\u00e9 par un youtuber alg\u00e9rien sur le fameux match barrage Alg\u00e9rie-Cameroun au mois de mars dernier selon certains t\u00e9moignages, le pr\u00e9sident de la F\u00e9cafoot a perdu son sang-froid et s\u2019en est pris \u00e0 ce dernier, on lui ass\u00e9nant des coups de pieds et en le frappant violemment au visage. Une sc\u00e8ne qui se passe au stade 974, cavec les containers, \u00e0 la sortie du 1\/8 de finale Br\u00e9sil-Cor\u00e9e du Sud lundi soir, est captur\u00e9e Ricardo L\u00f3pezJu\u00e1rez, journaliste du m\u00e9dia La Opini\u00f3net la vid\u00e9o est vite devenue virale sur les r\u00e9seaux sociaux. Au d\u00e9but de la vid\u00e9o d&rsquo;une dur\u00e9e de 57 secondes, Eto&rsquo;o, casquette bleue, accorde des selfies \u00e0 des fans avant d&rsquo;\u00eatre interpell\u00e9 par le youtubeur, dont on ne distingue pas la question,et de devenir fou de rage. On y voit Samuel Eto\u2019o se lib\u00e9rer de l\u2019emprise de plusieurs personnes qui essayaient de le retenir pour poursuivre le youtubeur Sadouni SMass\u00e9nant un coup de genou au visage du cam\u00e9raman, tomb\u00e9 \u00e0 la renverse.&nbsp; Une attitude qui a beaucoup choqu\u00e9 et qui oblig\u00e9 Eto\u2019o \u00e0 s\u2019expliquer. Une explication qui pr\u00eate beaucoup plus \u00e0 confusion qu\u2019\u00e0 autre chose dans la mesure o\u00f9 ce dernier a cherch\u00e9 \u00e0 se victimiser et a voulu donner \u00e0 l\u2019affaire une dimension politique, alors qu\u2019elle ne le devrait pas.&nbsp; Samuel Eto\u2019o a manqu\u00e9 de ma\u00eetrise de soi face \u00e0 un Youtubeur de 60.000 abonn\u00e9s qui l\u2019a interpell\u00e9 sur le match barrage et sur le r\u00f4le de l\u2019arbitre Gassama dans la d\u00e9faite des Fennecs. Une pol\u00e9mique qui est, et Samuel Eto\u2019ovient de le d\u00e9montrer, source de frustration pour le pr\u00e9sident de la F\u00e9cafoot qui l\u2019a pris d\u00e8s le d\u00e9but sur le plan personnel, au regard de ses r\u00e9actions sanguines \u00e0 chaque fois que ce match barrage est \u00e9voqu\u00e9. Et cette vid\u00e9o \u00e9corne l\u2019image de la gloire du sport africain, du pr\u00e9sident de la F\u00e9cafoot et ambassadeur de la FIFA dont l\u2019attitude contraste avec les valeurs du football et de fairplay que l\u2019instance promeut. En attendant, une enqu\u00eate est ouverte. \u00ab\u00a0Je suis au poste de police pour l&rsquo;enqu\u00eate. Il faut partager cette vid\u00e9o, comme Eto&rsquo;o est une personnalit\u00e9 j&rsquo;ai peur qu&rsquo;ils camouflent le dossier, mais j&rsquo;ai confiance en la police qatari\u00a0\u00bb, a indiqu\u00e9 le youtubeur dans la vid\u00e9o.Eto&rsquo;o \u00ab\u00a0m&rsquo;a d\u00e9truit ma cam\u00e9ra et mon microphone, il m&rsquo;a frapp\u00e9 l\u00e0 (montrant son menton, NDLR)\u00a0\u00bb, a-t-il racont\u00e9.\u00a0\u00bbJ&rsquo;ai fait tout \u00e7a pour l&rsquo;Alg\u00e9rie\u00a0\u00bb, a expliqu\u00e9 le youtubeur qui aura certainement r\u00e9ussi \u00e0 faire le buzz&nbsp;!<\/p>\n\n\n\n<p><strong>Chokri Hafed<\/strong><\/p>\n","protected":false},"excerpt":{"rendered":"<p>C\u2019est une image qui a fait le tout du monde. Le pr\u00e9sident de la F\u00e9d\u00e9ration camerounaise de football et ambassadeur<\/p>\n","protected":false},"author":3,"featured_media":32163,"comment_status":"open","ping_status":"closed","sticky":false,"template":"","format":"standard","meta":{"colormag_page_container_layout":"default_layout","colormag_page_sidebar_layout":"default_layout","om_disable_all_campaigns":false,"_monsterinsights_skip_tracking":false,"_monsterinsights_sitenote_active":false,"_monsterinsights_sitenote_note":"","_monsterinsights_sitenote_category":0,"footnotes":"","_wpscppro_dont_share_socialmedia":false,"_wpscppro_custom_social_share_image":0,"_facebook_share_type":"","_twitter_share_type":"","_linkedin_share_type":"","_pinterest_share_type":"","_linkedin_share_type_page":"","_instagram_share_type":"","_medium_share_type":"","_threads_share_type":"","_google_business_share_type":"","_selected_social_profile":[],"_wpsp_enable_custom_social_template":false,"_wpsp_social_scheduling":{"enabled":false,"datetime":null,"platforms":[],"status":"template_only","dateOption":"today","timeOption":"now","customDays":"","customHours":"","customDate":"","customTime":"","schedulingType":"absolute"},"_wpsp_active_default_template":true},"categories":[52,33],"tags":[],"class_list":["post-32162","post","type-post","status-publish","format-standard","has-post-thumbnail","hentry","category-a-la-une","category-sports"],"aioseo_notices":[],"yoast_head":"<!-- This site is optimized with the Yoast SEO plugin v27.5 - https:\/\/yoast.com\/product\/yoast-seo-wordpress\/ -->\n<title>Il agresse violemment un youtuber alg\u00e9rien\u00a0: Samuel Eto&rsquo;o part en vrille\u00a0! - La Sentinelle<\/title>\n<meta name=\"robots\" content=\"index, follow, max-snippet:-1, max-image-preview:large, max-video-preview:-1\" \/>\n<link rel=\"canonical\" href=\"https:\/\/lasentinelle.dz\/index.php\/2022\/12\/06\/il-agresse-violemment-un-youtuber-algerien-samuel-etoo-part-en-vrille\/\" \/>\n<meta property=\"og:locale\" content=\"fr_FR\" \/>\n<meta property=\"og:type\" content=\"article\" \/>\n<meta property=\"og:title\" content=\"Il agresse violemment un youtuber alg\u00e9rien\u00a0: Samuel Eto&rsquo;o part en vrille\u00a0! - La Sentinelle\" \/>\n<meta property=\"og:description\" content=\"C\u2019est une image qui a fait le tout du monde. Le pr\u00e9sident de la F\u00e9d\u00e9ration camerounaise de football et ambassadeur\" \/>\n<meta property=\"og:url\" content=\"https:\/\/lasentinelle.dz\/index.php\/2022\/12\/06\/il-agresse-violemment-un-youtuber-algerien-samuel-etoo-part-en-vrille\/\" \/>\n<meta property=\"og:site_name\" content=\"La Sentinelle\" \/>\n<meta property=\"article:publisher\" content=\"https:\/\/www.facebook.com\/La-Sentinelle-104059864394773\" \/>\n<meta property=\"article:published_time\" content=\"2022-12-06T21:08:00+00:00\" \/>\n<meta property=\"og:image\" content=\"https:\/\/lasentinelle.dz\/wp-content\/uploads\/2022\/12\/Samuel-Etoo.png\" \/>\n\t<meta property=\"og:image:width\" content=\"1385\" \/>\n\t<meta property=\"og:image:height\" content=\"900\" \/>\n\t<meta property=\"og:image:type\" content=\"image\/png\" \/>\n<meta name=\"author\" content=\"La Sentinelle\" \/>\n<meta name=\"twitter:card\" content=\"summary_large_image\" \/>\n<meta name=\"twitter:label1\" content=\"\u00c9crit par\" \/>\n\t<meta name=\"twitter:data1\" content=\"La Sentinelle\" \/>\n\t<meta name=\"twitter:label2\" content=\"Dur\u00e9e de lecture estim\u00e9e\" \/>\n\t<meta name=\"twitter:data2\" content=\"3 minutes\" \/>\n<script type=\"application\/ld+json\" class=\"yoast-schema-graph\">{\"@context\":\"https:\\\/\\\/schema.org\",\"@graph\":[{\"@type\":\"Article\",\"@id\":\"https:\\\/\\\/lasentinelle.dz\\\/index.php\\\/2022\\\/12\\\/06\\\/il-agresse-violemment-un-youtuber-algerien-samuel-etoo-part-en-vrille\\\/#article\",\"isPartOf\":{\"@id\":\"https:\\\/\\\/lasentinelle.dz\\\/index.php\\\/2022\\\/12\\\/06\\\/il-agresse-violemment-un-youtuber-algerien-samuel-etoo-part-en-vrille\\\/\"},\"author\":{\"name\":\"La Sentinelle\",\"@id\":\"https:\\\/\\\/lasentinelle.dz\\\/#\\\/schema\\\/person\\\/d865044e22e70a75174ce8bcad3acfb3\"},\"headline\":\"Il agresse violemment un youtuber alg\u00e9rien\u00a0: Samuel Eto&rsquo;o part en vrille\u00a0!\",\"datePublished\":\"2022-12-06T21:08:00+00:00\",\"mainEntityOfPage\":{\"@id\":\"https:\\\/\\\/lasentinelle.dz\\\/index.php\\\/2022\\\/12\\\/06\\\/il-agresse-violemment-un-youtuber-algerien-samuel-etoo-part-en-vrille\\\/\"},\"wordCount\":558,\"commentCount\":0,\"publisher\":{\"@id\":\"https:\\\/\\\/lasentinelle.dz\\\/#organization\"},\"image\":{\"@id\":\"https:\\\/\\\/lasentinelle.dz\\\/index.php\\\/2022\\\/12\\\/06\\\/il-agresse-violemment-un-youtuber-algerien-samuel-etoo-part-en-vrille\\\/#primaryimage\"},\"thumbnailUrl\":\"https:\\\/\\\/lasentinelle.dz\\\/wp-content\\\/uploads\\\/2022\\\/12\\\/Samuel-Etoo.png\",\"articleSection\":[\"\u00c0 la Une\",\"Sports\"],\"inLanguage\":\"fr-FR\",\"potentialAction\":[{\"@type\":\"CommentAction\",\"name\":\"Comment\",\"target\":[\"https:\\\/\\\/lasentinelle.dz\\\/index.php\\\/2022\\\/12\\\/06\\\/il-agresse-violemment-un-youtuber-algerien-samuel-etoo-part-en-vrille\\\/#respond\"]}]},{\"@type\":\"WebPage\",\"@id\":\"https:\\\/\\\/lasentinelle.dz\\\/index.php\\\/2022\\\/12\\\/06\\\/il-agresse-violemment-un-youtuber-algerien-samuel-etoo-part-en-vrille\\\/\",\"url\":\"https:\\\/\\\/lasentinelle.dz\\\/index.php\\\/2022\\\/12\\\/06\\\/il-agresse-violemment-un-youtuber-algerien-samuel-etoo-part-en-vrille\\\/\",\"name\":\"Il agresse violemment un youtuber alg\u00e9rien\u00a0: Samuel Eto&rsquo;o part en vrille\u00a0! - La Sentinelle\",\"isPartOf\":{\"@id\":\"https:\\\/\\\/lasentinelle.dz\\\/#website\"},\"primaryImageOfPage\":{\"@id\":\"https:\\\/\\\/lasentinelle.dz\\\/index.php\\\/2022\\\/12\\\/06\\\/il-agresse-violemment-un-youtuber-algerien-samuel-etoo-part-en-vrille\\\/#primaryimage\"},\"image\":{\"@id\":\"https:\\\/\\\/lasentinelle.dz\\\/index.php\\\/2022\\\/12\\\/06\\\/il-agresse-violemment-un-youtuber-algerien-samuel-etoo-part-en-vrille\\\/#primaryimage\"},\"thumbnailUrl\":\"https:\\\/\\\/lasentinelle.dz\\\/wp-content\\\/uploads\\\/2022\\\/12\\\/Samuel-Etoo.png\",\"datePublished\":\"2022-12-06T21:08:00+00:00\",\"breadcrumb\":{\"@id\":\"https:\\\/\\\/lasentinelle.dz\\\/index.php\\\/2022\\\/12\\\/06\\\/il-agresse-violemment-un-youtuber-algerien-samuel-etoo-part-en-vrille\\\/#breadcrumb\"},\"inLanguage\":\"fr-FR\",\"potentialAction\":[{\"@type\":\"ReadAction\",\"target\":[\"https:\\\/\\\/lasentinelle.dz\\\/index.php\\\/2022\\\/12\\\/06\\\/il-agresse-violemment-un-youtuber-algerien-samuel-etoo-part-en-vrille\\\/\"]}]},{\"@type\":\"ImageObject\",\"inLanguage\":\"fr-FR\",\"@id\":\"https:\\\/\\\/lasentinelle.dz\\\/index.php\\\/2022\\\/12\\\/06\\\/il-agresse-violemment-un-youtuber-algerien-samuel-etoo-part-en-vrille\\\/#primaryimage\",\"url\":\"https:\\\/\\\/lasentinelle.dz\\\/wp-content\\\/uploads\\\/2022\\\/12\\\/Samuel-Etoo.png\",\"contentUrl\":\"https:\\\/\\\/lasentinelle.dz\\\/wp-content\\\/uploads\\\/2022\\\/12\\\/Samuel-Etoo.png\",\"width\":1385,\"height\":900},{\"@type\":\"BreadcrumbList\",\"@id\":\"https:\\\/\\\/lasentinelle.dz\\\/index.php\\\/2022\\\/12\\\/06\\\/il-agresse-violemment-un-youtuber-algerien-samuel-etoo-part-en-vrille\\\/#breadcrumb\",\"itemListElement\":[{\"@type\":\"ListItem\",\"position\":1,\"name\":\"Accueil\",\"item\":\"https:\\\/\\\/lasentinelle.dz\\\/\"},{\"@type\":\"ListItem\",\"position\":2,\"name\":\"Il agresse violemment un youtuber alg\u00e9rien\u00a0: Samuel Eto&rsquo;o part en vrille\u00a0!\"}]},{\"@type\":\"WebSite\",\"@id\":\"https:\\\/\\\/lasentinelle.dz\\\/#website\",\"url\":\"https:\\\/\\\/lasentinelle.dz\\\/\",\"name\":\"La Sentinelle\",\"description\":\"Quotidien national d&#039;information\",\"publisher\":{\"@id\":\"https:\\\/\\\/lasentinelle.dz\\\/#organization\"},\"potentialAction\":[{\"@type\":\"SearchAction\",\"target\":{\"@type\":\"EntryPoint\",\"urlTemplate\":\"https:\\\/\\\/lasentinelle.dz\\\/?s={search_term_string}\"},\"query-input\":{\"@type\":\"PropertyValueSpecification\",\"valueRequired\":true,\"valueName\":\"search_term_string\"}}],\"inLanguage\":\"fr-FR\"},{\"@type\":\"Organization\",\"@id\":\"https:\\\/\\\/lasentinelle.dz\\\/#organization\",\"name\":\"Quotidien La Sentinelle\",\"url\":\"https:\\\/\\\/lasentinelle.dz\\\/\",\"logo\":{\"@type\":\"ImageObject\",\"inLanguage\":\"fr-FR\",\"@id\":\"https:\\\/\\\/lasentinelle.dz\\\/#\\\/schema\\\/logo\\\/image\\\/\",\"url\":\"https:\\\/\\\/lasentinelle.dz\\\/wp-content\\\/uploads\\\/2021\\\/09\\\/logo-sentinelleSLOGAN-1.png\",\"contentUrl\":\"https:\\\/\\\/lasentinelle.dz\\\/wp-content\\\/uploads\\\/2021\\\/09\\\/logo-sentinelleSLOGAN-1.png\",\"width\":615,\"height\":142,\"caption\":\"Quotidien La Sentinelle\"},\"image\":{\"@id\":\"https:\\\/\\\/lasentinelle.dz\\\/#\\\/schema\\\/logo\\\/image\\\/\"},\"sameAs\":[\"https:\\\/\\\/www.facebook.com\\\/La-Sentinelle-104059864394773\"]},{\"@type\":\"Person\",\"@id\":\"https:\\\/\\\/lasentinelle.dz\\\/#\\\/schema\\\/person\\\/d865044e22e70a75174ce8bcad3acfb3\",\"name\":\"La Sentinelle\",\"image\":{\"@type\":\"ImageObject\",\"inLanguage\":\"fr-FR\",\"@id\":\"https:\\\/\\\/secure.gravatar.com\\\/avatar\\\/57de8e5d4b15d43fb361a71fbb36338450fe67865b528a43dd10ef7c51a20392?s=96&d=mm&r=g\",\"url\":\"https:\\\/\\\/secure.gravatar.com\\\/avatar\\\/57de8e5d4b15d43fb361a71fbb36338450fe67865b528a43dd10ef7c51a20392?s=96&d=mm&r=g\",\"contentUrl\":\"https:\\\/\\\/secure.gravatar.com\\\/avatar\\\/57de8e5d4b15d43fb361a71fbb36338450fe67865b528a43dd10ef7c51a20392?s=96&d=mm&r=g\",\"caption\":\"La Sentinelle\"},\"sameAs\":[\"http:\\\/\\\/www.lasentinelle.dz\"],\"url\":\"https:\\\/\\\/lasentinelle.dz\\\/author\\\/redaction\\\/\"}]}<\/script>\n<!-- \/ Yoast SEO plugin. -->","yoast_head_json":{"title":"Il agresse violemment un youtuber alg\u00e9rien\u00a0: Samuel Eto&rsquo;o part en vrille\u00a0! - La Sentinelle","robots":{"index":"index","follow":"follow","max-snippet":"max-snippet:-1","max-image-preview":"max-image-preview:large","max-video-preview":"max-video-preview:-1"},"canonical":"https:\/\/lasentinelle.dz\/index.php\/2022\/12\/06\/il-agresse-violemment-un-youtuber-algerien-samuel-etoo-part-en-vrille\/","og_locale":"fr_FR","og_type":"article","og_title":"Il agresse violemment un youtuber alg\u00e9rien\u00a0: Samuel Eto&rsquo;o part en vrille\u00a0! - La Sentinelle","og_description":"C\u2019est une image qui a fait le tout du monde. Le pr\u00e9sident de la F\u00e9d\u00e9ration camerounaise de football et ambassadeur","og_url":"https:\/\/lasentinelle.dz\/index.php\/2022\/12\/06\/il-agresse-violemment-un-youtuber-algerien-samuel-etoo-part-en-vrille\/","og_site_name":"La Sentinelle","article_publisher":"https:\/\/www.facebook.com\/La-Sentinelle-104059864394773","article_published_time":"2022-12-06T21:08:00+00:00","og_image":[{"width":1385,"height":900,"url":"https:\/\/lasentinelle.dz\/wp-content\/uploads\/2022\/12\/Samuel-Etoo.png","type":"image\/png"}],"author":"La Sentinelle","twitter_card":"summary_large_image","twitter_misc":{"\u00c9crit par":"La Sentinelle","Dur\u00e9e de lecture estim\u00e9e":"3 minutes"},"schema":{"@context":"https:\/\/schema.org","@graph":[{"@type":"Article","@id":"https:\/\/lasentinelle.dz\/index.php\/2022\/12\/06\/il-agresse-violemment-un-youtuber-algerien-samuel-etoo-part-en-vrille\/#article","isPartOf":{"@id":"https:\/\/lasentinelle.dz\/index.php\/2022\/12\/06\/il-agresse-violemment-un-youtuber-algerien-samuel-etoo-part-en-vrille\/"},"author":{"name":"La Sentinelle","@id":"https:\/\/lasentinelle.dz\/#\/schema\/person\/d865044e22e70a75174ce8bcad3acfb3"},"headline":"Il agresse violemment un youtuber alg\u00e9rien\u00a0: Samuel Eto&rsquo;o part en vrille\u00a0!","datePublished":"2022-12-06T21:08:00+00:00","mainEntityOfPage":{"@id":"https:\/\/lasentinelle.dz\/index.php\/2022\/12\/06\/il-agresse-violemment-un-youtuber-algerien-samuel-etoo-part-en-vrille\/"},"wordCount":558,"commentCount":0,"publisher":{"@id":"https:\/\/lasentinelle.dz\/#organization"},"image":{"@id":"https:\/\/lasentinelle.dz\/index.php\/2022\/12\/06\/il-agresse-violemment-un-youtuber-algerien-samuel-etoo-part-en-vrille\/#primaryimage"},"thumbnailUrl":"https:\/\/lasentinelle.dz\/wp-content\/uploads\/2022\/12\/Samuel-Etoo.png","articleSection":["\u00c0 la Une","Sports"],"inLanguage":"fr-FR","potentialAction":[{"@type":"CommentAction","name":"Comment","target":["https:\/\/lasentinelle.dz\/index.php\/2022\/12\/06\/il-agresse-violemment-un-youtuber-algerien-samuel-etoo-part-en-vrille\/#respond"]}]},{"@type":"WebPage","@id":"https:\/\/lasentinelle.dz\/index.php\/2022\/12\/06\/il-agresse-violemment-un-youtuber-algerien-samuel-etoo-part-en-vrille\/","url":"https:\/\/lasentinelle.dz\/index.php\/2022\/12\/06\/il-agresse-violemment-un-youtuber-algerien-samuel-etoo-part-en-vrille\/","name":"Il agresse violemment un youtuber alg\u00e9rien\u00a0: Samuel Eto&rsquo;o part en vrille\u00a0! - La Sentinelle","isPartOf":{"@id":"https:\/\/lasentinelle.dz\/#website"},"primaryImageOfPage":{"@id":"https:\/\/lasentinelle.dz\/index.php\/2022\/12\/06\/il-agresse-violemment-un-youtuber-algerien-samuel-etoo-part-en-vrille\/#primaryimage"},"image":{"@id":"https:\/\/lasentinelle.dz\/index.php\/2022\/12\/06\/il-agresse-violemment-un-youtuber-algerien-samuel-etoo-part-en-vrille\/#primaryimage"},"thumbnailUrl":"https:\/\/lasentinelle.dz\/wp-content\/uploads\/2022\/12\/Samuel-Etoo.png","datePublished":"2022-12-06T21:08:00+00:00","breadcrumb":{"@id":"https:\/\/lasentinelle.dz\/index.php\/2022\/12\/06\/il-agresse-violemment-un-youtuber-algerien-samuel-etoo-part-en-vrille\/#breadcrumb"},"inLanguage":"fr-FR","potentialAction":[{"@type":"ReadAction","target":["https:\/\/lasentinelle.dz\/index.php\/2022\/12\/06\/il-agresse-violemment-un-youtuber-algerien-samuel-etoo-part-en-vrille\/"]}]},{"@type":"ImageObject","inLanguage":"fr-FR","@id":"https:\/\/lasentinelle.dz\/index.php\/2022\/12\/06\/il-agresse-violemment-un-youtuber-algerien-samuel-etoo-part-en-vrille\/#primaryimage","url":"https:\/\/lasentinelle.dz\/wp-content\/uploads\/2022\/12\/Samuel-Etoo.png","contentUrl":"https:\/\/lasentinelle.dz\/wp-content\/uploads\/2022\/12\/Samuel-Etoo.png","width":1385,"height":900},{"@type":"BreadcrumbList","@id":"https:\/\/lasentinelle.dz\/index.php\/2022\/12\/06\/il-agresse-violemment-un-youtuber-algerien-samuel-etoo-part-en-vrille\/#breadcrumb","itemListElement":[{"@type":"ListItem","position":1,"name":"Accueil","item":"https:\/\/lasentinelle.dz\/"},{"@type":"ListItem","position":2,"name":"Il agresse violemment un youtuber alg\u00e9rien\u00a0: Samuel Eto&rsquo;o part en vrille\u00a0!"}]},{"@type":"WebSite","@id":"https:\/\/lasentinelle.dz\/#website","url":"https:\/\/lasentinelle.dz\/","name":"La Sentinelle","description":"Quotidien national d&#039;information","publisher":{"@id":"https:\/\/lasentinelle.dz\/#organization"},"potentialAction":[{"@type":"SearchAction","target":{"@type":"EntryPoint","urlTemplate":"https:\/\/lasentinelle.dz\/?s={search_term_string}"},"query-input":{"@type":"PropertyValueSpecification","valueRequired":true,"valueName":"search_term_string"}}],"inLanguage":"fr-FR"},{"@type":"Organization","@id":"https:\/\/lasentinelle.dz\/#organization","name":"Quotidien La Sentinelle","url":"https:\/\/lasentinelle.dz\/","logo":{"@type":"ImageObject","inLanguage":"fr-FR","@id":"https:\/\/lasentinelle.dz\/#\/schema\/logo\/image\/","url":"https:\/\/lasentinelle.dz\/wp-content\/uploads\/2021\/09\/logo-sentinelleSLOGAN-1.png","contentUrl":"https:\/\/lasentinelle.dz\/wp-content\/uploads\/2021\/09\/logo-sentinelleSLOGAN-1.png","width":615,"height":142,"caption":"Quotidien La Sentinelle"},"image":{"@id":"https:\/\/lasentinelle.dz\/#\/schema\/logo\/image\/"},"sameAs":["https:\/\/www.facebook.com\/La-Sentinelle-104059864394773"]},{"@type":"Person","@id":"https:\/\/lasentinelle.dz\/#\/schema\/person\/d865044e22e70a75174ce8bcad3acfb3","name":"La Sentinelle","image":{"@type":"ImageObject","inLanguage":"fr-FR","@id":"https:\/\/secure.gravatar.com\/avatar\/57de8e5d4b15d43fb361a71fbb36338450fe67865b528a43dd10ef7c51a20392?s=96&d=mm&r=g","url":"https:\/\/secure.gravatar.com\/avatar\/57de8e5d4b15d43fb361a71fbb36338450fe67865b528a43dd10ef7c51a20392?s=96&d=mm&r=g","contentUrl":"https:\/\/secure.gravatar.com\/avatar\/57de8e5d4b15d43fb361a71fbb36338450fe67865b528a43dd10ef7c51a20392?s=96&d=mm&r=g","caption":"La Sentinelle"},"sameAs":["http:\/\/www.lasentinelle.dz"],"url":"https:\/\/lasentinelle.dz\/author\/redaction\/"}]}},"_links":{"self":[{"href":"https:\/\/lasentinelle.dz\/index.php\/wp-json\/wp\/v2\/posts\/32162","targetHints":{"allow":["GET"]}}],"collection":[{"href":"https:\/\/lasentinelle.dz\/index.php\/wp-json\/wp\/v2\/posts"}],"about":[{"href":"https:\/\/lasentinelle.dz\/index.php\/wp-json\/wp\/v2\/types\/post"}],"author":[{"embeddable":true,"href":"https:\/\/lasentinelle.dz\/index.php\/wp-json\/wp\/v2\/users\/3"}],"replies":[{"embeddable":true,"href":"https:\/\/lasentinelle.dz\/index.php\/wp-json\/wp\/v2\/comments?post=32162"}],"version-history":[{"count":1,"href":"https:\/\/lasentinelle.dz\/index.php\/wp-json\/wp\/v2\/posts\/32162\/revisions"}],"predecessor-version":[{"id":32164,"href":"https:\/\/lasentinelle.dz\/index.php\/wp-json\/wp\/v2\/posts\/32162\/revisions\/32164"}],"wp:featuredmedia":[{"embeddable":true,"href":"https:\/\/lasentinelle.dz\/index.php\/wp-json\/wp\/v2\/media\/32163"}],"wp:attachment":[{"href":"https:\/\/lasentinelle.dz\/index.php\/wp-json\/wp\/v2\/media?parent=32162"}],"wp:term":[{"taxonomy":"category","embeddable":true,"href":"https:\/\/lasentinelle.dz\/index.php\/wp-json\/wp\/v2\/categories?post=32162"},{"taxonomy":"post_tag","embeddable":true,"href":"https:\/\/lasentinelle.dz\/index.php\/wp-json\/wp\/v2\/tags?post=32162"}],"curies":[{"name":"wp","href":"https:\/\/api.w.org\/{rel}","templated":true}]}}