{"id":3231,"date":"2021-08-03T00:01:00","date_gmt":"2021-08-02T23:01:00","guid":{"rendered":"https:\/\/lasentinelle.dz\/?p=3231"},"modified":"2021-08-02T17:22:42","modified_gmt":"2021-08-02T16:22:42","slug":"mc-alger-un-centenaire-sous-le-signe-de-la-solidarite","status":"publish","type":"post","link":"https:\/\/lasentinelle.dz\/index.php\/2021\/08\/03\/mc-alger-un-centenaire-sous-le-signe-de-la-solidarite\/","title":{"rendered":"MC Alger : Un centenaire sous le signe de la solidarit\u00e9"},"content":{"rendered":"\n<p>Les supporters du MC Alger, le club le plus populaire du pays, ont renonc\u00e9 \u00e0 f\u00eater le prochain centenaire de leur \u00e9curie afin de reverser l&rsquo;argent r\u00e9colt\u00e9 pour fournir des bouteilles d&rsquo;oxyg\u00e8ne aux patients de Covid-19. \u00ab Ce centenaire sera celui du \u2019\u2019Mouloudia de l&rsquo;oxyg\u00e8ne\u2019\u2019 \u00e0 travers une grande action de solidarit\u00e9 \u00bb, a d\u00e9clar\u00e9 le vice-pr\u00e9sident du comit\u00e9 de supporters du MCA, cit\u00e9 par l\u2019AFP. Lors d&rsquo;une r\u00e9cente r\u00e9union pr\u00e9paratoire \u00e0 cet anniversaire, les supporters alg\u00e9rois ont d\u00e9cid\u00e9, devant l&rsquo;ampleur de la crise sanitaire en Alg\u00e9rie, de donner la priorit\u00e9 aux malades en leur offrant un maximum de bouteilles d&rsquo;oxyg\u00e8ne et \u00e9ventuellement des m\u00e9dicaments. Ils ont choisi de reverser les sommes collect\u00e9es individuellement par les ultras et les bienfaiteurs du club pour l&rsquo;anniversaire \u00ab au profit des malades de Covid-19 avant le 7 ao\u00fbt \u00bb, la date du centenaire du MCA. Depuis jeudi dernier, les pages Internet de supporters du MCA se font l&rsquo;\u00e9cho de cette initiative. L&rsquo;argent qui devait servir \u00e0 la f\u00eate sera utilis\u00e9 pour l&rsquo;achat de concentrateurs d&rsquo;oxyg\u00e8ne, promet la page Facebook \u00ab 100% Mouloudia \u00bb, qui r\u00e9unit plus de 200 000 abonn\u00e9s fans des Vert et Rouge. Il s&rsquo;agira de \u00ab la plus merveilleuse c\u00e9l\u00e9bration centenaire d&rsquo;un club au monde. Ce sont les valeurs et les principes de notre \u00e9quipe depuis sa cr\u00e9ation il y a 100 ans \u00bb, selon un post. Cr\u00e9\u00e9 le 7 ao\u00fbt 1921, \u00e0 l&rsquo;\u00e9poque coloniale, et bas\u00e9 \u00e0 Bal El Oued, quartier populaire d&rsquo;Alger, le Mouloudia est surnomm\u00e9 \u00ab le club du peuple \u00bb. Il est l&rsquo;une des \u00e9quipes les plus cap\u00e9es du championnat professionnel d&rsquo;Alg\u00e9rie. \u00ab C\u00e9l\u00e9brer le centenaire alors que le peuple alg\u00e9rien traverse une situation dramatique serait honteux et stigmatiserait les supporters de notre club \u00bb, lit-on encore dans ce post. Chaque ann\u00e9e, les Mouloud\u00e9ens c\u00e9l\u00e8brent l&rsquo;anniversaire de leur club avec un craquage de fumig\u00e8nes et un feu d&rsquo;artifice \u00e0 Bab El Oued. L&rsquo;Alg\u00e9rie est confront\u00e9e \u00e0 une troisi\u00e8me vague de Covid-19, qui se traduit par une p\u00e9nurie d&rsquo;oxyg\u00e8ne pour les particuliers et certains h\u00f4pitaux en raison de probl\u00e8mes de gestion des stocks et de distribution. Un peu partout, des b\u00e9n\u00e9voles ont commenc\u00e9 \u00e0 s&rsquo;organiser pour soulager les malades. Certains entrepreneurs distribuent gratuitement des bouteilles d&rsquo;oxyg\u00e8ne.<\/p>\n\n\n\n<p>R. S.<\/p>\n","protected":false},"excerpt":{"rendered":"<p>Les supporters du MC Alger, le club le plus populaire du pays, ont renonc\u00e9 \u00e0 f\u00eater le prochain centenaire de<\/p>\n","protected":false},"author":3,"featured_media":3236,"comment_status":"open","ping_status":"closed","sticky":false,"template":"","format":"standard","meta":{"colormag_page_container_layout":"default_layout","colormag_page_sidebar_layout":"default_layout","om_disable_all_campaigns":false,"_monsterinsights_skip_tracking":false,"_monsterinsights_sitenote_active":false,"_monsterinsights_sitenote_note":"","_monsterinsights_sitenote_category":0,"footnotes":"","_wpscppro_dont_share_socialmedia":false,"_wpscppro_custom_social_share_image":0,"_facebook_share_type":"","_twitter_share_type":"","_linkedin_share_type":"","_pinterest_share_type":"","_linkedin_share_type_page":"","_instagram_share_type":"","_medium_share_type":"","_threads_share_type":"","_google_business_share_type":"","_selected_social_profile":[],"_wpsp_enable_custom_social_template":false,"_wpsp_social_scheduling":{"enabled":false,"datetime":null,"platforms":[],"status":"template_only","dateOption":"today","timeOption":"now","customDays":"","customHours":"","customDate":"","customTime":"","schedulingType":"absolute"},"_wpsp_active_default_template":true},"categories":[33],"tags":[],"class_list":["post-3231","post","type-post","status-publish","format-standard","has-post-thumbnail","hentry","category-sports"],"aioseo_notices":[],"yoast_head":"<!-- This site is optimized with the Yoast SEO plugin v27.5 - https:\/\/yoast.com\/product\/yoast-seo-wordpress\/ -->\n<title>MC Alger : Un centenaire sous le signe de la solidarit\u00e9 - La Sentinelle<\/title>\n<meta name=\"robots\" content=\"index, follow, max-snippet:-1, max-image-preview:large, max-video-preview:-1\" \/>\n<link rel=\"canonical\" href=\"https:\/\/lasentinelle.dz\/index.php\/2021\/08\/03\/mc-alger-un-centenaire-sous-le-signe-de-la-solidarite\/\" \/>\n<meta property=\"og:locale\" content=\"fr_FR\" \/>\n<meta property=\"og:type\" content=\"article\" \/>\n<meta property=\"og:title\" content=\"MC Alger : Un centenaire sous le signe de la solidarit\u00e9 - La Sentinelle\" \/>\n<meta property=\"og:description\" content=\"Les supporters du MC Alger, le club le plus populaire du pays, ont renonc\u00e9 \u00e0 f\u00eater le prochain centenaire de\" \/>\n<meta property=\"og:url\" content=\"https:\/\/lasentinelle.dz\/index.php\/2021\/08\/03\/mc-alger-un-centenaire-sous-le-signe-de-la-solidarite\/\" \/>\n<meta property=\"og:site_name\" content=\"La Sentinelle\" \/>\n<meta property=\"article:publisher\" content=\"https:\/\/www.facebook.com\/La-Sentinelle-104059864394773\" \/>\n<meta property=\"article:published_time\" content=\"2021-08-02T23:01:00+00:00\" \/>\n<meta property=\"og:image\" content=\"https:\/\/lasentinelle.dz\/wp-content\/uploads\/2021\/08\/mca-1024x546.png\" \/>\n\t<meta property=\"og:image:width\" content=\"1024\" \/>\n\t<meta property=\"og:image:height\" content=\"546\" \/>\n\t<meta property=\"og:image:type\" content=\"image\/png\" \/>\n<meta name=\"author\" content=\"La Sentinelle\" \/>\n<meta name=\"twitter:card\" content=\"summary_large_image\" \/>\n<meta name=\"twitter:label1\" content=\"\u00c9crit par\" \/>\n\t<meta name=\"twitter:data1\" content=\"La Sentinelle\" \/>\n\t<meta name=\"twitter:label2\" content=\"Dur\u00e9e de lecture estim\u00e9e\" \/>\n\t<meta name=\"twitter:data2\" content=\"2 minutes\" \/>\n<script type=\"application\/ld+json\" class=\"yoast-schema-graph\">{\"@context\":\"https:\\\/\\\/schema.org\",\"@graph\":[{\"@type\":\"Article\",\"@id\":\"https:\\\/\\\/lasentinelle.dz\\\/index.php\\\/2021\\\/08\\\/03\\\/mc-alger-un-centenaire-sous-le-signe-de-la-solidarite\\\/#article\",\"isPartOf\":{\"@id\":\"https:\\\/\\\/lasentinelle.dz\\\/index.php\\\/2021\\\/08\\\/03\\\/mc-alger-un-centenaire-sous-le-signe-de-la-solidarite\\\/\"},\"author\":{\"name\":\"La Sentinelle\",\"@id\":\"https:\\\/\\\/lasentinelle.dz\\\/#\\\/schema\\\/person\\\/d865044e22e70a75174ce8bcad3acfb3\"},\"headline\":\"MC Alger : Un centenaire sous le signe de la solidarit\u00e9\",\"datePublished\":\"2021-08-02T23:01:00+00:00\",\"mainEntityOfPage\":{\"@id\":\"https:\\\/\\\/lasentinelle.dz\\\/index.php\\\/2021\\\/08\\\/03\\\/mc-alger-un-centenaire-sous-le-signe-de-la-solidarite\\\/\"},\"wordCount\":421,\"commentCount\":0,\"publisher\":{\"@id\":\"https:\\\/\\\/lasentinelle.dz\\\/#organization\"},\"image\":{\"@id\":\"https:\\\/\\\/lasentinelle.dz\\\/index.php\\\/2021\\\/08\\\/03\\\/mc-alger-un-centenaire-sous-le-signe-de-la-solidarite\\\/#primaryimage\"},\"thumbnailUrl\":\"https:\\\/\\\/lasentinelle.dz\\\/wp-content\\\/uploads\\\/2021\\\/08\\\/mca.png\",\"articleSection\":[\"Sports\"],\"inLanguage\":\"fr-FR\",\"potentialAction\":[{\"@type\":\"CommentAction\",\"name\":\"Comment\",\"target\":[\"https:\\\/\\\/lasentinelle.dz\\\/index.php\\\/2021\\\/08\\\/03\\\/mc-alger-un-centenaire-sous-le-signe-de-la-solidarite\\\/#respond\"]}]},{\"@type\":\"WebPage\",\"@id\":\"https:\\\/\\\/lasentinelle.dz\\\/index.php\\\/2021\\\/08\\\/03\\\/mc-alger-un-centenaire-sous-le-signe-de-la-solidarite\\\/\",\"url\":\"https:\\\/\\\/lasentinelle.dz\\\/index.php\\\/2021\\\/08\\\/03\\\/mc-alger-un-centenaire-sous-le-signe-de-la-solidarite\\\/\",\"name\":\"MC Alger : Un centenaire sous le signe de la solidarit\u00e9 - La Sentinelle\",\"isPartOf\":{\"@id\":\"https:\\\/\\\/lasentinelle.dz\\\/#website\"},\"primaryImageOfPage\":{\"@id\":\"https:\\\/\\\/lasentinelle.dz\\\/index.php\\\/2021\\\/08\\\/03\\\/mc-alger-un-centenaire-sous-le-signe-de-la-solidarite\\\/#primaryimage\"},\"image\":{\"@id\":\"https:\\\/\\\/lasentinelle.dz\\\/index.php\\\/2021\\\/08\\\/03\\\/mc-alger-un-centenaire-sous-le-signe-de-la-solidarite\\\/#primaryimage\"},\"thumbnailUrl\":\"https:\\\/\\\/lasentinelle.dz\\\/wp-content\\\/uploads\\\/2021\\\/08\\\/mca.png\",\"datePublished\":\"2021-08-02T23:01:00+00:00\",\"breadcrumb\":{\"@id\":\"https:\\\/\\\/lasentinelle.dz\\\/index.php\\\/2021\\\/08\\\/03\\\/mc-alger-un-centenaire-sous-le-signe-de-la-solidarite\\\/#breadcrumb\"},\"inLanguage\":\"fr-FR\",\"potentialAction\":[{\"@type\":\"ReadAction\",\"target\":[\"https:\\\/\\\/lasentinelle.dz\\\/index.php\\\/2021\\\/08\\\/03\\\/mc-alger-un-centenaire-sous-le-signe-de-la-solidarite\\\/\"]}]},{\"@type\":\"ImageObject\",\"inLanguage\":\"fr-FR\",\"@id\":\"https:\\\/\\\/lasentinelle.dz\\\/index.php\\\/2021\\\/08\\\/03\\\/mc-alger-un-centenaire-sous-le-signe-de-la-solidarite\\\/#primaryimage\",\"url\":\"https:\\\/\\\/lasentinelle.dz\\\/wp-content\\\/uploads\\\/2021\\\/08\\\/mca.png\",\"contentUrl\":\"https:\\\/\\\/lasentinelle.dz\\\/wp-content\\\/uploads\\\/2021\\\/08\\\/mca.png\",\"width\":1688,\"height\":900},{\"@type\":\"BreadcrumbList\",\"@id\":\"https:\\\/\\\/lasentinelle.dz\\\/index.php\\\/2021\\\/08\\\/03\\\/mc-alger-un-centenaire-sous-le-signe-de-la-solidarite\\\/#breadcrumb\",\"itemListElement\":[{\"@type\":\"ListItem\",\"position\":1,\"name\":\"Accueil\",\"item\":\"https:\\\/\\\/lasentinelle.dz\\\/\"},{\"@type\":\"ListItem\",\"position\":2,\"name\":\"MC Alger : Un centenaire sous le signe de la solidarit\u00e9\"}]},{\"@type\":\"WebSite\",\"@id\":\"https:\\\/\\\/lasentinelle.dz\\\/#website\",\"url\":\"https:\\\/\\\/lasentinelle.dz\\\/\",\"name\":\"La Sentinelle\",\"description\":\"Quotidien national d&#039;information\",\"publisher\":{\"@id\":\"https:\\\/\\\/lasentinelle.dz\\\/#organization\"},\"potentialAction\":[{\"@type\":\"SearchAction\",\"target\":{\"@type\":\"EntryPoint\",\"urlTemplate\":\"https:\\\/\\\/lasentinelle.dz\\\/?s={search_term_string}\"},\"query-input\":{\"@type\":\"PropertyValueSpecification\",\"valueRequired\":true,\"valueName\":\"search_term_string\"}}],\"inLanguage\":\"fr-FR\"},{\"@type\":\"Organization\",\"@id\":\"https:\\\/\\\/lasentinelle.dz\\\/#organization\",\"name\":\"Quotidien La Sentinelle\",\"url\":\"https:\\\/\\\/lasentinelle.dz\\\/\",\"logo\":{\"@type\":\"ImageObject\",\"inLanguage\":\"fr-FR\",\"@id\":\"https:\\\/\\\/lasentinelle.dz\\\/#\\\/schema\\\/logo\\\/image\\\/\",\"url\":\"https:\\\/\\\/lasentinelle.dz\\\/wp-content\\\/uploads\\\/2021\\\/09\\\/logo-sentinelleSLOGAN-1.png\",\"contentUrl\":\"https:\\\/\\\/lasentinelle.dz\\\/wp-content\\\/uploads\\\/2021\\\/09\\\/logo-sentinelleSLOGAN-1.png\",\"width\":615,\"height\":142,\"caption\":\"Quotidien La Sentinelle\"},\"image\":{\"@id\":\"https:\\\/\\\/lasentinelle.dz\\\/#\\\/schema\\\/logo\\\/image\\\/\"},\"sameAs\":[\"https:\\\/\\\/www.facebook.com\\\/La-Sentinelle-104059864394773\"]},{\"@type\":\"Person\",\"@id\":\"https:\\\/\\\/lasentinelle.dz\\\/#\\\/schema\\\/person\\\/d865044e22e70a75174ce8bcad3acfb3\",\"name\":\"La Sentinelle\",\"image\":{\"@type\":\"ImageObject\",\"inLanguage\":\"fr-FR\",\"@id\":\"https:\\\/\\\/secure.gravatar.com\\\/avatar\\\/57de8e5d4b15d43fb361a71fbb36338450fe67865b528a43dd10ef7c51a20392?s=96&d=mm&r=g\",\"url\":\"https:\\\/\\\/secure.gravatar.com\\\/avatar\\\/57de8e5d4b15d43fb361a71fbb36338450fe67865b528a43dd10ef7c51a20392?s=96&d=mm&r=g\",\"contentUrl\":\"https:\\\/\\\/secure.gravatar.com\\\/avatar\\\/57de8e5d4b15d43fb361a71fbb36338450fe67865b528a43dd10ef7c51a20392?s=96&d=mm&r=g\",\"caption\":\"La Sentinelle\"},\"sameAs\":[\"http:\\\/\\\/www.lasentinelle.dz\"],\"url\":\"https:\\\/\\\/lasentinelle.dz\\\/author\\\/redaction\\\/\"}]}<\/script>\n<!-- \/ Yoast SEO plugin. -->","yoast_head_json":{"title":"MC Alger : Un centenaire sous le signe de la solidarit\u00e9 - La Sentinelle","robots":{"index":"index","follow":"follow","max-snippet":"max-snippet:-1","max-image-preview":"max-image-preview:large","max-video-preview":"max-video-preview:-1"},"canonical":"https:\/\/lasentinelle.dz\/index.php\/2021\/08\/03\/mc-alger-un-centenaire-sous-le-signe-de-la-solidarite\/","og_locale":"fr_FR","og_type":"article","og_title":"MC Alger : Un centenaire sous le signe de la solidarit\u00e9 - La Sentinelle","og_description":"Les supporters du MC Alger, le club le plus populaire du pays, ont renonc\u00e9 \u00e0 f\u00eater le prochain centenaire de","og_url":"https:\/\/lasentinelle.dz\/index.php\/2021\/08\/03\/mc-alger-un-centenaire-sous-le-signe-de-la-solidarite\/","og_site_name":"La Sentinelle","article_publisher":"https:\/\/www.facebook.com\/La-Sentinelle-104059864394773","article_published_time":"2021-08-02T23:01:00+00:00","og_image":[{"width":1024,"height":546,"url":"https:\/\/lasentinelle.dz\/wp-content\/uploads\/2021\/08\/mca-1024x546.png","type":"image\/png"}],"author":"La Sentinelle","twitter_card":"summary_large_image","twitter_misc":{"\u00c9crit par":"La Sentinelle","Dur\u00e9e de lecture estim\u00e9e":"2 minutes"},"schema":{"@context":"https:\/\/schema.org","@graph":[{"@type":"Article","@id":"https:\/\/lasentinelle.dz\/index.php\/2021\/08\/03\/mc-alger-un-centenaire-sous-le-signe-de-la-solidarite\/#article","isPartOf":{"@id":"https:\/\/lasentinelle.dz\/index.php\/2021\/08\/03\/mc-alger-un-centenaire-sous-le-signe-de-la-solidarite\/"},"author":{"name":"La Sentinelle","@id":"https:\/\/lasentinelle.dz\/#\/schema\/person\/d865044e22e70a75174ce8bcad3acfb3"},"headline":"MC Alger : Un centenaire sous le signe de la solidarit\u00e9","datePublished":"2021-08-02T23:01:00+00:00","mainEntityOfPage":{"@id":"https:\/\/lasentinelle.dz\/index.php\/2021\/08\/03\/mc-alger-un-centenaire-sous-le-signe-de-la-solidarite\/"},"wordCount":421,"commentCount":0,"publisher":{"@id":"https:\/\/lasentinelle.dz\/#organization"},"image":{"@id":"https:\/\/lasentinelle.dz\/index.php\/2021\/08\/03\/mc-alger-un-centenaire-sous-le-signe-de-la-solidarite\/#primaryimage"},"thumbnailUrl":"https:\/\/lasentinelle.dz\/wp-content\/uploads\/2021\/08\/mca.png","articleSection":["Sports"],"inLanguage":"fr-FR","potentialAction":[{"@type":"CommentAction","name":"Comment","target":["https:\/\/lasentinelle.dz\/index.php\/2021\/08\/03\/mc-alger-un-centenaire-sous-le-signe-de-la-solidarite\/#respond"]}]},{"@type":"WebPage","@id":"https:\/\/lasentinelle.dz\/index.php\/2021\/08\/03\/mc-alger-un-centenaire-sous-le-signe-de-la-solidarite\/","url":"https:\/\/lasentinelle.dz\/index.php\/2021\/08\/03\/mc-alger-un-centenaire-sous-le-signe-de-la-solidarite\/","name":"MC Alger : Un centenaire sous le signe de la solidarit\u00e9 - La Sentinelle","isPartOf":{"@id":"https:\/\/lasentinelle.dz\/#website"},"primaryImageOfPage":{"@id":"https:\/\/lasentinelle.dz\/index.php\/2021\/08\/03\/mc-alger-un-centenaire-sous-le-signe-de-la-solidarite\/#primaryimage"},"image":{"@id":"https:\/\/lasentinelle.dz\/index.php\/2021\/08\/03\/mc-alger-un-centenaire-sous-le-signe-de-la-solidarite\/#primaryimage"},"thumbnailUrl":"https:\/\/lasentinelle.dz\/wp-content\/uploads\/2021\/08\/mca.png","datePublished":"2021-08-02T23:01:00+00:00","breadcrumb":{"@id":"https:\/\/lasentinelle.dz\/index.php\/2021\/08\/03\/mc-alger-un-centenaire-sous-le-signe-de-la-solidarite\/#breadcrumb"},"inLanguage":"fr-FR","potentialAction":[{"@type":"ReadAction","target":["https:\/\/lasentinelle.dz\/index.php\/2021\/08\/03\/mc-alger-un-centenaire-sous-le-signe-de-la-solidarite\/"]}]},{"@type":"ImageObject","inLanguage":"fr-FR","@id":"https:\/\/lasentinelle.dz\/index.php\/2021\/08\/03\/mc-alger-un-centenaire-sous-le-signe-de-la-solidarite\/#primaryimage","url":"https:\/\/lasentinelle.dz\/wp-content\/uploads\/2021\/08\/mca.png","contentUrl":"https:\/\/lasentinelle.dz\/wp-content\/uploads\/2021\/08\/mca.png","width":1688,"height":900},{"@type":"BreadcrumbList","@id":"https:\/\/lasentinelle.dz\/index.php\/2021\/08\/03\/mc-alger-un-centenaire-sous-le-signe-de-la-solidarite\/#breadcrumb","itemListElement":[{"@type":"ListItem","position":1,"name":"Accueil","item":"https:\/\/lasentinelle.dz\/"},{"@type":"ListItem","position":2,"name":"MC Alger : Un centenaire sous le signe de la solidarit\u00e9"}]},{"@type":"WebSite","@id":"https:\/\/lasentinelle.dz\/#website","url":"https:\/\/lasentinelle.dz\/","name":"La Sentinelle","description":"Quotidien national d&#039;information","publisher":{"@id":"https:\/\/lasentinelle.dz\/#organization"},"potentialAction":[{"@type":"SearchAction","target":{"@type":"EntryPoint","urlTemplate":"https:\/\/lasentinelle.dz\/?s={search_term_string}"},"query-input":{"@type":"PropertyValueSpecification","valueRequired":true,"valueName":"search_term_string"}}],"inLanguage":"fr-FR"},{"@type":"Organization","@id":"https:\/\/lasentinelle.dz\/#organization","name":"Quotidien La Sentinelle","url":"https:\/\/lasentinelle.dz\/","logo":{"@type":"ImageObject","inLanguage":"fr-FR","@id":"https:\/\/lasentinelle.dz\/#\/schema\/logo\/image\/","url":"https:\/\/lasentinelle.dz\/wp-content\/uploads\/2021\/09\/logo-sentinelleSLOGAN-1.png","contentUrl":"https:\/\/lasentinelle.dz\/wp-content\/uploads\/2021\/09\/logo-sentinelleSLOGAN-1.png","width":615,"height":142,"caption":"Quotidien La Sentinelle"},"image":{"@id":"https:\/\/lasentinelle.dz\/#\/schema\/logo\/image\/"},"sameAs":["https:\/\/www.facebook.com\/La-Sentinelle-104059864394773"]},{"@type":"Person","@id":"https:\/\/lasentinelle.dz\/#\/schema\/person\/d865044e22e70a75174ce8bcad3acfb3","name":"La Sentinelle","image":{"@type":"ImageObject","inLanguage":"fr-FR","@id":"https:\/\/secure.gravatar.com\/avatar\/57de8e5d4b15d43fb361a71fbb36338450fe67865b528a43dd10ef7c51a20392?s=96&d=mm&r=g","url":"https:\/\/secure.gravatar.com\/avatar\/57de8e5d4b15d43fb361a71fbb36338450fe67865b528a43dd10ef7c51a20392?s=96&d=mm&r=g","contentUrl":"https:\/\/secure.gravatar.com\/avatar\/57de8e5d4b15d43fb361a71fbb36338450fe67865b528a43dd10ef7c51a20392?s=96&d=mm&r=g","caption":"La Sentinelle"},"sameAs":["http:\/\/www.lasentinelle.dz"],"url":"https:\/\/lasentinelle.dz\/author\/redaction\/"}]}},"_links":{"self":[{"href":"https:\/\/lasentinelle.dz\/index.php\/wp-json\/wp\/v2\/posts\/3231","targetHints":{"allow":["GET"]}}],"collection":[{"href":"https:\/\/lasentinelle.dz\/index.php\/wp-json\/wp\/v2\/posts"}],"about":[{"href":"https:\/\/lasentinelle.dz\/index.php\/wp-json\/wp\/v2\/types\/post"}],"author":[{"embeddable":true,"href":"https:\/\/lasentinelle.dz\/index.php\/wp-json\/wp\/v2\/users\/3"}],"replies":[{"embeddable":true,"href":"https:\/\/lasentinelle.dz\/index.php\/wp-json\/wp\/v2\/comments?post=3231"}],"version-history":[{"count":1,"href":"https:\/\/lasentinelle.dz\/index.php\/wp-json\/wp\/v2\/posts\/3231\/revisions"}],"predecessor-version":[{"id":3239,"href":"https:\/\/lasentinelle.dz\/index.php\/wp-json\/wp\/v2\/posts\/3231\/revisions\/3239"}],"wp:featuredmedia":[{"embeddable":true,"href":"https:\/\/lasentinelle.dz\/index.php\/wp-json\/wp\/v2\/media\/3236"}],"wp:attachment":[{"href":"https:\/\/lasentinelle.dz\/index.php\/wp-json\/wp\/v2\/media?parent=3231"}],"wp:term":[{"taxonomy":"category","embeddable":true,"href":"https:\/\/lasentinelle.dz\/index.php\/wp-json\/wp\/v2\/categories?post=3231"},{"taxonomy":"post_tag","embeddable":true,"href":"https:\/\/lasentinelle.dz\/index.php\/wp-json\/wp\/v2\/tags?post=3231"}],"curies":[{"name":"wp","href":"https:\/\/api.w.org\/{rel}","templated":true}]}}