{"id":32314,"date":"2022-12-10T22:00:00","date_gmt":"2022-12-10T21:00:00","guid":{"rendered":"https:\/\/lasentinelle.dz\/?p=32314"},"modified":"2022-12-10T17:45:29","modified_gmt":"2022-12-10T16:45:29","slug":"chan-2022-preparation-le-senegal-et-la-mauritanie-au-programme-de-la-selection-a","status":"publish","type":"post","link":"https:\/\/lasentinelle.dz\/index.php\/2022\/12\/10\/chan-2022-preparation-le-senegal-et-la-mauritanie-au-programme-de-la-selection-a\/","title":{"rendered":"CHAN-2022 (pr\u00e9paration)\u00a0: Le S\u00e9n\u00e9gal et la Mauritanie au programme de la s\u00e9lection A&rsquo;"},"content":{"rendered":"\n<p>L&rsquo;\u00e9quipe nationale A&rsquo;, compos\u00e9e de joueurs locaux, disputera deux matchs amicaux : le 14 d\u00e9cembre face \u00e0 la Mauritanie au stade Miloud Hadefi d&rsquo;Oran (20h00) et le 17 d\u00e9cembre contre le S\u00e9n\u00e9gal au nouveau stade de Baraki, \u00e0 huis clos, a indiqu\u00e9 samedi la F\u00e9d\u00e9ration alg\u00e9rienne (FAF) dans un communiqu\u00e9 sur son site officiel.L&rsquo;organisation des deux rencontres intervient dans le cadre d&rsquo;un stage pr\u00e9paratoire pr\u00e9vu du 11 au 18 d\u00e9cembre \u00e0 Alger, en vue Championnat d&rsquo;Afrique des nations CHAN-2022 (report\u00e9 \u00e0 2023, NDLR) pr\u00e9vu en Alg\u00e9rie (13 janvier-4 f\u00e9vrier).Les joueurs du s\u00e9lectionneur national Madjid Bougherra ont effectu\u00e9 en novembre un stage de deux semaines aux Emirats arabes unis, avec au menu trois matchs amicaux contre la Syrie (1-0), la Sierra-Leone (3-0), et le Kowe\u00eft (d\u00e9faite 1-0). Lors du CHAN, l&rsquo;Alg\u00e9rie \u00e9voluera dans le groupe A, domicili\u00e9 au stade de Baraki, en compagnie de la Libye, de l&rsquo;Ethiopie et du Mozambique. Les Alg\u00e9riens entameront le tournoi le vendredi 13 janvier face \u00e0 la Libye (17h00).Pour rappel, les 18 pays participant \u00e0 cette comp\u00e9tition ont \u00e9t\u00e9 scind\u00e9s en trois groupes de quatre et deux groupes de trois. Les deux premiers des groupes A, B, et C, ainsi que les premiers des groupes D et E se qualifieront pour les quarts de finale.<\/p>\n\n\n\n<p>APS<\/p>\n","protected":false},"excerpt":{"rendered":"<p>L&rsquo;\u00e9quipe nationale A&rsquo;, compos\u00e9e de joueurs locaux, disputera deux matchs amicaux : le 14 d\u00e9cembre face \u00e0 la Mauritanie au<\/p>\n","protected":false},"author":3,"featured_media":32315,"comment_status":"open","ping_status":"closed","sticky":false,"template":"","format":"standard","meta":{"colormag_page_container_layout":"default_layout","colormag_page_sidebar_layout":"default_layout","om_disable_all_campaigns":false,"_monsterinsights_skip_tracking":false,"_monsterinsights_sitenote_active":false,"_monsterinsights_sitenote_note":"","_monsterinsights_sitenote_category":0,"footnotes":"","_wpscppro_dont_share_socialmedia":false,"_wpscppro_custom_social_share_image":0,"_facebook_share_type":"","_twitter_share_type":"","_linkedin_share_type":"","_pinterest_share_type":"","_linkedin_share_type_page":"","_instagram_share_type":"","_medium_share_type":"","_threads_share_type":"","_google_business_share_type":"","_selected_social_profile":[],"_wpsp_enable_custom_social_template":false,"_wpsp_social_scheduling":{"enabled":false,"datetime":null,"platforms":[],"status":"template_only","dateOption":"today","timeOption":"now","customDays":"","customHours":"","customDate":"","customTime":"","schedulingType":"absolute"},"_wpsp_active_default_template":true},"categories":[33],"tags":[],"class_list":["post-32314","post","type-post","status-publish","format-standard","has-post-thumbnail","hentry","category-sports"],"aioseo_notices":[],"yoast_head":"<!-- This site is optimized with the Yoast SEO plugin v27.4 - https:\/\/yoast.com\/product\/yoast-seo-wordpress\/ -->\n<title>CHAN-2022 (pr\u00e9paration)\u00a0: Le S\u00e9n\u00e9gal et la Mauritanie au programme de la s\u00e9lection A&rsquo; - La Sentinelle<\/title>\n<meta name=\"robots\" content=\"index, follow, max-snippet:-1, max-image-preview:large, max-video-preview:-1\" \/>\n<link rel=\"canonical\" href=\"https:\/\/lasentinelle.dz\/index.php\/2022\/12\/10\/chan-2022-preparation-le-senegal-et-la-mauritanie-au-programme-de-la-selection-a\/\" \/>\n<meta property=\"og:locale\" content=\"fr_FR\" \/>\n<meta property=\"og:type\" content=\"article\" \/>\n<meta property=\"og:title\" content=\"CHAN-2022 (pr\u00e9paration)\u00a0: Le S\u00e9n\u00e9gal et la Mauritanie au programme de la s\u00e9lection A&rsquo; - La Sentinelle\" \/>\n<meta property=\"og:description\" content=\"L&rsquo;\u00e9quipe nationale A&rsquo;, compos\u00e9e de joueurs locaux, disputera deux matchs amicaux : le 14 d\u00e9cembre face \u00e0 la Mauritanie au\" \/>\n<meta property=\"og:url\" content=\"https:\/\/lasentinelle.dz\/index.php\/2022\/12\/10\/chan-2022-preparation-le-senegal-et-la-mauritanie-au-programme-de-la-selection-a\/\" \/>\n<meta property=\"og:site_name\" content=\"La Sentinelle\" \/>\n<meta property=\"article:publisher\" content=\"https:\/\/www.facebook.com\/La-Sentinelle-104059864394773\" \/>\n<meta property=\"article:published_time\" content=\"2022-12-10T21:00:00+00:00\" \/>\n<meta property=\"og:image\" content=\"https:\/\/lasentinelle.dz\/wp-content\/uploads\/2022\/12\/locaux-1-1024x683.png\" \/>\n\t<meta property=\"og:image:width\" content=\"1024\" \/>\n\t<meta property=\"og:image:height\" content=\"683\" \/>\n\t<meta property=\"og:image:type\" content=\"image\/png\" \/>\n<meta name=\"author\" content=\"La Sentinelle\" \/>\n<meta name=\"twitter:card\" content=\"summary_large_image\" \/>\n<meta name=\"twitter:label1\" content=\"\u00c9crit par\" \/>\n\t<meta name=\"twitter:data1\" content=\"La Sentinelle\" \/>\n\t<meta name=\"twitter:label2\" content=\"Dur\u00e9e de lecture estim\u00e9e\" \/>\n\t<meta name=\"twitter:data2\" content=\"2 minutes\" \/>\n<script type=\"application\/ld+json\" class=\"yoast-schema-graph\">{\"@context\":\"https:\\\/\\\/schema.org\",\"@graph\":[{\"@type\":\"Article\",\"@id\":\"https:\\\/\\\/lasentinelle.dz\\\/index.php\\\/2022\\\/12\\\/10\\\/chan-2022-preparation-le-senegal-et-la-mauritanie-au-programme-de-la-selection-a\\\/#article\",\"isPartOf\":{\"@id\":\"https:\\\/\\\/lasentinelle.dz\\\/index.php\\\/2022\\\/12\\\/10\\\/chan-2022-preparation-le-senegal-et-la-mauritanie-au-programme-de-la-selection-a\\\/\"},\"author\":{\"name\":\"La Sentinelle\",\"@id\":\"https:\\\/\\\/lasentinelle.dz\\\/#\\\/schema\\\/person\\\/d865044e22e70a75174ce8bcad3acfb3\"},\"headline\":\"CHAN-2022 (pr\u00e9paration)\u00a0: Le S\u00e9n\u00e9gal et la Mauritanie au programme de la s\u00e9lection A&rsquo;\",\"datePublished\":\"2022-12-10T21:00:00+00:00\",\"mainEntityOfPage\":{\"@id\":\"https:\\\/\\\/lasentinelle.dz\\\/index.php\\\/2022\\\/12\\\/10\\\/chan-2022-preparation-le-senegal-et-la-mauritanie-au-programme-de-la-selection-a\\\/\"},\"wordCount\":245,\"commentCount\":0,\"publisher\":{\"@id\":\"https:\\\/\\\/lasentinelle.dz\\\/#organization\"},\"image\":{\"@id\":\"https:\\\/\\\/lasentinelle.dz\\\/index.php\\\/2022\\\/12\\\/10\\\/chan-2022-preparation-le-senegal-et-la-mauritanie-au-programme-de-la-selection-a\\\/#primaryimage\"},\"thumbnailUrl\":\"https:\\\/\\\/lasentinelle.dz\\\/wp-content\\\/uploads\\\/2022\\\/12\\\/locaux-1.png\",\"articleSection\":[\"Sports\"],\"inLanguage\":\"fr-FR\",\"potentialAction\":[{\"@type\":\"CommentAction\",\"name\":\"Comment\",\"target\":[\"https:\\\/\\\/lasentinelle.dz\\\/index.php\\\/2022\\\/12\\\/10\\\/chan-2022-preparation-le-senegal-et-la-mauritanie-au-programme-de-la-selection-a\\\/#respond\"]}]},{\"@type\":\"WebPage\",\"@id\":\"https:\\\/\\\/lasentinelle.dz\\\/index.php\\\/2022\\\/12\\\/10\\\/chan-2022-preparation-le-senegal-et-la-mauritanie-au-programme-de-la-selection-a\\\/\",\"url\":\"https:\\\/\\\/lasentinelle.dz\\\/index.php\\\/2022\\\/12\\\/10\\\/chan-2022-preparation-le-senegal-et-la-mauritanie-au-programme-de-la-selection-a\\\/\",\"name\":\"CHAN-2022 (pr\u00e9paration)\u00a0: Le S\u00e9n\u00e9gal et la Mauritanie au programme de la s\u00e9lection A&rsquo; - La Sentinelle\",\"isPartOf\":{\"@id\":\"https:\\\/\\\/lasentinelle.dz\\\/#website\"},\"primaryImageOfPage\":{\"@id\":\"https:\\\/\\\/lasentinelle.dz\\\/index.php\\\/2022\\\/12\\\/10\\\/chan-2022-preparation-le-senegal-et-la-mauritanie-au-programme-de-la-selection-a\\\/#primaryimage\"},\"image\":{\"@id\":\"https:\\\/\\\/lasentinelle.dz\\\/index.php\\\/2022\\\/12\\\/10\\\/chan-2022-preparation-le-senegal-et-la-mauritanie-au-programme-de-la-selection-a\\\/#primaryimage\"},\"thumbnailUrl\":\"https:\\\/\\\/lasentinelle.dz\\\/wp-content\\\/uploads\\\/2022\\\/12\\\/locaux-1.png\",\"datePublished\":\"2022-12-10T21:00:00+00:00\",\"breadcrumb\":{\"@id\":\"https:\\\/\\\/lasentinelle.dz\\\/index.php\\\/2022\\\/12\\\/10\\\/chan-2022-preparation-le-senegal-et-la-mauritanie-au-programme-de-la-selection-a\\\/#breadcrumb\"},\"inLanguage\":\"fr-FR\",\"potentialAction\":[{\"@type\":\"ReadAction\",\"target\":[\"https:\\\/\\\/lasentinelle.dz\\\/index.php\\\/2022\\\/12\\\/10\\\/chan-2022-preparation-le-senegal-et-la-mauritanie-au-programme-de-la-selection-a\\\/\"]}]},{\"@type\":\"ImageObject\",\"inLanguage\":\"fr-FR\",\"@id\":\"https:\\\/\\\/lasentinelle.dz\\\/index.php\\\/2022\\\/12\\\/10\\\/chan-2022-preparation-le-senegal-et-la-mauritanie-au-programme-de-la-selection-a\\\/#primaryimage\",\"url\":\"https:\\\/\\\/lasentinelle.dz\\\/wp-content\\\/uploads\\\/2022\\\/12\\\/locaux-1.png\",\"contentUrl\":\"https:\\\/\\\/lasentinelle.dz\\\/wp-content\\\/uploads\\\/2022\\\/12\\\/locaux-1.png\",\"width\":1350,\"height\":900},{\"@type\":\"BreadcrumbList\",\"@id\":\"https:\\\/\\\/lasentinelle.dz\\\/index.php\\\/2022\\\/12\\\/10\\\/chan-2022-preparation-le-senegal-et-la-mauritanie-au-programme-de-la-selection-a\\\/#breadcrumb\",\"itemListElement\":[{\"@type\":\"ListItem\",\"position\":1,\"name\":\"Accueil\",\"item\":\"https:\\\/\\\/lasentinelle.dz\\\/\"},{\"@type\":\"ListItem\",\"position\":2,\"name\":\"CHAN-2022 (pr\u00e9paration)\u00a0: Le S\u00e9n\u00e9gal et la Mauritanie au programme de la s\u00e9lection A&rsquo;\"}]},{\"@type\":\"WebSite\",\"@id\":\"https:\\\/\\\/lasentinelle.dz\\\/#website\",\"url\":\"https:\\\/\\\/lasentinelle.dz\\\/\",\"name\":\"La Sentinelle\",\"description\":\"Quotidien national d&#039;information\",\"publisher\":{\"@id\":\"https:\\\/\\\/lasentinelle.dz\\\/#organization\"},\"potentialAction\":[{\"@type\":\"SearchAction\",\"target\":{\"@type\":\"EntryPoint\",\"urlTemplate\":\"https:\\\/\\\/lasentinelle.dz\\\/?s={search_term_string}\"},\"query-input\":{\"@type\":\"PropertyValueSpecification\",\"valueRequired\":true,\"valueName\":\"search_term_string\"}}],\"inLanguage\":\"fr-FR\"},{\"@type\":\"Organization\",\"@id\":\"https:\\\/\\\/lasentinelle.dz\\\/#organization\",\"name\":\"Quotidien La Sentinelle\",\"url\":\"https:\\\/\\\/lasentinelle.dz\\\/\",\"logo\":{\"@type\":\"ImageObject\",\"inLanguage\":\"fr-FR\",\"@id\":\"https:\\\/\\\/lasentinelle.dz\\\/#\\\/schema\\\/logo\\\/image\\\/\",\"url\":\"https:\\\/\\\/lasentinelle.dz\\\/wp-content\\\/uploads\\\/2021\\\/09\\\/logo-sentinelleSLOGAN-1.png\",\"contentUrl\":\"https:\\\/\\\/lasentinelle.dz\\\/wp-content\\\/uploads\\\/2021\\\/09\\\/logo-sentinelleSLOGAN-1.png\",\"width\":615,\"height\":142,\"caption\":\"Quotidien La Sentinelle\"},\"image\":{\"@id\":\"https:\\\/\\\/lasentinelle.dz\\\/#\\\/schema\\\/logo\\\/image\\\/\"},\"sameAs\":[\"https:\\\/\\\/www.facebook.com\\\/La-Sentinelle-104059864394773\"]},{\"@type\":\"Person\",\"@id\":\"https:\\\/\\\/lasentinelle.dz\\\/#\\\/schema\\\/person\\\/d865044e22e70a75174ce8bcad3acfb3\",\"name\":\"La Sentinelle\",\"image\":{\"@type\":\"ImageObject\",\"inLanguage\":\"fr-FR\",\"@id\":\"https:\\\/\\\/secure.gravatar.com\\\/avatar\\\/57de8e5d4b15d43fb361a71fbb36338450fe67865b528a43dd10ef7c51a20392?s=96&d=mm&r=g\",\"url\":\"https:\\\/\\\/secure.gravatar.com\\\/avatar\\\/57de8e5d4b15d43fb361a71fbb36338450fe67865b528a43dd10ef7c51a20392?s=96&d=mm&r=g\",\"contentUrl\":\"https:\\\/\\\/secure.gravatar.com\\\/avatar\\\/57de8e5d4b15d43fb361a71fbb36338450fe67865b528a43dd10ef7c51a20392?s=96&d=mm&r=g\",\"caption\":\"La Sentinelle\"},\"sameAs\":[\"http:\\\/\\\/www.lasentinelle.dz\"],\"url\":\"https:\\\/\\\/lasentinelle.dz\\\/author\\\/redaction\\\/\"}]}<\/script>\n<!-- \/ Yoast SEO plugin. -->","yoast_head_json":{"title":"CHAN-2022 (pr\u00e9paration)\u00a0: Le S\u00e9n\u00e9gal et la Mauritanie au programme de la s\u00e9lection A&rsquo; - La Sentinelle","robots":{"index":"index","follow":"follow","max-snippet":"max-snippet:-1","max-image-preview":"max-image-preview:large","max-video-preview":"max-video-preview:-1"},"canonical":"https:\/\/lasentinelle.dz\/index.php\/2022\/12\/10\/chan-2022-preparation-le-senegal-et-la-mauritanie-au-programme-de-la-selection-a\/","og_locale":"fr_FR","og_type":"article","og_title":"CHAN-2022 (pr\u00e9paration)\u00a0: Le S\u00e9n\u00e9gal et la Mauritanie au programme de la s\u00e9lection A&rsquo; - La Sentinelle","og_description":"L&rsquo;\u00e9quipe nationale A&rsquo;, compos\u00e9e de joueurs locaux, disputera deux matchs amicaux : le 14 d\u00e9cembre face \u00e0 la Mauritanie au","og_url":"https:\/\/lasentinelle.dz\/index.php\/2022\/12\/10\/chan-2022-preparation-le-senegal-et-la-mauritanie-au-programme-de-la-selection-a\/","og_site_name":"La Sentinelle","article_publisher":"https:\/\/www.facebook.com\/La-Sentinelle-104059864394773","article_published_time":"2022-12-10T21:00:00+00:00","og_image":[{"width":1024,"height":683,"url":"https:\/\/lasentinelle.dz\/wp-content\/uploads\/2022\/12\/locaux-1-1024x683.png","type":"image\/png"}],"author":"La Sentinelle","twitter_card":"summary_large_image","twitter_misc":{"\u00c9crit par":"La Sentinelle","Dur\u00e9e de lecture estim\u00e9e":"2 minutes"},"schema":{"@context":"https:\/\/schema.org","@graph":[{"@type":"Article","@id":"https:\/\/lasentinelle.dz\/index.php\/2022\/12\/10\/chan-2022-preparation-le-senegal-et-la-mauritanie-au-programme-de-la-selection-a\/#article","isPartOf":{"@id":"https:\/\/lasentinelle.dz\/index.php\/2022\/12\/10\/chan-2022-preparation-le-senegal-et-la-mauritanie-au-programme-de-la-selection-a\/"},"author":{"name":"La Sentinelle","@id":"https:\/\/lasentinelle.dz\/#\/schema\/person\/d865044e22e70a75174ce8bcad3acfb3"},"headline":"CHAN-2022 (pr\u00e9paration)\u00a0: Le S\u00e9n\u00e9gal et la Mauritanie au programme de la s\u00e9lection A&rsquo;","datePublished":"2022-12-10T21:00:00+00:00","mainEntityOfPage":{"@id":"https:\/\/lasentinelle.dz\/index.php\/2022\/12\/10\/chan-2022-preparation-le-senegal-et-la-mauritanie-au-programme-de-la-selection-a\/"},"wordCount":245,"commentCount":0,"publisher":{"@id":"https:\/\/lasentinelle.dz\/#organization"},"image":{"@id":"https:\/\/lasentinelle.dz\/index.php\/2022\/12\/10\/chan-2022-preparation-le-senegal-et-la-mauritanie-au-programme-de-la-selection-a\/#primaryimage"},"thumbnailUrl":"https:\/\/lasentinelle.dz\/wp-content\/uploads\/2022\/12\/locaux-1.png","articleSection":["Sports"],"inLanguage":"fr-FR","potentialAction":[{"@type":"CommentAction","name":"Comment","target":["https:\/\/lasentinelle.dz\/index.php\/2022\/12\/10\/chan-2022-preparation-le-senegal-et-la-mauritanie-au-programme-de-la-selection-a\/#respond"]}]},{"@type":"WebPage","@id":"https:\/\/lasentinelle.dz\/index.php\/2022\/12\/10\/chan-2022-preparation-le-senegal-et-la-mauritanie-au-programme-de-la-selection-a\/","url":"https:\/\/lasentinelle.dz\/index.php\/2022\/12\/10\/chan-2022-preparation-le-senegal-et-la-mauritanie-au-programme-de-la-selection-a\/","name":"CHAN-2022 (pr\u00e9paration)\u00a0: Le S\u00e9n\u00e9gal et la Mauritanie au programme de la s\u00e9lection A&rsquo; - La Sentinelle","isPartOf":{"@id":"https:\/\/lasentinelle.dz\/#website"},"primaryImageOfPage":{"@id":"https:\/\/lasentinelle.dz\/index.php\/2022\/12\/10\/chan-2022-preparation-le-senegal-et-la-mauritanie-au-programme-de-la-selection-a\/#primaryimage"},"image":{"@id":"https:\/\/lasentinelle.dz\/index.php\/2022\/12\/10\/chan-2022-preparation-le-senegal-et-la-mauritanie-au-programme-de-la-selection-a\/#primaryimage"},"thumbnailUrl":"https:\/\/lasentinelle.dz\/wp-content\/uploads\/2022\/12\/locaux-1.png","datePublished":"2022-12-10T21:00:00+00:00","breadcrumb":{"@id":"https:\/\/lasentinelle.dz\/index.php\/2022\/12\/10\/chan-2022-preparation-le-senegal-et-la-mauritanie-au-programme-de-la-selection-a\/#breadcrumb"},"inLanguage":"fr-FR","potentialAction":[{"@type":"ReadAction","target":["https:\/\/lasentinelle.dz\/index.php\/2022\/12\/10\/chan-2022-preparation-le-senegal-et-la-mauritanie-au-programme-de-la-selection-a\/"]}]},{"@type":"ImageObject","inLanguage":"fr-FR","@id":"https:\/\/lasentinelle.dz\/index.php\/2022\/12\/10\/chan-2022-preparation-le-senegal-et-la-mauritanie-au-programme-de-la-selection-a\/#primaryimage","url":"https:\/\/lasentinelle.dz\/wp-content\/uploads\/2022\/12\/locaux-1.png","contentUrl":"https:\/\/lasentinelle.dz\/wp-content\/uploads\/2022\/12\/locaux-1.png","width":1350,"height":900},{"@type":"BreadcrumbList","@id":"https:\/\/lasentinelle.dz\/index.php\/2022\/12\/10\/chan-2022-preparation-le-senegal-et-la-mauritanie-au-programme-de-la-selection-a\/#breadcrumb","itemListElement":[{"@type":"ListItem","position":1,"name":"Accueil","item":"https:\/\/lasentinelle.dz\/"},{"@type":"ListItem","position":2,"name":"CHAN-2022 (pr\u00e9paration)\u00a0: Le S\u00e9n\u00e9gal et la Mauritanie au programme de la s\u00e9lection A&rsquo;"}]},{"@type":"WebSite","@id":"https:\/\/lasentinelle.dz\/#website","url":"https:\/\/lasentinelle.dz\/","name":"La Sentinelle","description":"Quotidien national d&#039;information","publisher":{"@id":"https:\/\/lasentinelle.dz\/#organization"},"potentialAction":[{"@type":"SearchAction","target":{"@type":"EntryPoint","urlTemplate":"https:\/\/lasentinelle.dz\/?s={search_term_string}"},"query-input":{"@type":"PropertyValueSpecification","valueRequired":true,"valueName":"search_term_string"}}],"inLanguage":"fr-FR"},{"@type":"Organization","@id":"https:\/\/lasentinelle.dz\/#organization","name":"Quotidien La Sentinelle","url":"https:\/\/lasentinelle.dz\/","logo":{"@type":"ImageObject","inLanguage":"fr-FR","@id":"https:\/\/lasentinelle.dz\/#\/schema\/logo\/image\/","url":"https:\/\/lasentinelle.dz\/wp-content\/uploads\/2021\/09\/logo-sentinelleSLOGAN-1.png","contentUrl":"https:\/\/lasentinelle.dz\/wp-content\/uploads\/2021\/09\/logo-sentinelleSLOGAN-1.png","width":615,"height":142,"caption":"Quotidien La Sentinelle"},"image":{"@id":"https:\/\/lasentinelle.dz\/#\/schema\/logo\/image\/"},"sameAs":["https:\/\/www.facebook.com\/La-Sentinelle-104059864394773"]},{"@type":"Person","@id":"https:\/\/lasentinelle.dz\/#\/schema\/person\/d865044e22e70a75174ce8bcad3acfb3","name":"La Sentinelle","image":{"@type":"ImageObject","inLanguage":"fr-FR","@id":"https:\/\/secure.gravatar.com\/avatar\/57de8e5d4b15d43fb361a71fbb36338450fe67865b528a43dd10ef7c51a20392?s=96&d=mm&r=g","url":"https:\/\/secure.gravatar.com\/avatar\/57de8e5d4b15d43fb361a71fbb36338450fe67865b528a43dd10ef7c51a20392?s=96&d=mm&r=g","contentUrl":"https:\/\/secure.gravatar.com\/avatar\/57de8e5d4b15d43fb361a71fbb36338450fe67865b528a43dd10ef7c51a20392?s=96&d=mm&r=g","caption":"La Sentinelle"},"sameAs":["http:\/\/www.lasentinelle.dz"],"url":"https:\/\/lasentinelle.dz\/author\/redaction\/"}]}},"_links":{"self":[{"href":"https:\/\/lasentinelle.dz\/index.php\/wp-json\/wp\/v2\/posts\/32314","targetHints":{"allow":["GET"]}}],"collection":[{"href":"https:\/\/lasentinelle.dz\/index.php\/wp-json\/wp\/v2\/posts"}],"about":[{"href":"https:\/\/lasentinelle.dz\/index.php\/wp-json\/wp\/v2\/types\/post"}],"author":[{"embeddable":true,"href":"https:\/\/lasentinelle.dz\/index.php\/wp-json\/wp\/v2\/users\/3"}],"replies":[{"embeddable":true,"href":"https:\/\/lasentinelle.dz\/index.php\/wp-json\/wp\/v2\/comments?post=32314"}],"version-history":[{"count":1,"href":"https:\/\/lasentinelle.dz\/index.php\/wp-json\/wp\/v2\/posts\/32314\/revisions"}],"predecessor-version":[{"id":32316,"href":"https:\/\/lasentinelle.dz\/index.php\/wp-json\/wp\/v2\/posts\/32314\/revisions\/32316"}],"wp:featuredmedia":[{"embeddable":true,"href":"https:\/\/lasentinelle.dz\/index.php\/wp-json\/wp\/v2\/media\/32315"}],"wp:attachment":[{"href":"https:\/\/lasentinelle.dz\/index.php\/wp-json\/wp\/v2\/media?parent=32314"}],"wp:term":[{"taxonomy":"category","embeddable":true,"href":"https:\/\/lasentinelle.dz\/index.php\/wp-json\/wp\/v2\/categories?post=32314"},{"taxonomy":"post_tag","embeddable":true,"href":"https:\/\/lasentinelle.dz\/index.php\/wp-json\/wp\/v2\/tags?post=32314"}],"curies":[{"name":"wp","href":"https:\/\/api.w.org\/{rel}","templated":true}]}}