{"id":32320,"date":"2022-12-10T22:05:00","date_gmt":"2022-12-10T21:05:00","guid":{"rendered":"https:\/\/lasentinelle.dz\/?p=32320"},"modified":"2022-12-10T20:00:52","modified_gmt":"2022-12-10T19:00:52","slug":"initiative-pour-attribuer-a-la-palestine-la-qualite-de-membre-a-part-entiere-a-lonu-lalgerie-appelle-la-chine-a-adherer-a-la-demarche","status":"publish","type":"post","link":"https:\/\/lasentinelle.dz\/index.php\/2022\/12\/10\/initiative-pour-attribuer-a-la-palestine-la-qualite-de-membre-a-part-entiere-a-lonu-lalgerie-appelle-la-chine-a-adherer-a-la-demarche\/","title":{"rendered":"Initiative pour attribuer \u00e0 la Palestine la qualit\u00e9 de membre \u00e0 part enti\u00e8re \u00e0 l&rsquo;ONU\u00a0: L\u2019Alg\u00e9rie appelle la Chine \u00e0 adh\u00e9rer \u00e0 la d\u00e9marche"},"content":{"rendered":"\n<p>Le Premier ministre, A\u00efmene Benabderrahmane a saisi l\u2019occasion de son intervention vendredi au 1er Sommet sino-arabe de coop\u00e9ration et de d\u00e9veloppementen Arabie Saoudite, &nbsp;pour souligner la profondeur des relations de coop\u00e9ration entre l\u2019Alg\u00e9rie et la Chine. Le Premier ministre a affirm\u00e9 que l&rsquo;Alg\u00e9rie et la Chine \u00e9taient li\u00e9es par \u00abdes relations historiques et strat\u00e9giques, remontant \u00e0 la guerre de lib\u00e9ration alg\u00e9rienne, la Chine \u00e9tant le premier pays non arabe \u00e0 avoir reconnu le gouvernement provisoire de la R\u00e9publique alg\u00e9rienne (GPRA) en 1958\u00bb. Les deux pays ont \u00e9galement des positions convergentes sur de nombreuses questions d&rsquo;int\u00e9r\u00eat commun, et apportent leur soutien mutuel \u00e0 leurs int\u00e9r\u00eats fondamentaux\u00bb.Dans ce contexte, il a indiqu\u00e9 que le processus&nbsp; de coop\u00e9ration entre les deux pays \u00aba abouti \u00e0 la signature de la D\u00e9claration d&rsquo;\u00e9tablissement de relations de partenariat strat\u00e9gique global en 2014, ainsi que l&rsquo;adoption du 2e Plan quinquennal de coop\u00e9ration strat\u00e9gique globale (2022-2026), ainsi que la signature au cours de ces derniers jours, du \u00abPlan ex\u00e9cutif pour la concr\u00e9tisation conjointe de l&rsquo;Initiative de la Ceinture et de la Route \u00ab \u00e0 laquelle l&rsquo;Alg\u00e9rie a adh\u00e9r\u00e9 en 2018, et le Plan triennal 2022-2024 de coop\u00e9ration dans des domaines strat\u00e9giques\u00bb.\u00abLa signature de ces documents \u00e0 seulement quelques jours de la tenue de notre Sommet refl\u00e8te la volont\u00e9 commune de l&rsquo;Alg\u00e9rie et de la Chine de renforcer la coop\u00e9ration globale et fructueuse entre le Monde arabe et la R\u00e9publique populaire de Chine\u00bb a-t-il indiqu\u00e9.<\/p>\n\n\n\n<p>En ce qui concerne la coop\u00e9ration sino-arabe, A\u00efmene Benabderrahmane a estim\u00e9 que \u00ab&nbsp;dans un contexte marqu\u00e9 par la polarisation de l&rsquo;ordre mondial et l&rsquo;incapacit\u00e9 de l&rsquo;ONU \u00e0 r\u00e9soudre les conflits dans notre r\u00e9gion et dans le monde, le renforcement des relations strat\u00e9giques entre le Monde arabe et la Chine contribuera \u00e0 l&rsquo;\u00e9mergence d&rsquo;un monde multilat\u00e9ral, loin des politiques individuelles et des vis\u00e9es d&rsquo;h\u00e9g\u00e9monie\u00bb.<\/p>\n\n\n\n<p>L&rsquo;histoire contemporaine des deux parties t\u00e9moigne de \u00abla p\u00e9rennit\u00e9 de ce legs historique privil\u00e9gi\u00e9 \u00e0 travers les diff\u00e9rentes \u00e9tapes de la coop\u00e9ration et de la solidarit\u00e9 entre les deux parties\u00bb, a rappel\u00e9 le Premier ministre qui prend part \u00e0 ce sommet en tant que repr\u00e9sentant du pr\u00e9sident de la R\u00e9publique. Et de souligner que la Chine \u00abn&rsquo;a jamais h\u00e9sit\u00e9 \u00e0 apporter son soutien \u00e0 la question palestinienne et aux mouvements de lib\u00e9ration dans les pays arabes, de m\u00eame que les pays arabes n&rsquo;ont jamais manqu\u00e9 d&rsquo;appuyer le principe de l&rsquo;Unicit\u00e9 de la Chine et le r\u00e9tablissement de son si\u00e8ge l\u00e9gitime \u00e0 l&rsquo;ONU\u00bb.<\/p>\n\n\n\n<p>M. Benabderrahmane a, par ailleurs, \u00e9voqu\u00e9 le Sommet arabe abrit\u00e9 \u00e0 Alger novembre dernier, le qualifiant de \u00abSommet rassembleur\u00bb, notamment \u00e0 travers la proposition de cr\u00e9er un comit\u00e9 de contact et de coordination arabe en soutien \u00e0 la cause palestinienne pour appeler \u00e0 la tenue d&rsquo;une Assembl\u00e9e g\u00e9n\u00e9rale extraordinaire en vue d&rsquo;attribuer \u00e0 la Palestine la qualit\u00e9 de membre \u00e0 part enti\u00e8re \u00e0 l&rsquo;ONU\u00bb, invitant la Chine \u00e0 \u00abadh\u00e9rer \u00e0 cette d\u00e9marche et \u00e0 soutenir la position arabe\u00bb.<\/p>\n\n\n\n<p><strong>Chokri Hafed<\/strong><\/p>\n","protected":false},"excerpt":{"rendered":"<p>Le Premier ministre, A\u00efmene Benabderrahmane a saisi l\u2019occasion de son intervention vendredi au 1er Sommet sino-arabe de coop\u00e9ration et de<\/p>\n","protected":false},"author":3,"featured_media":32348,"comment_status":"open","ping_status":"closed","sticky":false,"template":"","format":"standard","meta":{"colormag_page_container_layout":"default_layout","colormag_page_sidebar_layout":"default_layout","om_disable_all_campaigns":false,"_monsterinsights_skip_tracking":false,"_monsterinsights_sitenote_active":false,"_monsterinsights_sitenote_note":"","_monsterinsights_sitenote_category":0,"footnotes":"","_wpscppro_dont_share_socialmedia":false,"_wpscppro_custom_social_share_image":0,"_facebook_share_type":"","_twitter_share_type":"","_linkedin_share_type":"","_pinterest_share_type":"","_linkedin_share_type_page":"","_instagram_share_type":"","_medium_share_type":"","_threads_share_type":"","_google_business_share_type":"","_selected_social_profile":[],"_wpsp_enable_custom_social_template":false,"_wpsp_social_scheduling":{"enabled":false,"datetime":null,"platforms":[],"status":"template_only","dateOption":"today","timeOption":"now","customDays":"","customHours":"","customDate":"","customTime":"","schedulingType":"absolute"},"_wpsp_active_default_template":true},"categories":[27],"tags":[],"class_list":["post-32320","post","type-post","status-publish","format-standard","has-post-thumbnail","hentry","category-actualite"],"aioseo_notices":[],"yoast_head":"<!-- This site is optimized with the Yoast SEO plugin v27.5 - https:\/\/yoast.com\/product\/yoast-seo-wordpress\/ -->\n<title>Initiative pour attribuer \u00e0 la Palestine la qualit\u00e9 de membre \u00e0 part enti\u00e8re \u00e0 l&rsquo;ONU\u00a0: L\u2019Alg\u00e9rie appelle la Chine \u00e0 adh\u00e9rer \u00e0 la d\u00e9marche - La Sentinelle<\/title>\n<meta name=\"robots\" content=\"index, follow, max-snippet:-1, max-image-preview:large, max-video-preview:-1\" \/>\n<link rel=\"canonical\" href=\"https:\/\/lasentinelle.dz\/index.php\/2022\/12\/10\/initiative-pour-attribuer-a-la-palestine-la-qualite-de-membre-a-part-entiere-a-lonu-lalgerie-appelle-la-chine-a-adherer-a-la-demarche\/\" \/>\n<meta property=\"og:locale\" content=\"fr_FR\" \/>\n<meta property=\"og:type\" content=\"article\" \/>\n<meta property=\"og:title\" content=\"Initiative pour attribuer \u00e0 la Palestine la qualit\u00e9 de membre \u00e0 part enti\u00e8re \u00e0 l&rsquo;ONU\u00a0: L\u2019Alg\u00e9rie appelle la Chine \u00e0 adh\u00e9rer \u00e0 la d\u00e9marche - La Sentinelle\" \/>\n<meta property=\"og:description\" content=\"Le Premier ministre, A\u00efmene Benabderrahmane a saisi l\u2019occasion de son intervention vendredi au 1er Sommet sino-arabe de coop\u00e9ration et de\" \/>\n<meta property=\"og:url\" content=\"https:\/\/lasentinelle.dz\/index.php\/2022\/12\/10\/initiative-pour-attribuer-a-la-palestine-la-qualite-de-membre-a-part-entiere-a-lonu-lalgerie-appelle-la-chine-a-adherer-a-la-demarche\/\" \/>\n<meta property=\"og:site_name\" content=\"La Sentinelle\" \/>\n<meta property=\"article:publisher\" content=\"https:\/\/www.facebook.com\/La-Sentinelle-104059864394773\" \/>\n<meta property=\"article:published_time\" content=\"2022-12-10T21:05:00+00:00\" \/>\n<meta property=\"og:image\" content=\"https:\/\/lasentinelle.dz\/wp-content\/uploads\/2022\/12\/Sans-titre-6-2.png\" \/>\n\t<meta property=\"og:image:width\" content=\"1491\" \/>\n\t<meta property=\"og:image:height\" content=\"900\" \/>\n\t<meta property=\"og:image:type\" content=\"image\/png\" \/>\n<meta name=\"author\" content=\"La Sentinelle\" \/>\n<meta name=\"twitter:card\" content=\"summary_large_image\" \/>\n<meta name=\"twitter:label1\" content=\"\u00c9crit par\" \/>\n\t<meta name=\"twitter:data1\" content=\"La Sentinelle\" \/>\n\t<meta name=\"twitter:label2\" content=\"Dur\u00e9e de lecture estim\u00e9e\" \/>\n\t<meta name=\"twitter:data2\" content=\"3 minutes\" \/>\n<script type=\"application\/ld+json\" class=\"yoast-schema-graph\">{\"@context\":\"https:\\\/\\\/schema.org\",\"@graph\":[{\"@type\":\"Article\",\"@id\":\"https:\\\/\\\/lasentinelle.dz\\\/index.php\\\/2022\\\/12\\\/10\\\/initiative-pour-attribuer-a-la-palestine-la-qualite-de-membre-a-part-entiere-a-lonu-lalgerie-appelle-la-chine-a-adherer-a-la-demarche\\\/#article\",\"isPartOf\":{\"@id\":\"https:\\\/\\\/lasentinelle.dz\\\/index.php\\\/2022\\\/12\\\/10\\\/initiative-pour-attribuer-a-la-palestine-la-qualite-de-membre-a-part-entiere-a-lonu-lalgerie-appelle-la-chine-a-adherer-a-la-demarche\\\/\"},\"author\":{\"name\":\"La Sentinelle\",\"@id\":\"https:\\\/\\\/lasentinelle.dz\\\/#\\\/schema\\\/person\\\/d865044e22e70a75174ce8bcad3acfb3\"},\"headline\":\"Initiative pour attribuer \u00e0 la Palestine la qualit\u00e9 de membre \u00e0 part enti\u00e8re \u00e0 l&rsquo;ONU\u00a0: L\u2019Alg\u00e9rie appelle la Chine \u00e0 adh\u00e9rer \u00e0 la d\u00e9marche\",\"datePublished\":\"2022-12-10T21:05:00+00:00\",\"mainEntityOfPage\":{\"@id\":\"https:\\\/\\\/lasentinelle.dz\\\/index.php\\\/2022\\\/12\\\/10\\\/initiative-pour-attribuer-a-la-palestine-la-qualite-de-membre-a-part-entiere-a-lonu-lalgerie-appelle-la-chine-a-adherer-a-la-demarche\\\/\"},\"wordCount\":570,\"commentCount\":0,\"publisher\":{\"@id\":\"https:\\\/\\\/lasentinelle.dz\\\/#organization\"},\"image\":{\"@id\":\"https:\\\/\\\/lasentinelle.dz\\\/index.php\\\/2022\\\/12\\\/10\\\/initiative-pour-attribuer-a-la-palestine-la-qualite-de-membre-a-part-entiere-a-lonu-lalgerie-appelle-la-chine-a-adherer-a-la-demarche\\\/#primaryimage\"},\"thumbnailUrl\":\"https:\\\/\\\/lasentinelle.dz\\\/wp-content\\\/uploads\\\/2022\\\/12\\\/Sans-titre-6-2.png\",\"articleSection\":[\"Actualit\u00e9\"],\"inLanguage\":\"fr-FR\",\"potentialAction\":[{\"@type\":\"CommentAction\",\"name\":\"Comment\",\"target\":[\"https:\\\/\\\/lasentinelle.dz\\\/index.php\\\/2022\\\/12\\\/10\\\/initiative-pour-attribuer-a-la-palestine-la-qualite-de-membre-a-part-entiere-a-lonu-lalgerie-appelle-la-chine-a-adherer-a-la-demarche\\\/#respond\"]}]},{\"@type\":\"WebPage\",\"@id\":\"https:\\\/\\\/lasentinelle.dz\\\/index.php\\\/2022\\\/12\\\/10\\\/initiative-pour-attribuer-a-la-palestine-la-qualite-de-membre-a-part-entiere-a-lonu-lalgerie-appelle-la-chine-a-adherer-a-la-demarche\\\/\",\"url\":\"https:\\\/\\\/lasentinelle.dz\\\/index.php\\\/2022\\\/12\\\/10\\\/initiative-pour-attribuer-a-la-palestine-la-qualite-de-membre-a-part-entiere-a-lonu-lalgerie-appelle-la-chine-a-adherer-a-la-demarche\\\/\",\"name\":\"Initiative pour attribuer \u00e0 la Palestine la qualit\u00e9 de membre \u00e0 part enti\u00e8re \u00e0 l&rsquo;ONU\u00a0: L\u2019Alg\u00e9rie appelle la Chine \u00e0 adh\u00e9rer \u00e0 la d\u00e9marche - La Sentinelle\",\"isPartOf\":{\"@id\":\"https:\\\/\\\/lasentinelle.dz\\\/#website\"},\"primaryImageOfPage\":{\"@id\":\"https:\\\/\\\/lasentinelle.dz\\\/index.php\\\/2022\\\/12\\\/10\\\/initiative-pour-attribuer-a-la-palestine-la-qualite-de-membre-a-part-entiere-a-lonu-lalgerie-appelle-la-chine-a-adherer-a-la-demarche\\\/#primaryimage\"},\"image\":{\"@id\":\"https:\\\/\\\/lasentinelle.dz\\\/index.php\\\/2022\\\/12\\\/10\\\/initiative-pour-attribuer-a-la-palestine-la-qualite-de-membre-a-part-entiere-a-lonu-lalgerie-appelle-la-chine-a-adherer-a-la-demarche\\\/#primaryimage\"},\"thumbnailUrl\":\"https:\\\/\\\/lasentinelle.dz\\\/wp-content\\\/uploads\\\/2022\\\/12\\\/Sans-titre-6-2.png\",\"datePublished\":\"2022-12-10T21:05:00+00:00\",\"breadcrumb\":{\"@id\":\"https:\\\/\\\/lasentinelle.dz\\\/index.php\\\/2022\\\/12\\\/10\\\/initiative-pour-attribuer-a-la-palestine-la-qualite-de-membre-a-part-entiere-a-lonu-lalgerie-appelle-la-chine-a-adherer-a-la-demarche\\\/#breadcrumb\"},\"inLanguage\":\"fr-FR\",\"potentialAction\":[{\"@type\":\"ReadAction\",\"target\":[\"https:\\\/\\\/lasentinelle.dz\\\/index.php\\\/2022\\\/12\\\/10\\\/initiative-pour-attribuer-a-la-palestine-la-qualite-de-membre-a-part-entiere-a-lonu-lalgerie-appelle-la-chine-a-adherer-a-la-demarche\\\/\"]}]},{\"@type\":\"ImageObject\",\"inLanguage\":\"fr-FR\",\"@id\":\"https:\\\/\\\/lasentinelle.dz\\\/index.php\\\/2022\\\/12\\\/10\\\/initiative-pour-attribuer-a-la-palestine-la-qualite-de-membre-a-part-entiere-a-lonu-lalgerie-appelle-la-chine-a-adherer-a-la-demarche\\\/#primaryimage\",\"url\":\"https:\\\/\\\/lasentinelle.dz\\\/wp-content\\\/uploads\\\/2022\\\/12\\\/Sans-titre-6-2.png\",\"contentUrl\":\"https:\\\/\\\/lasentinelle.dz\\\/wp-content\\\/uploads\\\/2022\\\/12\\\/Sans-titre-6-2.png\",\"width\":1491,\"height\":900},{\"@type\":\"BreadcrumbList\",\"@id\":\"https:\\\/\\\/lasentinelle.dz\\\/index.php\\\/2022\\\/12\\\/10\\\/initiative-pour-attribuer-a-la-palestine-la-qualite-de-membre-a-part-entiere-a-lonu-lalgerie-appelle-la-chine-a-adherer-a-la-demarche\\\/#breadcrumb\",\"itemListElement\":[{\"@type\":\"ListItem\",\"position\":1,\"name\":\"Accueil\",\"item\":\"https:\\\/\\\/lasentinelle.dz\\\/\"},{\"@type\":\"ListItem\",\"position\":2,\"name\":\"Initiative pour attribuer \u00e0 la Palestine la qualit\u00e9 de membre \u00e0 part enti\u00e8re \u00e0 l&rsquo;ONU\u00a0: L\u2019Alg\u00e9rie appelle la Chine \u00e0 adh\u00e9rer \u00e0 la d\u00e9marche\"}]},{\"@type\":\"WebSite\",\"@id\":\"https:\\\/\\\/lasentinelle.dz\\\/#website\",\"url\":\"https:\\\/\\\/lasentinelle.dz\\\/\",\"name\":\"La Sentinelle\",\"description\":\"Quotidien national d&#039;information\",\"publisher\":{\"@id\":\"https:\\\/\\\/lasentinelle.dz\\\/#organization\"},\"potentialAction\":[{\"@type\":\"SearchAction\",\"target\":{\"@type\":\"EntryPoint\",\"urlTemplate\":\"https:\\\/\\\/lasentinelle.dz\\\/?s={search_term_string}\"},\"query-input\":{\"@type\":\"PropertyValueSpecification\",\"valueRequired\":true,\"valueName\":\"search_term_string\"}}],\"inLanguage\":\"fr-FR\"},{\"@type\":\"Organization\",\"@id\":\"https:\\\/\\\/lasentinelle.dz\\\/#organization\",\"name\":\"Quotidien La Sentinelle\",\"url\":\"https:\\\/\\\/lasentinelle.dz\\\/\",\"logo\":{\"@type\":\"ImageObject\",\"inLanguage\":\"fr-FR\",\"@id\":\"https:\\\/\\\/lasentinelle.dz\\\/#\\\/schema\\\/logo\\\/image\\\/\",\"url\":\"https:\\\/\\\/lasentinelle.dz\\\/wp-content\\\/uploads\\\/2021\\\/09\\\/logo-sentinelleSLOGAN-1.png\",\"contentUrl\":\"https:\\\/\\\/lasentinelle.dz\\\/wp-content\\\/uploads\\\/2021\\\/09\\\/logo-sentinelleSLOGAN-1.png\",\"width\":615,\"height\":142,\"caption\":\"Quotidien La Sentinelle\"},\"image\":{\"@id\":\"https:\\\/\\\/lasentinelle.dz\\\/#\\\/schema\\\/logo\\\/image\\\/\"},\"sameAs\":[\"https:\\\/\\\/www.facebook.com\\\/La-Sentinelle-104059864394773\"]},{\"@type\":\"Person\",\"@id\":\"https:\\\/\\\/lasentinelle.dz\\\/#\\\/schema\\\/person\\\/d865044e22e70a75174ce8bcad3acfb3\",\"name\":\"La Sentinelle\",\"image\":{\"@type\":\"ImageObject\",\"inLanguage\":\"fr-FR\",\"@id\":\"https:\\\/\\\/secure.gravatar.com\\\/avatar\\\/57de8e5d4b15d43fb361a71fbb36338450fe67865b528a43dd10ef7c51a20392?s=96&d=mm&r=g\",\"url\":\"https:\\\/\\\/secure.gravatar.com\\\/avatar\\\/57de8e5d4b15d43fb361a71fbb36338450fe67865b528a43dd10ef7c51a20392?s=96&d=mm&r=g\",\"contentUrl\":\"https:\\\/\\\/secure.gravatar.com\\\/avatar\\\/57de8e5d4b15d43fb361a71fbb36338450fe67865b528a43dd10ef7c51a20392?s=96&d=mm&r=g\",\"caption\":\"La Sentinelle\"},\"sameAs\":[\"http:\\\/\\\/www.lasentinelle.dz\"],\"url\":\"https:\\\/\\\/lasentinelle.dz\\\/author\\\/redaction\\\/\"}]}<\/script>\n<!-- \/ Yoast SEO plugin. -->","yoast_head_json":{"title":"Initiative pour attribuer \u00e0 la Palestine la qualit\u00e9 de membre \u00e0 part enti\u00e8re \u00e0 l&rsquo;ONU\u00a0: L\u2019Alg\u00e9rie appelle la Chine \u00e0 adh\u00e9rer \u00e0 la d\u00e9marche - La Sentinelle","robots":{"index":"index","follow":"follow","max-snippet":"max-snippet:-1","max-image-preview":"max-image-preview:large","max-video-preview":"max-video-preview:-1"},"canonical":"https:\/\/lasentinelle.dz\/index.php\/2022\/12\/10\/initiative-pour-attribuer-a-la-palestine-la-qualite-de-membre-a-part-entiere-a-lonu-lalgerie-appelle-la-chine-a-adherer-a-la-demarche\/","og_locale":"fr_FR","og_type":"article","og_title":"Initiative pour attribuer \u00e0 la Palestine la qualit\u00e9 de membre \u00e0 part enti\u00e8re \u00e0 l&rsquo;ONU\u00a0: L\u2019Alg\u00e9rie appelle la Chine \u00e0 adh\u00e9rer \u00e0 la d\u00e9marche - La Sentinelle","og_description":"Le Premier ministre, A\u00efmene Benabderrahmane a saisi l\u2019occasion de son intervention vendredi au 1er Sommet sino-arabe de coop\u00e9ration et de","og_url":"https:\/\/lasentinelle.dz\/index.php\/2022\/12\/10\/initiative-pour-attribuer-a-la-palestine-la-qualite-de-membre-a-part-entiere-a-lonu-lalgerie-appelle-la-chine-a-adherer-a-la-demarche\/","og_site_name":"La Sentinelle","article_publisher":"https:\/\/www.facebook.com\/La-Sentinelle-104059864394773","article_published_time":"2022-12-10T21:05:00+00:00","og_image":[{"width":1491,"height":900,"url":"https:\/\/lasentinelle.dz\/wp-content\/uploads\/2022\/12\/Sans-titre-6-2.png","type":"image\/png"}],"author":"La Sentinelle","twitter_card":"summary_large_image","twitter_misc":{"\u00c9crit par":"La Sentinelle","Dur\u00e9e de lecture estim\u00e9e":"3 minutes"},"schema":{"@context":"https:\/\/schema.org","@graph":[{"@type":"Article","@id":"https:\/\/lasentinelle.dz\/index.php\/2022\/12\/10\/initiative-pour-attribuer-a-la-palestine-la-qualite-de-membre-a-part-entiere-a-lonu-lalgerie-appelle-la-chine-a-adherer-a-la-demarche\/#article","isPartOf":{"@id":"https:\/\/lasentinelle.dz\/index.php\/2022\/12\/10\/initiative-pour-attribuer-a-la-palestine-la-qualite-de-membre-a-part-entiere-a-lonu-lalgerie-appelle-la-chine-a-adherer-a-la-demarche\/"},"author":{"name":"La Sentinelle","@id":"https:\/\/lasentinelle.dz\/#\/schema\/person\/d865044e22e70a75174ce8bcad3acfb3"},"headline":"Initiative pour attribuer \u00e0 la Palestine la qualit\u00e9 de membre \u00e0 part enti\u00e8re \u00e0 l&rsquo;ONU\u00a0: L\u2019Alg\u00e9rie appelle la Chine \u00e0 adh\u00e9rer \u00e0 la d\u00e9marche","datePublished":"2022-12-10T21:05:00+00:00","mainEntityOfPage":{"@id":"https:\/\/lasentinelle.dz\/index.php\/2022\/12\/10\/initiative-pour-attribuer-a-la-palestine-la-qualite-de-membre-a-part-entiere-a-lonu-lalgerie-appelle-la-chine-a-adherer-a-la-demarche\/"},"wordCount":570,"commentCount":0,"publisher":{"@id":"https:\/\/lasentinelle.dz\/#organization"},"image":{"@id":"https:\/\/lasentinelle.dz\/index.php\/2022\/12\/10\/initiative-pour-attribuer-a-la-palestine-la-qualite-de-membre-a-part-entiere-a-lonu-lalgerie-appelle-la-chine-a-adherer-a-la-demarche\/#primaryimage"},"thumbnailUrl":"https:\/\/lasentinelle.dz\/wp-content\/uploads\/2022\/12\/Sans-titre-6-2.png","articleSection":["Actualit\u00e9"],"inLanguage":"fr-FR","potentialAction":[{"@type":"CommentAction","name":"Comment","target":["https:\/\/lasentinelle.dz\/index.php\/2022\/12\/10\/initiative-pour-attribuer-a-la-palestine-la-qualite-de-membre-a-part-entiere-a-lonu-lalgerie-appelle-la-chine-a-adherer-a-la-demarche\/#respond"]}]},{"@type":"WebPage","@id":"https:\/\/lasentinelle.dz\/index.php\/2022\/12\/10\/initiative-pour-attribuer-a-la-palestine-la-qualite-de-membre-a-part-entiere-a-lonu-lalgerie-appelle-la-chine-a-adherer-a-la-demarche\/","url":"https:\/\/lasentinelle.dz\/index.php\/2022\/12\/10\/initiative-pour-attribuer-a-la-palestine-la-qualite-de-membre-a-part-entiere-a-lonu-lalgerie-appelle-la-chine-a-adherer-a-la-demarche\/","name":"Initiative pour attribuer \u00e0 la Palestine la qualit\u00e9 de membre \u00e0 part enti\u00e8re \u00e0 l&rsquo;ONU\u00a0: L\u2019Alg\u00e9rie appelle la Chine \u00e0 adh\u00e9rer \u00e0 la d\u00e9marche - La Sentinelle","isPartOf":{"@id":"https:\/\/lasentinelle.dz\/#website"},"primaryImageOfPage":{"@id":"https:\/\/lasentinelle.dz\/index.php\/2022\/12\/10\/initiative-pour-attribuer-a-la-palestine-la-qualite-de-membre-a-part-entiere-a-lonu-lalgerie-appelle-la-chine-a-adherer-a-la-demarche\/#primaryimage"},"image":{"@id":"https:\/\/lasentinelle.dz\/index.php\/2022\/12\/10\/initiative-pour-attribuer-a-la-palestine-la-qualite-de-membre-a-part-entiere-a-lonu-lalgerie-appelle-la-chine-a-adherer-a-la-demarche\/#primaryimage"},"thumbnailUrl":"https:\/\/lasentinelle.dz\/wp-content\/uploads\/2022\/12\/Sans-titre-6-2.png","datePublished":"2022-12-10T21:05:00+00:00","breadcrumb":{"@id":"https:\/\/lasentinelle.dz\/index.php\/2022\/12\/10\/initiative-pour-attribuer-a-la-palestine-la-qualite-de-membre-a-part-entiere-a-lonu-lalgerie-appelle-la-chine-a-adherer-a-la-demarche\/#breadcrumb"},"inLanguage":"fr-FR","potentialAction":[{"@type":"ReadAction","target":["https:\/\/lasentinelle.dz\/index.php\/2022\/12\/10\/initiative-pour-attribuer-a-la-palestine-la-qualite-de-membre-a-part-entiere-a-lonu-lalgerie-appelle-la-chine-a-adherer-a-la-demarche\/"]}]},{"@type":"ImageObject","inLanguage":"fr-FR","@id":"https:\/\/lasentinelle.dz\/index.php\/2022\/12\/10\/initiative-pour-attribuer-a-la-palestine-la-qualite-de-membre-a-part-entiere-a-lonu-lalgerie-appelle-la-chine-a-adherer-a-la-demarche\/#primaryimage","url":"https:\/\/lasentinelle.dz\/wp-content\/uploads\/2022\/12\/Sans-titre-6-2.png","contentUrl":"https:\/\/lasentinelle.dz\/wp-content\/uploads\/2022\/12\/Sans-titre-6-2.png","width":1491,"height":900},{"@type":"BreadcrumbList","@id":"https:\/\/lasentinelle.dz\/index.php\/2022\/12\/10\/initiative-pour-attribuer-a-la-palestine-la-qualite-de-membre-a-part-entiere-a-lonu-lalgerie-appelle-la-chine-a-adherer-a-la-demarche\/#breadcrumb","itemListElement":[{"@type":"ListItem","position":1,"name":"Accueil","item":"https:\/\/lasentinelle.dz\/"},{"@type":"ListItem","position":2,"name":"Initiative pour attribuer \u00e0 la Palestine la qualit\u00e9 de membre \u00e0 part enti\u00e8re \u00e0 l&rsquo;ONU\u00a0: L\u2019Alg\u00e9rie appelle la Chine \u00e0 adh\u00e9rer \u00e0 la d\u00e9marche"}]},{"@type":"WebSite","@id":"https:\/\/lasentinelle.dz\/#website","url":"https:\/\/lasentinelle.dz\/","name":"La Sentinelle","description":"Quotidien national d&#039;information","publisher":{"@id":"https:\/\/lasentinelle.dz\/#organization"},"potentialAction":[{"@type":"SearchAction","target":{"@type":"EntryPoint","urlTemplate":"https:\/\/lasentinelle.dz\/?s={search_term_string}"},"query-input":{"@type":"PropertyValueSpecification","valueRequired":true,"valueName":"search_term_string"}}],"inLanguage":"fr-FR"},{"@type":"Organization","@id":"https:\/\/lasentinelle.dz\/#organization","name":"Quotidien La Sentinelle","url":"https:\/\/lasentinelle.dz\/","logo":{"@type":"ImageObject","inLanguage":"fr-FR","@id":"https:\/\/lasentinelle.dz\/#\/schema\/logo\/image\/","url":"https:\/\/lasentinelle.dz\/wp-content\/uploads\/2021\/09\/logo-sentinelleSLOGAN-1.png","contentUrl":"https:\/\/lasentinelle.dz\/wp-content\/uploads\/2021\/09\/logo-sentinelleSLOGAN-1.png","width":615,"height":142,"caption":"Quotidien La Sentinelle"},"image":{"@id":"https:\/\/lasentinelle.dz\/#\/schema\/logo\/image\/"},"sameAs":["https:\/\/www.facebook.com\/La-Sentinelle-104059864394773"]},{"@type":"Person","@id":"https:\/\/lasentinelle.dz\/#\/schema\/person\/d865044e22e70a75174ce8bcad3acfb3","name":"La Sentinelle","image":{"@type":"ImageObject","inLanguage":"fr-FR","@id":"https:\/\/secure.gravatar.com\/avatar\/57de8e5d4b15d43fb361a71fbb36338450fe67865b528a43dd10ef7c51a20392?s=96&d=mm&r=g","url":"https:\/\/secure.gravatar.com\/avatar\/57de8e5d4b15d43fb361a71fbb36338450fe67865b528a43dd10ef7c51a20392?s=96&d=mm&r=g","contentUrl":"https:\/\/secure.gravatar.com\/avatar\/57de8e5d4b15d43fb361a71fbb36338450fe67865b528a43dd10ef7c51a20392?s=96&d=mm&r=g","caption":"La Sentinelle"},"sameAs":["http:\/\/www.lasentinelle.dz"],"url":"https:\/\/lasentinelle.dz\/author\/redaction\/"}]}},"_links":{"self":[{"href":"https:\/\/lasentinelle.dz\/index.php\/wp-json\/wp\/v2\/posts\/32320","targetHints":{"allow":["GET"]}}],"collection":[{"href":"https:\/\/lasentinelle.dz\/index.php\/wp-json\/wp\/v2\/posts"}],"about":[{"href":"https:\/\/lasentinelle.dz\/index.php\/wp-json\/wp\/v2\/types\/post"}],"author":[{"embeddable":true,"href":"https:\/\/lasentinelle.dz\/index.php\/wp-json\/wp\/v2\/users\/3"}],"replies":[{"embeddable":true,"href":"https:\/\/lasentinelle.dz\/index.php\/wp-json\/wp\/v2\/comments?post=32320"}],"version-history":[{"count":1,"href":"https:\/\/lasentinelle.dz\/index.php\/wp-json\/wp\/v2\/posts\/32320\/revisions"}],"predecessor-version":[{"id":32350,"href":"https:\/\/lasentinelle.dz\/index.php\/wp-json\/wp\/v2\/posts\/32320\/revisions\/32350"}],"wp:featuredmedia":[{"embeddable":true,"href":"https:\/\/lasentinelle.dz\/index.php\/wp-json\/wp\/v2\/media\/32348"}],"wp:attachment":[{"href":"https:\/\/lasentinelle.dz\/index.php\/wp-json\/wp\/v2\/media?parent=32320"}],"wp:term":[{"taxonomy":"category","embeddable":true,"href":"https:\/\/lasentinelle.dz\/index.php\/wp-json\/wp\/v2\/categories?post=32320"},{"taxonomy":"post_tag","embeddable":true,"href":"https:\/\/lasentinelle.dz\/index.php\/wp-json\/wp\/v2\/tags?post=32320"}],"curies":[{"name":"wp","href":"https:\/\/api.w.org\/{rel}","templated":true}]}}