{"id":32358,"date":"2022-12-10T22:10:00","date_gmt":"2022-12-10T21:10:00","guid":{"rendered":"https:\/\/lasentinelle.dz\/?p=32358"},"modified":"2022-12-10T21:06:46","modified_gmt":"2022-12-10T20:06:46","slug":"question-memorielle-tebboune-reaffirme-ses-engagements","status":"publish","type":"post","link":"https:\/\/lasentinelle.dz\/index.php\/2022\/12\/10\/question-memorielle-tebboune-reaffirme-ses-engagements\/","title":{"rendered":"Question m\u00e9morielle\u00a0: Tebboune r\u00e9affirme ses engagements"},"content":{"rendered":"\n<p>Le pr\u00e9sident de la R\u00e9publique, Abdelmadjid Tebboune, a r\u00e9affirm\u00e9 hier ses engagements en ce qui concerne le dossier de la m\u00e9moire et a rappel\u00e9 que la commission mixte d&rsquo;historiens alg\u00e9riens et fran\u00e7aisaura la charge de traiter le dossier en s\u2019attelant \u00ab&nbsp;\u00e0 faire ressortir la v\u00e9rit\u00e9&nbsp;\u00bb.<\/p>\n\n\n\n<p>Dans un message adress\u00e9 \u00e0 la veille de la comm\u00e9moration de l&rsquo;anniversaire des manifestations du 11 d\u00e9cembre 1960, le Pr\u00e9sident de la R\u00e9publique Abdelmadjid Tebboune a tenu \u00e0 r\u00e9it\u00e8rer son plein engagement \u00e0 ce que la m\u00e9moire demeure parmi les plus importantes priorit\u00e9s. Il a rappel\u00e9 dans ce sens, l\u2019importance des manifestations du 11 d\u00e9cembre 1960 dans le combat du peuple alg\u00e9rien pour le recouvrement de sa souverainet\u00e9 et indiqu\u00e9 que cet \u00e9v\u00e9nement a \u00ab&nbsp;acc\u00e9l\u00e9r\u00e9 l&rsquo;internationalisation de la question alg\u00e9rienne et son examen au sein de l&rsquo;ONU, ces cris qui s&rsquo;\u00e9taient \u00e9lev\u00e9s contre le colonisateur inique dans plusieurs villes du pays ayant eu un \u00e9cho d\u00e9terminant au double plan interne et externe, contribuant ainsi au renforcement des d\u00e9marches diplomatiques et m\u00e9diatiques du Gouvernement provisoire \u00e0 l&rsquo;\u00e9poque, et augurant d&rsquo;un triomphe imminent et indubitable&nbsp;\u00bb.<\/p>\n\n\n\n<p>Soulignant l\u2019importance de pr\u00e9server la m\u00e9moire, le pr\u00e9sident de la R\u00e9publique a indiqu\u00e9 dans son message que \u00ab&nbsp;le devoir national nous appelle, constamment, \u00e0 sauvegarder notre histoire et \u00e0 renforcer le front de d\u00e9fense de la m\u00e9moire nationale face \u00e0 ceux qui pr\u00f4nent son maintien dans l&rsquo;oubli&nbsp;\u00bb. Et de souligner l\u2019importance de mener la lutte aujourd\u2019hui pour faire valoir les droits du peuple alg\u00e9rien pour ce qui est de la question m\u00e9morielle. \u00ab (\u2026)&nbsp;<\/p>\n\n\n\n<p>le discours impr\u00e9gn\u00e9 d&rsquo;expressions de patriotisme ne suffit pas, mais il importe de faire preuve de volont\u00e9 et de courage pour arracher le droit du peuple alg\u00e9rien, imprescriptible et inali\u00e9nable qui ne peut faire l&rsquo;objet de marchandage&nbsp;\u00bb, \u00e9crit le Pr\u00e9sident Tebboune lequel rappelle dans ce contexte toute l\u2019importance que rev\u00eat le travail de m\u00e9moire que les historiens auront \u00e0 mener dans le&nbsp; cadre de la commission mixte alg\u00e9ro-fran\u00e7aise pr\u00e9vue par la D\u00e9claration d\u2019Alger sign\u00e9 \u00e0 l\u2019occasion de la visite du pr\u00e9sident fran\u00e7ais Emmanuel Macron \u00e0 Alger au mois d\u2019ao\u00fbt dernier. Ainsi, quelques jours apr\u00e8s avoir re\u00e7u les cinq historiens qu\u2019il a d\u00e9sign\u00e9s pour si\u00e9ger au sein de cette commission, le pr\u00e9sident de la R\u00e9publique a indiqu\u00e9 hier que \u00ab&nbsp;le processus que nous empruntons, avec sinc\u00e9rit\u00e9 et fermet\u00e9, a n\u00e9cessit\u00e9 la cr\u00e9ation d&rsquo;un m\u00e9canisme dans le cadre de concertations politiques de haut niveaux, \u00e0 savoir la mise en place d&rsquo;une commission mixte d&rsquo;historiens alg\u00e9riens et fran\u00e7ais \u00e0 laquelle sera d\u00e9volu le traitement du dossier de l&rsquo;histoire et de la m\u00e9moire, en s&rsquo;attelant, de par sa sp\u00e9cialisation, \u00e0 la recherche historique, l&rsquo;examen approfondi et la rigueur dans son travail pour faire ressortir la v\u00e9rit\u00e9&nbsp;\u00bb.<\/p>\n\n\n\n<p><strong>Bilan d\u2019\u00e9tape<\/strong><\/p>\n\n\n\n<p>Le pr\u00e9sident de la R\u00e9publique a \u00e9galement saisi l\u2019occasion de la c\u00e9l\u00e9bration de cette importante date historique pour faire un bilan de son actionquelques jours avant de boucler les trois ans de son mandat, tout en r\u00e9affirmant ses engagements politiques. Abdelmadjid Tebboune indique dans son message qu\u2019au \u00ab&nbsp;moment o\u00f9 nous comm\u00e9morons cet anniversaire historique, \u00e0 la veille du 3\u00e8me anniversaire de l&rsquo;\u00e9lection pr\u00e9sidentielle durant laquelle vous avez plac\u00e9 votre confiance en ma personne, je r\u00e9it\u00e8re mon plein engagement \u00e0 ce que l&rsquo;histoire et la m\u00e9moire demeurent parmi mes plus importantes priorit\u00e9s&nbsp;\u00bb. \u00ab&nbsp;L&rsquo;Alg\u00e9rie nouvelle \u00e0 laquelle nous aspirons tous, doit \u00eatre celle qui fait de ses journ\u00e9es m\u00e9morables des lanternes qui \u00e9clairent la voie juste trac\u00e9e et suivie par nos valeureux Chouhada et Moudjahidine. C&rsquo;est la voie que nous avons emprunt\u00e9e avec des pas successifs vers l&rsquo;\u00e9dification des institutions, l&rsquo;instauration d&rsquo;un Etat de droit et de la loi, la r\u00e9union des conditions favorables \u00e0 la relance \u00e9conomique et au d\u00e9veloppement social \u00e0 travers des strat\u00e9gies et des programmes en cours de mise en \u0153uvre, avec rigueur, \u00e0 travers le pays. Des programmes dont nous assurons un suivi permanent par fid\u00e9lit\u00e9 \u00e0 nos engagements devant le brave peuple alg\u00e9rien\u00a0\u00bb, a-t-il soutenu.<\/p>\n\n\n\n<p><strong>Chokri Hafed<\/strong><\/p>\n","protected":false},"excerpt":{"rendered":"<p>Le pr\u00e9sident de la R\u00e9publique, Abdelmadjid Tebboune, a r\u00e9affirm\u00e9 hier ses engagements en ce qui concerne le dossier de la<\/p>\n","protected":false},"author":3,"featured_media":32359,"comment_status":"open","ping_status":"closed","sticky":false,"template":"","format":"standard","meta":{"colormag_page_container_layout":"default_layout","colormag_page_sidebar_layout":"default_layout","om_disable_all_campaigns":false,"_monsterinsights_skip_tracking":false,"_monsterinsights_sitenote_active":false,"_monsterinsights_sitenote_note":"","_monsterinsights_sitenote_category":0,"footnotes":"","_wpscppro_dont_share_socialmedia":false,"_wpscppro_custom_social_share_image":0,"_facebook_share_type":"","_twitter_share_type":"","_linkedin_share_type":"","_pinterest_share_type":"","_linkedin_share_type_page":"","_instagram_share_type":"","_medium_share_type":"","_threads_share_type":"","_google_business_share_type":"","_selected_social_profile":[],"_wpsp_enable_custom_social_template":false,"_wpsp_social_scheduling":{"enabled":false,"datetime":null,"platforms":[],"status":"template_only","dateOption":"today","timeOption":"now","customDays":"","customHours":"","customDate":"","customTime":"","schedulingType":"absolute"},"_wpsp_active_default_template":true},"categories":[52,27],"tags":[],"class_list":["post-32358","post","type-post","status-publish","format-standard","has-post-thumbnail","hentry","category-a-la-une","category-actualite"],"aioseo_notices":[],"yoast_head":"<!-- This site is optimized with the Yoast SEO plugin v27.5 - https:\/\/yoast.com\/product\/yoast-seo-wordpress\/ -->\n<title>Question m\u00e9morielle\u00a0: Tebboune r\u00e9affirme ses engagements - La Sentinelle<\/title>\n<meta name=\"robots\" content=\"index, follow, max-snippet:-1, max-image-preview:large, max-video-preview:-1\" \/>\n<link rel=\"canonical\" href=\"https:\/\/lasentinelle.dz\/index.php\/2022\/12\/10\/question-memorielle-tebboune-reaffirme-ses-engagements\/\" \/>\n<meta property=\"og:locale\" content=\"fr_FR\" \/>\n<meta property=\"og:type\" content=\"article\" \/>\n<meta property=\"og:title\" content=\"Question m\u00e9morielle\u00a0: Tebboune r\u00e9affirme ses engagements - La Sentinelle\" \/>\n<meta property=\"og:description\" content=\"Le pr\u00e9sident de la R\u00e9publique, Abdelmadjid Tebboune, a r\u00e9affirm\u00e9 hier ses engagements en ce qui concerne le dossier de la\" \/>\n<meta property=\"og:url\" content=\"https:\/\/lasentinelle.dz\/index.php\/2022\/12\/10\/question-memorielle-tebboune-reaffirme-ses-engagements\/\" \/>\n<meta property=\"og:site_name\" content=\"La Sentinelle\" \/>\n<meta property=\"article:publisher\" content=\"https:\/\/www.facebook.com\/La-Sentinelle-104059864394773\" \/>\n<meta property=\"article:published_time\" content=\"2022-12-10T21:10:00+00:00\" \/>\n<meta property=\"og:image\" content=\"https:\/\/lasentinelle.dz\/wp-content\/uploads\/2022\/12\/tebboune-2.png\" \/>\n\t<meta property=\"og:image:width\" content=\"1600\" \/>\n\t<meta property=\"og:image:height\" content=\"900\" \/>\n\t<meta property=\"og:image:type\" content=\"image\/png\" \/>\n<meta name=\"author\" content=\"La Sentinelle\" \/>\n<meta name=\"twitter:card\" content=\"summary_large_image\" \/>\n<meta name=\"twitter:label1\" content=\"\u00c9crit par\" \/>\n\t<meta name=\"twitter:data1\" content=\"La Sentinelle\" \/>\n\t<meta name=\"twitter:label2\" content=\"Dur\u00e9e de lecture estim\u00e9e\" \/>\n\t<meta name=\"twitter:data2\" content=\"4 minutes\" \/>\n<script type=\"application\/ld+json\" class=\"yoast-schema-graph\">{\"@context\":\"https:\\\/\\\/schema.org\",\"@graph\":[{\"@type\":\"Article\",\"@id\":\"https:\\\/\\\/lasentinelle.dz\\\/index.php\\\/2022\\\/12\\\/10\\\/question-memorielle-tebboune-reaffirme-ses-engagements\\\/#article\",\"isPartOf\":{\"@id\":\"https:\\\/\\\/lasentinelle.dz\\\/index.php\\\/2022\\\/12\\\/10\\\/question-memorielle-tebboune-reaffirme-ses-engagements\\\/\"},\"author\":{\"name\":\"La Sentinelle\",\"@id\":\"https:\\\/\\\/lasentinelle.dz\\\/#\\\/schema\\\/person\\\/d865044e22e70a75174ce8bcad3acfb3\"},\"headline\":\"Question m\u00e9morielle\u00a0: Tebboune r\u00e9affirme ses engagements\",\"datePublished\":\"2022-12-10T21:10:00+00:00\",\"mainEntityOfPage\":{\"@id\":\"https:\\\/\\\/lasentinelle.dz\\\/index.php\\\/2022\\\/12\\\/10\\\/question-memorielle-tebboune-reaffirme-ses-engagements\\\/\"},\"wordCount\":763,\"commentCount\":0,\"publisher\":{\"@id\":\"https:\\\/\\\/lasentinelle.dz\\\/#organization\"},\"image\":{\"@id\":\"https:\\\/\\\/lasentinelle.dz\\\/index.php\\\/2022\\\/12\\\/10\\\/question-memorielle-tebboune-reaffirme-ses-engagements\\\/#primaryimage\"},\"thumbnailUrl\":\"https:\\\/\\\/lasentinelle.dz\\\/wp-content\\\/uploads\\\/2022\\\/12\\\/tebboune-2.png\",\"articleSection\":[\"\u00c0 la Une\",\"Actualit\u00e9\"],\"inLanguage\":\"fr-FR\",\"potentialAction\":[{\"@type\":\"CommentAction\",\"name\":\"Comment\",\"target\":[\"https:\\\/\\\/lasentinelle.dz\\\/index.php\\\/2022\\\/12\\\/10\\\/question-memorielle-tebboune-reaffirme-ses-engagements\\\/#respond\"]}]},{\"@type\":\"WebPage\",\"@id\":\"https:\\\/\\\/lasentinelle.dz\\\/index.php\\\/2022\\\/12\\\/10\\\/question-memorielle-tebboune-reaffirme-ses-engagements\\\/\",\"url\":\"https:\\\/\\\/lasentinelle.dz\\\/index.php\\\/2022\\\/12\\\/10\\\/question-memorielle-tebboune-reaffirme-ses-engagements\\\/\",\"name\":\"Question m\u00e9morielle\u00a0: Tebboune r\u00e9affirme ses engagements - La Sentinelle\",\"isPartOf\":{\"@id\":\"https:\\\/\\\/lasentinelle.dz\\\/#website\"},\"primaryImageOfPage\":{\"@id\":\"https:\\\/\\\/lasentinelle.dz\\\/index.php\\\/2022\\\/12\\\/10\\\/question-memorielle-tebboune-reaffirme-ses-engagements\\\/#primaryimage\"},\"image\":{\"@id\":\"https:\\\/\\\/lasentinelle.dz\\\/index.php\\\/2022\\\/12\\\/10\\\/question-memorielle-tebboune-reaffirme-ses-engagements\\\/#primaryimage\"},\"thumbnailUrl\":\"https:\\\/\\\/lasentinelle.dz\\\/wp-content\\\/uploads\\\/2022\\\/12\\\/tebboune-2.png\",\"datePublished\":\"2022-12-10T21:10:00+00:00\",\"breadcrumb\":{\"@id\":\"https:\\\/\\\/lasentinelle.dz\\\/index.php\\\/2022\\\/12\\\/10\\\/question-memorielle-tebboune-reaffirme-ses-engagements\\\/#breadcrumb\"},\"inLanguage\":\"fr-FR\",\"potentialAction\":[{\"@type\":\"ReadAction\",\"target\":[\"https:\\\/\\\/lasentinelle.dz\\\/index.php\\\/2022\\\/12\\\/10\\\/question-memorielle-tebboune-reaffirme-ses-engagements\\\/\"]}]},{\"@type\":\"ImageObject\",\"inLanguage\":\"fr-FR\",\"@id\":\"https:\\\/\\\/lasentinelle.dz\\\/index.php\\\/2022\\\/12\\\/10\\\/question-memorielle-tebboune-reaffirme-ses-engagements\\\/#primaryimage\",\"url\":\"https:\\\/\\\/lasentinelle.dz\\\/wp-content\\\/uploads\\\/2022\\\/12\\\/tebboune-2.png\",\"contentUrl\":\"https:\\\/\\\/lasentinelle.dz\\\/wp-content\\\/uploads\\\/2022\\\/12\\\/tebboune-2.png\",\"width\":1600,\"height\":900},{\"@type\":\"BreadcrumbList\",\"@id\":\"https:\\\/\\\/lasentinelle.dz\\\/index.php\\\/2022\\\/12\\\/10\\\/question-memorielle-tebboune-reaffirme-ses-engagements\\\/#breadcrumb\",\"itemListElement\":[{\"@type\":\"ListItem\",\"position\":1,\"name\":\"Accueil\",\"item\":\"https:\\\/\\\/lasentinelle.dz\\\/\"},{\"@type\":\"ListItem\",\"position\":2,\"name\":\"Question m\u00e9morielle\u00a0: Tebboune r\u00e9affirme ses engagements\"}]},{\"@type\":\"WebSite\",\"@id\":\"https:\\\/\\\/lasentinelle.dz\\\/#website\",\"url\":\"https:\\\/\\\/lasentinelle.dz\\\/\",\"name\":\"La Sentinelle\",\"description\":\"Quotidien national d&#039;information\",\"publisher\":{\"@id\":\"https:\\\/\\\/lasentinelle.dz\\\/#organization\"},\"potentialAction\":[{\"@type\":\"SearchAction\",\"target\":{\"@type\":\"EntryPoint\",\"urlTemplate\":\"https:\\\/\\\/lasentinelle.dz\\\/?s={search_term_string}\"},\"query-input\":{\"@type\":\"PropertyValueSpecification\",\"valueRequired\":true,\"valueName\":\"search_term_string\"}}],\"inLanguage\":\"fr-FR\"},{\"@type\":\"Organization\",\"@id\":\"https:\\\/\\\/lasentinelle.dz\\\/#organization\",\"name\":\"Quotidien La Sentinelle\",\"url\":\"https:\\\/\\\/lasentinelle.dz\\\/\",\"logo\":{\"@type\":\"ImageObject\",\"inLanguage\":\"fr-FR\",\"@id\":\"https:\\\/\\\/lasentinelle.dz\\\/#\\\/schema\\\/logo\\\/image\\\/\",\"url\":\"https:\\\/\\\/lasentinelle.dz\\\/wp-content\\\/uploads\\\/2021\\\/09\\\/logo-sentinelleSLOGAN-1.png\",\"contentUrl\":\"https:\\\/\\\/lasentinelle.dz\\\/wp-content\\\/uploads\\\/2021\\\/09\\\/logo-sentinelleSLOGAN-1.png\",\"width\":615,\"height\":142,\"caption\":\"Quotidien La Sentinelle\"},\"image\":{\"@id\":\"https:\\\/\\\/lasentinelle.dz\\\/#\\\/schema\\\/logo\\\/image\\\/\"},\"sameAs\":[\"https:\\\/\\\/www.facebook.com\\\/La-Sentinelle-104059864394773\"]},{\"@type\":\"Person\",\"@id\":\"https:\\\/\\\/lasentinelle.dz\\\/#\\\/schema\\\/person\\\/d865044e22e70a75174ce8bcad3acfb3\",\"name\":\"La Sentinelle\",\"image\":{\"@type\":\"ImageObject\",\"inLanguage\":\"fr-FR\",\"@id\":\"https:\\\/\\\/secure.gravatar.com\\\/avatar\\\/57de8e5d4b15d43fb361a71fbb36338450fe67865b528a43dd10ef7c51a20392?s=96&d=mm&r=g\",\"url\":\"https:\\\/\\\/secure.gravatar.com\\\/avatar\\\/57de8e5d4b15d43fb361a71fbb36338450fe67865b528a43dd10ef7c51a20392?s=96&d=mm&r=g\",\"contentUrl\":\"https:\\\/\\\/secure.gravatar.com\\\/avatar\\\/57de8e5d4b15d43fb361a71fbb36338450fe67865b528a43dd10ef7c51a20392?s=96&d=mm&r=g\",\"caption\":\"La Sentinelle\"},\"sameAs\":[\"http:\\\/\\\/www.lasentinelle.dz\"],\"url\":\"https:\\\/\\\/lasentinelle.dz\\\/author\\\/redaction\\\/\"}]}<\/script>\n<!-- \/ Yoast SEO plugin. -->","yoast_head_json":{"title":"Question m\u00e9morielle\u00a0: Tebboune r\u00e9affirme ses engagements - La Sentinelle","robots":{"index":"index","follow":"follow","max-snippet":"max-snippet:-1","max-image-preview":"max-image-preview:large","max-video-preview":"max-video-preview:-1"},"canonical":"https:\/\/lasentinelle.dz\/index.php\/2022\/12\/10\/question-memorielle-tebboune-reaffirme-ses-engagements\/","og_locale":"fr_FR","og_type":"article","og_title":"Question m\u00e9morielle\u00a0: Tebboune r\u00e9affirme ses engagements - La Sentinelle","og_description":"Le pr\u00e9sident de la R\u00e9publique, Abdelmadjid Tebboune, a r\u00e9affirm\u00e9 hier ses engagements en ce qui concerne le dossier de la","og_url":"https:\/\/lasentinelle.dz\/index.php\/2022\/12\/10\/question-memorielle-tebboune-reaffirme-ses-engagements\/","og_site_name":"La Sentinelle","article_publisher":"https:\/\/www.facebook.com\/La-Sentinelle-104059864394773","article_published_time":"2022-12-10T21:10:00+00:00","og_image":[{"width":1600,"height":900,"url":"https:\/\/lasentinelle.dz\/wp-content\/uploads\/2022\/12\/tebboune-2.png","type":"image\/png"}],"author":"La Sentinelle","twitter_card":"summary_large_image","twitter_misc":{"\u00c9crit par":"La Sentinelle","Dur\u00e9e de lecture estim\u00e9e":"4 minutes"},"schema":{"@context":"https:\/\/schema.org","@graph":[{"@type":"Article","@id":"https:\/\/lasentinelle.dz\/index.php\/2022\/12\/10\/question-memorielle-tebboune-reaffirme-ses-engagements\/#article","isPartOf":{"@id":"https:\/\/lasentinelle.dz\/index.php\/2022\/12\/10\/question-memorielle-tebboune-reaffirme-ses-engagements\/"},"author":{"name":"La Sentinelle","@id":"https:\/\/lasentinelle.dz\/#\/schema\/person\/d865044e22e70a75174ce8bcad3acfb3"},"headline":"Question m\u00e9morielle\u00a0: Tebboune r\u00e9affirme ses engagements","datePublished":"2022-12-10T21:10:00+00:00","mainEntityOfPage":{"@id":"https:\/\/lasentinelle.dz\/index.php\/2022\/12\/10\/question-memorielle-tebboune-reaffirme-ses-engagements\/"},"wordCount":763,"commentCount":0,"publisher":{"@id":"https:\/\/lasentinelle.dz\/#organization"},"image":{"@id":"https:\/\/lasentinelle.dz\/index.php\/2022\/12\/10\/question-memorielle-tebboune-reaffirme-ses-engagements\/#primaryimage"},"thumbnailUrl":"https:\/\/lasentinelle.dz\/wp-content\/uploads\/2022\/12\/tebboune-2.png","articleSection":["\u00c0 la Une","Actualit\u00e9"],"inLanguage":"fr-FR","potentialAction":[{"@type":"CommentAction","name":"Comment","target":["https:\/\/lasentinelle.dz\/index.php\/2022\/12\/10\/question-memorielle-tebboune-reaffirme-ses-engagements\/#respond"]}]},{"@type":"WebPage","@id":"https:\/\/lasentinelle.dz\/index.php\/2022\/12\/10\/question-memorielle-tebboune-reaffirme-ses-engagements\/","url":"https:\/\/lasentinelle.dz\/index.php\/2022\/12\/10\/question-memorielle-tebboune-reaffirme-ses-engagements\/","name":"Question m\u00e9morielle\u00a0: Tebboune r\u00e9affirme ses engagements - La Sentinelle","isPartOf":{"@id":"https:\/\/lasentinelle.dz\/#website"},"primaryImageOfPage":{"@id":"https:\/\/lasentinelle.dz\/index.php\/2022\/12\/10\/question-memorielle-tebboune-reaffirme-ses-engagements\/#primaryimage"},"image":{"@id":"https:\/\/lasentinelle.dz\/index.php\/2022\/12\/10\/question-memorielle-tebboune-reaffirme-ses-engagements\/#primaryimage"},"thumbnailUrl":"https:\/\/lasentinelle.dz\/wp-content\/uploads\/2022\/12\/tebboune-2.png","datePublished":"2022-12-10T21:10:00+00:00","breadcrumb":{"@id":"https:\/\/lasentinelle.dz\/index.php\/2022\/12\/10\/question-memorielle-tebboune-reaffirme-ses-engagements\/#breadcrumb"},"inLanguage":"fr-FR","potentialAction":[{"@type":"ReadAction","target":["https:\/\/lasentinelle.dz\/index.php\/2022\/12\/10\/question-memorielle-tebboune-reaffirme-ses-engagements\/"]}]},{"@type":"ImageObject","inLanguage":"fr-FR","@id":"https:\/\/lasentinelle.dz\/index.php\/2022\/12\/10\/question-memorielle-tebboune-reaffirme-ses-engagements\/#primaryimage","url":"https:\/\/lasentinelle.dz\/wp-content\/uploads\/2022\/12\/tebboune-2.png","contentUrl":"https:\/\/lasentinelle.dz\/wp-content\/uploads\/2022\/12\/tebboune-2.png","width":1600,"height":900},{"@type":"BreadcrumbList","@id":"https:\/\/lasentinelle.dz\/index.php\/2022\/12\/10\/question-memorielle-tebboune-reaffirme-ses-engagements\/#breadcrumb","itemListElement":[{"@type":"ListItem","position":1,"name":"Accueil","item":"https:\/\/lasentinelle.dz\/"},{"@type":"ListItem","position":2,"name":"Question m\u00e9morielle\u00a0: Tebboune r\u00e9affirme ses engagements"}]},{"@type":"WebSite","@id":"https:\/\/lasentinelle.dz\/#website","url":"https:\/\/lasentinelle.dz\/","name":"La Sentinelle","description":"Quotidien national d&#039;information","publisher":{"@id":"https:\/\/lasentinelle.dz\/#organization"},"potentialAction":[{"@type":"SearchAction","target":{"@type":"EntryPoint","urlTemplate":"https:\/\/lasentinelle.dz\/?s={search_term_string}"},"query-input":{"@type":"PropertyValueSpecification","valueRequired":true,"valueName":"search_term_string"}}],"inLanguage":"fr-FR"},{"@type":"Organization","@id":"https:\/\/lasentinelle.dz\/#organization","name":"Quotidien La Sentinelle","url":"https:\/\/lasentinelle.dz\/","logo":{"@type":"ImageObject","inLanguage":"fr-FR","@id":"https:\/\/lasentinelle.dz\/#\/schema\/logo\/image\/","url":"https:\/\/lasentinelle.dz\/wp-content\/uploads\/2021\/09\/logo-sentinelleSLOGAN-1.png","contentUrl":"https:\/\/lasentinelle.dz\/wp-content\/uploads\/2021\/09\/logo-sentinelleSLOGAN-1.png","width":615,"height":142,"caption":"Quotidien La Sentinelle"},"image":{"@id":"https:\/\/lasentinelle.dz\/#\/schema\/logo\/image\/"},"sameAs":["https:\/\/www.facebook.com\/La-Sentinelle-104059864394773"]},{"@type":"Person","@id":"https:\/\/lasentinelle.dz\/#\/schema\/person\/d865044e22e70a75174ce8bcad3acfb3","name":"La Sentinelle","image":{"@type":"ImageObject","inLanguage":"fr-FR","@id":"https:\/\/secure.gravatar.com\/avatar\/57de8e5d4b15d43fb361a71fbb36338450fe67865b528a43dd10ef7c51a20392?s=96&d=mm&r=g","url":"https:\/\/secure.gravatar.com\/avatar\/57de8e5d4b15d43fb361a71fbb36338450fe67865b528a43dd10ef7c51a20392?s=96&d=mm&r=g","contentUrl":"https:\/\/secure.gravatar.com\/avatar\/57de8e5d4b15d43fb361a71fbb36338450fe67865b528a43dd10ef7c51a20392?s=96&d=mm&r=g","caption":"La Sentinelle"},"sameAs":["http:\/\/www.lasentinelle.dz"],"url":"https:\/\/lasentinelle.dz\/author\/redaction\/"}]}},"_links":{"self":[{"href":"https:\/\/lasentinelle.dz\/index.php\/wp-json\/wp\/v2\/posts\/32358","targetHints":{"allow":["GET"]}}],"collection":[{"href":"https:\/\/lasentinelle.dz\/index.php\/wp-json\/wp\/v2\/posts"}],"about":[{"href":"https:\/\/lasentinelle.dz\/index.php\/wp-json\/wp\/v2\/types\/post"}],"author":[{"embeddable":true,"href":"https:\/\/lasentinelle.dz\/index.php\/wp-json\/wp\/v2\/users\/3"}],"replies":[{"embeddable":true,"href":"https:\/\/lasentinelle.dz\/index.php\/wp-json\/wp\/v2\/comments?post=32358"}],"version-history":[{"count":1,"href":"https:\/\/lasentinelle.dz\/index.php\/wp-json\/wp\/v2\/posts\/32358\/revisions"}],"predecessor-version":[{"id":32362,"href":"https:\/\/lasentinelle.dz\/index.php\/wp-json\/wp\/v2\/posts\/32358\/revisions\/32362"}],"wp:featuredmedia":[{"embeddable":true,"href":"https:\/\/lasentinelle.dz\/index.php\/wp-json\/wp\/v2\/media\/32359"}],"wp:attachment":[{"href":"https:\/\/lasentinelle.dz\/index.php\/wp-json\/wp\/v2\/media?parent=32358"}],"wp:term":[{"taxonomy":"category","embeddable":true,"href":"https:\/\/lasentinelle.dz\/index.php\/wp-json\/wp\/v2\/categories?post=32358"},{"taxonomy":"post_tag","embeddable":true,"href":"https:\/\/lasentinelle.dz\/index.php\/wp-json\/wp\/v2\/tags?post=32358"}],"curies":[{"name":"wp","href":"https:\/\/api.w.org\/{rel}","templated":true}]}}