{"id":32368,"date":"2022-12-11T22:00:00","date_gmt":"2022-12-11T21:00:00","guid":{"rendered":"https:\/\/lasentinelle.dz\/?p=32368"},"modified":"2022-12-11T17:00:11","modified_gmt":"2022-12-11T16:00:11","slug":"__trashed-124","status":"publish","type":"post","link":"https:\/\/lasentinelle.dz\/index.php\/2022\/12\/11\/__trashed-124\/","title":{"rendered":"Turquie\u00a0: Erdogan songe \u00e0 passer le relais"},"content":{"rendered":"\n<p>Le pr\u00e9sident turc Recep Tayyip Erdogan a laiss\u00e9 entendre au d\u00e9but de la semaine qu&rsquo;il briguerait pour la derni\u00e8re fois un mandat pr\u00e9sidentiel, annon\u00e7ant qu&rsquo;il passerait ensuite le relais aux \u00abjeunes\u00bb.&nbsp; \u00abNous lancerons la construction du si\u00e8cle de la Turquie avec le soutien que nous demandons en notre nom pour la derni\u00e8re fois \u00e0 notre peuple en 2023\u00bb, a affirm\u00e9 le chef de l&rsquo;\u00c9tat turc lors d&rsquo;un discours \u00e0 Samsun, dans le nord du pays, laissant entendre qu&rsquo;en cas de victoire aux \u00e9lections de 2023, ce serait son dernier mandat. \u00abNous remettrons ce drapeau sacr\u00e9 \u00e0 nos jeunes\u00bb, a-t-il ajout\u00e9. \u00c0 l&rsquo;approche des scrutins pr\u00e9sidentiel et l\u00e9gislatif pr\u00e9vus en juin 2023, Recep Tayyip Erdogan, au pouvoir depuis 2003 et son parti islamo-conservateur, l&rsquo;AKP, esp\u00e8rent bien garder les r\u00eanes du pays. Mais le pr\u00e9sident turc doit faire face \u00e0 de nombreux d\u00e9fis, dont une inflation qui atteint 84,4%. En octobre, Recep Tayyip Erdogan avait r\u00e9it\u00e9r\u00e9 son souhait de longue date de pr\u00e9parer une nouvelle constitution turque qui serait \u00abd\u00e9mocratique, simple et visionnaire\u00bb. Ce projet avait \u00e9t\u00e9 per\u00e7u par certains observateurs comme une volont\u00e9 d&rsquo;amender la limite de deux mandats pr\u00e9sidentiels maximum, pr\u00e9vus par la constitution turque.<\/p>\n\n\n\n<p><strong>R.I.<\/strong><\/p>\n","protected":false},"excerpt":{"rendered":"<p>Le pr\u00e9sident turc Recep Tayyip Erdogan a laiss\u00e9 entendre au d\u00e9but de la semaine qu&rsquo;il briguerait pour la derni\u00e8re fois<\/p>\n","protected":false},"author":2,"featured_media":32382,"comment_status":"open","ping_status":"closed","sticky":false,"template":"","format":"standard","meta":{"colormag_page_container_layout":"default_layout","colormag_page_sidebar_layout":"default_layout","om_disable_all_campaigns":false,"_monsterinsights_skip_tracking":false,"_monsterinsights_sitenote_active":false,"_monsterinsights_sitenote_note":"","_monsterinsights_sitenote_category":0,"footnotes":"","_wpscppro_dont_share_socialmedia":false,"_wpscppro_custom_social_share_image":0,"_facebook_share_type":"","_twitter_share_type":"","_linkedin_share_type":"","_pinterest_share_type":"","_linkedin_share_type_page":"","_instagram_share_type":"","_medium_share_type":"","_threads_share_type":"","_google_business_share_type":"","_selected_social_profile":[],"_wpsp_enable_custom_social_template":false,"_wpsp_social_scheduling":{"enabled":false,"datetime":null,"platforms":[],"status":"template_only","dateOption":"today","timeOption":"now","customDays":"","customHours":"","customDate":"","customTime":"","schedulingType":"absolute"},"_wpsp_active_default_template":true},"categories":[37],"tags":[],"class_list":["post-32368","post","type-post","status-publish","format-standard","has-post-thumbnail","hentry","category-monde"],"aioseo_notices":[],"yoast_head":"<!-- This site is optimized with the Yoast SEO plugin v27.5 - https:\/\/yoast.com\/product\/yoast-seo-wordpress\/ -->\n<title>Turquie\u00a0: Erdogan songe \u00e0 passer le relais - La Sentinelle<\/title>\n<meta name=\"robots\" content=\"index, follow, max-snippet:-1, max-image-preview:large, max-video-preview:-1\" \/>\n<link rel=\"canonical\" href=\"https:\/\/lasentinelle.dz\/index.php\/2022\/12\/11\/__trashed-124\/\" \/>\n<meta property=\"og:locale\" content=\"fr_FR\" \/>\n<meta property=\"og:type\" content=\"article\" \/>\n<meta property=\"og:title\" content=\"Turquie\u00a0: Erdogan songe \u00e0 passer le relais - La Sentinelle\" \/>\n<meta property=\"og:description\" content=\"Le pr\u00e9sident turc Recep Tayyip Erdogan a laiss\u00e9 entendre au d\u00e9but de la semaine qu&rsquo;il briguerait pour la derni\u00e8re fois\" \/>\n<meta property=\"og:url\" content=\"https:\/\/lasentinelle.dz\/index.php\/2022\/12\/11\/__trashed-124\/\" \/>\n<meta property=\"og:site_name\" content=\"La Sentinelle\" \/>\n<meta property=\"article:publisher\" content=\"https:\/\/www.facebook.com\/La-Sentinelle-104059864394773\" \/>\n<meta property=\"article:published_time\" content=\"2022-12-11T21:00:00+00:00\" \/>\n<meta property=\"og:image\" content=\"https:\/\/lasentinelle.dz\/wp-content\/uploads\/2022\/12\/image_2022-12-11_165958407.png\" \/>\n\t<meta property=\"og:image:width\" content=\"864\" \/>\n\t<meta property=\"og:image:height\" content=\"486\" \/>\n\t<meta property=\"og:image:type\" content=\"image\/png\" \/>\n<meta name=\"author\" content=\"Azzedine Belferag\" \/>\n<meta name=\"twitter:card\" content=\"summary_large_image\" \/>\n<meta name=\"twitter:label1\" content=\"\u00c9crit par\" \/>\n\t<meta name=\"twitter:data1\" content=\"Azzedine Belferag\" \/>\n\t<meta name=\"twitter:label2\" content=\"Dur\u00e9e de lecture estim\u00e9e\" \/>\n\t<meta name=\"twitter:data2\" content=\"2 minutes\" \/>\n<script type=\"application\/ld+json\" class=\"yoast-schema-graph\">{\"@context\":\"https:\\\/\\\/schema.org\",\"@graph\":[{\"@type\":\"Article\",\"@id\":\"https:\\\/\\\/lasentinelle.dz\\\/index.php\\\/2022\\\/12\\\/11\\\/__trashed-124\\\/#article\",\"isPartOf\":{\"@id\":\"https:\\\/\\\/lasentinelle.dz\\\/index.php\\\/2022\\\/12\\\/11\\\/__trashed-124\\\/\"},\"author\":{\"name\":\"Azzedine Belferag\",\"@id\":\"https:\\\/\\\/lasentinelle.dz\\\/#\\\/schema\\\/person\\\/e22c868643946ece5f328ac9d185b29f\"},\"headline\":\"Turquie\u00a0: Erdogan songe \u00e0 passer le relais\",\"datePublished\":\"2022-12-11T21:00:00+00:00\",\"mainEntityOfPage\":{\"@id\":\"https:\\\/\\\/lasentinelle.dz\\\/index.php\\\/2022\\\/12\\\/11\\\/__trashed-124\\\/\"},\"wordCount\":223,\"commentCount\":0,\"publisher\":{\"@id\":\"https:\\\/\\\/lasentinelle.dz\\\/#organization\"},\"image\":{\"@id\":\"https:\\\/\\\/lasentinelle.dz\\\/index.php\\\/2022\\\/12\\\/11\\\/__trashed-124\\\/#primaryimage\"},\"thumbnailUrl\":\"https:\\\/\\\/lasentinelle.dz\\\/wp-content\\\/uploads\\\/2022\\\/12\\\/image_2022-12-11_165958407.png\",\"articleSection\":[\"Monde\"],\"inLanguage\":\"fr-FR\",\"potentialAction\":[{\"@type\":\"CommentAction\",\"name\":\"Comment\",\"target\":[\"https:\\\/\\\/lasentinelle.dz\\\/index.php\\\/2022\\\/12\\\/11\\\/__trashed-124\\\/#respond\"]}]},{\"@type\":\"WebPage\",\"@id\":\"https:\\\/\\\/lasentinelle.dz\\\/index.php\\\/2022\\\/12\\\/11\\\/__trashed-124\\\/\",\"url\":\"https:\\\/\\\/lasentinelle.dz\\\/index.php\\\/2022\\\/12\\\/11\\\/__trashed-124\\\/\",\"name\":\"Turquie\u00a0: Erdogan songe \u00e0 passer le relais - La Sentinelle\",\"isPartOf\":{\"@id\":\"https:\\\/\\\/lasentinelle.dz\\\/#website\"},\"primaryImageOfPage\":{\"@id\":\"https:\\\/\\\/lasentinelle.dz\\\/index.php\\\/2022\\\/12\\\/11\\\/__trashed-124\\\/#primaryimage\"},\"image\":{\"@id\":\"https:\\\/\\\/lasentinelle.dz\\\/index.php\\\/2022\\\/12\\\/11\\\/__trashed-124\\\/#primaryimage\"},\"thumbnailUrl\":\"https:\\\/\\\/lasentinelle.dz\\\/wp-content\\\/uploads\\\/2022\\\/12\\\/image_2022-12-11_165958407.png\",\"datePublished\":\"2022-12-11T21:00:00+00:00\",\"breadcrumb\":{\"@id\":\"https:\\\/\\\/lasentinelle.dz\\\/index.php\\\/2022\\\/12\\\/11\\\/__trashed-124\\\/#breadcrumb\"},\"inLanguage\":\"fr-FR\",\"potentialAction\":[{\"@type\":\"ReadAction\",\"target\":[\"https:\\\/\\\/lasentinelle.dz\\\/index.php\\\/2022\\\/12\\\/11\\\/__trashed-124\\\/\"]}]},{\"@type\":\"ImageObject\",\"inLanguage\":\"fr-FR\",\"@id\":\"https:\\\/\\\/lasentinelle.dz\\\/index.php\\\/2022\\\/12\\\/11\\\/__trashed-124\\\/#primaryimage\",\"url\":\"https:\\\/\\\/lasentinelle.dz\\\/wp-content\\\/uploads\\\/2022\\\/12\\\/image_2022-12-11_165958407.png\",\"contentUrl\":\"https:\\\/\\\/lasentinelle.dz\\\/wp-content\\\/uploads\\\/2022\\\/12\\\/image_2022-12-11_165958407.png\",\"width\":864,\"height\":486},{\"@type\":\"BreadcrumbList\",\"@id\":\"https:\\\/\\\/lasentinelle.dz\\\/index.php\\\/2022\\\/12\\\/11\\\/__trashed-124\\\/#breadcrumb\",\"itemListElement\":[{\"@type\":\"ListItem\",\"position\":1,\"name\":\"Accueil\",\"item\":\"https:\\\/\\\/lasentinelle.dz\\\/\"},{\"@type\":\"ListItem\",\"position\":2,\"name\":\"Turquie\u00a0: Erdogan songe \u00e0 passer le relais\"}]},{\"@type\":\"WebSite\",\"@id\":\"https:\\\/\\\/lasentinelle.dz\\\/#website\",\"url\":\"https:\\\/\\\/lasentinelle.dz\\\/\",\"name\":\"La Sentinelle\",\"description\":\"Quotidien national d&#039;information\",\"publisher\":{\"@id\":\"https:\\\/\\\/lasentinelle.dz\\\/#organization\"},\"potentialAction\":[{\"@type\":\"SearchAction\",\"target\":{\"@type\":\"EntryPoint\",\"urlTemplate\":\"https:\\\/\\\/lasentinelle.dz\\\/?s={search_term_string}\"},\"query-input\":{\"@type\":\"PropertyValueSpecification\",\"valueRequired\":true,\"valueName\":\"search_term_string\"}}],\"inLanguage\":\"fr-FR\"},{\"@type\":\"Organization\",\"@id\":\"https:\\\/\\\/lasentinelle.dz\\\/#organization\",\"name\":\"Quotidien La Sentinelle\",\"url\":\"https:\\\/\\\/lasentinelle.dz\\\/\",\"logo\":{\"@type\":\"ImageObject\",\"inLanguage\":\"fr-FR\",\"@id\":\"https:\\\/\\\/lasentinelle.dz\\\/#\\\/schema\\\/logo\\\/image\\\/\",\"url\":\"https:\\\/\\\/lasentinelle.dz\\\/wp-content\\\/uploads\\\/2021\\\/09\\\/logo-sentinelleSLOGAN-1.png\",\"contentUrl\":\"https:\\\/\\\/lasentinelle.dz\\\/wp-content\\\/uploads\\\/2021\\\/09\\\/logo-sentinelleSLOGAN-1.png\",\"width\":615,\"height\":142,\"caption\":\"Quotidien La Sentinelle\"},\"image\":{\"@id\":\"https:\\\/\\\/lasentinelle.dz\\\/#\\\/schema\\\/logo\\\/image\\\/\"},\"sameAs\":[\"https:\\\/\\\/www.facebook.com\\\/La-Sentinelle-104059864394773\"]},{\"@type\":\"Person\",\"@id\":\"https:\\\/\\\/lasentinelle.dz\\\/#\\\/schema\\\/person\\\/e22c868643946ece5f328ac9d185b29f\",\"name\":\"Azzedine Belferag\",\"image\":{\"@type\":\"ImageObject\",\"inLanguage\":\"fr-FR\",\"@id\":\"https:\\\/\\\/secure.gravatar.com\\\/avatar\\\/767ecc3bfcf23cd6d0dae1705f124feb13a88fded1daa56498e4fb3aa3fc36a1?s=96&d=mm&r=g\",\"url\":\"https:\\\/\\\/secure.gravatar.com\\\/avatar\\\/767ecc3bfcf23cd6d0dae1705f124feb13a88fded1daa56498e4fb3aa3fc36a1?s=96&d=mm&r=g\",\"contentUrl\":\"https:\\\/\\\/secure.gravatar.com\\\/avatar\\\/767ecc3bfcf23cd6d0dae1705f124feb13a88fded1daa56498e4fb3aa3fc36a1?s=96&d=mm&r=g\",\"caption\":\"Azzedine Belferag\"},\"sameAs\":[\"http:\\\/\\\/www.lasentinelle.dz\"],\"url\":\"https:\\\/\\\/lasentinelle.dz\\\/author\\\/belferag\\\/\"}]}<\/script>\n<!-- \/ Yoast SEO plugin. -->","yoast_head_json":{"title":"Turquie\u00a0: Erdogan songe \u00e0 passer le relais - La Sentinelle","robots":{"index":"index","follow":"follow","max-snippet":"max-snippet:-1","max-image-preview":"max-image-preview:large","max-video-preview":"max-video-preview:-1"},"canonical":"https:\/\/lasentinelle.dz\/index.php\/2022\/12\/11\/__trashed-124\/","og_locale":"fr_FR","og_type":"article","og_title":"Turquie\u00a0: Erdogan songe \u00e0 passer le relais - La Sentinelle","og_description":"Le pr\u00e9sident turc Recep Tayyip Erdogan a laiss\u00e9 entendre au d\u00e9but de la semaine qu&rsquo;il briguerait pour la derni\u00e8re fois","og_url":"https:\/\/lasentinelle.dz\/index.php\/2022\/12\/11\/__trashed-124\/","og_site_name":"La Sentinelle","article_publisher":"https:\/\/www.facebook.com\/La-Sentinelle-104059864394773","article_published_time":"2022-12-11T21:00:00+00:00","og_image":[{"width":864,"height":486,"url":"https:\/\/lasentinelle.dz\/wp-content\/uploads\/2022\/12\/image_2022-12-11_165958407.png","type":"image\/png"}],"author":"Azzedine Belferag","twitter_card":"summary_large_image","twitter_misc":{"\u00c9crit par":"Azzedine Belferag","Dur\u00e9e de lecture estim\u00e9e":"2 minutes"},"schema":{"@context":"https:\/\/schema.org","@graph":[{"@type":"Article","@id":"https:\/\/lasentinelle.dz\/index.php\/2022\/12\/11\/__trashed-124\/#article","isPartOf":{"@id":"https:\/\/lasentinelle.dz\/index.php\/2022\/12\/11\/__trashed-124\/"},"author":{"name":"Azzedine Belferag","@id":"https:\/\/lasentinelle.dz\/#\/schema\/person\/e22c868643946ece5f328ac9d185b29f"},"headline":"Turquie\u00a0: Erdogan songe \u00e0 passer le relais","datePublished":"2022-12-11T21:00:00+00:00","mainEntityOfPage":{"@id":"https:\/\/lasentinelle.dz\/index.php\/2022\/12\/11\/__trashed-124\/"},"wordCount":223,"commentCount":0,"publisher":{"@id":"https:\/\/lasentinelle.dz\/#organization"},"image":{"@id":"https:\/\/lasentinelle.dz\/index.php\/2022\/12\/11\/__trashed-124\/#primaryimage"},"thumbnailUrl":"https:\/\/lasentinelle.dz\/wp-content\/uploads\/2022\/12\/image_2022-12-11_165958407.png","articleSection":["Monde"],"inLanguage":"fr-FR","potentialAction":[{"@type":"CommentAction","name":"Comment","target":["https:\/\/lasentinelle.dz\/index.php\/2022\/12\/11\/__trashed-124\/#respond"]}]},{"@type":"WebPage","@id":"https:\/\/lasentinelle.dz\/index.php\/2022\/12\/11\/__trashed-124\/","url":"https:\/\/lasentinelle.dz\/index.php\/2022\/12\/11\/__trashed-124\/","name":"Turquie\u00a0: Erdogan songe \u00e0 passer le relais - La Sentinelle","isPartOf":{"@id":"https:\/\/lasentinelle.dz\/#website"},"primaryImageOfPage":{"@id":"https:\/\/lasentinelle.dz\/index.php\/2022\/12\/11\/__trashed-124\/#primaryimage"},"image":{"@id":"https:\/\/lasentinelle.dz\/index.php\/2022\/12\/11\/__trashed-124\/#primaryimage"},"thumbnailUrl":"https:\/\/lasentinelle.dz\/wp-content\/uploads\/2022\/12\/image_2022-12-11_165958407.png","datePublished":"2022-12-11T21:00:00+00:00","breadcrumb":{"@id":"https:\/\/lasentinelle.dz\/index.php\/2022\/12\/11\/__trashed-124\/#breadcrumb"},"inLanguage":"fr-FR","potentialAction":[{"@type":"ReadAction","target":["https:\/\/lasentinelle.dz\/index.php\/2022\/12\/11\/__trashed-124\/"]}]},{"@type":"ImageObject","inLanguage":"fr-FR","@id":"https:\/\/lasentinelle.dz\/index.php\/2022\/12\/11\/__trashed-124\/#primaryimage","url":"https:\/\/lasentinelle.dz\/wp-content\/uploads\/2022\/12\/image_2022-12-11_165958407.png","contentUrl":"https:\/\/lasentinelle.dz\/wp-content\/uploads\/2022\/12\/image_2022-12-11_165958407.png","width":864,"height":486},{"@type":"BreadcrumbList","@id":"https:\/\/lasentinelle.dz\/index.php\/2022\/12\/11\/__trashed-124\/#breadcrumb","itemListElement":[{"@type":"ListItem","position":1,"name":"Accueil","item":"https:\/\/lasentinelle.dz\/"},{"@type":"ListItem","position":2,"name":"Turquie\u00a0: Erdogan songe \u00e0 passer le relais"}]},{"@type":"WebSite","@id":"https:\/\/lasentinelle.dz\/#website","url":"https:\/\/lasentinelle.dz\/","name":"La Sentinelle","description":"Quotidien national d&#039;information","publisher":{"@id":"https:\/\/lasentinelle.dz\/#organization"},"potentialAction":[{"@type":"SearchAction","target":{"@type":"EntryPoint","urlTemplate":"https:\/\/lasentinelle.dz\/?s={search_term_string}"},"query-input":{"@type":"PropertyValueSpecification","valueRequired":true,"valueName":"search_term_string"}}],"inLanguage":"fr-FR"},{"@type":"Organization","@id":"https:\/\/lasentinelle.dz\/#organization","name":"Quotidien La Sentinelle","url":"https:\/\/lasentinelle.dz\/","logo":{"@type":"ImageObject","inLanguage":"fr-FR","@id":"https:\/\/lasentinelle.dz\/#\/schema\/logo\/image\/","url":"https:\/\/lasentinelle.dz\/wp-content\/uploads\/2021\/09\/logo-sentinelleSLOGAN-1.png","contentUrl":"https:\/\/lasentinelle.dz\/wp-content\/uploads\/2021\/09\/logo-sentinelleSLOGAN-1.png","width":615,"height":142,"caption":"Quotidien La Sentinelle"},"image":{"@id":"https:\/\/lasentinelle.dz\/#\/schema\/logo\/image\/"},"sameAs":["https:\/\/www.facebook.com\/La-Sentinelle-104059864394773"]},{"@type":"Person","@id":"https:\/\/lasentinelle.dz\/#\/schema\/person\/e22c868643946ece5f328ac9d185b29f","name":"Azzedine Belferag","image":{"@type":"ImageObject","inLanguage":"fr-FR","@id":"https:\/\/secure.gravatar.com\/avatar\/767ecc3bfcf23cd6d0dae1705f124feb13a88fded1daa56498e4fb3aa3fc36a1?s=96&d=mm&r=g","url":"https:\/\/secure.gravatar.com\/avatar\/767ecc3bfcf23cd6d0dae1705f124feb13a88fded1daa56498e4fb3aa3fc36a1?s=96&d=mm&r=g","contentUrl":"https:\/\/secure.gravatar.com\/avatar\/767ecc3bfcf23cd6d0dae1705f124feb13a88fded1daa56498e4fb3aa3fc36a1?s=96&d=mm&r=g","caption":"Azzedine Belferag"},"sameAs":["http:\/\/www.lasentinelle.dz"],"url":"https:\/\/lasentinelle.dz\/author\/belferag\/"}]}},"_links":{"self":[{"href":"https:\/\/lasentinelle.dz\/index.php\/wp-json\/wp\/v2\/posts\/32368","targetHints":{"allow":["GET"]}}],"collection":[{"href":"https:\/\/lasentinelle.dz\/index.php\/wp-json\/wp\/v2\/posts"}],"about":[{"href":"https:\/\/lasentinelle.dz\/index.php\/wp-json\/wp\/v2\/types\/post"}],"author":[{"embeddable":true,"href":"https:\/\/lasentinelle.dz\/index.php\/wp-json\/wp\/v2\/users\/2"}],"replies":[{"embeddable":true,"href":"https:\/\/lasentinelle.dz\/index.php\/wp-json\/wp\/v2\/comments?post=32368"}],"version-history":[{"count":3,"href":"https:\/\/lasentinelle.dz\/index.php\/wp-json\/wp\/v2\/posts\/32368\/revisions"}],"predecessor-version":[{"id":32384,"href":"https:\/\/lasentinelle.dz\/index.php\/wp-json\/wp\/v2\/posts\/32368\/revisions\/32384"}],"wp:featuredmedia":[{"embeddable":true,"href":"https:\/\/lasentinelle.dz\/index.php\/wp-json\/wp\/v2\/media\/32382"}],"wp:attachment":[{"href":"https:\/\/lasentinelle.dz\/index.php\/wp-json\/wp\/v2\/media?parent=32368"}],"wp:term":[{"taxonomy":"category","embeddable":true,"href":"https:\/\/lasentinelle.dz\/index.php\/wp-json\/wp\/v2\/categories?post=32368"},{"taxonomy":"post_tag","embeddable":true,"href":"https:\/\/lasentinelle.dz\/index.php\/wp-json\/wp\/v2\/tags?post=32368"}],"curies":[{"name":"wp","href":"https:\/\/api.w.org\/{rel}","templated":true}]}}