{"id":32407,"date":"2022-12-11T22:08:00","date_gmt":"2022-12-11T21:08:00","guid":{"rendered":"https:\/\/lasentinelle.dz\/?p=32407"},"modified":"2022-12-11T20:07:48","modified_gmt":"2022-12-11T19:07:48","slug":"son-contrat-renouvele-jusquen-2026-trois-objectifs-fixes-pour-belmadi","status":"publish","type":"post","link":"https:\/\/lasentinelle.dz\/index.php\/2022\/12\/11\/son-contrat-renouvele-jusquen-2026-trois-objectifs-fixes-pour-belmadi\/","title":{"rendered":"Son contrat renouvel\u00e9 jusqu\u2019en 2026\u00a0: Trois objectifs fix\u00e9s pour Belmadi"},"content":{"rendered":"\n<p>Le porte parole de la f\u00e9d\u00e9ration alg\u00e9rienne de football, Salah Bey-Aboud, a indiqu\u00e9 hier que trois objectifs ont assign\u00e9s au s\u00e9lectionneur national Djamel Belmadi, dont une qualification pour le Mondial nord-am\u00e9ricain.<\/p>\n\n\n\n<p>Dans un entretien au site qatari \u00ab Al-Jazeera.net \u00bb, le porte parole de la f\u00e9d\u00e9ration alg\u00e9rienne de football, Salah Bey-Aboud, a \u00e9voqu\u00e9 les objectifs que l\u2019Alg\u00e9rie s\u2019est fix\u00e9es pour les prochaines \u00e9ch\u00e9ances. Des objectifs que les Verts, sous la conduite de Djamel Belmadi dont le contrat est reconduit jusqu\u2019\u00e0 2026 devront contribuer \u00e0 r\u00e9aliser. Interrog\u00e9 sur le nouveau contrat de Belmadi qui pr\u00e9voirait un salaire revu \u00e0 la baisse, Aboud affirme que \u00ab&nbsp;le renouvellement du contrat de Djamel Belmadi n\u2019est pas une surprise. Malgr\u00e9 l\u2019\u00e9chec de la qualification pour la Coupe du Monde, il a affirm\u00e9 officiellement poursuivre l\u2019aventure avec les Verts. M\u00eame le pr\u00e9sident de la FAF, Djahid Zefizef, a confirm\u00e9 le maintien de Belmadi jusqu\u2019en 2026&nbsp;\u00bb. Pour ce qui est du salaire le porte-parole dydes la FAF botte en touche. \u00ab&nbsp;Concernant les d\u00e9tails du contrat, c\u2019est purement administratif. Autrement dit, \u00e7a me d\u00e9passe \u00bb, explique-t-il.Le responsable \u00e0 la FAF en dira n\u00e9anmoins plus sur les objectifs assign\u00e9s au coach des Verts. \u00ab Les objectifs de Belmadi sont clairs. En effet, il aura pour mission de jouer les premiers r\u00f4les lors de la CAN-2023 et 2025. Il aura aussi pour objectif de qualifier la s\u00e9lection nationale \u00e0 la Coupe du Monde-2026\u2026Le s\u00e9lectionneur national poursuit ses fonctions dans le cadre d\u2019une strat\u00e9gie bien planifi\u00e9e et un travail stable&nbsp;\u00bb explique-t-il. Il ajoute que la FAD \u00ab&nbsp;esp\u00e8re qu\u2019il sera \u00e0 la hauteur de sa nouvelle mission \u00bb.<\/p>\n\n\n\n<p>Salah Bey-Aboud a \u00e9galement \u00e9t\u00e9 interpell\u00e9 sur la candidature de l\u2019Alg\u00e9rie pour l\u2019organisation de CAN-2025. Il se dit, dans ce sens optimiste et croit en les chances de voir notre pays abriter la prestigieuse comp\u00e9tition continentale.\u00ab L\u2019Alg\u00e9rie fait parti des rares pays ayant de fortes chances d\u2019accueillir la CAN-2025&nbsp;\u00bb, indique dans ce sens le porte-parole de la FAF. Et d\u2019ajouter qu\u2019&nbsp;\u00ab&nbsp;un dossier solide se pr\u00e9pare et on va le d\u00e9poser au niveau de la Conf\u00e9d\u00e9ration africaine de football le 16 d\u00e9cembre. J\u2019esp\u00e8re qu\u2019il r\u00e9pondra aux conditions du cahier des charges. Avec la r\u00e9ception de nouveaux stades, je pense que tous les moyens sont r\u00e9unis pour que l\u2019Alg\u00e9rie abrite la CAN-2025 \u00bb, a-t-il indiqu\u00e9.<\/p>\n\n\n\n<p>Dans ce m\u00eame sillage, il ajoute que le Championnat d\u2019Afrique des Nations que va abriter l\u2019Alg\u00e9rie le mois de janvier prochain sera \u00ab une occasion pour d\u00e9montrer \u00e0 l\u2019aptitude de notre pays \u00e0 abriter la CAN-2025 en mati\u00e8re d\u2019infrastructures et d\u2019organisation \u00bb.<\/p>\n\n\n\n<p><strong>R.S.<\/strong><\/p>\n","protected":false},"excerpt":{"rendered":"<p>Le porte parole de la f\u00e9d\u00e9ration alg\u00e9rienne de football, Salah Bey-Aboud, a indiqu\u00e9 hier que trois objectifs ont assign\u00e9s au<\/p>\n","protected":false},"author":3,"featured_media":17597,"comment_status":"open","ping_status":"closed","sticky":false,"template":"","format":"standard","meta":{"colormag_page_container_layout":"default_layout","colormag_page_sidebar_layout":"default_layout","om_disable_all_campaigns":false,"_monsterinsights_skip_tracking":false,"_monsterinsights_sitenote_active":false,"_monsterinsights_sitenote_note":"","_monsterinsights_sitenote_category":0,"footnotes":"","_wpscppro_dont_share_socialmedia":false,"_wpscppro_custom_social_share_image":0,"_facebook_share_type":"","_twitter_share_type":"","_linkedin_share_type":"","_pinterest_share_type":"","_linkedin_share_type_page":"","_instagram_share_type":"","_medium_share_type":"","_threads_share_type":"","_google_business_share_type":"","_selected_social_profile":[],"_wpsp_enable_custom_social_template":false,"_wpsp_social_scheduling":{"enabled":false,"datetime":null,"platforms":[],"status":"template_only","dateOption":"today","timeOption":"now","customDays":"","customHours":"","customDate":"","customTime":"","schedulingType":"absolute"},"_wpsp_active_default_template":true},"categories":[52,33],"tags":[],"class_list":["post-32407","post","type-post","status-publish","format-standard","has-post-thumbnail","hentry","category-a-la-une","category-sports"],"aioseo_notices":[],"yoast_head":"<!-- This site is optimized with the Yoast SEO plugin v27.4 - https:\/\/yoast.com\/product\/yoast-seo-wordpress\/ -->\n<title>Son contrat renouvel\u00e9 jusqu\u2019en 2026\u00a0: Trois objectifs fix\u00e9s pour Belmadi - La Sentinelle<\/title>\n<meta name=\"robots\" content=\"index, follow, max-snippet:-1, max-image-preview:large, max-video-preview:-1\" \/>\n<link rel=\"canonical\" href=\"https:\/\/lasentinelle.dz\/index.php\/2022\/12\/11\/son-contrat-renouvele-jusquen-2026-trois-objectifs-fixes-pour-belmadi\/\" \/>\n<meta property=\"og:locale\" content=\"fr_FR\" \/>\n<meta property=\"og:type\" content=\"article\" \/>\n<meta property=\"og:title\" content=\"Son contrat renouvel\u00e9 jusqu\u2019en 2026\u00a0: Trois objectifs fix\u00e9s pour Belmadi - La Sentinelle\" \/>\n<meta property=\"og:description\" content=\"Le porte parole de la f\u00e9d\u00e9ration alg\u00e9rienne de football, Salah Bey-Aboud, a indiqu\u00e9 hier que trois objectifs ont assign\u00e9s au\" \/>\n<meta property=\"og:url\" content=\"https:\/\/lasentinelle.dz\/index.php\/2022\/12\/11\/son-contrat-renouvele-jusquen-2026-trois-objectifs-fixes-pour-belmadi\/\" \/>\n<meta property=\"og:site_name\" content=\"La Sentinelle\" \/>\n<meta property=\"article:publisher\" content=\"https:\/\/www.facebook.com\/La-Sentinelle-104059864394773\" \/>\n<meta property=\"article:published_time\" content=\"2022-12-11T21:08:00+00:00\" \/>\n<meta property=\"og:image\" content=\"https:\/\/lasentinelle.dz\/wp-content\/uploads\/2022\/02\/belmadi.png\" \/>\n\t<meta property=\"og:image:width\" content=\"1463\" \/>\n\t<meta property=\"og:image:height\" content=\"900\" \/>\n\t<meta property=\"og:image:type\" content=\"image\/png\" \/>\n<meta name=\"author\" content=\"La Sentinelle\" \/>\n<meta name=\"twitter:card\" content=\"summary_large_image\" \/>\n<meta name=\"twitter:label1\" content=\"\u00c9crit par\" \/>\n\t<meta name=\"twitter:data1\" content=\"La Sentinelle\" \/>\n\t<meta name=\"twitter:label2\" content=\"Dur\u00e9e de lecture estim\u00e9e\" \/>\n\t<meta name=\"twitter:data2\" content=\"3 minutes\" \/>\n<script type=\"application\/ld+json\" class=\"yoast-schema-graph\">{\"@context\":\"https:\\\/\\\/schema.org\",\"@graph\":[{\"@type\":\"Article\",\"@id\":\"https:\\\/\\\/lasentinelle.dz\\\/index.php\\\/2022\\\/12\\\/11\\\/son-contrat-renouvele-jusquen-2026-trois-objectifs-fixes-pour-belmadi\\\/#article\",\"isPartOf\":{\"@id\":\"https:\\\/\\\/lasentinelle.dz\\\/index.php\\\/2022\\\/12\\\/11\\\/son-contrat-renouvele-jusquen-2026-trois-objectifs-fixes-pour-belmadi\\\/\"},\"author\":{\"name\":\"La Sentinelle\",\"@id\":\"https:\\\/\\\/lasentinelle.dz\\\/#\\\/schema\\\/person\\\/d865044e22e70a75174ce8bcad3acfb3\"},\"headline\":\"Son contrat renouvel\u00e9 jusqu\u2019en 2026\u00a0: Trois objectifs fix\u00e9s pour Belmadi\",\"datePublished\":\"2022-12-11T21:08:00+00:00\",\"mainEntityOfPage\":{\"@id\":\"https:\\\/\\\/lasentinelle.dz\\\/index.php\\\/2022\\\/12\\\/11\\\/son-contrat-renouvele-jusquen-2026-trois-objectifs-fixes-pour-belmadi\\\/\"},\"wordCount\":492,\"commentCount\":0,\"publisher\":{\"@id\":\"https:\\\/\\\/lasentinelle.dz\\\/#organization\"},\"image\":{\"@id\":\"https:\\\/\\\/lasentinelle.dz\\\/index.php\\\/2022\\\/12\\\/11\\\/son-contrat-renouvele-jusquen-2026-trois-objectifs-fixes-pour-belmadi\\\/#primaryimage\"},\"thumbnailUrl\":\"https:\\\/\\\/lasentinelle.dz\\\/wp-content\\\/uploads\\\/2022\\\/02\\\/belmadi.png\",\"articleSection\":[\"\u00c0 la Une\",\"Sports\"],\"inLanguage\":\"fr-FR\",\"potentialAction\":[{\"@type\":\"CommentAction\",\"name\":\"Comment\",\"target\":[\"https:\\\/\\\/lasentinelle.dz\\\/index.php\\\/2022\\\/12\\\/11\\\/son-contrat-renouvele-jusquen-2026-trois-objectifs-fixes-pour-belmadi\\\/#respond\"]}]},{\"@type\":\"WebPage\",\"@id\":\"https:\\\/\\\/lasentinelle.dz\\\/index.php\\\/2022\\\/12\\\/11\\\/son-contrat-renouvele-jusquen-2026-trois-objectifs-fixes-pour-belmadi\\\/\",\"url\":\"https:\\\/\\\/lasentinelle.dz\\\/index.php\\\/2022\\\/12\\\/11\\\/son-contrat-renouvele-jusquen-2026-trois-objectifs-fixes-pour-belmadi\\\/\",\"name\":\"Son contrat renouvel\u00e9 jusqu\u2019en 2026\u00a0: Trois objectifs fix\u00e9s pour Belmadi - La Sentinelle\",\"isPartOf\":{\"@id\":\"https:\\\/\\\/lasentinelle.dz\\\/#website\"},\"primaryImageOfPage\":{\"@id\":\"https:\\\/\\\/lasentinelle.dz\\\/index.php\\\/2022\\\/12\\\/11\\\/son-contrat-renouvele-jusquen-2026-trois-objectifs-fixes-pour-belmadi\\\/#primaryimage\"},\"image\":{\"@id\":\"https:\\\/\\\/lasentinelle.dz\\\/index.php\\\/2022\\\/12\\\/11\\\/son-contrat-renouvele-jusquen-2026-trois-objectifs-fixes-pour-belmadi\\\/#primaryimage\"},\"thumbnailUrl\":\"https:\\\/\\\/lasentinelle.dz\\\/wp-content\\\/uploads\\\/2022\\\/02\\\/belmadi.png\",\"datePublished\":\"2022-12-11T21:08:00+00:00\",\"breadcrumb\":{\"@id\":\"https:\\\/\\\/lasentinelle.dz\\\/index.php\\\/2022\\\/12\\\/11\\\/son-contrat-renouvele-jusquen-2026-trois-objectifs-fixes-pour-belmadi\\\/#breadcrumb\"},\"inLanguage\":\"fr-FR\",\"potentialAction\":[{\"@type\":\"ReadAction\",\"target\":[\"https:\\\/\\\/lasentinelle.dz\\\/index.php\\\/2022\\\/12\\\/11\\\/son-contrat-renouvele-jusquen-2026-trois-objectifs-fixes-pour-belmadi\\\/\"]}]},{\"@type\":\"ImageObject\",\"inLanguage\":\"fr-FR\",\"@id\":\"https:\\\/\\\/lasentinelle.dz\\\/index.php\\\/2022\\\/12\\\/11\\\/son-contrat-renouvele-jusquen-2026-trois-objectifs-fixes-pour-belmadi\\\/#primaryimage\",\"url\":\"https:\\\/\\\/lasentinelle.dz\\\/wp-content\\\/uploads\\\/2022\\\/02\\\/belmadi.png\",\"contentUrl\":\"https:\\\/\\\/lasentinelle.dz\\\/wp-content\\\/uploads\\\/2022\\\/02\\\/belmadi.png\",\"width\":1463,\"height\":900},{\"@type\":\"BreadcrumbList\",\"@id\":\"https:\\\/\\\/lasentinelle.dz\\\/index.php\\\/2022\\\/12\\\/11\\\/son-contrat-renouvele-jusquen-2026-trois-objectifs-fixes-pour-belmadi\\\/#breadcrumb\",\"itemListElement\":[{\"@type\":\"ListItem\",\"position\":1,\"name\":\"Accueil\",\"item\":\"https:\\\/\\\/lasentinelle.dz\\\/\"},{\"@type\":\"ListItem\",\"position\":2,\"name\":\"Son contrat renouvel\u00e9 jusqu\u2019en 2026\u00a0: Trois objectifs fix\u00e9s pour Belmadi\"}]},{\"@type\":\"WebSite\",\"@id\":\"https:\\\/\\\/lasentinelle.dz\\\/#website\",\"url\":\"https:\\\/\\\/lasentinelle.dz\\\/\",\"name\":\"La Sentinelle\",\"description\":\"Quotidien national d&#039;information\",\"publisher\":{\"@id\":\"https:\\\/\\\/lasentinelle.dz\\\/#organization\"},\"potentialAction\":[{\"@type\":\"SearchAction\",\"target\":{\"@type\":\"EntryPoint\",\"urlTemplate\":\"https:\\\/\\\/lasentinelle.dz\\\/?s={search_term_string}\"},\"query-input\":{\"@type\":\"PropertyValueSpecification\",\"valueRequired\":true,\"valueName\":\"search_term_string\"}}],\"inLanguage\":\"fr-FR\"},{\"@type\":\"Organization\",\"@id\":\"https:\\\/\\\/lasentinelle.dz\\\/#organization\",\"name\":\"Quotidien La Sentinelle\",\"url\":\"https:\\\/\\\/lasentinelle.dz\\\/\",\"logo\":{\"@type\":\"ImageObject\",\"inLanguage\":\"fr-FR\",\"@id\":\"https:\\\/\\\/lasentinelle.dz\\\/#\\\/schema\\\/logo\\\/image\\\/\",\"url\":\"https:\\\/\\\/lasentinelle.dz\\\/wp-content\\\/uploads\\\/2021\\\/09\\\/logo-sentinelleSLOGAN-1.png\",\"contentUrl\":\"https:\\\/\\\/lasentinelle.dz\\\/wp-content\\\/uploads\\\/2021\\\/09\\\/logo-sentinelleSLOGAN-1.png\",\"width\":615,\"height\":142,\"caption\":\"Quotidien La Sentinelle\"},\"image\":{\"@id\":\"https:\\\/\\\/lasentinelle.dz\\\/#\\\/schema\\\/logo\\\/image\\\/\"},\"sameAs\":[\"https:\\\/\\\/www.facebook.com\\\/La-Sentinelle-104059864394773\"]},{\"@type\":\"Person\",\"@id\":\"https:\\\/\\\/lasentinelle.dz\\\/#\\\/schema\\\/person\\\/d865044e22e70a75174ce8bcad3acfb3\",\"name\":\"La Sentinelle\",\"image\":{\"@type\":\"ImageObject\",\"inLanguage\":\"fr-FR\",\"@id\":\"https:\\\/\\\/secure.gravatar.com\\\/avatar\\\/57de8e5d4b15d43fb361a71fbb36338450fe67865b528a43dd10ef7c51a20392?s=96&d=mm&r=g\",\"url\":\"https:\\\/\\\/secure.gravatar.com\\\/avatar\\\/57de8e5d4b15d43fb361a71fbb36338450fe67865b528a43dd10ef7c51a20392?s=96&d=mm&r=g\",\"contentUrl\":\"https:\\\/\\\/secure.gravatar.com\\\/avatar\\\/57de8e5d4b15d43fb361a71fbb36338450fe67865b528a43dd10ef7c51a20392?s=96&d=mm&r=g\",\"caption\":\"La Sentinelle\"},\"sameAs\":[\"http:\\\/\\\/www.lasentinelle.dz\"],\"url\":\"https:\\\/\\\/lasentinelle.dz\\\/author\\\/redaction\\\/\"}]}<\/script>\n<!-- \/ Yoast SEO plugin. -->","yoast_head_json":{"title":"Son contrat renouvel\u00e9 jusqu\u2019en 2026\u00a0: Trois objectifs fix\u00e9s pour Belmadi - La Sentinelle","robots":{"index":"index","follow":"follow","max-snippet":"max-snippet:-1","max-image-preview":"max-image-preview:large","max-video-preview":"max-video-preview:-1"},"canonical":"https:\/\/lasentinelle.dz\/index.php\/2022\/12\/11\/son-contrat-renouvele-jusquen-2026-trois-objectifs-fixes-pour-belmadi\/","og_locale":"fr_FR","og_type":"article","og_title":"Son contrat renouvel\u00e9 jusqu\u2019en 2026\u00a0: Trois objectifs fix\u00e9s pour Belmadi - La Sentinelle","og_description":"Le porte parole de la f\u00e9d\u00e9ration alg\u00e9rienne de football, Salah Bey-Aboud, a indiqu\u00e9 hier que trois objectifs ont assign\u00e9s au","og_url":"https:\/\/lasentinelle.dz\/index.php\/2022\/12\/11\/son-contrat-renouvele-jusquen-2026-trois-objectifs-fixes-pour-belmadi\/","og_site_name":"La Sentinelle","article_publisher":"https:\/\/www.facebook.com\/La-Sentinelle-104059864394773","article_published_time":"2022-12-11T21:08:00+00:00","og_image":[{"width":1463,"height":900,"url":"https:\/\/lasentinelle.dz\/wp-content\/uploads\/2022\/02\/belmadi.png","type":"image\/png"}],"author":"La Sentinelle","twitter_card":"summary_large_image","twitter_misc":{"\u00c9crit par":"La Sentinelle","Dur\u00e9e de lecture estim\u00e9e":"3 minutes"},"schema":{"@context":"https:\/\/schema.org","@graph":[{"@type":"Article","@id":"https:\/\/lasentinelle.dz\/index.php\/2022\/12\/11\/son-contrat-renouvele-jusquen-2026-trois-objectifs-fixes-pour-belmadi\/#article","isPartOf":{"@id":"https:\/\/lasentinelle.dz\/index.php\/2022\/12\/11\/son-contrat-renouvele-jusquen-2026-trois-objectifs-fixes-pour-belmadi\/"},"author":{"name":"La Sentinelle","@id":"https:\/\/lasentinelle.dz\/#\/schema\/person\/d865044e22e70a75174ce8bcad3acfb3"},"headline":"Son contrat renouvel\u00e9 jusqu\u2019en 2026\u00a0: Trois objectifs fix\u00e9s pour Belmadi","datePublished":"2022-12-11T21:08:00+00:00","mainEntityOfPage":{"@id":"https:\/\/lasentinelle.dz\/index.php\/2022\/12\/11\/son-contrat-renouvele-jusquen-2026-trois-objectifs-fixes-pour-belmadi\/"},"wordCount":492,"commentCount":0,"publisher":{"@id":"https:\/\/lasentinelle.dz\/#organization"},"image":{"@id":"https:\/\/lasentinelle.dz\/index.php\/2022\/12\/11\/son-contrat-renouvele-jusquen-2026-trois-objectifs-fixes-pour-belmadi\/#primaryimage"},"thumbnailUrl":"https:\/\/lasentinelle.dz\/wp-content\/uploads\/2022\/02\/belmadi.png","articleSection":["\u00c0 la Une","Sports"],"inLanguage":"fr-FR","potentialAction":[{"@type":"CommentAction","name":"Comment","target":["https:\/\/lasentinelle.dz\/index.php\/2022\/12\/11\/son-contrat-renouvele-jusquen-2026-trois-objectifs-fixes-pour-belmadi\/#respond"]}]},{"@type":"WebPage","@id":"https:\/\/lasentinelle.dz\/index.php\/2022\/12\/11\/son-contrat-renouvele-jusquen-2026-trois-objectifs-fixes-pour-belmadi\/","url":"https:\/\/lasentinelle.dz\/index.php\/2022\/12\/11\/son-contrat-renouvele-jusquen-2026-trois-objectifs-fixes-pour-belmadi\/","name":"Son contrat renouvel\u00e9 jusqu\u2019en 2026\u00a0: Trois objectifs fix\u00e9s pour Belmadi - La Sentinelle","isPartOf":{"@id":"https:\/\/lasentinelle.dz\/#website"},"primaryImageOfPage":{"@id":"https:\/\/lasentinelle.dz\/index.php\/2022\/12\/11\/son-contrat-renouvele-jusquen-2026-trois-objectifs-fixes-pour-belmadi\/#primaryimage"},"image":{"@id":"https:\/\/lasentinelle.dz\/index.php\/2022\/12\/11\/son-contrat-renouvele-jusquen-2026-trois-objectifs-fixes-pour-belmadi\/#primaryimage"},"thumbnailUrl":"https:\/\/lasentinelle.dz\/wp-content\/uploads\/2022\/02\/belmadi.png","datePublished":"2022-12-11T21:08:00+00:00","breadcrumb":{"@id":"https:\/\/lasentinelle.dz\/index.php\/2022\/12\/11\/son-contrat-renouvele-jusquen-2026-trois-objectifs-fixes-pour-belmadi\/#breadcrumb"},"inLanguage":"fr-FR","potentialAction":[{"@type":"ReadAction","target":["https:\/\/lasentinelle.dz\/index.php\/2022\/12\/11\/son-contrat-renouvele-jusquen-2026-trois-objectifs-fixes-pour-belmadi\/"]}]},{"@type":"ImageObject","inLanguage":"fr-FR","@id":"https:\/\/lasentinelle.dz\/index.php\/2022\/12\/11\/son-contrat-renouvele-jusquen-2026-trois-objectifs-fixes-pour-belmadi\/#primaryimage","url":"https:\/\/lasentinelle.dz\/wp-content\/uploads\/2022\/02\/belmadi.png","contentUrl":"https:\/\/lasentinelle.dz\/wp-content\/uploads\/2022\/02\/belmadi.png","width":1463,"height":900},{"@type":"BreadcrumbList","@id":"https:\/\/lasentinelle.dz\/index.php\/2022\/12\/11\/son-contrat-renouvele-jusquen-2026-trois-objectifs-fixes-pour-belmadi\/#breadcrumb","itemListElement":[{"@type":"ListItem","position":1,"name":"Accueil","item":"https:\/\/lasentinelle.dz\/"},{"@type":"ListItem","position":2,"name":"Son contrat renouvel\u00e9 jusqu\u2019en 2026\u00a0: Trois objectifs fix\u00e9s pour Belmadi"}]},{"@type":"WebSite","@id":"https:\/\/lasentinelle.dz\/#website","url":"https:\/\/lasentinelle.dz\/","name":"La Sentinelle","description":"Quotidien national d&#039;information","publisher":{"@id":"https:\/\/lasentinelle.dz\/#organization"},"potentialAction":[{"@type":"SearchAction","target":{"@type":"EntryPoint","urlTemplate":"https:\/\/lasentinelle.dz\/?s={search_term_string}"},"query-input":{"@type":"PropertyValueSpecification","valueRequired":true,"valueName":"search_term_string"}}],"inLanguage":"fr-FR"},{"@type":"Organization","@id":"https:\/\/lasentinelle.dz\/#organization","name":"Quotidien La Sentinelle","url":"https:\/\/lasentinelle.dz\/","logo":{"@type":"ImageObject","inLanguage":"fr-FR","@id":"https:\/\/lasentinelle.dz\/#\/schema\/logo\/image\/","url":"https:\/\/lasentinelle.dz\/wp-content\/uploads\/2021\/09\/logo-sentinelleSLOGAN-1.png","contentUrl":"https:\/\/lasentinelle.dz\/wp-content\/uploads\/2021\/09\/logo-sentinelleSLOGAN-1.png","width":615,"height":142,"caption":"Quotidien La Sentinelle"},"image":{"@id":"https:\/\/lasentinelle.dz\/#\/schema\/logo\/image\/"},"sameAs":["https:\/\/www.facebook.com\/La-Sentinelle-104059864394773"]},{"@type":"Person","@id":"https:\/\/lasentinelle.dz\/#\/schema\/person\/d865044e22e70a75174ce8bcad3acfb3","name":"La Sentinelle","image":{"@type":"ImageObject","inLanguage":"fr-FR","@id":"https:\/\/secure.gravatar.com\/avatar\/57de8e5d4b15d43fb361a71fbb36338450fe67865b528a43dd10ef7c51a20392?s=96&d=mm&r=g","url":"https:\/\/secure.gravatar.com\/avatar\/57de8e5d4b15d43fb361a71fbb36338450fe67865b528a43dd10ef7c51a20392?s=96&d=mm&r=g","contentUrl":"https:\/\/secure.gravatar.com\/avatar\/57de8e5d4b15d43fb361a71fbb36338450fe67865b528a43dd10ef7c51a20392?s=96&d=mm&r=g","caption":"La Sentinelle"},"sameAs":["http:\/\/www.lasentinelle.dz"],"url":"https:\/\/lasentinelle.dz\/author\/redaction\/"}]}},"_links":{"self":[{"href":"https:\/\/lasentinelle.dz\/index.php\/wp-json\/wp\/v2\/posts\/32407","targetHints":{"allow":["GET"]}}],"collection":[{"href":"https:\/\/lasentinelle.dz\/index.php\/wp-json\/wp\/v2\/posts"}],"about":[{"href":"https:\/\/lasentinelle.dz\/index.php\/wp-json\/wp\/v2\/types\/post"}],"author":[{"embeddable":true,"href":"https:\/\/lasentinelle.dz\/index.php\/wp-json\/wp\/v2\/users\/3"}],"replies":[{"embeddable":true,"href":"https:\/\/lasentinelle.dz\/index.php\/wp-json\/wp\/v2\/comments?post=32407"}],"version-history":[{"count":2,"href":"https:\/\/lasentinelle.dz\/index.php\/wp-json\/wp\/v2\/posts\/32407\/revisions"}],"predecessor-version":[{"id":32429,"href":"https:\/\/lasentinelle.dz\/index.php\/wp-json\/wp\/v2\/posts\/32407\/revisions\/32429"}],"wp:featuredmedia":[{"embeddable":true,"href":"https:\/\/lasentinelle.dz\/index.php\/wp-json\/wp\/v2\/media\/17597"}],"wp:attachment":[{"href":"https:\/\/lasentinelle.dz\/index.php\/wp-json\/wp\/v2\/media?parent=32407"}],"wp:term":[{"taxonomy":"category","embeddable":true,"href":"https:\/\/lasentinelle.dz\/index.php\/wp-json\/wp\/v2\/categories?post=32407"},{"taxonomy":"post_tag","embeddable":true,"href":"https:\/\/lasentinelle.dz\/index.php\/wp-json\/wp\/v2\/tags?post=32407"}],"curies":[{"name":"wp","href":"https:\/\/api.w.org\/{rel}","templated":true}]}}