{"id":32409,"date":"2022-12-11T22:10:00","date_gmt":"2022-12-11T21:10:00","guid":{"rendered":"https:\/\/lasentinelle.dz\/?p=32409"},"modified":"2022-12-11T20:07:32","modified_gmt":"2022-12-11T19:07:32","slug":"sommet-etats-unis-afrique-washington-veut-rester-dans-la-course","status":"publish","type":"post","link":"https:\/\/lasentinelle.dz\/index.php\/2022\/12\/11\/sommet-etats-unis-afrique-washington-veut-rester-dans-la-course\/","title":{"rendered":"Sommet Etats-Unis-Afrique\u00a0: Washington veut rester dans la course"},"content":{"rendered":"\n<p>Washington DC, la capitale f\u00e9d\u00e9rale am\u00e9ricaine, s\u2019appr\u00eate \u00e0 accueillir la seconde \u00e9dition du sommet Etats-Unis-Afrique. La rencontre qui doit r\u00e9unir du 13 au 15 d\u00e9cembre prochains les principaux leaders du continent avec les plus grands d\u00e9cideurs am\u00e9ricains est tout sauf folklorique.<\/p>\n\n\n\n<p>Le pr\u00e9sident am\u00e9ricain, Joe Biden, et son administration ne voient en tout cas pas les choses de la sorte. Contrairement \u00e0 Donald Trump, son pr\u00e9d\u00e9cesseur, qui ne cachait pas son aversion pour les Africains, Joe Biden estime que l\u2019Afrique est importante et que son pays se doit, par cons\u00e9quent, d\u2019y \u00eatre pr\u00e9sent, surtout que la Chine et la Russie y sont pr\u00e9sentes\u2026et en force. Enfin, la remarque vaut surtout pour la Chine.Le sommet Etats-Unis -Afrique intervient d\u2019ailleurs dans un contexte de forte rivalit\u00e9 sur le continent entre les Occidentaux d\u2019un c\u00f4t\u00e9, les Chinois et les Russes de l\u2019autre. L\u2019Afrique est m\u00eame (re)devenue un terrain d\u2019affrontement entre ces trois grandes puissances. Pour contrer notamment l\u2019influence de plus en plus grande de la Russie, le Congr\u00e8s am\u00e9ricain a d\u00e9j\u00e0 pris des mesures. Il a adopt\u00e9 le 27 avril dernier un projet de loi qui vise \u00e0 d\u00e9velopper une strat\u00e9gie contre les \u00abactivit\u00e9s malveillantes\u00bb de la Russie en Afrique qui \u00ab sape les objectifs et les int\u00e9r\u00eats des Etats-Unis en Afrique \u00bb. La loi couvre \u00e9galement la surveillance \u00e9troite des \u00ab&nbsp;tentatives d&rsquo;influence politique, des activit\u00e9s de d\u00e9sinformation et des op\u00e9rations militaires&nbsp;\u00bb de la Russie.<\/p>\n\n\n\n<p><strong>L\u2019enjeu des terres rares<\/strong><\/p>\n\n\n\n<p>L&rsquo;attention est \u00e9galement attir\u00e9e sur le renforcement des institutions d\u00e9mocratiques en Afrique, le suivi et l&rsquo;\u00e9valuation dans les domaines de la transparence, la responsabilit\u00e9, les droits de l&rsquo;homme, la lutte contre la corruption, les ressources naturelles et l&rsquo;exploitation mini\u00e8re, et le d\u00e9veloppement de principes de bonne gouvernance.<\/p>\n\n\n\n<p>Le sommet intervient \u00e9galement dans le sillage de la nouvelle strat\u00e9gie \u00ab Afrique \u00bb d\u00e9voil\u00e9e l&rsquo;\u00e9t\u00e9 dernier par la Maison Blanche qui pr\u00e9voit une refonte de la politique des \u00c9tats-Unis en Afrique subsaharienne. Lors d&rsquo;une tourn\u00e9e en Afrique cet \u00e9t\u00e9, le secr\u00e9taire d&rsquo;Etat am\u00e9ricain Antony Blinken avait aussi plaid\u00e9 en faveur d\u2019un \u00ab v\u00e9ritable partenariat \u00bb avec l&rsquo;Afrique.<\/p>\n\n\n\n<p>Tout comme P\u00e9kin et Moscou, Washington a donc compris qu\u2019\u00abavec une population qui conna\u00eet l\u2019une des croissances les plus rapides au monde, les plus grandes zones de libre-\u00e9change, les \u00e9cosyst\u00e8mes les plus diversifi\u00e9s et le plus grand bloc de vote aux Nations unies, il est impossible de relever les d\u00e9fis d\u00e9terminants de cette \u00e8re sans les contributions, les partenariats et le leadership de l\u2019Afrique \u00bb. Tout est dit ou presque. Car il faut aussi ajouter le formidable potentiel minier que rec\u00e8le continent. Et quand on parle de potentiel minier, on parle bien \u00e9videmment de gaz, de p\u00e9trole, d\u2019or, de diamants et de terres rares. Cela explique amplement pourquoi Joe Biden et son administration ont d\u00e9cid\u00e9 de faire de la promotion \u00e0 long terme de la relation Etats-Unis-Afrique une de leurs priorit\u00e9s.&nbsp;<\/p>\n\n\n\n<p><strong>Un si\u00e8ge pour l\u2019Afrique au G20 et au Conseil de s\u00e9curit\u00e9<\/strong><\/p>\n\n\n\n<p>Le sommet de Washington sera ainsi l&rsquo;occasion d&rsquo;annoncer de nouveaux investissements entre les \u00c9tats-Unis et les pays africains. Les parties prenantes doivent notamment parler de s\u00e9curit\u00e9 alimentaire &#8211; aggrav\u00e9e par la guerre en Ukraine -, du changement climatique mais aussi de d\u00e9mocratie et gouvernance. Pour ne pas donner l\u2019impression que les Etats-Unis sont dans une posture pr\u00e9datrice et qu\u2019ils ne pensent qu&rsquo;\u00e0 leurs int\u00e9r\u00eats, le pr\u00e9sident am\u00e9ricain s\u2019est engag\u00e9 \u00e0 aider l\u2019Afrique \u00e0 int\u00e9grer le G20 et \u00e0 obtenir un si\u00e8ge de membre permanent au Conseil de s\u00e9curit\u00e9.<\/p>\n\n\n\n<p><strong>D\u00e9mocratie et droits de l\u2019Homme<\/strong><\/p>\n\n\n\n<p>Il faut s\u2019attendre aussi que le regain d\u2019int\u00e9r\u00eat des Etats-Unis pour l\u2019Afrique se traduise par un plus grand suivi par Washington de l\u2019\u00e9tat de la d\u00e9mocratie et des libert\u00e9s sur le continent. Concernant cet aspect, le Directeur principal du Conseil national de s\u00e9curit\u00e9 pour les affaires africaines, Judd Devermont, a expliqu\u00e9 la semaine derni\u00e8re que les Etats-Unis sont \u00abpr\u00e9occup\u00e9s par le recul d\u00e9mocratique en Afrique\u00bb, avec notamment des coups d&rsquo;Etat au Mali, en Guin\u00e9e et au Burkina Faso.<\/p>\n\n\n\n<p>Ce recul, a-t-il expliqu\u00e9, intervient \u00e0 un moment o\u00f9 \u00ab la demande en mati\u00e8re de d\u00e9mocratie en Afrique est beaucoup plus \u00e9lev\u00e9e que dans toute autre r\u00e9gion \u00bb. \u00ab Nous reconnaissons que si nous voulons qu&rsquo;il y ait un retour \u00e0 une transition civile, il va falloir beaucoup plus d&rsquo;investissements de notre part. En partenariat avec la CEDEAO, l&rsquo;Union africaine, la soci\u00e9t\u00e9 civile et les autres institutions, nous discuterons au sommet de la mani\u00e8re dont nous pouvons nous y prendre pour faire plus et nous assurer que les pays qui ont connu des coups d&rsquo;Etat, retrouvent la voie de la d\u00e9mocratie \u00bb a d\u00e9clar\u00e9 Judd Devermont lors d\u2019une conf\u00e9rence de presse.<\/p>\n\n\n\n<p>Selon lui, les Etats-Unis d\u2019Am\u00e9rique sont disponibles. Ils feront tout ce qui est possible dans ce partenariat, pour \u00abprogresser vers une transition d\u00e9mocratique dans ces pays \u00bb et toutes les id\u00e9es et propositions seront les bienvenues. \u00abNous comptons travailler avec toutes les composantes de la soci\u00e9t\u00e9 africaine pour nous assurer que la d\u00e9mocratie revienne\u00bb a-t-il conclu. Il est certain que de tels propos qui sonnent comme des avertissements ne feront pas du tout plaisir \u00e0 bon nombre de r\u00e9gimes autoritaires et de dirigeants africains qui s\u2019accrochent au pouvoir par la force depuis des dizaines d\u2019ann\u00e9es.&nbsp;&nbsp;&nbsp;&nbsp;&nbsp;&nbsp;<\/p>\n\n\n\n<p><strong>Khider Larbi<\/strong><\/p>\n","protected":false},"excerpt":{"rendered":"<p>Washington DC, la capitale f\u00e9d\u00e9rale am\u00e9ricaine, s\u2019appr\u00eate \u00e0 accueillir la seconde \u00e9dition du sommet Etats-Unis-Afrique. La rencontre qui doit r\u00e9unir<\/p>\n","protected":false},"author":3,"featured_media":32410,"comment_status":"open","ping_status":"closed","sticky":false,"template":"","format":"standard","meta":{"colormag_page_container_layout":"default_layout","colormag_page_sidebar_layout":"default_layout","om_disable_all_campaigns":false,"_monsterinsights_skip_tracking":false,"_monsterinsights_sitenote_active":false,"_monsterinsights_sitenote_note":"","_monsterinsights_sitenote_category":0,"footnotes":"","_wpscppro_dont_share_socialmedia":false,"_wpscppro_custom_social_share_image":0,"_facebook_share_type":"","_twitter_share_type":"","_linkedin_share_type":"","_pinterest_share_type":"","_linkedin_share_type_page":"","_instagram_share_type":"","_medium_share_type":"","_threads_share_type":"","_google_business_share_type":"","_selected_social_profile":[],"_wpsp_enable_custom_social_template":false,"_wpsp_social_scheduling":{"enabled":false,"datetime":null,"platforms":[],"status":"template_only","dateOption":"today","timeOption":"now","customDays":"","customHours":"","customDate":"","customTime":"","schedulingType":"absolute"},"_wpsp_active_default_template":true},"categories":[52,27],"tags":[],"class_list":["post-32409","post","type-post","status-publish","format-standard","has-post-thumbnail","hentry","category-a-la-une","category-actualite"],"aioseo_notices":[],"yoast_head":"<!-- This site is optimized with the Yoast SEO plugin v27.4 - https:\/\/yoast.com\/product\/yoast-seo-wordpress\/ -->\n<title>Sommet Etats-Unis-Afrique\u00a0: Washington veut rester dans la course - La Sentinelle<\/title>\n<meta name=\"robots\" content=\"index, follow, max-snippet:-1, max-image-preview:large, max-video-preview:-1\" \/>\n<link rel=\"canonical\" href=\"https:\/\/lasentinelle.dz\/index.php\/2022\/12\/11\/sommet-etats-unis-afrique-washington-veut-rester-dans-la-course\/\" \/>\n<meta property=\"og:locale\" content=\"fr_FR\" \/>\n<meta property=\"og:type\" content=\"article\" \/>\n<meta property=\"og:title\" content=\"Sommet Etats-Unis-Afrique\u00a0: Washington veut rester dans la course - La Sentinelle\" \/>\n<meta property=\"og:description\" content=\"Washington DC, la capitale f\u00e9d\u00e9rale am\u00e9ricaine, s\u2019appr\u00eate \u00e0 accueillir la seconde \u00e9dition du sommet Etats-Unis-Afrique. La rencontre qui doit r\u00e9unir\" \/>\n<meta property=\"og:url\" content=\"https:\/\/lasentinelle.dz\/index.php\/2022\/12\/11\/sommet-etats-unis-afrique-washington-veut-rester-dans-la-course\/\" \/>\n<meta property=\"og:site_name\" content=\"La Sentinelle\" \/>\n<meta property=\"article:publisher\" content=\"https:\/\/www.facebook.com\/La-Sentinelle-104059864394773\" \/>\n<meta property=\"article:published_time\" content=\"2022-12-11T21:10:00+00:00\" \/>\n<meta property=\"og:image\" content=\"https:\/\/lasentinelle.dz\/wp-content\/uploads\/2022\/12\/Biden.png\" \/>\n\t<meta property=\"og:image:width\" content=\"1597\" \/>\n\t<meta property=\"og:image:height\" content=\"900\" \/>\n\t<meta property=\"og:image:type\" content=\"image\/png\" \/>\n<meta name=\"author\" content=\"La Sentinelle\" \/>\n<meta name=\"twitter:card\" content=\"summary_large_image\" \/>\n<meta name=\"twitter:label1\" content=\"\u00c9crit par\" \/>\n\t<meta name=\"twitter:data1\" content=\"La Sentinelle\" \/>\n\t<meta name=\"twitter:label2\" content=\"Dur\u00e9e de lecture estim\u00e9e\" \/>\n\t<meta name=\"twitter:data2\" content=\"5 minutes\" \/>\n<script type=\"application\/ld+json\" class=\"yoast-schema-graph\">{\"@context\":\"https:\\\/\\\/schema.org\",\"@graph\":[{\"@type\":\"Article\",\"@id\":\"https:\\\/\\\/lasentinelle.dz\\\/index.php\\\/2022\\\/12\\\/11\\\/sommet-etats-unis-afrique-washington-veut-rester-dans-la-course\\\/#article\",\"isPartOf\":{\"@id\":\"https:\\\/\\\/lasentinelle.dz\\\/index.php\\\/2022\\\/12\\\/11\\\/sommet-etats-unis-afrique-washington-veut-rester-dans-la-course\\\/\"},\"author\":{\"name\":\"La Sentinelle\",\"@id\":\"https:\\\/\\\/lasentinelle.dz\\\/#\\\/schema\\\/person\\\/d865044e22e70a75174ce8bcad3acfb3\"},\"headline\":\"Sommet Etats-Unis-Afrique\u00a0: Washington veut rester dans la course\",\"datePublished\":\"2022-12-11T21:10:00+00:00\",\"mainEntityOfPage\":{\"@id\":\"https:\\\/\\\/lasentinelle.dz\\\/index.php\\\/2022\\\/12\\\/11\\\/sommet-etats-unis-afrique-washington-veut-rester-dans-la-course\\\/\"},\"wordCount\":993,\"commentCount\":0,\"publisher\":{\"@id\":\"https:\\\/\\\/lasentinelle.dz\\\/#organization\"},\"image\":{\"@id\":\"https:\\\/\\\/lasentinelle.dz\\\/index.php\\\/2022\\\/12\\\/11\\\/sommet-etats-unis-afrique-washington-veut-rester-dans-la-course\\\/#primaryimage\"},\"thumbnailUrl\":\"https:\\\/\\\/lasentinelle.dz\\\/wp-content\\\/uploads\\\/2022\\\/12\\\/Biden.png\",\"articleSection\":[\"\u00c0 la Une\",\"Actualit\u00e9\"],\"inLanguage\":\"fr-FR\",\"potentialAction\":[{\"@type\":\"CommentAction\",\"name\":\"Comment\",\"target\":[\"https:\\\/\\\/lasentinelle.dz\\\/index.php\\\/2022\\\/12\\\/11\\\/sommet-etats-unis-afrique-washington-veut-rester-dans-la-course\\\/#respond\"]}]},{\"@type\":\"WebPage\",\"@id\":\"https:\\\/\\\/lasentinelle.dz\\\/index.php\\\/2022\\\/12\\\/11\\\/sommet-etats-unis-afrique-washington-veut-rester-dans-la-course\\\/\",\"url\":\"https:\\\/\\\/lasentinelle.dz\\\/index.php\\\/2022\\\/12\\\/11\\\/sommet-etats-unis-afrique-washington-veut-rester-dans-la-course\\\/\",\"name\":\"Sommet Etats-Unis-Afrique\u00a0: Washington veut rester dans la course - La Sentinelle\",\"isPartOf\":{\"@id\":\"https:\\\/\\\/lasentinelle.dz\\\/#website\"},\"primaryImageOfPage\":{\"@id\":\"https:\\\/\\\/lasentinelle.dz\\\/index.php\\\/2022\\\/12\\\/11\\\/sommet-etats-unis-afrique-washington-veut-rester-dans-la-course\\\/#primaryimage\"},\"image\":{\"@id\":\"https:\\\/\\\/lasentinelle.dz\\\/index.php\\\/2022\\\/12\\\/11\\\/sommet-etats-unis-afrique-washington-veut-rester-dans-la-course\\\/#primaryimage\"},\"thumbnailUrl\":\"https:\\\/\\\/lasentinelle.dz\\\/wp-content\\\/uploads\\\/2022\\\/12\\\/Biden.png\",\"datePublished\":\"2022-12-11T21:10:00+00:00\",\"breadcrumb\":{\"@id\":\"https:\\\/\\\/lasentinelle.dz\\\/index.php\\\/2022\\\/12\\\/11\\\/sommet-etats-unis-afrique-washington-veut-rester-dans-la-course\\\/#breadcrumb\"},\"inLanguage\":\"fr-FR\",\"potentialAction\":[{\"@type\":\"ReadAction\",\"target\":[\"https:\\\/\\\/lasentinelle.dz\\\/index.php\\\/2022\\\/12\\\/11\\\/sommet-etats-unis-afrique-washington-veut-rester-dans-la-course\\\/\"]}]},{\"@type\":\"ImageObject\",\"inLanguage\":\"fr-FR\",\"@id\":\"https:\\\/\\\/lasentinelle.dz\\\/index.php\\\/2022\\\/12\\\/11\\\/sommet-etats-unis-afrique-washington-veut-rester-dans-la-course\\\/#primaryimage\",\"url\":\"https:\\\/\\\/lasentinelle.dz\\\/wp-content\\\/uploads\\\/2022\\\/12\\\/Biden.png\",\"contentUrl\":\"https:\\\/\\\/lasentinelle.dz\\\/wp-content\\\/uploads\\\/2022\\\/12\\\/Biden.png\",\"width\":1597,\"height\":900},{\"@type\":\"BreadcrumbList\",\"@id\":\"https:\\\/\\\/lasentinelle.dz\\\/index.php\\\/2022\\\/12\\\/11\\\/sommet-etats-unis-afrique-washington-veut-rester-dans-la-course\\\/#breadcrumb\",\"itemListElement\":[{\"@type\":\"ListItem\",\"position\":1,\"name\":\"Accueil\",\"item\":\"https:\\\/\\\/lasentinelle.dz\\\/\"},{\"@type\":\"ListItem\",\"position\":2,\"name\":\"Sommet Etats-Unis-Afrique\u00a0: Washington veut rester dans la course\"}]},{\"@type\":\"WebSite\",\"@id\":\"https:\\\/\\\/lasentinelle.dz\\\/#website\",\"url\":\"https:\\\/\\\/lasentinelle.dz\\\/\",\"name\":\"La Sentinelle\",\"description\":\"Quotidien national d&#039;information\",\"publisher\":{\"@id\":\"https:\\\/\\\/lasentinelle.dz\\\/#organization\"},\"potentialAction\":[{\"@type\":\"SearchAction\",\"target\":{\"@type\":\"EntryPoint\",\"urlTemplate\":\"https:\\\/\\\/lasentinelle.dz\\\/?s={search_term_string}\"},\"query-input\":{\"@type\":\"PropertyValueSpecification\",\"valueRequired\":true,\"valueName\":\"search_term_string\"}}],\"inLanguage\":\"fr-FR\"},{\"@type\":\"Organization\",\"@id\":\"https:\\\/\\\/lasentinelle.dz\\\/#organization\",\"name\":\"Quotidien La Sentinelle\",\"url\":\"https:\\\/\\\/lasentinelle.dz\\\/\",\"logo\":{\"@type\":\"ImageObject\",\"inLanguage\":\"fr-FR\",\"@id\":\"https:\\\/\\\/lasentinelle.dz\\\/#\\\/schema\\\/logo\\\/image\\\/\",\"url\":\"https:\\\/\\\/lasentinelle.dz\\\/wp-content\\\/uploads\\\/2021\\\/09\\\/logo-sentinelleSLOGAN-1.png\",\"contentUrl\":\"https:\\\/\\\/lasentinelle.dz\\\/wp-content\\\/uploads\\\/2021\\\/09\\\/logo-sentinelleSLOGAN-1.png\",\"width\":615,\"height\":142,\"caption\":\"Quotidien La Sentinelle\"},\"image\":{\"@id\":\"https:\\\/\\\/lasentinelle.dz\\\/#\\\/schema\\\/logo\\\/image\\\/\"},\"sameAs\":[\"https:\\\/\\\/www.facebook.com\\\/La-Sentinelle-104059864394773\"]},{\"@type\":\"Person\",\"@id\":\"https:\\\/\\\/lasentinelle.dz\\\/#\\\/schema\\\/person\\\/d865044e22e70a75174ce8bcad3acfb3\",\"name\":\"La Sentinelle\",\"image\":{\"@type\":\"ImageObject\",\"inLanguage\":\"fr-FR\",\"@id\":\"https:\\\/\\\/secure.gravatar.com\\\/avatar\\\/57de8e5d4b15d43fb361a71fbb36338450fe67865b528a43dd10ef7c51a20392?s=96&d=mm&r=g\",\"url\":\"https:\\\/\\\/secure.gravatar.com\\\/avatar\\\/57de8e5d4b15d43fb361a71fbb36338450fe67865b528a43dd10ef7c51a20392?s=96&d=mm&r=g\",\"contentUrl\":\"https:\\\/\\\/secure.gravatar.com\\\/avatar\\\/57de8e5d4b15d43fb361a71fbb36338450fe67865b528a43dd10ef7c51a20392?s=96&d=mm&r=g\",\"caption\":\"La Sentinelle\"},\"sameAs\":[\"http:\\\/\\\/www.lasentinelle.dz\"],\"url\":\"https:\\\/\\\/lasentinelle.dz\\\/author\\\/redaction\\\/\"}]}<\/script>\n<!-- \/ Yoast SEO plugin. -->","yoast_head_json":{"title":"Sommet Etats-Unis-Afrique\u00a0: Washington veut rester dans la course - La Sentinelle","robots":{"index":"index","follow":"follow","max-snippet":"max-snippet:-1","max-image-preview":"max-image-preview:large","max-video-preview":"max-video-preview:-1"},"canonical":"https:\/\/lasentinelle.dz\/index.php\/2022\/12\/11\/sommet-etats-unis-afrique-washington-veut-rester-dans-la-course\/","og_locale":"fr_FR","og_type":"article","og_title":"Sommet Etats-Unis-Afrique\u00a0: Washington veut rester dans la course - La Sentinelle","og_description":"Washington DC, la capitale f\u00e9d\u00e9rale am\u00e9ricaine, s\u2019appr\u00eate \u00e0 accueillir la seconde \u00e9dition du sommet Etats-Unis-Afrique. La rencontre qui doit r\u00e9unir","og_url":"https:\/\/lasentinelle.dz\/index.php\/2022\/12\/11\/sommet-etats-unis-afrique-washington-veut-rester-dans-la-course\/","og_site_name":"La Sentinelle","article_publisher":"https:\/\/www.facebook.com\/La-Sentinelle-104059864394773","article_published_time":"2022-12-11T21:10:00+00:00","og_image":[{"width":1597,"height":900,"url":"https:\/\/lasentinelle.dz\/wp-content\/uploads\/2022\/12\/Biden.png","type":"image\/png"}],"author":"La Sentinelle","twitter_card":"summary_large_image","twitter_misc":{"\u00c9crit par":"La Sentinelle","Dur\u00e9e de lecture estim\u00e9e":"5 minutes"},"schema":{"@context":"https:\/\/schema.org","@graph":[{"@type":"Article","@id":"https:\/\/lasentinelle.dz\/index.php\/2022\/12\/11\/sommet-etats-unis-afrique-washington-veut-rester-dans-la-course\/#article","isPartOf":{"@id":"https:\/\/lasentinelle.dz\/index.php\/2022\/12\/11\/sommet-etats-unis-afrique-washington-veut-rester-dans-la-course\/"},"author":{"name":"La Sentinelle","@id":"https:\/\/lasentinelle.dz\/#\/schema\/person\/d865044e22e70a75174ce8bcad3acfb3"},"headline":"Sommet Etats-Unis-Afrique\u00a0: Washington veut rester dans la course","datePublished":"2022-12-11T21:10:00+00:00","mainEntityOfPage":{"@id":"https:\/\/lasentinelle.dz\/index.php\/2022\/12\/11\/sommet-etats-unis-afrique-washington-veut-rester-dans-la-course\/"},"wordCount":993,"commentCount":0,"publisher":{"@id":"https:\/\/lasentinelle.dz\/#organization"},"image":{"@id":"https:\/\/lasentinelle.dz\/index.php\/2022\/12\/11\/sommet-etats-unis-afrique-washington-veut-rester-dans-la-course\/#primaryimage"},"thumbnailUrl":"https:\/\/lasentinelle.dz\/wp-content\/uploads\/2022\/12\/Biden.png","articleSection":["\u00c0 la Une","Actualit\u00e9"],"inLanguage":"fr-FR","potentialAction":[{"@type":"CommentAction","name":"Comment","target":["https:\/\/lasentinelle.dz\/index.php\/2022\/12\/11\/sommet-etats-unis-afrique-washington-veut-rester-dans-la-course\/#respond"]}]},{"@type":"WebPage","@id":"https:\/\/lasentinelle.dz\/index.php\/2022\/12\/11\/sommet-etats-unis-afrique-washington-veut-rester-dans-la-course\/","url":"https:\/\/lasentinelle.dz\/index.php\/2022\/12\/11\/sommet-etats-unis-afrique-washington-veut-rester-dans-la-course\/","name":"Sommet Etats-Unis-Afrique\u00a0: Washington veut rester dans la course - La Sentinelle","isPartOf":{"@id":"https:\/\/lasentinelle.dz\/#website"},"primaryImageOfPage":{"@id":"https:\/\/lasentinelle.dz\/index.php\/2022\/12\/11\/sommet-etats-unis-afrique-washington-veut-rester-dans-la-course\/#primaryimage"},"image":{"@id":"https:\/\/lasentinelle.dz\/index.php\/2022\/12\/11\/sommet-etats-unis-afrique-washington-veut-rester-dans-la-course\/#primaryimage"},"thumbnailUrl":"https:\/\/lasentinelle.dz\/wp-content\/uploads\/2022\/12\/Biden.png","datePublished":"2022-12-11T21:10:00+00:00","breadcrumb":{"@id":"https:\/\/lasentinelle.dz\/index.php\/2022\/12\/11\/sommet-etats-unis-afrique-washington-veut-rester-dans-la-course\/#breadcrumb"},"inLanguage":"fr-FR","potentialAction":[{"@type":"ReadAction","target":["https:\/\/lasentinelle.dz\/index.php\/2022\/12\/11\/sommet-etats-unis-afrique-washington-veut-rester-dans-la-course\/"]}]},{"@type":"ImageObject","inLanguage":"fr-FR","@id":"https:\/\/lasentinelle.dz\/index.php\/2022\/12\/11\/sommet-etats-unis-afrique-washington-veut-rester-dans-la-course\/#primaryimage","url":"https:\/\/lasentinelle.dz\/wp-content\/uploads\/2022\/12\/Biden.png","contentUrl":"https:\/\/lasentinelle.dz\/wp-content\/uploads\/2022\/12\/Biden.png","width":1597,"height":900},{"@type":"BreadcrumbList","@id":"https:\/\/lasentinelle.dz\/index.php\/2022\/12\/11\/sommet-etats-unis-afrique-washington-veut-rester-dans-la-course\/#breadcrumb","itemListElement":[{"@type":"ListItem","position":1,"name":"Accueil","item":"https:\/\/lasentinelle.dz\/"},{"@type":"ListItem","position":2,"name":"Sommet Etats-Unis-Afrique\u00a0: Washington veut rester dans la course"}]},{"@type":"WebSite","@id":"https:\/\/lasentinelle.dz\/#website","url":"https:\/\/lasentinelle.dz\/","name":"La Sentinelle","description":"Quotidien national d&#039;information","publisher":{"@id":"https:\/\/lasentinelle.dz\/#organization"},"potentialAction":[{"@type":"SearchAction","target":{"@type":"EntryPoint","urlTemplate":"https:\/\/lasentinelle.dz\/?s={search_term_string}"},"query-input":{"@type":"PropertyValueSpecification","valueRequired":true,"valueName":"search_term_string"}}],"inLanguage":"fr-FR"},{"@type":"Organization","@id":"https:\/\/lasentinelle.dz\/#organization","name":"Quotidien La Sentinelle","url":"https:\/\/lasentinelle.dz\/","logo":{"@type":"ImageObject","inLanguage":"fr-FR","@id":"https:\/\/lasentinelle.dz\/#\/schema\/logo\/image\/","url":"https:\/\/lasentinelle.dz\/wp-content\/uploads\/2021\/09\/logo-sentinelleSLOGAN-1.png","contentUrl":"https:\/\/lasentinelle.dz\/wp-content\/uploads\/2021\/09\/logo-sentinelleSLOGAN-1.png","width":615,"height":142,"caption":"Quotidien La Sentinelle"},"image":{"@id":"https:\/\/lasentinelle.dz\/#\/schema\/logo\/image\/"},"sameAs":["https:\/\/www.facebook.com\/La-Sentinelle-104059864394773"]},{"@type":"Person","@id":"https:\/\/lasentinelle.dz\/#\/schema\/person\/d865044e22e70a75174ce8bcad3acfb3","name":"La Sentinelle","image":{"@type":"ImageObject","inLanguage":"fr-FR","@id":"https:\/\/secure.gravatar.com\/avatar\/57de8e5d4b15d43fb361a71fbb36338450fe67865b528a43dd10ef7c51a20392?s=96&d=mm&r=g","url":"https:\/\/secure.gravatar.com\/avatar\/57de8e5d4b15d43fb361a71fbb36338450fe67865b528a43dd10ef7c51a20392?s=96&d=mm&r=g","contentUrl":"https:\/\/secure.gravatar.com\/avatar\/57de8e5d4b15d43fb361a71fbb36338450fe67865b528a43dd10ef7c51a20392?s=96&d=mm&r=g","caption":"La Sentinelle"},"sameAs":["http:\/\/www.lasentinelle.dz"],"url":"https:\/\/lasentinelle.dz\/author\/redaction\/"}]}},"_links":{"self":[{"href":"https:\/\/lasentinelle.dz\/index.php\/wp-json\/wp\/v2\/posts\/32409","targetHints":{"allow":["GET"]}}],"collection":[{"href":"https:\/\/lasentinelle.dz\/index.php\/wp-json\/wp\/v2\/posts"}],"about":[{"href":"https:\/\/lasentinelle.dz\/index.php\/wp-json\/wp\/v2\/types\/post"}],"author":[{"embeddable":true,"href":"https:\/\/lasentinelle.dz\/index.php\/wp-json\/wp\/v2\/users\/3"}],"replies":[{"embeddable":true,"href":"https:\/\/lasentinelle.dz\/index.php\/wp-json\/wp\/v2\/comments?post=32409"}],"version-history":[{"count":2,"href":"https:\/\/lasentinelle.dz\/index.php\/wp-json\/wp\/v2\/posts\/32409\/revisions"}],"predecessor-version":[{"id":32428,"href":"https:\/\/lasentinelle.dz\/index.php\/wp-json\/wp\/v2\/posts\/32409\/revisions\/32428"}],"wp:featuredmedia":[{"embeddable":true,"href":"https:\/\/lasentinelle.dz\/index.php\/wp-json\/wp\/v2\/media\/32410"}],"wp:attachment":[{"href":"https:\/\/lasentinelle.dz\/index.php\/wp-json\/wp\/v2\/media?parent=32409"}],"wp:term":[{"taxonomy":"category","embeddable":true,"href":"https:\/\/lasentinelle.dz\/index.php\/wp-json\/wp\/v2\/categories?post=32409"},{"taxonomy":"post_tag","embeddable":true,"href":"https:\/\/lasentinelle.dz\/index.php\/wp-json\/wp\/v2\/tags?post=32409"}],"curies":[{"name":"wp","href":"https:\/\/api.w.org\/{rel}","templated":true}]}}