{"id":32413,"date":"2022-12-11T22:10:00","date_gmt":"2022-12-11T21:10:00","guid":{"rendered":"https:\/\/lasentinelle.dz\/?p=32413"},"modified":"2022-12-11T21:09:58","modified_gmt":"2022-12-11T20:09:58","slug":"education-nationale-tebboune-ordonne-la-titularisation-des-contractuels","status":"publish","type":"post","link":"https:\/\/lasentinelle.dz\/index.php\/2022\/12\/11\/education-nationale-tebboune-ordonne-la-titularisation-des-contractuels\/","title":{"rendered":"\u00c9ducation nationale\u00a0: Tebboune ordonne la titularisation des contractuels"},"content":{"rendered":"\n<p>Le pr\u00e9sident de la R\u00e9publique, Abdelmadjid Tebboune, ordonn\u00e9 hier la contractualisation imm\u00e9diate de pr\u00e8s de 60.000 enseignants contractuels.<\/p>\n\n\n\n<p>Le secteur de l\u2019\u00c9ducation nationale a \u00e9t\u00e9 au c\u0153ur de la r\u00e9union du Conseil des ministres tenue hier. L\u2019occasion pour le pr\u00e9sident de la R\u00e9publique d\u2019annoncer une d\u00e9cision qui r\u00e9pondra assur\u00e9ment \u00e0 l\u2019une des revendications pos\u00e9es par le partenaire social depuis plusieurs mois, soit la titularisation ou la confirmation au sein de leurs postes de pr\u00e8s de 60.000 enseignants contractuels. Des enseignants qui attendent une mesure de ce genre depuis la fermeture des concours d\u2019acc\u00e8s aux postes d\u2019enseignants sur la base de l\u2019exp\u00e9rience et du dipl\u00f4me par le minist\u00e8re de l\u2019\u00c9ducation nationale et qui avait r\u00e9duit les possibilit\u00e9s de confirmation pour les contractuels m\u00eame pour ceux occupant des postes vacants. Selon le communiqu\u00e9 des services de la pr\u00e9sidence de la R\u00e9publique qui a sanctionn\u00e9 les travaux du Conseil des ministres, Abdelmadjid Tebboune a enjoint au ministre de l\u2019\u00c9ducation nationale de \u00ab&nbsp;titulariser imm\u00e9diatement l&rsquo;ensemble des enseignants contractuels du secteur de l&rsquo;Education, dont le nombre est de 59.987 enseignants, l&rsquo;op\u00e9ration devant s&rsquo;achever, au plus tard, fin f\u00e9vrier 2023&nbsp;\u00bb. Il \u00e9galement donn\u00e9 des instructions pour finaliser le Statut de l&rsquo;enseignant avant le 31 d\u00e9cembre 2022. Des mesures qui doivent r\u00e9gler certaines probl\u00e9matiques qui affectent le secteur dans la finalit\u00e9 d\u2019\u00e9lever le niveau de la formation. Dans ce sens, le communiqu\u00e9 pr\u00e9cise que le pr\u00e9sident de la R\u00e9publique a \u00e9galement donn\u00e9 des instructions pour \u00ab&nbsp;encourager les enseignants \u00e0 accomplir leur devoir professionnel et \u00e0 perfectionner le niveau de formation, tout en promouvant leur situation socioprofessionnelle, loin de toute exploitation, et ce, pour pr\u00e9server le caract\u00e8re sacr\u00e9 de ce m\u00e9tier noble&nbsp;\u00bb. Il s\u2019agit aussi de \u00ab&nbsp;veiller \u00e0 l&rsquo;\u00e9valuation continue de la nature des missions accomplies par l&rsquo;enseignant en tant qu&rsquo;\u00e9ducateur et non en tant que fonctionnaire administratif, car \u00e9tant porteur d&rsquo;un message et charg\u00e9 de la formation des g\u00e9n\u00e9rations&nbsp;\u00bb.<\/p>\n\n\n\n<p>Sur un autre volet et concernant l\u2019examen des textes relatifs \u00e0 l&rsquo;exercice du droit syndical, ainsi qu\u2019\u00e0 la pr\u00e9vention et au r\u00e8glement des conflits collectifs de travail, et \u00e0 l&rsquo;exercice du droit de gr\u00e8ve, le pr\u00e9sident de la R\u00e9publique a insist\u00e9 sur la n\u00e9cessit\u00e9 de promulguer les textes r\u00e9glementaires et les textes d\u2019application dans les d\u00e9lais les plus brefs. En ce concerne le projet de relatif \u00e0 l\u2019exercice du droit syndical, le chef de l\u2019\u00c9tat a soulign\u00e9 que ce texte \u00ab&nbsp;vise \u00e0 consacrer le droit syndical et le droit \u00e0 la gr\u00e8ve comme deux piliers essentiels pour instaurer la d\u00e9mocratie et \u00e9viter les d\u00e9rapages et dysfonctionnements dans le domaine professionnel, en vue de r\u00e9former ce syst\u00e8me&nbsp;\u00bb.<\/p>\n\n\n\n<p><strong>Police de l\u2019urbanisme<\/strong><\/p>\n\n\n\n<p>Le Conseil des ministres s\u2019est \u00e9galement pench\u00e9 sur les nouvelles mesures destin\u00e9es \u00e0 pr\u00e9server les terres relevant du domaine de l\u2019\u00c9tat, notamment dans le cadre de l\u2019\u00e9radication des constructions illicites. Un texte renvoy\u00e9 pour enrichissement. Dans ce contexte le Pr\u00e9sident Tebboune a soulign\u00e9 la n\u00e9cessit\u00e9 de prendre en compte certains \u00e9l\u00e9ments.&nbsp; Il s\u2019agit de \u00ab&nbsp;veiller \u00e0 ce que cette loi vise le renforcement de la protection des terres de l&rsquo;Etat et des terrains r\u00e9cup\u00e9r\u00e9s au niveau des communes, notamment les assiettes fonci\u00e8res r\u00e9cup\u00e9r\u00e9es apr\u00e8s les diff\u00e9rentes op\u00e9rations de relogement&nbsp;\u00bb, souligne le communiqu\u00e9. Il s\u2019agit aussi de r\u00e9viser la loi sur l&rsquo;urbanisme \u00ab&nbsp;sur la base d&rsquo;une v\u00e9ritable planification urbanistique afin d&rsquo;\u00e9radiquer d\u00e9finitivement les aspects d&rsquo;anarchie, et pour que toutes les op\u00e9rations de construction et de r\u00e9alisation soient soumises, \u00e0 l&rsquo;avenir, \u00e0 un encadrement juridique et strictement r\u00e9glement\u00e9es, notamment dans les villes&nbsp;\u00bb, pr\u00e9cise la m\u00eame source. Le pr\u00e9sident de la R\u00e9publique a \u00e9galement enjoint aux ministres de l&rsquo;Int\u00e9rieur et de l&rsquo;Habitat de veiller \u00e0 la cr\u00e9ation d&rsquo;une Police de l&rsquo;urbanisme dans le cadre du projet de r\u00e9vision de la loi sur l&rsquo;urbanisme, dans le but de renforcer la protection des terres de l&rsquo;Etat, tout en veillant \u00e0 sa pr\u00e9sence dans toutes les communes du pays&nbsp;\u00bb et d\u2019int\u00e9grer \u00ab un aspect r\u00e9pressif pr\u00e9voyant les peines les plus lourdes pour les cas de complicit\u00e9 et \u00e0 l&rsquo;encontre de quiconque dont la passivit\u00e9 ou le laxisme est \u00e9tabli dans la poursuite de la d\u00e9figuration de la construction et de l&rsquo;urbanisme, parmi les responsables \u00e0 tous les niveaux&nbsp;\u00bb. Il a \u00e9galement ordonn\u00e9 de faire la distinction entre les constructions soumises aux programmes sp\u00e9ciaux relatifs aux cas de relogement, des cas de constructions concern\u00e9es par la n\u00e9cessaire r\u00e9gularisation, conform\u00e9ment \u00e0 la loi sur l&rsquo;urbanisme.<\/p>\n\n\n\n<p><strong>Le changement ne concerne pas uniquement les hommes<\/strong><\/p>\n\n\n\n<p>Le pr\u00e9sident de la R\u00e9publique a \u00e9galement donn\u00e9 des orientations afin de pr\u00e9parer des expos\u00e9s sur l\u2019\u00e9tat des lieux sur la situation et la gestion des h\u00f4pitaux \u00e0 travers le territoire national, et de lancer une inspection nationale sur la situation sur le terrain, ainsi que sur l\u2019\u00e9tat des lieux et les perspectives dans le secteur de l\u2019industrie pharmaceutique.<\/p>\n\n\n\n<p>Abdelmadjid Tebboune a \u00e9galement saisi la tenue de ce Conseil des ministres pour faire n point d\u2019ordre sur les objectifs poursuivis par la d\u00e9marche de changement estimant que \u00ab&nbsp;<\/p>\n\n\n\n<p>la v\u00e9ritable essence de l&rsquo;Alg\u00e9rie nouvelle est d&rsquo;op\u00e9rer un changement des concepts, tout en les rectifiant et en \u0153uvrant \u00e0 leur concr\u00e9tisation sur le terrain, soulignant que l&rsquo;objectif n&rsquo;a jamais \u00e9t\u00e9 de changer uniquement les personnes&nbsp;\u00bb. Il a enfin ordonn\u00e9 au ministre de la Justice d&rsquo;\u00e9laborer \u00ab&nbsp;un projet de loi cadre sur la fraude, sous toutes ses formes, dans le cadre de la moralisation de la vie sociale&nbsp;\u00bb.<\/p>\n\n\n\n<p><strong>Hocine Fadheli<\/strong><\/p>\n","protected":false},"excerpt":{"rendered":"<p>Le pr\u00e9sident de la R\u00e9publique, Abdelmadjid Tebboune, ordonn\u00e9 hier la contractualisation imm\u00e9diate de pr\u00e8s de 60.000 enseignants contractuels. Le secteur<\/p>\n","protected":false},"author":3,"featured_media":32437,"comment_status":"open","ping_status":"closed","sticky":false,"template":"","format":"standard","meta":{"colormag_page_container_layout":"default_layout","colormag_page_sidebar_layout":"default_layout","om_disable_all_campaigns":false,"_monsterinsights_skip_tracking":false,"_monsterinsights_sitenote_active":false,"_monsterinsights_sitenote_note":"","_monsterinsights_sitenote_category":0,"footnotes":"","_wpscppro_dont_share_socialmedia":false,"_wpscppro_custom_social_share_image":0,"_facebook_share_type":"","_twitter_share_type":"","_linkedin_share_type":"","_pinterest_share_type":"","_linkedin_share_type_page":"","_instagram_share_type":"","_medium_share_type":"","_threads_share_type":"","_google_business_share_type":"","_selected_social_profile":[],"_wpsp_enable_custom_social_template":false,"_wpsp_social_scheduling":{"enabled":false,"datetime":null,"platforms":[],"status":"template_only","dateOption":"today","timeOption":"now","customDays":"","customHours":"","customDate":"","customTime":"","schedulingType":"absolute"},"_wpsp_active_default_template":true},"categories":[52,27],"tags":[],"class_list":["post-32413","post","type-post","status-publish","format-standard","has-post-thumbnail","hentry","category-a-la-une","category-actualite"],"aioseo_notices":[],"yoast_head":"<!-- This site is optimized with the Yoast SEO plugin v27.5 - https:\/\/yoast.com\/product\/yoast-seo-wordpress\/ -->\n<title>\u00c9ducation nationale\u00a0: Tebboune ordonne la titularisation des contractuels - La Sentinelle<\/title>\n<meta name=\"robots\" content=\"index, follow, max-snippet:-1, max-image-preview:large, max-video-preview:-1\" \/>\n<link rel=\"canonical\" href=\"https:\/\/lasentinelle.dz\/index.php\/2022\/12\/11\/education-nationale-tebboune-ordonne-la-titularisation-des-contractuels\/\" \/>\n<meta property=\"og:locale\" content=\"fr_FR\" \/>\n<meta property=\"og:type\" content=\"article\" \/>\n<meta property=\"og:title\" content=\"\u00c9ducation nationale\u00a0: Tebboune ordonne la titularisation des contractuels - La Sentinelle\" \/>\n<meta property=\"og:description\" content=\"Le pr\u00e9sident de la R\u00e9publique, Abdelmadjid Tebboune, ordonn\u00e9 hier la contractualisation imm\u00e9diate de pr\u00e8s de 60.000 enseignants contractuels. Le secteur\" \/>\n<meta property=\"og:url\" content=\"https:\/\/lasentinelle.dz\/index.php\/2022\/12\/11\/education-nationale-tebboune-ordonne-la-titularisation-des-contractuels\/\" \/>\n<meta property=\"og:site_name\" content=\"La Sentinelle\" \/>\n<meta property=\"article:publisher\" content=\"https:\/\/www.facebook.com\/La-Sentinelle-104059864394773\" \/>\n<meta property=\"article:published_time\" content=\"2022-12-11T21:10:00+00:00\" \/>\n<meta property=\"og:image\" content=\"https:\/\/lasentinelle.dz\/wp-content\/uploads\/2022\/12\/Conseil-1.png\" \/>\n\t<meta property=\"og:image:width\" content=\"1351\" \/>\n\t<meta property=\"og:image:height\" content=\"900\" \/>\n\t<meta property=\"og:image:type\" content=\"image\/png\" \/>\n<meta name=\"author\" content=\"La Sentinelle\" \/>\n<meta name=\"twitter:card\" content=\"summary_large_image\" \/>\n<meta name=\"twitter:label1\" content=\"\u00c9crit par\" \/>\n\t<meta name=\"twitter:data1\" content=\"La Sentinelle\" \/>\n\t<meta name=\"twitter:label2\" content=\"Dur\u00e9e de lecture estim\u00e9e\" \/>\n\t<meta name=\"twitter:data2\" content=\"5 minutes\" \/>\n<script type=\"application\/ld+json\" class=\"yoast-schema-graph\">{\"@context\":\"https:\\\/\\\/schema.org\",\"@graph\":[{\"@type\":\"Article\",\"@id\":\"https:\\\/\\\/lasentinelle.dz\\\/index.php\\\/2022\\\/12\\\/11\\\/education-nationale-tebboune-ordonne-la-titularisation-des-contractuels\\\/#article\",\"isPartOf\":{\"@id\":\"https:\\\/\\\/lasentinelle.dz\\\/index.php\\\/2022\\\/12\\\/11\\\/education-nationale-tebboune-ordonne-la-titularisation-des-contractuels\\\/\"},\"author\":{\"name\":\"La Sentinelle\",\"@id\":\"https:\\\/\\\/lasentinelle.dz\\\/#\\\/schema\\\/person\\\/d865044e22e70a75174ce8bcad3acfb3\"},\"headline\":\"\u00c9ducation nationale\u00a0: Tebboune ordonne la titularisation des contractuels\",\"datePublished\":\"2022-12-11T21:10:00+00:00\",\"mainEntityOfPage\":{\"@id\":\"https:\\\/\\\/lasentinelle.dz\\\/index.php\\\/2022\\\/12\\\/11\\\/education-nationale-tebboune-ordonne-la-titularisation-des-contractuels\\\/\"},\"wordCount\":1038,\"commentCount\":0,\"publisher\":{\"@id\":\"https:\\\/\\\/lasentinelle.dz\\\/#organization\"},\"image\":{\"@id\":\"https:\\\/\\\/lasentinelle.dz\\\/index.php\\\/2022\\\/12\\\/11\\\/education-nationale-tebboune-ordonne-la-titularisation-des-contractuels\\\/#primaryimage\"},\"thumbnailUrl\":\"https:\\\/\\\/lasentinelle.dz\\\/wp-content\\\/uploads\\\/2022\\\/12\\\/Conseil-1.png\",\"articleSection\":[\"\u00c0 la Une\",\"Actualit\u00e9\"],\"inLanguage\":\"fr-FR\",\"potentialAction\":[{\"@type\":\"CommentAction\",\"name\":\"Comment\",\"target\":[\"https:\\\/\\\/lasentinelle.dz\\\/index.php\\\/2022\\\/12\\\/11\\\/education-nationale-tebboune-ordonne-la-titularisation-des-contractuels\\\/#respond\"]}]},{\"@type\":\"WebPage\",\"@id\":\"https:\\\/\\\/lasentinelle.dz\\\/index.php\\\/2022\\\/12\\\/11\\\/education-nationale-tebboune-ordonne-la-titularisation-des-contractuels\\\/\",\"url\":\"https:\\\/\\\/lasentinelle.dz\\\/index.php\\\/2022\\\/12\\\/11\\\/education-nationale-tebboune-ordonne-la-titularisation-des-contractuels\\\/\",\"name\":\"\u00c9ducation nationale\u00a0: Tebboune ordonne la titularisation des contractuels - La Sentinelle\",\"isPartOf\":{\"@id\":\"https:\\\/\\\/lasentinelle.dz\\\/#website\"},\"primaryImageOfPage\":{\"@id\":\"https:\\\/\\\/lasentinelle.dz\\\/index.php\\\/2022\\\/12\\\/11\\\/education-nationale-tebboune-ordonne-la-titularisation-des-contractuels\\\/#primaryimage\"},\"image\":{\"@id\":\"https:\\\/\\\/lasentinelle.dz\\\/index.php\\\/2022\\\/12\\\/11\\\/education-nationale-tebboune-ordonne-la-titularisation-des-contractuels\\\/#primaryimage\"},\"thumbnailUrl\":\"https:\\\/\\\/lasentinelle.dz\\\/wp-content\\\/uploads\\\/2022\\\/12\\\/Conseil-1.png\",\"datePublished\":\"2022-12-11T21:10:00+00:00\",\"breadcrumb\":{\"@id\":\"https:\\\/\\\/lasentinelle.dz\\\/index.php\\\/2022\\\/12\\\/11\\\/education-nationale-tebboune-ordonne-la-titularisation-des-contractuels\\\/#breadcrumb\"},\"inLanguage\":\"fr-FR\",\"potentialAction\":[{\"@type\":\"ReadAction\",\"target\":[\"https:\\\/\\\/lasentinelle.dz\\\/index.php\\\/2022\\\/12\\\/11\\\/education-nationale-tebboune-ordonne-la-titularisation-des-contractuels\\\/\"]}]},{\"@type\":\"ImageObject\",\"inLanguage\":\"fr-FR\",\"@id\":\"https:\\\/\\\/lasentinelle.dz\\\/index.php\\\/2022\\\/12\\\/11\\\/education-nationale-tebboune-ordonne-la-titularisation-des-contractuels\\\/#primaryimage\",\"url\":\"https:\\\/\\\/lasentinelle.dz\\\/wp-content\\\/uploads\\\/2022\\\/12\\\/Conseil-1.png\",\"contentUrl\":\"https:\\\/\\\/lasentinelle.dz\\\/wp-content\\\/uploads\\\/2022\\\/12\\\/Conseil-1.png\",\"width\":1351,\"height\":900},{\"@type\":\"BreadcrumbList\",\"@id\":\"https:\\\/\\\/lasentinelle.dz\\\/index.php\\\/2022\\\/12\\\/11\\\/education-nationale-tebboune-ordonne-la-titularisation-des-contractuels\\\/#breadcrumb\",\"itemListElement\":[{\"@type\":\"ListItem\",\"position\":1,\"name\":\"Accueil\",\"item\":\"https:\\\/\\\/lasentinelle.dz\\\/\"},{\"@type\":\"ListItem\",\"position\":2,\"name\":\"\u00c9ducation nationale\u00a0: Tebboune ordonne la titularisation des contractuels\"}]},{\"@type\":\"WebSite\",\"@id\":\"https:\\\/\\\/lasentinelle.dz\\\/#website\",\"url\":\"https:\\\/\\\/lasentinelle.dz\\\/\",\"name\":\"La Sentinelle\",\"description\":\"Quotidien national d&#039;information\",\"publisher\":{\"@id\":\"https:\\\/\\\/lasentinelle.dz\\\/#organization\"},\"potentialAction\":[{\"@type\":\"SearchAction\",\"target\":{\"@type\":\"EntryPoint\",\"urlTemplate\":\"https:\\\/\\\/lasentinelle.dz\\\/?s={search_term_string}\"},\"query-input\":{\"@type\":\"PropertyValueSpecification\",\"valueRequired\":true,\"valueName\":\"search_term_string\"}}],\"inLanguage\":\"fr-FR\"},{\"@type\":\"Organization\",\"@id\":\"https:\\\/\\\/lasentinelle.dz\\\/#organization\",\"name\":\"Quotidien La Sentinelle\",\"url\":\"https:\\\/\\\/lasentinelle.dz\\\/\",\"logo\":{\"@type\":\"ImageObject\",\"inLanguage\":\"fr-FR\",\"@id\":\"https:\\\/\\\/lasentinelle.dz\\\/#\\\/schema\\\/logo\\\/image\\\/\",\"url\":\"https:\\\/\\\/lasentinelle.dz\\\/wp-content\\\/uploads\\\/2021\\\/09\\\/logo-sentinelleSLOGAN-1.png\",\"contentUrl\":\"https:\\\/\\\/lasentinelle.dz\\\/wp-content\\\/uploads\\\/2021\\\/09\\\/logo-sentinelleSLOGAN-1.png\",\"width\":615,\"height\":142,\"caption\":\"Quotidien La Sentinelle\"},\"image\":{\"@id\":\"https:\\\/\\\/lasentinelle.dz\\\/#\\\/schema\\\/logo\\\/image\\\/\"},\"sameAs\":[\"https:\\\/\\\/www.facebook.com\\\/La-Sentinelle-104059864394773\"]},{\"@type\":\"Person\",\"@id\":\"https:\\\/\\\/lasentinelle.dz\\\/#\\\/schema\\\/person\\\/d865044e22e70a75174ce8bcad3acfb3\",\"name\":\"La Sentinelle\",\"image\":{\"@type\":\"ImageObject\",\"inLanguage\":\"fr-FR\",\"@id\":\"https:\\\/\\\/secure.gravatar.com\\\/avatar\\\/57de8e5d4b15d43fb361a71fbb36338450fe67865b528a43dd10ef7c51a20392?s=96&d=mm&r=g\",\"url\":\"https:\\\/\\\/secure.gravatar.com\\\/avatar\\\/57de8e5d4b15d43fb361a71fbb36338450fe67865b528a43dd10ef7c51a20392?s=96&d=mm&r=g\",\"contentUrl\":\"https:\\\/\\\/secure.gravatar.com\\\/avatar\\\/57de8e5d4b15d43fb361a71fbb36338450fe67865b528a43dd10ef7c51a20392?s=96&d=mm&r=g\",\"caption\":\"La Sentinelle\"},\"sameAs\":[\"http:\\\/\\\/www.lasentinelle.dz\"],\"url\":\"https:\\\/\\\/lasentinelle.dz\\\/author\\\/redaction\\\/\"}]}<\/script>\n<!-- \/ Yoast SEO plugin. -->","yoast_head_json":{"title":"\u00c9ducation nationale\u00a0: Tebboune ordonne la titularisation des contractuels - La Sentinelle","robots":{"index":"index","follow":"follow","max-snippet":"max-snippet:-1","max-image-preview":"max-image-preview:large","max-video-preview":"max-video-preview:-1"},"canonical":"https:\/\/lasentinelle.dz\/index.php\/2022\/12\/11\/education-nationale-tebboune-ordonne-la-titularisation-des-contractuels\/","og_locale":"fr_FR","og_type":"article","og_title":"\u00c9ducation nationale\u00a0: Tebboune ordonne la titularisation des contractuels - La Sentinelle","og_description":"Le pr\u00e9sident de la R\u00e9publique, Abdelmadjid Tebboune, ordonn\u00e9 hier la contractualisation imm\u00e9diate de pr\u00e8s de 60.000 enseignants contractuels. Le secteur","og_url":"https:\/\/lasentinelle.dz\/index.php\/2022\/12\/11\/education-nationale-tebboune-ordonne-la-titularisation-des-contractuels\/","og_site_name":"La Sentinelle","article_publisher":"https:\/\/www.facebook.com\/La-Sentinelle-104059864394773","article_published_time":"2022-12-11T21:10:00+00:00","og_image":[{"width":1351,"height":900,"url":"https:\/\/lasentinelle.dz\/wp-content\/uploads\/2022\/12\/Conseil-1.png","type":"image\/png"}],"author":"La Sentinelle","twitter_card":"summary_large_image","twitter_misc":{"\u00c9crit par":"La Sentinelle","Dur\u00e9e de lecture estim\u00e9e":"5 minutes"},"schema":{"@context":"https:\/\/schema.org","@graph":[{"@type":"Article","@id":"https:\/\/lasentinelle.dz\/index.php\/2022\/12\/11\/education-nationale-tebboune-ordonne-la-titularisation-des-contractuels\/#article","isPartOf":{"@id":"https:\/\/lasentinelle.dz\/index.php\/2022\/12\/11\/education-nationale-tebboune-ordonne-la-titularisation-des-contractuels\/"},"author":{"name":"La Sentinelle","@id":"https:\/\/lasentinelle.dz\/#\/schema\/person\/d865044e22e70a75174ce8bcad3acfb3"},"headline":"\u00c9ducation nationale\u00a0: Tebboune ordonne la titularisation des contractuels","datePublished":"2022-12-11T21:10:00+00:00","mainEntityOfPage":{"@id":"https:\/\/lasentinelle.dz\/index.php\/2022\/12\/11\/education-nationale-tebboune-ordonne-la-titularisation-des-contractuels\/"},"wordCount":1038,"commentCount":0,"publisher":{"@id":"https:\/\/lasentinelle.dz\/#organization"},"image":{"@id":"https:\/\/lasentinelle.dz\/index.php\/2022\/12\/11\/education-nationale-tebboune-ordonne-la-titularisation-des-contractuels\/#primaryimage"},"thumbnailUrl":"https:\/\/lasentinelle.dz\/wp-content\/uploads\/2022\/12\/Conseil-1.png","articleSection":["\u00c0 la Une","Actualit\u00e9"],"inLanguage":"fr-FR","potentialAction":[{"@type":"CommentAction","name":"Comment","target":["https:\/\/lasentinelle.dz\/index.php\/2022\/12\/11\/education-nationale-tebboune-ordonne-la-titularisation-des-contractuels\/#respond"]}]},{"@type":"WebPage","@id":"https:\/\/lasentinelle.dz\/index.php\/2022\/12\/11\/education-nationale-tebboune-ordonne-la-titularisation-des-contractuels\/","url":"https:\/\/lasentinelle.dz\/index.php\/2022\/12\/11\/education-nationale-tebboune-ordonne-la-titularisation-des-contractuels\/","name":"\u00c9ducation nationale\u00a0: Tebboune ordonne la titularisation des contractuels - La Sentinelle","isPartOf":{"@id":"https:\/\/lasentinelle.dz\/#website"},"primaryImageOfPage":{"@id":"https:\/\/lasentinelle.dz\/index.php\/2022\/12\/11\/education-nationale-tebboune-ordonne-la-titularisation-des-contractuels\/#primaryimage"},"image":{"@id":"https:\/\/lasentinelle.dz\/index.php\/2022\/12\/11\/education-nationale-tebboune-ordonne-la-titularisation-des-contractuels\/#primaryimage"},"thumbnailUrl":"https:\/\/lasentinelle.dz\/wp-content\/uploads\/2022\/12\/Conseil-1.png","datePublished":"2022-12-11T21:10:00+00:00","breadcrumb":{"@id":"https:\/\/lasentinelle.dz\/index.php\/2022\/12\/11\/education-nationale-tebboune-ordonne-la-titularisation-des-contractuels\/#breadcrumb"},"inLanguage":"fr-FR","potentialAction":[{"@type":"ReadAction","target":["https:\/\/lasentinelle.dz\/index.php\/2022\/12\/11\/education-nationale-tebboune-ordonne-la-titularisation-des-contractuels\/"]}]},{"@type":"ImageObject","inLanguage":"fr-FR","@id":"https:\/\/lasentinelle.dz\/index.php\/2022\/12\/11\/education-nationale-tebboune-ordonne-la-titularisation-des-contractuels\/#primaryimage","url":"https:\/\/lasentinelle.dz\/wp-content\/uploads\/2022\/12\/Conseil-1.png","contentUrl":"https:\/\/lasentinelle.dz\/wp-content\/uploads\/2022\/12\/Conseil-1.png","width":1351,"height":900},{"@type":"BreadcrumbList","@id":"https:\/\/lasentinelle.dz\/index.php\/2022\/12\/11\/education-nationale-tebboune-ordonne-la-titularisation-des-contractuels\/#breadcrumb","itemListElement":[{"@type":"ListItem","position":1,"name":"Accueil","item":"https:\/\/lasentinelle.dz\/"},{"@type":"ListItem","position":2,"name":"\u00c9ducation nationale\u00a0: Tebboune ordonne la titularisation des contractuels"}]},{"@type":"WebSite","@id":"https:\/\/lasentinelle.dz\/#website","url":"https:\/\/lasentinelle.dz\/","name":"La Sentinelle","description":"Quotidien national d&#039;information","publisher":{"@id":"https:\/\/lasentinelle.dz\/#organization"},"potentialAction":[{"@type":"SearchAction","target":{"@type":"EntryPoint","urlTemplate":"https:\/\/lasentinelle.dz\/?s={search_term_string}"},"query-input":{"@type":"PropertyValueSpecification","valueRequired":true,"valueName":"search_term_string"}}],"inLanguage":"fr-FR"},{"@type":"Organization","@id":"https:\/\/lasentinelle.dz\/#organization","name":"Quotidien La Sentinelle","url":"https:\/\/lasentinelle.dz\/","logo":{"@type":"ImageObject","inLanguage":"fr-FR","@id":"https:\/\/lasentinelle.dz\/#\/schema\/logo\/image\/","url":"https:\/\/lasentinelle.dz\/wp-content\/uploads\/2021\/09\/logo-sentinelleSLOGAN-1.png","contentUrl":"https:\/\/lasentinelle.dz\/wp-content\/uploads\/2021\/09\/logo-sentinelleSLOGAN-1.png","width":615,"height":142,"caption":"Quotidien La Sentinelle"},"image":{"@id":"https:\/\/lasentinelle.dz\/#\/schema\/logo\/image\/"},"sameAs":["https:\/\/www.facebook.com\/La-Sentinelle-104059864394773"]},{"@type":"Person","@id":"https:\/\/lasentinelle.dz\/#\/schema\/person\/d865044e22e70a75174ce8bcad3acfb3","name":"La Sentinelle","image":{"@type":"ImageObject","inLanguage":"fr-FR","@id":"https:\/\/secure.gravatar.com\/avatar\/57de8e5d4b15d43fb361a71fbb36338450fe67865b528a43dd10ef7c51a20392?s=96&d=mm&r=g","url":"https:\/\/secure.gravatar.com\/avatar\/57de8e5d4b15d43fb361a71fbb36338450fe67865b528a43dd10ef7c51a20392?s=96&d=mm&r=g","contentUrl":"https:\/\/secure.gravatar.com\/avatar\/57de8e5d4b15d43fb361a71fbb36338450fe67865b528a43dd10ef7c51a20392?s=96&d=mm&r=g","caption":"La Sentinelle"},"sameAs":["http:\/\/www.lasentinelle.dz"],"url":"https:\/\/lasentinelle.dz\/author\/redaction\/"}]}},"_links":{"self":[{"href":"https:\/\/lasentinelle.dz\/index.php\/wp-json\/wp\/v2\/posts\/32413","targetHints":{"allow":["GET"]}}],"collection":[{"href":"https:\/\/lasentinelle.dz\/index.php\/wp-json\/wp\/v2\/posts"}],"about":[{"href":"https:\/\/lasentinelle.dz\/index.php\/wp-json\/wp\/v2\/types\/post"}],"author":[{"embeddable":true,"href":"https:\/\/lasentinelle.dz\/index.php\/wp-json\/wp\/v2\/users\/3"}],"replies":[{"embeddable":true,"href":"https:\/\/lasentinelle.dz\/index.php\/wp-json\/wp\/v2\/comments?post=32413"}],"version-history":[{"count":1,"href":"https:\/\/lasentinelle.dz\/index.php\/wp-json\/wp\/v2\/posts\/32413\/revisions"}],"predecessor-version":[{"id":32439,"href":"https:\/\/lasentinelle.dz\/index.php\/wp-json\/wp\/v2\/posts\/32413\/revisions\/32439"}],"wp:featuredmedia":[{"embeddable":true,"href":"https:\/\/lasentinelle.dz\/index.php\/wp-json\/wp\/v2\/media\/32437"}],"wp:attachment":[{"href":"https:\/\/lasentinelle.dz\/index.php\/wp-json\/wp\/v2\/media?parent=32413"}],"wp:term":[{"taxonomy":"category","embeddable":true,"href":"https:\/\/lasentinelle.dz\/index.php\/wp-json\/wp\/v2\/categories?post=32413"},{"taxonomy":"post_tag","embeddable":true,"href":"https:\/\/lasentinelle.dz\/index.php\/wp-json\/wp\/v2\/tags?post=32413"}],"curies":[{"name":"wp","href":"https:\/\/api.w.org\/{rel}","templated":true}]}}