{"id":32426,"date":"2022-12-11T22:05:00","date_gmt":"2022-12-11T21:05:00","guid":{"rendered":"https:\/\/lasentinelle.dz\/?p=32426"},"modified":"2022-12-11T20:26:37","modified_gmt":"2022-12-11T19:26:37","slug":"commission-mixtes-algero-francaise-sur-la-memoire-tous-les-dossiers-seront-examines","status":"publish","type":"post","link":"https:\/\/lasentinelle.dz\/index.php\/2022\/12\/11\/commission-mixtes-algero-francaise-sur-la-memoire-tous-les-dossiers-seront-examines\/","title":{"rendered":"Commission mixtes alg\u00e9ro-fran\u00e7aise sur la m\u00e9moire\u00a0: Tous les dossiers seront examin\u00e9s"},"content":{"rendered":"\n<p>Le ministre des Moudjahidine et des Ayants-droits, La\u00efd Rebiga, a indiqu\u00e9 hier dans un entretien \u00e0 l\u2019APS que la commission mixte d&rsquo;historiens alg\u00e9riens et fran\u00e7ais aura \u00ab\u00a0un r\u00f4le important dans l&rsquo;\u00e9laboration d&rsquo;une approche commune concernant tous les dossiers relatifs \u00e0 la m\u00e9moire nationale\u00a0\u00bb.<\/p>\n\n\n\n<p>Dans cet entretien publi\u00e9 \u00e0 l\u2019occasion de la comm\u00e9moration du 62<sup>e<\/sup> anniversaire des manifestations du 11 d\u00e9cembre 1960, le ministre des Moudjahidine et des Ayants-droits est revenu sur les engagements du pr\u00e9sident de la R\u00e9publique Abdelmadjid Tebboune en ce qui concerne le dossier de la m\u00e9moire, engagements que le Pr\u00e9sident a d\u2019ailleurs r\u00e9it\u00e9r\u00e9, samedi dans son message. Dans ce sens, le ministre des Moudjahidine a soulign\u00e9que \u00ab\u00a0l&rsquo;int\u00e9r\u00eat accord\u00e9 \u00e0 tous les dossiers et les questions li\u00e9es \u00e0 la m\u00e9moire en cette conjoncture pr\u00e9cise est un devoir national sacr\u00e9 pour la sauvegarde et la pr\u00e9servation de notre identit\u00e9 nationale\u00a0\u00bb.\u00a0\u00bbL&rsquo;\u00e9l\u00e9ment le plus important sur lequel il faut s&rsquo;appuyer pour mettre en \u00e9vidence la d\u00e9marche de l&rsquo;Etat visant \u00e0 glorifier les sacrifices des vaillants chouhadas et prot\u00e9ger la m\u00e9moire nationale consiste en les instructions du pr\u00e9sident de la R\u00e9publique pour la cr\u00e9ation d&rsquo;une commission compos\u00e9e d&rsquo;historiens et charg\u00e9e d&rsquo;examiner le dossier de la m\u00e9moire, loin des relations politiques entre l&rsquo;Alg\u00e9rie et la France, et son insistance sur l&rsquo;importance de prendre en charge ce dossier avec le plus grand s\u00e9rieux et pers\u00e9v\u00e9rance\u00a0\u00bb, a-t-il insist\u00e9.<\/p>\n\n\n\n<p>Il a indiqu\u00e9 dans ce sens que la commission mixte d&rsquo;historiens alg\u00e9riens et fran\u00e7ais aura \u00ab\u00a0un r\u00f4le important dans l&rsquo;\u00e9laboration d&rsquo;une approche commune concernant tous les dossiers relatifs \u00e0 la m\u00e9moire nationale\u00a0\u00bb.<\/p>\n\n\n\n<p>La commission, qui regroupe 5 historiens alg\u00e9riens re\u00e7us r\u00e9cemment par le Pr\u00e9sident de la R\u00e9publique, M. Abdelmadjid Tebboune, traitera de \u00ab\u00a0toutes les questions relatives \u00e0 l&rsquo;ouverture et la r\u00e9cup\u00e9ration des archives et des biens ainsi que la r\u00e9cup\u00e9ration des restes de Chouhada de la r\u00e9sistance populaire outre l&rsquo;examen des dossiers des victimes des essais nucl\u00e9aires et des disparus\u00a0\u00bb.Il a \u00e9voqu\u00e9 les r\u00e9sultats auxquels est parvenu le comit\u00e9 scientifique conjoint alg\u00e9ro-fran\u00e7ais charg\u00e9 de l&rsquo;identification des restes mortuaires d&rsquo;Alg\u00e9riens, conserv\u00e9s au Mus\u00e9e d&rsquo;histoire naturelle de Paris suite \u00e0 la r\u00e9cup\u00e9ration des cr\u00e2nes de 24 r\u00e9sistants alg\u00e9riens au mois de juillet 2020, relevant, \u00e0 cette occasion, la d\u00e9termination de l&rsquo;Etat alg\u00e9rien \u00e0 \u00ab\u00a0obtenir toutes les copies num\u00e9riques de l&rsquo;archive alg\u00e9rien de l&rsquo;\u00e9poque allant de 1830 \u00e0 1962\u00a0\u00bb.<\/p>\n\n\n\n<p>Apr\u00e8s avoir exprim\u00e9 sa conviction que les propos du pr\u00e9sident de la R\u00e9publique \u00ab\u00a0\u00e9taient claires \u00e0 ce sujet, notamment lorsqu&rsquo;il a affirm\u00e9 que les dossiers de l&rsquo;histoire et de la m\u00e9moire doivent \u00eatre trait\u00e9s par l&rsquo;Alg\u00e9rie avec la responsabilit\u00e9 requise dans le traitement objectif et int\u00e8gre de la question, et ce, dans le souci de relier le pr\u00e9sent au pass\u00e9 et d&rsquo;envisager l&rsquo;avenir \u00e0 travers la continuit\u00e9 des g\u00e9n\u00e9rations dans le cadre des principales constantes de l&rsquo;identit\u00e9 et des composantes de la personnalit\u00e9 nationale\u00a0\u00bb.<\/p>\n\n\n\n<p>En ce qui concerne les manifestations du 11 d\u00e9cembre 1960 et leur impact, La\u00efdRebiga a indiqu\u00e9 que celles-ci ont constitu\u00e9 une \u00e9tape charni\u00e8re dans l&rsquo;histoire de la lutte arm\u00e9e du peuple alg\u00e9rien qui a mis fin au mythe de \u00ab\u00a0l&rsquo;Alg\u00e9rie fran\u00e7aise\u00a0\u00bb au double plan interne et externe.\u00a0\u00bbCes manifestations demeureront un \u00e9v\u00e8nement exceptionnel dans l&rsquo;histoire de la R\u00e9volution et un rep\u00e8re majeur marquant de fait les exploits h\u00e9ro\u00efques de notre vaillant peuple\u00a0\u00bb, a-t-il ajout\u00e9.Le ministre a tenu \u00e0 pr\u00e9ciser que les manifestations du 11 d\u00e9cembre 1960 \u00ab\u00a0sont n\u00e9es de la matrice du peuple alg\u00e9rien\u00a0\u00bb, arguant \u00ab\u00a0qu&rsquo;\u00e0 travers la comm\u00e9moration de ces faits historiques et f\u00eates nationales, nous \u0153uvrons \u00e0 mettre en lumi\u00e8re plusieurs volets de notre histoire selon des approches scientifiques, en sus de d\u00e9battre de probl\u00e9matiques acad\u00e9miques li\u00e9es \u00e0 plusieurs sujets en relation avec l&rsquo;histoire de la r\u00e9sistance populaire, le Mouvement national et la guerre de lib\u00e9ration nationale\u00a0\u00bb.Il a r\u00e9affirm\u00e9 que les publications dans ce domaine \u00ab\u00a0sont tr\u00e8s nombreuses\u00a0\u00bb en termes d&rsquo;impression, de r\u00e9impression, de traduction d&rsquo;ouvrages et de m\u00e9moires de symboles historiques parmi les dirigeants et les personnalit\u00e9s, outre les travaux d&rsquo;historiens, de chercheurs et de journalistes de pays fr\u00e8res et amis sur l&rsquo;histoire de l&rsquo;Alg\u00e9rie.<\/p>\n\n\n\n<p><strong>Lancement prochain de la biblioth\u00e8que num\u00e9rique historique<\/strong><\/p>\n\n\n\n<p>M. Rebiga a \u00e9galement mis en avant \u00ab\u00a0l&rsquo;importance des t\u00e9moignages vivants dans l&rsquo;\u00e9criture de l&rsquo;histoire nationale\u00a0\u00bb, pr\u00e9conisant \u00ab\u00a0d&rsquo;\u0153uvrer \u00e0 garantir plusieurs supports d&rsquo;enregistrement sonores et audiovisuels pour \u00e9tendre le champ d&rsquo;utilisation et partant permettre aux chercheurs acc\u00e9der aux v\u00e9rit\u00e9s historiques.A ce propos, M. Rebigua rappel\u00e9 que le minist\u00e8re des Moudjahidine et des Ayants-droit \u0153uvrait depuis des ann\u00e9es \u00e0 \u00ab\u00a0collecter les t\u00e9moignages de moudjahidine et de moudjahidate et de ceux qui furent t\u00e9moins d&rsquo;\u00e9v\u00e8nements historiques et peuvent rapporter des informations et des faits permettant de les extraire \u00e0 l&rsquo;oubli\u00a0\u00bb.\u00a0\u00bbUne d\u00e9marche r\u00e9ussie dans une large mesure, a-t-il dit, \u00e0 travers une collecte importante de t\u00e9moignages en cours de cat\u00e9gorisation, de classement, et de num\u00e9risation pour en faire une base de donn\u00e9es \u00e0 exploiter ou \u00e0 consulter dans tous les travaux de recherche en histoire nationale\u00a0\u00bb.Le ministre a fait part du dans les prochains jours pour l&rsquo;indexation des diff\u00e9rents ouvrages, \u0153uvres scientifiques, publications, m\u00e9moires, et th\u00e8ses, li\u00e9s \u00e0 l&rsquo;histoire de l&rsquo;Alg\u00e9rie ainsi que les t\u00e9moignages dont dispose le secteur.<\/p>\n\n\n\n<p><strong>Chokri Hafed<\/strong><\/p>\n","protected":false},"excerpt":{"rendered":"<p>Le ministre des Moudjahidine et des Ayants-droits, La\u00efd Rebiga, a indiqu\u00e9 hier dans un entretien \u00e0 l\u2019APS que la commission<\/p>\n","protected":false},"author":3,"featured_media":32431,"comment_status":"open","ping_status":"closed","sticky":false,"template":"","format":"standard","meta":{"colormag_page_container_layout":"default_layout","colormag_page_sidebar_layout":"default_layout","om_disable_all_campaigns":false,"_monsterinsights_skip_tracking":false,"_monsterinsights_sitenote_active":false,"_monsterinsights_sitenote_note":"","_monsterinsights_sitenote_category":0,"footnotes":"","_wpscppro_dont_share_socialmedia":false,"_wpscppro_custom_social_share_image":0,"_facebook_share_type":"","_twitter_share_type":"","_linkedin_share_type":"","_pinterest_share_type":"","_linkedin_share_type_page":"","_instagram_share_type":"","_medium_share_type":"","_threads_share_type":"","_google_business_share_type":"","_selected_social_profile":[],"_wpsp_enable_custom_social_template":false,"_wpsp_social_scheduling":{"enabled":false,"datetime":null,"platforms":[],"status":"template_only","dateOption":"today","timeOption":"now","customDays":"","customHours":"","customDate":"","customTime":"","schedulingType":"absolute"},"_wpsp_active_default_template":true},"categories":[27],"tags":[],"class_list":["post-32426","post","type-post","status-publish","format-standard","has-post-thumbnail","hentry","category-actualite"],"aioseo_notices":[],"yoast_head":"<!-- This site is optimized with the Yoast SEO plugin v27.5 - https:\/\/yoast.com\/product\/yoast-seo-wordpress\/ -->\n<title>Commission mixtes alg\u00e9ro-fran\u00e7aise sur la m\u00e9moire\u00a0: Tous les dossiers seront examin\u00e9s - La Sentinelle<\/title>\n<meta name=\"robots\" content=\"index, follow, max-snippet:-1, max-image-preview:large, max-video-preview:-1\" \/>\n<link rel=\"canonical\" href=\"https:\/\/lasentinelle.dz\/index.php\/2022\/12\/11\/commission-mixtes-algero-francaise-sur-la-memoire-tous-les-dossiers-seront-examines\/\" \/>\n<meta property=\"og:locale\" content=\"fr_FR\" \/>\n<meta property=\"og:type\" content=\"article\" \/>\n<meta property=\"og:title\" content=\"Commission mixtes alg\u00e9ro-fran\u00e7aise sur la m\u00e9moire\u00a0: Tous les dossiers seront examin\u00e9s - La Sentinelle\" \/>\n<meta property=\"og:description\" content=\"Le ministre des Moudjahidine et des Ayants-droits, La\u00efd Rebiga, a indiqu\u00e9 hier dans un entretien \u00e0 l\u2019APS que la commission\" \/>\n<meta property=\"og:url\" content=\"https:\/\/lasentinelle.dz\/index.php\/2022\/12\/11\/commission-mixtes-algero-francaise-sur-la-memoire-tous-les-dossiers-seront-examines\/\" \/>\n<meta property=\"og:site_name\" content=\"La Sentinelle\" \/>\n<meta property=\"article:publisher\" content=\"https:\/\/www.facebook.com\/La-Sentinelle-104059864394773\" \/>\n<meta property=\"article:published_time\" content=\"2022-12-11T21:05:00+00:00\" \/>\n<meta property=\"og:image\" content=\"https:\/\/lasentinelle.dz\/wp-content\/uploads\/2022\/12\/rebigua.png\" \/>\n\t<meta property=\"og:image:width\" content=\"1491\" \/>\n\t<meta property=\"og:image:height\" content=\"900\" \/>\n\t<meta property=\"og:image:type\" content=\"image\/png\" \/>\n<meta name=\"author\" content=\"La Sentinelle\" \/>\n<meta name=\"twitter:card\" content=\"summary_large_image\" \/>\n<meta name=\"twitter:label1\" content=\"\u00c9crit par\" \/>\n\t<meta name=\"twitter:data1\" content=\"La Sentinelle\" \/>\n\t<meta name=\"twitter:label2\" content=\"Dur\u00e9e de lecture estim\u00e9e\" \/>\n\t<meta name=\"twitter:data2\" content=\"5 minutes\" \/>\n<script type=\"application\/ld+json\" class=\"yoast-schema-graph\">{\"@context\":\"https:\\\/\\\/schema.org\",\"@graph\":[{\"@type\":\"Article\",\"@id\":\"https:\\\/\\\/lasentinelle.dz\\\/index.php\\\/2022\\\/12\\\/11\\\/commission-mixtes-algero-francaise-sur-la-memoire-tous-les-dossiers-seront-examines\\\/#article\",\"isPartOf\":{\"@id\":\"https:\\\/\\\/lasentinelle.dz\\\/index.php\\\/2022\\\/12\\\/11\\\/commission-mixtes-algero-francaise-sur-la-memoire-tous-les-dossiers-seront-examines\\\/\"},\"author\":{\"name\":\"La Sentinelle\",\"@id\":\"https:\\\/\\\/lasentinelle.dz\\\/#\\\/schema\\\/person\\\/d865044e22e70a75174ce8bcad3acfb3\"},\"headline\":\"Commission mixtes alg\u00e9ro-fran\u00e7aise sur la m\u00e9moire\u00a0: Tous les dossiers seront examin\u00e9s\",\"datePublished\":\"2022-12-11T21:05:00+00:00\",\"mainEntityOfPage\":{\"@id\":\"https:\\\/\\\/lasentinelle.dz\\\/index.php\\\/2022\\\/12\\\/11\\\/commission-mixtes-algero-francaise-sur-la-memoire-tous-les-dossiers-seront-examines\\\/\"},\"wordCount\":1005,\"commentCount\":0,\"publisher\":{\"@id\":\"https:\\\/\\\/lasentinelle.dz\\\/#organization\"},\"image\":{\"@id\":\"https:\\\/\\\/lasentinelle.dz\\\/index.php\\\/2022\\\/12\\\/11\\\/commission-mixtes-algero-francaise-sur-la-memoire-tous-les-dossiers-seront-examines\\\/#primaryimage\"},\"thumbnailUrl\":\"https:\\\/\\\/lasentinelle.dz\\\/wp-content\\\/uploads\\\/2022\\\/12\\\/rebigua.png\",\"articleSection\":[\"Actualit\u00e9\"],\"inLanguage\":\"fr-FR\",\"potentialAction\":[{\"@type\":\"CommentAction\",\"name\":\"Comment\",\"target\":[\"https:\\\/\\\/lasentinelle.dz\\\/index.php\\\/2022\\\/12\\\/11\\\/commission-mixtes-algero-francaise-sur-la-memoire-tous-les-dossiers-seront-examines\\\/#respond\"]}]},{\"@type\":\"WebPage\",\"@id\":\"https:\\\/\\\/lasentinelle.dz\\\/index.php\\\/2022\\\/12\\\/11\\\/commission-mixtes-algero-francaise-sur-la-memoire-tous-les-dossiers-seront-examines\\\/\",\"url\":\"https:\\\/\\\/lasentinelle.dz\\\/index.php\\\/2022\\\/12\\\/11\\\/commission-mixtes-algero-francaise-sur-la-memoire-tous-les-dossiers-seront-examines\\\/\",\"name\":\"Commission mixtes alg\u00e9ro-fran\u00e7aise sur la m\u00e9moire\u00a0: Tous les dossiers seront examin\u00e9s - La Sentinelle\",\"isPartOf\":{\"@id\":\"https:\\\/\\\/lasentinelle.dz\\\/#website\"},\"primaryImageOfPage\":{\"@id\":\"https:\\\/\\\/lasentinelle.dz\\\/index.php\\\/2022\\\/12\\\/11\\\/commission-mixtes-algero-francaise-sur-la-memoire-tous-les-dossiers-seront-examines\\\/#primaryimage\"},\"image\":{\"@id\":\"https:\\\/\\\/lasentinelle.dz\\\/index.php\\\/2022\\\/12\\\/11\\\/commission-mixtes-algero-francaise-sur-la-memoire-tous-les-dossiers-seront-examines\\\/#primaryimage\"},\"thumbnailUrl\":\"https:\\\/\\\/lasentinelle.dz\\\/wp-content\\\/uploads\\\/2022\\\/12\\\/rebigua.png\",\"datePublished\":\"2022-12-11T21:05:00+00:00\",\"breadcrumb\":{\"@id\":\"https:\\\/\\\/lasentinelle.dz\\\/index.php\\\/2022\\\/12\\\/11\\\/commission-mixtes-algero-francaise-sur-la-memoire-tous-les-dossiers-seront-examines\\\/#breadcrumb\"},\"inLanguage\":\"fr-FR\",\"potentialAction\":[{\"@type\":\"ReadAction\",\"target\":[\"https:\\\/\\\/lasentinelle.dz\\\/index.php\\\/2022\\\/12\\\/11\\\/commission-mixtes-algero-francaise-sur-la-memoire-tous-les-dossiers-seront-examines\\\/\"]}]},{\"@type\":\"ImageObject\",\"inLanguage\":\"fr-FR\",\"@id\":\"https:\\\/\\\/lasentinelle.dz\\\/index.php\\\/2022\\\/12\\\/11\\\/commission-mixtes-algero-francaise-sur-la-memoire-tous-les-dossiers-seront-examines\\\/#primaryimage\",\"url\":\"https:\\\/\\\/lasentinelle.dz\\\/wp-content\\\/uploads\\\/2022\\\/12\\\/rebigua.png\",\"contentUrl\":\"https:\\\/\\\/lasentinelle.dz\\\/wp-content\\\/uploads\\\/2022\\\/12\\\/rebigua.png\",\"width\":1491,\"height\":900},{\"@type\":\"BreadcrumbList\",\"@id\":\"https:\\\/\\\/lasentinelle.dz\\\/index.php\\\/2022\\\/12\\\/11\\\/commission-mixtes-algero-francaise-sur-la-memoire-tous-les-dossiers-seront-examines\\\/#breadcrumb\",\"itemListElement\":[{\"@type\":\"ListItem\",\"position\":1,\"name\":\"Accueil\",\"item\":\"https:\\\/\\\/lasentinelle.dz\\\/\"},{\"@type\":\"ListItem\",\"position\":2,\"name\":\"Commission mixtes alg\u00e9ro-fran\u00e7aise sur la m\u00e9moire\u00a0: Tous les dossiers seront examin\u00e9s\"}]},{\"@type\":\"WebSite\",\"@id\":\"https:\\\/\\\/lasentinelle.dz\\\/#website\",\"url\":\"https:\\\/\\\/lasentinelle.dz\\\/\",\"name\":\"La Sentinelle\",\"description\":\"Quotidien national d&#039;information\",\"publisher\":{\"@id\":\"https:\\\/\\\/lasentinelle.dz\\\/#organization\"},\"potentialAction\":[{\"@type\":\"SearchAction\",\"target\":{\"@type\":\"EntryPoint\",\"urlTemplate\":\"https:\\\/\\\/lasentinelle.dz\\\/?s={search_term_string}\"},\"query-input\":{\"@type\":\"PropertyValueSpecification\",\"valueRequired\":true,\"valueName\":\"search_term_string\"}}],\"inLanguage\":\"fr-FR\"},{\"@type\":\"Organization\",\"@id\":\"https:\\\/\\\/lasentinelle.dz\\\/#organization\",\"name\":\"Quotidien La Sentinelle\",\"url\":\"https:\\\/\\\/lasentinelle.dz\\\/\",\"logo\":{\"@type\":\"ImageObject\",\"inLanguage\":\"fr-FR\",\"@id\":\"https:\\\/\\\/lasentinelle.dz\\\/#\\\/schema\\\/logo\\\/image\\\/\",\"url\":\"https:\\\/\\\/lasentinelle.dz\\\/wp-content\\\/uploads\\\/2021\\\/09\\\/logo-sentinelleSLOGAN-1.png\",\"contentUrl\":\"https:\\\/\\\/lasentinelle.dz\\\/wp-content\\\/uploads\\\/2021\\\/09\\\/logo-sentinelleSLOGAN-1.png\",\"width\":615,\"height\":142,\"caption\":\"Quotidien La Sentinelle\"},\"image\":{\"@id\":\"https:\\\/\\\/lasentinelle.dz\\\/#\\\/schema\\\/logo\\\/image\\\/\"},\"sameAs\":[\"https:\\\/\\\/www.facebook.com\\\/La-Sentinelle-104059864394773\"]},{\"@type\":\"Person\",\"@id\":\"https:\\\/\\\/lasentinelle.dz\\\/#\\\/schema\\\/person\\\/d865044e22e70a75174ce8bcad3acfb3\",\"name\":\"La Sentinelle\",\"image\":{\"@type\":\"ImageObject\",\"inLanguage\":\"fr-FR\",\"@id\":\"https:\\\/\\\/secure.gravatar.com\\\/avatar\\\/57de8e5d4b15d43fb361a71fbb36338450fe67865b528a43dd10ef7c51a20392?s=96&d=mm&r=g\",\"url\":\"https:\\\/\\\/secure.gravatar.com\\\/avatar\\\/57de8e5d4b15d43fb361a71fbb36338450fe67865b528a43dd10ef7c51a20392?s=96&d=mm&r=g\",\"contentUrl\":\"https:\\\/\\\/secure.gravatar.com\\\/avatar\\\/57de8e5d4b15d43fb361a71fbb36338450fe67865b528a43dd10ef7c51a20392?s=96&d=mm&r=g\",\"caption\":\"La Sentinelle\"},\"sameAs\":[\"http:\\\/\\\/www.lasentinelle.dz\"],\"url\":\"https:\\\/\\\/lasentinelle.dz\\\/author\\\/redaction\\\/\"}]}<\/script>\n<!-- \/ Yoast SEO plugin. -->","yoast_head_json":{"title":"Commission mixtes alg\u00e9ro-fran\u00e7aise sur la m\u00e9moire\u00a0: Tous les dossiers seront examin\u00e9s - La Sentinelle","robots":{"index":"index","follow":"follow","max-snippet":"max-snippet:-1","max-image-preview":"max-image-preview:large","max-video-preview":"max-video-preview:-1"},"canonical":"https:\/\/lasentinelle.dz\/index.php\/2022\/12\/11\/commission-mixtes-algero-francaise-sur-la-memoire-tous-les-dossiers-seront-examines\/","og_locale":"fr_FR","og_type":"article","og_title":"Commission mixtes alg\u00e9ro-fran\u00e7aise sur la m\u00e9moire\u00a0: Tous les dossiers seront examin\u00e9s - La Sentinelle","og_description":"Le ministre des Moudjahidine et des Ayants-droits, La\u00efd Rebiga, a indiqu\u00e9 hier dans un entretien \u00e0 l\u2019APS que la commission","og_url":"https:\/\/lasentinelle.dz\/index.php\/2022\/12\/11\/commission-mixtes-algero-francaise-sur-la-memoire-tous-les-dossiers-seront-examines\/","og_site_name":"La Sentinelle","article_publisher":"https:\/\/www.facebook.com\/La-Sentinelle-104059864394773","article_published_time":"2022-12-11T21:05:00+00:00","og_image":[{"width":1491,"height":900,"url":"https:\/\/lasentinelle.dz\/wp-content\/uploads\/2022\/12\/rebigua.png","type":"image\/png"}],"author":"La Sentinelle","twitter_card":"summary_large_image","twitter_misc":{"\u00c9crit par":"La Sentinelle","Dur\u00e9e de lecture estim\u00e9e":"5 minutes"},"schema":{"@context":"https:\/\/schema.org","@graph":[{"@type":"Article","@id":"https:\/\/lasentinelle.dz\/index.php\/2022\/12\/11\/commission-mixtes-algero-francaise-sur-la-memoire-tous-les-dossiers-seront-examines\/#article","isPartOf":{"@id":"https:\/\/lasentinelle.dz\/index.php\/2022\/12\/11\/commission-mixtes-algero-francaise-sur-la-memoire-tous-les-dossiers-seront-examines\/"},"author":{"name":"La Sentinelle","@id":"https:\/\/lasentinelle.dz\/#\/schema\/person\/d865044e22e70a75174ce8bcad3acfb3"},"headline":"Commission mixtes alg\u00e9ro-fran\u00e7aise sur la m\u00e9moire\u00a0: Tous les dossiers seront examin\u00e9s","datePublished":"2022-12-11T21:05:00+00:00","mainEntityOfPage":{"@id":"https:\/\/lasentinelle.dz\/index.php\/2022\/12\/11\/commission-mixtes-algero-francaise-sur-la-memoire-tous-les-dossiers-seront-examines\/"},"wordCount":1005,"commentCount":0,"publisher":{"@id":"https:\/\/lasentinelle.dz\/#organization"},"image":{"@id":"https:\/\/lasentinelle.dz\/index.php\/2022\/12\/11\/commission-mixtes-algero-francaise-sur-la-memoire-tous-les-dossiers-seront-examines\/#primaryimage"},"thumbnailUrl":"https:\/\/lasentinelle.dz\/wp-content\/uploads\/2022\/12\/rebigua.png","articleSection":["Actualit\u00e9"],"inLanguage":"fr-FR","potentialAction":[{"@type":"CommentAction","name":"Comment","target":["https:\/\/lasentinelle.dz\/index.php\/2022\/12\/11\/commission-mixtes-algero-francaise-sur-la-memoire-tous-les-dossiers-seront-examines\/#respond"]}]},{"@type":"WebPage","@id":"https:\/\/lasentinelle.dz\/index.php\/2022\/12\/11\/commission-mixtes-algero-francaise-sur-la-memoire-tous-les-dossiers-seront-examines\/","url":"https:\/\/lasentinelle.dz\/index.php\/2022\/12\/11\/commission-mixtes-algero-francaise-sur-la-memoire-tous-les-dossiers-seront-examines\/","name":"Commission mixtes alg\u00e9ro-fran\u00e7aise sur la m\u00e9moire\u00a0: Tous les dossiers seront examin\u00e9s - La Sentinelle","isPartOf":{"@id":"https:\/\/lasentinelle.dz\/#website"},"primaryImageOfPage":{"@id":"https:\/\/lasentinelle.dz\/index.php\/2022\/12\/11\/commission-mixtes-algero-francaise-sur-la-memoire-tous-les-dossiers-seront-examines\/#primaryimage"},"image":{"@id":"https:\/\/lasentinelle.dz\/index.php\/2022\/12\/11\/commission-mixtes-algero-francaise-sur-la-memoire-tous-les-dossiers-seront-examines\/#primaryimage"},"thumbnailUrl":"https:\/\/lasentinelle.dz\/wp-content\/uploads\/2022\/12\/rebigua.png","datePublished":"2022-12-11T21:05:00+00:00","breadcrumb":{"@id":"https:\/\/lasentinelle.dz\/index.php\/2022\/12\/11\/commission-mixtes-algero-francaise-sur-la-memoire-tous-les-dossiers-seront-examines\/#breadcrumb"},"inLanguage":"fr-FR","potentialAction":[{"@type":"ReadAction","target":["https:\/\/lasentinelle.dz\/index.php\/2022\/12\/11\/commission-mixtes-algero-francaise-sur-la-memoire-tous-les-dossiers-seront-examines\/"]}]},{"@type":"ImageObject","inLanguage":"fr-FR","@id":"https:\/\/lasentinelle.dz\/index.php\/2022\/12\/11\/commission-mixtes-algero-francaise-sur-la-memoire-tous-les-dossiers-seront-examines\/#primaryimage","url":"https:\/\/lasentinelle.dz\/wp-content\/uploads\/2022\/12\/rebigua.png","contentUrl":"https:\/\/lasentinelle.dz\/wp-content\/uploads\/2022\/12\/rebigua.png","width":1491,"height":900},{"@type":"BreadcrumbList","@id":"https:\/\/lasentinelle.dz\/index.php\/2022\/12\/11\/commission-mixtes-algero-francaise-sur-la-memoire-tous-les-dossiers-seront-examines\/#breadcrumb","itemListElement":[{"@type":"ListItem","position":1,"name":"Accueil","item":"https:\/\/lasentinelle.dz\/"},{"@type":"ListItem","position":2,"name":"Commission mixtes alg\u00e9ro-fran\u00e7aise sur la m\u00e9moire\u00a0: Tous les dossiers seront examin\u00e9s"}]},{"@type":"WebSite","@id":"https:\/\/lasentinelle.dz\/#website","url":"https:\/\/lasentinelle.dz\/","name":"La Sentinelle","description":"Quotidien national d&#039;information","publisher":{"@id":"https:\/\/lasentinelle.dz\/#organization"},"potentialAction":[{"@type":"SearchAction","target":{"@type":"EntryPoint","urlTemplate":"https:\/\/lasentinelle.dz\/?s={search_term_string}"},"query-input":{"@type":"PropertyValueSpecification","valueRequired":true,"valueName":"search_term_string"}}],"inLanguage":"fr-FR"},{"@type":"Organization","@id":"https:\/\/lasentinelle.dz\/#organization","name":"Quotidien La Sentinelle","url":"https:\/\/lasentinelle.dz\/","logo":{"@type":"ImageObject","inLanguage":"fr-FR","@id":"https:\/\/lasentinelle.dz\/#\/schema\/logo\/image\/","url":"https:\/\/lasentinelle.dz\/wp-content\/uploads\/2021\/09\/logo-sentinelleSLOGAN-1.png","contentUrl":"https:\/\/lasentinelle.dz\/wp-content\/uploads\/2021\/09\/logo-sentinelleSLOGAN-1.png","width":615,"height":142,"caption":"Quotidien La Sentinelle"},"image":{"@id":"https:\/\/lasentinelle.dz\/#\/schema\/logo\/image\/"},"sameAs":["https:\/\/www.facebook.com\/La-Sentinelle-104059864394773"]},{"@type":"Person","@id":"https:\/\/lasentinelle.dz\/#\/schema\/person\/d865044e22e70a75174ce8bcad3acfb3","name":"La Sentinelle","image":{"@type":"ImageObject","inLanguage":"fr-FR","@id":"https:\/\/secure.gravatar.com\/avatar\/57de8e5d4b15d43fb361a71fbb36338450fe67865b528a43dd10ef7c51a20392?s=96&d=mm&r=g","url":"https:\/\/secure.gravatar.com\/avatar\/57de8e5d4b15d43fb361a71fbb36338450fe67865b528a43dd10ef7c51a20392?s=96&d=mm&r=g","contentUrl":"https:\/\/secure.gravatar.com\/avatar\/57de8e5d4b15d43fb361a71fbb36338450fe67865b528a43dd10ef7c51a20392?s=96&d=mm&r=g","caption":"La Sentinelle"},"sameAs":["http:\/\/www.lasentinelle.dz"],"url":"https:\/\/lasentinelle.dz\/author\/redaction\/"}]}},"_links":{"self":[{"href":"https:\/\/lasentinelle.dz\/index.php\/wp-json\/wp\/v2\/posts\/32426","targetHints":{"allow":["GET"]}}],"collection":[{"href":"https:\/\/lasentinelle.dz\/index.php\/wp-json\/wp\/v2\/posts"}],"about":[{"href":"https:\/\/lasentinelle.dz\/index.php\/wp-json\/wp\/v2\/types\/post"}],"author":[{"embeddable":true,"href":"https:\/\/lasentinelle.dz\/index.php\/wp-json\/wp\/v2\/users\/3"}],"replies":[{"embeddable":true,"href":"https:\/\/lasentinelle.dz\/index.php\/wp-json\/wp\/v2\/comments?post=32426"}],"version-history":[{"count":1,"href":"https:\/\/lasentinelle.dz\/index.php\/wp-json\/wp\/v2\/posts\/32426\/revisions"}],"predecessor-version":[{"id":32432,"href":"https:\/\/lasentinelle.dz\/index.php\/wp-json\/wp\/v2\/posts\/32426\/revisions\/32432"}],"wp:featuredmedia":[{"embeddable":true,"href":"https:\/\/lasentinelle.dz\/index.php\/wp-json\/wp\/v2\/media\/32431"}],"wp:attachment":[{"href":"https:\/\/lasentinelle.dz\/index.php\/wp-json\/wp\/v2\/media?parent=32426"}],"wp:term":[{"taxonomy":"category","embeddable":true,"href":"https:\/\/lasentinelle.dz\/index.php\/wp-json\/wp\/v2\/categories?post=32426"},{"taxonomy":"post_tag","embeddable":true,"href":"https:\/\/lasentinelle.dz\/index.php\/wp-json\/wp\/v2\/tags?post=32426"}],"curies":[{"name":"wp","href":"https:\/\/api.w.org\/{rel}","templated":true}]}}