{"id":3243,"date":"2021-08-03T00:01:00","date_gmt":"2021-08-02T23:01:00","guid":{"rendered":"https:\/\/lasentinelle.dz\/?p=3243"},"modified":"2021-08-02T17:31:41","modified_gmt":"2021-08-02T16:31:41","slug":"tizi-ouzou-greve-surprise-dans-le-secteur-des-transports","status":"publish","type":"post","link":"https:\/\/lasentinelle.dz\/index.php\/2021\/08\/03\/tizi-ouzou-greve-surprise-dans-le-secteur-des-transports\/","title":{"rendered":"Tizi-Ouzou : Gr\u00e8ve surprise dans le secteur des transports"},"content":{"rendered":"\n<p>Une gr\u00e8ve surprise&nbsp; paralyse de nombreuses lignes de transport&nbsp; depuis hier dans la wilaya de Tizi-Ouzou. Les transporteurs priv\u00e9s qui ont d\u00e9clench\u00e9 le d\u00e9brayage sans aucun pr\u00e9avis ne pr\u00e9cisent pas si l&rsquo;arr\u00eat de travail est limit\u00e9 dans le temps ou illimit\u00e9, mais \u00e9num\u00e8rent une s\u00e9rie de revendications ou plut\u00f4t de griefs \u00e0 l&rsquo;encontre des services concern\u00e9s.<\/p>\n\n\n\n<p>En effet, ces derniers assurant en majorit\u00e9 les lignes desservant la liaison des communes du littoral avec le chef-lieu de la wilaya font \u00e9tat de plusieurs probl\u00e8mes induits par les mesures sanitaires.Non organis\u00e9s dans une association ou un quelconque syndicat, le contact n&rsquo;a \u00e9t\u00e9 possible qu&rsquo;avec des transporteurs qui ont parl\u00e9 individuellement et non au nom de leurs camarades. Il n&rsquo;en demeure pas moins que les m\u00eames raisons sont reprises par tous ceux que nous avons interrog\u00e9s. \u00ab\u00a0Je ne vois plus de raisons valables pour mettre ma vie en danger\u00a0\u00bb affirme tout de go un transporteur joint au t\u00e9l\u00e9phone.&nbsp; Toutefois, la cause essentielle du d\u00e9brayage nous sera exprim\u00e9e par un autre transporteur assurant la ligne Tizi-Ouzou vers Boudjima. \u00ab\u00a0Avec la r\u00e9duction du nombre de places, je n&rsquo;ai plus aucun b\u00e9n\u00e9fice \u00e0 travailler. Le co\u00fbt des charges d\u00e9passe de loin celui des gains. Alors, on n&rsquo;a comme solution que l&rsquo;arr\u00eat de travail\u00a0\u00bb, explique-t-il tout en se disant comprendre la d\u00e9tresse des voyageurs.<\/p>\n\n\n\n<p>Hier donc, au niveau de la gare interm\u00e9diaire de Boukhalfa assurant les liaisons vers le versant Nord de la wilaya, l&rsquo;activit\u00e9 \u00e9tait quasiment paralys\u00e9e. Aucun communiqu\u00e9 n&rsquo;est publi\u00e9 sur la page officielle de la direction des transports suite \u00e0 ce d\u00e9brayage. Toutefois, les discussions avec les transporteurs font ressortir que la publication par cette derni\u00e8re de la note o\u00f9 elle \u00e9num\u00e8re les mesures \u00e0 respecter est derri\u00e8re cet arr\u00eat surprise de plusieurs lignes. Les transporteurs sont en effet unanimes \u00e0 dire que toutes les mesures sont logiques et applicables \u00e0 l&rsquo;exception de l&rsquo;obligation de r\u00e9duire le nombre de place \u00e0 50%.<\/p>\n\n\n\n<p>Beaucoup de transporteurs expliquaient que cette mesure rend l&rsquo;activit\u00e9 non lucrative. \u00ab\u00a0Pouvez-vous travailler sans votre salaire?\u00a0\u00bb r\u00e9pond tout de go un transporteur qui ajoute que \u00a0\u00bb si le nombre de place est r\u00e9duit \u00e0 50%, l&rsquo;activit\u00e9 n&rsquo;est plus rentable. Ce qui fait qu&rsquo;il ne sert plus rien \u00e0 travailler\u00a0\u00bb. Un autre transporteur plus pessimiste exprimera m\u00eame sa volont\u00e9 de \u00ab\u00a0rendre le registre et cesser ce travail qui a plus de probl\u00e8me que d&rsquo;argent\u00a0\u00bb.Enfin du c\u00f4t\u00e9 des voyages, c&rsquo;\u00e9tait la d\u00e9tresse. Hier au niveau de cette gare interm\u00e9diaire de Boukhalfa, les voyageurs \u00e9taient d\u00e9sempar\u00e9s. \u00ab\u00a0Comme \u00e7a, on ne peut plus travailler pour nourrir nos enfants\u00a0\u00bb affirmait un voyageur qui, \u00e0 19H, ne d\u00e9sesp\u00e9rait pas encore de voir entrer dans le quai un fourgon de transport. \u00ab\u00a0Je comprends parfaitement les difficult\u00e9s qu&rsquo;ils vivent. j&rsquo;ai un fr\u00e8re qui exerce le transport. Apr\u00e8s un arr\u00eat de plusieurs mois, il re\u00e7oit trente mille dinars d&rsquo;indemnit\u00e9. Peut-on nourrir sa famille avec trente mille dinars en six mois?\u00a0\u00bb s&rsquo;interroge-t-il pour exprimer le d\u00e9sarroi des transporteurs. D&rsquo;autres voyageurs reconna\u00eetront cependant que la conjoncture est difficile pour tout le monde. \u00ab\u00a0C&rsquo;est difficile pour tout le monde. mais nous devons tous faire quelques sacrifices. Ces transporteurs doivent continuer \u00e0 assurer le travail car avec leur mouvement des familles souffriront des cons\u00e9quences du ch\u00f4mage car les gens ne pourront plus aller au travail\u00a0\u00bb&nbsp; d\u00e9plore un citoyen qui n&rsquo;a pas pu rejoindre son lieu de travail \u00e0 cause du d\u00e9brayage surprise des transporteurs.<\/p>\n\n\n\n<p><strong>Kamel Na\u00eft Ameur<\/strong><\/p>\n","protected":false},"excerpt":{"rendered":"<p>Une gr\u00e8ve surprise&nbsp; paralyse de nombreuses lignes de transport&nbsp; depuis hier dans la wilaya de Tizi-Ouzou. Les transporteurs priv\u00e9s qui<\/p>\n","protected":false},"author":3,"featured_media":3260,"comment_status":"open","ping_status":"closed","sticky":false,"template":"","format":"standard","meta":{"colormag_page_container_layout":"default_layout","colormag_page_sidebar_layout":"default_layout","om_disable_all_campaigns":false,"_monsterinsights_skip_tracking":false,"_monsterinsights_sitenote_active":false,"_monsterinsights_sitenote_note":"","_monsterinsights_sitenote_category":0,"footnotes":"","_wpscppro_dont_share_socialmedia":false,"_wpscppro_custom_social_share_image":0,"_facebook_share_type":"","_twitter_share_type":"","_linkedin_share_type":"","_pinterest_share_type":"","_linkedin_share_type_page":"","_instagram_share_type":"","_medium_share_type":"","_threads_share_type":"","_google_business_share_type":"","_selected_social_profile":[],"_wpsp_enable_custom_social_template":false,"_wpsp_social_scheduling":{"enabled":false,"datetime":null,"platforms":[],"status":"template_only","dateOption":"today","timeOption":"now","customDays":"","customHours":"","customDate":"","customTime":"","schedulingType":"absolute"},"_wpsp_active_default_template":true},"categories":[31],"tags":[],"class_list":["post-3243","post","type-post","status-publish","format-standard","has-post-thumbnail","hentry","category-regions"],"aioseo_notices":[],"yoast_head":"<!-- This site is optimized with the Yoast SEO plugin v27.5 - https:\/\/yoast.com\/product\/yoast-seo-wordpress\/ -->\n<title>Tizi-Ouzou : Gr\u00e8ve surprise dans le secteur des transports - La Sentinelle<\/title>\n<meta name=\"robots\" content=\"index, follow, max-snippet:-1, max-image-preview:large, max-video-preview:-1\" \/>\n<link rel=\"canonical\" href=\"https:\/\/lasentinelle.dz\/index.php\/2021\/08\/03\/tizi-ouzou-greve-surprise-dans-le-secteur-des-transports\/\" \/>\n<meta property=\"og:locale\" content=\"fr_FR\" \/>\n<meta property=\"og:type\" content=\"article\" \/>\n<meta property=\"og:title\" content=\"Tizi-Ouzou : Gr\u00e8ve surprise dans le secteur des transports - La Sentinelle\" \/>\n<meta property=\"og:description\" content=\"Une gr\u00e8ve surprise&nbsp; paralyse de nombreuses lignes de transport&nbsp; depuis hier dans la wilaya de Tizi-Ouzou. Les transporteurs priv\u00e9s qui\" \/>\n<meta property=\"og:url\" content=\"https:\/\/lasentinelle.dz\/index.php\/2021\/08\/03\/tizi-ouzou-greve-surprise-dans-le-secteur-des-transports\/\" \/>\n<meta property=\"og:site_name\" content=\"La Sentinelle\" \/>\n<meta property=\"article:publisher\" content=\"https:\/\/www.facebook.com\/La-Sentinelle-104059864394773\" \/>\n<meta property=\"article:published_time\" content=\"2021-08-02T23:01:00+00:00\" \/>\n<meta property=\"og:image\" content=\"https:\/\/lasentinelle.dz\/wp-content\/uploads\/2021\/08\/greve-transport.png\" \/>\n\t<meta property=\"og:image:width\" content=\"1351\" \/>\n\t<meta property=\"og:image:height\" content=\"900\" \/>\n\t<meta property=\"og:image:type\" content=\"image\/png\" \/>\n<meta name=\"author\" content=\"La Sentinelle\" \/>\n<meta name=\"twitter:card\" content=\"summary_large_image\" \/>\n<meta name=\"twitter:label1\" content=\"\u00c9crit par\" \/>\n\t<meta name=\"twitter:data1\" content=\"La Sentinelle\" \/>\n\t<meta name=\"twitter:label2\" content=\"Dur\u00e9e de lecture estim\u00e9e\" \/>\n\t<meta name=\"twitter:data2\" content=\"3 minutes\" \/>\n<script type=\"application\/ld+json\" class=\"yoast-schema-graph\">{\"@context\":\"https:\\\/\\\/schema.org\",\"@graph\":[{\"@type\":\"Article\",\"@id\":\"https:\\\/\\\/lasentinelle.dz\\\/index.php\\\/2021\\\/08\\\/03\\\/tizi-ouzou-greve-surprise-dans-le-secteur-des-transports\\\/#article\",\"isPartOf\":{\"@id\":\"https:\\\/\\\/lasentinelle.dz\\\/index.php\\\/2021\\\/08\\\/03\\\/tizi-ouzou-greve-surprise-dans-le-secteur-des-transports\\\/\"},\"author\":{\"name\":\"La Sentinelle\",\"@id\":\"https:\\\/\\\/lasentinelle.dz\\\/#\\\/schema\\\/person\\\/d865044e22e70a75174ce8bcad3acfb3\"},\"headline\":\"Tizi-Ouzou : Gr\u00e8ve surprise dans le secteur des transports\",\"datePublished\":\"2021-08-02T23:01:00+00:00\",\"mainEntityOfPage\":{\"@id\":\"https:\\\/\\\/lasentinelle.dz\\\/index.php\\\/2021\\\/08\\\/03\\\/tizi-ouzou-greve-surprise-dans-le-secteur-des-transports\\\/\"},\"wordCount\":644,\"commentCount\":0,\"publisher\":{\"@id\":\"https:\\\/\\\/lasentinelle.dz\\\/#organization\"},\"image\":{\"@id\":\"https:\\\/\\\/lasentinelle.dz\\\/index.php\\\/2021\\\/08\\\/03\\\/tizi-ouzou-greve-surprise-dans-le-secteur-des-transports\\\/#primaryimage\"},\"thumbnailUrl\":\"https:\\\/\\\/lasentinelle.dz\\\/wp-content\\\/uploads\\\/2021\\\/08\\\/greve-transport.png\",\"articleSection\":[\"R\u00e9gions\"],\"inLanguage\":\"fr-FR\",\"potentialAction\":[{\"@type\":\"CommentAction\",\"name\":\"Comment\",\"target\":[\"https:\\\/\\\/lasentinelle.dz\\\/index.php\\\/2021\\\/08\\\/03\\\/tizi-ouzou-greve-surprise-dans-le-secteur-des-transports\\\/#respond\"]}]},{\"@type\":\"WebPage\",\"@id\":\"https:\\\/\\\/lasentinelle.dz\\\/index.php\\\/2021\\\/08\\\/03\\\/tizi-ouzou-greve-surprise-dans-le-secteur-des-transports\\\/\",\"url\":\"https:\\\/\\\/lasentinelle.dz\\\/index.php\\\/2021\\\/08\\\/03\\\/tizi-ouzou-greve-surprise-dans-le-secteur-des-transports\\\/\",\"name\":\"Tizi-Ouzou : Gr\u00e8ve surprise dans le secteur des transports - La Sentinelle\",\"isPartOf\":{\"@id\":\"https:\\\/\\\/lasentinelle.dz\\\/#website\"},\"primaryImageOfPage\":{\"@id\":\"https:\\\/\\\/lasentinelle.dz\\\/index.php\\\/2021\\\/08\\\/03\\\/tizi-ouzou-greve-surprise-dans-le-secteur-des-transports\\\/#primaryimage\"},\"image\":{\"@id\":\"https:\\\/\\\/lasentinelle.dz\\\/index.php\\\/2021\\\/08\\\/03\\\/tizi-ouzou-greve-surprise-dans-le-secteur-des-transports\\\/#primaryimage\"},\"thumbnailUrl\":\"https:\\\/\\\/lasentinelle.dz\\\/wp-content\\\/uploads\\\/2021\\\/08\\\/greve-transport.png\",\"datePublished\":\"2021-08-02T23:01:00+00:00\",\"breadcrumb\":{\"@id\":\"https:\\\/\\\/lasentinelle.dz\\\/index.php\\\/2021\\\/08\\\/03\\\/tizi-ouzou-greve-surprise-dans-le-secteur-des-transports\\\/#breadcrumb\"},\"inLanguage\":\"fr-FR\",\"potentialAction\":[{\"@type\":\"ReadAction\",\"target\":[\"https:\\\/\\\/lasentinelle.dz\\\/index.php\\\/2021\\\/08\\\/03\\\/tizi-ouzou-greve-surprise-dans-le-secteur-des-transports\\\/\"]}]},{\"@type\":\"ImageObject\",\"inLanguage\":\"fr-FR\",\"@id\":\"https:\\\/\\\/lasentinelle.dz\\\/index.php\\\/2021\\\/08\\\/03\\\/tizi-ouzou-greve-surprise-dans-le-secteur-des-transports\\\/#primaryimage\",\"url\":\"https:\\\/\\\/lasentinelle.dz\\\/wp-content\\\/uploads\\\/2021\\\/08\\\/greve-transport.png\",\"contentUrl\":\"https:\\\/\\\/lasentinelle.dz\\\/wp-content\\\/uploads\\\/2021\\\/08\\\/greve-transport.png\",\"width\":1351,\"height\":900},{\"@type\":\"BreadcrumbList\",\"@id\":\"https:\\\/\\\/lasentinelle.dz\\\/index.php\\\/2021\\\/08\\\/03\\\/tizi-ouzou-greve-surprise-dans-le-secteur-des-transports\\\/#breadcrumb\",\"itemListElement\":[{\"@type\":\"ListItem\",\"position\":1,\"name\":\"Accueil\",\"item\":\"https:\\\/\\\/lasentinelle.dz\\\/\"},{\"@type\":\"ListItem\",\"position\":2,\"name\":\"Tizi-Ouzou : Gr\u00e8ve surprise dans le secteur des transports\"}]},{\"@type\":\"WebSite\",\"@id\":\"https:\\\/\\\/lasentinelle.dz\\\/#website\",\"url\":\"https:\\\/\\\/lasentinelle.dz\\\/\",\"name\":\"La Sentinelle\",\"description\":\"Quotidien national d&#039;information\",\"publisher\":{\"@id\":\"https:\\\/\\\/lasentinelle.dz\\\/#organization\"},\"potentialAction\":[{\"@type\":\"SearchAction\",\"target\":{\"@type\":\"EntryPoint\",\"urlTemplate\":\"https:\\\/\\\/lasentinelle.dz\\\/?s={search_term_string}\"},\"query-input\":{\"@type\":\"PropertyValueSpecification\",\"valueRequired\":true,\"valueName\":\"search_term_string\"}}],\"inLanguage\":\"fr-FR\"},{\"@type\":\"Organization\",\"@id\":\"https:\\\/\\\/lasentinelle.dz\\\/#organization\",\"name\":\"Quotidien La Sentinelle\",\"url\":\"https:\\\/\\\/lasentinelle.dz\\\/\",\"logo\":{\"@type\":\"ImageObject\",\"inLanguage\":\"fr-FR\",\"@id\":\"https:\\\/\\\/lasentinelle.dz\\\/#\\\/schema\\\/logo\\\/image\\\/\",\"url\":\"https:\\\/\\\/lasentinelle.dz\\\/wp-content\\\/uploads\\\/2021\\\/09\\\/logo-sentinelleSLOGAN-1.png\",\"contentUrl\":\"https:\\\/\\\/lasentinelle.dz\\\/wp-content\\\/uploads\\\/2021\\\/09\\\/logo-sentinelleSLOGAN-1.png\",\"width\":615,\"height\":142,\"caption\":\"Quotidien La Sentinelle\"},\"image\":{\"@id\":\"https:\\\/\\\/lasentinelle.dz\\\/#\\\/schema\\\/logo\\\/image\\\/\"},\"sameAs\":[\"https:\\\/\\\/www.facebook.com\\\/La-Sentinelle-104059864394773\"]},{\"@type\":\"Person\",\"@id\":\"https:\\\/\\\/lasentinelle.dz\\\/#\\\/schema\\\/person\\\/d865044e22e70a75174ce8bcad3acfb3\",\"name\":\"La Sentinelle\",\"image\":{\"@type\":\"ImageObject\",\"inLanguage\":\"fr-FR\",\"@id\":\"https:\\\/\\\/secure.gravatar.com\\\/avatar\\\/57de8e5d4b15d43fb361a71fbb36338450fe67865b528a43dd10ef7c51a20392?s=96&d=mm&r=g\",\"url\":\"https:\\\/\\\/secure.gravatar.com\\\/avatar\\\/57de8e5d4b15d43fb361a71fbb36338450fe67865b528a43dd10ef7c51a20392?s=96&d=mm&r=g\",\"contentUrl\":\"https:\\\/\\\/secure.gravatar.com\\\/avatar\\\/57de8e5d4b15d43fb361a71fbb36338450fe67865b528a43dd10ef7c51a20392?s=96&d=mm&r=g\",\"caption\":\"La Sentinelle\"},\"sameAs\":[\"http:\\\/\\\/www.lasentinelle.dz\"],\"url\":\"https:\\\/\\\/lasentinelle.dz\\\/author\\\/redaction\\\/\"}]}<\/script>\n<!-- \/ Yoast SEO plugin. -->","yoast_head_json":{"title":"Tizi-Ouzou : Gr\u00e8ve surprise dans le secteur des transports - La Sentinelle","robots":{"index":"index","follow":"follow","max-snippet":"max-snippet:-1","max-image-preview":"max-image-preview:large","max-video-preview":"max-video-preview:-1"},"canonical":"https:\/\/lasentinelle.dz\/index.php\/2021\/08\/03\/tizi-ouzou-greve-surprise-dans-le-secteur-des-transports\/","og_locale":"fr_FR","og_type":"article","og_title":"Tizi-Ouzou : Gr\u00e8ve surprise dans le secteur des transports - La Sentinelle","og_description":"Une gr\u00e8ve surprise&nbsp; paralyse de nombreuses lignes de transport&nbsp; depuis hier dans la wilaya de Tizi-Ouzou. Les transporteurs priv\u00e9s qui","og_url":"https:\/\/lasentinelle.dz\/index.php\/2021\/08\/03\/tizi-ouzou-greve-surprise-dans-le-secteur-des-transports\/","og_site_name":"La Sentinelle","article_publisher":"https:\/\/www.facebook.com\/La-Sentinelle-104059864394773","article_published_time":"2021-08-02T23:01:00+00:00","og_image":[{"width":1351,"height":900,"url":"https:\/\/lasentinelle.dz\/wp-content\/uploads\/2021\/08\/greve-transport.png","type":"image\/png"}],"author":"La Sentinelle","twitter_card":"summary_large_image","twitter_misc":{"\u00c9crit par":"La Sentinelle","Dur\u00e9e de lecture estim\u00e9e":"3 minutes"},"schema":{"@context":"https:\/\/schema.org","@graph":[{"@type":"Article","@id":"https:\/\/lasentinelle.dz\/index.php\/2021\/08\/03\/tizi-ouzou-greve-surprise-dans-le-secteur-des-transports\/#article","isPartOf":{"@id":"https:\/\/lasentinelle.dz\/index.php\/2021\/08\/03\/tizi-ouzou-greve-surprise-dans-le-secteur-des-transports\/"},"author":{"name":"La Sentinelle","@id":"https:\/\/lasentinelle.dz\/#\/schema\/person\/d865044e22e70a75174ce8bcad3acfb3"},"headline":"Tizi-Ouzou : Gr\u00e8ve surprise dans le secteur des transports","datePublished":"2021-08-02T23:01:00+00:00","mainEntityOfPage":{"@id":"https:\/\/lasentinelle.dz\/index.php\/2021\/08\/03\/tizi-ouzou-greve-surprise-dans-le-secteur-des-transports\/"},"wordCount":644,"commentCount":0,"publisher":{"@id":"https:\/\/lasentinelle.dz\/#organization"},"image":{"@id":"https:\/\/lasentinelle.dz\/index.php\/2021\/08\/03\/tizi-ouzou-greve-surprise-dans-le-secteur-des-transports\/#primaryimage"},"thumbnailUrl":"https:\/\/lasentinelle.dz\/wp-content\/uploads\/2021\/08\/greve-transport.png","articleSection":["R\u00e9gions"],"inLanguage":"fr-FR","potentialAction":[{"@type":"CommentAction","name":"Comment","target":["https:\/\/lasentinelle.dz\/index.php\/2021\/08\/03\/tizi-ouzou-greve-surprise-dans-le-secteur-des-transports\/#respond"]}]},{"@type":"WebPage","@id":"https:\/\/lasentinelle.dz\/index.php\/2021\/08\/03\/tizi-ouzou-greve-surprise-dans-le-secteur-des-transports\/","url":"https:\/\/lasentinelle.dz\/index.php\/2021\/08\/03\/tizi-ouzou-greve-surprise-dans-le-secteur-des-transports\/","name":"Tizi-Ouzou : Gr\u00e8ve surprise dans le secteur des transports - La Sentinelle","isPartOf":{"@id":"https:\/\/lasentinelle.dz\/#website"},"primaryImageOfPage":{"@id":"https:\/\/lasentinelle.dz\/index.php\/2021\/08\/03\/tizi-ouzou-greve-surprise-dans-le-secteur-des-transports\/#primaryimage"},"image":{"@id":"https:\/\/lasentinelle.dz\/index.php\/2021\/08\/03\/tizi-ouzou-greve-surprise-dans-le-secteur-des-transports\/#primaryimage"},"thumbnailUrl":"https:\/\/lasentinelle.dz\/wp-content\/uploads\/2021\/08\/greve-transport.png","datePublished":"2021-08-02T23:01:00+00:00","breadcrumb":{"@id":"https:\/\/lasentinelle.dz\/index.php\/2021\/08\/03\/tizi-ouzou-greve-surprise-dans-le-secteur-des-transports\/#breadcrumb"},"inLanguage":"fr-FR","potentialAction":[{"@type":"ReadAction","target":["https:\/\/lasentinelle.dz\/index.php\/2021\/08\/03\/tizi-ouzou-greve-surprise-dans-le-secteur-des-transports\/"]}]},{"@type":"ImageObject","inLanguage":"fr-FR","@id":"https:\/\/lasentinelle.dz\/index.php\/2021\/08\/03\/tizi-ouzou-greve-surprise-dans-le-secteur-des-transports\/#primaryimage","url":"https:\/\/lasentinelle.dz\/wp-content\/uploads\/2021\/08\/greve-transport.png","contentUrl":"https:\/\/lasentinelle.dz\/wp-content\/uploads\/2021\/08\/greve-transport.png","width":1351,"height":900},{"@type":"BreadcrumbList","@id":"https:\/\/lasentinelle.dz\/index.php\/2021\/08\/03\/tizi-ouzou-greve-surprise-dans-le-secteur-des-transports\/#breadcrumb","itemListElement":[{"@type":"ListItem","position":1,"name":"Accueil","item":"https:\/\/lasentinelle.dz\/"},{"@type":"ListItem","position":2,"name":"Tizi-Ouzou : Gr\u00e8ve surprise dans le secteur des transports"}]},{"@type":"WebSite","@id":"https:\/\/lasentinelle.dz\/#website","url":"https:\/\/lasentinelle.dz\/","name":"La Sentinelle","description":"Quotidien national d&#039;information","publisher":{"@id":"https:\/\/lasentinelle.dz\/#organization"},"potentialAction":[{"@type":"SearchAction","target":{"@type":"EntryPoint","urlTemplate":"https:\/\/lasentinelle.dz\/?s={search_term_string}"},"query-input":{"@type":"PropertyValueSpecification","valueRequired":true,"valueName":"search_term_string"}}],"inLanguage":"fr-FR"},{"@type":"Organization","@id":"https:\/\/lasentinelle.dz\/#organization","name":"Quotidien La Sentinelle","url":"https:\/\/lasentinelle.dz\/","logo":{"@type":"ImageObject","inLanguage":"fr-FR","@id":"https:\/\/lasentinelle.dz\/#\/schema\/logo\/image\/","url":"https:\/\/lasentinelle.dz\/wp-content\/uploads\/2021\/09\/logo-sentinelleSLOGAN-1.png","contentUrl":"https:\/\/lasentinelle.dz\/wp-content\/uploads\/2021\/09\/logo-sentinelleSLOGAN-1.png","width":615,"height":142,"caption":"Quotidien La Sentinelle"},"image":{"@id":"https:\/\/lasentinelle.dz\/#\/schema\/logo\/image\/"},"sameAs":["https:\/\/www.facebook.com\/La-Sentinelle-104059864394773"]},{"@type":"Person","@id":"https:\/\/lasentinelle.dz\/#\/schema\/person\/d865044e22e70a75174ce8bcad3acfb3","name":"La Sentinelle","image":{"@type":"ImageObject","inLanguage":"fr-FR","@id":"https:\/\/secure.gravatar.com\/avatar\/57de8e5d4b15d43fb361a71fbb36338450fe67865b528a43dd10ef7c51a20392?s=96&d=mm&r=g","url":"https:\/\/secure.gravatar.com\/avatar\/57de8e5d4b15d43fb361a71fbb36338450fe67865b528a43dd10ef7c51a20392?s=96&d=mm&r=g","contentUrl":"https:\/\/secure.gravatar.com\/avatar\/57de8e5d4b15d43fb361a71fbb36338450fe67865b528a43dd10ef7c51a20392?s=96&d=mm&r=g","caption":"La Sentinelle"},"sameAs":["http:\/\/www.lasentinelle.dz"],"url":"https:\/\/lasentinelle.dz\/author\/redaction\/"}]}},"_links":{"self":[{"href":"https:\/\/lasentinelle.dz\/index.php\/wp-json\/wp\/v2\/posts\/3243","targetHints":{"allow":["GET"]}}],"collection":[{"href":"https:\/\/lasentinelle.dz\/index.php\/wp-json\/wp\/v2\/posts"}],"about":[{"href":"https:\/\/lasentinelle.dz\/index.php\/wp-json\/wp\/v2\/types\/post"}],"author":[{"embeddable":true,"href":"https:\/\/lasentinelle.dz\/index.php\/wp-json\/wp\/v2\/users\/3"}],"replies":[{"embeddable":true,"href":"https:\/\/lasentinelle.dz\/index.php\/wp-json\/wp\/v2\/comments?post=3243"}],"version-history":[{"count":1,"href":"https:\/\/lasentinelle.dz\/index.php\/wp-json\/wp\/v2\/posts\/3243\/revisions"}],"predecessor-version":[{"id":3262,"href":"https:\/\/lasentinelle.dz\/index.php\/wp-json\/wp\/v2\/posts\/3243\/revisions\/3262"}],"wp:featuredmedia":[{"embeddable":true,"href":"https:\/\/lasentinelle.dz\/index.php\/wp-json\/wp\/v2\/media\/3260"}],"wp:attachment":[{"href":"https:\/\/lasentinelle.dz\/index.php\/wp-json\/wp\/v2\/media?parent=3243"}],"wp:term":[{"taxonomy":"category","embeddable":true,"href":"https:\/\/lasentinelle.dz\/index.php\/wp-json\/wp\/v2\/categories?post=3243"},{"taxonomy":"post_tag","embeddable":true,"href":"https:\/\/lasentinelle.dz\/index.php\/wp-json\/wp\/v2\/tags?post=3243"}],"curies":[{"name":"wp","href":"https:\/\/api.w.org\/{rel}","templated":true}]}}