{"id":32464,"date":"2022-12-12T22:08:00","date_gmt":"2022-12-12T21:08:00","guid":{"rendered":"https:\/\/lasentinelle.dz\/?p=32464"},"modified":"2022-12-12T20:25:50","modified_gmt":"2022-12-12T19:25:50","slug":"grande-mosquee-dannaba-le-projet-officiellement-relance","status":"publish","type":"post","link":"https:\/\/lasentinelle.dz\/index.php\/2022\/12\/12\/grande-mosquee-dannaba-le-projet-officiellement-relance\/","title":{"rendered":"Grande mosqu\u00e9e d\u2019Annaba\u00a0: Le projet officiellement relanc\u00e9"},"content":{"rendered":"\n<p>Lanc\u00e9 en grande pompe en 2008, relanc\u00e9 en 2010, puis abandonn\u00e9&nbsp; pour des raisons financi\u00e8res, le projet de r\u00e9alisation de la grande mosqu\u00e9e&nbsp; d\u2019Annaba sera finalement concr\u00e9tis\u00e9.<\/p>\n\n\n\n<p>Retenu pour \u00eatre r\u00e9alis\u00e9&nbsp; sur les hauteurs de la localit\u00e9 de Boukhadra&nbsp; dans la da\u00efra d\u2019El Bouni, le projet tant attendu par les habitants d\u2019Annaba,&nbsp; a \u00e9t\u00e9 officiellement d\u00e9gel\u00e9. La nouvelle a \u00e9t\u00e9 annonc\u00e9e par Mohamed El Hadi Tbessi,&nbsp; un d\u00e9put\u00e9 du MSP (Mouvement de La Soci\u00e9t\u00e9 pour la Paix). Relevant de la direction des Affaires religieuses de la wilaya d\u2019Annaba, une enveloppe&nbsp; financi\u00e8re de 600 millions de DA, avait \u00e9t\u00e9 d\u00e9gag\u00e9e en 2008, par les pouvoirs publics, pour la r\u00e9alisation de ce projet dans le cadre du programme compl\u00e9mentaire de l\u2019appui \u00e0 la croissance. Or, depuis projet a rencontr\u00e9 moult contraintes, dont entre autres, fonci\u00e8res et&nbsp; financi\u00e8res, avant d\u2019\u00eatre abandonn\u00e9 en 2010.&nbsp;&nbsp; \u00c0 peine relanc\u00e9 en 2011 que le terrain devant abriter le projet, a \u00e9t\u00e9 chang\u00e9 par un autre d\u2019une superficie de 7 hectares, situ\u00e9 en face du p\u00f4le universitaire Ahmed El Bouni. En 2014, le budget a \u00e9t\u00e9 actualis\u00e9 \u00e0 hauteur d\u2019un milliard de DA.&nbsp; Un an apr\u00e8s le&nbsp; lancement des travaux de construction, l\u2019op\u00e9ration a \u00e9t\u00e9 suspendue pour insuffisance des ressources financi\u00e8res. Cela a co\u00efncid\u00e9 avec la crise \u00e9conomique mondiale, et le projet avait \u00e9t\u00e9 gel\u00e9 dans le cadre de la politique de la rationalisation des d\u00e9penses publiques. D\u00e8s lors, une commission religieuse charg\u00e9e du projet a \u00e9t\u00e9 d\u00e9sign\u00e9e, puis&nbsp; s\u2019est \u00e9clips\u00e9e pour des raisons qui restent&nbsp; inconnues. Un projet dont la concr\u00e9tisation d\u00e9pend dans une large mesure de la contribution des pouvoirs publics, des op\u00e9rateurs \u00e9conomiques de la r\u00e9gion, de la soci\u00e9t\u00e9 civile et des bienfaiteurs. Depuis le projet&nbsp; a \u00e9t\u00e9 rel\u00e9gu\u00e9 aux calendes gr\u00e8ques, avant que l\u2019actuel wali d\u2019Annaba, lors d\u2019une session ordinaire de l\u2019APW, se soit interrog\u00e9 sur l\u2019abandon de ce projet en se disant favorable pour sa relance. Aujourd\u2019hui, apr\u00e8s plusieurs p\u00e9rip\u00e9ties,&nbsp; le projet de la grande mosqu\u00e9e d\u2019Annaba semble retrouver le chemin de la concr\u00e9tisation, avec la lev\u00e9e officielle du gel. En attendant la concr\u00e9tisation d\u2019autres projets structurant, tel que le tramway, il est utile de rappeler quela grande mosqu\u00e9e, une fois r\u00e9alis\u00e9e, va contribuer au d\u00e9veloppement de la wilaya&nbsp; notamment par le&nbsp; tourisme religieux.&nbsp; Car,&nbsp; il convient de souligner que le plan architectural de cette structure religieuse est&nbsp; inspir\u00e9 du style islamique andalou \u00e0 l\u2019image d\u2019une grande majorit\u00e9 des grandes mosqu\u00e9es r\u00e9parties sur le territoire national. D\u2019une capacit\u00e9 d\u2019accueil de 12.000 fid\u00e8les, ayant le choix d\u2019accomplir leur devoir religieux au niveau de la salle principale ou bien au niveau de la cour ext\u00e9rieure, l\u2019infrastructure est \u00e9quip\u00e9e d\u2019une \u00e9cole coranique, de salles de conf\u00e9rence, ainsi qu\u2019un espace important r\u00e9serv\u00e9 \u00e0 l\u2019institution de Dar El-Fatwa, entre autres espaces annexes.<\/p>\n\n\n\n<p><strong>Sofia Chahine<\/strong><\/p>\n","protected":false},"excerpt":{"rendered":"<p>Lanc\u00e9 en grande pompe en 2008, relanc\u00e9 en 2010, puis abandonn\u00e9&nbsp; pour des raisons financi\u00e8res, le projet de r\u00e9alisation de<\/p>\n","protected":false},"author":3,"featured_media":32469,"comment_status":"open","ping_status":"closed","sticky":false,"template":"","format":"standard","meta":{"colormag_page_container_layout":"default_layout","colormag_page_sidebar_layout":"default_layout","om_disable_all_campaigns":false,"_monsterinsights_skip_tracking":false,"_monsterinsights_sitenote_active":false,"_monsterinsights_sitenote_note":"","_monsterinsights_sitenote_category":0,"footnotes":"","_wpscppro_dont_share_socialmedia":false,"_wpscppro_custom_social_share_image":0,"_facebook_share_type":"","_twitter_share_type":"","_linkedin_share_type":"","_pinterest_share_type":"","_linkedin_share_type_page":"","_instagram_share_type":"","_medium_share_type":"","_threads_share_type":"","_google_business_share_type":"","_selected_social_profile":[],"_wpsp_enable_custom_social_template":false,"_wpsp_social_scheduling":{"enabled":false,"datetime":null,"platforms":[],"status":"template_only","dateOption":"today","timeOption":"now","customDays":"","customHours":"","customDate":"","customTime":"","schedulingType":"absolute"},"_wpsp_active_default_template":true},"categories":[52,31],"tags":[],"class_list":["post-32464","post","type-post","status-publish","format-standard","has-post-thumbnail","hentry","category-a-la-une","category-regions"],"aioseo_notices":[],"yoast_head":"<!-- This site is optimized with the Yoast SEO plugin v27.5 - https:\/\/yoast.com\/product\/yoast-seo-wordpress\/ -->\n<title>Grande mosqu\u00e9e d\u2019Annaba\u00a0: Le projet officiellement relanc\u00e9 - La Sentinelle<\/title>\n<meta name=\"robots\" content=\"index, follow, max-snippet:-1, max-image-preview:large, max-video-preview:-1\" \/>\n<link rel=\"canonical\" href=\"https:\/\/lasentinelle.dz\/index.php\/2022\/12\/12\/grande-mosquee-dannaba-le-projet-officiellement-relance\/\" \/>\n<meta property=\"og:locale\" content=\"fr_FR\" \/>\n<meta property=\"og:type\" content=\"article\" \/>\n<meta property=\"og:title\" content=\"Grande mosqu\u00e9e d\u2019Annaba\u00a0: Le projet officiellement relanc\u00e9 - La Sentinelle\" \/>\n<meta property=\"og:description\" content=\"Lanc\u00e9 en grande pompe en 2008, relanc\u00e9 en 2010, puis abandonn\u00e9&nbsp; pour des raisons financi\u00e8res, le projet de r\u00e9alisation de\" \/>\n<meta property=\"og:url\" content=\"https:\/\/lasentinelle.dz\/index.php\/2022\/12\/12\/grande-mosquee-dannaba-le-projet-officiellement-relance\/\" \/>\n<meta property=\"og:site_name\" content=\"La Sentinelle\" \/>\n<meta property=\"article:publisher\" content=\"https:\/\/www.facebook.com\/La-Sentinelle-104059864394773\" \/>\n<meta property=\"article:published_time\" content=\"2022-12-12T21:08:00+00:00\" \/>\n<meta property=\"og:image\" content=\"https:\/\/lasentinelle.dz\/wp-content\/uploads\/2022\/12\/mosquee.png\" \/>\n\t<meta property=\"og:image:width\" content=\"675\" \/>\n\t<meta property=\"og:image:height\" content=\"900\" \/>\n\t<meta property=\"og:image:type\" content=\"image\/png\" \/>\n<meta name=\"author\" content=\"La Sentinelle\" \/>\n<meta name=\"twitter:card\" content=\"summary_large_image\" \/>\n<meta name=\"twitter:label1\" content=\"\u00c9crit par\" \/>\n\t<meta name=\"twitter:data1\" content=\"La Sentinelle\" \/>\n\t<meta name=\"twitter:label2\" content=\"Dur\u00e9e de lecture estim\u00e9e\" \/>\n\t<meta name=\"twitter:data2\" content=\"3 minutes\" \/>\n<script type=\"application\/ld+json\" class=\"yoast-schema-graph\">{\"@context\":\"https:\\\/\\\/schema.org\",\"@graph\":[{\"@type\":\"Article\",\"@id\":\"https:\\\/\\\/lasentinelle.dz\\\/index.php\\\/2022\\\/12\\\/12\\\/grande-mosquee-dannaba-le-projet-officiellement-relance\\\/#article\",\"isPartOf\":{\"@id\":\"https:\\\/\\\/lasentinelle.dz\\\/index.php\\\/2022\\\/12\\\/12\\\/grande-mosquee-dannaba-le-projet-officiellement-relance\\\/\"},\"author\":{\"name\":\"La Sentinelle\",\"@id\":\"https:\\\/\\\/lasentinelle.dz\\\/#\\\/schema\\\/person\\\/d865044e22e70a75174ce8bcad3acfb3\"},\"headline\":\"Grande mosqu\u00e9e d\u2019Annaba\u00a0: Le projet officiellement relanc\u00e9\",\"datePublished\":\"2022-12-12T21:08:00+00:00\",\"mainEntityOfPage\":{\"@id\":\"https:\\\/\\\/lasentinelle.dz\\\/index.php\\\/2022\\\/12\\\/12\\\/grande-mosquee-dannaba-le-projet-officiellement-relance\\\/\"},\"wordCount\":552,\"commentCount\":0,\"publisher\":{\"@id\":\"https:\\\/\\\/lasentinelle.dz\\\/#organization\"},\"image\":{\"@id\":\"https:\\\/\\\/lasentinelle.dz\\\/index.php\\\/2022\\\/12\\\/12\\\/grande-mosquee-dannaba-le-projet-officiellement-relance\\\/#primaryimage\"},\"thumbnailUrl\":\"https:\\\/\\\/lasentinelle.dz\\\/wp-content\\\/uploads\\\/2022\\\/12\\\/mosquee.png\",\"articleSection\":[\"\u00c0 la Une\",\"R\u00e9gions\"],\"inLanguage\":\"fr-FR\",\"potentialAction\":[{\"@type\":\"CommentAction\",\"name\":\"Comment\",\"target\":[\"https:\\\/\\\/lasentinelle.dz\\\/index.php\\\/2022\\\/12\\\/12\\\/grande-mosquee-dannaba-le-projet-officiellement-relance\\\/#respond\"]}]},{\"@type\":\"WebPage\",\"@id\":\"https:\\\/\\\/lasentinelle.dz\\\/index.php\\\/2022\\\/12\\\/12\\\/grande-mosquee-dannaba-le-projet-officiellement-relance\\\/\",\"url\":\"https:\\\/\\\/lasentinelle.dz\\\/index.php\\\/2022\\\/12\\\/12\\\/grande-mosquee-dannaba-le-projet-officiellement-relance\\\/\",\"name\":\"Grande mosqu\u00e9e d\u2019Annaba\u00a0: Le projet officiellement relanc\u00e9 - La Sentinelle\",\"isPartOf\":{\"@id\":\"https:\\\/\\\/lasentinelle.dz\\\/#website\"},\"primaryImageOfPage\":{\"@id\":\"https:\\\/\\\/lasentinelle.dz\\\/index.php\\\/2022\\\/12\\\/12\\\/grande-mosquee-dannaba-le-projet-officiellement-relance\\\/#primaryimage\"},\"image\":{\"@id\":\"https:\\\/\\\/lasentinelle.dz\\\/index.php\\\/2022\\\/12\\\/12\\\/grande-mosquee-dannaba-le-projet-officiellement-relance\\\/#primaryimage\"},\"thumbnailUrl\":\"https:\\\/\\\/lasentinelle.dz\\\/wp-content\\\/uploads\\\/2022\\\/12\\\/mosquee.png\",\"datePublished\":\"2022-12-12T21:08:00+00:00\",\"breadcrumb\":{\"@id\":\"https:\\\/\\\/lasentinelle.dz\\\/index.php\\\/2022\\\/12\\\/12\\\/grande-mosquee-dannaba-le-projet-officiellement-relance\\\/#breadcrumb\"},\"inLanguage\":\"fr-FR\",\"potentialAction\":[{\"@type\":\"ReadAction\",\"target\":[\"https:\\\/\\\/lasentinelle.dz\\\/index.php\\\/2022\\\/12\\\/12\\\/grande-mosquee-dannaba-le-projet-officiellement-relance\\\/\"]}]},{\"@type\":\"ImageObject\",\"inLanguage\":\"fr-FR\",\"@id\":\"https:\\\/\\\/lasentinelle.dz\\\/index.php\\\/2022\\\/12\\\/12\\\/grande-mosquee-dannaba-le-projet-officiellement-relance\\\/#primaryimage\",\"url\":\"https:\\\/\\\/lasentinelle.dz\\\/wp-content\\\/uploads\\\/2022\\\/12\\\/mosquee.png\",\"contentUrl\":\"https:\\\/\\\/lasentinelle.dz\\\/wp-content\\\/uploads\\\/2022\\\/12\\\/mosquee.png\",\"width\":675,\"height\":900},{\"@type\":\"BreadcrumbList\",\"@id\":\"https:\\\/\\\/lasentinelle.dz\\\/index.php\\\/2022\\\/12\\\/12\\\/grande-mosquee-dannaba-le-projet-officiellement-relance\\\/#breadcrumb\",\"itemListElement\":[{\"@type\":\"ListItem\",\"position\":1,\"name\":\"Accueil\",\"item\":\"https:\\\/\\\/lasentinelle.dz\\\/\"},{\"@type\":\"ListItem\",\"position\":2,\"name\":\"Grande mosqu\u00e9e d\u2019Annaba\u00a0: Le projet officiellement relanc\u00e9\"}]},{\"@type\":\"WebSite\",\"@id\":\"https:\\\/\\\/lasentinelle.dz\\\/#website\",\"url\":\"https:\\\/\\\/lasentinelle.dz\\\/\",\"name\":\"La Sentinelle\",\"description\":\"Quotidien national d&#039;information\",\"publisher\":{\"@id\":\"https:\\\/\\\/lasentinelle.dz\\\/#organization\"},\"potentialAction\":[{\"@type\":\"SearchAction\",\"target\":{\"@type\":\"EntryPoint\",\"urlTemplate\":\"https:\\\/\\\/lasentinelle.dz\\\/?s={search_term_string}\"},\"query-input\":{\"@type\":\"PropertyValueSpecification\",\"valueRequired\":true,\"valueName\":\"search_term_string\"}}],\"inLanguage\":\"fr-FR\"},{\"@type\":\"Organization\",\"@id\":\"https:\\\/\\\/lasentinelle.dz\\\/#organization\",\"name\":\"Quotidien La Sentinelle\",\"url\":\"https:\\\/\\\/lasentinelle.dz\\\/\",\"logo\":{\"@type\":\"ImageObject\",\"inLanguage\":\"fr-FR\",\"@id\":\"https:\\\/\\\/lasentinelle.dz\\\/#\\\/schema\\\/logo\\\/image\\\/\",\"url\":\"https:\\\/\\\/lasentinelle.dz\\\/wp-content\\\/uploads\\\/2021\\\/09\\\/logo-sentinelleSLOGAN-1.png\",\"contentUrl\":\"https:\\\/\\\/lasentinelle.dz\\\/wp-content\\\/uploads\\\/2021\\\/09\\\/logo-sentinelleSLOGAN-1.png\",\"width\":615,\"height\":142,\"caption\":\"Quotidien La Sentinelle\"},\"image\":{\"@id\":\"https:\\\/\\\/lasentinelle.dz\\\/#\\\/schema\\\/logo\\\/image\\\/\"},\"sameAs\":[\"https:\\\/\\\/www.facebook.com\\\/La-Sentinelle-104059864394773\"]},{\"@type\":\"Person\",\"@id\":\"https:\\\/\\\/lasentinelle.dz\\\/#\\\/schema\\\/person\\\/d865044e22e70a75174ce8bcad3acfb3\",\"name\":\"La Sentinelle\",\"image\":{\"@type\":\"ImageObject\",\"inLanguage\":\"fr-FR\",\"@id\":\"https:\\\/\\\/secure.gravatar.com\\\/avatar\\\/57de8e5d4b15d43fb361a71fbb36338450fe67865b528a43dd10ef7c51a20392?s=96&d=mm&r=g\",\"url\":\"https:\\\/\\\/secure.gravatar.com\\\/avatar\\\/57de8e5d4b15d43fb361a71fbb36338450fe67865b528a43dd10ef7c51a20392?s=96&d=mm&r=g\",\"contentUrl\":\"https:\\\/\\\/secure.gravatar.com\\\/avatar\\\/57de8e5d4b15d43fb361a71fbb36338450fe67865b528a43dd10ef7c51a20392?s=96&d=mm&r=g\",\"caption\":\"La Sentinelle\"},\"sameAs\":[\"http:\\\/\\\/www.lasentinelle.dz\"],\"url\":\"https:\\\/\\\/lasentinelle.dz\\\/author\\\/redaction\\\/\"}]}<\/script>\n<!-- \/ Yoast SEO plugin. -->","yoast_head_json":{"title":"Grande mosqu\u00e9e d\u2019Annaba\u00a0: Le projet officiellement relanc\u00e9 - La Sentinelle","robots":{"index":"index","follow":"follow","max-snippet":"max-snippet:-1","max-image-preview":"max-image-preview:large","max-video-preview":"max-video-preview:-1"},"canonical":"https:\/\/lasentinelle.dz\/index.php\/2022\/12\/12\/grande-mosquee-dannaba-le-projet-officiellement-relance\/","og_locale":"fr_FR","og_type":"article","og_title":"Grande mosqu\u00e9e d\u2019Annaba\u00a0: Le projet officiellement relanc\u00e9 - La Sentinelle","og_description":"Lanc\u00e9 en grande pompe en 2008, relanc\u00e9 en 2010, puis abandonn\u00e9&nbsp; pour des raisons financi\u00e8res, le projet de r\u00e9alisation de","og_url":"https:\/\/lasentinelle.dz\/index.php\/2022\/12\/12\/grande-mosquee-dannaba-le-projet-officiellement-relance\/","og_site_name":"La Sentinelle","article_publisher":"https:\/\/www.facebook.com\/La-Sentinelle-104059864394773","article_published_time":"2022-12-12T21:08:00+00:00","og_image":[{"width":675,"height":900,"url":"https:\/\/lasentinelle.dz\/wp-content\/uploads\/2022\/12\/mosquee.png","type":"image\/png"}],"author":"La Sentinelle","twitter_card":"summary_large_image","twitter_misc":{"\u00c9crit par":"La Sentinelle","Dur\u00e9e de lecture estim\u00e9e":"3 minutes"},"schema":{"@context":"https:\/\/schema.org","@graph":[{"@type":"Article","@id":"https:\/\/lasentinelle.dz\/index.php\/2022\/12\/12\/grande-mosquee-dannaba-le-projet-officiellement-relance\/#article","isPartOf":{"@id":"https:\/\/lasentinelle.dz\/index.php\/2022\/12\/12\/grande-mosquee-dannaba-le-projet-officiellement-relance\/"},"author":{"name":"La Sentinelle","@id":"https:\/\/lasentinelle.dz\/#\/schema\/person\/d865044e22e70a75174ce8bcad3acfb3"},"headline":"Grande mosqu\u00e9e d\u2019Annaba\u00a0: Le projet officiellement relanc\u00e9","datePublished":"2022-12-12T21:08:00+00:00","mainEntityOfPage":{"@id":"https:\/\/lasentinelle.dz\/index.php\/2022\/12\/12\/grande-mosquee-dannaba-le-projet-officiellement-relance\/"},"wordCount":552,"commentCount":0,"publisher":{"@id":"https:\/\/lasentinelle.dz\/#organization"},"image":{"@id":"https:\/\/lasentinelle.dz\/index.php\/2022\/12\/12\/grande-mosquee-dannaba-le-projet-officiellement-relance\/#primaryimage"},"thumbnailUrl":"https:\/\/lasentinelle.dz\/wp-content\/uploads\/2022\/12\/mosquee.png","articleSection":["\u00c0 la Une","R\u00e9gions"],"inLanguage":"fr-FR","potentialAction":[{"@type":"CommentAction","name":"Comment","target":["https:\/\/lasentinelle.dz\/index.php\/2022\/12\/12\/grande-mosquee-dannaba-le-projet-officiellement-relance\/#respond"]}]},{"@type":"WebPage","@id":"https:\/\/lasentinelle.dz\/index.php\/2022\/12\/12\/grande-mosquee-dannaba-le-projet-officiellement-relance\/","url":"https:\/\/lasentinelle.dz\/index.php\/2022\/12\/12\/grande-mosquee-dannaba-le-projet-officiellement-relance\/","name":"Grande mosqu\u00e9e d\u2019Annaba\u00a0: Le projet officiellement relanc\u00e9 - La Sentinelle","isPartOf":{"@id":"https:\/\/lasentinelle.dz\/#website"},"primaryImageOfPage":{"@id":"https:\/\/lasentinelle.dz\/index.php\/2022\/12\/12\/grande-mosquee-dannaba-le-projet-officiellement-relance\/#primaryimage"},"image":{"@id":"https:\/\/lasentinelle.dz\/index.php\/2022\/12\/12\/grande-mosquee-dannaba-le-projet-officiellement-relance\/#primaryimage"},"thumbnailUrl":"https:\/\/lasentinelle.dz\/wp-content\/uploads\/2022\/12\/mosquee.png","datePublished":"2022-12-12T21:08:00+00:00","breadcrumb":{"@id":"https:\/\/lasentinelle.dz\/index.php\/2022\/12\/12\/grande-mosquee-dannaba-le-projet-officiellement-relance\/#breadcrumb"},"inLanguage":"fr-FR","potentialAction":[{"@type":"ReadAction","target":["https:\/\/lasentinelle.dz\/index.php\/2022\/12\/12\/grande-mosquee-dannaba-le-projet-officiellement-relance\/"]}]},{"@type":"ImageObject","inLanguage":"fr-FR","@id":"https:\/\/lasentinelle.dz\/index.php\/2022\/12\/12\/grande-mosquee-dannaba-le-projet-officiellement-relance\/#primaryimage","url":"https:\/\/lasentinelle.dz\/wp-content\/uploads\/2022\/12\/mosquee.png","contentUrl":"https:\/\/lasentinelle.dz\/wp-content\/uploads\/2022\/12\/mosquee.png","width":675,"height":900},{"@type":"BreadcrumbList","@id":"https:\/\/lasentinelle.dz\/index.php\/2022\/12\/12\/grande-mosquee-dannaba-le-projet-officiellement-relance\/#breadcrumb","itemListElement":[{"@type":"ListItem","position":1,"name":"Accueil","item":"https:\/\/lasentinelle.dz\/"},{"@type":"ListItem","position":2,"name":"Grande mosqu\u00e9e d\u2019Annaba\u00a0: Le projet officiellement relanc\u00e9"}]},{"@type":"WebSite","@id":"https:\/\/lasentinelle.dz\/#website","url":"https:\/\/lasentinelle.dz\/","name":"La Sentinelle","description":"Quotidien national d&#039;information","publisher":{"@id":"https:\/\/lasentinelle.dz\/#organization"},"potentialAction":[{"@type":"SearchAction","target":{"@type":"EntryPoint","urlTemplate":"https:\/\/lasentinelle.dz\/?s={search_term_string}"},"query-input":{"@type":"PropertyValueSpecification","valueRequired":true,"valueName":"search_term_string"}}],"inLanguage":"fr-FR"},{"@type":"Organization","@id":"https:\/\/lasentinelle.dz\/#organization","name":"Quotidien La Sentinelle","url":"https:\/\/lasentinelle.dz\/","logo":{"@type":"ImageObject","inLanguage":"fr-FR","@id":"https:\/\/lasentinelle.dz\/#\/schema\/logo\/image\/","url":"https:\/\/lasentinelle.dz\/wp-content\/uploads\/2021\/09\/logo-sentinelleSLOGAN-1.png","contentUrl":"https:\/\/lasentinelle.dz\/wp-content\/uploads\/2021\/09\/logo-sentinelleSLOGAN-1.png","width":615,"height":142,"caption":"Quotidien La Sentinelle"},"image":{"@id":"https:\/\/lasentinelle.dz\/#\/schema\/logo\/image\/"},"sameAs":["https:\/\/www.facebook.com\/La-Sentinelle-104059864394773"]},{"@type":"Person","@id":"https:\/\/lasentinelle.dz\/#\/schema\/person\/d865044e22e70a75174ce8bcad3acfb3","name":"La Sentinelle","image":{"@type":"ImageObject","inLanguage":"fr-FR","@id":"https:\/\/secure.gravatar.com\/avatar\/57de8e5d4b15d43fb361a71fbb36338450fe67865b528a43dd10ef7c51a20392?s=96&d=mm&r=g","url":"https:\/\/secure.gravatar.com\/avatar\/57de8e5d4b15d43fb361a71fbb36338450fe67865b528a43dd10ef7c51a20392?s=96&d=mm&r=g","contentUrl":"https:\/\/secure.gravatar.com\/avatar\/57de8e5d4b15d43fb361a71fbb36338450fe67865b528a43dd10ef7c51a20392?s=96&d=mm&r=g","caption":"La Sentinelle"},"sameAs":["http:\/\/www.lasentinelle.dz"],"url":"https:\/\/lasentinelle.dz\/author\/redaction\/"}]}},"_links":{"self":[{"href":"https:\/\/lasentinelle.dz\/index.php\/wp-json\/wp\/v2\/posts\/32464","targetHints":{"allow":["GET"]}}],"collection":[{"href":"https:\/\/lasentinelle.dz\/index.php\/wp-json\/wp\/v2\/posts"}],"about":[{"href":"https:\/\/lasentinelle.dz\/index.php\/wp-json\/wp\/v2\/types\/post"}],"author":[{"embeddable":true,"href":"https:\/\/lasentinelle.dz\/index.php\/wp-json\/wp\/v2\/users\/3"}],"replies":[{"embeddable":true,"href":"https:\/\/lasentinelle.dz\/index.php\/wp-json\/wp\/v2\/comments?post=32464"}],"version-history":[{"count":2,"href":"https:\/\/lasentinelle.dz\/index.php\/wp-json\/wp\/v2\/posts\/32464\/revisions"}],"predecessor-version":[{"id":32499,"href":"https:\/\/lasentinelle.dz\/index.php\/wp-json\/wp\/v2\/posts\/32464\/revisions\/32499"}],"wp:featuredmedia":[{"embeddable":true,"href":"https:\/\/lasentinelle.dz\/index.php\/wp-json\/wp\/v2\/media\/32469"}],"wp:attachment":[{"href":"https:\/\/lasentinelle.dz\/index.php\/wp-json\/wp\/v2\/media?parent=32464"}],"wp:term":[{"taxonomy":"category","embeddable":true,"href":"https:\/\/lasentinelle.dz\/index.php\/wp-json\/wp\/v2\/categories?post=32464"},{"taxonomy":"post_tag","embeddable":true,"href":"https:\/\/lasentinelle.dz\/index.php\/wp-json\/wp\/v2\/tags?post=32464"}],"curies":[{"name":"wp","href":"https:\/\/api.w.org\/{rel}","templated":true}]}}