{"id":32540,"date":"2022-12-13T22:00:00","date_gmt":"2022-12-13T21:00:00","guid":{"rendered":"https:\/\/lasentinelle.dz\/?p=32540"},"modified":"2022-12-13T17:00:39","modified_gmt":"2022-12-13T16:00:39","slug":"conflit-apc-transporteurs-de-bus-prives-le-p-apc-dannaba-campe-sur-ses-positions","status":"publish","type":"post","link":"https:\/\/lasentinelle.dz\/index.php\/2022\/12\/13\/conflit-apc-transporteurs-de-bus-prives-le-p-apc-dannaba-campe-sur-ses-positions\/","title":{"rendered":"Conflit APC\/Transporteurs de bus priv\u00e9s\u00a0: Le P\/APC d\u2019Annaba campe sur ses positions"},"content":{"rendered":"\n<p>Selon une sourcedu bureau de wilaya des transporteurs \u00e0 Annaba , relevant de l\u2019uniong\u00e9n\u00e9rale des commer\u00e7ants et artisans alg\u00e9riens le conflit qui oppose les transporteurs priv\u00e9s aux services de l\u2019APC d\u2019Annaba risque de s\u2019enliser. Notre source r\u00e9v\u00e8le que le premier responsable de la commune d\u2019Annaba a refus\u00e9 hier de recevoir les membres du bureau de wilayaqui ont exprim\u00e9 leur intention de dialoguer pour trouver des solutions \u00e0 la situation conflictuelle occasionn\u00e9e par les transporteurs au niveau de la station de transport intercommunal (Kouche Noureddine).La m\u00eame agitation est observ\u00e9e au sein des transporteurs de la station de transport interurbain de Souidani Boudjemaa (RMACA), a fait savoir notre source. \u00c0 l\u2019origine de cette tension, la d\u00e9cision du P\/APC d\u2019Annaba, portant la d\u00e9localisation deslignes de transport \u00e0 destination des communes d&rsquo;Ain El-Berda, El- Eulma et Merzoug Amar, de leurs couloirs initiales et de les remplacer par les bus de la Soci\u00e9t\u00e9 publique de transport de voyageurs (EPTV). La m\u00eame sourceafait savoir que le refus du maire d\u2019engager tout dialogue a suscit\u00e9 la col\u00e8re des transporteurs priv\u00e9s. Soulignant dans ce contexte que cettesituationde tensionne profite \u00e0 aucune partie, d&rsquo;autant plus que les transporteurs ont manifest\u00e9 leurs bonnes intentions pour le dialogue, mentionnantdans ce sillage que les services s\u00e9curitaires suiventsur les lieux l\u2019\u00e9volution de la situation.\u00ab&nbsp;La d\u00e9cision du P\/APC d\u2019Annabaest consid\u00e9r\u00e9e commearbitraire administrativement. Et si la situation perdure,ce sont les usagers qui vont, en premier lieu, en subir les cons\u00e9quences&nbsp;\u00bb, a d\u00e9plor\u00e9 la m\u00eame source.Cette derni\u00e8re n\u2019a pas omis de souligner le fait que la d\u00e9cision du placementde cette mani\u00e8re, des bus de l&rsquo;\u00e9tablissement public pour le transport des voyageurs a \u00e9t\u00e9 prise sans la participation du partenaire social et sans en informer la Direction des transports. Notre sourcea mis en avant la d\u00e9licatesse de la situation, surtout qu\u2019il s\u2019agit d\u2019un nombre non n\u00e9gligeable de bus activant en intercommunalet interurbain.Il s\u2019agit d\u2019une flotte qui compte quelques425 bus de transportpriv\u00e9s, r\u00e9partis entre les deux stations \u00e0 savoir Kouche et la RMACA. Cette situation conflictuelle aura des r\u00e9percussions n\u00e9gatives pour le secteur du transport dans la wilaya, notamment en cette p\u00e9riode. Car, outre la revendication de replacement des trois lignes de transport (Ain El Berda, Merzoug Amar et El Eulma)dansleurs couloirs initiaux, les transporteurs priv\u00e9s demandent \u00e0 ce que le nombre de bus la Soci\u00e9t\u00e9 publique pour le transport de voyageursactifs, soient limit\u00e9s dans la station Kouche,afin d\u2019assurer une concurrence loyale. LA m\u00eame source a affirm\u00e9 que les transporteurs de buspriv\u00e9s, ne sont pascontre l\u2019EPTV. Ilsexigent tout simplementun cahier des charges qui pr\u00e9serve les droits de toutes les parties dans le secteur des transports et garantisse une concurrence loyale.Rappelons que,suite \u00e0 cette d\u00e9cision prise par le P\/APC d\u2019Annaba, les transporteurs de bus priv\u00e9s, ont observ\u00e9 une action de contestation, pour d\u00e9noncerl\u2019attribution de nouvelles dessertes \u00e0 l\u2019EPTV Est. Ces derni\u00e8res sont destin\u00e9es notamment pour les nouveaux p\u00f4les urbains Draa Errich et Kalitoussa. Une d\u00e9cision d\u00e9sapprouv\u00e9e par les transporteurs priv\u00e9s. D\u00e8s lors, ils ont interditl\u2019acc\u00e8s des usagers\u00e0 la station de bus (Kouche). Au-del\u00e0, les transporteurs ontemp\u00each\u00e9 les citoyens de prendre les bus EPTV,mena\u00e7ant m\u00eame de l&rsquo;incendier. Battant en retrait, les conducteurs de bus publics et sous la menace des conducteurs priv\u00e9s ont trouv\u00e9 refuge \u00e0 proximit\u00e9 du 4\u00e8me arrondissement de police. Aussit\u00f4t les forces anti \u00e9meutes et celles la gendarmerie nationale sont intervenues et ont remis de l\u2019ordre dans le centre-ville, transform\u00e9 en champ de bataille. Cette intervention a \u00e9galement permis d\u2019assurer le transport de milliers d\u2019usagersapr\u00e8s plusieurs heures d\u2019attente.<\/p>\n\n\n\n<p><strong>Sofia Chahine<\/strong><\/p>\n","protected":false},"excerpt":{"rendered":"<p>Selon une sourcedu bureau de wilaya des transporteurs \u00e0 Annaba , relevant de l\u2019uniong\u00e9n\u00e9rale des commer\u00e7ants et artisans alg\u00e9riens le<\/p>\n","protected":false},"author":3,"featured_media":32549,"comment_status":"open","ping_status":"closed","sticky":false,"template":"","format":"standard","meta":{"colormag_page_container_layout":"default_layout","colormag_page_sidebar_layout":"default_layout","om_disable_all_campaigns":false,"_monsterinsights_skip_tracking":false,"_monsterinsights_sitenote_active":false,"_monsterinsights_sitenote_note":"","_monsterinsights_sitenote_category":0,"footnotes":"","_wpscppro_dont_share_socialmedia":false,"_wpscppro_custom_social_share_image":0,"_facebook_share_type":"","_twitter_share_type":"","_linkedin_share_type":"","_pinterest_share_type":"","_linkedin_share_type_page":"","_instagram_share_type":"","_medium_share_type":"","_threads_share_type":"","_google_business_share_type":"","_selected_social_profile":[],"_wpsp_enable_custom_social_template":false,"_wpsp_social_scheduling":{"enabled":false,"datetime":null,"platforms":[],"status":"template_only","dateOption":"today","timeOption":"now","customDays":"","customHours":"","customDate":"","customTime":"","schedulingType":"absolute"},"_wpsp_active_default_template":true},"categories":[31],"tags":[],"class_list":["post-32540","post","type-post","status-publish","format-standard","has-post-thumbnail","hentry","category-regions"],"aioseo_notices":[],"yoast_head":"<!-- This site is optimized with the Yoast SEO plugin v27.5 - https:\/\/yoast.com\/product\/yoast-seo-wordpress\/ -->\n<title>Conflit APC\/Transporteurs de bus priv\u00e9s\u00a0: Le P\/APC d\u2019Annaba campe sur ses positions - La Sentinelle<\/title>\n<meta name=\"robots\" content=\"index, follow, max-snippet:-1, max-image-preview:large, max-video-preview:-1\" \/>\n<link rel=\"canonical\" href=\"https:\/\/lasentinelle.dz\/index.php\/2022\/12\/13\/conflit-apc-transporteurs-de-bus-prives-le-p-apc-dannaba-campe-sur-ses-positions\/\" \/>\n<meta property=\"og:locale\" content=\"fr_FR\" \/>\n<meta property=\"og:type\" content=\"article\" \/>\n<meta property=\"og:title\" content=\"Conflit APC\/Transporteurs de bus priv\u00e9s\u00a0: Le P\/APC d\u2019Annaba campe sur ses positions - La Sentinelle\" \/>\n<meta property=\"og:description\" content=\"Selon une sourcedu bureau de wilaya des transporteurs \u00e0 Annaba , relevant de l\u2019uniong\u00e9n\u00e9rale des commer\u00e7ants et artisans alg\u00e9riens le\" \/>\n<meta property=\"og:url\" content=\"https:\/\/lasentinelle.dz\/index.php\/2022\/12\/13\/conflit-apc-transporteurs-de-bus-prives-le-p-apc-dannaba-campe-sur-ses-positions\/\" \/>\n<meta property=\"og:site_name\" content=\"La Sentinelle\" \/>\n<meta property=\"article:publisher\" content=\"https:\/\/www.facebook.com\/La-Sentinelle-104059864394773\" \/>\n<meta property=\"article:published_time\" content=\"2022-12-13T21:00:00+00:00\" \/>\n<meta property=\"og:image\" content=\"https:\/\/lasentinelle.dz\/wp-content\/uploads\/2022\/12\/image_2022-12-13_170026412.png\" \/>\n\t<meta property=\"og:image:width\" content=\"1357\" \/>\n\t<meta property=\"og:image:height\" content=\"900\" \/>\n\t<meta property=\"og:image:type\" content=\"image\/png\" \/>\n<meta name=\"author\" content=\"La Sentinelle\" \/>\n<meta name=\"twitter:card\" content=\"summary_large_image\" \/>\n<meta name=\"twitter:label1\" content=\"\u00c9crit par\" \/>\n\t<meta name=\"twitter:data1\" content=\"La Sentinelle\" \/>\n\t<meta name=\"twitter:label2\" content=\"Dur\u00e9e de lecture estim\u00e9e\" \/>\n\t<meta name=\"twitter:data2\" content=\"3 minutes\" \/>\n<script type=\"application\/ld+json\" class=\"yoast-schema-graph\">{\"@context\":\"https:\\\/\\\/schema.org\",\"@graph\":[{\"@type\":\"Article\",\"@id\":\"https:\\\/\\\/lasentinelle.dz\\\/index.php\\\/2022\\\/12\\\/13\\\/conflit-apc-transporteurs-de-bus-prives-le-p-apc-dannaba-campe-sur-ses-positions\\\/#article\",\"isPartOf\":{\"@id\":\"https:\\\/\\\/lasentinelle.dz\\\/index.php\\\/2022\\\/12\\\/13\\\/conflit-apc-transporteurs-de-bus-prives-le-p-apc-dannaba-campe-sur-ses-positions\\\/\"},\"author\":{\"name\":\"La Sentinelle\",\"@id\":\"https:\\\/\\\/lasentinelle.dz\\\/#\\\/schema\\\/person\\\/d865044e22e70a75174ce8bcad3acfb3\"},\"headline\":\"Conflit APC\\\/Transporteurs de bus priv\u00e9s\u00a0: Le P\\\/APC d\u2019Annaba campe sur ses positions\",\"datePublished\":\"2022-12-13T21:00:00+00:00\",\"mainEntityOfPage\":{\"@id\":\"https:\\\/\\\/lasentinelle.dz\\\/index.php\\\/2022\\\/12\\\/13\\\/conflit-apc-transporteurs-de-bus-prives-le-p-apc-dannaba-campe-sur-ses-positions\\\/\"},\"wordCount\":680,\"commentCount\":0,\"publisher\":{\"@id\":\"https:\\\/\\\/lasentinelle.dz\\\/#organization\"},\"image\":{\"@id\":\"https:\\\/\\\/lasentinelle.dz\\\/index.php\\\/2022\\\/12\\\/13\\\/conflit-apc-transporteurs-de-bus-prives-le-p-apc-dannaba-campe-sur-ses-positions\\\/#primaryimage\"},\"thumbnailUrl\":\"https:\\\/\\\/lasentinelle.dz\\\/wp-content\\\/uploads\\\/2022\\\/12\\\/image_2022-12-13_170026412.png\",\"articleSection\":[\"R\u00e9gions\"],\"inLanguage\":\"fr-FR\",\"potentialAction\":[{\"@type\":\"CommentAction\",\"name\":\"Comment\",\"target\":[\"https:\\\/\\\/lasentinelle.dz\\\/index.php\\\/2022\\\/12\\\/13\\\/conflit-apc-transporteurs-de-bus-prives-le-p-apc-dannaba-campe-sur-ses-positions\\\/#respond\"]}]},{\"@type\":\"WebPage\",\"@id\":\"https:\\\/\\\/lasentinelle.dz\\\/index.php\\\/2022\\\/12\\\/13\\\/conflit-apc-transporteurs-de-bus-prives-le-p-apc-dannaba-campe-sur-ses-positions\\\/\",\"url\":\"https:\\\/\\\/lasentinelle.dz\\\/index.php\\\/2022\\\/12\\\/13\\\/conflit-apc-transporteurs-de-bus-prives-le-p-apc-dannaba-campe-sur-ses-positions\\\/\",\"name\":\"Conflit APC\\\/Transporteurs de bus priv\u00e9s\u00a0: Le P\\\/APC d\u2019Annaba campe sur ses positions - La Sentinelle\",\"isPartOf\":{\"@id\":\"https:\\\/\\\/lasentinelle.dz\\\/#website\"},\"primaryImageOfPage\":{\"@id\":\"https:\\\/\\\/lasentinelle.dz\\\/index.php\\\/2022\\\/12\\\/13\\\/conflit-apc-transporteurs-de-bus-prives-le-p-apc-dannaba-campe-sur-ses-positions\\\/#primaryimage\"},\"image\":{\"@id\":\"https:\\\/\\\/lasentinelle.dz\\\/index.php\\\/2022\\\/12\\\/13\\\/conflit-apc-transporteurs-de-bus-prives-le-p-apc-dannaba-campe-sur-ses-positions\\\/#primaryimage\"},\"thumbnailUrl\":\"https:\\\/\\\/lasentinelle.dz\\\/wp-content\\\/uploads\\\/2022\\\/12\\\/image_2022-12-13_170026412.png\",\"datePublished\":\"2022-12-13T21:00:00+00:00\",\"breadcrumb\":{\"@id\":\"https:\\\/\\\/lasentinelle.dz\\\/index.php\\\/2022\\\/12\\\/13\\\/conflit-apc-transporteurs-de-bus-prives-le-p-apc-dannaba-campe-sur-ses-positions\\\/#breadcrumb\"},\"inLanguage\":\"fr-FR\",\"potentialAction\":[{\"@type\":\"ReadAction\",\"target\":[\"https:\\\/\\\/lasentinelle.dz\\\/index.php\\\/2022\\\/12\\\/13\\\/conflit-apc-transporteurs-de-bus-prives-le-p-apc-dannaba-campe-sur-ses-positions\\\/\"]}]},{\"@type\":\"ImageObject\",\"inLanguage\":\"fr-FR\",\"@id\":\"https:\\\/\\\/lasentinelle.dz\\\/index.php\\\/2022\\\/12\\\/13\\\/conflit-apc-transporteurs-de-bus-prives-le-p-apc-dannaba-campe-sur-ses-positions\\\/#primaryimage\",\"url\":\"https:\\\/\\\/lasentinelle.dz\\\/wp-content\\\/uploads\\\/2022\\\/12\\\/image_2022-12-13_170026412.png\",\"contentUrl\":\"https:\\\/\\\/lasentinelle.dz\\\/wp-content\\\/uploads\\\/2022\\\/12\\\/image_2022-12-13_170026412.png\",\"width\":1357,\"height\":900},{\"@type\":\"BreadcrumbList\",\"@id\":\"https:\\\/\\\/lasentinelle.dz\\\/index.php\\\/2022\\\/12\\\/13\\\/conflit-apc-transporteurs-de-bus-prives-le-p-apc-dannaba-campe-sur-ses-positions\\\/#breadcrumb\",\"itemListElement\":[{\"@type\":\"ListItem\",\"position\":1,\"name\":\"Accueil\",\"item\":\"https:\\\/\\\/lasentinelle.dz\\\/\"},{\"@type\":\"ListItem\",\"position\":2,\"name\":\"Conflit APC\\\/Transporteurs de bus priv\u00e9s\u00a0: Le P\\\/APC d\u2019Annaba campe sur ses positions\"}]},{\"@type\":\"WebSite\",\"@id\":\"https:\\\/\\\/lasentinelle.dz\\\/#website\",\"url\":\"https:\\\/\\\/lasentinelle.dz\\\/\",\"name\":\"La Sentinelle\",\"description\":\"Quotidien national d&#039;information\",\"publisher\":{\"@id\":\"https:\\\/\\\/lasentinelle.dz\\\/#organization\"},\"potentialAction\":[{\"@type\":\"SearchAction\",\"target\":{\"@type\":\"EntryPoint\",\"urlTemplate\":\"https:\\\/\\\/lasentinelle.dz\\\/?s={search_term_string}\"},\"query-input\":{\"@type\":\"PropertyValueSpecification\",\"valueRequired\":true,\"valueName\":\"search_term_string\"}}],\"inLanguage\":\"fr-FR\"},{\"@type\":\"Organization\",\"@id\":\"https:\\\/\\\/lasentinelle.dz\\\/#organization\",\"name\":\"Quotidien La Sentinelle\",\"url\":\"https:\\\/\\\/lasentinelle.dz\\\/\",\"logo\":{\"@type\":\"ImageObject\",\"inLanguage\":\"fr-FR\",\"@id\":\"https:\\\/\\\/lasentinelle.dz\\\/#\\\/schema\\\/logo\\\/image\\\/\",\"url\":\"https:\\\/\\\/lasentinelle.dz\\\/wp-content\\\/uploads\\\/2021\\\/09\\\/logo-sentinelleSLOGAN-1.png\",\"contentUrl\":\"https:\\\/\\\/lasentinelle.dz\\\/wp-content\\\/uploads\\\/2021\\\/09\\\/logo-sentinelleSLOGAN-1.png\",\"width\":615,\"height\":142,\"caption\":\"Quotidien La Sentinelle\"},\"image\":{\"@id\":\"https:\\\/\\\/lasentinelle.dz\\\/#\\\/schema\\\/logo\\\/image\\\/\"},\"sameAs\":[\"https:\\\/\\\/www.facebook.com\\\/La-Sentinelle-104059864394773\"]},{\"@type\":\"Person\",\"@id\":\"https:\\\/\\\/lasentinelle.dz\\\/#\\\/schema\\\/person\\\/d865044e22e70a75174ce8bcad3acfb3\",\"name\":\"La Sentinelle\",\"image\":{\"@type\":\"ImageObject\",\"inLanguage\":\"fr-FR\",\"@id\":\"https:\\\/\\\/secure.gravatar.com\\\/avatar\\\/57de8e5d4b15d43fb361a71fbb36338450fe67865b528a43dd10ef7c51a20392?s=96&d=mm&r=g\",\"url\":\"https:\\\/\\\/secure.gravatar.com\\\/avatar\\\/57de8e5d4b15d43fb361a71fbb36338450fe67865b528a43dd10ef7c51a20392?s=96&d=mm&r=g\",\"contentUrl\":\"https:\\\/\\\/secure.gravatar.com\\\/avatar\\\/57de8e5d4b15d43fb361a71fbb36338450fe67865b528a43dd10ef7c51a20392?s=96&d=mm&r=g\",\"caption\":\"La Sentinelle\"},\"sameAs\":[\"http:\\\/\\\/www.lasentinelle.dz\"],\"url\":\"https:\\\/\\\/lasentinelle.dz\\\/author\\\/redaction\\\/\"}]}<\/script>\n<!-- \/ Yoast SEO plugin. -->","yoast_head_json":{"title":"Conflit APC\/Transporteurs de bus priv\u00e9s\u00a0: Le P\/APC d\u2019Annaba campe sur ses positions - La Sentinelle","robots":{"index":"index","follow":"follow","max-snippet":"max-snippet:-1","max-image-preview":"max-image-preview:large","max-video-preview":"max-video-preview:-1"},"canonical":"https:\/\/lasentinelle.dz\/index.php\/2022\/12\/13\/conflit-apc-transporteurs-de-bus-prives-le-p-apc-dannaba-campe-sur-ses-positions\/","og_locale":"fr_FR","og_type":"article","og_title":"Conflit APC\/Transporteurs de bus priv\u00e9s\u00a0: Le P\/APC d\u2019Annaba campe sur ses positions - La Sentinelle","og_description":"Selon une sourcedu bureau de wilaya des transporteurs \u00e0 Annaba , relevant de l\u2019uniong\u00e9n\u00e9rale des commer\u00e7ants et artisans alg\u00e9riens le","og_url":"https:\/\/lasentinelle.dz\/index.php\/2022\/12\/13\/conflit-apc-transporteurs-de-bus-prives-le-p-apc-dannaba-campe-sur-ses-positions\/","og_site_name":"La Sentinelle","article_publisher":"https:\/\/www.facebook.com\/La-Sentinelle-104059864394773","article_published_time":"2022-12-13T21:00:00+00:00","og_image":[{"width":1357,"height":900,"url":"https:\/\/lasentinelle.dz\/wp-content\/uploads\/2022\/12\/image_2022-12-13_170026412.png","type":"image\/png"}],"author":"La Sentinelle","twitter_card":"summary_large_image","twitter_misc":{"\u00c9crit par":"La Sentinelle","Dur\u00e9e de lecture estim\u00e9e":"3 minutes"},"schema":{"@context":"https:\/\/schema.org","@graph":[{"@type":"Article","@id":"https:\/\/lasentinelle.dz\/index.php\/2022\/12\/13\/conflit-apc-transporteurs-de-bus-prives-le-p-apc-dannaba-campe-sur-ses-positions\/#article","isPartOf":{"@id":"https:\/\/lasentinelle.dz\/index.php\/2022\/12\/13\/conflit-apc-transporteurs-de-bus-prives-le-p-apc-dannaba-campe-sur-ses-positions\/"},"author":{"name":"La Sentinelle","@id":"https:\/\/lasentinelle.dz\/#\/schema\/person\/d865044e22e70a75174ce8bcad3acfb3"},"headline":"Conflit APC\/Transporteurs de bus priv\u00e9s\u00a0: Le P\/APC d\u2019Annaba campe sur ses positions","datePublished":"2022-12-13T21:00:00+00:00","mainEntityOfPage":{"@id":"https:\/\/lasentinelle.dz\/index.php\/2022\/12\/13\/conflit-apc-transporteurs-de-bus-prives-le-p-apc-dannaba-campe-sur-ses-positions\/"},"wordCount":680,"commentCount":0,"publisher":{"@id":"https:\/\/lasentinelle.dz\/#organization"},"image":{"@id":"https:\/\/lasentinelle.dz\/index.php\/2022\/12\/13\/conflit-apc-transporteurs-de-bus-prives-le-p-apc-dannaba-campe-sur-ses-positions\/#primaryimage"},"thumbnailUrl":"https:\/\/lasentinelle.dz\/wp-content\/uploads\/2022\/12\/image_2022-12-13_170026412.png","articleSection":["R\u00e9gions"],"inLanguage":"fr-FR","potentialAction":[{"@type":"CommentAction","name":"Comment","target":["https:\/\/lasentinelle.dz\/index.php\/2022\/12\/13\/conflit-apc-transporteurs-de-bus-prives-le-p-apc-dannaba-campe-sur-ses-positions\/#respond"]}]},{"@type":"WebPage","@id":"https:\/\/lasentinelle.dz\/index.php\/2022\/12\/13\/conflit-apc-transporteurs-de-bus-prives-le-p-apc-dannaba-campe-sur-ses-positions\/","url":"https:\/\/lasentinelle.dz\/index.php\/2022\/12\/13\/conflit-apc-transporteurs-de-bus-prives-le-p-apc-dannaba-campe-sur-ses-positions\/","name":"Conflit APC\/Transporteurs de bus priv\u00e9s\u00a0: Le P\/APC d\u2019Annaba campe sur ses positions - La Sentinelle","isPartOf":{"@id":"https:\/\/lasentinelle.dz\/#website"},"primaryImageOfPage":{"@id":"https:\/\/lasentinelle.dz\/index.php\/2022\/12\/13\/conflit-apc-transporteurs-de-bus-prives-le-p-apc-dannaba-campe-sur-ses-positions\/#primaryimage"},"image":{"@id":"https:\/\/lasentinelle.dz\/index.php\/2022\/12\/13\/conflit-apc-transporteurs-de-bus-prives-le-p-apc-dannaba-campe-sur-ses-positions\/#primaryimage"},"thumbnailUrl":"https:\/\/lasentinelle.dz\/wp-content\/uploads\/2022\/12\/image_2022-12-13_170026412.png","datePublished":"2022-12-13T21:00:00+00:00","breadcrumb":{"@id":"https:\/\/lasentinelle.dz\/index.php\/2022\/12\/13\/conflit-apc-transporteurs-de-bus-prives-le-p-apc-dannaba-campe-sur-ses-positions\/#breadcrumb"},"inLanguage":"fr-FR","potentialAction":[{"@type":"ReadAction","target":["https:\/\/lasentinelle.dz\/index.php\/2022\/12\/13\/conflit-apc-transporteurs-de-bus-prives-le-p-apc-dannaba-campe-sur-ses-positions\/"]}]},{"@type":"ImageObject","inLanguage":"fr-FR","@id":"https:\/\/lasentinelle.dz\/index.php\/2022\/12\/13\/conflit-apc-transporteurs-de-bus-prives-le-p-apc-dannaba-campe-sur-ses-positions\/#primaryimage","url":"https:\/\/lasentinelle.dz\/wp-content\/uploads\/2022\/12\/image_2022-12-13_170026412.png","contentUrl":"https:\/\/lasentinelle.dz\/wp-content\/uploads\/2022\/12\/image_2022-12-13_170026412.png","width":1357,"height":900},{"@type":"BreadcrumbList","@id":"https:\/\/lasentinelle.dz\/index.php\/2022\/12\/13\/conflit-apc-transporteurs-de-bus-prives-le-p-apc-dannaba-campe-sur-ses-positions\/#breadcrumb","itemListElement":[{"@type":"ListItem","position":1,"name":"Accueil","item":"https:\/\/lasentinelle.dz\/"},{"@type":"ListItem","position":2,"name":"Conflit APC\/Transporteurs de bus priv\u00e9s\u00a0: Le P\/APC d\u2019Annaba campe sur ses positions"}]},{"@type":"WebSite","@id":"https:\/\/lasentinelle.dz\/#website","url":"https:\/\/lasentinelle.dz\/","name":"La Sentinelle","description":"Quotidien national d&#039;information","publisher":{"@id":"https:\/\/lasentinelle.dz\/#organization"},"potentialAction":[{"@type":"SearchAction","target":{"@type":"EntryPoint","urlTemplate":"https:\/\/lasentinelle.dz\/?s={search_term_string}"},"query-input":{"@type":"PropertyValueSpecification","valueRequired":true,"valueName":"search_term_string"}}],"inLanguage":"fr-FR"},{"@type":"Organization","@id":"https:\/\/lasentinelle.dz\/#organization","name":"Quotidien La Sentinelle","url":"https:\/\/lasentinelle.dz\/","logo":{"@type":"ImageObject","inLanguage":"fr-FR","@id":"https:\/\/lasentinelle.dz\/#\/schema\/logo\/image\/","url":"https:\/\/lasentinelle.dz\/wp-content\/uploads\/2021\/09\/logo-sentinelleSLOGAN-1.png","contentUrl":"https:\/\/lasentinelle.dz\/wp-content\/uploads\/2021\/09\/logo-sentinelleSLOGAN-1.png","width":615,"height":142,"caption":"Quotidien La Sentinelle"},"image":{"@id":"https:\/\/lasentinelle.dz\/#\/schema\/logo\/image\/"},"sameAs":["https:\/\/www.facebook.com\/La-Sentinelle-104059864394773"]},{"@type":"Person","@id":"https:\/\/lasentinelle.dz\/#\/schema\/person\/d865044e22e70a75174ce8bcad3acfb3","name":"La Sentinelle","image":{"@type":"ImageObject","inLanguage":"fr-FR","@id":"https:\/\/secure.gravatar.com\/avatar\/57de8e5d4b15d43fb361a71fbb36338450fe67865b528a43dd10ef7c51a20392?s=96&d=mm&r=g","url":"https:\/\/secure.gravatar.com\/avatar\/57de8e5d4b15d43fb361a71fbb36338450fe67865b528a43dd10ef7c51a20392?s=96&d=mm&r=g","contentUrl":"https:\/\/secure.gravatar.com\/avatar\/57de8e5d4b15d43fb361a71fbb36338450fe67865b528a43dd10ef7c51a20392?s=96&d=mm&r=g","caption":"La Sentinelle"},"sameAs":["http:\/\/www.lasentinelle.dz"],"url":"https:\/\/lasentinelle.dz\/author\/redaction\/"}]}},"_links":{"self":[{"href":"https:\/\/lasentinelle.dz\/index.php\/wp-json\/wp\/v2\/posts\/32540","targetHints":{"allow":["GET"]}}],"collection":[{"href":"https:\/\/lasentinelle.dz\/index.php\/wp-json\/wp\/v2\/posts"}],"about":[{"href":"https:\/\/lasentinelle.dz\/index.php\/wp-json\/wp\/v2\/types\/post"}],"author":[{"embeddable":true,"href":"https:\/\/lasentinelle.dz\/index.php\/wp-json\/wp\/v2\/users\/3"}],"replies":[{"embeddable":true,"href":"https:\/\/lasentinelle.dz\/index.php\/wp-json\/wp\/v2\/comments?post=32540"}],"version-history":[{"count":1,"href":"https:\/\/lasentinelle.dz\/index.php\/wp-json\/wp\/v2\/posts\/32540\/revisions"}],"predecessor-version":[{"id":32550,"href":"https:\/\/lasentinelle.dz\/index.php\/wp-json\/wp\/v2\/posts\/32540\/revisions\/32550"}],"wp:featuredmedia":[{"embeddable":true,"href":"https:\/\/lasentinelle.dz\/index.php\/wp-json\/wp\/v2\/media\/32549"}],"wp:attachment":[{"href":"https:\/\/lasentinelle.dz\/index.php\/wp-json\/wp\/v2\/media?parent=32540"}],"wp:term":[{"taxonomy":"category","embeddable":true,"href":"https:\/\/lasentinelle.dz\/index.php\/wp-json\/wp\/v2\/categories?post=32540"},{"taxonomy":"post_tag","embeddable":true,"href":"https:\/\/lasentinelle.dz\/index.php\/wp-json\/wp\/v2\/tags?post=32540"}],"curies":[{"name":"wp","href":"https:\/\/api.w.org\/{rel}","templated":true}]}}