{"id":32541,"date":"2022-12-13T22:00:00","date_gmt":"2022-12-13T21:00:00","guid":{"rendered":"https:\/\/lasentinelle.dz\/?p=32541"},"modified":"2022-12-13T16:59:38","modified_gmt":"2022-12-13T15:59:38","slug":"annaba-projet-de-services-publics-pour-la-nouvelle-ville","status":"publish","type":"post","link":"https:\/\/lasentinelle.dz\/index.php\/2022\/12\/13\/annaba-projet-de-services-publics-pour-la-nouvelle-ville\/","title":{"rendered":"Annaba\u00a0: Projet de services publics pour la nouvelle-ville"},"content":{"rendered":"\n<p>Apr\u00e8s plusieurs actions de protestation r\u00e9clamant l\u2019am\u00e9lioration de la couverture s\u00e9curitaireet sanitaire, les habitants du nouveau p\u00f4le urbain de Dra\u00e2 Errich verront bient\u00f4t voir leurs revendications prises en charge.<\/p>\n\n\n\n<p>La Direction du logement et des \u00e9quipements publics (DLEP) de la wilaya d\u2019Annaba a retenu la r\u00e9alisation de projets de services publics, tant revendiqu\u00e9s par les habitants de la nouvelle-ville de Draa Errich. Il s\u2019agit de la r\u00e9alisationd\u2019un nouveau commissariat de police et d\u2019une polyclinique. Deux projetsse trouvant jusqu\u2019\u00e0 la mise sous presse, sur les bureaux de ladite direction, apprend-on de source interne \u00e0 la DLEP. Ces projets d\u00e9di\u00e9sau service public seront r\u00e9alis\u00e9set mis en service au courant de l\u2019ann\u00e9e 2023, a pr\u00e9cis\u00e9 la m\u00eame source, en soulignant que les deux projets seront implant\u00e9s au niveau de la cit\u00e9 des 2500 logements AADL, \u00e0 l\u2019entr\u00e9e du p\u00f4le urbain. Pour l\u2019heure, les deux projets sont en phase de pr\u00e9paration pour lancer des appels d\u2019offres pr\u00e9vues pour le d\u00e9but 2023. Une op\u00e9ration devant permettre le choix de l\u2019organisme de suivi. La seconde phase consiste, nous dit-on, en undeuxi\u00e8meappel d\u2019offrespour la s\u00e9lection des entreprises qui se chargeront des travaux de r\u00e9alisation. En attendant l\u2019ach\u00e8vement de toutes les op\u00e9rations en rapport avec la r\u00e9alisation de ces deux projets, il est imp\u00e9ratif de souligner que le manque d\u2019infrastructures d\u00e9di\u00e9es au service publicau niveau du nouveau p\u00f4le urbain de Dra\u00e2 Errich \u00e9tait un v\u00e9ritable casse t\u00eate tant pour les habitants que pour les autorit\u00e9s locales de la wilaya d\u2019Annaba. Car, ce manque criard en ces infrastructures et bien d\u2019autres a, le plus souvent, suscit\u00e9 la col\u00e8re des habitants. Ces derniers multiplient,depuis plusieurs mois, lesactions de contestation pour revendiquer un minimum de services publics. Surtout si l\u2019on tient compte de lamultiplication des actes de vol et d\u2019agression, dont sont victimes les habitants des diff\u00e9rentes cit\u00e9s de la nouvelle-ville. Celle- qui compte plus de 8.000 habitants entre occupants de logements sociaux et AADL.Avec une couverture s\u00e9curitaire assur\u00e9e uniquement par les services de la Gendarmerie nationale. Ce corps de s\u00e9curit\u00e9 est pourtant d\u00e9ploy\u00e9 24h\/24h \u00e0 travers les diff\u00e9rentes cit\u00e9s et quartiers mais, il demeure impossible \u00e0 lui seul de couvrirde jour comme de nuit, cettenouvelle-ville en voie d\u2019extension et d\u2019urbanisation. Notons que cenouveau p\u00f4le urbain dispose d\u00e9j\u00e0 d\u2019un si\u00e8ge de commissariat de police. Ce dernier dont, les travauxachev\u00e9sen cette find\u2019 ann\u00e9e, tarde \u00e0 \u00eatre mis en service. Quant \u00e0 la couverture sanitaire, elle ne diff\u00e8re pas pour autant de la couverture s\u00e9curitaire. Puisque dot\u00e9e depuis plusieurs ann\u00e9esd\u2019une premi\u00e8re polyclinique, celle-ci n\u2019a \u00e9t\u00e9 inaugur\u00e9e que lors de la derni\u00e8re visite du ministre de la Sant\u00e9 \u00e0 Annaba ! Bien que demeurant insuffisante, la mise en service de l\u2019infrastructure sanitaire va att\u00e9nuer un tant soit peu les difficult\u00e9s des habitants, contraint de se d\u00e9placer \u00e0 Berrahal-centre pour les soins.<\/p>\n\n\n\n<p><strong>Sofia Chahine<\/strong><\/p>\n","protected":false},"excerpt":{"rendered":"<p>Apr\u00e8s plusieurs actions de protestation r\u00e9clamant l\u2019am\u00e9lioration de la couverture s\u00e9curitaireet sanitaire, les habitants du nouveau p\u00f4le urbain de Dra\u00e2<\/p>\n","protected":false},"author":3,"featured_media":32547,"comment_status":"open","ping_status":"closed","sticky":false,"template":"","format":"standard","meta":{"colormag_page_container_layout":"default_layout","colormag_page_sidebar_layout":"default_layout","om_disable_all_campaigns":false,"_monsterinsights_skip_tracking":false,"_monsterinsights_sitenote_active":false,"_monsterinsights_sitenote_note":"","_monsterinsights_sitenote_category":0,"footnotes":"","_wpscppro_dont_share_socialmedia":false,"_wpscppro_custom_social_share_image":0,"_facebook_share_type":"","_twitter_share_type":"","_linkedin_share_type":"","_pinterest_share_type":"","_linkedin_share_type_page":"","_instagram_share_type":"","_medium_share_type":"","_threads_share_type":"","_google_business_share_type":"","_selected_social_profile":[],"_wpsp_enable_custom_social_template":false,"_wpsp_social_scheduling":{"enabled":false,"datetime":null,"platforms":[],"status":"template_only","dateOption":"today","timeOption":"now","customDays":"","customHours":"","customDate":"","customTime":"","schedulingType":"absolute"},"_wpsp_active_default_template":true},"categories":[31],"tags":[],"class_list":["post-32541","post","type-post","status-publish","format-standard","has-post-thumbnail","hentry","category-regions"],"aioseo_notices":[],"yoast_head":"<!-- This site is optimized with the Yoast SEO plugin v27.5 - https:\/\/yoast.com\/product\/yoast-seo-wordpress\/ -->\n<title>Annaba\u00a0: Projet de services publics pour la nouvelle-ville - La Sentinelle<\/title>\n<meta name=\"robots\" content=\"index, follow, max-snippet:-1, max-image-preview:large, max-video-preview:-1\" \/>\n<link rel=\"canonical\" href=\"https:\/\/lasentinelle.dz\/index.php\/2022\/12\/13\/annaba-projet-de-services-publics-pour-la-nouvelle-ville\/\" \/>\n<meta property=\"og:locale\" content=\"fr_FR\" \/>\n<meta property=\"og:type\" content=\"article\" \/>\n<meta property=\"og:title\" content=\"Annaba\u00a0: Projet de services publics pour la nouvelle-ville - La Sentinelle\" \/>\n<meta property=\"og:description\" content=\"Apr\u00e8s plusieurs actions de protestation r\u00e9clamant l\u2019am\u00e9lioration de la couverture s\u00e9curitaireet sanitaire, les habitants du nouveau p\u00f4le urbain de Dra\u00e2\" \/>\n<meta property=\"og:url\" content=\"https:\/\/lasentinelle.dz\/index.php\/2022\/12\/13\/annaba-projet-de-services-publics-pour-la-nouvelle-ville\/\" \/>\n<meta property=\"og:site_name\" content=\"La Sentinelle\" \/>\n<meta property=\"article:publisher\" content=\"https:\/\/www.facebook.com\/La-Sentinelle-104059864394773\" \/>\n<meta property=\"article:published_time\" content=\"2022-12-13T21:00:00+00:00\" \/>\n<meta property=\"og:image\" content=\"https:\/\/lasentinelle.dz\/wp-content\/uploads\/2022\/12\/image_2022-12-13_165932224.png\" \/>\n\t<meta property=\"og:image:width\" content=\"299\" \/>\n\t<meta property=\"og:image:height\" content=\"169\" \/>\n\t<meta property=\"og:image:type\" content=\"image\/png\" \/>\n<meta name=\"author\" content=\"La Sentinelle\" \/>\n<meta name=\"twitter:card\" content=\"summary_large_image\" \/>\n<meta name=\"twitter:label1\" content=\"\u00c9crit par\" \/>\n\t<meta name=\"twitter:data1\" content=\"La Sentinelle\" \/>\n\t<meta name=\"twitter:label2\" content=\"Dur\u00e9e de lecture estim\u00e9e\" \/>\n\t<meta name=\"twitter:data2\" content=\"3 minutes\" \/>\n<script type=\"application\/ld+json\" class=\"yoast-schema-graph\">{\"@context\":\"https:\\\/\\\/schema.org\",\"@graph\":[{\"@type\":\"Article\",\"@id\":\"https:\\\/\\\/lasentinelle.dz\\\/index.php\\\/2022\\\/12\\\/13\\\/annaba-projet-de-services-publics-pour-la-nouvelle-ville\\\/#article\",\"isPartOf\":{\"@id\":\"https:\\\/\\\/lasentinelle.dz\\\/index.php\\\/2022\\\/12\\\/13\\\/annaba-projet-de-services-publics-pour-la-nouvelle-ville\\\/\"},\"author\":{\"name\":\"La Sentinelle\",\"@id\":\"https:\\\/\\\/lasentinelle.dz\\\/#\\\/schema\\\/person\\\/d865044e22e70a75174ce8bcad3acfb3\"},\"headline\":\"Annaba\u00a0: Projet de services publics pour la nouvelle-ville\",\"datePublished\":\"2022-12-13T21:00:00+00:00\",\"mainEntityOfPage\":{\"@id\":\"https:\\\/\\\/lasentinelle.dz\\\/index.php\\\/2022\\\/12\\\/13\\\/annaba-projet-de-services-publics-pour-la-nouvelle-ville\\\/\"},\"wordCount\":540,\"commentCount\":0,\"publisher\":{\"@id\":\"https:\\\/\\\/lasentinelle.dz\\\/#organization\"},\"image\":{\"@id\":\"https:\\\/\\\/lasentinelle.dz\\\/index.php\\\/2022\\\/12\\\/13\\\/annaba-projet-de-services-publics-pour-la-nouvelle-ville\\\/#primaryimage\"},\"thumbnailUrl\":\"https:\\\/\\\/lasentinelle.dz\\\/wp-content\\\/uploads\\\/2022\\\/12\\\/image_2022-12-13_165932224.png\",\"articleSection\":[\"R\u00e9gions\"],\"inLanguage\":\"fr-FR\",\"potentialAction\":[{\"@type\":\"CommentAction\",\"name\":\"Comment\",\"target\":[\"https:\\\/\\\/lasentinelle.dz\\\/index.php\\\/2022\\\/12\\\/13\\\/annaba-projet-de-services-publics-pour-la-nouvelle-ville\\\/#respond\"]}]},{\"@type\":\"WebPage\",\"@id\":\"https:\\\/\\\/lasentinelle.dz\\\/index.php\\\/2022\\\/12\\\/13\\\/annaba-projet-de-services-publics-pour-la-nouvelle-ville\\\/\",\"url\":\"https:\\\/\\\/lasentinelle.dz\\\/index.php\\\/2022\\\/12\\\/13\\\/annaba-projet-de-services-publics-pour-la-nouvelle-ville\\\/\",\"name\":\"Annaba\u00a0: Projet de services publics pour la nouvelle-ville - La Sentinelle\",\"isPartOf\":{\"@id\":\"https:\\\/\\\/lasentinelle.dz\\\/#website\"},\"primaryImageOfPage\":{\"@id\":\"https:\\\/\\\/lasentinelle.dz\\\/index.php\\\/2022\\\/12\\\/13\\\/annaba-projet-de-services-publics-pour-la-nouvelle-ville\\\/#primaryimage\"},\"image\":{\"@id\":\"https:\\\/\\\/lasentinelle.dz\\\/index.php\\\/2022\\\/12\\\/13\\\/annaba-projet-de-services-publics-pour-la-nouvelle-ville\\\/#primaryimage\"},\"thumbnailUrl\":\"https:\\\/\\\/lasentinelle.dz\\\/wp-content\\\/uploads\\\/2022\\\/12\\\/image_2022-12-13_165932224.png\",\"datePublished\":\"2022-12-13T21:00:00+00:00\",\"breadcrumb\":{\"@id\":\"https:\\\/\\\/lasentinelle.dz\\\/index.php\\\/2022\\\/12\\\/13\\\/annaba-projet-de-services-publics-pour-la-nouvelle-ville\\\/#breadcrumb\"},\"inLanguage\":\"fr-FR\",\"potentialAction\":[{\"@type\":\"ReadAction\",\"target\":[\"https:\\\/\\\/lasentinelle.dz\\\/index.php\\\/2022\\\/12\\\/13\\\/annaba-projet-de-services-publics-pour-la-nouvelle-ville\\\/\"]}]},{\"@type\":\"ImageObject\",\"inLanguage\":\"fr-FR\",\"@id\":\"https:\\\/\\\/lasentinelle.dz\\\/index.php\\\/2022\\\/12\\\/13\\\/annaba-projet-de-services-publics-pour-la-nouvelle-ville\\\/#primaryimage\",\"url\":\"https:\\\/\\\/lasentinelle.dz\\\/wp-content\\\/uploads\\\/2022\\\/12\\\/image_2022-12-13_165932224.png\",\"contentUrl\":\"https:\\\/\\\/lasentinelle.dz\\\/wp-content\\\/uploads\\\/2022\\\/12\\\/image_2022-12-13_165932224.png\",\"width\":299,\"height\":169},{\"@type\":\"BreadcrumbList\",\"@id\":\"https:\\\/\\\/lasentinelle.dz\\\/index.php\\\/2022\\\/12\\\/13\\\/annaba-projet-de-services-publics-pour-la-nouvelle-ville\\\/#breadcrumb\",\"itemListElement\":[{\"@type\":\"ListItem\",\"position\":1,\"name\":\"Accueil\",\"item\":\"https:\\\/\\\/lasentinelle.dz\\\/\"},{\"@type\":\"ListItem\",\"position\":2,\"name\":\"Annaba\u00a0: Projet de services publics pour la nouvelle-ville\"}]},{\"@type\":\"WebSite\",\"@id\":\"https:\\\/\\\/lasentinelle.dz\\\/#website\",\"url\":\"https:\\\/\\\/lasentinelle.dz\\\/\",\"name\":\"La Sentinelle\",\"description\":\"Quotidien national d&#039;information\",\"publisher\":{\"@id\":\"https:\\\/\\\/lasentinelle.dz\\\/#organization\"},\"potentialAction\":[{\"@type\":\"SearchAction\",\"target\":{\"@type\":\"EntryPoint\",\"urlTemplate\":\"https:\\\/\\\/lasentinelle.dz\\\/?s={search_term_string}\"},\"query-input\":{\"@type\":\"PropertyValueSpecification\",\"valueRequired\":true,\"valueName\":\"search_term_string\"}}],\"inLanguage\":\"fr-FR\"},{\"@type\":\"Organization\",\"@id\":\"https:\\\/\\\/lasentinelle.dz\\\/#organization\",\"name\":\"Quotidien La Sentinelle\",\"url\":\"https:\\\/\\\/lasentinelle.dz\\\/\",\"logo\":{\"@type\":\"ImageObject\",\"inLanguage\":\"fr-FR\",\"@id\":\"https:\\\/\\\/lasentinelle.dz\\\/#\\\/schema\\\/logo\\\/image\\\/\",\"url\":\"https:\\\/\\\/lasentinelle.dz\\\/wp-content\\\/uploads\\\/2021\\\/09\\\/logo-sentinelleSLOGAN-1.png\",\"contentUrl\":\"https:\\\/\\\/lasentinelle.dz\\\/wp-content\\\/uploads\\\/2021\\\/09\\\/logo-sentinelleSLOGAN-1.png\",\"width\":615,\"height\":142,\"caption\":\"Quotidien La Sentinelle\"},\"image\":{\"@id\":\"https:\\\/\\\/lasentinelle.dz\\\/#\\\/schema\\\/logo\\\/image\\\/\"},\"sameAs\":[\"https:\\\/\\\/www.facebook.com\\\/La-Sentinelle-104059864394773\"]},{\"@type\":\"Person\",\"@id\":\"https:\\\/\\\/lasentinelle.dz\\\/#\\\/schema\\\/person\\\/d865044e22e70a75174ce8bcad3acfb3\",\"name\":\"La Sentinelle\",\"image\":{\"@type\":\"ImageObject\",\"inLanguage\":\"fr-FR\",\"@id\":\"https:\\\/\\\/secure.gravatar.com\\\/avatar\\\/57de8e5d4b15d43fb361a71fbb36338450fe67865b528a43dd10ef7c51a20392?s=96&d=mm&r=g\",\"url\":\"https:\\\/\\\/secure.gravatar.com\\\/avatar\\\/57de8e5d4b15d43fb361a71fbb36338450fe67865b528a43dd10ef7c51a20392?s=96&d=mm&r=g\",\"contentUrl\":\"https:\\\/\\\/secure.gravatar.com\\\/avatar\\\/57de8e5d4b15d43fb361a71fbb36338450fe67865b528a43dd10ef7c51a20392?s=96&d=mm&r=g\",\"caption\":\"La Sentinelle\"},\"sameAs\":[\"http:\\\/\\\/www.lasentinelle.dz\"],\"url\":\"https:\\\/\\\/lasentinelle.dz\\\/author\\\/redaction\\\/\"}]}<\/script>\n<!-- \/ Yoast SEO plugin. -->","yoast_head_json":{"title":"Annaba\u00a0: Projet de services publics pour la nouvelle-ville - La Sentinelle","robots":{"index":"index","follow":"follow","max-snippet":"max-snippet:-1","max-image-preview":"max-image-preview:large","max-video-preview":"max-video-preview:-1"},"canonical":"https:\/\/lasentinelle.dz\/index.php\/2022\/12\/13\/annaba-projet-de-services-publics-pour-la-nouvelle-ville\/","og_locale":"fr_FR","og_type":"article","og_title":"Annaba\u00a0: Projet de services publics pour la nouvelle-ville - La Sentinelle","og_description":"Apr\u00e8s plusieurs actions de protestation r\u00e9clamant l\u2019am\u00e9lioration de la couverture s\u00e9curitaireet sanitaire, les habitants du nouveau p\u00f4le urbain de Dra\u00e2","og_url":"https:\/\/lasentinelle.dz\/index.php\/2022\/12\/13\/annaba-projet-de-services-publics-pour-la-nouvelle-ville\/","og_site_name":"La Sentinelle","article_publisher":"https:\/\/www.facebook.com\/La-Sentinelle-104059864394773","article_published_time":"2022-12-13T21:00:00+00:00","og_image":[{"width":299,"height":169,"url":"https:\/\/lasentinelle.dz\/wp-content\/uploads\/2022\/12\/image_2022-12-13_165932224.png","type":"image\/png"}],"author":"La Sentinelle","twitter_card":"summary_large_image","twitter_misc":{"\u00c9crit par":"La Sentinelle","Dur\u00e9e de lecture estim\u00e9e":"3 minutes"},"schema":{"@context":"https:\/\/schema.org","@graph":[{"@type":"Article","@id":"https:\/\/lasentinelle.dz\/index.php\/2022\/12\/13\/annaba-projet-de-services-publics-pour-la-nouvelle-ville\/#article","isPartOf":{"@id":"https:\/\/lasentinelle.dz\/index.php\/2022\/12\/13\/annaba-projet-de-services-publics-pour-la-nouvelle-ville\/"},"author":{"name":"La Sentinelle","@id":"https:\/\/lasentinelle.dz\/#\/schema\/person\/d865044e22e70a75174ce8bcad3acfb3"},"headline":"Annaba\u00a0: Projet de services publics pour la nouvelle-ville","datePublished":"2022-12-13T21:00:00+00:00","mainEntityOfPage":{"@id":"https:\/\/lasentinelle.dz\/index.php\/2022\/12\/13\/annaba-projet-de-services-publics-pour-la-nouvelle-ville\/"},"wordCount":540,"commentCount":0,"publisher":{"@id":"https:\/\/lasentinelle.dz\/#organization"},"image":{"@id":"https:\/\/lasentinelle.dz\/index.php\/2022\/12\/13\/annaba-projet-de-services-publics-pour-la-nouvelle-ville\/#primaryimage"},"thumbnailUrl":"https:\/\/lasentinelle.dz\/wp-content\/uploads\/2022\/12\/image_2022-12-13_165932224.png","articleSection":["R\u00e9gions"],"inLanguage":"fr-FR","potentialAction":[{"@type":"CommentAction","name":"Comment","target":["https:\/\/lasentinelle.dz\/index.php\/2022\/12\/13\/annaba-projet-de-services-publics-pour-la-nouvelle-ville\/#respond"]}]},{"@type":"WebPage","@id":"https:\/\/lasentinelle.dz\/index.php\/2022\/12\/13\/annaba-projet-de-services-publics-pour-la-nouvelle-ville\/","url":"https:\/\/lasentinelle.dz\/index.php\/2022\/12\/13\/annaba-projet-de-services-publics-pour-la-nouvelle-ville\/","name":"Annaba\u00a0: Projet de services publics pour la nouvelle-ville - La Sentinelle","isPartOf":{"@id":"https:\/\/lasentinelle.dz\/#website"},"primaryImageOfPage":{"@id":"https:\/\/lasentinelle.dz\/index.php\/2022\/12\/13\/annaba-projet-de-services-publics-pour-la-nouvelle-ville\/#primaryimage"},"image":{"@id":"https:\/\/lasentinelle.dz\/index.php\/2022\/12\/13\/annaba-projet-de-services-publics-pour-la-nouvelle-ville\/#primaryimage"},"thumbnailUrl":"https:\/\/lasentinelle.dz\/wp-content\/uploads\/2022\/12\/image_2022-12-13_165932224.png","datePublished":"2022-12-13T21:00:00+00:00","breadcrumb":{"@id":"https:\/\/lasentinelle.dz\/index.php\/2022\/12\/13\/annaba-projet-de-services-publics-pour-la-nouvelle-ville\/#breadcrumb"},"inLanguage":"fr-FR","potentialAction":[{"@type":"ReadAction","target":["https:\/\/lasentinelle.dz\/index.php\/2022\/12\/13\/annaba-projet-de-services-publics-pour-la-nouvelle-ville\/"]}]},{"@type":"ImageObject","inLanguage":"fr-FR","@id":"https:\/\/lasentinelle.dz\/index.php\/2022\/12\/13\/annaba-projet-de-services-publics-pour-la-nouvelle-ville\/#primaryimage","url":"https:\/\/lasentinelle.dz\/wp-content\/uploads\/2022\/12\/image_2022-12-13_165932224.png","contentUrl":"https:\/\/lasentinelle.dz\/wp-content\/uploads\/2022\/12\/image_2022-12-13_165932224.png","width":299,"height":169},{"@type":"BreadcrumbList","@id":"https:\/\/lasentinelle.dz\/index.php\/2022\/12\/13\/annaba-projet-de-services-publics-pour-la-nouvelle-ville\/#breadcrumb","itemListElement":[{"@type":"ListItem","position":1,"name":"Accueil","item":"https:\/\/lasentinelle.dz\/"},{"@type":"ListItem","position":2,"name":"Annaba\u00a0: Projet de services publics pour la nouvelle-ville"}]},{"@type":"WebSite","@id":"https:\/\/lasentinelle.dz\/#website","url":"https:\/\/lasentinelle.dz\/","name":"La Sentinelle","description":"Quotidien national d&#039;information","publisher":{"@id":"https:\/\/lasentinelle.dz\/#organization"},"potentialAction":[{"@type":"SearchAction","target":{"@type":"EntryPoint","urlTemplate":"https:\/\/lasentinelle.dz\/?s={search_term_string}"},"query-input":{"@type":"PropertyValueSpecification","valueRequired":true,"valueName":"search_term_string"}}],"inLanguage":"fr-FR"},{"@type":"Organization","@id":"https:\/\/lasentinelle.dz\/#organization","name":"Quotidien La Sentinelle","url":"https:\/\/lasentinelle.dz\/","logo":{"@type":"ImageObject","inLanguage":"fr-FR","@id":"https:\/\/lasentinelle.dz\/#\/schema\/logo\/image\/","url":"https:\/\/lasentinelle.dz\/wp-content\/uploads\/2021\/09\/logo-sentinelleSLOGAN-1.png","contentUrl":"https:\/\/lasentinelle.dz\/wp-content\/uploads\/2021\/09\/logo-sentinelleSLOGAN-1.png","width":615,"height":142,"caption":"Quotidien La Sentinelle"},"image":{"@id":"https:\/\/lasentinelle.dz\/#\/schema\/logo\/image\/"},"sameAs":["https:\/\/www.facebook.com\/La-Sentinelle-104059864394773"]},{"@type":"Person","@id":"https:\/\/lasentinelle.dz\/#\/schema\/person\/d865044e22e70a75174ce8bcad3acfb3","name":"La Sentinelle","image":{"@type":"ImageObject","inLanguage":"fr-FR","@id":"https:\/\/secure.gravatar.com\/avatar\/57de8e5d4b15d43fb361a71fbb36338450fe67865b528a43dd10ef7c51a20392?s=96&d=mm&r=g","url":"https:\/\/secure.gravatar.com\/avatar\/57de8e5d4b15d43fb361a71fbb36338450fe67865b528a43dd10ef7c51a20392?s=96&d=mm&r=g","contentUrl":"https:\/\/secure.gravatar.com\/avatar\/57de8e5d4b15d43fb361a71fbb36338450fe67865b528a43dd10ef7c51a20392?s=96&d=mm&r=g","caption":"La Sentinelle"},"sameAs":["http:\/\/www.lasentinelle.dz"],"url":"https:\/\/lasentinelle.dz\/author\/redaction\/"}]}},"_links":{"self":[{"href":"https:\/\/lasentinelle.dz\/index.php\/wp-json\/wp\/v2\/posts\/32541","targetHints":{"allow":["GET"]}}],"collection":[{"href":"https:\/\/lasentinelle.dz\/index.php\/wp-json\/wp\/v2\/posts"}],"about":[{"href":"https:\/\/lasentinelle.dz\/index.php\/wp-json\/wp\/v2\/types\/post"}],"author":[{"embeddable":true,"href":"https:\/\/lasentinelle.dz\/index.php\/wp-json\/wp\/v2\/users\/3"}],"replies":[{"embeddable":true,"href":"https:\/\/lasentinelle.dz\/index.php\/wp-json\/wp\/v2\/comments?post=32541"}],"version-history":[{"count":1,"href":"https:\/\/lasentinelle.dz\/index.php\/wp-json\/wp\/v2\/posts\/32541\/revisions"}],"predecessor-version":[{"id":32548,"href":"https:\/\/lasentinelle.dz\/index.php\/wp-json\/wp\/v2\/posts\/32541\/revisions\/32548"}],"wp:featuredmedia":[{"embeddable":true,"href":"https:\/\/lasentinelle.dz\/index.php\/wp-json\/wp\/v2\/media\/32547"}],"wp:attachment":[{"href":"https:\/\/lasentinelle.dz\/index.php\/wp-json\/wp\/v2\/media?parent=32541"}],"wp:term":[{"taxonomy":"category","embeddable":true,"href":"https:\/\/lasentinelle.dz\/index.php\/wp-json\/wp\/v2\/categories?post=32541"},{"taxonomy":"post_tag","embeddable":true,"href":"https:\/\/lasentinelle.dz\/index.php\/wp-json\/wp\/v2\/tags?post=32541"}],"curies":[{"name":"wp","href":"https:\/\/api.w.org\/{rel}","templated":true}]}}