{"id":3257,"date":"2021-08-03T00:01:00","date_gmt":"2021-08-02T23:01:00","guid":{"rendered":"https:\/\/lasentinelle.dz\/?p=3257"},"modified":"2021-08-02T18:09:02","modified_gmt":"2021-08-02T17:09:02","slug":"crise-sanitaire-le-patronat-plaide-pour-des-allegements-fiscaux","status":"publish","type":"post","link":"https:\/\/lasentinelle.dz\/index.php\/2021\/08\/03\/crise-sanitaire-le-patronat-plaide-pour-des-allegements-fiscaux\/","title":{"rendered":"Crise sanitaire : Le patronat plaide pour des all\u00e8gements fiscaux"},"content":{"rendered":"\n<p>La troisi\u00e8me vague de contaminations au coronavirus et les nouvelles mesures de pr\u00e9vention sanitaire mises en place dans ce sillage affecte de nouveau les op\u00e9rateurs \u00e9conomiques, lesquels demandent aujourd\u2019hui plus de soutien de la part des pouvoirs publics pour d\u00e9passer la crise.<\/p>\n\n\n\n<p>C\u2019est dans ce contexte que le pr\u00e9sident de la Conf\u00e9d\u00e9ration alg\u00e9rienne du patronat citoyen (CAPC), Sami Agli a appel\u00e9 hier \u00e0 des all\u00e8gements fiscaux. L&rsquo;importance de la stabilit\u00e9 et l&rsquo;am\u00e9lioration de l&rsquo;arsenal juridique encadrant l&rsquo;activit\u00e9 \u00e9conomique ainsi que l&rsquo;am\u00e9lioration du r\u00e9gime fiscal ont \u00e9t\u00e9 \u00e9voqu\u00e9s par le pr\u00e9sident de la CAPC hier sur les ondes de la Cha\u00eene I de la Radio alg\u00e9rienne. Celui-ci a estim\u00e9 hier qu\u2019un \u00ab&nbsp;encadrement juridique de l&rsquo;activit\u00e9 \u00e9conomique stable est tr\u00e8s important, car il attire les investissements nationaux comme les investissements \u00e9trangers&nbsp;\u00bb. Pour Sami Agli, \u00ab\u00a0les instructions duPremier ministre allant dans le sens d&rsquo;une stabilit\u00e9 juridique permettant de faire aboutir avec succ\u00e8s le nouveau plan de relance de l&rsquo;\u00e9conomie nationale est un signal et un message aux op\u00e9rateurs \u00e9conomiques de la disponibilit\u00e9 du gouvernement \u00e0 mettre \u00e0 leur disposition un climat des affaires propice\u00a0\u00bb.\u00a0\u00bbLes pratiques du pass\u00e9 faisant que les lois sont chang\u00e9es au bout de quelques mois ne doivent plus continuer\u00a0\u00bb, a insist\u00e9 le pr\u00e9sident de la CAPC. En effet, pour r\u00e9ussir \u00e0 passer \u00e0 une \u00e9conomie arrim\u00e9e aux derni\u00e8res \u00e9volutions, ajoute l&rsquo;orateur, la stabilit\u00e9 du cadre juridique est d&rsquo;une importance capitale car il est consid\u00e9r\u00e9 comme la base de l&rsquo;activit\u00e9 \u00e9conomique.&nbsp;<\/p>\n\n\n\n<p>Abordant les difficult\u00e9s impos\u00e9es par la crise sanitaire induite par l&rsquo;\u00e9mergence de la pand\u00e9mie du Covid 19, Sami Agli reconnait \u00ab\u00a0la complexit\u00e9 de la situation mais estime en contrepartie qu&rsquo;elle ne touche pas que l&rsquo;\u00e9conomie alg\u00e9rienne mais son impact est mondial\u00a0\u00bb. Tous les pays tentent de trouver des moyens de contourner les difficult\u00e9s. \u00ab\u00a0Aussi, prot\u00e9ger le tissu industriel national et&nbsp; l&rsquo;outil de travail sont nos priorit\u00e9s dans cette conjoncture qui ne diff\u00e8re de rien de la situation de guerre\u00a0\u00bb, estime-t-il. La protection de l&rsquo;\u00e9conomie passe d&rsquo;abord, explique-t-il, par la lev\u00e9e de tous les obstacles, la lutte contre les entraves bureaucratiques&nbsp; et permettre aussi aux op\u00e9rateurs de mobiliser leurs capacit\u00e9s financi\u00e8res.<\/p>\n\n\n\n<p>Au chapitre de la fiscalit\u00e9, le pr\u00e9sident de l\u2019organisation patronale a pr\u00e9conis\u00e9 au gouvernement d&rsquo;aller vers \u00ab\u00a0des all\u00e8gements fiscaux concrets\u00a0\u00bb car, estime-t-il, \u00ab\u00a0il n&rsquo;est pas possible de payer des imp\u00f4ts de fa\u00e7on ordinaire dans une conjoncture pas du tout ordinaire\u00a0\u00bb. Les deux exercices fiscaux pr\u00e9c\u00e9dents n\u00e9cessitent de r\u00e9els all\u00e9gements surtout les petites entreprises fortement touch\u00e9es et qui, rappelle-t-il, repr\u00e9sentent 95% du tissu \u00e9conomique national.&nbsp;<\/p>\n\n\n\n<p>Sur un autre chapitre, Sami Agli a estim\u00e9 que \u00ab\u00a0la d\u00e9p\u00e9nalisation de l&rsquo;acte de gestion fait partie de ce cadre juridique qui encadre l&rsquo;action \u00e9conomique&nbsp; qui repr\u00e9sente la priorit\u00e9 des priorit\u00e9s\u00a0\u00bb.&nbsp;<\/p>\n\n\n\n<p>Kamel Nait Ameur<\/p>\n","protected":false},"excerpt":{"rendered":"<p>La troisi\u00e8me vague de contaminations au coronavirus et les nouvelles mesures de pr\u00e9vention sanitaire mises en place dans ce sillage<\/p>\n","protected":false},"author":3,"featured_media":0,"comment_status":"open","ping_status":"closed","sticky":false,"template":"","format":"standard","meta":{"colormag_page_container_layout":"default_layout","colormag_page_sidebar_layout":"default_layout","om_disable_all_campaigns":false,"_monsterinsights_skip_tracking":false,"_monsterinsights_sitenote_active":false,"_monsterinsights_sitenote_note":"","_monsterinsights_sitenote_category":0,"footnotes":"","_wpscppro_dont_share_socialmedia":false,"_wpscppro_custom_social_share_image":0,"_facebook_share_type":"","_twitter_share_type":"","_linkedin_share_type":"","_pinterest_share_type":"","_linkedin_share_type_page":"","_instagram_share_type":"","_medium_share_type":"","_threads_share_type":"","_google_business_share_type":"","_selected_social_profile":[],"_wpsp_enable_custom_social_template":false,"_wpsp_social_scheduling":{"enabled":false,"datetime":null,"platforms":[],"status":"template_only","dateOption":"today","timeOption":"now","customDays":"","customHours":"","customDate":"","customTime":"","schedulingType":"absolute"},"_wpsp_active_default_template":true},"categories":[29],"tags":[],"class_list":["post-3257","post","type-post","status-publish","format-standard","hentry","category-economie"],"aioseo_notices":[],"yoast_head":"<!-- This site is optimized with the Yoast SEO plugin v27.5 - https:\/\/yoast.com\/product\/yoast-seo-wordpress\/ -->\n<title>Crise sanitaire : Le patronat plaide pour des all\u00e8gements fiscaux - La Sentinelle<\/title>\n<meta name=\"robots\" content=\"index, follow, max-snippet:-1, max-image-preview:large, max-video-preview:-1\" \/>\n<link rel=\"canonical\" href=\"https:\/\/lasentinelle.dz\/index.php\/2021\/08\/03\/crise-sanitaire-le-patronat-plaide-pour-des-allegements-fiscaux\/\" \/>\n<meta property=\"og:locale\" content=\"fr_FR\" \/>\n<meta property=\"og:type\" content=\"article\" \/>\n<meta property=\"og:title\" content=\"Crise sanitaire : Le patronat plaide pour des all\u00e8gements fiscaux - La Sentinelle\" \/>\n<meta property=\"og:description\" content=\"La troisi\u00e8me vague de contaminations au coronavirus et les nouvelles mesures de pr\u00e9vention sanitaire mises en place dans ce sillage\" \/>\n<meta property=\"og:url\" content=\"https:\/\/lasentinelle.dz\/index.php\/2021\/08\/03\/crise-sanitaire-le-patronat-plaide-pour-des-allegements-fiscaux\/\" \/>\n<meta property=\"og:site_name\" content=\"La Sentinelle\" \/>\n<meta property=\"article:publisher\" content=\"https:\/\/www.facebook.com\/La-Sentinelle-104059864394773\" \/>\n<meta property=\"article:published_time\" content=\"2021-08-02T23:01:00+00:00\" \/>\n<meta name=\"author\" content=\"La Sentinelle\" \/>\n<meta name=\"twitter:card\" content=\"summary_large_image\" \/>\n<meta name=\"twitter:label1\" content=\"\u00c9crit par\" \/>\n\t<meta name=\"twitter:data1\" content=\"La Sentinelle\" \/>\n\t<meta name=\"twitter:label2\" content=\"Dur\u00e9e de lecture estim\u00e9e\" \/>\n\t<meta name=\"twitter:data2\" content=\"2 minutes\" \/>\n<script type=\"application\/ld+json\" class=\"yoast-schema-graph\">{\"@context\":\"https:\\\/\\\/schema.org\",\"@graph\":[{\"@type\":\"Article\",\"@id\":\"https:\\\/\\\/lasentinelle.dz\\\/index.php\\\/2021\\\/08\\\/03\\\/crise-sanitaire-le-patronat-plaide-pour-des-allegements-fiscaux\\\/#article\",\"isPartOf\":{\"@id\":\"https:\\\/\\\/lasentinelle.dz\\\/index.php\\\/2021\\\/08\\\/03\\\/crise-sanitaire-le-patronat-plaide-pour-des-allegements-fiscaux\\\/\"},\"author\":{\"name\":\"La Sentinelle\",\"@id\":\"https:\\\/\\\/lasentinelle.dz\\\/#\\\/schema\\\/person\\\/d865044e22e70a75174ce8bcad3acfb3\"},\"headline\":\"Crise sanitaire : Le patronat plaide pour des all\u00e8gements fiscaux\",\"datePublished\":\"2021-08-02T23:01:00+00:00\",\"mainEntityOfPage\":{\"@id\":\"https:\\\/\\\/lasentinelle.dz\\\/index.php\\\/2021\\\/08\\\/03\\\/crise-sanitaire-le-patronat-plaide-pour-des-allegements-fiscaux\\\/\"},\"wordCount\":538,\"commentCount\":0,\"publisher\":{\"@id\":\"https:\\\/\\\/lasentinelle.dz\\\/#organization\"},\"articleSection\":[\"\u00c9conomie\"],\"inLanguage\":\"fr-FR\",\"potentialAction\":[{\"@type\":\"CommentAction\",\"name\":\"Comment\",\"target\":[\"https:\\\/\\\/lasentinelle.dz\\\/index.php\\\/2021\\\/08\\\/03\\\/crise-sanitaire-le-patronat-plaide-pour-des-allegements-fiscaux\\\/#respond\"]}]},{\"@type\":\"WebPage\",\"@id\":\"https:\\\/\\\/lasentinelle.dz\\\/index.php\\\/2021\\\/08\\\/03\\\/crise-sanitaire-le-patronat-plaide-pour-des-allegements-fiscaux\\\/\",\"url\":\"https:\\\/\\\/lasentinelle.dz\\\/index.php\\\/2021\\\/08\\\/03\\\/crise-sanitaire-le-patronat-plaide-pour-des-allegements-fiscaux\\\/\",\"name\":\"Crise sanitaire : Le patronat plaide pour des all\u00e8gements fiscaux - La Sentinelle\",\"isPartOf\":{\"@id\":\"https:\\\/\\\/lasentinelle.dz\\\/#website\"},\"datePublished\":\"2021-08-02T23:01:00+00:00\",\"breadcrumb\":{\"@id\":\"https:\\\/\\\/lasentinelle.dz\\\/index.php\\\/2021\\\/08\\\/03\\\/crise-sanitaire-le-patronat-plaide-pour-des-allegements-fiscaux\\\/#breadcrumb\"},\"inLanguage\":\"fr-FR\",\"potentialAction\":[{\"@type\":\"ReadAction\",\"target\":[\"https:\\\/\\\/lasentinelle.dz\\\/index.php\\\/2021\\\/08\\\/03\\\/crise-sanitaire-le-patronat-plaide-pour-des-allegements-fiscaux\\\/\"]}]},{\"@type\":\"BreadcrumbList\",\"@id\":\"https:\\\/\\\/lasentinelle.dz\\\/index.php\\\/2021\\\/08\\\/03\\\/crise-sanitaire-le-patronat-plaide-pour-des-allegements-fiscaux\\\/#breadcrumb\",\"itemListElement\":[{\"@type\":\"ListItem\",\"position\":1,\"name\":\"Accueil\",\"item\":\"https:\\\/\\\/lasentinelle.dz\\\/\"},{\"@type\":\"ListItem\",\"position\":2,\"name\":\"Crise sanitaire : Le patronat plaide pour des all\u00e8gements fiscaux\"}]},{\"@type\":\"WebSite\",\"@id\":\"https:\\\/\\\/lasentinelle.dz\\\/#website\",\"url\":\"https:\\\/\\\/lasentinelle.dz\\\/\",\"name\":\"La Sentinelle\",\"description\":\"Quotidien national d&#039;information\",\"publisher\":{\"@id\":\"https:\\\/\\\/lasentinelle.dz\\\/#organization\"},\"potentialAction\":[{\"@type\":\"SearchAction\",\"target\":{\"@type\":\"EntryPoint\",\"urlTemplate\":\"https:\\\/\\\/lasentinelle.dz\\\/?s={search_term_string}\"},\"query-input\":{\"@type\":\"PropertyValueSpecification\",\"valueRequired\":true,\"valueName\":\"search_term_string\"}}],\"inLanguage\":\"fr-FR\"},{\"@type\":\"Organization\",\"@id\":\"https:\\\/\\\/lasentinelle.dz\\\/#organization\",\"name\":\"Quotidien La Sentinelle\",\"url\":\"https:\\\/\\\/lasentinelle.dz\\\/\",\"logo\":{\"@type\":\"ImageObject\",\"inLanguage\":\"fr-FR\",\"@id\":\"https:\\\/\\\/lasentinelle.dz\\\/#\\\/schema\\\/logo\\\/image\\\/\",\"url\":\"https:\\\/\\\/lasentinelle.dz\\\/wp-content\\\/uploads\\\/2021\\\/09\\\/logo-sentinelleSLOGAN-1.png\",\"contentUrl\":\"https:\\\/\\\/lasentinelle.dz\\\/wp-content\\\/uploads\\\/2021\\\/09\\\/logo-sentinelleSLOGAN-1.png\",\"width\":615,\"height\":142,\"caption\":\"Quotidien La Sentinelle\"},\"image\":{\"@id\":\"https:\\\/\\\/lasentinelle.dz\\\/#\\\/schema\\\/logo\\\/image\\\/\"},\"sameAs\":[\"https:\\\/\\\/www.facebook.com\\\/La-Sentinelle-104059864394773\"]},{\"@type\":\"Person\",\"@id\":\"https:\\\/\\\/lasentinelle.dz\\\/#\\\/schema\\\/person\\\/d865044e22e70a75174ce8bcad3acfb3\",\"name\":\"La Sentinelle\",\"image\":{\"@type\":\"ImageObject\",\"inLanguage\":\"fr-FR\",\"@id\":\"https:\\\/\\\/secure.gravatar.com\\\/avatar\\\/57de8e5d4b15d43fb361a71fbb36338450fe67865b528a43dd10ef7c51a20392?s=96&d=mm&r=g\",\"url\":\"https:\\\/\\\/secure.gravatar.com\\\/avatar\\\/57de8e5d4b15d43fb361a71fbb36338450fe67865b528a43dd10ef7c51a20392?s=96&d=mm&r=g\",\"contentUrl\":\"https:\\\/\\\/secure.gravatar.com\\\/avatar\\\/57de8e5d4b15d43fb361a71fbb36338450fe67865b528a43dd10ef7c51a20392?s=96&d=mm&r=g\",\"caption\":\"La Sentinelle\"},\"sameAs\":[\"http:\\\/\\\/www.lasentinelle.dz\"],\"url\":\"https:\\\/\\\/lasentinelle.dz\\\/author\\\/redaction\\\/\"}]}<\/script>\n<!-- \/ Yoast SEO plugin. -->","yoast_head_json":{"title":"Crise sanitaire : Le patronat plaide pour des all\u00e8gements fiscaux - La Sentinelle","robots":{"index":"index","follow":"follow","max-snippet":"max-snippet:-1","max-image-preview":"max-image-preview:large","max-video-preview":"max-video-preview:-1"},"canonical":"https:\/\/lasentinelle.dz\/index.php\/2021\/08\/03\/crise-sanitaire-le-patronat-plaide-pour-des-allegements-fiscaux\/","og_locale":"fr_FR","og_type":"article","og_title":"Crise sanitaire : Le patronat plaide pour des all\u00e8gements fiscaux - La Sentinelle","og_description":"La troisi\u00e8me vague de contaminations au coronavirus et les nouvelles mesures de pr\u00e9vention sanitaire mises en place dans ce sillage","og_url":"https:\/\/lasentinelle.dz\/index.php\/2021\/08\/03\/crise-sanitaire-le-patronat-plaide-pour-des-allegements-fiscaux\/","og_site_name":"La Sentinelle","article_publisher":"https:\/\/www.facebook.com\/La-Sentinelle-104059864394773","article_published_time":"2021-08-02T23:01:00+00:00","author":"La Sentinelle","twitter_card":"summary_large_image","twitter_misc":{"\u00c9crit par":"La Sentinelle","Dur\u00e9e de lecture estim\u00e9e":"2 minutes"},"schema":{"@context":"https:\/\/schema.org","@graph":[{"@type":"Article","@id":"https:\/\/lasentinelle.dz\/index.php\/2021\/08\/03\/crise-sanitaire-le-patronat-plaide-pour-des-allegements-fiscaux\/#article","isPartOf":{"@id":"https:\/\/lasentinelle.dz\/index.php\/2021\/08\/03\/crise-sanitaire-le-patronat-plaide-pour-des-allegements-fiscaux\/"},"author":{"name":"La Sentinelle","@id":"https:\/\/lasentinelle.dz\/#\/schema\/person\/d865044e22e70a75174ce8bcad3acfb3"},"headline":"Crise sanitaire : Le patronat plaide pour des all\u00e8gements fiscaux","datePublished":"2021-08-02T23:01:00+00:00","mainEntityOfPage":{"@id":"https:\/\/lasentinelle.dz\/index.php\/2021\/08\/03\/crise-sanitaire-le-patronat-plaide-pour-des-allegements-fiscaux\/"},"wordCount":538,"commentCount":0,"publisher":{"@id":"https:\/\/lasentinelle.dz\/#organization"},"articleSection":["\u00c9conomie"],"inLanguage":"fr-FR","potentialAction":[{"@type":"CommentAction","name":"Comment","target":["https:\/\/lasentinelle.dz\/index.php\/2021\/08\/03\/crise-sanitaire-le-patronat-plaide-pour-des-allegements-fiscaux\/#respond"]}]},{"@type":"WebPage","@id":"https:\/\/lasentinelle.dz\/index.php\/2021\/08\/03\/crise-sanitaire-le-patronat-plaide-pour-des-allegements-fiscaux\/","url":"https:\/\/lasentinelle.dz\/index.php\/2021\/08\/03\/crise-sanitaire-le-patronat-plaide-pour-des-allegements-fiscaux\/","name":"Crise sanitaire : Le patronat plaide pour des all\u00e8gements fiscaux - La Sentinelle","isPartOf":{"@id":"https:\/\/lasentinelle.dz\/#website"},"datePublished":"2021-08-02T23:01:00+00:00","breadcrumb":{"@id":"https:\/\/lasentinelle.dz\/index.php\/2021\/08\/03\/crise-sanitaire-le-patronat-plaide-pour-des-allegements-fiscaux\/#breadcrumb"},"inLanguage":"fr-FR","potentialAction":[{"@type":"ReadAction","target":["https:\/\/lasentinelle.dz\/index.php\/2021\/08\/03\/crise-sanitaire-le-patronat-plaide-pour-des-allegements-fiscaux\/"]}]},{"@type":"BreadcrumbList","@id":"https:\/\/lasentinelle.dz\/index.php\/2021\/08\/03\/crise-sanitaire-le-patronat-plaide-pour-des-allegements-fiscaux\/#breadcrumb","itemListElement":[{"@type":"ListItem","position":1,"name":"Accueil","item":"https:\/\/lasentinelle.dz\/"},{"@type":"ListItem","position":2,"name":"Crise sanitaire : Le patronat plaide pour des all\u00e8gements fiscaux"}]},{"@type":"WebSite","@id":"https:\/\/lasentinelle.dz\/#website","url":"https:\/\/lasentinelle.dz\/","name":"La Sentinelle","description":"Quotidien national d&#039;information","publisher":{"@id":"https:\/\/lasentinelle.dz\/#organization"},"potentialAction":[{"@type":"SearchAction","target":{"@type":"EntryPoint","urlTemplate":"https:\/\/lasentinelle.dz\/?s={search_term_string}"},"query-input":{"@type":"PropertyValueSpecification","valueRequired":true,"valueName":"search_term_string"}}],"inLanguage":"fr-FR"},{"@type":"Organization","@id":"https:\/\/lasentinelle.dz\/#organization","name":"Quotidien La Sentinelle","url":"https:\/\/lasentinelle.dz\/","logo":{"@type":"ImageObject","inLanguage":"fr-FR","@id":"https:\/\/lasentinelle.dz\/#\/schema\/logo\/image\/","url":"https:\/\/lasentinelle.dz\/wp-content\/uploads\/2021\/09\/logo-sentinelleSLOGAN-1.png","contentUrl":"https:\/\/lasentinelle.dz\/wp-content\/uploads\/2021\/09\/logo-sentinelleSLOGAN-1.png","width":615,"height":142,"caption":"Quotidien La Sentinelle"},"image":{"@id":"https:\/\/lasentinelle.dz\/#\/schema\/logo\/image\/"},"sameAs":["https:\/\/www.facebook.com\/La-Sentinelle-104059864394773"]},{"@type":"Person","@id":"https:\/\/lasentinelle.dz\/#\/schema\/person\/d865044e22e70a75174ce8bcad3acfb3","name":"La Sentinelle","image":{"@type":"ImageObject","inLanguage":"fr-FR","@id":"https:\/\/secure.gravatar.com\/avatar\/57de8e5d4b15d43fb361a71fbb36338450fe67865b528a43dd10ef7c51a20392?s=96&d=mm&r=g","url":"https:\/\/secure.gravatar.com\/avatar\/57de8e5d4b15d43fb361a71fbb36338450fe67865b528a43dd10ef7c51a20392?s=96&d=mm&r=g","contentUrl":"https:\/\/secure.gravatar.com\/avatar\/57de8e5d4b15d43fb361a71fbb36338450fe67865b528a43dd10ef7c51a20392?s=96&d=mm&r=g","caption":"La Sentinelle"},"sameAs":["http:\/\/www.lasentinelle.dz"],"url":"https:\/\/lasentinelle.dz\/author\/redaction\/"}]}},"_links":{"self":[{"href":"https:\/\/lasentinelle.dz\/index.php\/wp-json\/wp\/v2\/posts\/3257","targetHints":{"allow":["GET"]}}],"collection":[{"href":"https:\/\/lasentinelle.dz\/index.php\/wp-json\/wp\/v2\/posts"}],"about":[{"href":"https:\/\/lasentinelle.dz\/index.php\/wp-json\/wp\/v2\/types\/post"}],"author":[{"embeddable":true,"href":"https:\/\/lasentinelle.dz\/index.php\/wp-json\/wp\/v2\/users\/3"}],"replies":[{"embeddable":true,"href":"https:\/\/lasentinelle.dz\/index.php\/wp-json\/wp\/v2\/comments?post=3257"}],"version-history":[{"count":1,"href":"https:\/\/lasentinelle.dz\/index.php\/wp-json\/wp\/v2\/posts\/3257\/revisions"}],"predecessor-version":[{"id":3275,"href":"https:\/\/lasentinelle.dz\/index.php\/wp-json\/wp\/v2\/posts\/3257\/revisions\/3275"}],"wp:attachment":[{"href":"https:\/\/lasentinelle.dz\/index.php\/wp-json\/wp\/v2\/media?parent=3257"}],"wp:term":[{"taxonomy":"category","embeddable":true,"href":"https:\/\/lasentinelle.dz\/index.php\/wp-json\/wp\/v2\/categories?post=3257"},{"taxonomy":"post_tag","embeddable":true,"href":"https:\/\/lasentinelle.dz\/index.php\/wp-json\/wp\/v2\/tags?post=3257"}],"curies":[{"name":"wp","href":"https:\/\/api.w.org\/{rel}","templated":true}]}}