{"id":32625,"date":"2022-12-14T22:10:00","date_gmt":"2022-12-14T21:10:00","guid":{"rendered":"https:\/\/lasentinelle.dz\/?p=32625"},"modified":"2022-12-14T19:55:54","modified_gmt":"2022-12-14T18:55:54","slug":"benabderrahmane-prend-part-au-sommet-usa-afrique-le-message-aux-businessmen-americains","status":"publish","type":"post","link":"https:\/\/lasentinelle.dz\/index.php\/2022\/12\/14\/benabderrahmane-prend-part-au-sommet-usa-afrique-le-message-aux-businessmen-americains\/","title":{"rendered":"Benabderrahmane prend part au Sommet USA-Afrique\u00a0: Le message aux businessmen am\u00e9ricains"},"content":{"rendered":"\n<p>L\u2019objectif \u00e0 est notamment de dire aux Am\u00e9ricains que l\u2019Alg\u00e9rie avait chang\u00e9 et que les entreprises am\u00e9ricaines y \u00e9taient les bienvenues.&nbsp;<\/p>\n\n\n\n<p>D\u00e8s son arriv\u00e9e lundi soir \u00e0 Washington DC, capitale f\u00e9d\u00e9rale am\u00e9ricaine, pour prendre part \u00e0 la seconde \u00e9dition du sommet Etats-Unis-Afrique en qualit\u00e9 de repr\u00e9sentant du Pr\u00e9sident Abdelmadjid Tebboune, le Premier ministre, A\u00efmene Benabderrahmane, n\u2019a pas ch\u00f4m\u00e9. Il a eu au contraire une intense activit\u00e9. Le responsable a en effet saisi l\u2019opportunit\u00e9 offerte par l\u2019\u00e9v\u00e9nement pour s\u2019entretenir avec des responsables politiques et des businessmen am\u00e9ricains. L\u2019objectif \u00e0 travers ces rencontres \u00e9tait notamment de dire aux Am\u00e9ricains que l\u2019Alg\u00e9rie avait chang\u00e9 et que les entreprises am\u00e9ricaines y \u00e9taient les bienvenues.&nbsp;<\/p>\n\n\n\n<p>A\u00efmene Benabderrahmane a ainsi re\u00e7u le pr\u00e9sident ex\u00e9cutif de la strat\u00e9gie dans la soci\u00e9t\u00e9 Hecate Energy, David Wilhelm, avec qui il a \u00e9voqu\u00e9 l&rsquo;\u00e9norme potentiel de l&rsquo;Alg\u00e9rie dans le domaine des \u00e9nergies renouvelables et les plans du gouvernement pour d\u00e9velopper ce secteur dans les prochaines ann\u00e9es en b\u00e9n\u00e9ficiant de l&rsquo;expertise et de l&rsquo;exp\u00e9rience des entreprises am\u00e9ricaines et de ses nouvelles techniques en la mati\u00e8re. Le Premier ministre a \u00e9galement re\u00e7u le chef de la branche Exploration et Production de la soci\u00e9t\u00e9 Chevron pour le Moyen-Orient, l&rsquo;Afrique du Nord et l&rsquo;Am\u00e9rique du Sud, M. Clay Neff, avec qui il a pass\u00e9 en revue les projets de coop\u00e9ration entre les deux pays dans le domaine de l&rsquo;\u00e9nergie et du partenariat et les mod\u00e8les d&rsquo;investissement que les deux parties aspirent \u00e0 concr\u00e9tiser.<\/p>\n\n\n\n<p><strong>Volont\u00e9 politique de l\u2019Alg\u00e9rie<\/strong><\/p>\n\n\n\n<p>Les rencontres qui se sont d\u00e9roul\u00e9es en pr\u00e9sence de membres du Conseil d&rsquo;Affaires alg\u00e9ro-am\u00e9ricain, a permis de passer en revue les opportunit\u00e9s d&rsquo;investissement en Alg\u00e9rie, notamment dans le cadre de la nouvelle loi sur l&rsquo;investissement qui se veut une base solide \u00e0 m\u00eame de diversifier l&rsquo;\u00e9conomie nationale et attirer les investissements \u00e9trangers g\u00e9n\u00e9rateurs de richesse et d&#8217;emplois. Le Premier ministre a tenu, lors de ses rencontres avec les op\u00e9rateurs \u00e9conomiques am\u00e9ricains, \u00e0 mettre en exergue l&rsquo;attractivit\u00e9 de l&rsquo;investissement et le nouveau climat d&rsquo;affaires en Alg\u00e9rie ainsi que les avantages offerts. A l\u2019occasion, la volont\u00e9 politique des autorit\u00e9s du pays de lib\u00e9rer l&rsquo;initiative et d&rsquo;encourager l&rsquo;entrepreneuriat en vue de diversifier l&rsquo;\u00e9conomie nationale hors hydrocarbures a \u00e9t\u00e9 mise en exergue.<\/p>\n\n\n\n<p>S\u2019agissant des questions politiques, M. Benabderrahmane s\u2019est entretenu avec le s\u00e9nateur am\u00e9ricain Troy Nehls. La rencontre a permis d&rsquo;\u00e9voquer les relations alg\u00e9ro-am\u00e9ricaines et les moyens de les renforcer dans divers domaines \u00e9conomiques, notamment \u00e0 travers l&rsquo;intensification de la coordination et la concertation entre les deux pays. Au terme des travaux du premier jour du Sommet Etats-Unis-Afrique, le Premier ministre a pris part \u00e0 un d\u00eener organis\u00e9 par la pr\u00e9sidente de la Chambre des repr\u00e9sentants, Nancy Pelosi en l&rsquo;honneur des chefs d&rsquo;Etat et de gouvernement participant \u00e0 cet \u00e9v\u00e8nement, et ce en pr\u00e9sence de membres du Congr\u00e8s et de la Chambre des repr\u00e9sentants.<\/p>\n\n\n\n<p>Pour ce qui est des travaux du sommet Etats-Unis-Afrique auquel participent pr\u00e8s d\u2019une cinquantaine de chefs d\u2019Etat et de gouvernement, il a beaucoup \u00e9t\u00e9 question de s\u00e9curit\u00e9 et de la pr\u00e9sence sur le continent de la Chine et de la Russie. Le sommet a \u00e9t\u00e9 aussi l&rsquo;occasion d&rsquo;aborder une s\u00e9rie de conflits. A l\u2019occasion, des responsables am\u00e9ricains se sont entretenus avec le pr\u00e9sident somalien Hassan Cheikh Mohamoud, saluant son action dans la lutte contre les islamistes radicaux shebab. Ce dernier a cependant relev\u00e9 que \u00ables shebab ne peuvent pas \u00eatre d\u00e9faits que militairement. Il est important aussi de mobiliser la soci\u00e9t\u00e9\u00bb. Son appel fut entendu puisque les \u00c9tats-Unis ont annonc\u00e9 une nouvelle aide humanitaire d&rsquo;environ 411 millions de dollars pour la Somalie, menac\u00e9e par la famine en raison d&rsquo;une s\u00e9cheresse qui perdure.<\/p>\n\n\n\n<p><strong>Repositionnement am\u00e9ricain<\/strong><\/p>\n\n\n\n<p>Dans leur offensive de charme pour s\u00e9duire des partenaires africains, les \u00c9tats-Unis ont mis la main au portefeuille, promettant de consacrer \u00ab55 milliards de dollars \u00e0 l&rsquo;Afrique sur trois ans\u00bb. Le premier jour du sommet a \u00e9galement abord\u00e9 le sujet de l&rsquo;exploration de l&rsquo;espace avec la signature par le Nigeria et le Rwanda des accords Artemis sous l&rsquo;impulsion des \u00c9tats-Unis. Il s&rsquo;agit des premiers pays africains \u00e0 le faire.Le pr\u00e9sident Biden qui entend clairement mettre \u00e0 profit ce rendez-vous pour repositionner son pays sur le continent doit intervenir aujourd\u2019hui devant le sommet. Il y plaidera notamment en faveur d&rsquo;un r\u00f4le accru pour l&rsquo;Afrique sur la sc\u00e8ne internationale, avec un si\u00e8ge au Conseil de s\u00e9curit\u00e9 de l&rsquo;ONU, et pour que l&rsquo;Union africaine soit formellement repr\u00e9sent\u00e9e au G20. Lors d&rsquo;un forum organis\u00e9 mardi en marge du sommet avec la diaspora africaine aux \u00c9tats-Unis, le chef de la diplomatie am\u00e9ricaine Antony Blinken a assur\u00e9 que la nouvelle strat\u00e9gie des \u00c9tats-Unis se r\u00e9sumait \u00e0 un seul mot: \u00abPartenariat\u00bb. Le tout, \u00aben reconnaissant que nous ne pouvons pas r\u00e9gler seuls nos priorit\u00e9s partag\u00e9es\u00bb, a-t-il dit. Les \u00c9tats-Unis se gardent cependant de parler d&rsquo;une comp\u00e9tition ouverte avec la Chine sur le continent.<\/p>\n\n\n\n<p><strong>Khider Larbi<\/strong><\/p>\n","protected":false},"excerpt":{"rendered":"<p>L\u2019objectif \u00e0 est notamment de dire aux Am\u00e9ricains que l\u2019Alg\u00e9rie avait chang\u00e9 et que les entreprises am\u00e9ricaines y \u00e9taient les<\/p>\n","protected":false},"author":3,"featured_media":32637,"comment_status":"open","ping_status":"closed","sticky":false,"template":"","format":"standard","meta":{"colormag_page_container_layout":"default_layout","colormag_page_sidebar_layout":"default_layout","om_disable_all_campaigns":false,"_monsterinsights_skip_tracking":false,"_monsterinsights_sitenote_active":false,"_monsterinsights_sitenote_note":"","_monsterinsights_sitenote_category":0,"footnotes":"","_wpscppro_dont_share_socialmedia":false,"_wpscppro_custom_social_share_image":0,"_facebook_share_type":"","_twitter_share_type":"","_linkedin_share_type":"","_pinterest_share_type":"","_linkedin_share_type_page":"","_instagram_share_type":"","_medium_share_type":"","_threads_share_type":"","_google_business_share_type":"","_selected_social_profile":[],"_wpsp_enable_custom_social_template":false,"_wpsp_social_scheduling":{"enabled":false,"datetime":null,"platforms":[],"status":"template_only","dateOption":"today","timeOption":"now","customDays":"","customHours":"","customDate":"","customTime":"","schedulingType":"absolute"},"_wpsp_active_default_template":true},"categories":[52,27],"tags":[],"class_list":["post-32625","post","type-post","status-publish","format-standard","has-post-thumbnail","hentry","category-a-la-une","category-actualite"],"aioseo_notices":[],"yoast_head":"<!-- This site is optimized with the Yoast SEO plugin v27.5 - https:\/\/yoast.com\/product\/yoast-seo-wordpress\/ -->\n<title>Benabderrahmane prend part au Sommet USA-Afrique\u00a0: Le message aux businessmen am\u00e9ricains - La Sentinelle<\/title>\n<meta name=\"robots\" content=\"index, follow, max-snippet:-1, max-image-preview:large, max-video-preview:-1\" \/>\n<link rel=\"canonical\" href=\"https:\/\/lasentinelle.dz\/index.php\/2022\/12\/14\/benabderrahmane-prend-part-au-sommet-usa-afrique-le-message-aux-businessmen-americains\/\" \/>\n<meta property=\"og:locale\" content=\"fr_FR\" \/>\n<meta property=\"og:type\" content=\"article\" \/>\n<meta property=\"og:title\" content=\"Benabderrahmane prend part au Sommet USA-Afrique\u00a0: Le message aux businessmen am\u00e9ricains - La Sentinelle\" \/>\n<meta property=\"og:description\" content=\"L\u2019objectif \u00e0 est notamment de dire aux Am\u00e9ricains que l\u2019Alg\u00e9rie avait chang\u00e9 et que les entreprises am\u00e9ricaines y \u00e9taient les\" \/>\n<meta property=\"og:url\" content=\"https:\/\/lasentinelle.dz\/index.php\/2022\/12\/14\/benabderrahmane-prend-part-au-sommet-usa-afrique-le-message-aux-businessmen-americains\/\" \/>\n<meta property=\"og:site_name\" content=\"La Sentinelle\" \/>\n<meta property=\"article:publisher\" content=\"https:\/\/www.facebook.com\/La-Sentinelle-104059864394773\" \/>\n<meta property=\"article:published_time\" content=\"2022-12-14T21:10:00+00:00\" \/>\n<meta property=\"og:image\" content=\"https:\/\/lasentinelle.dz\/wp-content\/uploads\/2022\/12\/benabderrahmane-1.png\" \/>\n\t<meta property=\"og:image:width\" content=\"1200\" \/>\n\t<meta property=\"og:image:height\" content=\"900\" \/>\n\t<meta property=\"og:image:type\" content=\"image\/png\" \/>\n<meta name=\"author\" content=\"La Sentinelle\" \/>\n<meta name=\"twitter:card\" content=\"summary_large_image\" \/>\n<meta name=\"twitter:label1\" content=\"\u00c9crit par\" \/>\n\t<meta name=\"twitter:data1\" content=\"La Sentinelle\" \/>\n\t<meta name=\"twitter:label2\" content=\"Dur\u00e9e de lecture estim\u00e9e\" \/>\n\t<meta name=\"twitter:data2\" content=\"5 minutes\" \/>\n<script type=\"application\/ld+json\" class=\"yoast-schema-graph\">{\"@context\":\"https:\\\/\\\/schema.org\",\"@graph\":[{\"@type\":\"Article\",\"@id\":\"https:\\\/\\\/lasentinelle.dz\\\/index.php\\\/2022\\\/12\\\/14\\\/benabderrahmane-prend-part-au-sommet-usa-afrique-le-message-aux-businessmen-americains\\\/#article\",\"isPartOf\":{\"@id\":\"https:\\\/\\\/lasentinelle.dz\\\/index.php\\\/2022\\\/12\\\/14\\\/benabderrahmane-prend-part-au-sommet-usa-afrique-le-message-aux-businessmen-americains\\\/\"},\"author\":{\"name\":\"La Sentinelle\",\"@id\":\"https:\\\/\\\/lasentinelle.dz\\\/#\\\/schema\\\/person\\\/d865044e22e70a75174ce8bcad3acfb3\"},\"headline\":\"Benabderrahmane prend part au Sommet USA-Afrique\u00a0: Le message aux businessmen am\u00e9ricains\",\"datePublished\":\"2022-12-14T21:10:00+00:00\",\"mainEntityOfPage\":{\"@id\":\"https:\\\/\\\/lasentinelle.dz\\\/index.php\\\/2022\\\/12\\\/14\\\/benabderrahmane-prend-part-au-sommet-usa-afrique-le-message-aux-businessmen-americains\\\/\"},\"wordCount\":939,\"commentCount\":0,\"publisher\":{\"@id\":\"https:\\\/\\\/lasentinelle.dz\\\/#organization\"},\"image\":{\"@id\":\"https:\\\/\\\/lasentinelle.dz\\\/index.php\\\/2022\\\/12\\\/14\\\/benabderrahmane-prend-part-au-sommet-usa-afrique-le-message-aux-businessmen-americains\\\/#primaryimage\"},\"thumbnailUrl\":\"https:\\\/\\\/lasentinelle.dz\\\/wp-content\\\/uploads\\\/2022\\\/12\\\/benabderrahmane-1.png\",\"articleSection\":[\"\u00c0 la Une\",\"Actualit\u00e9\"],\"inLanguage\":\"fr-FR\",\"potentialAction\":[{\"@type\":\"CommentAction\",\"name\":\"Comment\",\"target\":[\"https:\\\/\\\/lasentinelle.dz\\\/index.php\\\/2022\\\/12\\\/14\\\/benabderrahmane-prend-part-au-sommet-usa-afrique-le-message-aux-businessmen-americains\\\/#respond\"]}]},{\"@type\":\"WebPage\",\"@id\":\"https:\\\/\\\/lasentinelle.dz\\\/index.php\\\/2022\\\/12\\\/14\\\/benabderrahmane-prend-part-au-sommet-usa-afrique-le-message-aux-businessmen-americains\\\/\",\"url\":\"https:\\\/\\\/lasentinelle.dz\\\/index.php\\\/2022\\\/12\\\/14\\\/benabderrahmane-prend-part-au-sommet-usa-afrique-le-message-aux-businessmen-americains\\\/\",\"name\":\"Benabderrahmane prend part au Sommet USA-Afrique\u00a0: Le message aux businessmen am\u00e9ricains - La Sentinelle\",\"isPartOf\":{\"@id\":\"https:\\\/\\\/lasentinelle.dz\\\/#website\"},\"primaryImageOfPage\":{\"@id\":\"https:\\\/\\\/lasentinelle.dz\\\/index.php\\\/2022\\\/12\\\/14\\\/benabderrahmane-prend-part-au-sommet-usa-afrique-le-message-aux-businessmen-americains\\\/#primaryimage\"},\"image\":{\"@id\":\"https:\\\/\\\/lasentinelle.dz\\\/index.php\\\/2022\\\/12\\\/14\\\/benabderrahmane-prend-part-au-sommet-usa-afrique-le-message-aux-businessmen-americains\\\/#primaryimage\"},\"thumbnailUrl\":\"https:\\\/\\\/lasentinelle.dz\\\/wp-content\\\/uploads\\\/2022\\\/12\\\/benabderrahmane-1.png\",\"datePublished\":\"2022-12-14T21:10:00+00:00\",\"breadcrumb\":{\"@id\":\"https:\\\/\\\/lasentinelle.dz\\\/index.php\\\/2022\\\/12\\\/14\\\/benabderrahmane-prend-part-au-sommet-usa-afrique-le-message-aux-businessmen-americains\\\/#breadcrumb\"},\"inLanguage\":\"fr-FR\",\"potentialAction\":[{\"@type\":\"ReadAction\",\"target\":[\"https:\\\/\\\/lasentinelle.dz\\\/index.php\\\/2022\\\/12\\\/14\\\/benabderrahmane-prend-part-au-sommet-usa-afrique-le-message-aux-businessmen-americains\\\/\"]}]},{\"@type\":\"ImageObject\",\"inLanguage\":\"fr-FR\",\"@id\":\"https:\\\/\\\/lasentinelle.dz\\\/index.php\\\/2022\\\/12\\\/14\\\/benabderrahmane-prend-part-au-sommet-usa-afrique-le-message-aux-businessmen-americains\\\/#primaryimage\",\"url\":\"https:\\\/\\\/lasentinelle.dz\\\/wp-content\\\/uploads\\\/2022\\\/12\\\/benabderrahmane-1.png\",\"contentUrl\":\"https:\\\/\\\/lasentinelle.dz\\\/wp-content\\\/uploads\\\/2022\\\/12\\\/benabderrahmane-1.png\",\"width\":1200,\"height\":900},{\"@type\":\"BreadcrumbList\",\"@id\":\"https:\\\/\\\/lasentinelle.dz\\\/index.php\\\/2022\\\/12\\\/14\\\/benabderrahmane-prend-part-au-sommet-usa-afrique-le-message-aux-businessmen-americains\\\/#breadcrumb\",\"itemListElement\":[{\"@type\":\"ListItem\",\"position\":1,\"name\":\"Accueil\",\"item\":\"https:\\\/\\\/lasentinelle.dz\\\/\"},{\"@type\":\"ListItem\",\"position\":2,\"name\":\"Benabderrahmane prend part au Sommet USA-Afrique\u00a0: Le message aux businessmen am\u00e9ricains\"}]},{\"@type\":\"WebSite\",\"@id\":\"https:\\\/\\\/lasentinelle.dz\\\/#website\",\"url\":\"https:\\\/\\\/lasentinelle.dz\\\/\",\"name\":\"La Sentinelle\",\"description\":\"Quotidien national d&#039;information\",\"publisher\":{\"@id\":\"https:\\\/\\\/lasentinelle.dz\\\/#organization\"},\"potentialAction\":[{\"@type\":\"SearchAction\",\"target\":{\"@type\":\"EntryPoint\",\"urlTemplate\":\"https:\\\/\\\/lasentinelle.dz\\\/?s={search_term_string}\"},\"query-input\":{\"@type\":\"PropertyValueSpecification\",\"valueRequired\":true,\"valueName\":\"search_term_string\"}}],\"inLanguage\":\"fr-FR\"},{\"@type\":\"Organization\",\"@id\":\"https:\\\/\\\/lasentinelle.dz\\\/#organization\",\"name\":\"Quotidien La Sentinelle\",\"url\":\"https:\\\/\\\/lasentinelle.dz\\\/\",\"logo\":{\"@type\":\"ImageObject\",\"inLanguage\":\"fr-FR\",\"@id\":\"https:\\\/\\\/lasentinelle.dz\\\/#\\\/schema\\\/logo\\\/image\\\/\",\"url\":\"https:\\\/\\\/lasentinelle.dz\\\/wp-content\\\/uploads\\\/2021\\\/09\\\/logo-sentinelleSLOGAN-1.png\",\"contentUrl\":\"https:\\\/\\\/lasentinelle.dz\\\/wp-content\\\/uploads\\\/2021\\\/09\\\/logo-sentinelleSLOGAN-1.png\",\"width\":615,\"height\":142,\"caption\":\"Quotidien La Sentinelle\"},\"image\":{\"@id\":\"https:\\\/\\\/lasentinelle.dz\\\/#\\\/schema\\\/logo\\\/image\\\/\"},\"sameAs\":[\"https:\\\/\\\/www.facebook.com\\\/La-Sentinelle-104059864394773\"]},{\"@type\":\"Person\",\"@id\":\"https:\\\/\\\/lasentinelle.dz\\\/#\\\/schema\\\/person\\\/d865044e22e70a75174ce8bcad3acfb3\",\"name\":\"La Sentinelle\",\"image\":{\"@type\":\"ImageObject\",\"inLanguage\":\"fr-FR\",\"@id\":\"https:\\\/\\\/secure.gravatar.com\\\/avatar\\\/57de8e5d4b15d43fb361a71fbb36338450fe67865b528a43dd10ef7c51a20392?s=96&d=mm&r=g\",\"url\":\"https:\\\/\\\/secure.gravatar.com\\\/avatar\\\/57de8e5d4b15d43fb361a71fbb36338450fe67865b528a43dd10ef7c51a20392?s=96&d=mm&r=g\",\"contentUrl\":\"https:\\\/\\\/secure.gravatar.com\\\/avatar\\\/57de8e5d4b15d43fb361a71fbb36338450fe67865b528a43dd10ef7c51a20392?s=96&d=mm&r=g\",\"caption\":\"La Sentinelle\"},\"sameAs\":[\"http:\\\/\\\/www.lasentinelle.dz\"],\"url\":\"https:\\\/\\\/lasentinelle.dz\\\/author\\\/redaction\\\/\"}]}<\/script>\n<!-- \/ Yoast SEO plugin. -->","yoast_head_json":{"title":"Benabderrahmane prend part au Sommet USA-Afrique\u00a0: Le message aux businessmen am\u00e9ricains - La Sentinelle","robots":{"index":"index","follow":"follow","max-snippet":"max-snippet:-1","max-image-preview":"max-image-preview:large","max-video-preview":"max-video-preview:-1"},"canonical":"https:\/\/lasentinelle.dz\/index.php\/2022\/12\/14\/benabderrahmane-prend-part-au-sommet-usa-afrique-le-message-aux-businessmen-americains\/","og_locale":"fr_FR","og_type":"article","og_title":"Benabderrahmane prend part au Sommet USA-Afrique\u00a0: Le message aux businessmen am\u00e9ricains - La Sentinelle","og_description":"L\u2019objectif \u00e0 est notamment de dire aux Am\u00e9ricains que l\u2019Alg\u00e9rie avait chang\u00e9 et que les entreprises am\u00e9ricaines y \u00e9taient les","og_url":"https:\/\/lasentinelle.dz\/index.php\/2022\/12\/14\/benabderrahmane-prend-part-au-sommet-usa-afrique-le-message-aux-businessmen-americains\/","og_site_name":"La Sentinelle","article_publisher":"https:\/\/www.facebook.com\/La-Sentinelle-104059864394773","article_published_time":"2022-12-14T21:10:00+00:00","og_image":[{"width":1200,"height":900,"url":"https:\/\/lasentinelle.dz\/wp-content\/uploads\/2022\/12\/benabderrahmane-1.png","type":"image\/png"}],"author":"La Sentinelle","twitter_card":"summary_large_image","twitter_misc":{"\u00c9crit par":"La Sentinelle","Dur\u00e9e de lecture estim\u00e9e":"5 minutes"},"schema":{"@context":"https:\/\/schema.org","@graph":[{"@type":"Article","@id":"https:\/\/lasentinelle.dz\/index.php\/2022\/12\/14\/benabderrahmane-prend-part-au-sommet-usa-afrique-le-message-aux-businessmen-americains\/#article","isPartOf":{"@id":"https:\/\/lasentinelle.dz\/index.php\/2022\/12\/14\/benabderrahmane-prend-part-au-sommet-usa-afrique-le-message-aux-businessmen-americains\/"},"author":{"name":"La Sentinelle","@id":"https:\/\/lasentinelle.dz\/#\/schema\/person\/d865044e22e70a75174ce8bcad3acfb3"},"headline":"Benabderrahmane prend part au Sommet USA-Afrique\u00a0: Le message aux businessmen am\u00e9ricains","datePublished":"2022-12-14T21:10:00+00:00","mainEntityOfPage":{"@id":"https:\/\/lasentinelle.dz\/index.php\/2022\/12\/14\/benabderrahmane-prend-part-au-sommet-usa-afrique-le-message-aux-businessmen-americains\/"},"wordCount":939,"commentCount":0,"publisher":{"@id":"https:\/\/lasentinelle.dz\/#organization"},"image":{"@id":"https:\/\/lasentinelle.dz\/index.php\/2022\/12\/14\/benabderrahmane-prend-part-au-sommet-usa-afrique-le-message-aux-businessmen-americains\/#primaryimage"},"thumbnailUrl":"https:\/\/lasentinelle.dz\/wp-content\/uploads\/2022\/12\/benabderrahmane-1.png","articleSection":["\u00c0 la Une","Actualit\u00e9"],"inLanguage":"fr-FR","potentialAction":[{"@type":"CommentAction","name":"Comment","target":["https:\/\/lasentinelle.dz\/index.php\/2022\/12\/14\/benabderrahmane-prend-part-au-sommet-usa-afrique-le-message-aux-businessmen-americains\/#respond"]}]},{"@type":"WebPage","@id":"https:\/\/lasentinelle.dz\/index.php\/2022\/12\/14\/benabderrahmane-prend-part-au-sommet-usa-afrique-le-message-aux-businessmen-americains\/","url":"https:\/\/lasentinelle.dz\/index.php\/2022\/12\/14\/benabderrahmane-prend-part-au-sommet-usa-afrique-le-message-aux-businessmen-americains\/","name":"Benabderrahmane prend part au Sommet USA-Afrique\u00a0: Le message aux businessmen am\u00e9ricains - La Sentinelle","isPartOf":{"@id":"https:\/\/lasentinelle.dz\/#website"},"primaryImageOfPage":{"@id":"https:\/\/lasentinelle.dz\/index.php\/2022\/12\/14\/benabderrahmane-prend-part-au-sommet-usa-afrique-le-message-aux-businessmen-americains\/#primaryimage"},"image":{"@id":"https:\/\/lasentinelle.dz\/index.php\/2022\/12\/14\/benabderrahmane-prend-part-au-sommet-usa-afrique-le-message-aux-businessmen-americains\/#primaryimage"},"thumbnailUrl":"https:\/\/lasentinelle.dz\/wp-content\/uploads\/2022\/12\/benabderrahmane-1.png","datePublished":"2022-12-14T21:10:00+00:00","breadcrumb":{"@id":"https:\/\/lasentinelle.dz\/index.php\/2022\/12\/14\/benabderrahmane-prend-part-au-sommet-usa-afrique-le-message-aux-businessmen-americains\/#breadcrumb"},"inLanguage":"fr-FR","potentialAction":[{"@type":"ReadAction","target":["https:\/\/lasentinelle.dz\/index.php\/2022\/12\/14\/benabderrahmane-prend-part-au-sommet-usa-afrique-le-message-aux-businessmen-americains\/"]}]},{"@type":"ImageObject","inLanguage":"fr-FR","@id":"https:\/\/lasentinelle.dz\/index.php\/2022\/12\/14\/benabderrahmane-prend-part-au-sommet-usa-afrique-le-message-aux-businessmen-americains\/#primaryimage","url":"https:\/\/lasentinelle.dz\/wp-content\/uploads\/2022\/12\/benabderrahmane-1.png","contentUrl":"https:\/\/lasentinelle.dz\/wp-content\/uploads\/2022\/12\/benabderrahmane-1.png","width":1200,"height":900},{"@type":"BreadcrumbList","@id":"https:\/\/lasentinelle.dz\/index.php\/2022\/12\/14\/benabderrahmane-prend-part-au-sommet-usa-afrique-le-message-aux-businessmen-americains\/#breadcrumb","itemListElement":[{"@type":"ListItem","position":1,"name":"Accueil","item":"https:\/\/lasentinelle.dz\/"},{"@type":"ListItem","position":2,"name":"Benabderrahmane prend part au Sommet USA-Afrique\u00a0: Le message aux businessmen am\u00e9ricains"}]},{"@type":"WebSite","@id":"https:\/\/lasentinelle.dz\/#website","url":"https:\/\/lasentinelle.dz\/","name":"La Sentinelle","description":"Quotidien national d&#039;information","publisher":{"@id":"https:\/\/lasentinelle.dz\/#organization"},"potentialAction":[{"@type":"SearchAction","target":{"@type":"EntryPoint","urlTemplate":"https:\/\/lasentinelle.dz\/?s={search_term_string}"},"query-input":{"@type":"PropertyValueSpecification","valueRequired":true,"valueName":"search_term_string"}}],"inLanguage":"fr-FR"},{"@type":"Organization","@id":"https:\/\/lasentinelle.dz\/#organization","name":"Quotidien La Sentinelle","url":"https:\/\/lasentinelle.dz\/","logo":{"@type":"ImageObject","inLanguage":"fr-FR","@id":"https:\/\/lasentinelle.dz\/#\/schema\/logo\/image\/","url":"https:\/\/lasentinelle.dz\/wp-content\/uploads\/2021\/09\/logo-sentinelleSLOGAN-1.png","contentUrl":"https:\/\/lasentinelle.dz\/wp-content\/uploads\/2021\/09\/logo-sentinelleSLOGAN-1.png","width":615,"height":142,"caption":"Quotidien La Sentinelle"},"image":{"@id":"https:\/\/lasentinelle.dz\/#\/schema\/logo\/image\/"},"sameAs":["https:\/\/www.facebook.com\/La-Sentinelle-104059864394773"]},{"@type":"Person","@id":"https:\/\/lasentinelle.dz\/#\/schema\/person\/d865044e22e70a75174ce8bcad3acfb3","name":"La Sentinelle","image":{"@type":"ImageObject","inLanguage":"fr-FR","@id":"https:\/\/secure.gravatar.com\/avatar\/57de8e5d4b15d43fb361a71fbb36338450fe67865b528a43dd10ef7c51a20392?s=96&d=mm&r=g","url":"https:\/\/secure.gravatar.com\/avatar\/57de8e5d4b15d43fb361a71fbb36338450fe67865b528a43dd10ef7c51a20392?s=96&d=mm&r=g","contentUrl":"https:\/\/secure.gravatar.com\/avatar\/57de8e5d4b15d43fb361a71fbb36338450fe67865b528a43dd10ef7c51a20392?s=96&d=mm&r=g","caption":"La Sentinelle"},"sameAs":["http:\/\/www.lasentinelle.dz"],"url":"https:\/\/lasentinelle.dz\/author\/redaction\/"}]}},"_links":{"self":[{"href":"https:\/\/lasentinelle.dz\/index.php\/wp-json\/wp\/v2\/posts\/32625","targetHints":{"allow":["GET"]}}],"collection":[{"href":"https:\/\/lasentinelle.dz\/index.php\/wp-json\/wp\/v2\/posts"}],"about":[{"href":"https:\/\/lasentinelle.dz\/index.php\/wp-json\/wp\/v2\/types\/post"}],"author":[{"embeddable":true,"href":"https:\/\/lasentinelle.dz\/index.php\/wp-json\/wp\/v2\/users\/3"}],"replies":[{"embeddable":true,"href":"https:\/\/lasentinelle.dz\/index.php\/wp-json\/wp\/v2\/comments?post=32625"}],"version-history":[{"count":2,"href":"https:\/\/lasentinelle.dz\/index.php\/wp-json\/wp\/v2\/posts\/32625\/revisions"}],"predecessor-version":[{"id":32670,"href":"https:\/\/lasentinelle.dz\/index.php\/wp-json\/wp\/v2\/posts\/32625\/revisions\/32670"}],"wp:featuredmedia":[{"embeddable":true,"href":"https:\/\/lasentinelle.dz\/index.php\/wp-json\/wp\/v2\/media\/32637"}],"wp:attachment":[{"href":"https:\/\/lasentinelle.dz\/index.php\/wp-json\/wp\/v2\/media?parent=32625"}],"wp:term":[{"taxonomy":"category","embeddable":true,"href":"https:\/\/lasentinelle.dz\/index.php\/wp-json\/wp\/v2\/categories?post=32625"},{"taxonomy":"post_tag","embeddable":true,"href":"https:\/\/lasentinelle.dz\/index.php\/wp-json\/wp\/v2\/tags?post=32625"}],"curies":[{"name":"wp","href":"https:\/\/api.w.org\/{rel}","templated":true}]}}