{"id":32636,"date":"2022-12-14T22:05:00","date_gmt":"2022-12-14T21:05:00","guid":{"rendered":"https:\/\/lasentinelle.dz\/?p=32636"},"modified":"2022-12-14T19:19:24","modified_gmt":"2022-12-14T18:19:24","slug":"petrole-vers-un-ralentissement-de-la-croissance-de-la-demande-en-2023","status":"publish","type":"post","link":"https:\/\/lasentinelle.dz\/index.php\/2022\/12\/14\/petrole-vers-un-ralentissement-de-la-croissance-de-la-demande-en-2023\/","title":{"rendered":"P\u00e9trole\u00a0: Vers un ralentissement de la croissance de la demande en 2023"},"content":{"rendered":"\n<p>Malgr\u00e9 un rebond de la demande en Chine principal importateur de p\u00e9trole, les perspectives pour 2023 mettent en avant un recul de la demande de brut. En effet, L\u2019Organisation des pays exportateurs de p\u00e9trole et l\u2019Agence internationale de l\u2019\u00e9nergie (qui d\u00e9fend les int\u00e9r\u00eats des pays consommateurs&nbsp;\u00bb, ont toute deux pr\u00e9vu un ralentissement de la croissance de la demande de p\u00e9trole en 2023. Le rapport de l\u2019AIE publi\u00e9 hier souligne que la Chine devrait enregistrer cette ann\u00e9e une baisse de la demande de 400.000 barils par jour (bpj) \u00e0 15,4 millions avant une augmentation de pr\u00e8s d&rsquo;un million de bpj en 2023.Les d\u00e9fis \u00e9conomiques et les inqui\u00e9tudes li\u00e9es \u00e0 la demande en Chine ont affect\u00e9 les prix p\u00e9troliers cette ann\u00e9e, mais le demande s&rsquo;est av\u00e9r\u00e9e \u00e9tonnement solide dans certaines r\u00e9gions, a soulign\u00e9 l&rsquo;AIE en citant notamment l&rsquo;Indeet le Moyen-Orient.L&rsquo;agence a relev\u00e9 ses pr\u00e9visions de demande de 140.000 bpj en 2022 \u00e0 2,3 millions de bpj et de 100.000 bpj en 2023 \u00e0 1,7 million de bpj, pour un total de 101,6 millions de bpj.\u00a0\u00bbBien que les niveaux de restrictions (sanitaires en Chine) restent \u00e9lev\u00e9s, le d\u00e9cor est d\u00e9sormais plant\u00e9 pour une r\u00e9ouverture progressive en 2023&Prime;, a ajout\u00e9 l&rsquo;AIE dans son rapport mensuel.<\/p>\n\n\n\n<p>De son c\u00f4t\u00e9, l\u2019Opep a maintenu mardi dans son rapport mensuel ses pr\u00e9visions de demande de brut. Elle indique ainsi que la croissance de la demande mondiale de p\u00e9trole devrait s&rsquo;\u00e9tablir \u00e0 2,5 millions de barils par jour (bpj) cette ann\u00e9e et \u00e0 2,2 millions de bpj l&rsquo;ann\u00e9e prochaine.\u00a0\u00bbLes nouveaux lockdowns en Chine ont pes\u00e9 lourdement sur la demande de p\u00e9trole, le pays enregistrant une contraction de la demande de p\u00e9trole en 2022&Prime;a d\u00e9clar\u00e9 l&rsquo;OPEP.Mais l&rsquo;ann\u00e9e prochaine, \u00ab\u00a0une r\u00e9solution du conflit g\u00e9opolitique en Europe de l&rsquo;Est et un assouplissement de la politique chinoise du z\u00e9ro COVID pourraient offrir un certain potentiel de hausse\u00a0\u00bb, a indiqu\u00e9 le cartel dans ses perspectives pour 2023.La croissance de la demande mondiale de p\u00e9trole l&rsquo;ann\u00e9e prochaine devrait augmenter de 2,2 millions de bpj pour atteindre une moyenne de 101,8 millions de bpj, soutenue par les am\u00e9liorations g\u00e9opolitiques attendues et l&rsquo;endiguement du Covid en Chine.L&rsquo;OPEP a toutefois averti que les perspectives actuelles, inchang\u00e9es depuis le mois dernier, \u00ab\u00a0supposent le succ\u00e8s de l&rsquo;endiguement du COVID-19 et une reprise de la croissance \u00e9conomique pr\u00e9-pand\u00e9mique en Chine, tandis que la demande de p\u00e9trole de l&rsquo;Inde devrait \u00eatre soutenue par une croissance \u00e9conomique saine continue.\u00a0\u00bb\u00a0\u00bbAlors que l&rsquo;ann\u00e9e 2022 touche \u00e0 sa fin, le r\u00e9cent ralentissement de la croissance \u00e9conomique mondiale, avec toutes ses implications de grande port\u00e9e, devient tout \u00e0 fait \u00e9vident. L&rsquo;ann\u00e9e 2023 devrait rester entour\u00e9e de nombreuses incertitudes, imposant vigilance et prudence\u00a0\u00bb, a pr\u00e9venu le cartel.En ce qui concerne l&rsquo;offre, les perspectives de l&rsquo;OPEP concernant la croissance de la production de liquides non OPEP restent largement inchang\u00e9es et devraient s&rsquo;\u00e9tablir \u00e0 1,5 million de bpj en 2023, gr\u00e2ce aux \u00c9tats-Unis, \u00e0 la Norv\u00e8ge, au Br\u00e9sil, au Canada, au Kazakhstan et \u00e0 la Guyane, tandis que la production de p\u00e9trole devrait diminuer principalement en Russie et au Mexique.\u00a0\u00bbN\u00e9anmoins, de grandes incertitudes persistent autour du d\u00e9veloppement g\u00e9opolitique en Europe de l&rsquo;Est, ainsi que du potentiel de production de schiste am\u00e9ricain l&rsquo;ann\u00e9e prochaine\u00a0\u00bb, pr\u00e9cise l\u2019organisation bas\u00e9e \u00e0 Vienne.<\/p>\n\n\n\n<p>Sur les march\u00e9s, les cours du baril \u00e9taient en petite hausse hierapr\u00e8s un bond la veille.<\/p>\n\n\n\n<p>Vers 10H40 GMT, le baril de Brentde la mer du Nord pour livraison en f\u00e9vrier gagnait 0,90%, \u00e0 81,41 dollars.Son \u00e9quivalent am\u00e9ricain, le baril de West Texas Intermediate (WTI), pour livraison en janvier, prenait 1,02%, \u00e0 76,16 dollars.Les analystes d&rsquo;Energi Danmark attribuent la l\u00e9g\u00e8re progression des cours \u00e0 l&rsquo;arr\u00eat de l&rsquo;ol\u00e9oduc Keystone entre le Canada et les \u00c9tats-Unis apr\u00e8s une fuite dans l&rsquo;Etat am\u00e9ricain du Kansas, \u00ab\u00a0qui entra\u00eene une certaine incertitude quant \u00e0 l&rsquo;offre \u00e0 court terme\u00a0\u00bb.<\/p>\n\n\n\n<p><strong>Chokri Hafed<\/strong><\/p>\n","protected":false},"excerpt":{"rendered":"<p>Malgr\u00e9 un rebond de la demande en Chine principal importateur de p\u00e9trole, les perspectives pour 2023 mettent en avant un<\/p>\n","protected":false},"author":3,"featured_media":1467,"comment_status":"open","ping_status":"closed","sticky":false,"template":"","format":"standard","meta":{"colormag_page_container_layout":"default_layout","colormag_page_sidebar_layout":"default_layout","om_disable_all_campaigns":false,"_monsterinsights_skip_tracking":false,"_monsterinsights_sitenote_active":false,"_monsterinsights_sitenote_note":"","_monsterinsights_sitenote_category":0,"footnotes":"","_wpscppro_dont_share_socialmedia":false,"_wpscppro_custom_social_share_image":0,"_facebook_share_type":"","_twitter_share_type":"","_linkedin_share_type":"","_pinterest_share_type":"","_linkedin_share_type_page":"","_instagram_share_type":"","_medium_share_type":"","_threads_share_type":"","_google_business_share_type":"","_selected_social_profile":[],"_wpsp_enable_custom_social_template":false,"_wpsp_social_scheduling":{"enabled":false,"datetime":null,"platforms":[],"status":"template_only","dateOption":"today","timeOption":"now","customDays":"","customHours":"","customDate":"","customTime":"","schedulingType":"absolute"},"_wpsp_active_default_template":true},"categories":[29],"tags":[],"class_list":["post-32636","post","type-post","status-publish","format-standard","has-post-thumbnail","hentry","category-economie"],"aioseo_notices":[],"yoast_head":"<!-- This site is optimized with the Yoast SEO plugin v27.5 - https:\/\/yoast.com\/product\/yoast-seo-wordpress\/ -->\n<title>P\u00e9trole\u00a0: Vers un ralentissement de la croissance de la demande en 2023 - La Sentinelle<\/title>\n<meta name=\"robots\" content=\"index, follow, max-snippet:-1, max-image-preview:large, max-video-preview:-1\" \/>\n<link rel=\"canonical\" href=\"https:\/\/lasentinelle.dz\/index.php\/2022\/12\/14\/petrole-vers-un-ralentissement-de-la-croissance-de-la-demande-en-2023\/\" \/>\n<meta property=\"og:locale\" content=\"fr_FR\" \/>\n<meta property=\"og:type\" content=\"article\" \/>\n<meta property=\"og:title\" content=\"P\u00e9trole\u00a0: Vers un ralentissement de la croissance de la demande en 2023 - La Sentinelle\" \/>\n<meta property=\"og:description\" content=\"Malgr\u00e9 un rebond de la demande en Chine principal importateur de p\u00e9trole, les perspectives pour 2023 mettent en avant un\" \/>\n<meta property=\"og:url\" content=\"https:\/\/lasentinelle.dz\/index.php\/2022\/12\/14\/petrole-vers-un-ralentissement-de-la-croissance-de-la-demande-en-2023\/\" \/>\n<meta property=\"og:site_name\" content=\"La Sentinelle\" \/>\n<meta property=\"article:publisher\" content=\"https:\/\/www.facebook.com\/La-Sentinelle-104059864394773\" \/>\n<meta property=\"article:published_time\" content=\"2022-12-14T21:05:00+00:00\" \/>\n<meta property=\"og:image\" content=\"https:\/\/lasentinelle.dz\/wp-content\/uploads\/2021\/07\/petrole1.png\" \/>\n\t<meta property=\"og:image:width\" content=\"1600\" \/>\n\t<meta property=\"og:image:height\" content=\"900\" \/>\n\t<meta property=\"og:image:type\" content=\"image\/png\" \/>\n<meta name=\"author\" content=\"La Sentinelle\" \/>\n<meta name=\"twitter:card\" content=\"summary_large_image\" \/>\n<meta name=\"twitter:label1\" content=\"\u00c9crit par\" \/>\n\t<meta name=\"twitter:data1\" content=\"La Sentinelle\" \/>\n\t<meta name=\"twitter:label2\" content=\"Dur\u00e9e de lecture estim\u00e9e\" \/>\n\t<meta name=\"twitter:data2\" content=\"4 minutes\" \/>\n<script type=\"application\/ld+json\" class=\"yoast-schema-graph\">{\"@context\":\"https:\\\/\\\/schema.org\",\"@graph\":[{\"@type\":\"Article\",\"@id\":\"https:\\\/\\\/lasentinelle.dz\\\/index.php\\\/2022\\\/12\\\/14\\\/petrole-vers-un-ralentissement-de-la-croissance-de-la-demande-en-2023\\\/#article\",\"isPartOf\":{\"@id\":\"https:\\\/\\\/lasentinelle.dz\\\/index.php\\\/2022\\\/12\\\/14\\\/petrole-vers-un-ralentissement-de-la-croissance-de-la-demande-en-2023\\\/\"},\"author\":{\"name\":\"La Sentinelle\",\"@id\":\"https:\\\/\\\/lasentinelle.dz\\\/#\\\/schema\\\/person\\\/d865044e22e70a75174ce8bcad3acfb3\"},\"headline\":\"P\u00e9trole\u00a0: Vers un ralentissement de la croissance de la demande en 2023\",\"datePublished\":\"2022-12-14T21:05:00+00:00\",\"mainEntityOfPage\":{\"@id\":\"https:\\\/\\\/lasentinelle.dz\\\/index.php\\\/2022\\\/12\\\/14\\\/petrole-vers-un-ralentissement-de-la-croissance-de-la-demande-en-2023\\\/\"},\"wordCount\":711,\"commentCount\":0,\"publisher\":{\"@id\":\"https:\\\/\\\/lasentinelle.dz\\\/#organization\"},\"image\":{\"@id\":\"https:\\\/\\\/lasentinelle.dz\\\/index.php\\\/2022\\\/12\\\/14\\\/petrole-vers-un-ralentissement-de-la-croissance-de-la-demande-en-2023\\\/#primaryimage\"},\"thumbnailUrl\":\"https:\\\/\\\/lasentinelle.dz\\\/wp-content\\\/uploads\\\/2021\\\/07\\\/petrole1.png\",\"articleSection\":[\"\u00c9conomie\"],\"inLanguage\":\"fr-FR\",\"potentialAction\":[{\"@type\":\"CommentAction\",\"name\":\"Comment\",\"target\":[\"https:\\\/\\\/lasentinelle.dz\\\/index.php\\\/2022\\\/12\\\/14\\\/petrole-vers-un-ralentissement-de-la-croissance-de-la-demande-en-2023\\\/#respond\"]}]},{\"@type\":\"WebPage\",\"@id\":\"https:\\\/\\\/lasentinelle.dz\\\/index.php\\\/2022\\\/12\\\/14\\\/petrole-vers-un-ralentissement-de-la-croissance-de-la-demande-en-2023\\\/\",\"url\":\"https:\\\/\\\/lasentinelle.dz\\\/index.php\\\/2022\\\/12\\\/14\\\/petrole-vers-un-ralentissement-de-la-croissance-de-la-demande-en-2023\\\/\",\"name\":\"P\u00e9trole\u00a0: Vers un ralentissement de la croissance de la demande en 2023 - La Sentinelle\",\"isPartOf\":{\"@id\":\"https:\\\/\\\/lasentinelle.dz\\\/#website\"},\"primaryImageOfPage\":{\"@id\":\"https:\\\/\\\/lasentinelle.dz\\\/index.php\\\/2022\\\/12\\\/14\\\/petrole-vers-un-ralentissement-de-la-croissance-de-la-demande-en-2023\\\/#primaryimage\"},\"image\":{\"@id\":\"https:\\\/\\\/lasentinelle.dz\\\/index.php\\\/2022\\\/12\\\/14\\\/petrole-vers-un-ralentissement-de-la-croissance-de-la-demande-en-2023\\\/#primaryimage\"},\"thumbnailUrl\":\"https:\\\/\\\/lasentinelle.dz\\\/wp-content\\\/uploads\\\/2021\\\/07\\\/petrole1.png\",\"datePublished\":\"2022-12-14T21:05:00+00:00\",\"breadcrumb\":{\"@id\":\"https:\\\/\\\/lasentinelle.dz\\\/index.php\\\/2022\\\/12\\\/14\\\/petrole-vers-un-ralentissement-de-la-croissance-de-la-demande-en-2023\\\/#breadcrumb\"},\"inLanguage\":\"fr-FR\",\"potentialAction\":[{\"@type\":\"ReadAction\",\"target\":[\"https:\\\/\\\/lasentinelle.dz\\\/index.php\\\/2022\\\/12\\\/14\\\/petrole-vers-un-ralentissement-de-la-croissance-de-la-demande-en-2023\\\/\"]}]},{\"@type\":\"ImageObject\",\"inLanguage\":\"fr-FR\",\"@id\":\"https:\\\/\\\/lasentinelle.dz\\\/index.php\\\/2022\\\/12\\\/14\\\/petrole-vers-un-ralentissement-de-la-croissance-de-la-demande-en-2023\\\/#primaryimage\",\"url\":\"https:\\\/\\\/lasentinelle.dz\\\/wp-content\\\/uploads\\\/2021\\\/07\\\/petrole1.png\",\"contentUrl\":\"https:\\\/\\\/lasentinelle.dz\\\/wp-content\\\/uploads\\\/2021\\\/07\\\/petrole1.png\",\"width\":1600,\"height\":900},{\"@type\":\"BreadcrumbList\",\"@id\":\"https:\\\/\\\/lasentinelle.dz\\\/index.php\\\/2022\\\/12\\\/14\\\/petrole-vers-un-ralentissement-de-la-croissance-de-la-demande-en-2023\\\/#breadcrumb\",\"itemListElement\":[{\"@type\":\"ListItem\",\"position\":1,\"name\":\"Accueil\",\"item\":\"https:\\\/\\\/lasentinelle.dz\\\/\"},{\"@type\":\"ListItem\",\"position\":2,\"name\":\"P\u00e9trole\u00a0: Vers un ralentissement de la croissance de la demande en 2023\"}]},{\"@type\":\"WebSite\",\"@id\":\"https:\\\/\\\/lasentinelle.dz\\\/#website\",\"url\":\"https:\\\/\\\/lasentinelle.dz\\\/\",\"name\":\"La Sentinelle\",\"description\":\"Quotidien national d&#039;information\",\"publisher\":{\"@id\":\"https:\\\/\\\/lasentinelle.dz\\\/#organization\"},\"potentialAction\":[{\"@type\":\"SearchAction\",\"target\":{\"@type\":\"EntryPoint\",\"urlTemplate\":\"https:\\\/\\\/lasentinelle.dz\\\/?s={search_term_string}\"},\"query-input\":{\"@type\":\"PropertyValueSpecification\",\"valueRequired\":true,\"valueName\":\"search_term_string\"}}],\"inLanguage\":\"fr-FR\"},{\"@type\":\"Organization\",\"@id\":\"https:\\\/\\\/lasentinelle.dz\\\/#organization\",\"name\":\"Quotidien La Sentinelle\",\"url\":\"https:\\\/\\\/lasentinelle.dz\\\/\",\"logo\":{\"@type\":\"ImageObject\",\"inLanguage\":\"fr-FR\",\"@id\":\"https:\\\/\\\/lasentinelle.dz\\\/#\\\/schema\\\/logo\\\/image\\\/\",\"url\":\"https:\\\/\\\/lasentinelle.dz\\\/wp-content\\\/uploads\\\/2021\\\/09\\\/logo-sentinelleSLOGAN-1.png\",\"contentUrl\":\"https:\\\/\\\/lasentinelle.dz\\\/wp-content\\\/uploads\\\/2021\\\/09\\\/logo-sentinelleSLOGAN-1.png\",\"width\":615,\"height\":142,\"caption\":\"Quotidien La Sentinelle\"},\"image\":{\"@id\":\"https:\\\/\\\/lasentinelle.dz\\\/#\\\/schema\\\/logo\\\/image\\\/\"},\"sameAs\":[\"https:\\\/\\\/www.facebook.com\\\/La-Sentinelle-104059864394773\"]},{\"@type\":\"Person\",\"@id\":\"https:\\\/\\\/lasentinelle.dz\\\/#\\\/schema\\\/person\\\/d865044e22e70a75174ce8bcad3acfb3\",\"name\":\"La Sentinelle\",\"image\":{\"@type\":\"ImageObject\",\"inLanguage\":\"fr-FR\",\"@id\":\"https:\\\/\\\/secure.gravatar.com\\\/avatar\\\/57de8e5d4b15d43fb361a71fbb36338450fe67865b528a43dd10ef7c51a20392?s=96&d=mm&r=g\",\"url\":\"https:\\\/\\\/secure.gravatar.com\\\/avatar\\\/57de8e5d4b15d43fb361a71fbb36338450fe67865b528a43dd10ef7c51a20392?s=96&d=mm&r=g\",\"contentUrl\":\"https:\\\/\\\/secure.gravatar.com\\\/avatar\\\/57de8e5d4b15d43fb361a71fbb36338450fe67865b528a43dd10ef7c51a20392?s=96&d=mm&r=g\",\"caption\":\"La Sentinelle\"},\"sameAs\":[\"http:\\\/\\\/www.lasentinelle.dz\"],\"url\":\"https:\\\/\\\/lasentinelle.dz\\\/author\\\/redaction\\\/\"}]}<\/script>\n<!-- \/ Yoast SEO plugin. -->","yoast_head_json":{"title":"P\u00e9trole\u00a0: Vers un ralentissement de la croissance de la demande en 2023 - La Sentinelle","robots":{"index":"index","follow":"follow","max-snippet":"max-snippet:-1","max-image-preview":"max-image-preview:large","max-video-preview":"max-video-preview:-1"},"canonical":"https:\/\/lasentinelle.dz\/index.php\/2022\/12\/14\/petrole-vers-un-ralentissement-de-la-croissance-de-la-demande-en-2023\/","og_locale":"fr_FR","og_type":"article","og_title":"P\u00e9trole\u00a0: Vers un ralentissement de la croissance de la demande en 2023 - La Sentinelle","og_description":"Malgr\u00e9 un rebond de la demande en Chine principal importateur de p\u00e9trole, les perspectives pour 2023 mettent en avant un","og_url":"https:\/\/lasentinelle.dz\/index.php\/2022\/12\/14\/petrole-vers-un-ralentissement-de-la-croissance-de-la-demande-en-2023\/","og_site_name":"La Sentinelle","article_publisher":"https:\/\/www.facebook.com\/La-Sentinelle-104059864394773","article_published_time":"2022-12-14T21:05:00+00:00","og_image":[{"width":1600,"height":900,"url":"https:\/\/lasentinelle.dz\/wp-content\/uploads\/2021\/07\/petrole1.png","type":"image\/png"}],"author":"La Sentinelle","twitter_card":"summary_large_image","twitter_misc":{"\u00c9crit par":"La Sentinelle","Dur\u00e9e de lecture estim\u00e9e":"4 minutes"},"schema":{"@context":"https:\/\/schema.org","@graph":[{"@type":"Article","@id":"https:\/\/lasentinelle.dz\/index.php\/2022\/12\/14\/petrole-vers-un-ralentissement-de-la-croissance-de-la-demande-en-2023\/#article","isPartOf":{"@id":"https:\/\/lasentinelle.dz\/index.php\/2022\/12\/14\/petrole-vers-un-ralentissement-de-la-croissance-de-la-demande-en-2023\/"},"author":{"name":"La Sentinelle","@id":"https:\/\/lasentinelle.dz\/#\/schema\/person\/d865044e22e70a75174ce8bcad3acfb3"},"headline":"P\u00e9trole\u00a0: Vers un ralentissement de la croissance de la demande en 2023","datePublished":"2022-12-14T21:05:00+00:00","mainEntityOfPage":{"@id":"https:\/\/lasentinelle.dz\/index.php\/2022\/12\/14\/petrole-vers-un-ralentissement-de-la-croissance-de-la-demande-en-2023\/"},"wordCount":711,"commentCount":0,"publisher":{"@id":"https:\/\/lasentinelle.dz\/#organization"},"image":{"@id":"https:\/\/lasentinelle.dz\/index.php\/2022\/12\/14\/petrole-vers-un-ralentissement-de-la-croissance-de-la-demande-en-2023\/#primaryimage"},"thumbnailUrl":"https:\/\/lasentinelle.dz\/wp-content\/uploads\/2021\/07\/petrole1.png","articleSection":["\u00c9conomie"],"inLanguage":"fr-FR","potentialAction":[{"@type":"CommentAction","name":"Comment","target":["https:\/\/lasentinelle.dz\/index.php\/2022\/12\/14\/petrole-vers-un-ralentissement-de-la-croissance-de-la-demande-en-2023\/#respond"]}]},{"@type":"WebPage","@id":"https:\/\/lasentinelle.dz\/index.php\/2022\/12\/14\/petrole-vers-un-ralentissement-de-la-croissance-de-la-demande-en-2023\/","url":"https:\/\/lasentinelle.dz\/index.php\/2022\/12\/14\/petrole-vers-un-ralentissement-de-la-croissance-de-la-demande-en-2023\/","name":"P\u00e9trole\u00a0: Vers un ralentissement de la croissance de la demande en 2023 - La Sentinelle","isPartOf":{"@id":"https:\/\/lasentinelle.dz\/#website"},"primaryImageOfPage":{"@id":"https:\/\/lasentinelle.dz\/index.php\/2022\/12\/14\/petrole-vers-un-ralentissement-de-la-croissance-de-la-demande-en-2023\/#primaryimage"},"image":{"@id":"https:\/\/lasentinelle.dz\/index.php\/2022\/12\/14\/petrole-vers-un-ralentissement-de-la-croissance-de-la-demande-en-2023\/#primaryimage"},"thumbnailUrl":"https:\/\/lasentinelle.dz\/wp-content\/uploads\/2021\/07\/petrole1.png","datePublished":"2022-12-14T21:05:00+00:00","breadcrumb":{"@id":"https:\/\/lasentinelle.dz\/index.php\/2022\/12\/14\/petrole-vers-un-ralentissement-de-la-croissance-de-la-demande-en-2023\/#breadcrumb"},"inLanguage":"fr-FR","potentialAction":[{"@type":"ReadAction","target":["https:\/\/lasentinelle.dz\/index.php\/2022\/12\/14\/petrole-vers-un-ralentissement-de-la-croissance-de-la-demande-en-2023\/"]}]},{"@type":"ImageObject","inLanguage":"fr-FR","@id":"https:\/\/lasentinelle.dz\/index.php\/2022\/12\/14\/petrole-vers-un-ralentissement-de-la-croissance-de-la-demande-en-2023\/#primaryimage","url":"https:\/\/lasentinelle.dz\/wp-content\/uploads\/2021\/07\/petrole1.png","contentUrl":"https:\/\/lasentinelle.dz\/wp-content\/uploads\/2021\/07\/petrole1.png","width":1600,"height":900},{"@type":"BreadcrumbList","@id":"https:\/\/lasentinelle.dz\/index.php\/2022\/12\/14\/petrole-vers-un-ralentissement-de-la-croissance-de-la-demande-en-2023\/#breadcrumb","itemListElement":[{"@type":"ListItem","position":1,"name":"Accueil","item":"https:\/\/lasentinelle.dz\/"},{"@type":"ListItem","position":2,"name":"P\u00e9trole\u00a0: Vers un ralentissement de la croissance de la demande en 2023"}]},{"@type":"WebSite","@id":"https:\/\/lasentinelle.dz\/#website","url":"https:\/\/lasentinelle.dz\/","name":"La Sentinelle","description":"Quotidien national d&#039;information","publisher":{"@id":"https:\/\/lasentinelle.dz\/#organization"},"potentialAction":[{"@type":"SearchAction","target":{"@type":"EntryPoint","urlTemplate":"https:\/\/lasentinelle.dz\/?s={search_term_string}"},"query-input":{"@type":"PropertyValueSpecification","valueRequired":true,"valueName":"search_term_string"}}],"inLanguage":"fr-FR"},{"@type":"Organization","@id":"https:\/\/lasentinelle.dz\/#organization","name":"Quotidien La Sentinelle","url":"https:\/\/lasentinelle.dz\/","logo":{"@type":"ImageObject","inLanguage":"fr-FR","@id":"https:\/\/lasentinelle.dz\/#\/schema\/logo\/image\/","url":"https:\/\/lasentinelle.dz\/wp-content\/uploads\/2021\/09\/logo-sentinelleSLOGAN-1.png","contentUrl":"https:\/\/lasentinelle.dz\/wp-content\/uploads\/2021\/09\/logo-sentinelleSLOGAN-1.png","width":615,"height":142,"caption":"Quotidien La Sentinelle"},"image":{"@id":"https:\/\/lasentinelle.dz\/#\/schema\/logo\/image\/"},"sameAs":["https:\/\/www.facebook.com\/La-Sentinelle-104059864394773"]},{"@type":"Person","@id":"https:\/\/lasentinelle.dz\/#\/schema\/person\/d865044e22e70a75174ce8bcad3acfb3","name":"La Sentinelle","image":{"@type":"ImageObject","inLanguage":"fr-FR","@id":"https:\/\/secure.gravatar.com\/avatar\/57de8e5d4b15d43fb361a71fbb36338450fe67865b528a43dd10ef7c51a20392?s=96&d=mm&r=g","url":"https:\/\/secure.gravatar.com\/avatar\/57de8e5d4b15d43fb361a71fbb36338450fe67865b528a43dd10ef7c51a20392?s=96&d=mm&r=g","contentUrl":"https:\/\/secure.gravatar.com\/avatar\/57de8e5d4b15d43fb361a71fbb36338450fe67865b528a43dd10ef7c51a20392?s=96&d=mm&r=g","caption":"La Sentinelle"},"sameAs":["http:\/\/www.lasentinelle.dz"],"url":"https:\/\/lasentinelle.dz\/author\/redaction\/"}]}},"_links":{"self":[{"href":"https:\/\/lasentinelle.dz\/index.php\/wp-json\/wp\/v2\/posts\/32636","targetHints":{"allow":["GET"]}}],"collection":[{"href":"https:\/\/lasentinelle.dz\/index.php\/wp-json\/wp\/v2\/posts"}],"about":[{"href":"https:\/\/lasentinelle.dz\/index.php\/wp-json\/wp\/v2\/types\/post"}],"author":[{"embeddable":true,"href":"https:\/\/lasentinelle.dz\/index.php\/wp-json\/wp\/v2\/users\/3"}],"replies":[{"embeddable":true,"href":"https:\/\/lasentinelle.dz\/index.php\/wp-json\/wp\/v2\/comments?post=32636"}],"version-history":[{"count":1,"href":"https:\/\/lasentinelle.dz\/index.php\/wp-json\/wp\/v2\/posts\/32636\/revisions"}],"predecessor-version":[{"id":32654,"href":"https:\/\/lasentinelle.dz\/index.php\/wp-json\/wp\/v2\/posts\/32636\/revisions\/32654"}],"wp:featuredmedia":[{"embeddable":true,"href":"https:\/\/lasentinelle.dz\/index.php\/wp-json\/wp\/v2\/media\/1467"}],"wp:attachment":[{"href":"https:\/\/lasentinelle.dz\/index.php\/wp-json\/wp\/v2\/media?parent=32636"}],"wp:term":[{"taxonomy":"category","embeddable":true,"href":"https:\/\/lasentinelle.dz\/index.php\/wp-json\/wp\/v2\/categories?post=32636"},{"taxonomy":"post_tag","embeddable":true,"href":"https:\/\/lasentinelle.dz\/index.php\/wp-json\/wp\/v2\/tags?post=32636"}],"curies":[{"name":"wp","href":"https:\/\/api.w.org\/{rel}","templated":true}]}}