{"id":32644,"date":"2022-12-14T22:08:00","date_gmt":"2022-12-14T21:08:00","guid":{"rendered":"https:\/\/lasentinelle.dz\/?p=32644"},"modified":"2022-12-14T19:55:31","modified_gmt":"2022-12-14T18:55:31","slug":"la-pensee-dait-ahmed-un-essai-de-jugurtha-abbou-son-parcours-ses-combats-ses-positions","status":"publish","type":"post","link":"https:\/\/lasentinelle.dz\/index.php\/2022\/12\/14\/la-pensee-dait-ahmed-un-essai-de-jugurtha-abbou-son-parcours-ses-combats-ses-positions\/","title":{"rendered":"\u00ab\u00a0La pens\u00e9e d\u2019A\u00eft Ahmed\u00a0\u00bb, un essai de Jugurtha Abbou\u00a0: Son parcours, ses combats, ses positions\u2026"},"content":{"rendered":"\n<p>\u00ab\u00a0Cet essai traite de la pens\u00e9e de Hocine A\u00eft Ahmed. D\u00e8s son entame, nous savions que sa r\u00e9alisation n\u2019allait pas \u00eatre facile. Parler d\u2019un homme de cette trempe n\u2019est gu\u00e8re une sin\u00e9cure\u00a0\u00bb. C&rsquo;est par ces mots que Jugurtha Abbou a entam\u00e9 son essai \u00ab\u00a0La pens\u00e9e d\u2019A\u00eft Ahmed face aux trag\u00e9dies alg\u00e9riennes\u00a0\u00bb, \u00e0 para\u00eetre cette semaine aux \u00e9ditions Tafat.<\/p>\n\n\n\n<p>Un exercice effectivement difficile auquel s&rsquo;est risqu\u00e9 Jugurtha Abbou, sp\u00e9cialiste en psychologie sociale et auteur d\u00e9j\u00e0 d&rsquo;un roman, d&rsquo;un recueil de po\u00e9sie et d&rsquo;un pr\u00e9c\u00e9dent essai. Une personnalit\u00e9 historique et politique de la trempe de Hocine Ait Ahmed, d\u00e9c\u00e9d\u00e9 le 23 d\u00e9cembre 2015, n&rsquo;est pas facile \u00e0 cerner, tant son parcours a \u00e9t\u00e9 jalonn\u00e9 d&rsquo;\u00e9v\u00e9nements importants. Le livre \u00e9voque, entre autres, la prise de conscience du chef historique du Front des forces socialistes (FFS) \u00ab\u00a0par rapport \u00e0 la lutte pour la lib\u00e9ration du pays du colonialisme fran\u00e7ais, entre autre, apr\u00e8s les \u00e9v\u00e9nements du 8 mai 45\u00a0\u00bb, ce qu&rsquo; \u00ab\u00a0il a fait \u00e0 l&rsquo;international (la diplomatie au service de la r\u00e9volution)\u00a0\u00bb et \u00ab\u00a0son combat, apr\u00e8s l&rsquo;ind\u00e9pendance, pour la libert\u00e9 et la d\u00e9mocratie\u00a0\u00bb. \u00ab\u00a0Si L&rsquo;hocine, tel qu\u2019appel\u00e9 par de nombreux sympathisants, a \u00e9t\u00e9 un militant, d\u2019abord en faveur de l\u2019ind\u00e9pendance du pays, puis en faveur d\u2019un syst\u00e8me d\u00e9mocratique, un Etat de droit et une justice sociale\u00a0\u00bb, a \u00e9crit d&#8217;embl\u00e9 Jugurtha Abbou, qui fut, \u00e0 un certain moment, membre du Conseil national puis secr\u00e9taire national \u00e0 la communication au sein de ce m\u00eame parti politique. \u00ab\u00a0De Taqqa, son village natal \u00e0 la commune d\u2019A\u00eft Yahia \u00e0 Rangoon en Birmanie, en 1953, \u00e0 Bandoeng (Indon\u00e9sie) en 1955, puis \u00e0 l\u2019ouverture d\u2019un bureau du FLN \u00e0 New York, et des d\u00e9cennies plus tard \u00e0 Rome, pour une offre de paix quand le sang des Alg\u00e9riens coulait \u00e0 flots, Hocine A\u00eft Ahmed n\u2019a pas cess\u00e9 de sillonner le monde pour une Alg\u00e9rie libre et pour un peuple souverain. Il a su porter tr\u00e8s haut la voix de l\u2019Alg\u00e9rie \u00e0 travers le monde. Il est le pr\u00e9curseur de la diplomatie alg\u00e9rienne en pleine p\u00e9riode coloniale, puis le porte-voix alg\u00e9rien en faveur de la paix, la d\u00e9mocratie et la justice sociale\u00a0\u00bb, a \u00e9crit l&rsquo;auteur de l&rsquo;essai. Celui-ci, indique-t-il, s&rsquo;est fix\u00e9 \u00ab\u00a0le but de repr\u00e9senter de fa\u00e7on succincte la vision de Hocine A\u00eft Ahmed et sa pens\u00e9e politique, \u00e9conomique et identitaire\u00a0\u00bb. \u00ab\u00a0Le lecteur aura \u00e0 s\u2019enqu\u00e9rir des deux parties essentielles de la vie du militant, l\u2019une concerne la p\u00e9riode coloniale et la guerre de lib\u00e9ration, ou le ma\u00eetre mot \u00e9tait l\u2019ind\u00e9pendance du pays, tandis que l\u2019autre est consacr\u00e9e \u00e0 la p\u00e9riode de l\u2019Alg\u00e9rie ind\u00e9pendante. Il en jaillira les faits marquants de son parcours, de ses diff\u00e9rentes initiatives et des positions prises \u00e0 chacune des \u00e9tapes\u00a0\u00bb, a-t-il r\u00e9sum\u00e9 son livre. Ceci en pr\u00e9cisant que \u00ab\u00a0ses positions n\u2019ont pas fait l\u2019unanimit\u00e9 parmi les acteurs politiques et sociaux, principalement la rencontre de Londres et le contrat de Rome, ainsi que sa position par rapport \u00e0 l\u2019arr\u00eat du processus \u00e9lectoral, ce qui a n\u00e9cessit\u00e9 un rappel des conjonctures et des motivations qui l\u2019ont pouss\u00e9 \u00e0 choisir telle ou telle option\u00a0\u00bb. \u00ab\u00a0Dialogue, constance, unit\u00e9 dans l\u2019action, non-violence, lucidit\u00e9, patriotisme, d\u00e9mocratie, droits de l\u2019Homme\u2026 Les mots ne suffisent pas pour retracer presque trois quarts de si\u00e8cle de militantisme politique acharn\u00e9. Il est n\u00e9cessaire d\u2019essayer de s\u2019arr\u00eater sur certains de ses actes les plus symboliques et les plus repr\u00e9sentatifs de son action politique, pleins d\u2019enseignements\u00a0\u00bb, lit-on dans cet essai. En dernier lieu, Jugurtha Abbou rappelle que \u00ab\u00a0le 23 d\u00e9cembre 2015, A\u00eft Ahmed venait de rendre l\u2019\u00e2me et son enterrement aura \u00e9t\u00e9 \u00e0 l\u2019image de sa vie, populaire et \u00e9norme\u00a0\u00bb et que \u00ab\u00a0des milliers de personnes, toutes g\u00e9n\u00e9rations confondues, l\u2019ont accompagn\u00e9 \u00e0 sa derni\u00e8re demeure, \u00e0 Taqqa n\u2019A\u00eft Yahia, ce lieu qui l\u2019a vu na\u00eetre\u00a0\u00bb.<\/p>\n\n\n\n<p>Elyas Nour<\/p>\n","protected":false},"excerpt":{"rendered":"<p>\u00ab\u00a0Cet essai traite de la pens\u00e9e de Hocine A\u00eft Ahmed. D\u00e8s son entame, nous savions que sa r\u00e9alisation n\u2019allait pas<\/p>\n","protected":false},"author":3,"featured_media":32667,"comment_status":"open","ping_status":"closed","sticky":false,"template":"","format":"standard","meta":{"colormag_page_container_layout":"default_layout","colormag_page_sidebar_layout":"default_layout","om_disable_all_campaigns":false,"_monsterinsights_skip_tracking":false,"_monsterinsights_sitenote_active":false,"_monsterinsights_sitenote_note":"","_monsterinsights_sitenote_category":0,"footnotes":"","_wpscppro_dont_share_socialmedia":false,"_wpscppro_custom_social_share_image":0,"_facebook_share_type":"","_twitter_share_type":"","_linkedin_share_type":"","_pinterest_share_type":"","_linkedin_share_type_page":"","_instagram_share_type":"","_medium_share_type":"","_threads_share_type":"","_google_business_share_type":"","_selected_social_profile":[],"_wpsp_enable_custom_social_template":false,"_wpsp_social_scheduling":{"enabled":false,"datetime":null,"platforms":[],"status":"template_only","dateOption":"today","timeOption":"now","customDays":"","customHours":"","customDate":"","customTime":"","schedulingType":"absolute"},"_wpsp_active_default_template":true},"categories":[52,36],"tags":[],"class_list":["post-32644","post","type-post","status-publish","format-standard","has-post-thumbnail","hentry","category-a-la-une","category-culture"],"aioseo_notices":[],"yoast_head":"<!-- This site is optimized with the Yoast SEO plugin v27.5 - https:\/\/yoast.com\/product\/yoast-seo-wordpress\/ -->\n<title>\u00ab\u00a0La pens\u00e9e d\u2019A\u00eft Ahmed\u00a0\u00bb, un essai de Jugurtha Abbou\u00a0: Son parcours, ses combats, ses positions\u2026 - La Sentinelle<\/title>\n<meta name=\"robots\" content=\"index, follow, max-snippet:-1, max-image-preview:large, max-video-preview:-1\" \/>\n<link rel=\"canonical\" href=\"https:\/\/lasentinelle.dz\/index.php\/2022\/12\/14\/la-pensee-dait-ahmed-un-essai-de-jugurtha-abbou-son-parcours-ses-combats-ses-positions\/\" \/>\n<meta property=\"og:locale\" content=\"fr_FR\" \/>\n<meta property=\"og:type\" content=\"article\" \/>\n<meta property=\"og:title\" content=\"\u00ab\u00a0La pens\u00e9e d\u2019A\u00eft Ahmed\u00a0\u00bb, un essai de Jugurtha Abbou\u00a0: Son parcours, ses combats, ses positions\u2026 - La Sentinelle\" \/>\n<meta property=\"og:description\" content=\"\u00ab\u00a0Cet essai traite de la pens\u00e9e de Hocine A\u00eft Ahmed. D\u00e8s son entame, nous savions que sa r\u00e9alisation n\u2019allait pas\" \/>\n<meta property=\"og:url\" content=\"https:\/\/lasentinelle.dz\/index.php\/2022\/12\/14\/la-pensee-dait-ahmed-un-essai-de-jugurtha-abbou-son-parcours-ses-combats-ses-positions\/\" \/>\n<meta property=\"og:site_name\" content=\"La Sentinelle\" \/>\n<meta property=\"article:publisher\" content=\"https:\/\/www.facebook.com\/La-Sentinelle-104059864394773\" \/>\n<meta property=\"article:published_time\" content=\"2022-12-14T21:08:00+00:00\" \/>\n<meta property=\"og:image\" content=\"https:\/\/lasentinelle.dz\/wp-content\/uploads\/2022\/12\/ait-ahmed.png\" \/>\n\t<meta property=\"og:image:width\" content=\"1491\" \/>\n\t<meta property=\"og:image:height\" content=\"900\" \/>\n\t<meta property=\"og:image:type\" content=\"image\/png\" \/>\n<meta name=\"author\" content=\"La Sentinelle\" \/>\n<meta name=\"twitter:card\" content=\"summary_large_image\" \/>\n<meta name=\"twitter:label1\" content=\"\u00c9crit par\" \/>\n\t<meta name=\"twitter:data1\" content=\"La Sentinelle\" \/>\n\t<meta name=\"twitter:label2\" content=\"Dur\u00e9e de lecture estim\u00e9e\" \/>\n\t<meta name=\"twitter:data2\" content=\"4 minutes\" \/>\n<script type=\"application\/ld+json\" class=\"yoast-schema-graph\">{\"@context\":\"https:\\\/\\\/schema.org\",\"@graph\":[{\"@type\":\"Article\",\"@id\":\"https:\\\/\\\/lasentinelle.dz\\\/index.php\\\/2022\\\/12\\\/14\\\/la-pensee-dait-ahmed-un-essai-de-jugurtha-abbou-son-parcours-ses-combats-ses-positions\\\/#article\",\"isPartOf\":{\"@id\":\"https:\\\/\\\/lasentinelle.dz\\\/index.php\\\/2022\\\/12\\\/14\\\/la-pensee-dait-ahmed-un-essai-de-jugurtha-abbou-son-parcours-ses-combats-ses-positions\\\/\"},\"author\":{\"name\":\"La Sentinelle\",\"@id\":\"https:\\\/\\\/lasentinelle.dz\\\/#\\\/schema\\\/person\\\/d865044e22e70a75174ce8bcad3acfb3\"},\"headline\":\"\u00ab\u00a0La pens\u00e9e d\u2019A\u00eft Ahmed\u00a0\u00bb, un essai de Jugurtha Abbou\u00a0: Son parcours, ses combats, ses positions\u2026\",\"datePublished\":\"2022-12-14T21:08:00+00:00\",\"mainEntityOfPage\":{\"@id\":\"https:\\\/\\\/lasentinelle.dz\\\/index.php\\\/2022\\\/12\\\/14\\\/la-pensee-dait-ahmed-un-essai-de-jugurtha-abbou-son-parcours-ses-combats-ses-positions\\\/\"},\"wordCount\":728,\"commentCount\":0,\"publisher\":{\"@id\":\"https:\\\/\\\/lasentinelle.dz\\\/#organization\"},\"image\":{\"@id\":\"https:\\\/\\\/lasentinelle.dz\\\/index.php\\\/2022\\\/12\\\/14\\\/la-pensee-dait-ahmed-un-essai-de-jugurtha-abbou-son-parcours-ses-combats-ses-positions\\\/#primaryimage\"},\"thumbnailUrl\":\"https:\\\/\\\/lasentinelle.dz\\\/wp-content\\\/uploads\\\/2022\\\/12\\\/ait-ahmed.png\",\"articleSection\":[\"\u00c0 la Une\",\"Culture\"],\"inLanguage\":\"fr-FR\",\"potentialAction\":[{\"@type\":\"CommentAction\",\"name\":\"Comment\",\"target\":[\"https:\\\/\\\/lasentinelle.dz\\\/index.php\\\/2022\\\/12\\\/14\\\/la-pensee-dait-ahmed-un-essai-de-jugurtha-abbou-son-parcours-ses-combats-ses-positions\\\/#respond\"]}]},{\"@type\":\"WebPage\",\"@id\":\"https:\\\/\\\/lasentinelle.dz\\\/index.php\\\/2022\\\/12\\\/14\\\/la-pensee-dait-ahmed-un-essai-de-jugurtha-abbou-son-parcours-ses-combats-ses-positions\\\/\",\"url\":\"https:\\\/\\\/lasentinelle.dz\\\/index.php\\\/2022\\\/12\\\/14\\\/la-pensee-dait-ahmed-un-essai-de-jugurtha-abbou-son-parcours-ses-combats-ses-positions\\\/\",\"name\":\"\u00ab\u00a0La pens\u00e9e d\u2019A\u00eft Ahmed\u00a0\u00bb, un essai de Jugurtha Abbou\u00a0: Son parcours, ses combats, ses positions\u2026 - La Sentinelle\",\"isPartOf\":{\"@id\":\"https:\\\/\\\/lasentinelle.dz\\\/#website\"},\"primaryImageOfPage\":{\"@id\":\"https:\\\/\\\/lasentinelle.dz\\\/index.php\\\/2022\\\/12\\\/14\\\/la-pensee-dait-ahmed-un-essai-de-jugurtha-abbou-son-parcours-ses-combats-ses-positions\\\/#primaryimage\"},\"image\":{\"@id\":\"https:\\\/\\\/lasentinelle.dz\\\/index.php\\\/2022\\\/12\\\/14\\\/la-pensee-dait-ahmed-un-essai-de-jugurtha-abbou-son-parcours-ses-combats-ses-positions\\\/#primaryimage\"},\"thumbnailUrl\":\"https:\\\/\\\/lasentinelle.dz\\\/wp-content\\\/uploads\\\/2022\\\/12\\\/ait-ahmed.png\",\"datePublished\":\"2022-12-14T21:08:00+00:00\",\"breadcrumb\":{\"@id\":\"https:\\\/\\\/lasentinelle.dz\\\/index.php\\\/2022\\\/12\\\/14\\\/la-pensee-dait-ahmed-un-essai-de-jugurtha-abbou-son-parcours-ses-combats-ses-positions\\\/#breadcrumb\"},\"inLanguage\":\"fr-FR\",\"potentialAction\":[{\"@type\":\"ReadAction\",\"target\":[\"https:\\\/\\\/lasentinelle.dz\\\/index.php\\\/2022\\\/12\\\/14\\\/la-pensee-dait-ahmed-un-essai-de-jugurtha-abbou-son-parcours-ses-combats-ses-positions\\\/\"]}]},{\"@type\":\"ImageObject\",\"inLanguage\":\"fr-FR\",\"@id\":\"https:\\\/\\\/lasentinelle.dz\\\/index.php\\\/2022\\\/12\\\/14\\\/la-pensee-dait-ahmed-un-essai-de-jugurtha-abbou-son-parcours-ses-combats-ses-positions\\\/#primaryimage\",\"url\":\"https:\\\/\\\/lasentinelle.dz\\\/wp-content\\\/uploads\\\/2022\\\/12\\\/ait-ahmed.png\",\"contentUrl\":\"https:\\\/\\\/lasentinelle.dz\\\/wp-content\\\/uploads\\\/2022\\\/12\\\/ait-ahmed.png\",\"width\":1491,\"height\":900},{\"@type\":\"BreadcrumbList\",\"@id\":\"https:\\\/\\\/lasentinelle.dz\\\/index.php\\\/2022\\\/12\\\/14\\\/la-pensee-dait-ahmed-un-essai-de-jugurtha-abbou-son-parcours-ses-combats-ses-positions\\\/#breadcrumb\",\"itemListElement\":[{\"@type\":\"ListItem\",\"position\":1,\"name\":\"Accueil\",\"item\":\"https:\\\/\\\/lasentinelle.dz\\\/\"},{\"@type\":\"ListItem\",\"position\":2,\"name\":\"\u00ab\u00a0La pens\u00e9e d\u2019A\u00eft Ahmed\u00a0\u00bb, un essai de Jugurtha Abbou\u00a0: Son parcours, ses combats, ses positions\u2026\"}]},{\"@type\":\"WebSite\",\"@id\":\"https:\\\/\\\/lasentinelle.dz\\\/#website\",\"url\":\"https:\\\/\\\/lasentinelle.dz\\\/\",\"name\":\"La Sentinelle\",\"description\":\"Quotidien national d&#039;information\",\"publisher\":{\"@id\":\"https:\\\/\\\/lasentinelle.dz\\\/#organization\"},\"potentialAction\":[{\"@type\":\"SearchAction\",\"target\":{\"@type\":\"EntryPoint\",\"urlTemplate\":\"https:\\\/\\\/lasentinelle.dz\\\/?s={search_term_string}\"},\"query-input\":{\"@type\":\"PropertyValueSpecification\",\"valueRequired\":true,\"valueName\":\"search_term_string\"}}],\"inLanguage\":\"fr-FR\"},{\"@type\":\"Organization\",\"@id\":\"https:\\\/\\\/lasentinelle.dz\\\/#organization\",\"name\":\"Quotidien La Sentinelle\",\"url\":\"https:\\\/\\\/lasentinelle.dz\\\/\",\"logo\":{\"@type\":\"ImageObject\",\"inLanguage\":\"fr-FR\",\"@id\":\"https:\\\/\\\/lasentinelle.dz\\\/#\\\/schema\\\/logo\\\/image\\\/\",\"url\":\"https:\\\/\\\/lasentinelle.dz\\\/wp-content\\\/uploads\\\/2021\\\/09\\\/logo-sentinelleSLOGAN-1.png\",\"contentUrl\":\"https:\\\/\\\/lasentinelle.dz\\\/wp-content\\\/uploads\\\/2021\\\/09\\\/logo-sentinelleSLOGAN-1.png\",\"width\":615,\"height\":142,\"caption\":\"Quotidien La Sentinelle\"},\"image\":{\"@id\":\"https:\\\/\\\/lasentinelle.dz\\\/#\\\/schema\\\/logo\\\/image\\\/\"},\"sameAs\":[\"https:\\\/\\\/www.facebook.com\\\/La-Sentinelle-104059864394773\"]},{\"@type\":\"Person\",\"@id\":\"https:\\\/\\\/lasentinelle.dz\\\/#\\\/schema\\\/person\\\/d865044e22e70a75174ce8bcad3acfb3\",\"name\":\"La Sentinelle\",\"image\":{\"@type\":\"ImageObject\",\"inLanguage\":\"fr-FR\",\"@id\":\"https:\\\/\\\/secure.gravatar.com\\\/avatar\\\/57de8e5d4b15d43fb361a71fbb36338450fe67865b528a43dd10ef7c51a20392?s=96&d=mm&r=g\",\"url\":\"https:\\\/\\\/secure.gravatar.com\\\/avatar\\\/57de8e5d4b15d43fb361a71fbb36338450fe67865b528a43dd10ef7c51a20392?s=96&d=mm&r=g\",\"contentUrl\":\"https:\\\/\\\/secure.gravatar.com\\\/avatar\\\/57de8e5d4b15d43fb361a71fbb36338450fe67865b528a43dd10ef7c51a20392?s=96&d=mm&r=g\",\"caption\":\"La Sentinelle\"},\"sameAs\":[\"http:\\\/\\\/www.lasentinelle.dz\"],\"url\":\"https:\\\/\\\/lasentinelle.dz\\\/author\\\/redaction\\\/\"}]}<\/script>\n<!-- \/ Yoast SEO plugin. -->","yoast_head_json":{"title":"\u00ab\u00a0La pens\u00e9e d\u2019A\u00eft Ahmed\u00a0\u00bb, un essai de Jugurtha Abbou\u00a0: Son parcours, ses combats, ses positions\u2026 - La Sentinelle","robots":{"index":"index","follow":"follow","max-snippet":"max-snippet:-1","max-image-preview":"max-image-preview:large","max-video-preview":"max-video-preview:-1"},"canonical":"https:\/\/lasentinelle.dz\/index.php\/2022\/12\/14\/la-pensee-dait-ahmed-un-essai-de-jugurtha-abbou-son-parcours-ses-combats-ses-positions\/","og_locale":"fr_FR","og_type":"article","og_title":"\u00ab\u00a0La pens\u00e9e d\u2019A\u00eft Ahmed\u00a0\u00bb, un essai de Jugurtha Abbou\u00a0: Son parcours, ses combats, ses positions\u2026 - La Sentinelle","og_description":"\u00ab\u00a0Cet essai traite de la pens\u00e9e de Hocine A\u00eft Ahmed. D\u00e8s son entame, nous savions que sa r\u00e9alisation n\u2019allait pas","og_url":"https:\/\/lasentinelle.dz\/index.php\/2022\/12\/14\/la-pensee-dait-ahmed-un-essai-de-jugurtha-abbou-son-parcours-ses-combats-ses-positions\/","og_site_name":"La Sentinelle","article_publisher":"https:\/\/www.facebook.com\/La-Sentinelle-104059864394773","article_published_time":"2022-12-14T21:08:00+00:00","og_image":[{"width":1491,"height":900,"url":"https:\/\/lasentinelle.dz\/wp-content\/uploads\/2022\/12\/ait-ahmed.png","type":"image\/png"}],"author":"La Sentinelle","twitter_card":"summary_large_image","twitter_misc":{"\u00c9crit par":"La Sentinelle","Dur\u00e9e de lecture estim\u00e9e":"4 minutes"},"schema":{"@context":"https:\/\/schema.org","@graph":[{"@type":"Article","@id":"https:\/\/lasentinelle.dz\/index.php\/2022\/12\/14\/la-pensee-dait-ahmed-un-essai-de-jugurtha-abbou-son-parcours-ses-combats-ses-positions\/#article","isPartOf":{"@id":"https:\/\/lasentinelle.dz\/index.php\/2022\/12\/14\/la-pensee-dait-ahmed-un-essai-de-jugurtha-abbou-son-parcours-ses-combats-ses-positions\/"},"author":{"name":"La Sentinelle","@id":"https:\/\/lasentinelle.dz\/#\/schema\/person\/d865044e22e70a75174ce8bcad3acfb3"},"headline":"\u00ab\u00a0La pens\u00e9e d\u2019A\u00eft Ahmed\u00a0\u00bb, un essai de Jugurtha Abbou\u00a0: Son parcours, ses combats, ses positions\u2026","datePublished":"2022-12-14T21:08:00+00:00","mainEntityOfPage":{"@id":"https:\/\/lasentinelle.dz\/index.php\/2022\/12\/14\/la-pensee-dait-ahmed-un-essai-de-jugurtha-abbou-son-parcours-ses-combats-ses-positions\/"},"wordCount":728,"commentCount":0,"publisher":{"@id":"https:\/\/lasentinelle.dz\/#organization"},"image":{"@id":"https:\/\/lasentinelle.dz\/index.php\/2022\/12\/14\/la-pensee-dait-ahmed-un-essai-de-jugurtha-abbou-son-parcours-ses-combats-ses-positions\/#primaryimage"},"thumbnailUrl":"https:\/\/lasentinelle.dz\/wp-content\/uploads\/2022\/12\/ait-ahmed.png","articleSection":["\u00c0 la Une","Culture"],"inLanguage":"fr-FR","potentialAction":[{"@type":"CommentAction","name":"Comment","target":["https:\/\/lasentinelle.dz\/index.php\/2022\/12\/14\/la-pensee-dait-ahmed-un-essai-de-jugurtha-abbou-son-parcours-ses-combats-ses-positions\/#respond"]}]},{"@type":"WebPage","@id":"https:\/\/lasentinelle.dz\/index.php\/2022\/12\/14\/la-pensee-dait-ahmed-un-essai-de-jugurtha-abbou-son-parcours-ses-combats-ses-positions\/","url":"https:\/\/lasentinelle.dz\/index.php\/2022\/12\/14\/la-pensee-dait-ahmed-un-essai-de-jugurtha-abbou-son-parcours-ses-combats-ses-positions\/","name":"\u00ab\u00a0La pens\u00e9e d\u2019A\u00eft Ahmed\u00a0\u00bb, un essai de Jugurtha Abbou\u00a0: Son parcours, ses combats, ses positions\u2026 - La Sentinelle","isPartOf":{"@id":"https:\/\/lasentinelle.dz\/#website"},"primaryImageOfPage":{"@id":"https:\/\/lasentinelle.dz\/index.php\/2022\/12\/14\/la-pensee-dait-ahmed-un-essai-de-jugurtha-abbou-son-parcours-ses-combats-ses-positions\/#primaryimage"},"image":{"@id":"https:\/\/lasentinelle.dz\/index.php\/2022\/12\/14\/la-pensee-dait-ahmed-un-essai-de-jugurtha-abbou-son-parcours-ses-combats-ses-positions\/#primaryimage"},"thumbnailUrl":"https:\/\/lasentinelle.dz\/wp-content\/uploads\/2022\/12\/ait-ahmed.png","datePublished":"2022-12-14T21:08:00+00:00","breadcrumb":{"@id":"https:\/\/lasentinelle.dz\/index.php\/2022\/12\/14\/la-pensee-dait-ahmed-un-essai-de-jugurtha-abbou-son-parcours-ses-combats-ses-positions\/#breadcrumb"},"inLanguage":"fr-FR","potentialAction":[{"@type":"ReadAction","target":["https:\/\/lasentinelle.dz\/index.php\/2022\/12\/14\/la-pensee-dait-ahmed-un-essai-de-jugurtha-abbou-son-parcours-ses-combats-ses-positions\/"]}]},{"@type":"ImageObject","inLanguage":"fr-FR","@id":"https:\/\/lasentinelle.dz\/index.php\/2022\/12\/14\/la-pensee-dait-ahmed-un-essai-de-jugurtha-abbou-son-parcours-ses-combats-ses-positions\/#primaryimage","url":"https:\/\/lasentinelle.dz\/wp-content\/uploads\/2022\/12\/ait-ahmed.png","contentUrl":"https:\/\/lasentinelle.dz\/wp-content\/uploads\/2022\/12\/ait-ahmed.png","width":1491,"height":900},{"@type":"BreadcrumbList","@id":"https:\/\/lasentinelle.dz\/index.php\/2022\/12\/14\/la-pensee-dait-ahmed-un-essai-de-jugurtha-abbou-son-parcours-ses-combats-ses-positions\/#breadcrumb","itemListElement":[{"@type":"ListItem","position":1,"name":"Accueil","item":"https:\/\/lasentinelle.dz\/"},{"@type":"ListItem","position":2,"name":"\u00ab\u00a0La pens\u00e9e d\u2019A\u00eft Ahmed\u00a0\u00bb, un essai de Jugurtha Abbou\u00a0: Son parcours, ses combats, ses positions\u2026"}]},{"@type":"WebSite","@id":"https:\/\/lasentinelle.dz\/#website","url":"https:\/\/lasentinelle.dz\/","name":"La Sentinelle","description":"Quotidien national d&#039;information","publisher":{"@id":"https:\/\/lasentinelle.dz\/#organization"},"potentialAction":[{"@type":"SearchAction","target":{"@type":"EntryPoint","urlTemplate":"https:\/\/lasentinelle.dz\/?s={search_term_string}"},"query-input":{"@type":"PropertyValueSpecification","valueRequired":true,"valueName":"search_term_string"}}],"inLanguage":"fr-FR"},{"@type":"Organization","@id":"https:\/\/lasentinelle.dz\/#organization","name":"Quotidien La Sentinelle","url":"https:\/\/lasentinelle.dz\/","logo":{"@type":"ImageObject","inLanguage":"fr-FR","@id":"https:\/\/lasentinelle.dz\/#\/schema\/logo\/image\/","url":"https:\/\/lasentinelle.dz\/wp-content\/uploads\/2021\/09\/logo-sentinelleSLOGAN-1.png","contentUrl":"https:\/\/lasentinelle.dz\/wp-content\/uploads\/2021\/09\/logo-sentinelleSLOGAN-1.png","width":615,"height":142,"caption":"Quotidien La Sentinelle"},"image":{"@id":"https:\/\/lasentinelle.dz\/#\/schema\/logo\/image\/"},"sameAs":["https:\/\/www.facebook.com\/La-Sentinelle-104059864394773"]},{"@type":"Person","@id":"https:\/\/lasentinelle.dz\/#\/schema\/person\/d865044e22e70a75174ce8bcad3acfb3","name":"La Sentinelle","image":{"@type":"ImageObject","inLanguage":"fr-FR","@id":"https:\/\/secure.gravatar.com\/avatar\/57de8e5d4b15d43fb361a71fbb36338450fe67865b528a43dd10ef7c51a20392?s=96&d=mm&r=g","url":"https:\/\/secure.gravatar.com\/avatar\/57de8e5d4b15d43fb361a71fbb36338450fe67865b528a43dd10ef7c51a20392?s=96&d=mm&r=g","contentUrl":"https:\/\/secure.gravatar.com\/avatar\/57de8e5d4b15d43fb361a71fbb36338450fe67865b528a43dd10ef7c51a20392?s=96&d=mm&r=g","caption":"La Sentinelle"},"sameAs":["http:\/\/www.lasentinelle.dz"],"url":"https:\/\/lasentinelle.dz\/author\/redaction\/"}]}},"_links":{"self":[{"href":"https:\/\/lasentinelle.dz\/index.php\/wp-json\/wp\/v2\/posts\/32644","targetHints":{"allow":["GET"]}}],"collection":[{"href":"https:\/\/lasentinelle.dz\/index.php\/wp-json\/wp\/v2\/posts"}],"about":[{"href":"https:\/\/lasentinelle.dz\/index.php\/wp-json\/wp\/v2\/types\/post"}],"author":[{"embeddable":true,"href":"https:\/\/lasentinelle.dz\/index.php\/wp-json\/wp\/v2\/users\/3"}],"replies":[{"embeddable":true,"href":"https:\/\/lasentinelle.dz\/index.php\/wp-json\/wp\/v2\/comments?post=32644"}],"version-history":[{"count":1,"href":"https:\/\/lasentinelle.dz\/index.php\/wp-json\/wp\/v2\/posts\/32644\/revisions"}],"predecessor-version":[{"id":32668,"href":"https:\/\/lasentinelle.dz\/index.php\/wp-json\/wp\/v2\/posts\/32644\/revisions\/32668"}],"wp:featuredmedia":[{"embeddable":true,"href":"https:\/\/lasentinelle.dz\/index.php\/wp-json\/wp\/v2\/media\/32667"}],"wp:attachment":[{"href":"https:\/\/lasentinelle.dz\/index.php\/wp-json\/wp\/v2\/media?parent=32644"}],"wp:term":[{"taxonomy":"category","embeddable":true,"href":"https:\/\/lasentinelle.dz\/index.php\/wp-json\/wp\/v2\/categories?post=32644"},{"taxonomy":"post_tag","embeddable":true,"href":"https:\/\/lasentinelle.dz\/index.php\/wp-json\/wp\/v2\/tags?post=32644"}],"curies":[{"name":"wp","href":"https:\/\/api.w.org\/{rel}","templated":true}]}}