{"id":32683,"date":"2022-12-17T22:00:00","date_gmt":"2022-12-17T21:00:00","guid":{"rendered":"https:\/\/lasentinelle.dz\/?p=32683"},"modified":"2022-12-17T15:58:51","modified_gmt":"2022-12-17T14:58:51","slug":"colombie-pres-de-10-000-civils-confines-de-force-par-des-rebelles","status":"publish","type":"post","link":"https:\/\/lasentinelle.dz\/index.php\/2022\/12\/17\/colombie-pres-de-10-000-civils-confines-de-force-par-des-rebelles\/","title":{"rendered":"Colombie\u00a0: Pr\u00e8s de 10.000 civils confin\u00e9s de force par des rebelles"},"content":{"rendered":"\n<p>Au moins 9.800 personnes ont \u00e9t\u00e9 plac\u00e9es de force en confinement dans le nord-est de la Colombie, \u00e0 cause d&rsquo;une \u00abgr\u00e8ve arm\u00e9e\u00bb lanc\u00e9e par l&rsquo;Arm\u00e9e de lib\u00e9ration nationale (ELN) en marge des n\u00e9gociations de paix avec le gouvernement, a annonc\u00e9 vendredi 16 d\u00e9cembre l&rsquo;Ombudsman colombien dans un communiqu\u00e9. Ces civils des municipalit\u00e9s d&rsquo;Istmina, Medio San Juan, Sipi et Novita sont \u00abconfin\u00e9s de mani\u00e8re ind\u00e9finie\u00bb par les rebelles et voient restreints leurs mouvements, leurs activit\u00e9s quotidiennes, l&rsquo;acc\u00e8s aux vivres et aux services de sant\u00e9, a expliqu\u00e9 l&rsquo;organisme public de surveillance des droits humains. L&rsquo;ELN a d\u00e9cr\u00e9t\u00e9 mercredi l&rsquo;interdiction de circuler et de travailler dans cette r\u00e9gion o\u00f9 le \u00abjeune Santiago Caceres\u00bb a \u00e9t\u00e9 assassin\u00e9 lundi par des \u00abparamilitaires de m\u00e8che\u00bb avec les pouvoirs publics, selon les gu\u00e9rilleros. Selon l&rsquo;Ombudsman, des membres du cartel Clan Del Golfo &#8211; aussi appel\u00e9 \u00abAutodefensas Gaitanistas de Colombia\u00bb (AGC) &#8211; ont fait une incursion le 12 d\u00e9cembre dans un quartier d&rsquo;Istmina, o\u00f9 une personne a \u00e9t\u00e9 assassin\u00e9e. \u00abLes communaut\u00e9s d&rsquo;origine africaine et indig\u00e8ne qui vivent dans cette sous-r\u00e9gion du Medio San Juan ont \u00e9t\u00e9 confront\u00e9es \u00e0 plusieurs confinements successifs et d\u00e9placements massifs\u00bb dans cette zone o\u00f9 s\u00e9vissent des \u00abgroupes ill\u00e9gaux\u00bb, a ajout\u00e9 l&rsquo;agence de d\u00e9fense des droits. Cette \u00abgr\u00e8ve arm\u00e9e\u00bb a suscit\u00e9 des critiques dans l&rsquo;opposition et au sein du gouvernement de gauche qui a boucl\u00e9 \u00e0 Caracas un premier cycle de discussions de paix avec la gu\u00e9rilla en d\u00e9but de semaine. Le gouvernement et l&rsquo;ELN, active depuis 1964 et qui compte environ 2.500 combattants selon des estimations ind\u00e9pendantes, ont notamment annonc\u00e9 des \u00abactions humanitaires\u00bb pour limiter la violence dans la r\u00e9gion d\u00e9sormais paralys\u00e9e. Les pourparlers ont repris en novembre sur les bases du processus de paix laiss\u00e9 en suspens par le gouvernement d&rsquo;Ivan Duque (2018-2022). Ils doivent se poursuivre lors d&rsquo;une seconde session en 2023 au Mexique. Le dialogue se poursuit sans qu&rsquo;un cessez-le-feu n&rsquo;ait \u00e9t\u00e9 prononc\u00e9.<\/p>\n\n\n\n<p>Agences<\/p>\n","protected":false},"excerpt":{"rendered":"<p>Au moins 9.800 personnes ont \u00e9t\u00e9 plac\u00e9es de force en confinement dans le nord-est de la Colombie, \u00e0 cause d&rsquo;une<\/p>\n","protected":false},"author":3,"featured_media":32692,"comment_status":"open","ping_status":"closed","sticky":false,"template":"","format":"standard","meta":{"colormag_page_container_layout":"default_layout","colormag_page_sidebar_layout":"default_layout","om_disable_all_campaigns":false,"_monsterinsights_skip_tracking":false,"_monsterinsights_sitenote_active":false,"_monsterinsights_sitenote_note":"","_monsterinsights_sitenote_category":0,"footnotes":"","_wpscppro_dont_share_socialmedia":false,"_wpscppro_custom_social_share_image":0,"_facebook_share_type":"","_twitter_share_type":"","_linkedin_share_type":"","_pinterest_share_type":"","_linkedin_share_type_page":"","_instagram_share_type":"","_medium_share_type":"","_threads_share_type":"","_google_business_share_type":"","_selected_social_profile":[],"_wpsp_enable_custom_social_template":false,"_wpsp_social_scheduling":{"enabled":false,"datetime":null,"platforms":[],"status":"template_only","dateOption":"today","timeOption":"now","customDays":"","customHours":"","customDate":"","customTime":"","schedulingType":"absolute"},"_wpsp_active_default_template":true},"categories":[37],"tags":[],"class_list":["post-32683","post","type-post","status-publish","format-standard","has-post-thumbnail","hentry","category-monde"],"aioseo_notices":[],"yoast_head":"<!-- This site is optimized with the Yoast SEO plugin v27.5 - https:\/\/yoast.com\/product\/yoast-seo-wordpress\/ -->\n<title>Colombie\u00a0: Pr\u00e8s de 10.000 civils confin\u00e9s de force par des rebelles - La Sentinelle<\/title>\n<meta name=\"robots\" content=\"index, follow, max-snippet:-1, max-image-preview:large, max-video-preview:-1\" \/>\n<link rel=\"canonical\" href=\"https:\/\/lasentinelle.dz\/index.php\/2022\/12\/17\/colombie-pres-de-10-000-civils-confines-de-force-par-des-rebelles\/\" \/>\n<meta property=\"og:locale\" content=\"fr_FR\" \/>\n<meta property=\"og:type\" content=\"article\" \/>\n<meta property=\"og:title\" content=\"Colombie\u00a0: Pr\u00e8s de 10.000 civils confin\u00e9s de force par des rebelles - La Sentinelle\" \/>\n<meta property=\"og:description\" content=\"Au moins 9.800 personnes ont \u00e9t\u00e9 plac\u00e9es de force en confinement dans le nord-est de la Colombie, \u00e0 cause d&rsquo;une\" \/>\n<meta property=\"og:url\" content=\"https:\/\/lasentinelle.dz\/index.php\/2022\/12\/17\/colombie-pres-de-10-000-civils-confines-de-force-par-des-rebelles\/\" \/>\n<meta property=\"og:site_name\" content=\"La Sentinelle\" \/>\n<meta property=\"article:publisher\" content=\"https:\/\/www.facebook.com\/La-Sentinelle-104059864394773\" \/>\n<meta property=\"article:published_time\" content=\"2022-12-17T21:00:00+00:00\" \/>\n<meta property=\"og:image\" content=\"https:\/\/lasentinelle.dz\/wp-content\/uploads\/2022\/12\/image_2022-12-17_155835536.png\" \/>\n\t<meta property=\"og:image:width\" content=\"276\" \/>\n\t<meta property=\"og:image:height\" content=\"182\" \/>\n\t<meta property=\"og:image:type\" content=\"image\/png\" \/>\n<meta name=\"author\" content=\"La Sentinelle\" \/>\n<meta name=\"twitter:card\" content=\"summary_large_image\" \/>\n<meta name=\"twitter:label1\" content=\"\u00c9crit par\" \/>\n\t<meta name=\"twitter:data1\" content=\"La Sentinelle\" \/>\n\t<meta name=\"twitter:label2\" content=\"Dur\u00e9e de lecture estim\u00e9e\" \/>\n\t<meta name=\"twitter:data2\" content=\"2 minutes\" \/>\n<script type=\"application\/ld+json\" class=\"yoast-schema-graph\">{\"@context\":\"https:\\\/\\\/schema.org\",\"@graph\":[{\"@type\":\"Article\",\"@id\":\"https:\\\/\\\/lasentinelle.dz\\\/index.php\\\/2022\\\/12\\\/17\\\/colombie-pres-de-10-000-civils-confines-de-force-par-des-rebelles\\\/#article\",\"isPartOf\":{\"@id\":\"https:\\\/\\\/lasentinelle.dz\\\/index.php\\\/2022\\\/12\\\/17\\\/colombie-pres-de-10-000-civils-confines-de-force-par-des-rebelles\\\/\"},\"author\":{\"name\":\"La Sentinelle\",\"@id\":\"https:\\\/\\\/lasentinelle.dz\\\/#\\\/schema\\\/person\\\/d865044e22e70a75174ce8bcad3acfb3\"},\"headline\":\"Colombie\u00a0: Pr\u00e8s de 10.000 civils confin\u00e9s de force par des rebelles\",\"datePublished\":\"2022-12-17T21:00:00+00:00\",\"mainEntityOfPage\":{\"@id\":\"https:\\\/\\\/lasentinelle.dz\\\/index.php\\\/2022\\\/12\\\/17\\\/colombie-pres-de-10-000-civils-confines-de-force-par-des-rebelles\\\/\"},\"wordCount\":371,\"commentCount\":0,\"publisher\":{\"@id\":\"https:\\\/\\\/lasentinelle.dz\\\/#organization\"},\"image\":{\"@id\":\"https:\\\/\\\/lasentinelle.dz\\\/index.php\\\/2022\\\/12\\\/17\\\/colombie-pres-de-10-000-civils-confines-de-force-par-des-rebelles\\\/#primaryimage\"},\"thumbnailUrl\":\"https:\\\/\\\/lasentinelle.dz\\\/wp-content\\\/uploads\\\/2022\\\/12\\\/image_2022-12-17_155835536.png\",\"articleSection\":[\"Monde\"],\"inLanguage\":\"fr-FR\",\"potentialAction\":[{\"@type\":\"CommentAction\",\"name\":\"Comment\",\"target\":[\"https:\\\/\\\/lasentinelle.dz\\\/index.php\\\/2022\\\/12\\\/17\\\/colombie-pres-de-10-000-civils-confines-de-force-par-des-rebelles\\\/#respond\"]}]},{\"@type\":\"WebPage\",\"@id\":\"https:\\\/\\\/lasentinelle.dz\\\/index.php\\\/2022\\\/12\\\/17\\\/colombie-pres-de-10-000-civils-confines-de-force-par-des-rebelles\\\/\",\"url\":\"https:\\\/\\\/lasentinelle.dz\\\/index.php\\\/2022\\\/12\\\/17\\\/colombie-pres-de-10-000-civils-confines-de-force-par-des-rebelles\\\/\",\"name\":\"Colombie\u00a0: Pr\u00e8s de 10.000 civils confin\u00e9s de force par des rebelles - La Sentinelle\",\"isPartOf\":{\"@id\":\"https:\\\/\\\/lasentinelle.dz\\\/#website\"},\"primaryImageOfPage\":{\"@id\":\"https:\\\/\\\/lasentinelle.dz\\\/index.php\\\/2022\\\/12\\\/17\\\/colombie-pres-de-10-000-civils-confines-de-force-par-des-rebelles\\\/#primaryimage\"},\"image\":{\"@id\":\"https:\\\/\\\/lasentinelle.dz\\\/index.php\\\/2022\\\/12\\\/17\\\/colombie-pres-de-10-000-civils-confines-de-force-par-des-rebelles\\\/#primaryimage\"},\"thumbnailUrl\":\"https:\\\/\\\/lasentinelle.dz\\\/wp-content\\\/uploads\\\/2022\\\/12\\\/image_2022-12-17_155835536.png\",\"datePublished\":\"2022-12-17T21:00:00+00:00\",\"breadcrumb\":{\"@id\":\"https:\\\/\\\/lasentinelle.dz\\\/index.php\\\/2022\\\/12\\\/17\\\/colombie-pres-de-10-000-civils-confines-de-force-par-des-rebelles\\\/#breadcrumb\"},\"inLanguage\":\"fr-FR\",\"potentialAction\":[{\"@type\":\"ReadAction\",\"target\":[\"https:\\\/\\\/lasentinelle.dz\\\/index.php\\\/2022\\\/12\\\/17\\\/colombie-pres-de-10-000-civils-confines-de-force-par-des-rebelles\\\/\"]}]},{\"@type\":\"ImageObject\",\"inLanguage\":\"fr-FR\",\"@id\":\"https:\\\/\\\/lasentinelle.dz\\\/index.php\\\/2022\\\/12\\\/17\\\/colombie-pres-de-10-000-civils-confines-de-force-par-des-rebelles\\\/#primaryimage\",\"url\":\"https:\\\/\\\/lasentinelle.dz\\\/wp-content\\\/uploads\\\/2022\\\/12\\\/image_2022-12-17_155835536.png\",\"contentUrl\":\"https:\\\/\\\/lasentinelle.dz\\\/wp-content\\\/uploads\\\/2022\\\/12\\\/image_2022-12-17_155835536.png\",\"width\":276,\"height\":182},{\"@type\":\"BreadcrumbList\",\"@id\":\"https:\\\/\\\/lasentinelle.dz\\\/index.php\\\/2022\\\/12\\\/17\\\/colombie-pres-de-10-000-civils-confines-de-force-par-des-rebelles\\\/#breadcrumb\",\"itemListElement\":[{\"@type\":\"ListItem\",\"position\":1,\"name\":\"Accueil\",\"item\":\"https:\\\/\\\/lasentinelle.dz\\\/\"},{\"@type\":\"ListItem\",\"position\":2,\"name\":\"Colombie\u00a0: Pr\u00e8s de 10.000 civils confin\u00e9s de force par des rebelles\"}]},{\"@type\":\"WebSite\",\"@id\":\"https:\\\/\\\/lasentinelle.dz\\\/#website\",\"url\":\"https:\\\/\\\/lasentinelle.dz\\\/\",\"name\":\"La Sentinelle\",\"description\":\"Quotidien national d&#039;information\",\"publisher\":{\"@id\":\"https:\\\/\\\/lasentinelle.dz\\\/#organization\"},\"potentialAction\":[{\"@type\":\"SearchAction\",\"target\":{\"@type\":\"EntryPoint\",\"urlTemplate\":\"https:\\\/\\\/lasentinelle.dz\\\/?s={search_term_string}\"},\"query-input\":{\"@type\":\"PropertyValueSpecification\",\"valueRequired\":true,\"valueName\":\"search_term_string\"}}],\"inLanguage\":\"fr-FR\"},{\"@type\":\"Organization\",\"@id\":\"https:\\\/\\\/lasentinelle.dz\\\/#organization\",\"name\":\"Quotidien La Sentinelle\",\"url\":\"https:\\\/\\\/lasentinelle.dz\\\/\",\"logo\":{\"@type\":\"ImageObject\",\"inLanguage\":\"fr-FR\",\"@id\":\"https:\\\/\\\/lasentinelle.dz\\\/#\\\/schema\\\/logo\\\/image\\\/\",\"url\":\"https:\\\/\\\/lasentinelle.dz\\\/wp-content\\\/uploads\\\/2021\\\/09\\\/logo-sentinelleSLOGAN-1.png\",\"contentUrl\":\"https:\\\/\\\/lasentinelle.dz\\\/wp-content\\\/uploads\\\/2021\\\/09\\\/logo-sentinelleSLOGAN-1.png\",\"width\":615,\"height\":142,\"caption\":\"Quotidien La Sentinelle\"},\"image\":{\"@id\":\"https:\\\/\\\/lasentinelle.dz\\\/#\\\/schema\\\/logo\\\/image\\\/\"},\"sameAs\":[\"https:\\\/\\\/www.facebook.com\\\/La-Sentinelle-104059864394773\"]},{\"@type\":\"Person\",\"@id\":\"https:\\\/\\\/lasentinelle.dz\\\/#\\\/schema\\\/person\\\/d865044e22e70a75174ce8bcad3acfb3\",\"name\":\"La Sentinelle\",\"image\":{\"@type\":\"ImageObject\",\"inLanguage\":\"fr-FR\",\"@id\":\"https:\\\/\\\/secure.gravatar.com\\\/avatar\\\/57de8e5d4b15d43fb361a71fbb36338450fe67865b528a43dd10ef7c51a20392?s=96&d=mm&r=g\",\"url\":\"https:\\\/\\\/secure.gravatar.com\\\/avatar\\\/57de8e5d4b15d43fb361a71fbb36338450fe67865b528a43dd10ef7c51a20392?s=96&d=mm&r=g\",\"contentUrl\":\"https:\\\/\\\/secure.gravatar.com\\\/avatar\\\/57de8e5d4b15d43fb361a71fbb36338450fe67865b528a43dd10ef7c51a20392?s=96&d=mm&r=g\",\"caption\":\"La Sentinelle\"},\"sameAs\":[\"http:\\\/\\\/www.lasentinelle.dz\"],\"url\":\"https:\\\/\\\/lasentinelle.dz\\\/author\\\/redaction\\\/\"}]}<\/script>\n<!-- \/ Yoast SEO plugin. -->","yoast_head_json":{"title":"Colombie\u00a0: Pr\u00e8s de 10.000 civils confin\u00e9s de force par des rebelles - La Sentinelle","robots":{"index":"index","follow":"follow","max-snippet":"max-snippet:-1","max-image-preview":"max-image-preview:large","max-video-preview":"max-video-preview:-1"},"canonical":"https:\/\/lasentinelle.dz\/index.php\/2022\/12\/17\/colombie-pres-de-10-000-civils-confines-de-force-par-des-rebelles\/","og_locale":"fr_FR","og_type":"article","og_title":"Colombie\u00a0: Pr\u00e8s de 10.000 civils confin\u00e9s de force par des rebelles - La Sentinelle","og_description":"Au moins 9.800 personnes ont \u00e9t\u00e9 plac\u00e9es de force en confinement dans le nord-est de la Colombie, \u00e0 cause d&rsquo;une","og_url":"https:\/\/lasentinelle.dz\/index.php\/2022\/12\/17\/colombie-pres-de-10-000-civils-confines-de-force-par-des-rebelles\/","og_site_name":"La Sentinelle","article_publisher":"https:\/\/www.facebook.com\/La-Sentinelle-104059864394773","article_published_time":"2022-12-17T21:00:00+00:00","og_image":[{"width":276,"height":182,"url":"https:\/\/lasentinelle.dz\/wp-content\/uploads\/2022\/12\/image_2022-12-17_155835536.png","type":"image\/png"}],"author":"La Sentinelle","twitter_card":"summary_large_image","twitter_misc":{"\u00c9crit par":"La Sentinelle","Dur\u00e9e de lecture estim\u00e9e":"2 minutes"},"schema":{"@context":"https:\/\/schema.org","@graph":[{"@type":"Article","@id":"https:\/\/lasentinelle.dz\/index.php\/2022\/12\/17\/colombie-pres-de-10-000-civils-confines-de-force-par-des-rebelles\/#article","isPartOf":{"@id":"https:\/\/lasentinelle.dz\/index.php\/2022\/12\/17\/colombie-pres-de-10-000-civils-confines-de-force-par-des-rebelles\/"},"author":{"name":"La Sentinelle","@id":"https:\/\/lasentinelle.dz\/#\/schema\/person\/d865044e22e70a75174ce8bcad3acfb3"},"headline":"Colombie\u00a0: Pr\u00e8s de 10.000 civils confin\u00e9s de force par des rebelles","datePublished":"2022-12-17T21:00:00+00:00","mainEntityOfPage":{"@id":"https:\/\/lasentinelle.dz\/index.php\/2022\/12\/17\/colombie-pres-de-10-000-civils-confines-de-force-par-des-rebelles\/"},"wordCount":371,"commentCount":0,"publisher":{"@id":"https:\/\/lasentinelle.dz\/#organization"},"image":{"@id":"https:\/\/lasentinelle.dz\/index.php\/2022\/12\/17\/colombie-pres-de-10-000-civils-confines-de-force-par-des-rebelles\/#primaryimage"},"thumbnailUrl":"https:\/\/lasentinelle.dz\/wp-content\/uploads\/2022\/12\/image_2022-12-17_155835536.png","articleSection":["Monde"],"inLanguage":"fr-FR","potentialAction":[{"@type":"CommentAction","name":"Comment","target":["https:\/\/lasentinelle.dz\/index.php\/2022\/12\/17\/colombie-pres-de-10-000-civils-confines-de-force-par-des-rebelles\/#respond"]}]},{"@type":"WebPage","@id":"https:\/\/lasentinelle.dz\/index.php\/2022\/12\/17\/colombie-pres-de-10-000-civils-confines-de-force-par-des-rebelles\/","url":"https:\/\/lasentinelle.dz\/index.php\/2022\/12\/17\/colombie-pres-de-10-000-civils-confines-de-force-par-des-rebelles\/","name":"Colombie\u00a0: Pr\u00e8s de 10.000 civils confin\u00e9s de force par des rebelles - La Sentinelle","isPartOf":{"@id":"https:\/\/lasentinelle.dz\/#website"},"primaryImageOfPage":{"@id":"https:\/\/lasentinelle.dz\/index.php\/2022\/12\/17\/colombie-pres-de-10-000-civils-confines-de-force-par-des-rebelles\/#primaryimage"},"image":{"@id":"https:\/\/lasentinelle.dz\/index.php\/2022\/12\/17\/colombie-pres-de-10-000-civils-confines-de-force-par-des-rebelles\/#primaryimage"},"thumbnailUrl":"https:\/\/lasentinelle.dz\/wp-content\/uploads\/2022\/12\/image_2022-12-17_155835536.png","datePublished":"2022-12-17T21:00:00+00:00","breadcrumb":{"@id":"https:\/\/lasentinelle.dz\/index.php\/2022\/12\/17\/colombie-pres-de-10-000-civils-confines-de-force-par-des-rebelles\/#breadcrumb"},"inLanguage":"fr-FR","potentialAction":[{"@type":"ReadAction","target":["https:\/\/lasentinelle.dz\/index.php\/2022\/12\/17\/colombie-pres-de-10-000-civils-confines-de-force-par-des-rebelles\/"]}]},{"@type":"ImageObject","inLanguage":"fr-FR","@id":"https:\/\/lasentinelle.dz\/index.php\/2022\/12\/17\/colombie-pres-de-10-000-civils-confines-de-force-par-des-rebelles\/#primaryimage","url":"https:\/\/lasentinelle.dz\/wp-content\/uploads\/2022\/12\/image_2022-12-17_155835536.png","contentUrl":"https:\/\/lasentinelle.dz\/wp-content\/uploads\/2022\/12\/image_2022-12-17_155835536.png","width":276,"height":182},{"@type":"BreadcrumbList","@id":"https:\/\/lasentinelle.dz\/index.php\/2022\/12\/17\/colombie-pres-de-10-000-civils-confines-de-force-par-des-rebelles\/#breadcrumb","itemListElement":[{"@type":"ListItem","position":1,"name":"Accueil","item":"https:\/\/lasentinelle.dz\/"},{"@type":"ListItem","position":2,"name":"Colombie\u00a0: Pr\u00e8s de 10.000 civils confin\u00e9s de force par des rebelles"}]},{"@type":"WebSite","@id":"https:\/\/lasentinelle.dz\/#website","url":"https:\/\/lasentinelle.dz\/","name":"La Sentinelle","description":"Quotidien national d&#039;information","publisher":{"@id":"https:\/\/lasentinelle.dz\/#organization"},"potentialAction":[{"@type":"SearchAction","target":{"@type":"EntryPoint","urlTemplate":"https:\/\/lasentinelle.dz\/?s={search_term_string}"},"query-input":{"@type":"PropertyValueSpecification","valueRequired":true,"valueName":"search_term_string"}}],"inLanguage":"fr-FR"},{"@type":"Organization","@id":"https:\/\/lasentinelle.dz\/#organization","name":"Quotidien La Sentinelle","url":"https:\/\/lasentinelle.dz\/","logo":{"@type":"ImageObject","inLanguage":"fr-FR","@id":"https:\/\/lasentinelle.dz\/#\/schema\/logo\/image\/","url":"https:\/\/lasentinelle.dz\/wp-content\/uploads\/2021\/09\/logo-sentinelleSLOGAN-1.png","contentUrl":"https:\/\/lasentinelle.dz\/wp-content\/uploads\/2021\/09\/logo-sentinelleSLOGAN-1.png","width":615,"height":142,"caption":"Quotidien La Sentinelle"},"image":{"@id":"https:\/\/lasentinelle.dz\/#\/schema\/logo\/image\/"},"sameAs":["https:\/\/www.facebook.com\/La-Sentinelle-104059864394773"]},{"@type":"Person","@id":"https:\/\/lasentinelle.dz\/#\/schema\/person\/d865044e22e70a75174ce8bcad3acfb3","name":"La Sentinelle","image":{"@type":"ImageObject","inLanguage":"fr-FR","@id":"https:\/\/secure.gravatar.com\/avatar\/57de8e5d4b15d43fb361a71fbb36338450fe67865b528a43dd10ef7c51a20392?s=96&d=mm&r=g","url":"https:\/\/secure.gravatar.com\/avatar\/57de8e5d4b15d43fb361a71fbb36338450fe67865b528a43dd10ef7c51a20392?s=96&d=mm&r=g","contentUrl":"https:\/\/secure.gravatar.com\/avatar\/57de8e5d4b15d43fb361a71fbb36338450fe67865b528a43dd10ef7c51a20392?s=96&d=mm&r=g","caption":"La Sentinelle"},"sameAs":["http:\/\/www.lasentinelle.dz"],"url":"https:\/\/lasentinelle.dz\/author\/redaction\/"}]}},"_links":{"self":[{"href":"https:\/\/lasentinelle.dz\/index.php\/wp-json\/wp\/v2\/posts\/32683","targetHints":{"allow":["GET"]}}],"collection":[{"href":"https:\/\/lasentinelle.dz\/index.php\/wp-json\/wp\/v2\/posts"}],"about":[{"href":"https:\/\/lasentinelle.dz\/index.php\/wp-json\/wp\/v2\/types\/post"}],"author":[{"embeddable":true,"href":"https:\/\/lasentinelle.dz\/index.php\/wp-json\/wp\/v2\/users\/3"}],"replies":[{"embeddable":true,"href":"https:\/\/lasentinelle.dz\/index.php\/wp-json\/wp\/v2\/comments?post=32683"}],"version-history":[{"count":1,"href":"https:\/\/lasentinelle.dz\/index.php\/wp-json\/wp\/v2\/posts\/32683\/revisions"}],"predecessor-version":[{"id":32695,"href":"https:\/\/lasentinelle.dz\/index.php\/wp-json\/wp\/v2\/posts\/32683\/revisions\/32695"}],"wp:featuredmedia":[{"embeddable":true,"href":"https:\/\/lasentinelle.dz\/index.php\/wp-json\/wp\/v2\/media\/32692"}],"wp:attachment":[{"href":"https:\/\/lasentinelle.dz\/index.php\/wp-json\/wp\/v2\/media?parent=32683"}],"wp:term":[{"taxonomy":"category","embeddable":true,"href":"https:\/\/lasentinelle.dz\/index.php\/wp-json\/wp\/v2\/categories?post=32683"},{"taxonomy":"post_tag","embeddable":true,"href":"https:\/\/lasentinelle.dz\/index.php\/wp-json\/wp\/v2\/tags?post=32683"}],"curies":[{"name":"wp","href":"https:\/\/api.w.org\/{rel}","templated":true}]}}