{"id":3269,"date":"2021-08-03T00:01:00","date_gmt":"2021-08-02T23:01:00","guid":{"rendered":"https:\/\/lasentinelle.dz\/?p=3269"},"modified":"2021-08-02T18:14:02","modified_gmt":"2021-08-02T17:14:02","slug":"prochaine-rentree-scolaire-anticiper-les-preparatifs-pour-faire-face-a-la-pandemie","status":"publish","type":"post","link":"https:\/\/lasentinelle.dz\/index.php\/2021\/08\/03\/prochaine-rentree-scolaire-anticiper-les-preparatifs-pour-faire-face-a-la-pandemie\/","title":{"rendered":"Prochaine rentr\u00e9e scolaire : Anticiper les pr\u00e9paratifs pour faire face \u00e0 la pand\u00e9mie"},"content":{"rendered":"\n<p>Une r\u00e9union de coordination a regroup\u00e9, dimanche, le ministre de l&rsquo;\u00c9ducation nationale, Abdelhakim Belabed, avec les cadres centraux de son secteur pour faire le point sur la pr\u00e9paration de la rentr\u00e9e scolaire 2021-2022. Plusieurs points relatifs \u00e0 la prochaine rentr\u00e9e ont \u00e9t\u00e9 abord\u00e9s d&rsquo;autant plus qu&rsquo;il ya de fortes probabilit\u00e9s que celle-ci se d\u00e9roule dans les m\u00eames conditions marqu\u00e9es par la pand\u00e9mie du Covid 19.<\/p>\n\n\n\n<p>Aussi, garantir un encadrement p\u00e9dagogique \u00e0 tous les groupes \u00e9ducatifs au niveau de tous les \u00e9tablissements \u00e0 travers le pays, en pr\u00e9vision de la prochaine rentr\u00e9e scolaire s&rsquo;est impos\u00e9 comme l&rsquo;une des premi\u00e8res priorit\u00e9s du responsable du secteur qui a mis l&rsquo;accent sur le volet relatif aux pr\u00e9paratifs en vue de la rentr\u00e9e attendue dans cette m\u00eame conjoncture sanitaire exceptionnelle qui frappe notre pays notamment les mesures pr\u00e9ventives dont l&rsquo;objectif est de r\u00e9duire la propagation du virus du Covid-19.<\/p>\n\n\n\n<p>Abdelhakim Belabed a ainsi instruit les responsables des \u00e9tablissements&nbsp; \u00e0 entamer d\u00e8s \u00e0 pr\u00e9sent l&rsquo;op\u00e9ration de d\u00e9sinfection et de nettoyage des \u00e9tablissements \u00e9ducatifs, notamment les classes, les couloirs, les structures de sant\u00e9, les sanitaires et autres avant la prochaine rentr\u00e9e scolaire. D&rsquo;autres instructions ont \u00e9galement \u00e9t\u00e9 donn\u00e9es pour proc\u00e9der \u00e0 l&rsquo;am\u00e9nagement des \u00e9tablissements \u00e9ducatifs durant les vacances d&rsquo;\u00e9t\u00e9, de fournir le livre scolaire et d&rsquo;assurer les diff\u00e9rentes op\u00e9rations de solidarit\u00e9 dont l&rsquo;attribution de l&rsquo;allocation sp\u00e9ciale de scolarit\u00e9 estim\u00e9e \u00e0 5.000 DA, ainsi que la restauration et le transport scolaires.<\/p>\n\n\n\n<p>Les conditions socioprofessionnelles des travailleurs du secteur et des enseignants ont \u00e9galement figur\u00e9 sur le tableau de bord du ministre qui&nbsp; a mis l&rsquo;accent&nbsp; sur la n\u00e9cessit\u00e9 de parachever les op\u00e9rations de paiement des primes et indemnit\u00e9s tout en exhortant&nbsp; les cadres de son d\u00e9partement minist\u00e9riel \u00e0 \u00ab\u00a0acc\u00e9l\u00e9rer\u00a0\u00bb la cadence de l&rsquo;op\u00e9ration de vaccination des personnels de l&rsquo;administration centrale et des directions de l&rsquo;Education de wilaya, avant d&rsquo;entamer la vaccination des corps enseignant et administratif et de tous les personnels du secteur avant la prochaine rentr\u00e9e scolaire. Pour la r\u00e9ussite de cette&nbsp; d\u00e9marche prospective, Abdelhakim Belabed a lanc\u00e9 un appel \u00e0 toutes les personnes travaillant dans le secteur pour se mobiliser d\u00e8s l&rsquo;entame du travail.<\/p>\n\n\n\n<p>A rappeler que le minist\u00e8re de l&rsquo;Education nationale a fix\u00e9 la rentr\u00e9e scolaire 2021-2022 au 7 septembre prochain pour les \u00e9l\u00e8ves \u00e0 travers l&rsquo;ensemble du territoire national. La rentr\u00e9e du personnel administratif, quant \u00e0 elle, interviendra le dimanche 29 ao\u00fbt 2021 et les enseignants mercredi 1er septembre 2021 tandis que le calendrier des vacances \u00e9tablit que&nbsp; que les vacances d&rsquo;hiver dans toutes les r\u00e9gions du pays&nbsp; auront lieu du jeudi 16 d\u00e9cembre 2021 au soir au samedi 1er janvier 2022 au soir et les vacances de printemps (dans toutes les r\u00e9gions) du jeudi 17 mars 2022 au soir au samedi 2 avril 2022 au soir.&nbsp;<\/p>\n\n\n\n<p>Enfin, le minist\u00e8re pr\u00e9cise dans son communiqu\u00e9 que les vacances du personnel administratif commenceront \u00ab\u00a0apr\u00e8s l&rsquo;ach\u00e8vement de toutes les op\u00e9rations li\u00e9es \u00e0 la fin de l&rsquo;ann\u00e9e scolaire, y compris les r\u00e9unions des conseils d&rsquo;admission et d&rsquo;orientation et la publication des r\u00e9sultats des examens scolaires, ainsi que de toutes les op\u00e9rations li\u00e9es \u00e0 la rentr\u00e9e scolaire\u00a0\u00bb.<\/p>\n\n\n\n<p><strong>Kamel Nait Ameur<\/strong><\/p>\n","protected":false},"excerpt":{"rendered":"<p>Une r\u00e9union de coordination a regroup\u00e9, dimanche, le ministre de l&rsquo;\u00c9ducation nationale, Abdelhakim Belabed, avec les cadres centraux de son<\/p>\n","protected":false},"author":3,"featured_media":3280,"comment_status":"open","ping_status":"closed","sticky":false,"template":"","format":"standard","meta":{"colormag_page_container_layout":"default_layout","colormag_page_sidebar_layout":"default_layout","om_disable_all_campaigns":false,"_monsterinsights_skip_tracking":false,"_monsterinsights_sitenote_active":false,"_monsterinsights_sitenote_note":"","_monsterinsights_sitenote_category":0,"footnotes":"","_wpscppro_dont_share_socialmedia":false,"_wpscppro_custom_social_share_image":0,"_facebook_share_type":"","_twitter_share_type":"","_linkedin_share_type":"","_pinterest_share_type":"","_linkedin_share_type_page":"","_instagram_share_type":"","_medium_share_type":"","_threads_share_type":"","_google_business_share_type":"","_selected_social_profile":[],"_wpsp_enable_custom_social_template":false,"_wpsp_social_scheduling":{"enabled":false,"datetime":null,"platforms":[],"status":"template_only","dateOption":"today","timeOption":"now","customDays":"","customHours":"","customDate":"","customTime":"","schedulingType":"absolute"},"_wpsp_active_default_template":true},"categories":[27],"tags":[],"class_list":["post-3269","post","type-post","status-publish","format-standard","has-post-thumbnail","hentry","category-actualite"],"aioseo_notices":[],"yoast_head":"<!-- This site is optimized with the Yoast SEO plugin v27.5 - https:\/\/yoast.com\/product\/yoast-seo-wordpress\/ -->\n<title>Prochaine rentr\u00e9e scolaire : Anticiper les pr\u00e9paratifs pour faire face \u00e0 la pand\u00e9mie - La Sentinelle<\/title>\n<meta name=\"robots\" content=\"index, follow, max-snippet:-1, max-image-preview:large, max-video-preview:-1\" \/>\n<link rel=\"canonical\" href=\"https:\/\/lasentinelle.dz\/index.php\/2021\/08\/03\/prochaine-rentree-scolaire-anticiper-les-preparatifs-pour-faire-face-a-la-pandemie\/\" \/>\n<meta property=\"og:locale\" content=\"fr_FR\" \/>\n<meta property=\"og:type\" content=\"article\" \/>\n<meta property=\"og:title\" content=\"Prochaine rentr\u00e9e scolaire : Anticiper les pr\u00e9paratifs pour faire face \u00e0 la pand\u00e9mie - La Sentinelle\" \/>\n<meta property=\"og:description\" content=\"Une r\u00e9union de coordination a regroup\u00e9, dimanche, le ministre de l&rsquo;\u00c9ducation nationale, Abdelhakim Belabed, avec les cadres centraux de son\" \/>\n<meta property=\"og:url\" content=\"https:\/\/lasentinelle.dz\/index.php\/2021\/08\/03\/prochaine-rentree-scolaire-anticiper-les-preparatifs-pour-faire-face-a-la-pandemie\/\" \/>\n<meta property=\"og:site_name\" content=\"La Sentinelle\" \/>\n<meta property=\"article:publisher\" content=\"https:\/\/www.facebook.com\/La-Sentinelle-104059864394773\" \/>\n<meta property=\"article:published_time\" content=\"2021-08-02T23:01:00+00:00\" \/>\n<meta property=\"og:image\" content=\"https:\/\/lasentinelle.dz\/wp-content\/uploads\/2021\/08\/rentre-scolaire.png\" \/>\n\t<meta property=\"og:image:width\" content=\"1491\" \/>\n\t<meta property=\"og:image:height\" content=\"900\" \/>\n\t<meta property=\"og:image:type\" content=\"image\/png\" \/>\n<meta name=\"author\" content=\"La Sentinelle\" \/>\n<meta name=\"twitter:card\" content=\"summary_large_image\" \/>\n<meta name=\"twitter:label1\" content=\"\u00c9crit par\" \/>\n\t<meta name=\"twitter:data1\" content=\"La Sentinelle\" \/>\n\t<meta name=\"twitter:label2\" content=\"Dur\u00e9e de lecture estim\u00e9e\" \/>\n\t<meta name=\"twitter:data2\" content=\"3 minutes\" \/>\n<script type=\"application\/ld+json\" class=\"yoast-schema-graph\">{\"@context\":\"https:\\\/\\\/schema.org\",\"@graph\":[{\"@type\":\"Article\",\"@id\":\"https:\\\/\\\/lasentinelle.dz\\\/index.php\\\/2021\\\/08\\\/03\\\/prochaine-rentree-scolaire-anticiper-les-preparatifs-pour-faire-face-a-la-pandemie\\\/#article\",\"isPartOf\":{\"@id\":\"https:\\\/\\\/lasentinelle.dz\\\/index.php\\\/2021\\\/08\\\/03\\\/prochaine-rentree-scolaire-anticiper-les-preparatifs-pour-faire-face-a-la-pandemie\\\/\"},\"author\":{\"name\":\"La Sentinelle\",\"@id\":\"https:\\\/\\\/lasentinelle.dz\\\/#\\\/schema\\\/person\\\/d865044e22e70a75174ce8bcad3acfb3\"},\"headline\":\"Prochaine rentr\u00e9e scolaire : Anticiper les pr\u00e9paratifs pour faire face \u00e0 la pand\u00e9mie\",\"datePublished\":\"2021-08-02T23:01:00+00:00\",\"mainEntityOfPage\":{\"@id\":\"https:\\\/\\\/lasentinelle.dz\\\/index.php\\\/2021\\\/08\\\/03\\\/prochaine-rentree-scolaire-anticiper-les-preparatifs-pour-faire-face-a-la-pandemie\\\/\"},\"wordCount\":598,\"commentCount\":0,\"publisher\":{\"@id\":\"https:\\\/\\\/lasentinelle.dz\\\/#organization\"},\"image\":{\"@id\":\"https:\\\/\\\/lasentinelle.dz\\\/index.php\\\/2021\\\/08\\\/03\\\/prochaine-rentree-scolaire-anticiper-les-preparatifs-pour-faire-face-a-la-pandemie\\\/#primaryimage\"},\"thumbnailUrl\":\"https:\\\/\\\/lasentinelle.dz\\\/wp-content\\\/uploads\\\/2021\\\/08\\\/rentre-scolaire.png\",\"articleSection\":[\"Actualit\u00e9\"],\"inLanguage\":\"fr-FR\",\"potentialAction\":[{\"@type\":\"CommentAction\",\"name\":\"Comment\",\"target\":[\"https:\\\/\\\/lasentinelle.dz\\\/index.php\\\/2021\\\/08\\\/03\\\/prochaine-rentree-scolaire-anticiper-les-preparatifs-pour-faire-face-a-la-pandemie\\\/#respond\"]}]},{\"@type\":\"WebPage\",\"@id\":\"https:\\\/\\\/lasentinelle.dz\\\/index.php\\\/2021\\\/08\\\/03\\\/prochaine-rentree-scolaire-anticiper-les-preparatifs-pour-faire-face-a-la-pandemie\\\/\",\"url\":\"https:\\\/\\\/lasentinelle.dz\\\/index.php\\\/2021\\\/08\\\/03\\\/prochaine-rentree-scolaire-anticiper-les-preparatifs-pour-faire-face-a-la-pandemie\\\/\",\"name\":\"Prochaine rentr\u00e9e scolaire : Anticiper les pr\u00e9paratifs pour faire face \u00e0 la pand\u00e9mie - La Sentinelle\",\"isPartOf\":{\"@id\":\"https:\\\/\\\/lasentinelle.dz\\\/#website\"},\"primaryImageOfPage\":{\"@id\":\"https:\\\/\\\/lasentinelle.dz\\\/index.php\\\/2021\\\/08\\\/03\\\/prochaine-rentree-scolaire-anticiper-les-preparatifs-pour-faire-face-a-la-pandemie\\\/#primaryimage\"},\"image\":{\"@id\":\"https:\\\/\\\/lasentinelle.dz\\\/index.php\\\/2021\\\/08\\\/03\\\/prochaine-rentree-scolaire-anticiper-les-preparatifs-pour-faire-face-a-la-pandemie\\\/#primaryimage\"},\"thumbnailUrl\":\"https:\\\/\\\/lasentinelle.dz\\\/wp-content\\\/uploads\\\/2021\\\/08\\\/rentre-scolaire.png\",\"datePublished\":\"2021-08-02T23:01:00+00:00\",\"breadcrumb\":{\"@id\":\"https:\\\/\\\/lasentinelle.dz\\\/index.php\\\/2021\\\/08\\\/03\\\/prochaine-rentree-scolaire-anticiper-les-preparatifs-pour-faire-face-a-la-pandemie\\\/#breadcrumb\"},\"inLanguage\":\"fr-FR\",\"potentialAction\":[{\"@type\":\"ReadAction\",\"target\":[\"https:\\\/\\\/lasentinelle.dz\\\/index.php\\\/2021\\\/08\\\/03\\\/prochaine-rentree-scolaire-anticiper-les-preparatifs-pour-faire-face-a-la-pandemie\\\/\"]}]},{\"@type\":\"ImageObject\",\"inLanguage\":\"fr-FR\",\"@id\":\"https:\\\/\\\/lasentinelle.dz\\\/index.php\\\/2021\\\/08\\\/03\\\/prochaine-rentree-scolaire-anticiper-les-preparatifs-pour-faire-face-a-la-pandemie\\\/#primaryimage\",\"url\":\"https:\\\/\\\/lasentinelle.dz\\\/wp-content\\\/uploads\\\/2021\\\/08\\\/rentre-scolaire.png\",\"contentUrl\":\"https:\\\/\\\/lasentinelle.dz\\\/wp-content\\\/uploads\\\/2021\\\/08\\\/rentre-scolaire.png\",\"width\":1491,\"height\":900},{\"@type\":\"BreadcrumbList\",\"@id\":\"https:\\\/\\\/lasentinelle.dz\\\/index.php\\\/2021\\\/08\\\/03\\\/prochaine-rentree-scolaire-anticiper-les-preparatifs-pour-faire-face-a-la-pandemie\\\/#breadcrumb\",\"itemListElement\":[{\"@type\":\"ListItem\",\"position\":1,\"name\":\"Accueil\",\"item\":\"https:\\\/\\\/lasentinelle.dz\\\/\"},{\"@type\":\"ListItem\",\"position\":2,\"name\":\"Prochaine rentr\u00e9e scolaire : Anticiper les pr\u00e9paratifs pour faire face \u00e0 la pand\u00e9mie\"}]},{\"@type\":\"WebSite\",\"@id\":\"https:\\\/\\\/lasentinelle.dz\\\/#website\",\"url\":\"https:\\\/\\\/lasentinelle.dz\\\/\",\"name\":\"La Sentinelle\",\"description\":\"Quotidien national d&#039;information\",\"publisher\":{\"@id\":\"https:\\\/\\\/lasentinelle.dz\\\/#organization\"},\"potentialAction\":[{\"@type\":\"SearchAction\",\"target\":{\"@type\":\"EntryPoint\",\"urlTemplate\":\"https:\\\/\\\/lasentinelle.dz\\\/?s={search_term_string}\"},\"query-input\":{\"@type\":\"PropertyValueSpecification\",\"valueRequired\":true,\"valueName\":\"search_term_string\"}}],\"inLanguage\":\"fr-FR\"},{\"@type\":\"Organization\",\"@id\":\"https:\\\/\\\/lasentinelle.dz\\\/#organization\",\"name\":\"Quotidien La Sentinelle\",\"url\":\"https:\\\/\\\/lasentinelle.dz\\\/\",\"logo\":{\"@type\":\"ImageObject\",\"inLanguage\":\"fr-FR\",\"@id\":\"https:\\\/\\\/lasentinelle.dz\\\/#\\\/schema\\\/logo\\\/image\\\/\",\"url\":\"https:\\\/\\\/lasentinelle.dz\\\/wp-content\\\/uploads\\\/2021\\\/09\\\/logo-sentinelleSLOGAN-1.png\",\"contentUrl\":\"https:\\\/\\\/lasentinelle.dz\\\/wp-content\\\/uploads\\\/2021\\\/09\\\/logo-sentinelleSLOGAN-1.png\",\"width\":615,\"height\":142,\"caption\":\"Quotidien La Sentinelle\"},\"image\":{\"@id\":\"https:\\\/\\\/lasentinelle.dz\\\/#\\\/schema\\\/logo\\\/image\\\/\"},\"sameAs\":[\"https:\\\/\\\/www.facebook.com\\\/La-Sentinelle-104059864394773\"]},{\"@type\":\"Person\",\"@id\":\"https:\\\/\\\/lasentinelle.dz\\\/#\\\/schema\\\/person\\\/d865044e22e70a75174ce8bcad3acfb3\",\"name\":\"La Sentinelle\",\"image\":{\"@type\":\"ImageObject\",\"inLanguage\":\"fr-FR\",\"@id\":\"https:\\\/\\\/secure.gravatar.com\\\/avatar\\\/57de8e5d4b15d43fb361a71fbb36338450fe67865b528a43dd10ef7c51a20392?s=96&d=mm&r=g\",\"url\":\"https:\\\/\\\/secure.gravatar.com\\\/avatar\\\/57de8e5d4b15d43fb361a71fbb36338450fe67865b528a43dd10ef7c51a20392?s=96&d=mm&r=g\",\"contentUrl\":\"https:\\\/\\\/secure.gravatar.com\\\/avatar\\\/57de8e5d4b15d43fb361a71fbb36338450fe67865b528a43dd10ef7c51a20392?s=96&d=mm&r=g\",\"caption\":\"La Sentinelle\"},\"sameAs\":[\"http:\\\/\\\/www.lasentinelle.dz\"],\"url\":\"https:\\\/\\\/lasentinelle.dz\\\/author\\\/redaction\\\/\"}]}<\/script>\n<!-- \/ Yoast SEO plugin. -->","yoast_head_json":{"title":"Prochaine rentr\u00e9e scolaire : Anticiper les pr\u00e9paratifs pour faire face \u00e0 la pand\u00e9mie - La Sentinelle","robots":{"index":"index","follow":"follow","max-snippet":"max-snippet:-1","max-image-preview":"max-image-preview:large","max-video-preview":"max-video-preview:-1"},"canonical":"https:\/\/lasentinelle.dz\/index.php\/2021\/08\/03\/prochaine-rentree-scolaire-anticiper-les-preparatifs-pour-faire-face-a-la-pandemie\/","og_locale":"fr_FR","og_type":"article","og_title":"Prochaine rentr\u00e9e scolaire : Anticiper les pr\u00e9paratifs pour faire face \u00e0 la pand\u00e9mie - La Sentinelle","og_description":"Une r\u00e9union de coordination a regroup\u00e9, dimanche, le ministre de l&rsquo;\u00c9ducation nationale, Abdelhakim Belabed, avec les cadres centraux de son","og_url":"https:\/\/lasentinelle.dz\/index.php\/2021\/08\/03\/prochaine-rentree-scolaire-anticiper-les-preparatifs-pour-faire-face-a-la-pandemie\/","og_site_name":"La Sentinelle","article_publisher":"https:\/\/www.facebook.com\/La-Sentinelle-104059864394773","article_published_time":"2021-08-02T23:01:00+00:00","og_image":[{"width":1491,"height":900,"url":"https:\/\/lasentinelle.dz\/wp-content\/uploads\/2021\/08\/rentre-scolaire.png","type":"image\/png"}],"author":"La Sentinelle","twitter_card":"summary_large_image","twitter_misc":{"\u00c9crit par":"La Sentinelle","Dur\u00e9e de lecture estim\u00e9e":"3 minutes"},"schema":{"@context":"https:\/\/schema.org","@graph":[{"@type":"Article","@id":"https:\/\/lasentinelle.dz\/index.php\/2021\/08\/03\/prochaine-rentree-scolaire-anticiper-les-preparatifs-pour-faire-face-a-la-pandemie\/#article","isPartOf":{"@id":"https:\/\/lasentinelle.dz\/index.php\/2021\/08\/03\/prochaine-rentree-scolaire-anticiper-les-preparatifs-pour-faire-face-a-la-pandemie\/"},"author":{"name":"La Sentinelle","@id":"https:\/\/lasentinelle.dz\/#\/schema\/person\/d865044e22e70a75174ce8bcad3acfb3"},"headline":"Prochaine rentr\u00e9e scolaire : Anticiper les pr\u00e9paratifs pour faire face \u00e0 la pand\u00e9mie","datePublished":"2021-08-02T23:01:00+00:00","mainEntityOfPage":{"@id":"https:\/\/lasentinelle.dz\/index.php\/2021\/08\/03\/prochaine-rentree-scolaire-anticiper-les-preparatifs-pour-faire-face-a-la-pandemie\/"},"wordCount":598,"commentCount":0,"publisher":{"@id":"https:\/\/lasentinelle.dz\/#organization"},"image":{"@id":"https:\/\/lasentinelle.dz\/index.php\/2021\/08\/03\/prochaine-rentree-scolaire-anticiper-les-preparatifs-pour-faire-face-a-la-pandemie\/#primaryimage"},"thumbnailUrl":"https:\/\/lasentinelle.dz\/wp-content\/uploads\/2021\/08\/rentre-scolaire.png","articleSection":["Actualit\u00e9"],"inLanguage":"fr-FR","potentialAction":[{"@type":"CommentAction","name":"Comment","target":["https:\/\/lasentinelle.dz\/index.php\/2021\/08\/03\/prochaine-rentree-scolaire-anticiper-les-preparatifs-pour-faire-face-a-la-pandemie\/#respond"]}]},{"@type":"WebPage","@id":"https:\/\/lasentinelle.dz\/index.php\/2021\/08\/03\/prochaine-rentree-scolaire-anticiper-les-preparatifs-pour-faire-face-a-la-pandemie\/","url":"https:\/\/lasentinelle.dz\/index.php\/2021\/08\/03\/prochaine-rentree-scolaire-anticiper-les-preparatifs-pour-faire-face-a-la-pandemie\/","name":"Prochaine rentr\u00e9e scolaire : Anticiper les pr\u00e9paratifs pour faire face \u00e0 la pand\u00e9mie - La Sentinelle","isPartOf":{"@id":"https:\/\/lasentinelle.dz\/#website"},"primaryImageOfPage":{"@id":"https:\/\/lasentinelle.dz\/index.php\/2021\/08\/03\/prochaine-rentree-scolaire-anticiper-les-preparatifs-pour-faire-face-a-la-pandemie\/#primaryimage"},"image":{"@id":"https:\/\/lasentinelle.dz\/index.php\/2021\/08\/03\/prochaine-rentree-scolaire-anticiper-les-preparatifs-pour-faire-face-a-la-pandemie\/#primaryimage"},"thumbnailUrl":"https:\/\/lasentinelle.dz\/wp-content\/uploads\/2021\/08\/rentre-scolaire.png","datePublished":"2021-08-02T23:01:00+00:00","breadcrumb":{"@id":"https:\/\/lasentinelle.dz\/index.php\/2021\/08\/03\/prochaine-rentree-scolaire-anticiper-les-preparatifs-pour-faire-face-a-la-pandemie\/#breadcrumb"},"inLanguage":"fr-FR","potentialAction":[{"@type":"ReadAction","target":["https:\/\/lasentinelle.dz\/index.php\/2021\/08\/03\/prochaine-rentree-scolaire-anticiper-les-preparatifs-pour-faire-face-a-la-pandemie\/"]}]},{"@type":"ImageObject","inLanguage":"fr-FR","@id":"https:\/\/lasentinelle.dz\/index.php\/2021\/08\/03\/prochaine-rentree-scolaire-anticiper-les-preparatifs-pour-faire-face-a-la-pandemie\/#primaryimage","url":"https:\/\/lasentinelle.dz\/wp-content\/uploads\/2021\/08\/rentre-scolaire.png","contentUrl":"https:\/\/lasentinelle.dz\/wp-content\/uploads\/2021\/08\/rentre-scolaire.png","width":1491,"height":900},{"@type":"BreadcrumbList","@id":"https:\/\/lasentinelle.dz\/index.php\/2021\/08\/03\/prochaine-rentree-scolaire-anticiper-les-preparatifs-pour-faire-face-a-la-pandemie\/#breadcrumb","itemListElement":[{"@type":"ListItem","position":1,"name":"Accueil","item":"https:\/\/lasentinelle.dz\/"},{"@type":"ListItem","position":2,"name":"Prochaine rentr\u00e9e scolaire : Anticiper les pr\u00e9paratifs pour faire face \u00e0 la pand\u00e9mie"}]},{"@type":"WebSite","@id":"https:\/\/lasentinelle.dz\/#website","url":"https:\/\/lasentinelle.dz\/","name":"La Sentinelle","description":"Quotidien national d&#039;information","publisher":{"@id":"https:\/\/lasentinelle.dz\/#organization"},"potentialAction":[{"@type":"SearchAction","target":{"@type":"EntryPoint","urlTemplate":"https:\/\/lasentinelle.dz\/?s={search_term_string}"},"query-input":{"@type":"PropertyValueSpecification","valueRequired":true,"valueName":"search_term_string"}}],"inLanguage":"fr-FR"},{"@type":"Organization","@id":"https:\/\/lasentinelle.dz\/#organization","name":"Quotidien La Sentinelle","url":"https:\/\/lasentinelle.dz\/","logo":{"@type":"ImageObject","inLanguage":"fr-FR","@id":"https:\/\/lasentinelle.dz\/#\/schema\/logo\/image\/","url":"https:\/\/lasentinelle.dz\/wp-content\/uploads\/2021\/09\/logo-sentinelleSLOGAN-1.png","contentUrl":"https:\/\/lasentinelle.dz\/wp-content\/uploads\/2021\/09\/logo-sentinelleSLOGAN-1.png","width":615,"height":142,"caption":"Quotidien La Sentinelle"},"image":{"@id":"https:\/\/lasentinelle.dz\/#\/schema\/logo\/image\/"},"sameAs":["https:\/\/www.facebook.com\/La-Sentinelle-104059864394773"]},{"@type":"Person","@id":"https:\/\/lasentinelle.dz\/#\/schema\/person\/d865044e22e70a75174ce8bcad3acfb3","name":"La Sentinelle","image":{"@type":"ImageObject","inLanguage":"fr-FR","@id":"https:\/\/secure.gravatar.com\/avatar\/57de8e5d4b15d43fb361a71fbb36338450fe67865b528a43dd10ef7c51a20392?s=96&d=mm&r=g","url":"https:\/\/secure.gravatar.com\/avatar\/57de8e5d4b15d43fb361a71fbb36338450fe67865b528a43dd10ef7c51a20392?s=96&d=mm&r=g","contentUrl":"https:\/\/secure.gravatar.com\/avatar\/57de8e5d4b15d43fb361a71fbb36338450fe67865b528a43dd10ef7c51a20392?s=96&d=mm&r=g","caption":"La Sentinelle"},"sameAs":["http:\/\/www.lasentinelle.dz"],"url":"https:\/\/lasentinelle.dz\/author\/redaction\/"}]}},"_links":{"self":[{"href":"https:\/\/lasentinelle.dz\/index.php\/wp-json\/wp\/v2\/posts\/3269","targetHints":{"allow":["GET"]}}],"collection":[{"href":"https:\/\/lasentinelle.dz\/index.php\/wp-json\/wp\/v2\/posts"}],"about":[{"href":"https:\/\/lasentinelle.dz\/index.php\/wp-json\/wp\/v2\/types\/post"}],"author":[{"embeddable":true,"href":"https:\/\/lasentinelle.dz\/index.php\/wp-json\/wp\/v2\/users\/3"}],"replies":[{"embeddable":true,"href":"https:\/\/lasentinelle.dz\/index.php\/wp-json\/wp\/v2\/comments?post=3269"}],"version-history":[{"count":1,"href":"https:\/\/lasentinelle.dz\/index.php\/wp-json\/wp\/v2\/posts\/3269\/revisions"}],"predecessor-version":[{"id":3287,"href":"https:\/\/lasentinelle.dz\/index.php\/wp-json\/wp\/v2\/posts\/3269\/revisions\/3287"}],"wp:featuredmedia":[{"embeddable":true,"href":"https:\/\/lasentinelle.dz\/index.php\/wp-json\/wp\/v2\/media\/3280"}],"wp:attachment":[{"href":"https:\/\/lasentinelle.dz\/index.php\/wp-json\/wp\/v2\/media?parent=3269"}],"wp:term":[{"taxonomy":"category","embeddable":true,"href":"https:\/\/lasentinelle.dz\/index.php\/wp-json\/wp\/v2\/categories?post=3269"},{"taxonomy":"post_tag","embeddable":true,"href":"https:\/\/lasentinelle.dz\/index.php\/wp-json\/wp\/v2\/tags?post=3269"}],"curies":[{"name":"wp","href":"https:\/\/api.w.org\/{rel}","templated":true}]}}