{"id":3270,"date":"2021-08-03T00:01:00","date_gmt":"2021-08-02T23:01:00","guid":{"rendered":"https:\/\/lasentinelle.dz\/?p=3270"},"modified":"2021-08-02T19:16:54","modified_gmt":"2021-08-02T18:16:54","slug":"abdelouahed-kerrar-president-de-lunion-nationale-des-operateurs-en-pharmacie-la-souverainete-sanitaire-necessite-une-redefinition-des-priorites","status":"publish","type":"post","link":"https:\/\/lasentinelle.dz\/index.php\/2021\/08\/03\/abdelouahed-kerrar-president-de-lunion-nationale-des-operateurs-en-pharmacie-la-souverainete-sanitaire-necessite-une-redefinition-des-priorites\/","title":{"rendered":"Abdelouahed  Kerrar pr\u00e9sident de l\u2019Union nationale des op\u00e9rateurs en pharmacie : \u00ab La souverainet\u00e9 sanitaire n\u00e9cessite une red\u00e9finition des priorit\u00e9s \u00bb"},"content":{"rendered":"\n<p>Le pr\u00e9sident de l\u2019Union nationale des op\u00e9rateurs en pharmacie,AbdelouahedKerrar a estim\u00e9 hier que la pand\u00e9mie de Covid-19 fait trembler les syst\u00e8mes de sant\u00e9, \u00e0 travers le monde. Invit\u00e9 \u00e0 s\u2019exprimer sur les ondes de la Radio alg\u00e9rienne, AbdelouahedKerrara estim\u00e9 que \u00ab cette pand\u00e9mie va changer les approches sanitaires, les localisations de fabrications et les politiques de sant\u00e9 elles-m\u00eames. C\u2019est dans ce sens qu\u2019il estime qu\u2019il va falloir d\u00e9finir une approche, pour fixer les priorit\u00e9s dans le cadre de la strat\u00e9gie de promotion de la production locale en produits pharmaceutiques, \u00e0 la lumi\u00e8re de la pand\u00e9mie. \u00ab Il faut un chef d\u2019orchestre qui d\u00e9termine les produits pour lesquels nous pouvons assurer une souverainet\u00e9 sanitaire \u00bb, tenait-il \u00e0 faire remarquer.<\/p>\n\n\n\n<p>Abdelouahed Kerrar cite plusieurs exemples de produits tr\u00e8s demand\u00e9s \u00e0 cause de la pand\u00e9mie et pour lesquels, il faut parfois recourir \u00e0 l\u2019importation. \u00ab La consommation de l\u2019enoxaparine [Ndlr Lovenox] a augment\u00e9 de 68% entre janvier et juillet 2021, par rapport \u00e0 la m\u00eame p\u00e9riode en 2020. Pour les antibiotiques, l\u2019augmentation est de 38%, et elle atteint 130% pour le c\u00e9fixime, qui est un antibiotique connu \u00bb, ou encore, \u00ab la demande de cortico\u00efdes qui augmente de 42%\u00bb, interpelle le pr\u00e9sident de l\u2019Unop. Le sp\u00e9cialiste se f\u00e9licite que l\u2019Alg\u00e9rie ait \u00ab encourag\u00e9 \u00e0 la production pharmaceutique locale ces dix derni\u00e8res ann\u00e9es \u00bb et estime qu\u2019\u00ab elle en r\u00e9colte les fruits maintenant \u00bb. \u00ab Je n\u2019essaye m\u00eame pas d\u2019imaginer quelle aurait \u00e9t\u00e9 la situation si on ne fabriquait pas les produits utilis\u00e9s contre le Covid \u00bb, dit-il, avant de pr\u00e9ciser : \u00ab nous pensons \u00e0 l\u2019Unop qu\u2019aujourd\u2019hui, c\u2019est le temps d\u2019apporter des r\u00e9ponses concr\u00e8tes \u00e0 l\u2019urgence, \u00e0 la douleur et \u00e0 la souffrance des patients. Viendra ensuite le temps o\u00f9 il faudra faire le bilan et tirer les le\u00e7ons positives et n\u00e9gatives de cette crise.\u00bb<\/p>\n\n\n\n<p>Le pr\u00e9sident de l\u2019Unop pense, cependant, qu\u2019on peut faire plus. Il \u00e9voque ainsi la crise de l\u2019approvisionnement en oxyg\u00e8ne au cours de cette troisi\u00e8me vague de contaminations. &nbsp;Il estime ainsi que la crise de l\u2019oxyg\u00e9noth\u00e9rapie \u00ab \u00e9tait pr\u00e9visible car notre syst\u00e8me de sant\u00e9 souffre d\u2019un probl\u00e8me structurel \u00bb. Il indiquera toutefois que \u00ab heureusement nous avons une industrie pharmaceutique qui est pr\u00e9sente et qui fabrique tous les produits, y compris l\u2019oxyg\u00e8ne \u00bb pour lutter contre la pand\u00e9mie du coronavirus.L\u2019invit\u00e9 de la radio nationale incombe la responsabilit\u00e9 des perturbations en mati\u00e8re d\u2019approvisionnement des \u00e9tablissements sanitaires&nbsp; en oxyg\u00e8ne \u00e0 \u00ab l\u2019absence de gouvernance \u00bb et \u00ab au manque de coordination \u00bb ainsi qu\u2019\u00e0 d\u2019autres probl\u00e8mes li\u00e9s au transport et aux stockages, indiquant que \u00ab les capacit\u00e9s de productions durant les dix derni\u00e8res ann\u00e9es ont \u00e9t\u00e9 multipli\u00e9es par huit \u00bb.Il estime tout de m\u00eame que \u00ab l\u2019Alg\u00e9rie avait pris la bonne d\u00e9cision d\u2019encourager la production locale (en oxyg\u00e8ne \u00bb et elle en r\u00e9colte les fruits aujourd\u2019hui \u00bb en se disant \u00ab incapable \u00bb d\u2019imaginer qu\u2019elle aurait pu \u00eatre la situation si le pays n\u2019\u00e9tait pas producteur de ce produit et d\u2019autres encore utilis\u00e9s contre la pand\u00e9mie du coronavirus.En ce qui concerne le recours \u00e0 l\u2019importation des concentrateurs d\u2019oxyg\u00e8ne, Abdelwahed Kerar, d\u00e9plore \u00ab le manque de volont\u00e9 \u00bb pour assurer une fabrication locale, estimant que \u00ab c\u2019est un mat\u00e9riel facilement fabricable que les jeunes universitaires peuvent fabriquer \u00bb.<\/p>\n\n\n\n<p>Le pr\u00e9sident de l\u2019Unop, plaide pour l\u2019octroi de moyens \u00e0 l\u2019agence nationale de m\u00e9dicament, estimant que ces aides en moyens humains et mat\u00e9riels \u00ab est un investissement dont l\u2019Alg\u00e9rie va r\u00e9colter les fruits dans quelques ann\u00e9es \u00bb.Sur le plan juridique, Abdelouahed Kerar, rappelle que \u00ab l\u2019Union qu\u2019il pr\u00e9side a \u00e9t\u00e9 associ\u00e9e \u00e0 l\u2019\u00e9laboration des textes juridiques \u00bb r\u00e9gissant le secteur de l\u2019industrie pharmaceutique faisant remarqu\u00e9 que cela \u00ab est simple mais nouveau en Alg\u00e9rie \u00bb le fait d\u2019associer les acteurs d\u2019un secteur \u00e0 l\u2019\u00e9laboration de textes juridiques r\u00e9gissant leur propre domaine.Dans le m\u00eame ordre d\u2019id\u00e9e, le pr\u00e9sident de l\u2019Unop, juge que ces textes de lois, sont \u00e9labor\u00e9s dans le sens d\u2019encourager la production nationale r\u00e9v\u00e9lant \u00ab qu\u2019une vingtaine de textes (juridiques) sont sortis en un temps record,&nbsp; en moins d\u2019une ann\u00e9e, ce qui est une avanc\u00e9e majeure dans l\u2019encouragement de la production locale \u00bb.<\/p>\n\n\n\n<p><strong>Boubekeur Amrani&nbsp;<\/strong><\/p>\n","protected":false},"excerpt":{"rendered":"<p>Le pr\u00e9sident de l\u2019Union nationale des op\u00e9rateurs en pharmacie,AbdelouahedKerrar a estim\u00e9 hier que la pand\u00e9mie de Covid-19 fait trembler les<\/p>\n","protected":false},"author":3,"featured_media":3300,"comment_status":"open","ping_status":"closed","sticky":false,"template":"","format":"standard","meta":{"colormag_page_container_layout":"default_layout","colormag_page_sidebar_layout":"default_layout","om_disable_all_campaigns":false,"_monsterinsights_skip_tracking":false,"_monsterinsights_sitenote_active":false,"_monsterinsights_sitenote_note":"","_monsterinsights_sitenote_category":0,"footnotes":"","_wpscppro_dont_share_socialmedia":false,"_wpscppro_custom_social_share_image":0,"_facebook_share_type":"","_twitter_share_type":"","_linkedin_share_type":"","_pinterest_share_type":"","_linkedin_share_type_page":"","_instagram_share_type":"","_medium_share_type":"","_threads_share_type":"","_google_business_share_type":"","_selected_social_profile":[],"_wpsp_enable_custom_social_template":false,"_wpsp_social_scheduling":{"enabled":false,"datetime":null,"platforms":[],"status":"template_only","dateOption":"today","timeOption":"now","customDays":"","customHours":"","customDate":"","customTime":"","schedulingType":"absolute"},"_wpsp_active_default_template":true},"categories":[27],"tags":[],"class_list":["post-3270","post","type-post","status-publish","format-standard","has-post-thumbnail","hentry","category-actualite"],"aioseo_notices":[],"yoast_head":"<!-- This site is optimized with the Yoast SEO plugin v27.5 - https:\/\/yoast.com\/product\/yoast-seo-wordpress\/ -->\n<title>Abdelouahed Kerrar pr\u00e9sident de l\u2019Union nationale des op\u00e9rateurs en pharmacie : \u00ab La souverainet\u00e9 sanitaire n\u00e9cessite une red\u00e9finition des priorit\u00e9s \u00bb - La Sentinelle<\/title>\n<meta name=\"robots\" content=\"index, follow, max-snippet:-1, max-image-preview:large, max-video-preview:-1\" \/>\n<link rel=\"canonical\" href=\"https:\/\/lasentinelle.dz\/index.php\/2021\/08\/03\/abdelouahed-kerrar-president-de-lunion-nationale-des-operateurs-en-pharmacie-la-souverainete-sanitaire-necessite-une-redefinition-des-priorites\/\" \/>\n<meta property=\"og:locale\" content=\"fr_FR\" \/>\n<meta property=\"og:type\" content=\"article\" \/>\n<meta property=\"og:title\" content=\"Abdelouahed Kerrar pr\u00e9sident de l\u2019Union nationale des op\u00e9rateurs en pharmacie : \u00ab La souverainet\u00e9 sanitaire n\u00e9cessite une red\u00e9finition des priorit\u00e9s \u00bb - La Sentinelle\" \/>\n<meta property=\"og:description\" content=\"Le pr\u00e9sident de l\u2019Union nationale des op\u00e9rateurs en pharmacie,AbdelouahedKerrar a estim\u00e9 hier que la pand\u00e9mie de Covid-19 fait trembler les\" \/>\n<meta property=\"og:url\" content=\"https:\/\/lasentinelle.dz\/index.php\/2021\/08\/03\/abdelouahed-kerrar-president-de-lunion-nationale-des-operateurs-en-pharmacie-la-souverainete-sanitaire-necessite-une-redefinition-des-priorites\/\" \/>\n<meta property=\"og:site_name\" content=\"La Sentinelle\" \/>\n<meta property=\"article:publisher\" content=\"https:\/\/www.facebook.com\/La-Sentinelle-104059864394773\" \/>\n<meta property=\"article:published_time\" content=\"2021-08-02T23:01:00+00:00\" \/>\n<meta property=\"og:image\" content=\"https:\/\/lasentinelle.dz\/wp-content\/uploads\/2021\/08\/karrar.png\" \/>\n\t<meta property=\"og:image:width\" content=\"1575\" \/>\n\t<meta property=\"og:image:height\" content=\"900\" \/>\n\t<meta property=\"og:image:type\" content=\"image\/png\" \/>\n<meta name=\"author\" content=\"La Sentinelle\" \/>\n<meta name=\"twitter:card\" content=\"summary_large_image\" \/>\n<meta name=\"twitter:label1\" content=\"\u00c9crit par\" \/>\n\t<meta name=\"twitter:data1\" content=\"La Sentinelle\" \/>\n\t<meta name=\"twitter:label2\" content=\"Dur\u00e9e de lecture estim\u00e9e\" \/>\n\t<meta name=\"twitter:data2\" content=\"3 minutes\" \/>\n<script type=\"application\/ld+json\" class=\"yoast-schema-graph\">{\"@context\":\"https:\\\/\\\/schema.org\",\"@graph\":[{\"@type\":\"Article\",\"@id\":\"https:\\\/\\\/lasentinelle.dz\\\/index.php\\\/2021\\\/08\\\/03\\\/abdelouahed-kerrar-president-de-lunion-nationale-des-operateurs-en-pharmacie-la-souverainete-sanitaire-necessite-une-redefinition-des-priorites\\\/#article\",\"isPartOf\":{\"@id\":\"https:\\\/\\\/lasentinelle.dz\\\/index.php\\\/2021\\\/08\\\/03\\\/abdelouahed-kerrar-president-de-lunion-nationale-des-operateurs-en-pharmacie-la-souverainete-sanitaire-necessite-une-redefinition-des-priorites\\\/\"},\"author\":{\"name\":\"La Sentinelle\",\"@id\":\"https:\\\/\\\/lasentinelle.dz\\\/#\\\/schema\\\/person\\\/d865044e22e70a75174ce8bcad3acfb3\"},\"headline\":\"Abdelouahed Kerrar pr\u00e9sident de l\u2019Union nationale des op\u00e9rateurs en pharmacie : \u00ab La souverainet\u00e9 sanitaire n\u00e9cessite une red\u00e9finition des priorit\u00e9s \u00bb\",\"datePublished\":\"2021-08-02T23:01:00+00:00\",\"mainEntityOfPage\":{\"@id\":\"https:\\\/\\\/lasentinelle.dz\\\/index.php\\\/2021\\\/08\\\/03\\\/abdelouahed-kerrar-president-de-lunion-nationale-des-operateurs-en-pharmacie-la-souverainete-sanitaire-necessite-une-redefinition-des-priorites\\\/\"},\"wordCount\":791,\"commentCount\":0,\"publisher\":{\"@id\":\"https:\\\/\\\/lasentinelle.dz\\\/#organization\"},\"image\":{\"@id\":\"https:\\\/\\\/lasentinelle.dz\\\/index.php\\\/2021\\\/08\\\/03\\\/abdelouahed-kerrar-president-de-lunion-nationale-des-operateurs-en-pharmacie-la-souverainete-sanitaire-necessite-une-redefinition-des-priorites\\\/#primaryimage\"},\"thumbnailUrl\":\"https:\\\/\\\/lasentinelle.dz\\\/wp-content\\\/uploads\\\/2021\\\/08\\\/karrar.png\",\"articleSection\":[\"Actualit\u00e9\"],\"inLanguage\":\"fr-FR\",\"potentialAction\":[{\"@type\":\"CommentAction\",\"name\":\"Comment\",\"target\":[\"https:\\\/\\\/lasentinelle.dz\\\/index.php\\\/2021\\\/08\\\/03\\\/abdelouahed-kerrar-president-de-lunion-nationale-des-operateurs-en-pharmacie-la-souverainete-sanitaire-necessite-une-redefinition-des-priorites\\\/#respond\"]}]},{\"@type\":\"WebPage\",\"@id\":\"https:\\\/\\\/lasentinelle.dz\\\/index.php\\\/2021\\\/08\\\/03\\\/abdelouahed-kerrar-president-de-lunion-nationale-des-operateurs-en-pharmacie-la-souverainete-sanitaire-necessite-une-redefinition-des-priorites\\\/\",\"url\":\"https:\\\/\\\/lasentinelle.dz\\\/index.php\\\/2021\\\/08\\\/03\\\/abdelouahed-kerrar-president-de-lunion-nationale-des-operateurs-en-pharmacie-la-souverainete-sanitaire-necessite-une-redefinition-des-priorites\\\/\",\"name\":\"Abdelouahed Kerrar pr\u00e9sident de l\u2019Union nationale des op\u00e9rateurs en pharmacie : \u00ab La souverainet\u00e9 sanitaire n\u00e9cessite une red\u00e9finition des priorit\u00e9s \u00bb - La Sentinelle\",\"isPartOf\":{\"@id\":\"https:\\\/\\\/lasentinelle.dz\\\/#website\"},\"primaryImageOfPage\":{\"@id\":\"https:\\\/\\\/lasentinelle.dz\\\/index.php\\\/2021\\\/08\\\/03\\\/abdelouahed-kerrar-president-de-lunion-nationale-des-operateurs-en-pharmacie-la-souverainete-sanitaire-necessite-une-redefinition-des-priorites\\\/#primaryimage\"},\"image\":{\"@id\":\"https:\\\/\\\/lasentinelle.dz\\\/index.php\\\/2021\\\/08\\\/03\\\/abdelouahed-kerrar-president-de-lunion-nationale-des-operateurs-en-pharmacie-la-souverainete-sanitaire-necessite-une-redefinition-des-priorites\\\/#primaryimage\"},\"thumbnailUrl\":\"https:\\\/\\\/lasentinelle.dz\\\/wp-content\\\/uploads\\\/2021\\\/08\\\/karrar.png\",\"datePublished\":\"2021-08-02T23:01:00+00:00\",\"breadcrumb\":{\"@id\":\"https:\\\/\\\/lasentinelle.dz\\\/index.php\\\/2021\\\/08\\\/03\\\/abdelouahed-kerrar-president-de-lunion-nationale-des-operateurs-en-pharmacie-la-souverainete-sanitaire-necessite-une-redefinition-des-priorites\\\/#breadcrumb\"},\"inLanguage\":\"fr-FR\",\"potentialAction\":[{\"@type\":\"ReadAction\",\"target\":[\"https:\\\/\\\/lasentinelle.dz\\\/index.php\\\/2021\\\/08\\\/03\\\/abdelouahed-kerrar-president-de-lunion-nationale-des-operateurs-en-pharmacie-la-souverainete-sanitaire-necessite-une-redefinition-des-priorites\\\/\"]}]},{\"@type\":\"ImageObject\",\"inLanguage\":\"fr-FR\",\"@id\":\"https:\\\/\\\/lasentinelle.dz\\\/index.php\\\/2021\\\/08\\\/03\\\/abdelouahed-kerrar-president-de-lunion-nationale-des-operateurs-en-pharmacie-la-souverainete-sanitaire-necessite-une-redefinition-des-priorites\\\/#primaryimage\",\"url\":\"https:\\\/\\\/lasentinelle.dz\\\/wp-content\\\/uploads\\\/2021\\\/08\\\/karrar.png\",\"contentUrl\":\"https:\\\/\\\/lasentinelle.dz\\\/wp-content\\\/uploads\\\/2021\\\/08\\\/karrar.png\",\"width\":1575,\"height\":900},{\"@type\":\"BreadcrumbList\",\"@id\":\"https:\\\/\\\/lasentinelle.dz\\\/index.php\\\/2021\\\/08\\\/03\\\/abdelouahed-kerrar-president-de-lunion-nationale-des-operateurs-en-pharmacie-la-souverainete-sanitaire-necessite-une-redefinition-des-priorites\\\/#breadcrumb\",\"itemListElement\":[{\"@type\":\"ListItem\",\"position\":1,\"name\":\"Accueil\",\"item\":\"https:\\\/\\\/lasentinelle.dz\\\/\"},{\"@type\":\"ListItem\",\"position\":2,\"name\":\"Abdelouahed Kerrar pr\u00e9sident de l\u2019Union nationale des op\u00e9rateurs en pharmacie : \u00ab La souverainet\u00e9 sanitaire n\u00e9cessite une red\u00e9finition des priorit\u00e9s \u00bb\"}]},{\"@type\":\"WebSite\",\"@id\":\"https:\\\/\\\/lasentinelle.dz\\\/#website\",\"url\":\"https:\\\/\\\/lasentinelle.dz\\\/\",\"name\":\"La Sentinelle\",\"description\":\"Quotidien national d&#039;information\",\"publisher\":{\"@id\":\"https:\\\/\\\/lasentinelle.dz\\\/#organization\"},\"potentialAction\":[{\"@type\":\"SearchAction\",\"target\":{\"@type\":\"EntryPoint\",\"urlTemplate\":\"https:\\\/\\\/lasentinelle.dz\\\/?s={search_term_string}\"},\"query-input\":{\"@type\":\"PropertyValueSpecification\",\"valueRequired\":true,\"valueName\":\"search_term_string\"}}],\"inLanguage\":\"fr-FR\"},{\"@type\":\"Organization\",\"@id\":\"https:\\\/\\\/lasentinelle.dz\\\/#organization\",\"name\":\"Quotidien La Sentinelle\",\"url\":\"https:\\\/\\\/lasentinelle.dz\\\/\",\"logo\":{\"@type\":\"ImageObject\",\"inLanguage\":\"fr-FR\",\"@id\":\"https:\\\/\\\/lasentinelle.dz\\\/#\\\/schema\\\/logo\\\/image\\\/\",\"url\":\"https:\\\/\\\/lasentinelle.dz\\\/wp-content\\\/uploads\\\/2021\\\/09\\\/logo-sentinelleSLOGAN-1.png\",\"contentUrl\":\"https:\\\/\\\/lasentinelle.dz\\\/wp-content\\\/uploads\\\/2021\\\/09\\\/logo-sentinelleSLOGAN-1.png\",\"width\":615,\"height\":142,\"caption\":\"Quotidien La Sentinelle\"},\"image\":{\"@id\":\"https:\\\/\\\/lasentinelle.dz\\\/#\\\/schema\\\/logo\\\/image\\\/\"},\"sameAs\":[\"https:\\\/\\\/www.facebook.com\\\/La-Sentinelle-104059864394773\"]},{\"@type\":\"Person\",\"@id\":\"https:\\\/\\\/lasentinelle.dz\\\/#\\\/schema\\\/person\\\/d865044e22e70a75174ce8bcad3acfb3\",\"name\":\"La Sentinelle\",\"image\":{\"@type\":\"ImageObject\",\"inLanguage\":\"fr-FR\",\"@id\":\"https:\\\/\\\/secure.gravatar.com\\\/avatar\\\/57de8e5d4b15d43fb361a71fbb36338450fe67865b528a43dd10ef7c51a20392?s=96&d=mm&r=g\",\"url\":\"https:\\\/\\\/secure.gravatar.com\\\/avatar\\\/57de8e5d4b15d43fb361a71fbb36338450fe67865b528a43dd10ef7c51a20392?s=96&d=mm&r=g\",\"contentUrl\":\"https:\\\/\\\/secure.gravatar.com\\\/avatar\\\/57de8e5d4b15d43fb361a71fbb36338450fe67865b528a43dd10ef7c51a20392?s=96&d=mm&r=g\",\"caption\":\"La Sentinelle\"},\"sameAs\":[\"http:\\\/\\\/www.lasentinelle.dz\"],\"url\":\"https:\\\/\\\/lasentinelle.dz\\\/author\\\/redaction\\\/\"}]}<\/script>\n<!-- \/ Yoast SEO plugin. -->","yoast_head_json":{"title":"Abdelouahed Kerrar pr\u00e9sident de l\u2019Union nationale des op\u00e9rateurs en pharmacie : \u00ab La souverainet\u00e9 sanitaire n\u00e9cessite une red\u00e9finition des priorit\u00e9s \u00bb - La Sentinelle","robots":{"index":"index","follow":"follow","max-snippet":"max-snippet:-1","max-image-preview":"max-image-preview:large","max-video-preview":"max-video-preview:-1"},"canonical":"https:\/\/lasentinelle.dz\/index.php\/2021\/08\/03\/abdelouahed-kerrar-president-de-lunion-nationale-des-operateurs-en-pharmacie-la-souverainete-sanitaire-necessite-une-redefinition-des-priorites\/","og_locale":"fr_FR","og_type":"article","og_title":"Abdelouahed Kerrar pr\u00e9sident de l\u2019Union nationale des op\u00e9rateurs en pharmacie : \u00ab La souverainet\u00e9 sanitaire n\u00e9cessite une red\u00e9finition des priorit\u00e9s \u00bb - La Sentinelle","og_description":"Le pr\u00e9sident de l\u2019Union nationale des op\u00e9rateurs en pharmacie,AbdelouahedKerrar a estim\u00e9 hier que la pand\u00e9mie de Covid-19 fait trembler les","og_url":"https:\/\/lasentinelle.dz\/index.php\/2021\/08\/03\/abdelouahed-kerrar-president-de-lunion-nationale-des-operateurs-en-pharmacie-la-souverainete-sanitaire-necessite-une-redefinition-des-priorites\/","og_site_name":"La Sentinelle","article_publisher":"https:\/\/www.facebook.com\/La-Sentinelle-104059864394773","article_published_time":"2021-08-02T23:01:00+00:00","og_image":[{"width":1575,"height":900,"url":"https:\/\/lasentinelle.dz\/wp-content\/uploads\/2021\/08\/karrar.png","type":"image\/png"}],"author":"La Sentinelle","twitter_card":"summary_large_image","twitter_misc":{"\u00c9crit par":"La Sentinelle","Dur\u00e9e de lecture estim\u00e9e":"3 minutes"},"schema":{"@context":"https:\/\/schema.org","@graph":[{"@type":"Article","@id":"https:\/\/lasentinelle.dz\/index.php\/2021\/08\/03\/abdelouahed-kerrar-president-de-lunion-nationale-des-operateurs-en-pharmacie-la-souverainete-sanitaire-necessite-une-redefinition-des-priorites\/#article","isPartOf":{"@id":"https:\/\/lasentinelle.dz\/index.php\/2021\/08\/03\/abdelouahed-kerrar-president-de-lunion-nationale-des-operateurs-en-pharmacie-la-souverainete-sanitaire-necessite-une-redefinition-des-priorites\/"},"author":{"name":"La Sentinelle","@id":"https:\/\/lasentinelle.dz\/#\/schema\/person\/d865044e22e70a75174ce8bcad3acfb3"},"headline":"Abdelouahed Kerrar pr\u00e9sident de l\u2019Union nationale des op\u00e9rateurs en pharmacie : \u00ab La souverainet\u00e9 sanitaire n\u00e9cessite une red\u00e9finition des priorit\u00e9s \u00bb","datePublished":"2021-08-02T23:01:00+00:00","mainEntityOfPage":{"@id":"https:\/\/lasentinelle.dz\/index.php\/2021\/08\/03\/abdelouahed-kerrar-president-de-lunion-nationale-des-operateurs-en-pharmacie-la-souverainete-sanitaire-necessite-une-redefinition-des-priorites\/"},"wordCount":791,"commentCount":0,"publisher":{"@id":"https:\/\/lasentinelle.dz\/#organization"},"image":{"@id":"https:\/\/lasentinelle.dz\/index.php\/2021\/08\/03\/abdelouahed-kerrar-president-de-lunion-nationale-des-operateurs-en-pharmacie-la-souverainete-sanitaire-necessite-une-redefinition-des-priorites\/#primaryimage"},"thumbnailUrl":"https:\/\/lasentinelle.dz\/wp-content\/uploads\/2021\/08\/karrar.png","articleSection":["Actualit\u00e9"],"inLanguage":"fr-FR","potentialAction":[{"@type":"CommentAction","name":"Comment","target":["https:\/\/lasentinelle.dz\/index.php\/2021\/08\/03\/abdelouahed-kerrar-president-de-lunion-nationale-des-operateurs-en-pharmacie-la-souverainete-sanitaire-necessite-une-redefinition-des-priorites\/#respond"]}]},{"@type":"WebPage","@id":"https:\/\/lasentinelle.dz\/index.php\/2021\/08\/03\/abdelouahed-kerrar-president-de-lunion-nationale-des-operateurs-en-pharmacie-la-souverainete-sanitaire-necessite-une-redefinition-des-priorites\/","url":"https:\/\/lasentinelle.dz\/index.php\/2021\/08\/03\/abdelouahed-kerrar-president-de-lunion-nationale-des-operateurs-en-pharmacie-la-souverainete-sanitaire-necessite-une-redefinition-des-priorites\/","name":"Abdelouahed Kerrar pr\u00e9sident de l\u2019Union nationale des op\u00e9rateurs en pharmacie : \u00ab La souverainet\u00e9 sanitaire n\u00e9cessite une red\u00e9finition des priorit\u00e9s \u00bb - La Sentinelle","isPartOf":{"@id":"https:\/\/lasentinelle.dz\/#website"},"primaryImageOfPage":{"@id":"https:\/\/lasentinelle.dz\/index.php\/2021\/08\/03\/abdelouahed-kerrar-president-de-lunion-nationale-des-operateurs-en-pharmacie-la-souverainete-sanitaire-necessite-une-redefinition-des-priorites\/#primaryimage"},"image":{"@id":"https:\/\/lasentinelle.dz\/index.php\/2021\/08\/03\/abdelouahed-kerrar-president-de-lunion-nationale-des-operateurs-en-pharmacie-la-souverainete-sanitaire-necessite-une-redefinition-des-priorites\/#primaryimage"},"thumbnailUrl":"https:\/\/lasentinelle.dz\/wp-content\/uploads\/2021\/08\/karrar.png","datePublished":"2021-08-02T23:01:00+00:00","breadcrumb":{"@id":"https:\/\/lasentinelle.dz\/index.php\/2021\/08\/03\/abdelouahed-kerrar-president-de-lunion-nationale-des-operateurs-en-pharmacie-la-souverainete-sanitaire-necessite-une-redefinition-des-priorites\/#breadcrumb"},"inLanguage":"fr-FR","potentialAction":[{"@type":"ReadAction","target":["https:\/\/lasentinelle.dz\/index.php\/2021\/08\/03\/abdelouahed-kerrar-president-de-lunion-nationale-des-operateurs-en-pharmacie-la-souverainete-sanitaire-necessite-une-redefinition-des-priorites\/"]}]},{"@type":"ImageObject","inLanguage":"fr-FR","@id":"https:\/\/lasentinelle.dz\/index.php\/2021\/08\/03\/abdelouahed-kerrar-president-de-lunion-nationale-des-operateurs-en-pharmacie-la-souverainete-sanitaire-necessite-une-redefinition-des-priorites\/#primaryimage","url":"https:\/\/lasentinelle.dz\/wp-content\/uploads\/2021\/08\/karrar.png","contentUrl":"https:\/\/lasentinelle.dz\/wp-content\/uploads\/2021\/08\/karrar.png","width":1575,"height":900},{"@type":"BreadcrumbList","@id":"https:\/\/lasentinelle.dz\/index.php\/2021\/08\/03\/abdelouahed-kerrar-president-de-lunion-nationale-des-operateurs-en-pharmacie-la-souverainete-sanitaire-necessite-une-redefinition-des-priorites\/#breadcrumb","itemListElement":[{"@type":"ListItem","position":1,"name":"Accueil","item":"https:\/\/lasentinelle.dz\/"},{"@type":"ListItem","position":2,"name":"Abdelouahed Kerrar pr\u00e9sident de l\u2019Union nationale des op\u00e9rateurs en pharmacie : \u00ab La souverainet\u00e9 sanitaire n\u00e9cessite une red\u00e9finition des priorit\u00e9s \u00bb"}]},{"@type":"WebSite","@id":"https:\/\/lasentinelle.dz\/#website","url":"https:\/\/lasentinelle.dz\/","name":"La Sentinelle","description":"Quotidien national d&#039;information","publisher":{"@id":"https:\/\/lasentinelle.dz\/#organization"},"potentialAction":[{"@type":"SearchAction","target":{"@type":"EntryPoint","urlTemplate":"https:\/\/lasentinelle.dz\/?s={search_term_string}"},"query-input":{"@type":"PropertyValueSpecification","valueRequired":true,"valueName":"search_term_string"}}],"inLanguage":"fr-FR"},{"@type":"Organization","@id":"https:\/\/lasentinelle.dz\/#organization","name":"Quotidien La Sentinelle","url":"https:\/\/lasentinelle.dz\/","logo":{"@type":"ImageObject","inLanguage":"fr-FR","@id":"https:\/\/lasentinelle.dz\/#\/schema\/logo\/image\/","url":"https:\/\/lasentinelle.dz\/wp-content\/uploads\/2021\/09\/logo-sentinelleSLOGAN-1.png","contentUrl":"https:\/\/lasentinelle.dz\/wp-content\/uploads\/2021\/09\/logo-sentinelleSLOGAN-1.png","width":615,"height":142,"caption":"Quotidien La Sentinelle"},"image":{"@id":"https:\/\/lasentinelle.dz\/#\/schema\/logo\/image\/"},"sameAs":["https:\/\/www.facebook.com\/La-Sentinelle-104059864394773"]},{"@type":"Person","@id":"https:\/\/lasentinelle.dz\/#\/schema\/person\/d865044e22e70a75174ce8bcad3acfb3","name":"La Sentinelle","image":{"@type":"ImageObject","inLanguage":"fr-FR","@id":"https:\/\/secure.gravatar.com\/avatar\/57de8e5d4b15d43fb361a71fbb36338450fe67865b528a43dd10ef7c51a20392?s=96&d=mm&r=g","url":"https:\/\/secure.gravatar.com\/avatar\/57de8e5d4b15d43fb361a71fbb36338450fe67865b528a43dd10ef7c51a20392?s=96&d=mm&r=g","contentUrl":"https:\/\/secure.gravatar.com\/avatar\/57de8e5d4b15d43fb361a71fbb36338450fe67865b528a43dd10ef7c51a20392?s=96&d=mm&r=g","caption":"La Sentinelle"},"sameAs":["http:\/\/www.lasentinelle.dz"],"url":"https:\/\/lasentinelle.dz\/author\/redaction\/"}]}},"_links":{"self":[{"href":"https:\/\/lasentinelle.dz\/index.php\/wp-json\/wp\/v2\/posts\/3270","targetHints":{"allow":["GET"]}}],"collection":[{"href":"https:\/\/lasentinelle.dz\/index.php\/wp-json\/wp\/v2\/posts"}],"about":[{"href":"https:\/\/lasentinelle.dz\/index.php\/wp-json\/wp\/v2\/types\/post"}],"author":[{"embeddable":true,"href":"https:\/\/lasentinelle.dz\/index.php\/wp-json\/wp\/v2\/users\/3"}],"replies":[{"embeddable":true,"href":"https:\/\/lasentinelle.dz\/index.php\/wp-json\/wp\/v2\/comments?post=3270"}],"version-history":[{"count":1,"href":"https:\/\/lasentinelle.dz\/index.php\/wp-json\/wp\/v2\/posts\/3270\/revisions"}],"predecessor-version":[{"id":3301,"href":"https:\/\/lasentinelle.dz\/index.php\/wp-json\/wp\/v2\/posts\/3270\/revisions\/3301"}],"wp:featuredmedia":[{"embeddable":true,"href":"https:\/\/lasentinelle.dz\/index.php\/wp-json\/wp\/v2\/media\/3300"}],"wp:attachment":[{"href":"https:\/\/lasentinelle.dz\/index.php\/wp-json\/wp\/v2\/media?parent=3270"}],"wp:term":[{"taxonomy":"category","embeddable":true,"href":"https:\/\/lasentinelle.dz\/index.php\/wp-json\/wp\/v2\/categories?post=3270"},{"taxonomy":"post_tag","embeddable":true,"href":"https:\/\/lasentinelle.dz\/index.php\/wp-json\/wp\/v2\/tags?post=3270"}],"curies":[{"name":"wp","href":"https:\/\/api.w.org\/{rel}","templated":true}]}}