{"id":32708,"date":"2022-12-17T22:08:00","date_gmt":"2022-12-17T21:08:00","guid":{"rendered":"https:\/\/lasentinelle.dz\/?p=32708"},"modified":"2022-12-17T20:11:20","modified_gmt":"2022-12-17T19:11:20","slug":"can-2025-lalgerie-depose-officiellement-sa-candidature","status":"publish","type":"post","link":"https:\/\/lasentinelle.dz\/index.php\/2022\/12\/17\/can-2025-lalgerie-depose-officiellement-sa-candidature\/","title":{"rendered":"CAN-2025\u00a0: L\u2019Alg\u00e9rie d\u00e9pose officiellement sa candidature"},"content":{"rendered":"\n<p>La F\u00e9d\u00e9ration alg\u00e9rienne de football, par le biais de son \u00e9missaire, Salah-Bey Aboud, a d\u00e9pos\u00e9 officiellement, vendredi matin, le dossier de la candidature de l\u2019Alg\u00e9rie pour l\u2019organisation de la Coupe d\u2019Afrique des Nations (CAN) TotalEnergies 2025.<\/p>\n\n\n\n<p>Selon un communiqu\u00e9 de la FAF, le dossier de candidature, qui a \u00e9t\u00e9 d\u00e9j\u00e0 transmis par voie \u00e9lectronique, conform\u00e9ment \u00e0 la note m\u00e9thodologique de la CAF, a fait l\u2019objet de v\u00e9rification par le responsable Affaires Juridiques Corporate de la CAF, Omar El Ghiati, avant d\u2019accuser r\u00e9ception.<\/p>\n\n\n\n<p>Pour rappel, le ministre de la Jeunesse et des Sports a indiqu\u00e9 mardi que le dossier de candidature de l\u2019Alg\u00e9rie est \u00ab&nbsp;solide et consistant&nbsp;\u00bb. \u00ab&nbsp;Contrairement \u00e0 d&rsquo;autres candidatures, l&rsquo;Alg\u00e9rie a pr\u00e9sent\u00e9 des installations d\u00e9j\u00e0 op\u00e9rationnelles \u00bb, a indiqu\u00e9 Abderrezag Sebgag.En effet, Sebgag a assur\u00e9 que \u00ab la candidature de l\u2019Alg\u00e9rie est diff\u00e9rente par rapport \u00e0 celles des autres candidats car elle repose sur des infrastructures d\u00e9j\u00e0 r\u00e9alis\u00e9es et op\u00e9rationnelles, dans diff\u00e9rentes r\u00e9gions du pays, et qui r\u00e9pondent parfaitement aux normes exig\u00e9es par la CAF \u00bb. Selon plusieurs m\u00e9dias sp\u00e9cialis\u00e9s, six stades ont \u00e9t\u00e9 retenues pour appuyer la candidature alg\u00e9rienne pour la CAN-2025, dont trois stades flambant neufs. Il s\u2019agit du stade de Baraki (Alger) qui doit \u00eatre inaugur\u00e9 \u00e0 l\u2019occasion du CHAN-2023 ainsi que du stade olympique Miloud Hadefi d\u2019Oran inaugur\u00e9 l\u2019\u00e9t\u00e9 dernier \u00e0 l\u2019occasion des Jeux m\u00e9diterran\u00e9ens et du stadede Dou\u00e9ra (Alger) qui devrait \u00eatre prochainement r\u00e9ceptionn\u00e9.<\/p>\n\n\n\n<p>A ce trio, on ajoutera les stades de Mustapha Tchaker (Blida), 19 Mai 1956 (Annaba) et Chahid Hamlaoui (Constantine), les deux derniers ayant \u00e9t\u00e9 totalement r\u00e9nov\u00e9 et r\u00e9habilit\u00e9 pour accueillir les matchs du CHAN. Le nouveau stade de Tizi-Ouzou le stade olympique 05 juillet 1962 (Alger) lequel fait l\u2019objet de travaux de r\u00e9habilitation se trouvent sur la liste des stades de r\u00e9serve. Le dossier de candidature pr\u00e9voit \u00e9galement 32 stades d\u2019entra\u00eenements, sans oublier un programme de r\u00e9alisation d\u2019infrastructures h\u00f4teli\u00e8res.<\/p>\n\n\n\n<p>Avant de se prononcer sur le nom du futur h\u00f4te de la CAN 2025, la CAF effectuera, entre le 5 et le 25 janvier 2023, des visites d&rsquo;inspection. L\u2019Alg\u00e9rie aura un coup \u00e0 jouer, car durant cette p\u00e9riode il y aura chez nous le Championnat d\u2019Afrique des nations (CHAN 2022), r\u00e9serv\u00e9 aux joueurs locaux. Une comp\u00e9tition majeure \u00e0 travers laquelle l\u2019Alg\u00e9rie pourra d\u00e9montrer tout son potentiel en situation r\u00e9elle afin de convaincre la CAF qui rendra son verdict le 10 f\u00e9vrier 2023, \u00e0 l&rsquo;issue d&rsquo;une r\u00e9union de son comit\u00e9 ex\u00e9cutif.Pour rappel, l\u2019\u00e9dition 2025 de la CAN devait avoir lieu en Guin\u00e9e, toutefois, l\u2019organisation lui a \u00e9t\u00e9 retir\u00e9 \u00e0 cause du retard pris dans les travaux des installations exig\u00e9es par la CAF.<\/p>\n\n\n\n<p><strong>Chokri Hafed<\/strong><\/p>\n","protected":false},"excerpt":{"rendered":"<p>La F\u00e9d\u00e9ration alg\u00e9rienne de football, par le biais de son \u00e9missaire, Salah-Bey Aboud, a d\u00e9pos\u00e9 officiellement, vendredi matin, le dossier<\/p>\n","protected":false},"author":3,"featured_media":32709,"comment_status":"open","ping_status":"closed","sticky":false,"template":"","format":"standard","meta":{"colormag_page_container_layout":"default_layout","colormag_page_sidebar_layout":"default_layout","om_disable_all_campaigns":false,"_monsterinsights_skip_tracking":false,"_monsterinsights_sitenote_active":false,"_monsterinsights_sitenote_note":"","_monsterinsights_sitenote_category":0,"footnotes":"","_wpscppro_dont_share_socialmedia":false,"_wpscppro_custom_social_share_image":0,"_facebook_share_type":"","_twitter_share_type":"","_linkedin_share_type":"","_pinterest_share_type":"","_linkedin_share_type_page":"","_instagram_share_type":"","_medium_share_type":"","_threads_share_type":"","_google_business_share_type":"","_selected_social_profile":[],"_wpsp_enable_custom_social_template":false,"_wpsp_social_scheduling":{"enabled":false,"datetime":null,"platforms":[],"status":"template_only","dateOption":"today","timeOption":"now","customDays":"","customHours":"","customDate":"","customTime":"","schedulingType":"absolute"},"_wpsp_active_default_template":true},"categories":[52,33],"tags":[],"class_list":["post-32708","post","type-post","status-publish","format-standard","has-post-thumbnail","hentry","category-a-la-une","category-sports"],"aioseo_notices":[],"yoast_head":"<!-- This site is optimized with the Yoast SEO plugin v27.5 - https:\/\/yoast.com\/product\/yoast-seo-wordpress\/ -->\n<title>CAN-2025\u00a0: L\u2019Alg\u00e9rie d\u00e9pose officiellement sa candidature - La Sentinelle<\/title>\n<meta name=\"robots\" content=\"index, follow, max-snippet:-1, max-image-preview:large, max-video-preview:-1\" \/>\n<link rel=\"canonical\" href=\"https:\/\/lasentinelle.dz\/index.php\/2022\/12\/17\/can-2025-lalgerie-depose-officiellement-sa-candidature\/\" \/>\n<meta property=\"og:locale\" content=\"fr_FR\" \/>\n<meta property=\"og:type\" content=\"article\" \/>\n<meta property=\"og:title\" content=\"CAN-2025\u00a0: L\u2019Alg\u00e9rie d\u00e9pose officiellement sa candidature - La Sentinelle\" \/>\n<meta property=\"og:description\" content=\"La F\u00e9d\u00e9ration alg\u00e9rienne de football, par le biais de son \u00e9missaire, Salah-Bey Aboud, a d\u00e9pos\u00e9 officiellement, vendredi matin, le dossier\" \/>\n<meta property=\"og:url\" content=\"https:\/\/lasentinelle.dz\/index.php\/2022\/12\/17\/can-2025-lalgerie-depose-officiellement-sa-candidature\/\" \/>\n<meta property=\"og:site_name\" content=\"La Sentinelle\" \/>\n<meta property=\"article:publisher\" content=\"https:\/\/www.facebook.com\/La-Sentinelle-104059864394773\" \/>\n<meta property=\"article:published_time\" content=\"2022-12-17T21:08:00+00:00\" \/>\n<meta property=\"og:image\" content=\"https:\/\/lasentinelle.dz\/wp-content\/uploads\/2022\/12\/CAN-2025.png\" \/>\n\t<meta property=\"og:image:width\" content=\"1200\" \/>\n\t<meta property=\"og:image:height\" content=\"900\" \/>\n\t<meta property=\"og:image:type\" content=\"image\/png\" \/>\n<meta name=\"author\" content=\"La Sentinelle\" \/>\n<meta name=\"twitter:card\" content=\"summary_large_image\" \/>\n<meta name=\"twitter:label1\" content=\"\u00c9crit par\" \/>\n\t<meta name=\"twitter:data1\" content=\"La Sentinelle\" \/>\n\t<meta name=\"twitter:label2\" content=\"Dur\u00e9e de lecture estim\u00e9e\" \/>\n\t<meta name=\"twitter:data2\" content=\"3 minutes\" \/>\n<script type=\"application\/ld+json\" class=\"yoast-schema-graph\">{\"@context\":\"https:\\\/\\\/schema.org\",\"@graph\":[{\"@type\":\"Article\",\"@id\":\"https:\\\/\\\/lasentinelle.dz\\\/index.php\\\/2022\\\/12\\\/17\\\/can-2025-lalgerie-depose-officiellement-sa-candidature\\\/#article\",\"isPartOf\":{\"@id\":\"https:\\\/\\\/lasentinelle.dz\\\/index.php\\\/2022\\\/12\\\/17\\\/can-2025-lalgerie-depose-officiellement-sa-candidature\\\/\"},\"author\":{\"name\":\"La Sentinelle\",\"@id\":\"https:\\\/\\\/lasentinelle.dz\\\/#\\\/schema\\\/person\\\/d865044e22e70a75174ce8bcad3acfb3\"},\"headline\":\"CAN-2025\u00a0: L\u2019Alg\u00e9rie d\u00e9pose officiellement sa candidature\",\"datePublished\":\"2022-12-17T21:08:00+00:00\",\"mainEntityOfPage\":{\"@id\":\"https:\\\/\\\/lasentinelle.dz\\\/index.php\\\/2022\\\/12\\\/17\\\/can-2025-lalgerie-depose-officiellement-sa-candidature\\\/\"},\"wordCount\":500,\"commentCount\":0,\"publisher\":{\"@id\":\"https:\\\/\\\/lasentinelle.dz\\\/#organization\"},\"image\":{\"@id\":\"https:\\\/\\\/lasentinelle.dz\\\/index.php\\\/2022\\\/12\\\/17\\\/can-2025-lalgerie-depose-officiellement-sa-candidature\\\/#primaryimage\"},\"thumbnailUrl\":\"https:\\\/\\\/lasentinelle.dz\\\/wp-content\\\/uploads\\\/2022\\\/12\\\/CAN-2025.png\",\"articleSection\":[\"\u00c0 la Une\",\"Sports\"],\"inLanguage\":\"fr-FR\",\"potentialAction\":[{\"@type\":\"CommentAction\",\"name\":\"Comment\",\"target\":[\"https:\\\/\\\/lasentinelle.dz\\\/index.php\\\/2022\\\/12\\\/17\\\/can-2025-lalgerie-depose-officiellement-sa-candidature\\\/#respond\"]}]},{\"@type\":\"WebPage\",\"@id\":\"https:\\\/\\\/lasentinelle.dz\\\/index.php\\\/2022\\\/12\\\/17\\\/can-2025-lalgerie-depose-officiellement-sa-candidature\\\/\",\"url\":\"https:\\\/\\\/lasentinelle.dz\\\/index.php\\\/2022\\\/12\\\/17\\\/can-2025-lalgerie-depose-officiellement-sa-candidature\\\/\",\"name\":\"CAN-2025\u00a0: L\u2019Alg\u00e9rie d\u00e9pose officiellement sa candidature - La Sentinelle\",\"isPartOf\":{\"@id\":\"https:\\\/\\\/lasentinelle.dz\\\/#website\"},\"primaryImageOfPage\":{\"@id\":\"https:\\\/\\\/lasentinelle.dz\\\/index.php\\\/2022\\\/12\\\/17\\\/can-2025-lalgerie-depose-officiellement-sa-candidature\\\/#primaryimage\"},\"image\":{\"@id\":\"https:\\\/\\\/lasentinelle.dz\\\/index.php\\\/2022\\\/12\\\/17\\\/can-2025-lalgerie-depose-officiellement-sa-candidature\\\/#primaryimage\"},\"thumbnailUrl\":\"https:\\\/\\\/lasentinelle.dz\\\/wp-content\\\/uploads\\\/2022\\\/12\\\/CAN-2025.png\",\"datePublished\":\"2022-12-17T21:08:00+00:00\",\"breadcrumb\":{\"@id\":\"https:\\\/\\\/lasentinelle.dz\\\/index.php\\\/2022\\\/12\\\/17\\\/can-2025-lalgerie-depose-officiellement-sa-candidature\\\/#breadcrumb\"},\"inLanguage\":\"fr-FR\",\"potentialAction\":[{\"@type\":\"ReadAction\",\"target\":[\"https:\\\/\\\/lasentinelle.dz\\\/index.php\\\/2022\\\/12\\\/17\\\/can-2025-lalgerie-depose-officiellement-sa-candidature\\\/\"]}]},{\"@type\":\"ImageObject\",\"inLanguage\":\"fr-FR\",\"@id\":\"https:\\\/\\\/lasentinelle.dz\\\/index.php\\\/2022\\\/12\\\/17\\\/can-2025-lalgerie-depose-officiellement-sa-candidature\\\/#primaryimage\",\"url\":\"https:\\\/\\\/lasentinelle.dz\\\/wp-content\\\/uploads\\\/2022\\\/12\\\/CAN-2025.png\",\"contentUrl\":\"https:\\\/\\\/lasentinelle.dz\\\/wp-content\\\/uploads\\\/2022\\\/12\\\/CAN-2025.png\",\"width\":1200,\"height\":900},{\"@type\":\"BreadcrumbList\",\"@id\":\"https:\\\/\\\/lasentinelle.dz\\\/index.php\\\/2022\\\/12\\\/17\\\/can-2025-lalgerie-depose-officiellement-sa-candidature\\\/#breadcrumb\",\"itemListElement\":[{\"@type\":\"ListItem\",\"position\":1,\"name\":\"Accueil\",\"item\":\"https:\\\/\\\/lasentinelle.dz\\\/\"},{\"@type\":\"ListItem\",\"position\":2,\"name\":\"CAN-2025\u00a0: L\u2019Alg\u00e9rie d\u00e9pose officiellement sa candidature\"}]},{\"@type\":\"WebSite\",\"@id\":\"https:\\\/\\\/lasentinelle.dz\\\/#website\",\"url\":\"https:\\\/\\\/lasentinelle.dz\\\/\",\"name\":\"La Sentinelle\",\"description\":\"Quotidien national d&#039;information\",\"publisher\":{\"@id\":\"https:\\\/\\\/lasentinelle.dz\\\/#organization\"},\"potentialAction\":[{\"@type\":\"SearchAction\",\"target\":{\"@type\":\"EntryPoint\",\"urlTemplate\":\"https:\\\/\\\/lasentinelle.dz\\\/?s={search_term_string}\"},\"query-input\":{\"@type\":\"PropertyValueSpecification\",\"valueRequired\":true,\"valueName\":\"search_term_string\"}}],\"inLanguage\":\"fr-FR\"},{\"@type\":\"Organization\",\"@id\":\"https:\\\/\\\/lasentinelle.dz\\\/#organization\",\"name\":\"Quotidien La Sentinelle\",\"url\":\"https:\\\/\\\/lasentinelle.dz\\\/\",\"logo\":{\"@type\":\"ImageObject\",\"inLanguage\":\"fr-FR\",\"@id\":\"https:\\\/\\\/lasentinelle.dz\\\/#\\\/schema\\\/logo\\\/image\\\/\",\"url\":\"https:\\\/\\\/lasentinelle.dz\\\/wp-content\\\/uploads\\\/2021\\\/09\\\/logo-sentinelleSLOGAN-1.png\",\"contentUrl\":\"https:\\\/\\\/lasentinelle.dz\\\/wp-content\\\/uploads\\\/2021\\\/09\\\/logo-sentinelleSLOGAN-1.png\",\"width\":615,\"height\":142,\"caption\":\"Quotidien La Sentinelle\"},\"image\":{\"@id\":\"https:\\\/\\\/lasentinelle.dz\\\/#\\\/schema\\\/logo\\\/image\\\/\"},\"sameAs\":[\"https:\\\/\\\/www.facebook.com\\\/La-Sentinelle-104059864394773\"]},{\"@type\":\"Person\",\"@id\":\"https:\\\/\\\/lasentinelle.dz\\\/#\\\/schema\\\/person\\\/d865044e22e70a75174ce8bcad3acfb3\",\"name\":\"La Sentinelle\",\"image\":{\"@type\":\"ImageObject\",\"inLanguage\":\"fr-FR\",\"@id\":\"https:\\\/\\\/secure.gravatar.com\\\/avatar\\\/57de8e5d4b15d43fb361a71fbb36338450fe67865b528a43dd10ef7c51a20392?s=96&d=mm&r=g\",\"url\":\"https:\\\/\\\/secure.gravatar.com\\\/avatar\\\/57de8e5d4b15d43fb361a71fbb36338450fe67865b528a43dd10ef7c51a20392?s=96&d=mm&r=g\",\"contentUrl\":\"https:\\\/\\\/secure.gravatar.com\\\/avatar\\\/57de8e5d4b15d43fb361a71fbb36338450fe67865b528a43dd10ef7c51a20392?s=96&d=mm&r=g\",\"caption\":\"La Sentinelle\"},\"sameAs\":[\"http:\\\/\\\/www.lasentinelle.dz\"],\"url\":\"https:\\\/\\\/lasentinelle.dz\\\/author\\\/redaction\\\/\"}]}<\/script>\n<!-- \/ Yoast SEO plugin. -->","yoast_head_json":{"title":"CAN-2025\u00a0: L\u2019Alg\u00e9rie d\u00e9pose officiellement sa candidature - La Sentinelle","robots":{"index":"index","follow":"follow","max-snippet":"max-snippet:-1","max-image-preview":"max-image-preview:large","max-video-preview":"max-video-preview:-1"},"canonical":"https:\/\/lasentinelle.dz\/index.php\/2022\/12\/17\/can-2025-lalgerie-depose-officiellement-sa-candidature\/","og_locale":"fr_FR","og_type":"article","og_title":"CAN-2025\u00a0: L\u2019Alg\u00e9rie d\u00e9pose officiellement sa candidature - La Sentinelle","og_description":"La F\u00e9d\u00e9ration alg\u00e9rienne de football, par le biais de son \u00e9missaire, Salah-Bey Aboud, a d\u00e9pos\u00e9 officiellement, vendredi matin, le dossier","og_url":"https:\/\/lasentinelle.dz\/index.php\/2022\/12\/17\/can-2025-lalgerie-depose-officiellement-sa-candidature\/","og_site_name":"La Sentinelle","article_publisher":"https:\/\/www.facebook.com\/La-Sentinelle-104059864394773","article_published_time":"2022-12-17T21:08:00+00:00","og_image":[{"width":1200,"height":900,"url":"https:\/\/lasentinelle.dz\/wp-content\/uploads\/2022\/12\/CAN-2025.png","type":"image\/png"}],"author":"La Sentinelle","twitter_card":"summary_large_image","twitter_misc":{"\u00c9crit par":"La Sentinelle","Dur\u00e9e de lecture estim\u00e9e":"3 minutes"},"schema":{"@context":"https:\/\/schema.org","@graph":[{"@type":"Article","@id":"https:\/\/lasentinelle.dz\/index.php\/2022\/12\/17\/can-2025-lalgerie-depose-officiellement-sa-candidature\/#article","isPartOf":{"@id":"https:\/\/lasentinelle.dz\/index.php\/2022\/12\/17\/can-2025-lalgerie-depose-officiellement-sa-candidature\/"},"author":{"name":"La Sentinelle","@id":"https:\/\/lasentinelle.dz\/#\/schema\/person\/d865044e22e70a75174ce8bcad3acfb3"},"headline":"CAN-2025\u00a0: L\u2019Alg\u00e9rie d\u00e9pose officiellement sa candidature","datePublished":"2022-12-17T21:08:00+00:00","mainEntityOfPage":{"@id":"https:\/\/lasentinelle.dz\/index.php\/2022\/12\/17\/can-2025-lalgerie-depose-officiellement-sa-candidature\/"},"wordCount":500,"commentCount":0,"publisher":{"@id":"https:\/\/lasentinelle.dz\/#organization"},"image":{"@id":"https:\/\/lasentinelle.dz\/index.php\/2022\/12\/17\/can-2025-lalgerie-depose-officiellement-sa-candidature\/#primaryimage"},"thumbnailUrl":"https:\/\/lasentinelle.dz\/wp-content\/uploads\/2022\/12\/CAN-2025.png","articleSection":["\u00c0 la Une","Sports"],"inLanguage":"fr-FR","potentialAction":[{"@type":"CommentAction","name":"Comment","target":["https:\/\/lasentinelle.dz\/index.php\/2022\/12\/17\/can-2025-lalgerie-depose-officiellement-sa-candidature\/#respond"]}]},{"@type":"WebPage","@id":"https:\/\/lasentinelle.dz\/index.php\/2022\/12\/17\/can-2025-lalgerie-depose-officiellement-sa-candidature\/","url":"https:\/\/lasentinelle.dz\/index.php\/2022\/12\/17\/can-2025-lalgerie-depose-officiellement-sa-candidature\/","name":"CAN-2025\u00a0: L\u2019Alg\u00e9rie d\u00e9pose officiellement sa candidature - La Sentinelle","isPartOf":{"@id":"https:\/\/lasentinelle.dz\/#website"},"primaryImageOfPage":{"@id":"https:\/\/lasentinelle.dz\/index.php\/2022\/12\/17\/can-2025-lalgerie-depose-officiellement-sa-candidature\/#primaryimage"},"image":{"@id":"https:\/\/lasentinelle.dz\/index.php\/2022\/12\/17\/can-2025-lalgerie-depose-officiellement-sa-candidature\/#primaryimage"},"thumbnailUrl":"https:\/\/lasentinelle.dz\/wp-content\/uploads\/2022\/12\/CAN-2025.png","datePublished":"2022-12-17T21:08:00+00:00","breadcrumb":{"@id":"https:\/\/lasentinelle.dz\/index.php\/2022\/12\/17\/can-2025-lalgerie-depose-officiellement-sa-candidature\/#breadcrumb"},"inLanguage":"fr-FR","potentialAction":[{"@type":"ReadAction","target":["https:\/\/lasentinelle.dz\/index.php\/2022\/12\/17\/can-2025-lalgerie-depose-officiellement-sa-candidature\/"]}]},{"@type":"ImageObject","inLanguage":"fr-FR","@id":"https:\/\/lasentinelle.dz\/index.php\/2022\/12\/17\/can-2025-lalgerie-depose-officiellement-sa-candidature\/#primaryimage","url":"https:\/\/lasentinelle.dz\/wp-content\/uploads\/2022\/12\/CAN-2025.png","contentUrl":"https:\/\/lasentinelle.dz\/wp-content\/uploads\/2022\/12\/CAN-2025.png","width":1200,"height":900},{"@type":"BreadcrumbList","@id":"https:\/\/lasentinelle.dz\/index.php\/2022\/12\/17\/can-2025-lalgerie-depose-officiellement-sa-candidature\/#breadcrumb","itemListElement":[{"@type":"ListItem","position":1,"name":"Accueil","item":"https:\/\/lasentinelle.dz\/"},{"@type":"ListItem","position":2,"name":"CAN-2025\u00a0: L\u2019Alg\u00e9rie d\u00e9pose officiellement sa candidature"}]},{"@type":"WebSite","@id":"https:\/\/lasentinelle.dz\/#website","url":"https:\/\/lasentinelle.dz\/","name":"La Sentinelle","description":"Quotidien national d&#039;information","publisher":{"@id":"https:\/\/lasentinelle.dz\/#organization"},"potentialAction":[{"@type":"SearchAction","target":{"@type":"EntryPoint","urlTemplate":"https:\/\/lasentinelle.dz\/?s={search_term_string}"},"query-input":{"@type":"PropertyValueSpecification","valueRequired":true,"valueName":"search_term_string"}}],"inLanguage":"fr-FR"},{"@type":"Organization","@id":"https:\/\/lasentinelle.dz\/#organization","name":"Quotidien La Sentinelle","url":"https:\/\/lasentinelle.dz\/","logo":{"@type":"ImageObject","inLanguage":"fr-FR","@id":"https:\/\/lasentinelle.dz\/#\/schema\/logo\/image\/","url":"https:\/\/lasentinelle.dz\/wp-content\/uploads\/2021\/09\/logo-sentinelleSLOGAN-1.png","contentUrl":"https:\/\/lasentinelle.dz\/wp-content\/uploads\/2021\/09\/logo-sentinelleSLOGAN-1.png","width":615,"height":142,"caption":"Quotidien La Sentinelle"},"image":{"@id":"https:\/\/lasentinelle.dz\/#\/schema\/logo\/image\/"},"sameAs":["https:\/\/www.facebook.com\/La-Sentinelle-104059864394773"]},{"@type":"Person","@id":"https:\/\/lasentinelle.dz\/#\/schema\/person\/d865044e22e70a75174ce8bcad3acfb3","name":"La Sentinelle","image":{"@type":"ImageObject","inLanguage":"fr-FR","@id":"https:\/\/secure.gravatar.com\/avatar\/57de8e5d4b15d43fb361a71fbb36338450fe67865b528a43dd10ef7c51a20392?s=96&d=mm&r=g","url":"https:\/\/secure.gravatar.com\/avatar\/57de8e5d4b15d43fb361a71fbb36338450fe67865b528a43dd10ef7c51a20392?s=96&d=mm&r=g","contentUrl":"https:\/\/secure.gravatar.com\/avatar\/57de8e5d4b15d43fb361a71fbb36338450fe67865b528a43dd10ef7c51a20392?s=96&d=mm&r=g","caption":"La Sentinelle"},"sameAs":["http:\/\/www.lasentinelle.dz"],"url":"https:\/\/lasentinelle.dz\/author\/redaction\/"}]}},"_links":{"self":[{"href":"https:\/\/lasentinelle.dz\/index.php\/wp-json\/wp\/v2\/posts\/32708","targetHints":{"allow":["GET"]}}],"collection":[{"href":"https:\/\/lasentinelle.dz\/index.php\/wp-json\/wp\/v2\/posts"}],"about":[{"href":"https:\/\/lasentinelle.dz\/index.php\/wp-json\/wp\/v2\/types\/post"}],"author":[{"embeddable":true,"href":"https:\/\/lasentinelle.dz\/index.php\/wp-json\/wp\/v2\/users\/3"}],"replies":[{"embeddable":true,"href":"https:\/\/lasentinelle.dz\/index.php\/wp-json\/wp\/v2\/comments?post=32708"}],"version-history":[{"count":2,"href":"https:\/\/lasentinelle.dz\/index.php\/wp-json\/wp\/v2\/posts\/32708\/revisions"}],"predecessor-version":[{"id":32741,"href":"https:\/\/lasentinelle.dz\/index.php\/wp-json\/wp\/v2\/posts\/32708\/revisions\/32741"}],"wp:featuredmedia":[{"embeddable":true,"href":"https:\/\/lasentinelle.dz\/index.php\/wp-json\/wp\/v2\/media\/32709"}],"wp:attachment":[{"href":"https:\/\/lasentinelle.dz\/index.php\/wp-json\/wp\/v2\/media?parent=32708"}],"wp:term":[{"taxonomy":"category","embeddable":true,"href":"https:\/\/lasentinelle.dz\/index.php\/wp-json\/wp\/v2\/categories?post=32708"},{"taxonomy":"post_tag","embeddable":true,"href":"https:\/\/lasentinelle.dz\/index.php\/wp-json\/wp\/v2\/tags?post=32708"}],"curies":[{"name":"wp","href":"https:\/\/api.w.org\/{rel}","templated":true}]}}