{"id":32780,"date":"2022-12-18T22:05:00","date_gmt":"2022-12-18T21:05:00","guid":{"rendered":"https:\/\/lasentinelle.dz\/?p=32780"},"modified":"2022-12-18T19:42:00","modified_gmt":"2022-12-18T18:42:00","slug":"le-groupe-rappelle-que-le-recrutement-se-fait-exclusivement-par-le-biais-de-lanem-sonatrach-ouvre-117-postes-demplois","status":"publish","type":"post","link":"https:\/\/lasentinelle.dz\/index.php\/2022\/12\/18\/le-groupe-rappelle-que-le-recrutement-se-fait-exclusivement-par-le-biais-de-lanem-sonatrach-ouvre-117-postes-demplois\/","title":{"rendered":"Le Groupe rappelle que le recrutement se fait exclusivement par le biais de l&rsquo;ANEM\u00a0: Sonatrach ouvre 117 postes d\u2019emplois"},"content":{"rendered":"\n<p>Le groupe p\u00e9trolier Sonatrach a indiqu\u00e9, hier dans un communiqu\u00e9, avoir avoir lanc\u00e9, le 14 d\u00e9cembre 2022, une offre d&#8217;emploi globale via la plateforme num\u00e9rique de l&rsquo;ANEM, d\u00e9di\u00e9e au b\u00e9n\u00e9fice des grandes entreprises. L\u2019occasion aussi pour le groupe p\u00e9tro-gazier national de rappeler que les annonces de recrutement, au niveau de l&rsquo;ensemble de ses structures, \u00ab\u00a0se font par le biais de l&rsquo;Agence nationale de l&#8217;emploi (ANEM), qui se charge exclusivement de la gestion et de la publication des offres d&#8217;emploi relatives au groupe\u00a0\u00bb.\u00a0\u00bbSonatrach affirme que les annonces de recrutement, au niveau de l&rsquo;ensemble de ses structures, se font par le biais d&rsquo;un seul dispositif, \u00e0 savoir l&rsquo;ANEM qui se charge exclusivement de la gestion et de la publication des offres d&#8217;emploi relatives au groupe\u00a0\u00bb, lit-on dans le communiqu\u00e9. La m\u00eame source explique aussi que dans le cadre de la mise en \u0153uvre de son plan de recrutement, Sonatrach \u00ab\u00a0annonce avoir lanc\u00e9, le 14 d\u00e9cembre 2022, une offre d&#8217;emploi globale via la plateforme num\u00e9rique de l&rsquo;ANEM, d\u00e9di\u00e9e au b\u00e9n\u00e9fice des grandes entreprises\u00a0\u00bb.\u00a0\u00bbCette offre d&#8217;emploi intervient dans le cadre des besoins enregistr\u00e9s au niveau des \u00e9tablissements de Sonatrach situ\u00e9s dans la wilaya de Skikda, qui vise \u00e0 combler les besoins de 117 postes d&#8217;emploi, dont 45 postes d&#8217;emploi sont enregistr\u00e9s dans le cadre de l&rsquo;offre d&#8217;emploi d\u00e9pos\u00e9e via la m\u00eame plateforme num\u00e9rique, qui a annul\u00e9 le concours de s\u00e9lection, organis\u00e9 le 20 juillet 2022 \u00e0 l&rsquo;Universit\u00e9 de Skikda concernant cette offre, faute de conditions n\u00e9cessaires\u00a0\u00bb, conclut le communiqu\u00e9.<\/p>\n\n\n\n<p><strong>R.E.<\/strong><\/p>\n","protected":false},"excerpt":{"rendered":"<p>Le groupe p\u00e9trolier Sonatrach a indiqu\u00e9, hier dans un communiqu\u00e9, avoir avoir lanc\u00e9, le 14 d\u00e9cembre 2022, une offre d&#8217;emploi<\/p>\n","protected":false},"author":3,"featured_media":16459,"comment_status":"open","ping_status":"closed","sticky":false,"template":"","format":"standard","meta":{"colormag_page_container_layout":"default_layout","colormag_page_sidebar_layout":"default_layout","om_disable_all_campaigns":false,"_monsterinsights_skip_tracking":false,"_monsterinsights_sitenote_active":false,"_monsterinsights_sitenote_note":"","_monsterinsights_sitenote_category":0,"footnotes":"","_wpscppro_dont_share_socialmedia":false,"_wpscppro_custom_social_share_image":0,"_facebook_share_type":"","_twitter_share_type":"","_linkedin_share_type":"","_pinterest_share_type":"","_linkedin_share_type_page":"","_instagram_share_type":"","_medium_share_type":"","_threads_share_type":"","_google_business_share_type":"","_selected_social_profile":[],"_wpsp_enable_custom_social_template":false,"_wpsp_social_scheduling":{"enabled":false,"datetime":null,"platforms":[],"status":"template_only","dateOption":"today","timeOption":"now","customDays":"","customHours":"","customDate":"","customTime":"","schedulingType":"absolute"},"_wpsp_active_default_template":true},"categories":[29],"tags":[],"class_list":["post-32780","post","type-post","status-publish","format-standard","has-post-thumbnail","hentry","category-economie"],"aioseo_notices":[],"yoast_head":"<!-- This site is optimized with the Yoast SEO plugin v27.5 - https:\/\/yoast.com\/product\/yoast-seo-wordpress\/ -->\n<title>Le Groupe rappelle que le recrutement se fait exclusivement par le biais de l&rsquo;ANEM\u00a0: Sonatrach ouvre 117 postes d\u2019emplois - La Sentinelle<\/title>\n<meta name=\"robots\" content=\"index, follow, max-snippet:-1, max-image-preview:large, max-video-preview:-1\" \/>\n<link rel=\"canonical\" href=\"https:\/\/lasentinelle.dz\/index.php\/2022\/12\/18\/le-groupe-rappelle-que-le-recrutement-se-fait-exclusivement-par-le-biais-de-lanem-sonatrach-ouvre-117-postes-demplois\/\" \/>\n<meta property=\"og:locale\" content=\"fr_FR\" \/>\n<meta property=\"og:type\" content=\"article\" \/>\n<meta property=\"og:title\" content=\"Le Groupe rappelle que le recrutement se fait exclusivement par le biais de l&rsquo;ANEM\u00a0: Sonatrach ouvre 117 postes d\u2019emplois - La Sentinelle\" \/>\n<meta property=\"og:description\" content=\"Le groupe p\u00e9trolier Sonatrach a indiqu\u00e9, hier dans un communiqu\u00e9, avoir avoir lanc\u00e9, le 14 d\u00e9cembre 2022, une offre d&#8217;emploi\" \/>\n<meta property=\"og:url\" content=\"https:\/\/lasentinelle.dz\/index.php\/2022\/12\/18\/le-groupe-rappelle-que-le-recrutement-se-fait-exclusivement-par-le-biais-de-lanem-sonatrach-ouvre-117-postes-demplois\/\" \/>\n<meta property=\"og:site_name\" content=\"La Sentinelle\" \/>\n<meta property=\"article:publisher\" content=\"https:\/\/www.facebook.com\/La-Sentinelle-104059864394773\" \/>\n<meta property=\"article:published_time\" content=\"2022-12-18T21:05:00+00:00\" \/>\n<meta property=\"og:image\" content=\"https:\/\/lasentinelle.dz\/wp-content\/uploads\/2022\/02\/sonatrach.png\" \/>\n\t<meta property=\"og:image:width\" content=\"1800\" \/>\n\t<meta property=\"og:image:height\" content=\"900\" \/>\n\t<meta property=\"og:image:type\" content=\"image\/png\" \/>\n<meta name=\"author\" content=\"La Sentinelle\" \/>\n<meta name=\"twitter:card\" content=\"summary_large_image\" \/>\n<meta name=\"twitter:label1\" content=\"\u00c9crit par\" \/>\n\t<meta name=\"twitter:data1\" content=\"La Sentinelle\" \/>\n\t<meta name=\"twitter:label2\" content=\"Dur\u00e9e de lecture estim\u00e9e\" \/>\n\t<meta name=\"twitter:data2\" content=\"2 minutes\" \/>\n<script type=\"application\/ld+json\" class=\"yoast-schema-graph\">{\"@context\":\"https:\\\/\\\/schema.org\",\"@graph\":[{\"@type\":\"Article\",\"@id\":\"https:\\\/\\\/lasentinelle.dz\\\/index.php\\\/2022\\\/12\\\/18\\\/le-groupe-rappelle-que-le-recrutement-se-fait-exclusivement-par-le-biais-de-lanem-sonatrach-ouvre-117-postes-demplois\\\/#article\",\"isPartOf\":{\"@id\":\"https:\\\/\\\/lasentinelle.dz\\\/index.php\\\/2022\\\/12\\\/18\\\/le-groupe-rappelle-que-le-recrutement-se-fait-exclusivement-par-le-biais-de-lanem-sonatrach-ouvre-117-postes-demplois\\\/\"},\"author\":{\"name\":\"La Sentinelle\",\"@id\":\"https:\\\/\\\/lasentinelle.dz\\\/#\\\/schema\\\/person\\\/d865044e22e70a75174ce8bcad3acfb3\"},\"headline\":\"Le Groupe rappelle que le recrutement se fait exclusivement par le biais de l&rsquo;ANEM\u00a0: Sonatrach ouvre 117 postes d\u2019emplois\",\"datePublished\":\"2022-12-18T21:05:00+00:00\",\"mainEntityOfPage\":{\"@id\":\"https:\\\/\\\/lasentinelle.dz\\\/index.php\\\/2022\\\/12\\\/18\\\/le-groupe-rappelle-que-le-recrutement-se-fait-exclusivement-par-le-biais-de-lanem-sonatrach-ouvre-117-postes-demplois\\\/\"},\"wordCount\":302,\"commentCount\":0,\"publisher\":{\"@id\":\"https:\\\/\\\/lasentinelle.dz\\\/#organization\"},\"image\":{\"@id\":\"https:\\\/\\\/lasentinelle.dz\\\/index.php\\\/2022\\\/12\\\/18\\\/le-groupe-rappelle-que-le-recrutement-se-fait-exclusivement-par-le-biais-de-lanem-sonatrach-ouvre-117-postes-demplois\\\/#primaryimage\"},\"thumbnailUrl\":\"https:\\\/\\\/lasentinelle.dz\\\/wp-content\\\/uploads\\\/2022\\\/02\\\/sonatrach.png\",\"articleSection\":[\"\u00c9conomie\"],\"inLanguage\":\"fr-FR\",\"potentialAction\":[{\"@type\":\"CommentAction\",\"name\":\"Comment\",\"target\":[\"https:\\\/\\\/lasentinelle.dz\\\/index.php\\\/2022\\\/12\\\/18\\\/le-groupe-rappelle-que-le-recrutement-se-fait-exclusivement-par-le-biais-de-lanem-sonatrach-ouvre-117-postes-demplois\\\/#respond\"]}]},{\"@type\":\"WebPage\",\"@id\":\"https:\\\/\\\/lasentinelle.dz\\\/index.php\\\/2022\\\/12\\\/18\\\/le-groupe-rappelle-que-le-recrutement-se-fait-exclusivement-par-le-biais-de-lanem-sonatrach-ouvre-117-postes-demplois\\\/\",\"url\":\"https:\\\/\\\/lasentinelle.dz\\\/index.php\\\/2022\\\/12\\\/18\\\/le-groupe-rappelle-que-le-recrutement-se-fait-exclusivement-par-le-biais-de-lanem-sonatrach-ouvre-117-postes-demplois\\\/\",\"name\":\"Le Groupe rappelle que le recrutement se fait exclusivement par le biais de l&rsquo;ANEM\u00a0: Sonatrach ouvre 117 postes d\u2019emplois - La Sentinelle\",\"isPartOf\":{\"@id\":\"https:\\\/\\\/lasentinelle.dz\\\/#website\"},\"primaryImageOfPage\":{\"@id\":\"https:\\\/\\\/lasentinelle.dz\\\/index.php\\\/2022\\\/12\\\/18\\\/le-groupe-rappelle-que-le-recrutement-se-fait-exclusivement-par-le-biais-de-lanem-sonatrach-ouvre-117-postes-demplois\\\/#primaryimage\"},\"image\":{\"@id\":\"https:\\\/\\\/lasentinelle.dz\\\/index.php\\\/2022\\\/12\\\/18\\\/le-groupe-rappelle-que-le-recrutement-se-fait-exclusivement-par-le-biais-de-lanem-sonatrach-ouvre-117-postes-demplois\\\/#primaryimage\"},\"thumbnailUrl\":\"https:\\\/\\\/lasentinelle.dz\\\/wp-content\\\/uploads\\\/2022\\\/02\\\/sonatrach.png\",\"datePublished\":\"2022-12-18T21:05:00+00:00\",\"breadcrumb\":{\"@id\":\"https:\\\/\\\/lasentinelle.dz\\\/index.php\\\/2022\\\/12\\\/18\\\/le-groupe-rappelle-que-le-recrutement-se-fait-exclusivement-par-le-biais-de-lanem-sonatrach-ouvre-117-postes-demplois\\\/#breadcrumb\"},\"inLanguage\":\"fr-FR\",\"potentialAction\":[{\"@type\":\"ReadAction\",\"target\":[\"https:\\\/\\\/lasentinelle.dz\\\/index.php\\\/2022\\\/12\\\/18\\\/le-groupe-rappelle-que-le-recrutement-se-fait-exclusivement-par-le-biais-de-lanem-sonatrach-ouvre-117-postes-demplois\\\/\"]}]},{\"@type\":\"ImageObject\",\"inLanguage\":\"fr-FR\",\"@id\":\"https:\\\/\\\/lasentinelle.dz\\\/index.php\\\/2022\\\/12\\\/18\\\/le-groupe-rappelle-que-le-recrutement-se-fait-exclusivement-par-le-biais-de-lanem-sonatrach-ouvre-117-postes-demplois\\\/#primaryimage\",\"url\":\"https:\\\/\\\/lasentinelle.dz\\\/wp-content\\\/uploads\\\/2022\\\/02\\\/sonatrach.png\",\"contentUrl\":\"https:\\\/\\\/lasentinelle.dz\\\/wp-content\\\/uploads\\\/2022\\\/02\\\/sonatrach.png\",\"width\":1800,\"height\":900},{\"@type\":\"BreadcrumbList\",\"@id\":\"https:\\\/\\\/lasentinelle.dz\\\/index.php\\\/2022\\\/12\\\/18\\\/le-groupe-rappelle-que-le-recrutement-se-fait-exclusivement-par-le-biais-de-lanem-sonatrach-ouvre-117-postes-demplois\\\/#breadcrumb\",\"itemListElement\":[{\"@type\":\"ListItem\",\"position\":1,\"name\":\"Accueil\",\"item\":\"https:\\\/\\\/lasentinelle.dz\\\/\"},{\"@type\":\"ListItem\",\"position\":2,\"name\":\"Le Groupe rappelle que le recrutement se fait exclusivement par le biais de l&rsquo;ANEM\u00a0: Sonatrach ouvre 117 postes d\u2019emplois\"}]},{\"@type\":\"WebSite\",\"@id\":\"https:\\\/\\\/lasentinelle.dz\\\/#website\",\"url\":\"https:\\\/\\\/lasentinelle.dz\\\/\",\"name\":\"La Sentinelle\",\"description\":\"Quotidien national d&#039;information\",\"publisher\":{\"@id\":\"https:\\\/\\\/lasentinelle.dz\\\/#organization\"},\"potentialAction\":[{\"@type\":\"SearchAction\",\"target\":{\"@type\":\"EntryPoint\",\"urlTemplate\":\"https:\\\/\\\/lasentinelle.dz\\\/?s={search_term_string}\"},\"query-input\":{\"@type\":\"PropertyValueSpecification\",\"valueRequired\":true,\"valueName\":\"search_term_string\"}}],\"inLanguage\":\"fr-FR\"},{\"@type\":\"Organization\",\"@id\":\"https:\\\/\\\/lasentinelle.dz\\\/#organization\",\"name\":\"Quotidien La Sentinelle\",\"url\":\"https:\\\/\\\/lasentinelle.dz\\\/\",\"logo\":{\"@type\":\"ImageObject\",\"inLanguage\":\"fr-FR\",\"@id\":\"https:\\\/\\\/lasentinelle.dz\\\/#\\\/schema\\\/logo\\\/image\\\/\",\"url\":\"https:\\\/\\\/lasentinelle.dz\\\/wp-content\\\/uploads\\\/2021\\\/09\\\/logo-sentinelleSLOGAN-1.png\",\"contentUrl\":\"https:\\\/\\\/lasentinelle.dz\\\/wp-content\\\/uploads\\\/2021\\\/09\\\/logo-sentinelleSLOGAN-1.png\",\"width\":615,\"height\":142,\"caption\":\"Quotidien La Sentinelle\"},\"image\":{\"@id\":\"https:\\\/\\\/lasentinelle.dz\\\/#\\\/schema\\\/logo\\\/image\\\/\"},\"sameAs\":[\"https:\\\/\\\/www.facebook.com\\\/La-Sentinelle-104059864394773\"]},{\"@type\":\"Person\",\"@id\":\"https:\\\/\\\/lasentinelle.dz\\\/#\\\/schema\\\/person\\\/d865044e22e70a75174ce8bcad3acfb3\",\"name\":\"La Sentinelle\",\"image\":{\"@type\":\"ImageObject\",\"inLanguage\":\"fr-FR\",\"@id\":\"https:\\\/\\\/secure.gravatar.com\\\/avatar\\\/57de8e5d4b15d43fb361a71fbb36338450fe67865b528a43dd10ef7c51a20392?s=96&d=mm&r=g\",\"url\":\"https:\\\/\\\/secure.gravatar.com\\\/avatar\\\/57de8e5d4b15d43fb361a71fbb36338450fe67865b528a43dd10ef7c51a20392?s=96&d=mm&r=g\",\"contentUrl\":\"https:\\\/\\\/secure.gravatar.com\\\/avatar\\\/57de8e5d4b15d43fb361a71fbb36338450fe67865b528a43dd10ef7c51a20392?s=96&d=mm&r=g\",\"caption\":\"La Sentinelle\"},\"sameAs\":[\"http:\\\/\\\/www.lasentinelle.dz\"],\"url\":\"https:\\\/\\\/lasentinelle.dz\\\/author\\\/redaction\\\/\"}]}<\/script>\n<!-- \/ Yoast SEO plugin. -->","yoast_head_json":{"title":"Le Groupe rappelle que le recrutement se fait exclusivement par le biais de l&rsquo;ANEM\u00a0: Sonatrach ouvre 117 postes d\u2019emplois - La Sentinelle","robots":{"index":"index","follow":"follow","max-snippet":"max-snippet:-1","max-image-preview":"max-image-preview:large","max-video-preview":"max-video-preview:-1"},"canonical":"https:\/\/lasentinelle.dz\/index.php\/2022\/12\/18\/le-groupe-rappelle-que-le-recrutement-se-fait-exclusivement-par-le-biais-de-lanem-sonatrach-ouvre-117-postes-demplois\/","og_locale":"fr_FR","og_type":"article","og_title":"Le Groupe rappelle que le recrutement se fait exclusivement par le biais de l&rsquo;ANEM\u00a0: Sonatrach ouvre 117 postes d\u2019emplois - La Sentinelle","og_description":"Le groupe p\u00e9trolier Sonatrach a indiqu\u00e9, hier dans un communiqu\u00e9, avoir avoir lanc\u00e9, le 14 d\u00e9cembre 2022, une offre d&#8217;emploi","og_url":"https:\/\/lasentinelle.dz\/index.php\/2022\/12\/18\/le-groupe-rappelle-que-le-recrutement-se-fait-exclusivement-par-le-biais-de-lanem-sonatrach-ouvre-117-postes-demplois\/","og_site_name":"La Sentinelle","article_publisher":"https:\/\/www.facebook.com\/La-Sentinelle-104059864394773","article_published_time":"2022-12-18T21:05:00+00:00","og_image":[{"width":1800,"height":900,"url":"https:\/\/lasentinelle.dz\/wp-content\/uploads\/2022\/02\/sonatrach.png","type":"image\/png"}],"author":"La Sentinelle","twitter_card":"summary_large_image","twitter_misc":{"\u00c9crit par":"La Sentinelle","Dur\u00e9e de lecture estim\u00e9e":"2 minutes"},"schema":{"@context":"https:\/\/schema.org","@graph":[{"@type":"Article","@id":"https:\/\/lasentinelle.dz\/index.php\/2022\/12\/18\/le-groupe-rappelle-que-le-recrutement-se-fait-exclusivement-par-le-biais-de-lanem-sonatrach-ouvre-117-postes-demplois\/#article","isPartOf":{"@id":"https:\/\/lasentinelle.dz\/index.php\/2022\/12\/18\/le-groupe-rappelle-que-le-recrutement-se-fait-exclusivement-par-le-biais-de-lanem-sonatrach-ouvre-117-postes-demplois\/"},"author":{"name":"La Sentinelle","@id":"https:\/\/lasentinelle.dz\/#\/schema\/person\/d865044e22e70a75174ce8bcad3acfb3"},"headline":"Le Groupe rappelle que le recrutement se fait exclusivement par le biais de l&rsquo;ANEM\u00a0: Sonatrach ouvre 117 postes d\u2019emplois","datePublished":"2022-12-18T21:05:00+00:00","mainEntityOfPage":{"@id":"https:\/\/lasentinelle.dz\/index.php\/2022\/12\/18\/le-groupe-rappelle-que-le-recrutement-se-fait-exclusivement-par-le-biais-de-lanem-sonatrach-ouvre-117-postes-demplois\/"},"wordCount":302,"commentCount":0,"publisher":{"@id":"https:\/\/lasentinelle.dz\/#organization"},"image":{"@id":"https:\/\/lasentinelle.dz\/index.php\/2022\/12\/18\/le-groupe-rappelle-que-le-recrutement-se-fait-exclusivement-par-le-biais-de-lanem-sonatrach-ouvre-117-postes-demplois\/#primaryimage"},"thumbnailUrl":"https:\/\/lasentinelle.dz\/wp-content\/uploads\/2022\/02\/sonatrach.png","articleSection":["\u00c9conomie"],"inLanguage":"fr-FR","potentialAction":[{"@type":"CommentAction","name":"Comment","target":["https:\/\/lasentinelle.dz\/index.php\/2022\/12\/18\/le-groupe-rappelle-que-le-recrutement-se-fait-exclusivement-par-le-biais-de-lanem-sonatrach-ouvre-117-postes-demplois\/#respond"]}]},{"@type":"WebPage","@id":"https:\/\/lasentinelle.dz\/index.php\/2022\/12\/18\/le-groupe-rappelle-que-le-recrutement-se-fait-exclusivement-par-le-biais-de-lanem-sonatrach-ouvre-117-postes-demplois\/","url":"https:\/\/lasentinelle.dz\/index.php\/2022\/12\/18\/le-groupe-rappelle-que-le-recrutement-se-fait-exclusivement-par-le-biais-de-lanem-sonatrach-ouvre-117-postes-demplois\/","name":"Le Groupe rappelle que le recrutement se fait exclusivement par le biais de l&rsquo;ANEM\u00a0: Sonatrach ouvre 117 postes d\u2019emplois - La Sentinelle","isPartOf":{"@id":"https:\/\/lasentinelle.dz\/#website"},"primaryImageOfPage":{"@id":"https:\/\/lasentinelle.dz\/index.php\/2022\/12\/18\/le-groupe-rappelle-que-le-recrutement-se-fait-exclusivement-par-le-biais-de-lanem-sonatrach-ouvre-117-postes-demplois\/#primaryimage"},"image":{"@id":"https:\/\/lasentinelle.dz\/index.php\/2022\/12\/18\/le-groupe-rappelle-que-le-recrutement-se-fait-exclusivement-par-le-biais-de-lanem-sonatrach-ouvre-117-postes-demplois\/#primaryimage"},"thumbnailUrl":"https:\/\/lasentinelle.dz\/wp-content\/uploads\/2022\/02\/sonatrach.png","datePublished":"2022-12-18T21:05:00+00:00","breadcrumb":{"@id":"https:\/\/lasentinelle.dz\/index.php\/2022\/12\/18\/le-groupe-rappelle-que-le-recrutement-se-fait-exclusivement-par-le-biais-de-lanem-sonatrach-ouvre-117-postes-demplois\/#breadcrumb"},"inLanguage":"fr-FR","potentialAction":[{"@type":"ReadAction","target":["https:\/\/lasentinelle.dz\/index.php\/2022\/12\/18\/le-groupe-rappelle-que-le-recrutement-se-fait-exclusivement-par-le-biais-de-lanem-sonatrach-ouvre-117-postes-demplois\/"]}]},{"@type":"ImageObject","inLanguage":"fr-FR","@id":"https:\/\/lasentinelle.dz\/index.php\/2022\/12\/18\/le-groupe-rappelle-que-le-recrutement-se-fait-exclusivement-par-le-biais-de-lanem-sonatrach-ouvre-117-postes-demplois\/#primaryimage","url":"https:\/\/lasentinelle.dz\/wp-content\/uploads\/2022\/02\/sonatrach.png","contentUrl":"https:\/\/lasentinelle.dz\/wp-content\/uploads\/2022\/02\/sonatrach.png","width":1800,"height":900},{"@type":"BreadcrumbList","@id":"https:\/\/lasentinelle.dz\/index.php\/2022\/12\/18\/le-groupe-rappelle-que-le-recrutement-se-fait-exclusivement-par-le-biais-de-lanem-sonatrach-ouvre-117-postes-demplois\/#breadcrumb","itemListElement":[{"@type":"ListItem","position":1,"name":"Accueil","item":"https:\/\/lasentinelle.dz\/"},{"@type":"ListItem","position":2,"name":"Le Groupe rappelle que le recrutement se fait exclusivement par le biais de l&rsquo;ANEM\u00a0: Sonatrach ouvre 117 postes d\u2019emplois"}]},{"@type":"WebSite","@id":"https:\/\/lasentinelle.dz\/#website","url":"https:\/\/lasentinelle.dz\/","name":"La Sentinelle","description":"Quotidien national d&#039;information","publisher":{"@id":"https:\/\/lasentinelle.dz\/#organization"},"potentialAction":[{"@type":"SearchAction","target":{"@type":"EntryPoint","urlTemplate":"https:\/\/lasentinelle.dz\/?s={search_term_string}"},"query-input":{"@type":"PropertyValueSpecification","valueRequired":true,"valueName":"search_term_string"}}],"inLanguage":"fr-FR"},{"@type":"Organization","@id":"https:\/\/lasentinelle.dz\/#organization","name":"Quotidien La Sentinelle","url":"https:\/\/lasentinelle.dz\/","logo":{"@type":"ImageObject","inLanguage":"fr-FR","@id":"https:\/\/lasentinelle.dz\/#\/schema\/logo\/image\/","url":"https:\/\/lasentinelle.dz\/wp-content\/uploads\/2021\/09\/logo-sentinelleSLOGAN-1.png","contentUrl":"https:\/\/lasentinelle.dz\/wp-content\/uploads\/2021\/09\/logo-sentinelleSLOGAN-1.png","width":615,"height":142,"caption":"Quotidien La Sentinelle"},"image":{"@id":"https:\/\/lasentinelle.dz\/#\/schema\/logo\/image\/"},"sameAs":["https:\/\/www.facebook.com\/La-Sentinelle-104059864394773"]},{"@type":"Person","@id":"https:\/\/lasentinelle.dz\/#\/schema\/person\/d865044e22e70a75174ce8bcad3acfb3","name":"La Sentinelle","image":{"@type":"ImageObject","inLanguage":"fr-FR","@id":"https:\/\/secure.gravatar.com\/avatar\/57de8e5d4b15d43fb361a71fbb36338450fe67865b528a43dd10ef7c51a20392?s=96&d=mm&r=g","url":"https:\/\/secure.gravatar.com\/avatar\/57de8e5d4b15d43fb361a71fbb36338450fe67865b528a43dd10ef7c51a20392?s=96&d=mm&r=g","contentUrl":"https:\/\/secure.gravatar.com\/avatar\/57de8e5d4b15d43fb361a71fbb36338450fe67865b528a43dd10ef7c51a20392?s=96&d=mm&r=g","caption":"La Sentinelle"},"sameAs":["http:\/\/www.lasentinelle.dz"],"url":"https:\/\/lasentinelle.dz\/author\/redaction\/"}]}},"_links":{"self":[{"href":"https:\/\/lasentinelle.dz\/index.php\/wp-json\/wp\/v2\/posts\/32780","targetHints":{"allow":["GET"]}}],"collection":[{"href":"https:\/\/lasentinelle.dz\/index.php\/wp-json\/wp\/v2\/posts"}],"about":[{"href":"https:\/\/lasentinelle.dz\/index.php\/wp-json\/wp\/v2\/types\/post"}],"author":[{"embeddable":true,"href":"https:\/\/lasentinelle.dz\/index.php\/wp-json\/wp\/v2\/users\/3"}],"replies":[{"embeddable":true,"href":"https:\/\/lasentinelle.dz\/index.php\/wp-json\/wp\/v2\/comments?post=32780"}],"version-history":[{"count":1,"href":"https:\/\/lasentinelle.dz\/index.php\/wp-json\/wp\/v2\/posts\/32780\/revisions"}],"predecessor-version":[{"id":32815,"href":"https:\/\/lasentinelle.dz\/index.php\/wp-json\/wp\/v2\/posts\/32780\/revisions\/32815"}],"wp:featuredmedia":[{"embeddable":true,"href":"https:\/\/lasentinelle.dz\/index.php\/wp-json\/wp\/v2\/media\/16459"}],"wp:attachment":[{"href":"https:\/\/lasentinelle.dz\/index.php\/wp-json\/wp\/v2\/media?parent=32780"}],"wp:term":[{"taxonomy":"category","embeddable":true,"href":"https:\/\/lasentinelle.dz\/index.php\/wp-json\/wp\/v2\/categories?post=32780"},{"taxonomy":"post_tag","embeddable":true,"href":"https:\/\/lasentinelle.dz\/index.php\/wp-json\/wp\/v2\/tags?post=32780"}],"curies":[{"name":"wp","href":"https:\/\/api.w.org\/{rel}","templated":true}]}}