{"id":32784,"date":"2022-12-18T22:00:00","date_gmt":"2022-12-18T21:00:00","guid":{"rendered":"https:\/\/lasentinelle.dz\/?p=32784"},"modified":"2022-12-18T16:21:36","modified_gmt":"2022-12-18T15:21:36","slug":"annaba-321-hectares-de-foncier-agricole-recupere","status":"publish","type":"post","link":"https:\/\/lasentinelle.dz\/index.php\/2022\/12\/18\/annaba-321-hectares-de-foncier-agricole-recupere\/","title":{"rendered":"Annaba\u00a0: 321 hectares de foncier agricole r\u00e9cup\u00e9r\u00e9"},"content":{"rendered":"\n<p>Apr\u00e8s l\u2019assainissement du foncier industriel, les autorit\u00e9s locales ont mis le cap sur l\u2019assainissement du foncier agricole.<\/p>\n\n\n\n<p>Le dossier du foncier agricole a \u00e9t\u00e9, hier, \u00e0 l&rsquo;ordre du jour de la r\u00e9union du conseil ex\u00e9cutif d\u2019Annaba. Selon la cellule de communication de la wilaya, 66 assiettes fonci\u00e8res \u00e0 caract\u00e8re agricole ont \u00e9t\u00e9recup\u00e9r\u00e9es, totalisant ainsi,une superficie de quelque 321 hectares. R\u00e9parties sur l\u2019ensemble du territoire de la wilaya, ce foncieragricole a \u00e9t\u00e9 attribu\u00e9 dans le cadre d\u2019une concession dans laquelle l\u2019Etat consent \u00e0 une personne physique de nationalit\u00e9 alg\u00e9rienne le droit d\u2019exploiter des terres agricoles du domaine priv\u00e9 de l\u2019Etat ainsi que les superficies qui y sont rattach\u00e9es sur la base d\u2019un cahier de charges fix\u00e9 par voie r\u00e9glementaire, a-t-on expliqu\u00e9. La d\u00e9cision de r\u00e9cup\u00e9rer les terres agricoles est motiv\u00e9e par leur non-exploitation.Ainsi, se r\u00e9f\u00e9rant \u00e0 la loi N\u00b0 10-03 fixant les conditions et les modalit\u00e9s d\u2019exploitation des terres agricoles relevantdu domaine priv\u00e9 de l\u2019Etat,les autorit\u00e9sde lawilaya d\u2019Annaba ont opt\u00e9 pour la r\u00e9cup\u00e9ration de ces terres. Notons que l\u2019exploitation des terres agricoles relevant du domaine de l\u2019\u00c9tats\u2019effectue au moyen d\u2019une concession pour une dur\u00e9e maximale de quarante ans renouvelables, moyennant le paiement d\u2019une redevance annuelle dont les modalit\u00e9s de fixation, de recouvrement et d\u2019affectation sont d\u00e9termin\u00e9es par la loi de finances. Or, la m\u00eame loi pr\u00e9cise que tout manquement de l\u2019exploitant concessionnaire \u00e0 ses obligations, d\u00fbment constat\u00e9 par un huissier de justice, entra\u00eene sa mise en demeure par l\u2019office nationale des terres agricoles. A l\u2019\u00e9ch\u00e9ance du d\u00e9lai fix\u00e9 par la mise en demeure et, en cas de carence de l\u2019exploitation, la m\u00eame autorit\u00e9 proc\u00e8de \u00e0 la r\u00e9siliation du contrat avec l\u2019exploitant en question. Cette d\u00e9cision a fait l\u2019unanimit\u00e9 aupr\u00e8s des agriculteurs souhaitant b\u00e9n\u00e9ficier de ladite concession, a d\u00e9taill\u00e9 la m\u00eame source, pr\u00e9cisant que les terres agricoles non exploit\u00e9es,qui ont \u00e9t\u00e9r\u00e9cup\u00e9r\u00e9esseront attribu\u00e9es \u00e0 d\u2019autres agriculteurs montrant une plus grande volont\u00e9 \u00e0 s\u2019engager dans le secteur agricole. Cette op\u00e9ration d\u2019assainissement du foncier agricole se poursuit encore et devra selon la m\u00eame source, permettre aux b\u00e9n\u00e9ficiaires qui n\u2019ont pas honor\u00e9 leurs engagements, \u00e0 travers l\u2019exploitation agricole, de s\u2019y mettre. Certains parmi ces concessionnaires ont lou\u00e9 les terres de concession \u00e0 des fellahs. Une pratique selon un membre du conseil ex\u00e9cutif d\u2019Annaba, ill\u00e9gale et, est passible de sanctions. Ainsi, cette campagne d\u2019assainissement du foncier dans la wilaya d\u2019Annaba bat son plein. Apr\u00e8s l\u2019op\u00e9ration engag\u00e9epour l&rsquo;assainissement du foncier industriel, c&rsquo;est le foncier agricole qui estpass\u00e9 au peigne fin par des brigadesmobilis\u00e9es \u00e0 cet effet. Si la r\u00e9cup\u00e9ration de centaines de terrains du foncier industriel a donn\u00e9 un nouveau souffle au processus d\u2019investissement \u00e0 Annaba,la r\u00e9cup\u00e9ration des terrains des concessions agricoles, va donner un nouvel\u00e9lan au secteur de l\u2019agriculture \u00e0 Annaba. Surtout que celle-ci outre son caract\u00e8re industriel, elle est \u00e9galement une wilaya \u00e0 vocation agricole.<\/p>\n\n\n\n<p><strong>Sofia Chahine<\/strong><\/p>\n","protected":false},"excerpt":{"rendered":"<p>Apr\u00e8s l\u2019assainissement du foncier industriel, les autorit\u00e9s locales ont mis le cap sur l\u2019assainissement du foncier agricole. Le dossier du<\/p>\n","protected":false},"author":3,"featured_media":32785,"comment_status":"open","ping_status":"closed","sticky":false,"template":"","format":"standard","meta":{"colormag_page_container_layout":"default_layout","colormag_page_sidebar_layout":"default_layout","om_disable_all_campaigns":false,"_monsterinsights_skip_tracking":false,"_monsterinsights_sitenote_active":false,"_monsterinsights_sitenote_note":"","_monsterinsights_sitenote_category":0,"footnotes":"","_wpscppro_dont_share_socialmedia":false,"_wpscppro_custom_social_share_image":0,"_facebook_share_type":"","_twitter_share_type":"","_linkedin_share_type":"","_pinterest_share_type":"","_linkedin_share_type_page":"","_instagram_share_type":"","_medium_share_type":"","_threads_share_type":"","_google_business_share_type":"","_selected_social_profile":[],"_wpsp_enable_custom_social_template":false,"_wpsp_social_scheduling":{"enabled":false,"datetime":null,"platforms":[],"status":"template_only","dateOption":"today","timeOption":"now","customDays":"","customHours":"","customDate":"","customTime":"","schedulingType":"absolute"},"_wpsp_active_default_template":true},"categories":[31],"tags":[],"class_list":["post-32784","post","type-post","status-publish","format-standard","has-post-thumbnail","hentry","category-regions"],"aioseo_notices":[],"yoast_head":"<!-- This site is optimized with the Yoast SEO plugin v27.5 - https:\/\/yoast.com\/product\/yoast-seo-wordpress\/ -->\n<title>Annaba\u00a0: 321 hectares de foncier agricole r\u00e9cup\u00e9r\u00e9 - La Sentinelle<\/title>\n<meta name=\"robots\" content=\"index, follow, max-snippet:-1, max-image-preview:large, max-video-preview:-1\" \/>\n<link rel=\"canonical\" href=\"https:\/\/lasentinelle.dz\/index.php\/2022\/12\/18\/annaba-321-hectares-de-foncier-agricole-recupere\/\" \/>\n<meta property=\"og:locale\" content=\"fr_FR\" \/>\n<meta property=\"og:type\" content=\"article\" \/>\n<meta property=\"og:title\" content=\"Annaba\u00a0: 321 hectares de foncier agricole r\u00e9cup\u00e9r\u00e9 - La Sentinelle\" \/>\n<meta property=\"og:description\" content=\"Apr\u00e8s l\u2019assainissement du foncier industriel, les autorit\u00e9s locales ont mis le cap sur l\u2019assainissement du foncier agricole. Le dossier du\" \/>\n<meta property=\"og:url\" content=\"https:\/\/lasentinelle.dz\/index.php\/2022\/12\/18\/annaba-321-hectares-de-foncier-agricole-recupere\/\" \/>\n<meta property=\"og:site_name\" content=\"La Sentinelle\" \/>\n<meta property=\"article:publisher\" content=\"https:\/\/www.facebook.com\/La-Sentinelle-104059864394773\" \/>\n<meta property=\"article:published_time\" content=\"2022-12-18T21:00:00+00:00\" \/>\n<meta property=\"og:image\" content=\"https:\/\/lasentinelle.dz\/wp-content\/uploads\/2022\/12\/foncier-agricole.png\" \/>\n\t<meta property=\"og:image:width\" content=\"1349\" \/>\n\t<meta property=\"og:image:height\" content=\"900\" \/>\n\t<meta property=\"og:image:type\" content=\"image\/png\" \/>\n<meta name=\"author\" content=\"La Sentinelle\" \/>\n<meta name=\"twitter:card\" content=\"summary_large_image\" \/>\n<meta name=\"twitter:label1\" content=\"\u00c9crit par\" \/>\n\t<meta name=\"twitter:data1\" content=\"La Sentinelle\" \/>\n\t<meta name=\"twitter:label2\" content=\"Dur\u00e9e de lecture estim\u00e9e\" \/>\n\t<meta name=\"twitter:data2\" content=\"3 minutes\" \/>\n<script type=\"application\/ld+json\" class=\"yoast-schema-graph\">{\"@context\":\"https:\\\/\\\/schema.org\",\"@graph\":[{\"@type\":\"Article\",\"@id\":\"https:\\\/\\\/lasentinelle.dz\\\/index.php\\\/2022\\\/12\\\/18\\\/annaba-321-hectares-de-foncier-agricole-recupere\\\/#article\",\"isPartOf\":{\"@id\":\"https:\\\/\\\/lasentinelle.dz\\\/index.php\\\/2022\\\/12\\\/18\\\/annaba-321-hectares-de-foncier-agricole-recupere\\\/\"},\"author\":{\"name\":\"La Sentinelle\",\"@id\":\"https:\\\/\\\/lasentinelle.dz\\\/#\\\/schema\\\/person\\\/d865044e22e70a75174ce8bcad3acfb3\"},\"headline\":\"Annaba\u00a0: 321 hectares de foncier agricole r\u00e9cup\u00e9r\u00e9\",\"datePublished\":\"2022-12-18T21:00:00+00:00\",\"mainEntityOfPage\":{\"@id\":\"https:\\\/\\\/lasentinelle.dz\\\/index.php\\\/2022\\\/12\\\/18\\\/annaba-321-hectares-de-foncier-agricole-recupere\\\/\"},\"wordCount\":562,\"commentCount\":0,\"publisher\":{\"@id\":\"https:\\\/\\\/lasentinelle.dz\\\/#organization\"},\"image\":{\"@id\":\"https:\\\/\\\/lasentinelle.dz\\\/index.php\\\/2022\\\/12\\\/18\\\/annaba-321-hectares-de-foncier-agricole-recupere\\\/#primaryimage\"},\"thumbnailUrl\":\"https:\\\/\\\/lasentinelle.dz\\\/wp-content\\\/uploads\\\/2022\\\/12\\\/foncier-agricole.png\",\"articleSection\":[\"R\u00e9gions\"],\"inLanguage\":\"fr-FR\",\"potentialAction\":[{\"@type\":\"CommentAction\",\"name\":\"Comment\",\"target\":[\"https:\\\/\\\/lasentinelle.dz\\\/index.php\\\/2022\\\/12\\\/18\\\/annaba-321-hectares-de-foncier-agricole-recupere\\\/#respond\"]}]},{\"@type\":\"WebPage\",\"@id\":\"https:\\\/\\\/lasentinelle.dz\\\/index.php\\\/2022\\\/12\\\/18\\\/annaba-321-hectares-de-foncier-agricole-recupere\\\/\",\"url\":\"https:\\\/\\\/lasentinelle.dz\\\/index.php\\\/2022\\\/12\\\/18\\\/annaba-321-hectares-de-foncier-agricole-recupere\\\/\",\"name\":\"Annaba\u00a0: 321 hectares de foncier agricole r\u00e9cup\u00e9r\u00e9 - La Sentinelle\",\"isPartOf\":{\"@id\":\"https:\\\/\\\/lasentinelle.dz\\\/#website\"},\"primaryImageOfPage\":{\"@id\":\"https:\\\/\\\/lasentinelle.dz\\\/index.php\\\/2022\\\/12\\\/18\\\/annaba-321-hectares-de-foncier-agricole-recupere\\\/#primaryimage\"},\"image\":{\"@id\":\"https:\\\/\\\/lasentinelle.dz\\\/index.php\\\/2022\\\/12\\\/18\\\/annaba-321-hectares-de-foncier-agricole-recupere\\\/#primaryimage\"},\"thumbnailUrl\":\"https:\\\/\\\/lasentinelle.dz\\\/wp-content\\\/uploads\\\/2022\\\/12\\\/foncier-agricole.png\",\"datePublished\":\"2022-12-18T21:00:00+00:00\",\"breadcrumb\":{\"@id\":\"https:\\\/\\\/lasentinelle.dz\\\/index.php\\\/2022\\\/12\\\/18\\\/annaba-321-hectares-de-foncier-agricole-recupere\\\/#breadcrumb\"},\"inLanguage\":\"fr-FR\",\"potentialAction\":[{\"@type\":\"ReadAction\",\"target\":[\"https:\\\/\\\/lasentinelle.dz\\\/index.php\\\/2022\\\/12\\\/18\\\/annaba-321-hectares-de-foncier-agricole-recupere\\\/\"]}]},{\"@type\":\"ImageObject\",\"inLanguage\":\"fr-FR\",\"@id\":\"https:\\\/\\\/lasentinelle.dz\\\/index.php\\\/2022\\\/12\\\/18\\\/annaba-321-hectares-de-foncier-agricole-recupere\\\/#primaryimage\",\"url\":\"https:\\\/\\\/lasentinelle.dz\\\/wp-content\\\/uploads\\\/2022\\\/12\\\/foncier-agricole.png\",\"contentUrl\":\"https:\\\/\\\/lasentinelle.dz\\\/wp-content\\\/uploads\\\/2022\\\/12\\\/foncier-agricole.png\",\"width\":1349,\"height\":900},{\"@type\":\"BreadcrumbList\",\"@id\":\"https:\\\/\\\/lasentinelle.dz\\\/index.php\\\/2022\\\/12\\\/18\\\/annaba-321-hectares-de-foncier-agricole-recupere\\\/#breadcrumb\",\"itemListElement\":[{\"@type\":\"ListItem\",\"position\":1,\"name\":\"Accueil\",\"item\":\"https:\\\/\\\/lasentinelle.dz\\\/\"},{\"@type\":\"ListItem\",\"position\":2,\"name\":\"Annaba\u00a0: 321 hectares de foncier agricole r\u00e9cup\u00e9r\u00e9\"}]},{\"@type\":\"WebSite\",\"@id\":\"https:\\\/\\\/lasentinelle.dz\\\/#website\",\"url\":\"https:\\\/\\\/lasentinelle.dz\\\/\",\"name\":\"La Sentinelle\",\"description\":\"Quotidien national d&#039;information\",\"publisher\":{\"@id\":\"https:\\\/\\\/lasentinelle.dz\\\/#organization\"},\"potentialAction\":[{\"@type\":\"SearchAction\",\"target\":{\"@type\":\"EntryPoint\",\"urlTemplate\":\"https:\\\/\\\/lasentinelle.dz\\\/?s={search_term_string}\"},\"query-input\":{\"@type\":\"PropertyValueSpecification\",\"valueRequired\":true,\"valueName\":\"search_term_string\"}}],\"inLanguage\":\"fr-FR\"},{\"@type\":\"Organization\",\"@id\":\"https:\\\/\\\/lasentinelle.dz\\\/#organization\",\"name\":\"Quotidien La Sentinelle\",\"url\":\"https:\\\/\\\/lasentinelle.dz\\\/\",\"logo\":{\"@type\":\"ImageObject\",\"inLanguage\":\"fr-FR\",\"@id\":\"https:\\\/\\\/lasentinelle.dz\\\/#\\\/schema\\\/logo\\\/image\\\/\",\"url\":\"https:\\\/\\\/lasentinelle.dz\\\/wp-content\\\/uploads\\\/2021\\\/09\\\/logo-sentinelleSLOGAN-1.png\",\"contentUrl\":\"https:\\\/\\\/lasentinelle.dz\\\/wp-content\\\/uploads\\\/2021\\\/09\\\/logo-sentinelleSLOGAN-1.png\",\"width\":615,\"height\":142,\"caption\":\"Quotidien La Sentinelle\"},\"image\":{\"@id\":\"https:\\\/\\\/lasentinelle.dz\\\/#\\\/schema\\\/logo\\\/image\\\/\"},\"sameAs\":[\"https:\\\/\\\/www.facebook.com\\\/La-Sentinelle-104059864394773\"]},{\"@type\":\"Person\",\"@id\":\"https:\\\/\\\/lasentinelle.dz\\\/#\\\/schema\\\/person\\\/d865044e22e70a75174ce8bcad3acfb3\",\"name\":\"La Sentinelle\",\"image\":{\"@type\":\"ImageObject\",\"inLanguage\":\"fr-FR\",\"@id\":\"https:\\\/\\\/secure.gravatar.com\\\/avatar\\\/57de8e5d4b15d43fb361a71fbb36338450fe67865b528a43dd10ef7c51a20392?s=96&d=mm&r=g\",\"url\":\"https:\\\/\\\/secure.gravatar.com\\\/avatar\\\/57de8e5d4b15d43fb361a71fbb36338450fe67865b528a43dd10ef7c51a20392?s=96&d=mm&r=g\",\"contentUrl\":\"https:\\\/\\\/secure.gravatar.com\\\/avatar\\\/57de8e5d4b15d43fb361a71fbb36338450fe67865b528a43dd10ef7c51a20392?s=96&d=mm&r=g\",\"caption\":\"La Sentinelle\"},\"sameAs\":[\"http:\\\/\\\/www.lasentinelle.dz\"],\"url\":\"https:\\\/\\\/lasentinelle.dz\\\/author\\\/redaction\\\/\"}]}<\/script>\n<!-- \/ Yoast SEO plugin. -->","yoast_head_json":{"title":"Annaba\u00a0: 321 hectares de foncier agricole r\u00e9cup\u00e9r\u00e9 - La Sentinelle","robots":{"index":"index","follow":"follow","max-snippet":"max-snippet:-1","max-image-preview":"max-image-preview:large","max-video-preview":"max-video-preview:-1"},"canonical":"https:\/\/lasentinelle.dz\/index.php\/2022\/12\/18\/annaba-321-hectares-de-foncier-agricole-recupere\/","og_locale":"fr_FR","og_type":"article","og_title":"Annaba\u00a0: 321 hectares de foncier agricole r\u00e9cup\u00e9r\u00e9 - La Sentinelle","og_description":"Apr\u00e8s l\u2019assainissement du foncier industriel, les autorit\u00e9s locales ont mis le cap sur l\u2019assainissement du foncier agricole. Le dossier du","og_url":"https:\/\/lasentinelle.dz\/index.php\/2022\/12\/18\/annaba-321-hectares-de-foncier-agricole-recupere\/","og_site_name":"La Sentinelle","article_publisher":"https:\/\/www.facebook.com\/La-Sentinelle-104059864394773","article_published_time":"2022-12-18T21:00:00+00:00","og_image":[{"width":1349,"height":900,"url":"https:\/\/lasentinelle.dz\/wp-content\/uploads\/2022\/12\/foncier-agricole.png","type":"image\/png"}],"author":"La Sentinelle","twitter_card":"summary_large_image","twitter_misc":{"\u00c9crit par":"La Sentinelle","Dur\u00e9e de lecture estim\u00e9e":"3 minutes"},"schema":{"@context":"https:\/\/schema.org","@graph":[{"@type":"Article","@id":"https:\/\/lasentinelle.dz\/index.php\/2022\/12\/18\/annaba-321-hectares-de-foncier-agricole-recupere\/#article","isPartOf":{"@id":"https:\/\/lasentinelle.dz\/index.php\/2022\/12\/18\/annaba-321-hectares-de-foncier-agricole-recupere\/"},"author":{"name":"La Sentinelle","@id":"https:\/\/lasentinelle.dz\/#\/schema\/person\/d865044e22e70a75174ce8bcad3acfb3"},"headline":"Annaba\u00a0: 321 hectares de foncier agricole r\u00e9cup\u00e9r\u00e9","datePublished":"2022-12-18T21:00:00+00:00","mainEntityOfPage":{"@id":"https:\/\/lasentinelle.dz\/index.php\/2022\/12\/18\/annaba-321-hectares-de-foncier-agricole-recupere\/"},"wordCount":562,"commentCount":0,"publisher":{"@id":"https:\/\/lasentinelle.dz\/#organization"},"image":{"@id":"https:\/\/lasentinelle.dz\/index.php\/2022\/12\/18\/annaba-321-hectares-de-foncier-agricole-recupere\/#primaryimage"},"thumbnailUrl":"https:\/\/lasentinelle.dz\/wp-content\/uploads\/2022\/12\/foncier-agricole.png","articleSection":["R\u00e9gions"],"inLanguage":"fr-FR","potentialAction":[{"@type":"CommentAction","name":"Comment","target":["https:\/\/lasentinelle.dz\/index.php\/2022\/12\/18\/annaba-321-hectares-de-foncier-agricole-recupere\/#respond"]}]},{"@type":"WebPage","@id":"https:\/\/lasentinelle.dz\/index.php\/2022\/12\/18\/annaba-321-hectares-de-foncier-agricole-recupere\/","url":"https:\/\/lasentinelle.dz\/index.php\/2022\/12\/18\/annaba-321-hectares-de-foncier-agricole-recupere\/","name":"Annaba\u00a0: 321 hectares de foncier agricole r\u00e9cup\u00e9r\u00e9 - La Sentinelle","isPartOf":{"@id":"https:\/\/lasentinelle.dz\/#website"},"primaryImageOfPage":{"@id":"https:\/\/lasentinelle.dz\/index.php\/2022\/12\/18\/annaba-321-hectares-de-foncier-agricole-recupere\/#primaryimage"},"image":{"@id":"https:\/\/lasentinelle.dz\/index.php\/2022\/12\/18\/annaba-321-hectares-de-foncier-agricole-recupere\/#primaryimage"},"thumbnailUrl":"https:\/\/lasentinelle.dz\/wp-content\/uploads\/2022\/12\/foncier-agricole.png","datePublished":"2022-12-18T21:00:00+00:00","breadcrumb":{"@id":"https:\/\/lasentinelle.dz\/index.php\/2022\/12\/18\/annaba-321-hectares-de-foncier-agricole-recupere\/#breadcrumb"},"inLanguage":"fr-FR","potentialAction":[{"@type":"ReadAction","target":["https:\/\/lasentinelle.dz\/index.php\/2022\/12\/18\/annaba-321-hectares-de-foncier-agricole-recupere\/"]}]},{"@type":"ImageObject","inLanguage":"fr-FR","@id":"https:\/\/lasentinelle.dz\/index.php\/2022\/12\/18\/annaba-321-hectares-de-foncier-agricole-recupere\/#primaryimage","url":"https:\/\/lasentinelle.dz\/wp-content\/uploads\/2022\/12\/foncier-agricole.png","contentUrl":"https:\/\/lasentinelle.dz\/wp-content\/uploads\/2022\/12\/foncier-agricole.png","width":1349,"height":900},{"@type":"BreadcrumbList","@id":"https:\/\/lasentinelle.dz\/index.php\/2022\/12\/18\/annaba-321-hectares-de-foncier-agricole-recupere\/#breadcrumb","itemListElement":[{"@type":"ListItem","position":1,"name":"Accueil","item":"https:\/\/lasentinelle.dz\/"},{"@type":"ListItem","position":2,"name":"Annaba\u00a0: 321 hectares de foncier agricole r\u00e9cup\u00e9r\u00e9"}]},{"@type":"WebSite","@id":"https:\/\/lasentinelle.dz\/#website","url":"https:\/\/lasentinelle.dz\/","name":"La Sentinelle","description":"Quotidien national d&#039;information","publisher":{"@id":"https:\/\/lasentinelle.dz\/#organization"},"potentialAction":[{"@type":"SearchAction","target":{"@type":"EntryPoint","urlTemplate":"https:\/\/lasentinelle.dz\/?s={search_term_string}"},"query-input":{"@type":"PropertyValueSpecification","valueRequired":true,"valueName":"search_term_string"}}],"inLanguage":"fr-FR"},{"@type":"Organization","@id":"https:\/\/lasentinelle.dz\/#organization","name":"Quotidien La Sentinelle","url":"https:\/\/lasentinelle.dz\/","logo":{"@type":"ImageObject","inLanguage":"fr-FR","@id":"https:\/\/lasentinelle.dz\/#\/schema\/logo\/image\/","url":"https:\/\/lasentinelle.dz\/wp-content\/uploads\/2021\/09\/logo-sentinelleSLOGAN-1.png","contentUrl":"https:\/\/lasentinelle.dz\/wp-content\/uploads\/2021\/09\/logo-sentinelleSLOGAN-1.png","width":615,"height":142,"caption":"Quotidien La Sentinelle"},"image":{"@id":"https:\/\/lasentinelle.dz\/#\/schema\/logo\/image\/"},"sameAs":["https:\/\/www.facebook.com\/La-Sentinelle-104059864394773"]},{"@type":"Person","@id":"https:\/\/lasentinelle.dz\/#\/schema\/person\/d865044e22e70a75174ce8bcad3acfb3","name":"La Sentinelle","image":{"@type":"ImageObject","inLanguage":"fr-FR","@id":"https:\/\/secure.gravatar.com\/avatar\/57de8e5d4b15d43fb361a71fbb36338450fe67865b528a43dd10ef7c51a20392?s=96&d=mm&r=g","url":"https:\/\/secure.gravatar.com\/avatar\/57de8e5d4b15d43fb361a71fbb36338450fe67865b528a43dd10ef7c51a20392?s=96&d=mm&r=g","contentUrl":"https:\/\/secure.gravatar.com\/avatar\/57de8e5d4b15d43fb361a71fbb36338450fe67865b528a43dd10ef7c51a20392?s=96&d=mm&r=g","caption":"La Sentinelle"},"sameAs":["http:\/\/www.lasentinelle.dz"],"url":"https:\/\/lasentinelle.dz\/author\/redaction\/"}]}},"_links":{"self":[{"href":"https:\/\/lasentinelle.dz\/index.php\/wp-json\/wp\/v2\/posts\/32784","targetHints":{"allow":["GET"]}}],"collection":[{"href":"https:\/\/lasentinelle.dz\/index.php\/wp-json\/wp\/v2\/posts"}],"about":[{"href":"https:\/\/lasentinelle.dz\/index.php\/wp-json\/wp\/v2\/types\/post"}],"author":[{"embeddable":true,"href":"https:\/\/lasentinelle.dz\/index.php\/wp-json\/wp\/v2\/users\/3"}],"replies":[{"embeddable":true,"href":"https:\/\/lasentinelle.dz\/index.php\/wp-json\/wp\/v2\/comments?post=32784"}],"version-history":[{"count":1,"href":"https:\/\/lasentinelle.dz\/index.php\/wp-json\/wp\/v2\/posts\/32784\/revisions"}],"predecessor-version":[{"id":32789,"href":"https:\/\/lasentinelle.dz\/index.php\/wp-json\/wp\/v2\/posts\/32784\/revisions\/32789"}],"wp:featuredmedia":[{"embeddable":true,"href":"https:\/\/lasentinelle.dz\/index.php\/wp-json\/wp\/v2\/media\/32785"}],"wp:attachment":[{"href":"https:\/\/lasentinelle.dz\/index.php\/wp-json\/wp\/v2\/media?parent=32784"}],"wp:term":[{"taxonomy":"category","embeddable":true,"href":"https:\/\/lasentinelle.dz\/index.php\/wp-json\/wp\/v2\/categories?post=32784"},{"taxonomy":"post_tag","embeddable":true,"href":"https:\/\/lasentinelle.dz\/index.php\/wp-json\/wp\/v2\/tags?post=32784"}],"curies":[{"name":"wp","href":"https:\/\/api.w.org\/{rel}","templated":true}]}}