{"id":32798,"date":"2022-12-18T22:08:00","date_gmt":"2022-12-18T21:08:00","guid":{"rendered":"https:\/\/lasentinelle.dz\/?p=32798"},"modified":"2022-12-18T19:59:33","modified_gmt":"2022-12-18T18:59:33","slug":"revision-du-cahier-des-charges-regissant-lelevage-bovin-remettre-sur-le-marche-de-la-viande-et-du-lait","status":"publish","type":"post","link":"https:\/\/lasentinelle.dz\/index.php\/2022\/12\/18\/revision-du-cahier-des-charges-regissant-lelevage-bovin-remettre-sur-le-marche-de-la-viande-et-du-lait\/","title":{"rendered":"R\u00e9vision du cahier des charges r\u00e9gissant l\u2019\u00e9levage bovin\u00a0: Remettre de l\u2019ordre sur le march\u00e9 de la viande et du lait"},"content":{"rendered":"\n<p>Le minist\u00e8re de l\u2019Agriculture et du D\u00e9veloppement Rurala proc\u00e9d\u00e9, jeudi dernier,&nbsp; en commun accord avec plusieurs op\u00e9rateurs \u00e9conomiques et importateurs de bovins vivants, \u00e0 la r\u00e9vision de plusieurs clauses du cahier des charges relatif \u00e0 l\u2019exercice de l\u2019\u00e9levage bovin et \u00e0 la cr\u00e9ation, au courant du premier trimestre de 2023, d\u2019un Conseil interprofessionnel de l\u2019\u00e9levage bovin. Des d\u00e9cisions qui doivent mettre fin au Conseil national interprofessionnel de la fili\u00e8re viandes rouges qui, visiblement, n\u2019a pas atteint les objectifs escompt\u00e9s par les pouvoirs publics, notamment l\u2019assainissement de cette fili\u00e8re. Selon un communiqu\u00e9 rendu public, samedi soir par le minist\u00e8re de tutelle, plusieurs clauses salvatrices sont contenues dans le nouveau cahier des charges, \u00e0 commencer par \u00ab l\u2019all\u00e8gement des proc\u00e9dures administratives \u00bb en focalisant sur \u00ab le contr\u00f4le sanitaire \u00bb et \u00ab la n\u00e9cessit\u00e9 d\u2019imposer un syst\u00e8me de contr\u00f4le sanitaire ferme au niveau des fronti\u00e8res et tous les points de passage \u00bb. Si auparavant le b\u00e9tail \u00e9tait syst\u00e9matiquement admis au niveau des centres d\u2019isolement relevant des services v\u00e9t\u00e9rinaires, les nouvelles clauses viennent remettre de l\u2019ordre pour interdire cette pratique qui, souvent, butait sur des abattages abusifs des g\u00e9nisses import\u00e9es \u00e0 coups de millions de dollars pour le repeuplement des b\u00e2timents d\u2019\u00e9levage en vache laiti\u00e8re \u00e0 travers l\u2019importation de g\u00e9nisses destin\u00e9es \u00e0 la production de lait. Bien que la loi interdisait l\u2019abattage des vaches laiti\u00e8res de moins de sept ans, outre les multiples instructions fermes donn\u00e9es pour assurer cette disposition, des \u00e9leveurs s\u2019adonnaient au commerce facile, cr\u00e9ant un d\u00e9ficit inestimable dans les r\u00e9seaux de collecte de lait de vache. Avec les nouvelles dispositions, il est clairement stipul\u00e9 qu\u2019en cas de contamination d\u2019une vache laiti\u00e8re, toutes les mesures organisationnelles devront \u00eatre prises pour la protection du cheptel national, notamment celui vers\u00e9 dans le d\u00e9veloppement des fili\u00e8res du lait et des viandes rouges. En revanche, les deux parties ont convenu sur des lignes rouges, notamment l\u2019imp\u00e9ratif respect d\u2019assurer \u00ab la tra\u00e7abilit\u00e9 et l\u2019identification des cheptels import\u00e9s \u00e0 partir du 2 janvier 2023 \u00bb, et ce en collaboration avec le Centre national d\u2019ins\u00e9mination artificielle et d\u2019am\u00e9lioration g\u00e9n\u00e9tique et l&rsquo;Office national interprofessionnel du lait, respectivement charg\u00e9s de la mise en place d\u2019un syst\u00e8me d\u2019immatriculation de toutes les vaches reproductrices. Cette mesure vient en compl\u00e9ment de l\u2019op\u00e9ration de recensement du cheptel \u00e0 l\u2019aide de puces \u00e9lectroniques, lanc\u00e9 en novembre dernier pour cr\u00e9er une base de donn\u00e9es num\u00e9riques sur cette richesse animale et de d\u00e9terminer le v\u00e9ritable nombre des \u00e9leveurs en Alg\u00e9rie, en sus de lutter contre les maladies infectieuses, tout en assurant la tra\u00e7abilit\u00e9 de chaque produit issu de la ferme afin de prot\u00e9ger la sant\u00e9 du consommateur et de contr\u00f4ler les mouvements du b\u00e9tail et les prix des viandes. Et si la r\u00e9union de jeudi dernier visait essentiellement le recadrage de cette fili\u00e8re qui participe \u00e0 l\u2019\u00e9laboration d\u2019une strat\u00e9gie de s\u00e9curit\u00e9 alimentaire, il est clair que les deux parties ont convenu \u00ab de garantir la stabilit\u00e9 des prix des aliments de b\u00e9tails, notamment le son du bl\u00e9 dont le prix a \u00e9t\u00e9 plafonn\u00e9 car issu des bl\u00e9s tendre et dur subventionn\u00e9s par l\u2019Etat \u00bb. C\u2019est en ce sens, que le ministre en charge du secteur, Mohamed Abdelhafid Henni, et les 22 op\u00e9rateurs qui ont assist\u00e9 \u00e0 ladite r\u00e9union ont convenu de faire un point de situation vers la fin du mois janvier prochain pour la concr\u00e9tisation et le suivi de ces d\u00e9cisions sur le terrain afin de revoir l\u2019organisation et l\u2019encadrement de cette fili\u00e8re. Selon la m\u00eame source, \u00ab les op\u00e9rateurs ont exprim\u00e9 leur adh\u00e9sion totale \u00e0 ce programme \u00bb qui s\u2019inscrit en droite ligne avec la feuille de route du secteur, visant \u00e0 augmenter la production de lait frais et impulser une nouvelle dynamique \u00e0 la production locale des viandes rouges. Pour le ministre de l\u2019Agriculture, il s\u2019agit \u00ab d\u2019un programme important et durable, visant \u00e0 r\u00e9duire les importations \u00e0 l\u2019instar de la poudre de lait et accroitre la production nationale des viandes rouges. Il convient de rappeler que le nombre des g\u00e9nisses pleines \u00e0 importer et destin\u00e9es \u00e0 la production de lait devrait s\u2019\u00e9l\u00e8ve au minimum \u00e0 20 000 t\u00eates par an, alors que l\u2019Office national interprofessionnel du lait et produits laitiers importe, annuellement, quelques 180 000 tonnes de poudre de lait pour r\u00e9pondre aux besoins du march\u00e9.<\/p>\n\n\n\n<p><strong>Riad Lamara<\/strong><\/p>\n","protected":false},"excerpt":{"rendered":"<p>Le minist\u00e8re de l\u2019Agriculture et du D\u00e9veloppement Rurala proc\u00e9d\u00e9, jeudi dernier,&nbsp; en commun accord avec plusieurs op\u00e9rateurs \u00e9conomiques et importateurs<\/p>\n","protected":false},"author":3,"featured_media":32799,"comment_status":"open","ping_status":"closed","sticky":false,"template":"","format":"standard","meta":{"colormag_page_container_layout":"default_layout","colormag_page_sidebar_layout":"default_layout","om_disable_all_campaigns":false,"_monsterinsights_skip_tracking":false,"_monsterinsights_sitenote_active":false,"_monsterinsights_sitenote_note":"","_monsterinsights_sitenote_category":0,"footnotes":"","_wpscppro_dont_share_socialmedia":false,"_wpscppro_custom_social_share_image":0,"_facebook_share_type":"","_twitter_share_type":"","_linkedin_share_type":"","_pinterest_share_type":"","_linkedin_share_type_page":"","_instagram_share_type":"","_medium_share_type":"","_threads_share_type":"","_google_business_share_type":"","_selected_social_profile":[],"_wpsp_enable_custom_social_template":false,"_wpsp_social_scheduling":{"enabled":false,"datetime":null,"platforms":[],"status":"template_only","dateOption":"today","timeOption":"now","customDays":"","customHours":"","customDate":"","customTime":"","schedulingType":"absolute"},"_wpsp_active_default_template":true},"categories":[52,29],"tags":[],"class_list":["post-32798","post","type-post","status-publish","format-standard","has-post-thumbnail","hentry","category-a-la-une","category-economie"],"aioseo_notices":[],"yoast_head":"<!-- This site is optimized with the Yoast SEO plugin v27.5 - https:\/\/yoast.com\/product\/yoast-seo-wordpress\/ -->\n<title>R\u00e9vision du cahier des charges r\u00e9gissant l\u2019\u00e9levage bovin\u00a0: Remettre de l\u2019ordre sur le march\u00e9 de la viande et du lait - La Sentinelle<\/title>\n<meta name=\"robots\" content=\"index, follow, max-snippet:-1, max-image-preview:large, max-video-preview:-1\" \/>\n<link rel=\"canonical\" href=\"https:\/\/lasentinelle.dz\/index.php\/2022\/12\/18\/revision-du-cahier-des-charges-regissant-lelevage-bovin-remettre-sur-le-marche-de-la-viande-et-du-lait\/\" \/>\n<meta property=\"og:locale\" content=\"fr_FR\" \/>\n<meta property=\"og:type\" content=\"article\" \/>\n<meta property=\"og:title\" content=\"R\u00e9vision du cahier des charges r\u00e9gissant l\u2019\u00e9levage bovin\u00a0: Remettre de l\u2019ordre sur le march\u00e9 de la viande et du lait - La Sentinelle\" \/>\n<meta property=\"og:description\" content=\"Le minist\u00e8re de l\u2019Agriculture et du D\u00e9veloppement Rurala proc\u00e9d\u00e9, jeudi dernier,&nbsp; en commun accord avec plusieurs op\u00e9rateurs \u00e9conomiques et importateurs\" \/>\n<meta property=\"og:url\" content=\"https:\/\/lasentinelle.dz\/index.php\/2022\/12\/18\/revision-du-cahier-des-charges-regissant-lelevage-bovin-remettre-sur-le-marche-de-la-viande-et-du-lait\/\" \/>\n<meta property=\"og:site_name\" content=\"La Sentinelle\" \/>\n<meta property=\"article:publisher\" content=\"https:\/\/www.facebook.com\/La-Sentinelle-104059864394773\" \/>\n<meta property=\"article:published_time\" content=\"2022-12-18T21:08:00+00:00\" \/>\n<meta property=\"og:image\" content=\"https:\/\/lasentinelle.dz\/wp-content\/uploads\/2022\/12\/filiere-viande.png\" \/>\n\t<meta property=\"og:image:width\" content=\"1517\" \/>\n\t<meta property=\"og:image:height\" content=\"900\" \/>\n\t<meta property=\"og:image:type\" content=\"image\/png\" \/>\n<meta name=\"author\" content=\"La Sentinelle\" \/>\n<meta name=\"twitter:card\" content=\"summary_large_image\" \/>\n<meta name=\"twitter:label1\" content=\"\u00c9crit par\" \/>\n\t<meta name=\"twitter:data1\" content=\"La Sentinelle\" \/>\n\t<meta name=\"twitter:label2\" content=\"Dur\u00e9e de lecture estim\u00e9e\" \/>\n\t<meta name=\"twitter:data2\" content=\"4 minutes\" \/>\n<script type=\"application\/ld+json\" class=\"yoast-schema-graph\">{\"@context\":\"https:\\\/\\\/schema.org\",\"@graph\":[{\"@type\":\"Article\",\"@id\":\"https:\\\/\\\/lasentinelle.dz\\\/index.php\\\/2022\\\/12\\\/18\\\/revision-du-cahier-des-charges-regissant-lelevage-bovin-remettre-sur-le-marche-de-la-viande-et-du-lait\\\/#article\",\"isPartOf\":{\"@id\":\"https:\\\/\\\/lasentinelle.dz\\\/index.php\\\/2022\\\/12\\\/18\\\/revision-du-cahier-des-charges-regissant-lelevage-bovin-remettre-sur-le-marche-de-la-viande-et-du-lait\\\/\"},\"author\":{\"name\":\"La Sentinelle\",\"@id\":\"https:\\\/\\\/lasentinelle.dz\\\/#\\\/schema\\\/person\\\/d865044e22e70a75174ce8bcad3acfb3\"},\"headline\":\"R\u00e9vision du cahier des charges r\u00e9gissant l\u2019\u00e9levage bovin\u00a0: Remettre de l\u2019ordre sur le march\u00e9 de la viande et du lait\",\"datePublished\":\"2022-12-18T21:08:00+00:00\",\"mainEntityOfPage\":{\"@id\":\"https:\\\/\\\/lasentinelle.dz\\\/index.php\\\/2022\\\/12\\\/18\\\/revision-du-cahier-des-charges-regissant-lelevage-bovin-remettre-sur-le-marche-de-la-viande-et-du-lait\\\/\"},\"wordCount\":808,\"commentCount\":0,\"publisher\":{\"@id\":\"https:\\\/\\\/lasentinelle.dz\\\/#organization\"},\"image\":{\"@id\":\"https:\\\/\\\/lasentinelle.dz\\\/index.php\\\/2022\\\/12\\\/18\\\/revision-du-cahier-des-charges-regissant-lelevage-bovin-remettre-sur-le-marche-de-la-viande-et-du-lait\\\/#primaryimage\"},\"thumbnailUrl\":\"https:\\\/\\\/lasentinelle.dz\\\/wp-content\\\/uploads\\\/2022\\\/12\\\/filiere-viande.png\",\"articleSection\":[\"\u00c0 la Une\",\"\u00c9conomie\"],\"inLanguage\":\"fr-FR\",\"potentialAction\":[{\"@type\":\"CommentAction\",\"name\":\"Comment\",\"target\":[\"https:\\\/\\\/lasentinelle.dz\\\/index.php\\\/2022\\\/12\\\/18\\\/revision-du-cahier-des-charges-regissant-lelevage-bovin-remettre-sur-le-marche-de-la-viande-et-du-lait\\\/#respond\"]}]},{\"@type\":\"WebPage\",\"@id\":\"https:\\\/\\\/lasentinelle.dz\\\/index.php\\\/2022\\\/12\\\/18\\\/revision-du-cahier-des-charges-regissant-lelevage-bovin-remettre-sur-le-marche-de-la-viande-et-du-lait\\\/\",\"url\":\"https:\\\/\\\/lasentinelle.dz\\\/index.php\\\/2022\\\/12\\\/18\\\/revision-du-cahier-des-charges-regissant-lelevage-bovin-remettre-sur-le-marche-de-la-viande-et-du-lait\\\/\",\"name\":\"R\u00e9vision du cahier des charges r\u00e9gissant l\u2019\u00e9levage bovin\u00a0: Remettre de l\u2019ordre sur le march\u00e9 de la viande et du lait - La Sentinelle\",\"isPartOf\":{\"@id\":\"https:\\\/\\\/lasentinelle.dz\\\/#website\"},\"primaryImageOfPage\":{\"@id\":\"https:\\\/\\\/lasentinelle.dz\\\/index.php\\\/2022\\\/12\\\/18\\\/revision-du-cahier-des-charges-regissant-lelevage-bovin-remettre-sur-le-marche-de-la-viande-et-du-lait\\\/#primaryimage\"},\"image\":{\"@id\":\"https:\\\/\\\/lasentinelle.dz\\\/index.php\\\/2022\\\/12\\\/18\\\/revision-du-cahier-des-charges-regissant-lelevage-bovin-remettre-sur-le-marche-de-la-viande-et-du-lait\\\/#primaryimage\"},\"thumbnailUrl\":\"https:\\\/\\\/lasentinelle.dz\\\/wp-content\\\/uploads\\\/2022\\\/12\\\/filiere-viande.png\",\"datePublished\":\"2022-12-18T21:08:00+00:00\",\"breadcrumb\":{\"@id\":\"https:\\\/\\\/lasentinelle.dz\\\/index.php\\\/2022\\\/12\\\/18\\\/revision-du-cahier-des-charges-regissant-lelevage-bovin-remettre-sur-le-marche-de-la-viande-et-du-lait\\\/#breadcrumb\"},\"inLanguage\":\"fr-FR\",\"potentialAction\":[{\"@type\":\"ReadAction\",\"target\":[\"https:\\\/\\\/lasentinelle.dz\\\/index.php\\\/2022\\\/12\\\/18\\\/revision-du-cahier-des-charges-regissant-lelevage-bovin-remettre-sur-le-marche-de-la-viande-et-du-lait\\\/\"]}]},{\"@type\":\"ImageObject\",\"inLanguage\":\"fr-FR\",\"@id\":\"https:\\\/\\\/lasentinelle.dz\\\/index.php\\\/2022\\\/12\\\/18\\\/revision-du-cahier-des-charges-regissant-lelevage-bovin-remettre-sur-le-marche-de-la-viande-et-du-lait\\\/#primaryimage\",\"url\":\"https:\\\/\\\/lasentinelle.dz\\\/wp-content\\\/uploads\\\/2022\\\/12\\\/filiere-viande.png\",\"contentUrl\":\"https:\\\/\\\/lasentinelle.dz\\\/wp-content\\\/uploads\\\/2022\\\/12\\\/filiere-viande.png\",\"width\":1517,\"height\":900},{\"@type\":\"BreadcrumbList\",\"@id\":\"https:\\\/\\\/lasentinelle.dz\\\/index.php\\\/2022\\\/12\\\/18\\\/revision-du-cahier-des-charges-regissant-lelevage-bovin-remettre-sur-le-marche-de-la-viande-et-du-lait\\\/#breadcrumb\",\"itemListElement\":[{\"@type\":\"ListItem\",\"position\":1,\"name\":\"Accueil\",\"item\":\"https:\\\/\\\/lasentinelle.dz\\\/\"},{\"@type\":\"ListItem\",\"position\":2,\"name\":\"R\u00e9vision du cahier des charges r\u00e9gissant l\u2019\u00e9levage bovin\u00a0: Remettre de l\u2019ordre sur le march\u00e9 de la viande et du lait\"}]},{\"@type\":\"WebSite\",\"@id\":\"https:\\\/\\\/lasentinelle.dz\\\/#website\",\"url\":\"https:\\\/\\\/lasentinelle.dz\\\/\",\"name\":\"La Sentinelle\",\"description\":\"Quotidien national d&#039;information\",\"publisher\":{\"@id\":\"https:\\\/\\\/lasentinelle.dz\\\/#organization\"},\"potentialAction\":[{\"@type\":\"SearchAction\",\"target\":{\"@type\":\"EntryPoint\",\"urlTemplate\":\"https:\\\/\\\/lasentinelle.dz\\\/?s={search_term_string}\"},\"query-input\":{\"@type\":\"PropertyValueSpecification\",\"valueRequired\":true,\"valueName\":\"search_term_string\"}}],\"inLanguage\":\"fr-FR\"},{\"@type\":\"Organization\",\"@id\":\"https:\\\/\\\/lasentinelle.dz\\\/#organization\",\"name\":\"Quotidien La Sentinelle\",\"url\":\"https:\\\/\\\/lasentinelle.dz\\\/\",\"logo\":{\"@type\":\"ImageObject\",\"inLanguage\":\"fr-FR\",\"@id\":\"https:\\\/\\\/lasentinelle.dz\\\/#\\\/schema\\\/logo\\\/image\\\/\",\"url\":\"https:\\\/\\\/lasentinelle.dz\\\/wp-content\\\/uploads\\\/2021\\\/09\\\/logo-sentinelleSLOGAN-1.png\",\"contentUrl\":\"https:\\\/\\\/lasentinelle.dz\\\/wp-content\\\/uploads\\\/2021\\\/09\\\/logo-sentinelleSLOGAN-1.png\",\"width\":615,\"height\":142,\"caption\":\"Quotidien La Sentinelle\"},\"image\":{\"@id\":\"https:\\\/\\\/lasentinelle.dz\\\/#\\\/schema\\\/logo\\\/image\\\/\"},\"sameAs\":[\"https:\\\/\\\/www.facebook.com\\\/La-Sentinelle-104059864394773\"]},{\"@type\":\"Person\",\"@id\":\"https:\\\/\\\/lasentinelle.dz\\\/#\\\/schema\\\/person\\\/d865044e22e70a75174ce8bcad3acfb3\",\"name\":\"La Sentinelle\",\"image\":{\"@type\":\"ImageObject\",\"inLanguage\":\"fr-FR\",\"@id\":\"https:\\\/\\\/secure.gravatar.com\\\/avatar\\\/57de8e5d4b15d43fb361a71fbb36338450fe67865b528a43dd10ef7c51a20392?s=96&d=mm&r=g\",\"url\":\"https:\\\/\\\/secure.gravatar.com\\\/avatar\\\/57de8e5d4b15d43fb361a71fbb36338450fe67865b528a43dd10ef7c51a20392?s=96&d=mm&r=g\",\"contentUrl\":\"https:\\\/\\\/secure.gravatar.com\\\/avatar\\\/57de8e5d4b15d43fb361a71fbb36338450fe67865b528a43dd10ef7c51a20392?s=96&d=mm&r=g\",\"caption\":\"La Sentinelle\"},\"sameAs\":[\"http:\\\/\\\/www.lasentinelle.dz\"],\"url\":\"https:\\\/\\\/lasentinelle.dz\\\/author\\\/redaction\\\/\"}]}<\/script>\n<!-- \/ Yoast SEO plugin. -->","yoast_head_json":{"title":"R\u00e9vision du cahier des charges r\u00e9gissant l\u2019\u00e9levage bovin\u00a0: Remettre de l\u2019ordre sur le march\u00e9 de la viande et du lait - La Sentinelle","robots":{"index":"index","follow":"follow","max-snippet":"max-snippet:-1","max-image-preview":"max-image-preview:large","max-video-preview":"max-video-preview:-1"},"canonical":"https:\/\/lasentinelle.dz\/index.php\/2022\/12\/18\/revision-du-cahier-des-charges-regissant-lelevage-bovin-remettre-sur-le-marche-de-la-viande-et-du-lait\/","og_locale":"fr_FR","og_type":"article","og_title":"R\u00e9vision du cahier des charges r\u00e9gissant l\u2019\u00e9levage bovin\u00a0: Remettre de l\u2019ordre sur le march\u00e9 de la viande et du lait - La Sentinelle","og_description":"Le minist\u00e8re de l\u2019Agriculture et du D\u00e9veloppement Rurala proc\u00e9d\u00e9, jeudi dernier,&nbsp; en commun accord avec plusieurs op\u00e9rateurs \u00e9conomiques et importateurs","og_url":"https:\/\/lasentinelle.dz\/index.php\/2022\/12\/18\/revision-du-cahier-des-charges-regissant-lelevage-bovin-remettre-sur-le-marche-de-la-viande-et-du-lait\/","og_site_name":"La Sentinelle","article_publisher":"https:\/\/www.facebook.com\/La-Sentinelle-104059864394773","article_published_time":"2022-12-18T21:08:00+00:00","og_image":[{"width":1517,"height":900,"url":"https:\/\/lasentinelle.dz\/wp-content\/uploads\/2022\/12\/filiere-viande.png","type":"image\/png"}],"author":"La Sentinelle","twitter_card":"summary_large_image","twitter_misc":{"\u00c9crit par":"La Sentinelle","Dur\u00e9e de lecture estim\u00e9e":"4 minutes"},"schema":{"@context":"https:\/\/schema.org","@graph":[{"@type":"Article","@id":"https:\/\/lasentinelle.dz\/index.php\/2022\/12\/18\/revision-du-cahier-des-charges-regissant-lelevage-bovin-remettre-sur-le-marche-de-la-viande-et-du-lait\/#article","isPartOf":{"@id":"https:\/\/lasentinelle.dz\/index.php\/2022\/12\/18\/revision-du-cahier-des-charges-regissant-lelevage-bovin-remettre-sur-le-marche-de-la-viande-et-du-lait\/"},"author":{"name":"La Sentinelle","@id":"https:\/\/lasentinelle.dz\/#\/schema\/person\/d865044e22e70a75174ce8bcad3acfb3"},"headline":"R\u00e9vision du cahier des charges r\u00e9gissant l\u2019\u00e9levage bovin\u00a0: Remettre de l\u2019ordre sur le march\u00e9 de la viande et du lait","datePublished":"2022-12-18T21:08:00+00:00","mainEntityOfPage":{"@id":"https:\/\/lasentinelle.dz\/index.php\/2022\/12\/18\/revision-du-cahier-des-charges-regissant-lelevage-bovin-remettre-sur-le-marche-de-la-viande-et-du-lait\/"},"wordCount":808,"commentCount":0,"publisher":{"@id":"https:\/\/lasentinelle.dz\/#organization"},"image":{"@id":"https:\/\/lasentinelle.dz\/index.php\/2022\/12\/18\/revision-du-cahier-des-charges-regissant-lelevage-bovin-remettre-sur-le-marche-de-la-viande-et-du-lait\/#primaryimage"},"thumbnailUrl":"https:\/\/lasentinelle.dz\/wp-content\/uploads\/2022\/12\/filiere-viande.png","articleSection":["\u00c0 la Une","\u00c9conomie"],"inLanguage":"fr-FR","potentialAction":[{"@type":"CommentAction","name":"Comment","target":["https:\/\/lasentinelle.dz\/index.php\/2022\/12\/18\/revision-du-cahier-des-charges-regissant-lelevage-bovin-remettre-sur-le-marche-de-la-viande-et-du-lait\/#respond"]}]},{"@type":"WebPage","@id":"https:\/\/lasentinelle.dz\/index.php\/2022\/12\/18\/revision-du-cahier-des-charges-regissant-lelevage-bovin-remettre-sur-le-marche-de-la-viande-et-du-lait\/","url":"https:\/\/lasentinelle.dz\/index.php\/2022\/12\/18\/revision-du-cahier-des-charges-regissant-lelevage-bovin-remettre-sur-le-marche-de-la-viande-et-du-lait\/","name":"R\u00e9vision du cahier des charges r\u00e9gissant l\u2019\u00e9levage bovin\u00a0: Remettre de l\u2019ordre sur le march\u00e9 de la viande et du lait - La Sentinelle","isPartOf":{"@id":"https:\/\/lasentinelle.dz\/#website"},"primaryImageOfPage":{"@id":"https:\/\/lasentinelle.dz\/index.php\/2022\/12\/18\/revision-du-cahier-des-charges-regissant-lelevage-bovin-remettre-sur-le-marche-de-la-viande-et-du-lait\/#primaryimage"},"image":{"@id":"https:\/\/lasentinelle.dz\/index.php\/2022\/12\/18\/revision-du-cahier-des-charges-regissant-lelevage-bovin-remettre-sur-le-marche-de-la-viande-et-du-lait\/#primaryimage"},"thumbnailUrl":"https:\/\/lasentinelle.dz\/wp-content\/uploads\/2022\/12\/filiere-viande.png","datePublished":"2022-12-18T21:08:00+00:00","breadcrumb":{"@id":"https:\/\/lasentinelle.dz\/index.php\/2022\/12\/18\/revision-du-cahier-des-charges-regissant-lelevage-bovin-remettre-sur-le-marche-de-la-viande-et-du-lait\/#breadcrumb"},"inLanguage":"fr-FR","potentialAction":[{"@type":"ReadAction","target":["https:\/\/lasentinelle.dz\/index.php\/2022\/12\/18\/revision-du-cahier-des-charges-regissant-lelevage-bovin-remettre-sur-le-marche-de-la-viande-et-du-lait\/"]}]},{"@type":"ImageObject","inLanguage":"fr-FR","@id":"https:\/\/lasentinelle.dz\/index.php\/2022\/12\/18\/revision-du-cahier-des-charges-regissant-lelevage-bovin-remettre-sur-le-marche-de-la-viande-et-du-lait\/#primaryimage","url":"https:\/\/lasentinelle.dz\/wp-content\/uploads\/2022\/12\/filiere-viande.png","contentUrl":"https:\/\/lasentinelle.dz\/wp-content\/uploads\/2022\/12\/filiere-viande.png","width":1517,"height":900},{"@type":"BreadcrumbList","@id":"https:\/\/lasentinelle.dz\/index.php\/2022\/12\/18\/revision-du-cahier-des-charges-regissant-lelevage-bovin-remettre-sur-le-marche-de-la-viande-et-du-lait\/#breadcrumb","itemListElement":[{"@type":"ListItem","position":1,"name":"Accueil","item":"https:\/\/lasentinelle.dz\/"},{"@type":"ListItem","position":2,"name":"R\u00e9vision du cahier des charges r\u00e9gissant l\u2019\u00e9levage bovin\u00a0: Remettre de l\u2019ordre sur le march\u00e9 de la viande et du lait"}]},{"@type":"WebSite","@id":"https:\/\/lasentinelle.dz\/#website","url":"https:\/\/lasentinelle.dz\/","name":"La Sentinelle","description":"Quotidien national d&#039;information","publisher":{"@id":"https:\/\/lasentinelle.dz\/#organization"},"potentialAction":[{"@type":"SearchAction","target":{"@type":"EntryPoint","urlTemplate":"https:\/\/lasentinelle.dz\/?s={search_term_string}"},"query-input":{"@type":"PropertyValueSpecification","valueRequired":true,"valueName":"search_term_string"}}],"inLanguage":"fr-FR"},{"@type":"Organization","@id":"https:\/\/lasentinelle.dz\/#organization","name":"Quotidien La Sentinelle","url":"https:\/\/lasentinelle.dz\/","logo":{"@type":"ImageObject","inLanguage":"fr-FR","@id":"https:\/\/lasentinelle.dz\/#\/schema\/logo\/image\/","url":"https:\/\/lasentinelle.dz\/wp-content\/uploads\/2021\/09\/logo-sentinelleSLOGAN-1.png","contentUrl":"https:\/\/lasentinelle.dz\/wp-content\/uploads\/2021\/09\/logo-sentinelleSLOGAN-1.png","width":615,"height":142,"caption":"Quotidien La Sentinelle"},"image":{"@id":"https:\/\/lasentinelle.dz\/#\/schema\/logo\/image\/"},"sameAs":["https:\/\/www.facebook.com\/La-Sentinelle-104059864394773"]},{"@type":"Person","@id":"https:\/\/lasentinelle.dz\/#\/schema\/person\/d865044e22e70a75174ce8bcad3acfb3","name":"La Sentinelle","image":{"@type":"ImageObject","inLanguage":"fr-FR","@id":"https:\/\/secure.gravatar.com\/avatar\/57de8e5d4b15d43fb361a71fbb36338450fe67865b528a43dd10ef7c51a20392?s=96&d=mm&r=g","url":"https:\/\/secure.gravatar.com\/avatar\/57de8e5d4b15d43fb361a71fbb36338450fe67865b528a43dd10ef7c51a20392?s=96&d=mm&r=g","contentUrl":"https:\/\/secure.gravatar.com\/avatar\/57de8e5d4b15d43fb361a71fbb36338450fe67865b528a43dd10ef7c51a20392?s=96&d=mm&r=g","caption":"La Sentinelle"},"sameAs":["http:\/\/www.lasentinelle.dz"],"url":"https:\/\/lasentinelle.dz\/author\/redaction\/"}]}},"_links":{"self":[{"href":"https:\/\/lasentinelle.dz\/index.php\/wp-json\/wp\/v2\/posts\/32798","targetHints":{"allow":["GET"]}}],"collection":[{"href":"https:\/\/lasentinelle.dz\/index.php\/wp-json\/wp\/v2\/posts"}],"about":[{"href":"https:\/\/lasentinelle.dz\/index.php\/wp-json\/wp\/v2\/types\/post"}],"author":[{"embeddable":true,"href":"https:\/\/lasentinelle.dz\/index.php\/wp-json\/wp\/v2\/users\/3"}],"replies":[{"embeddable":true,"href":"https:\/\/lasentinelle.dz\/index.php\/wp-json\/wp\/v2\/comments?post=32798"}],"version-history":[{"count":2,"href":"https:\/\/lasentinelle.dz\/index.php\/wp-json\/wp\/v2\/posts\/32798\/revisions"}],"predecessor-version":[{"id":32824,"href":"https:\/\/lasentinelle.dz\/index.php\/wp-json\/wp\/v2\/posts\/32798\/revisions\/32824"}],"wp:featuredmedia":[{"embeddable":true,"href":"https:\/\/lasentinelle.dz\/index.php\/wp-json\/wp\/v2\/media\/32799"}],"wp:attachment":[{"href":"https:\/\/lasentinelle.dz\/index.php\/wp-json\/wp\/v2\/media?parent=32798"}],"wp:term":[{"taxonomy":"category","embeddable":true,"href":"https:\/\/lasentinelle.dz\/index.php\/wp-json\/wp\/v2\/categories?post=32798"},{"taxonomy":"post_tag","embeddable":true,"href":"https:\/\/lasentinelle.dz\/index.php\/wp-json\/wp\/v2\/tags?post=32798"}],"curies":[{"name":"wp","href":"https:\/\/api.w.org\/{rel}","templated":true}]}}