{"id":32805,"date":"2022-12-18T22:17:00","date_gmt":"2022-12-18T21:17:00","guid":{"rendered":"https:\/\/lasentinelle.dz\/?p=32805"},"modified":"2022-12-18T20:01:25","modified_gmt":"2022-12-18T19:01:25","slug":"relations-algero-francaises-paris-leve-les-restrictions-sur-les-visas","status":"publish","type":"post","link":"https:\/\/lasentinelle.dz\/index.php\/2022\/12\/18\/relations-algero-francaises-paris-leve-les-restrictions-sur-les-visas\/","title":{"rendered":"Relations alg\u00e9ro-fran\u00e7aises\u00a0: Paris l\u00e8ve les restrictions sur les visas"},"content":{"rendered":"\n<p>Le ministre fran\u00e7ais de l\u2019Int\u00e9rieur, G\u00e9rald Darmanin a d\u00e9clar\u00e9, hier \u00e0 l\u2019issue de l\u2019audience qui lui a accord\u00e9e hier le Pr\u00e9sident de la R\u00e9publique, Abdelmadjid Tebboune, que la France a repris avec l\u2019Alg\u00e9rie \u00abune relation consulaire normale, celle qui existait avant la pand\u00e9mie de Covid-19 et ce concernant la relation sur les visas et d\u2019\u00e9changes entre nos populations \u00bb.<\/p>\n\n\n\n<p>Le dialogue entre l\u2019Alg\u00e9rie et la France sur des dossiers importants comme celui des visas semble \u00eatre entr\u00e9 dans le vif du sujet. Apr\u00e8s la visite du pr\u00e9sident fran\u00e7ais en ao\u00fbt dernier, suivie en octobre de celle de la Premi\u00e8re ministre fran\u00e7aise Elisabeth Borne, c\u2019est au tour du ministre fran\u00e7ais de l\u2019Int\u00e9rieur, G\u00e9rald Darmanin, de se d\u00e9placer en Alg\u00e9rie. Le ministre de l\u2019Int\u00e9rieur, des Collectivit\u00e9s locales et de l\u2019Am\u00e9nagement du territoire, Brahim Merad, s\u2019est ainsi longuement entretenu hier \u00e0 Alger avec son homologue fran\u00e7ais.<\/p>\n\n\n\n<p>Le minist\u00e8re alg\u00e9rien de l\u2019Int\u00e9rieur a fait savoir dans un communiqu\u00e9 adress\u00e9 \u00e0 la presse que l\u2019entretien a port\u00e9 sur les questions li\u00e9es au secteur de l\u2019Int\u00e9rieur dans les deux pays, ainsi que les voies et moyens de renforcer la coop\u00e9ration bilat\u00e9rale dans ce domaine. Selon la presse fran\u00e7aise, les \u00e9changes entre les deux responsables ont port\u00e9 pr\u00e9cis\u00e9ment sur la \u00abcoop\u00e9ration en mati\u00e8re de s\u00e9curit\u00e9, de lutte contre le terrorisme et dans le domaine migratoire \u00bb. La question des visas a \u00e9t\u00e9 \u00e9galement abord\u00e9e. Et il y a du nouveau. Consid\u00e9r\u00e9es comme l\u2019un des principaux obstacles sur la voie d\u2019un retour \u00e0 la normale entre les deux pays, les restrictions sur les visas ont \u00e9t\u00e9 lev\u00e9es par la France.<\/p>\n\n\n\n<p>G\u00e9rald Darmanin a d\u00e9clar\u00e9 \u00e0 ce propos, \u00e0 l\u2019issue de l\u2019audience qui lui a accord\u00e9e hier le pr\u00e9sident Abdelmadjid Tebboune, que la France a repris avec l\u2019Alg\u00e9rie \u00abune relation consulaire normale, celle qui existait avant la pand\u00e9mie de Covid-19 et ce concernant la relation sur les visas et d\u2019\u00e9changes entre nos populations \u00bb pour qu\u2019ils soient \u00e0 \u00ab la hauteur de la relation amicale extr\u00eamement forte et sp\u00e9cifique entre la France et l\u2019Alg\u00e9rie \u00bb. La d\u00e9cision de lever les restrictions sur la d\u00e9livrance des visas aux ressortissants alg\u00e9riens est \u00ab effective depuis lundi dernier \u00bb, selon le ministre fran\u00e7ais de l\u2019Int\u00e9rieur. \u00ab Nous avons d\u00e9cid\u00e9 de le faire ensemble \u00bb, a-t-il dit.<\/p>\n\n\n\n<p>Il faut \u00e9galement noter que la visite de G\u00e9rald Darmanin en Alg\u00e9rie, s\u2019inscrit certes dans le sillage du d\u00e9placement du pr\u00e9sident fran\u00e7ais en Alg\u00e9rie mois d\u2019ao\u00fbt et qui a permis de reprendre langue sur d\u2019importants dossiers, notamment celui li\u00e9 \u00e0 l\u2019immigration. Une visite qui a certainement d\u00fb permettre \u00e0 G\u00e9rald Darmanin de relancer les autorit\u00e9s alg\u00e9riennes sur les cas des Alg\u00e9riens en situation irr\u00e9guli\u00e8re en France, surtout que son d\u00e9partement s\u2019appr\u00eate \u00e0 pr\u00e9senter une loi sur l\u2019immigration. Avec la droitisation de la politique fran\u00e7aise, le gouvernement Borne fait de l\u2019expulsion des \u00e9trangers en situation irr\u00e9guli\u00e8re une priorit\u00e9. La question, objet de surench\u00e8res politiques, occupe depuis des ann\u00e9es le centre des d\u00e9bats en France. Plusieurs sources fran\u00e7aises indiquent que des milliers de clandestins maghr\u00e9bins sont concern\u00e9s par des obligations de quitter le territoire fran\u00e7ais (OQTF). Leur pr\u00e9sence sur le sol fran\u00e7ais est devenue un carburant in\u00e9puisable pour l\u2019extr\u00eame-droite qui a fait de la lutte contre l\u2019immigration notamment maghr\u00e9bine son principal cheval de bataille lors des pr\u00e9sidentielles et des l\u00e9gislatives de 2022. Elle continue \u00e0 ce jour de l\u2019utiliser dans le d\u00e9bat public notamment sur la lutte contre le ch\u00f4mage et la s\u00e9curit\u00e9.<\/p>\n\n\n\n<p>En pleine campagne pour la pr\u00e9sidentielle, les autorit\u00e9s fran\u00e7aises avaient elles aussi reproch\u00e9 \u00e0 l\u2019Alg\u00e9rie, au Maroc et \u00e0 la Tunisie de ne pas d\u00e9livrer les autorisations n\u00e9cessaires pour le rapatriement de leurs ressortissants en situation irr\u00e9guli\u00e8re. En repr\u00e9sailles, le pr\u00e9sident Macron \u00e9tait all\u00e9 jusqu\u2019\u00e0 r\u00e9duire drastiquement le nombre de visas accord\u00e9s aux ressortissants maghr\u00e9bins. Au Maghreb, cette d\u00e9cision avait \u00e9t\u00e9 d\u00e9nonc\u00e9e et qualifi\u00e9e de \u00ab punition collective improductive \u00bb. Certains ont m\u00eame parl\u00e9 de \u00ab chantage aux visas \u00bb. Apr\u00e8s la Tunisie et le Maroc, la situation vient donc de se normaliser entre la France et l\u2019Alg\u00e9rie.<\/p>\n\n\n\n<p>Dans l\u2019absolu, les autorit\u00e9s alg\u00e9riennes ne sont pas ferm\u00e9es au d\u00e9bat sur les Alg\u00e9rien concern\u00e9s par des obligations de quitter le territoire fran\u00e7ais. Lors de la tenue, le 9 octobre dernier, de la 5\u00e8me session du Comit\u00e9 intergouvernemental de haut niveau (CIHN) alg\u00e9ro-fran\u00e7ais, le Premier ministre A\u00efmene Benabderrahmane s\u2019\u00e9tait d\u2019ailleurs dit, devant son homologue fran\u00e7aise Elisabeth Borne, ouvert \u00e0 la discussion sur ce dossier. \u00abLe partenariat d\u2019exception auquel nous aspirons ne doit pas buter sur des difficult\u00e9s faciles \u00e0 d\u00e9passer, comme la question de la d\u00e9livrance des visas et celle de la carte s\u00e9curitaire \u00e9tablie par les autorit\u00e9s fran\u00e7aises et qui ne refl\u00e8te pas la r\u00e9alit\u00e9 de l\u2019Alg\u00e9rie d\u2019aujourd\u2019hui \u00bb, a d\u00e9clar\u00e9 le Premier ministre alg\u00e9rien, indiquant qu\u2019il faut \u00abrelancer le dialogue\u00bb sur les questions des visas, de l\u2019\u00e9migration et des reconduites aux fronti\u00e8res. \u00abMalgr\u00e9 la crise sanitaire, l\u2019Alg\u00e9rie n\u2019a pas cess\u00e9 de montrer sa r\u00e9elle volont\u00e9 de combattre le ph\u00e9nom\u00e8ne de la migration clandestine\u00bb, avait soutenu M. Benabderrahmane.<\/p>\n\n\n\n<p>Seulement, c\u00f4t\u00e9 alg\u00e9rien, le traitement de ce dossier est soumis \u00e0 certaines conditions. Pour Alger, il n\u2019est par exemple pas question d\u2019accueillir des binationaux (ou des Fran\u00e7ais d\u2019origine alg\u00e9rienne), des Fran\u00e7ais d\u00e9chus de leur nationalit\u00e9 pour cause de terrorisme ou encore des Alg\u00e9riens n\u2019ayant pas ralli\u00e9 la France \u00e0 partir d\u2019Alger. Les autorit\u00e9s alg\u00e9riennes ne comprennent pas \u00e9galement pourquoi la France ne joue pas le jeu lorsqu\u2019il s\u2019agit d\u2019extrader des citoyens alg\u00e9riens demand\u00e9s par la justice alg\u00e9rienne. Selon nos sources, ce n\u2019est qu\u2019une fois que ces probl\u00e9matiques auront trouv\u00e9 des r\u00e9ponses satisfaisantes que la situation se normalisera v\u00e9ritablement. Il semble que depuis la visite d\u2019Elisabeth Borne \u00e0 Alger, les deux pays ont avanc\u00e9 sur un certain nombre de dossiers. Autrement, le ministre fran\u00e7ais de l\u2019Int\u00e9rieur G\u00e9rald Darmanin ne se serait pas d\u00e9plac\u00e9 \u00e0 Alger.<\/p>\n\n\n\n<p>Dans tous les cas, la coop\u00e9ration alg\u00e9ro-fran\u00e7aise est dans une phase ascendante comme en t\u00e9moigne l\u2019\u00e9change t\u00e9l\u00e9phonique samedi entre les pr\u00e9sidents Abdelmadjid Tebboune et Emmanuel Macron. Au cours de leur discussion, les deux responsables ont \u00e9voqu\u00e9 les relations bilat\u00e9rales et les perspectives de coop\u00e9ration entre les deux pays. Un fait qui prouve, si besoin est, qu\u2019ils sont d\u00e9cid\u00e9s \u00e0 aller de l\u2019avant et \u00e0 d\u00e9passer les \u00e9cueils qu\u2019ils pourraient \u00e9ventuellement rencontrer en cours de route.<\/p>\n\n\n\n<p><strong>Khider Larbi<\/strong><\/p>\n","protected":false},"excerpt":{"rendered":"<p>Le ministre fran\u00e7ais de l\u2019Int\u00e9rieur, G\u00e9rald Darmanin a d\u00e9clar\u00e9, hier \u00e0 l\u2019issue de l\u2019audience qui lui a accord\u00e9e hier le<\/p>\n","protected":false},"author":3,"featured_media":32827,"comment_status":"open","ping_status":"closed","sticky":false,"template":"","format":"standard","meta":{"colormag_page_container_layout":"default_layout","colormag_page_sidebar_layout":"default_layout","om_disable_all_campaigns":false,"_monsterinsights_skip_tracking":false,"_monsterinsights_sitenote_active":false,"_monsterinsights_sitenote_note":"","_monsterinsights_sitenote_category":0,"footnotes":"","_wpscppro_dont_share_socialmedia":false,"_wpscppro_custom_social_share_image":0,"_facebook_share_type":"","_twitter_share_type":"","_linkedin_share_type":"","_pinterest_share_type":"","_linkedin_share_type_page":"","_instagram_share_type":"","_medium_share_type":"","_threads_share_type":"","_google_business_share_type":"","_selected_social_profile":[],"_wpsp_enable_custom_social_template":false,"_wpsp_social_scheduling":{"enabled":false,"datetime":null,"platforms":[],"status":"template_only","dateOption":"today","timeOption":"now","customDays":"","customHours":"","customDate":"","customTime":"","schedulingType":"absolute"},"_wpsp_active_default_template":true},"categories":[52,27],"tags":[],"class_list":["post-32805","post","type-post","status-publish","format-standard","has-post-thumbnail","hentry","category-a-la-une","category-actualite"],"aioseo_notices":[],"yoast_head":"<!-- This site is optimized with the Yoast SEO plugin v27.5 - https:\/\/yoast.com\/product\/yoast-seo-wordpress\/ -->\n<title>Relations alg\u00e9ro-fran\u00e7aises\u00a0: Paris l\u00e8ve les restrictions sur les visas - La Sentinelle<\/title>\n<meta name=\"robots\" content=\"index, follow, max-snippet:-1, max-image-preview:large, max-video-preview:-1\" \/>\n<link rel=\"canonical\" href=\"https:\/\/lasentinelle.dz\/index.php\/2022\/12\/18\/relations-algero-francaises-paris-leve-les-restrictions-sur-les-visas\/\" \/>\n<meta property=\"og:locale\" content=\"fr_FR\" \/>\n<meta property=\"og:type\" content=\"article\" \/>\n<meta property=\"og:title\" content=\"Relations alg\u00e9ro-fran\u00e7aises\u00a0: Paris l\u00e8ve les restrictions sur les visas - La Sentinelle\" \/>\n<meta property=\"og:description\" content=\"Le ministre fran\u00e7ais de l\u2019Int\u00e9rieur, G\u00e9rald Darmanin a d\u00e9clar\u00e9, hier \u00e0 l\u2019issue de l\u2019audience qui lui a accord\u00e9e hier le\" \/>\n<meta property=\"og:url\" content=\"https:\/\/lasentinelle.dz\/index.php\/2022\/12\/18\/relations-algero-francaises-paris-leve-les-restrictions-sur-les-visas\/\" \/>\n<meta property=\"og:site_name\" content=\"La Sentinelle\" \/>\n<meta property=\"article:publisher\" content=\"https:\/\/www.facebook.com\/La-Sentinelle-104059864394773\" \/>\n<meta property=\"article:published_time\" content=\"2022-12-18T21:17:00+00:00\" \/>\n<meta property=\"og:image\" content=\"https:\/\/lasentinelle.dz\/wp-content\/uploads\/2022\/12\/Visas.png\" \/>\n\t<meta property=\"og:image:width\" content=\"1350\" \/>\n\t<meta property=\"og:image:height\" content=\"900\" \/>\n\t<meta property=\"og:image:type\" content=\"image\/png\" \/>\n<meta name=\"author\" content=\"La Sentinelle\" \/>\n<meta name=\"twitter:card\" content=\"summary_large_image\" \/>\n<meta name=\"twitter:label1\" content=\"\u00c9crit par\" \/>\n\t<meta name=\"twitter:data1\" content=\"La Sentinelle\" \/>\n\t<meta name=\"twitter:label2\" content=\"Dur\u00e9e de lecture estim\u00e9e\" \/>\n\t<meta name=\"twitter:data2\" content=\"6 minutes\" \/>\n<script type=\"application\/ld+json\" class=\"yoast-schema-graph\">{\"@context\":\"https:\\\/\\\/schema.org\",\"@graph\":[{\"@type\":\"Article\",\"@id\":\"https:\\\/\\\/lasentinelle.dz\\\/index.php\\\/2022\\\/12\\\/18\\\/relations-algero-francaises-paris-leve-les-restrictions-sur-les-visas\\\/#article\",\"isPartOf\":{\"@id\":\"https:\\\/\\\/lasentinelle.dz\\\/index.php\\\/2022\\\/12\\\/18\\\/relations-algero-francaises-paris-leve-les-restrictions-sur-les-visas\\\/\"},\"author\":{\"name\":\"La Sentinelle\",\"@id\":\"https:\\\/\\\/lasentinelle.dz\\\/#\\\/schema\\\/person\\\/d865044e22e70a75174ce8bcad3acfb3\"},\"headline\":\"Relations alg\u00e9ro-fran\u00e7aises\u00a0: Paris l\u00e8ve les restrictions sur les visas\",\"datePublished\":\"2022-12-18T21:17:00+00:00\",\"mainEntityOfPage\":{\"@id\":\"https:\\\/\\\/lasentinelle.dz\\\/index.php\\\/2022\\\/12\\\/18\\\/relations-algero-francaises-paris-leve-les-restrictions-sur-les-visas\\\/\"},\"wordCount\":1241,\"commentCount\":0,\"publisher\":{\"@id\":\"https:\\\/\\\/lasentinelle.dz\\\/#organization\"},\"image\":{\"@id\":\"https:\\\/\\\/lasentinelle.dz\\\/index.php\\\/2022\\\/12\\\/18\\\/relations-algero-francaises-paris-leve-les-restrictions-sur-les-visas\\\/#primaryimage\"},\"thumbnailUrl\":\"https:\\\/\\\/lasentinelle.dz\\\/wp-content\\\/uploads\\\/2022\\\/12\\\/Visas.png\",\"articleSection\":[\"\u00c0 la Une\",\"Actualit\u00e9\"],\"inLanguage\":\"fr-FR\",\"potentialAction\":[{\"@type\":\"CommentAction\",\"name\":\"Comment\",\"target\":[\"https:\\\/\\\/lasentinelle.dz\\\/index.php\\\/2022\\\/12\\\/18\\\/relations-algero-francaises-paris-leve-les-restrictions-sur-les-visas\\\/#respond\"]}]},{\"@type\":\"WebPage\",\"@id\":\"https:\\\/\\\/lasentinelle.dz\\\/index.php\\\/2022\\\/12\\\/18\\\/relations-algero-francaises-paris-leve-les-restrictions-sur-les-visas\\\/\",\"url\":\"https:\\\/\\\/lasentinelle.dz\\\/index.php\\\/2022\\\/12\\\/18\\\/relations-algero-francaises-paris-leve-les-restrictions-sur-les-visas\\\/\",\"name\":\"Relations alg\u00e9ro-fran\u00e7aises\u00a0: Paris l\u00e8ve les restrictions sur les visas - La Sentinelle\",\"isPartOf\":{\"@id\":\"https:\\\/\\\/lasentinelle.dz\\\/#website\"},\"primaryImageOfPage\":{\"@id\":\"https:\\\/\\\/lasentinelle.dz\\\/index.php\\\/2022\\\/12\\\/18\\\/relations-algero-francaises-paris-leve-les-restrictions-sur-les-visas\\\/#primaryimage\"},\"image\":{\"@id\":\"https:\\\/\\\/lasentinelle.dz\\\/index.php\\\/2022\\\/12\\\/18\\\/relations-algero-francaises-paris-leve-les-restrictions-sur-les-visas\\\/#primaryimage\"},\"thumbnailUrl\":\"https:\\\/\\\/lasentinelle.dz\\\/wp-content\\\/uploads\\\/2022\\\/12\\\/Visas.png\",\"datePublished\":\"2022-12-18T21:17:00+00:00\",\"breadcrumb\":{\"@id\":\"https:\\\/\\\/lasentinelle.dz\\\/index.php\\\/2022\\\/12\\\/18\\\/relations-algero-francaises-paris-leve-les-restrictions-sur-les-visas\\\/#breadcrumb\"},\"inLanguage\":\"fr-FR\",\"potentialAction\":[{\"@type\":\"ReadAction\",\"target\":[\"https:\\\/\\\/lasentinelle.dz\\\/index.php\\\/2022\\\/12\\\/18\\\/relations-algero-francaises-paris-leve-les-restrictions-sur-les-visas\\\/\"]}]},{\"@type\":\"ImageObject\",\"inLanguage\":\"fr-FR\",\"@id\":\"https:\\\/\\\/lasentinelle.dz\\\/index.php\\\/2022\\\/12\\\/18\\\/relations-algero-francaises-paris-leve-les-restrictions-sur-les-visas\\\/#primaryimage\",\"url\":\"https:\\\/\\\/lasentinelle.dz\\\/wp-content\\\/uploads\\\/2022\\\/12\\\/Visas.png\",\"contentUrl\":\"https:\\\/\\\/lasentinelle.dz\\\/wp-content\\\/uploads\\\/2022\\\/12\\\/Visas.png\",\"width\":1350,\"height\":900},{\"@type\":\"BreadcrumbList\",\"@id\":\"https:\\\/\\\/lasentinelle.dz\\\/index.php\\\/2022\\\/12\\\/18\\\/relations-algero-francaises-paris-leve-les-restrictions-sur-les-visas\\\/#breadcrumb\",\"itemListElement\":[{\"@type\":\"ListItem\",\"position\":1,\"name\":\"Accueil\",\"item\":\"https:\\\/\\\/lasentinelle.dz\\\/\"},{\"@type\":\"ListItem\",\"position\":2,\"name\":\"Relations alg\u00e9ro-fran\u00e7aises\u00a0: Paris l\u00e8ve les restrictions sur les visas\"}]},{\"@type\":\"WebSite\",\"@id\":\"https:\\\/\\\/lasentinelle.dz\\\/#website\",\"url\":\"https:\\\/\\\/lasentinelle.dz\\\/\",\"name\":\"La Sentinelle\",\"description\":\"Quotidien national d&#039;information\",\"publisher\":{\"@id\":\"https:\\\/\\\/lasentinelle.dz\\\/#organization\"},\"potentialAction\":[{\"@type\":\"SearchAction\",\"target\":{\"@type\":\"EntryPoint\",\"urlTemplate\":\"https:\\\/\\\/lasentinelle.dz\\\/?s={search_term_string}\"},\"query-input\":{\"@type\":\"PropertyValueSpecification\",\"valueRequired\":true,\"valueName\":\"search_term_string\"}}],\"inLanguage\":\"fr-FR\"},{\"@type\":\"Organization\",\"@id\":\"https:\\\/\\\/lasentinelle.dz\\\/#organization\",\"name\":\"Quotidien La Sentinelle\",\"url\":\"https:\\\/\\\/lasentinelle.dz\\\/\",\"logo\":{\"@type\":\"ImageObject\",\"inLanguage\":\"fr-FR\",\"@id\":\"https:\\\/\\\/lasentinelle.dz\\\/#\\\/schema\\\/logo\\\/image\\\/\",\"url\":\"https:\\\/\\\/lasentinelle.dz\\\/wp-content\\\/uploads\\\/2021\\\/09\\\/logo-sentinelleSLOGAN-1.png\",\"contentUrl\":\"https:\\\/\\\/lasentinelle.dz\\\/wp-content\\\/uploads\\\/2021\\\/09\\\/logo-sentinelleSLOGAN-1.png\",\"width\":615,\"height\":142,\"caption\":\"Quotidien La Sentinelle\"},\"image\":{\"@id\":\"https:\\\/\\\/lasentinelle.dz\\\/#\\\/schema\\\/logo\\\/image\\\/\"},\"sameAs\":[\"https:\\\/\\\/www.facebook.com\\\/La-Sentinelle-104059864394773\"]},{\"@type\":\"Person\",\"@id\":\"https:\\\/\\\/lasentinelle.dz\\\/#\\\/schema\\\/person\\\/d865044e22e70a75174ce8bcad3acfb3\",\"name\":\"La Sentinelle\",\"image\":{\"@type\":\"ImageObject\",\"inLanguage\":\"fr-FR\",\"@id\":\"https:\\\/\\\/secure.gravatar.com\\\/avatar\\\/57de8e5d4b15d43fb361a71fbb36338450fe67865b528a43dd10ef7c51a20392?s=96&d=mm&r=g\",\"url\":\"https:\\\/\\\/secure.gravatar.com\\\/avatar\\\/57de8e5d4b15d43fb361a71fbb36338450fe67865b528a43dd10ef7c51a20392?s=96&d=mm&r=g\",\"contentUrl\":\"https:\\\/\\\/secure.gravatar.com\\\/avatar\\\/57de8e5d4b15d43fb361a71fbb36338450fe67865b528a43dd10ef7c51a20392?s=96&d=mm&r=g\",\"caption\":\"La Sentinelle\"},\"sameAs\":[\"http:\\\/\\\/www.lasentinelle.dz\"],\"url\":\"https:\\\/\\\/lasentinelle.dz\\\/author\\\/redaction\\\/\"}]}<\/script>\n<!-- \/ Yoast SEO plugin. -->","yoast_head_json":{"title":"Relations alg\u00e9ro-fran\u00e7aises\u00a0: Paris l\u00e8ve les restrictions sur les visas - La Sentinelle","robots":{"index":"index","follow":"follow","max-snippet":"max-snippet:-1","max-image-preview":"max-image-preview:large","max-video-preview":"max-video-preview:-1"},"canonical":"https:\/\/lasentinelle.dz\/index.php\/2022\/12\/18\/relations-algero-francaises-paris-leve-les-restrictions-sur-les-visas\/","og_locale":"fr_FR","og_type":"article","og_title":"Relations alg\u00e9ro-fran\u00e7aises\u00a0: Paris l\u00e8ve les restrictions sur les visas - La Sentinelle","og_description":"Le ministre fran\u00e7ais de l\u2019Int\u00e9rieur, G\u00e9rald Darmanin a d\u00e9clar\u00e9, hier \u00e0 l\u2019issue de l\u2019audience qui lui a accord\u00e9e hier le","og_url":"https:\/\/lasentinelle.dz\/index.php\/2022\/12\/18\/relations-algero-francaises-paris-leve-les-restrictions-sur-les-visas\/","og_site_name":"La Sentinelle","article_publisher":"https:\/\/www.facebook.com\/La-Sentinelle-104059864394773","article_published_time":"2022-12-18T21:17:00+00:00","og_image":[{"width":1350,"height":900,"url":"https:\/\/lasentinelle.dz\/wp-content\/uploads\/2022\/12\/Visas.png","type":"image\/png"}],"author":"La Sentinelle","twitter_card":"summary_large_image","twitter_misc":{"\u00c9crit par":"La Sentinelle","Dur\u00e9e de lecture estim\u00e9e":"6 minutes"},"schema":{"@context":"https:\/\/schema.org","@graph":[{"@type":"Article","@id":"https:\/\/lasentinelle.dz\/index.php\/2022\/12\/18\/relations-algero-francaises-paris-leve-les-restrictions-sur-les-visas\/#article","isPartOf":{"@id":"https:\/\/lasentinelle.dz\/index.php\/2022\/12\/18\/relations-algero-francaises-paris-leve-les-restrictions-sur-les-visas\/"},"author":{"name":"La Sentinelle","@id":"https:\/\/lasentinelle.dz\/#\/schema\/person\/d865044e22e70a75174ce8bcad3acfb3"},"headline":"Relations alg\u00e9ro-fran\u00e7aises\u00a0: Paris l\u00e8ve les restrictions sur les visas","datePublished":"2022-12-18T21:17:00+00:00","mainEntityOfPage":{"@id":"https:\/\/lasentinelle.dz\/index.php\/2022\/12\/18\/relations-algero-francaises-paris-leve-les-restrictions-sur-les-visas\/"},"wordCount":1241,"commentCount":0,"publisher":{"@id":"https:\/\/lasentinelle.dz\/#organization"},"image":{"@id":"https:\/\/lasentinelle.dz\/index.php\/2022\/12\/18\/relations-algero-francaises-paris-leve-les-restrictions-sur-les-visas\/#primaryimage"},"thumbnailUrl":"https:\/\/lasentinelle.dz\/wp-content\/uploads\/2022\/12\/Visas.png","articleSection":["\u00c0 la Une","Actualit\u00e9"],"inLanguage":"fr-FR","potentialAction":[{"@type":"CommentAction","name":"Comment","target":["https:\/\/lasentinelle.dz\/index.php\/2022\/12\/18\/relations-algero-francaises-paris-leve-les-restrictions-sur-les-visas\/#respond"]}]},{"@type":"WebPage","@id":"https:\/\/lasentinelle.dz\/index.php\/2022\/12\/18\/relations-algero-francaises-paris-leve-les-restrictions-sur-les-visas\/","url":"https:\/\/lasentinelle.dz\/index.php\/2022\/12\/18\/relations-algero-francaises-paris-leve-les-restrictions-sur-les-visas\/","name":"Relations alg\u00e9ro-fran\u00e7aises\u00a0: Paris l\u00e8ve les restrictions sur les visas - La Sentinelle","isPartOf":{"@id":"https:\/\/lasentinelle.dz\/#website"},"primaryImageOfPage":{"@id":"https:\/\/lasentinelle.dz\/index.php\/2022\/12\/18\/relations-algero-francaises-paris-leve-les-restrictions-sur-les-visas\/#primaryimage"},"image":{"@id":"https:\/\/lasentinelle.dz\/index.php\/2022\/12\/18\/relations-algero-francaises-paris-leve-les-restrictions-sur-les-visas\/#primaryimage"},"thumbnailUrl":"https:\/\/lasentinelle.dz\/wp-content\/uploads\/2022\/12\/Visas.png","datePublished":"2022-12-18T21:17:00+00:00","breadcrumb":{"@id":"https:\/\/lasentinelle.dz\/index.php\/2022\/12\/18\/relations-algero-francaises-paris-leve-les-restrictions-sur-les-visas\/#breadcrumb"},"inLanguage":"fr-FR","potentialAction":[{"@type":"ReadAction","target":["https:\/\/lasentinelle.dz\/index.php\/2022\/12\/18\/relations-algero-francaises-paris-leve-les-restrictions-sur-les-visas\/"]}]},{"@type":"ImageObject","inLanguage":"fr-FR","@id":"https:\/\/lasentinelle.dz\/index.php\/2022\/12\/18\/relations-algero-francaises-paris-leve-les-restrictions-sur-les-visas\/#primaryimage","url":"https:\/\/lasentinelle.dz\/wp-content\/uploads\/2022\/12\/Visas.png","contentUrl":"https:\/\/lasentinelle.dz\/wp-content\/uploads\/2022\/12\/Visas.png","width":1350,"height":900},{"@type":"BreadcrumbList","@id":"https:\/\/lasentinelle.dz\/index.php\/2022\/12\/18\/relations-algero-francaises-paris-leve-les-restrictions-sur-les-visas\/#breadcrumb","itemListElement":[{"@type":"ListItem","position":1,"name":"Accueil","item":"https:\/\/lasentinelle.dz\/"},{"@type":"ListItem","position":2,"name":"Relations alg\u00e9ro-fran\u00e7aises\u00a0: Paris l\u00e8ve les restrictions sur les visas"}]},{"@type":"WebSite","@id":"https:\/\/lasentinelle.dz\/#website","url":"https:\/\/lasentinelle.dz\/","name":"La Sentinelle","description":"Quotidien national d&#039;information","publisher":{"@id":"https:\/\/lasentinelle.dz\/#organization"},"potentialAction":[{"@type":"SearchAction","target":{"@type":"EntryPoint","urlTemplate":"https:\/\/lasentinelle.dz\/?s={search_term_string}"},"query-input":{"@type":"PropertyValueSpecification","valueRequired":true,"valueName":"search_term_string"}}],"inLanguage":"fr-FR"},{"@type":"Organization","@id":"https:\/\/lasentinelle.dz\/#organization","name":"Quotidien La Sentinelle","url":"https:\/\/lasentinelle.dz\/","logo":{"@type":"ImageObject","inLanguage":"fr-FR","@id":"https:\/\/lasentinelle.dz\/#\/schema\/logo\/image\/","url":"https:\/\/lasentinelle.dz\/wp-content\/uploads\/2021\/09\/logo-sentinelleSLOGAN-1.png","contentUrl":"https:\/\/lasentinelle.dz\/wp-content\/uploads\/2021\/09\/logo-sentinelleSLOGAN-1.png","width":615,"height":142,"caption":"Quotidien La Sentinelle"},"image":{"@id":"https:\/\/lasentinelle.dz\/#\/schema\/logo\/image\/"},"sameAs":["https:\/\/www.facebook.com\/La-Sentinelle-104059864394773"]},{"@type":"Person","@id":"https:\/\/lasentinelle.dz\/#\/schema\/person\/d865044e22e70a75174ce8bcad3acfb3","name":"La Sentinelle","image":{"@type":"ImageObject","inLanguage":"fr-FR","@id":"https:\/\/secure.gravatar.com\/avatar\/57de8e5d4b15d43fb361a71fbb36338450fe67865b528a43dd10ef7c51a20392?s=96&d=mm&r=g","url":"https:\/\/secure.gravatar.com\/avatar\/57de8e5d4b15d43fb361a71fbb36338450fe67865b528a43dd10ef7c51a20392?s=96&d=mm&r=g","contentUrl":"https:\/\/secure.gravatar.com\/avatar\/57de8e5d4b15d43fb361a71fbb36338450fe67865b528a43dd10ef7c51a20392?s=96&d=mm&r=g","caption":"La Sentinelle"},"sameAs":["http:\/\/www.lasentinelle.dz"],"url":"https:\/\/lasentinelle.dz\/author\/redaction\/"}]}},"_links":{"self":[{"href":"https:\/\/lasentinelle.dz\/index.php\/wp-json\/wp\/v2\/posts\/32805","targetHints":{"allow":["GET"]}}],"collection":[{"href":"https:\/\/lasentinelle.dz\/index.php\/wp-json\/wp\/v2\/posts"}],"about":[{"href":"https:\/\/lasentinelle.dz\/index.php\/wp-json\/wp\/v2\/types\/post"}],"author":[{"embeddable":true,"href":"https:\/\/lasentinelle.dz\/index.php\/wp-json\/wp\/v2\/users\/3"}],"replies":[{"embeddable":true,"href":"https:\/\/lasentinelle.dz\/index.php\/wp-json\/wp\/v2\/comments?post=32805"}],"version-history":[{"count":2,"href":"https:\/\/lasentinelle.dz\/index.php\/wp-json\/wp\/v2\/posts\/32805\/revisions"}],"predecessor-version":[{"id":32826,"href":"https:\/\/lasentinelle.dz\/index.php\/wp-json\/wp\/v2\/posts\/32805\/revisions\/32826"}],"wp:featuredmedia":[{"embeddable":true,"href":"https:\/\/lasentinelle.dz\/index.php\/wp-json\/wp\/v2\/media\/32827"}],"wp:attachment":[{"href":"https:\/\/lasentinelle.dz\/index.php\/wp-json\/wp\/v2\/media?parent=32805"}],"wp:term":[{"taxonomy":"category","embeddable":true,"href":"https:\/\/lasentinelle.dz\/index.php\/wp-json\/wp\/v2\/categories?post=32805"},{"taxonomy":"post_tag","embeddable":true,"href":"https:\/\/lasentinelle.dz\/index.php\/wp-json\/wp\/v2\/tags?post=32805"}],"curies":[{"name":"wp","href":"https:\/\/api.w.org\/{rel}","templated":true}]}}