{"id":32811,"date":"2022-12-18T22:15:00","date_gmt":"2022-12-18T21:15:00","guid":{"rendered":"https:\/\/lasentinelle.dz\/?p=32811"},"modified":"2022-12-18T20:00:29","modified_gmt":"2022-12-18T19:00:29","slug":"le-secteur-travaille-serieusement-sur-les-interconnexions-electriques-avec-leurope-lalgerie-simpose-en-hub-energetique-majeur","status":"publish","type":"post","link":"https:\/\/lasentinelle.dz\/index.php\/2022\/12\/18\/le-secteur-travaille-serieusement-sur-les-interconnexions-electriques-avec-leurope-lalgerie-simpose-en-hub-energetique-majeur\/","title":{"rendered":"Le secteur travaille s\u00e9rieusement sur les interconnexions \u00e9lectriques avec l\u2019Europe\u00a0: L\u2019Alg\u00e9rie s\u2019impose en hub \u00e9nerg\u00e9tique majeur"},"content":{"rendered":"\n<p>Le ministre de l\u2019\u00c9nergie et des Mines, Mohamed Arkab a indiqu\u00e9 hier que l\u2019Alg\u00e9rie se penche s\u00e9rieusement sur le projet d\u2019interconnexion \u00e9lectrique avec l\u2019Europe.<\/p>\n\n\n\n<p>L\u2019Alg\u00e9rie ambitionne de s\u2019imposer en tant que hub \u00e9nerg\u00e9tique m\u00e9diterran\u00e9en par excellence en s\u2019appuyant non seulement sur ses capacit\u00e9s gazi\u00e8res \u00e0 l\u2019export, mais aussi sur surcapacit\u00e9s en termes de production d\u2019\u00e9lectricit\u00e9. Dans ce contexte, le ministre de l\u2019\u00c9nergie et des Mines, Mohamed Arkab, a r\u00e9affirm\u00e9 hier les objectifs en la mati\u00e8re. C\u2019est en marge d\u2019une c\u00e9r\u00e9monie pour l\u2019inauguration d\u2019une nouvelle structure du Groupe Sonelgaz que le premier responsable du secteur a indiqu\u00e9 que l\u2019Alg\u00e9rie travaille s\u00e9rieusement sur l\u2019exportation d\u2019\u00e9lectricit\u00e9 vers l\u2019Europe, d\u2019autant que ses capacit\u00e9s de production le permettent. Mohamed Arkab a indiqu\u00e9 que l&rsquo;Alg\u00e9rie \u00ab\u00a0\u00e9tudie s\u00e9rieusement le projet d&rsquo;interconnexion \u00e9lectrique avec l&rsquo;Europe, compte tenu de son \u00e9norme capacit\u00e9 de production d\u2019\u00e9lectricit\u00e9, ce qui en fait un p\u00f4le \u00e9nerg\u00e9tique par excellence.\u00a0\u00bb<\/p>\n\n\n\n<p>Dans ce contexte, il a ajout\u00e9 que le Groupe Sonelgaz dispose des qualifications lui permettant d&rsquo;entrer sur les march\u00e9s mondiaux, notamment en termes de capacit\u00e9 de production ainsi que de comp\u00e9tences humaines, dont l&rsquo;attention est d\u00e9sormais port\u00e9e sur la fourniture d&rsquo;une \u00ab \u00e9nergie de qualit\u00e9 \u00bb.Dans ce contexte, le ministre a soulign\u00e9 que l&rsquo;Alg\u00e9rie est devenue un \u00ab\u00a0grand producteur\u00a0\u00bb d&rsquo;\u00e9lectricit\u00e9, avec une capacit\u00e9 de production de plus de 25.000 m\u00e9gawatts, dont elle consomme 17.000 m\u00e9gawatts aux heures de pointe.C&rsquo;est ce qui fait de l&rsquo;Alg\u00e9rie &#8211; selon le ministre &#8211; un \u00ab\u00a0p\u00f4le \u00e9nerg\u00e9tique par excellence\u00a0\u00bb, car elle b\u00e9n\u00e9ficie, outre les \u00e9normes capacit\u00e9s de production en \u00e9lectricit\u00e9, d&rsquo;importantes capacit\u00e9s de production en gaz, mati\u00e8res p\u00e9troli\u00e8res et autres.M. Arkab a soulign\u00e9 que l\u2019Alg\u00e9rie est\u00ab&nbsp;en train d&rsquo;offrir toutes les solutions \u00e9nerg\u00e9tiques \u00e0 ses &nbsp;partenaires, notamment en Europe, afin de fournir de l&rsquo;\u00e9nergie sous toutes ses formes sur le march\u00e9 europ\u00e9en&nbsp;\u00bb.<\/p>\n\n\n\n<p>Il faut dire que le d\u00e9veloppement des interconnexions \u00e9lectriques entre l\u2019Alg\u00e9rie et l\u2019Europe font l\u2019objet de s\u00e9rieuses discussions avec les partenaires europ\u00e9ens, notamment italiens. Dans ce contexte, le d\u00e9partement de Mohamed Arkab avait annonc\u00e9, \u00e0 l\u2019occasion de la visite d\u2019une d\u00e9l\u00e9gation italienne men\u00e9e par l\u2019ancien premier ministre italien et patron d\u2019Ernst&amp;Young Italie les\u00e9jour prochain en Alg\u00e9rie d\u2019une d\u00e9l\u00e9gation d\u2019entreprises italiennes pour approfondir les discussions autour d\u2019un projet de c\u00e2ble sous-marin la reliant l\u2019Europe pour le transport d\u2019\u00e9lectricit\u00e9. Il est utile de rappeler que le ministre de l\u2019\u00c9nergie et des Mines a soulign\u00e9 \u00e0 plusieurs reprises la pleine disponibilit\u00e9 de l\u2019Alg\u00e9rie \u00e0 \u00eatre un fournisseur de premier ordre du march\u00e9 europ\u00e9en en \u00e9nergie. Une disposition qu\u2019il a soulign\u00e9 lors de sa participation au d\u00e9but du mois au Forum de haut niveau de dialogue eurom\u00e9diterran\u00e9en (Rome-Med). A l\u2019occasion le ministre a indiqu\u00e9 que l&rsquo;Alg\u00e9rie dispose d\u2019une capacit\u00e9 de production de plus de 24.000 MW, pour un besoin moyen de 14.000 MW, ce qui lui permet de mettre quotidiennement sur le march\u00e9 r\u00e9gional une capacit\u00e9 exc\u00e9dentaire de 10.000 MW, ajoutant que ces capacit\u00e9s sont appel\u00e9es \u00e0 croitre avec la concr\u00e9tisation de l\u2019ambitieux programme de d\u00e9veloppement des \u00e9nergies renouvelables. \u00abDans cette perspective, nous comptons d\u00e9velopper de vastes infrastructures de transport \u00e9lectrique et un r\u00e9seau interconnect\u00e9, reliant l\u2019Alg\u00e9rie \u00e0 la rive nord de la m\u00e9diterran\u00e9e\u00bb, a dit M. Arkab, qui a \u00e9galement \u00e9voqu\u00e9 la strat\u00e9gie de l&rsquo;Alg\u00e9rie en mati\u00e8re d&rsquo;\u00e9nergies renouvelables, notamment le d\u00e9veloppement de l&rsquo;hydrog\u00e8ne, inscrite parmi les objectifs prioritaires du gouvernement.<\/p>\n\n\n\n<p><strong>Hocine Fadheli<\/strong><\/p>\n","protected":false},"excerpt":{"rendered":"<p>Le ministre de l\u2019\u00c9nergie et des Mines, Mohamed Arkab a indiqu\u00e9 hier que l\u2019Alg\u00e9rie se penche s\u00e9rieusement sur le projet<\/p>\n","protected":false},"author":3,"featured_media":32812,"comment_status":"open","ping_status":"closed","sticky":false,"template":"","format":"standard","meta":{"colormag_page_container_layout":"default_layout","colormag_page_sidebar_layout":"default_layout","om_disable_all_campaigns":false,"_monsterinsights_skip_tracking":false,"_monsterinsights_sitenote_active":false,"_monsterinsights_sitenote_note":"","_monsterinsights_sitenote_category":0,"footnotes":"","_wpscppro_dont_share_socialmedia":false,"_wpscppro_custom_social_share_image":0,"_facebook_share_type":"","_twitter_share_type":"","_linkedin_share_type":"","_pinterest_share_type":"","_linkedin_share_type_page":"","_instagram_share_type":"","_medium_share_type":"","_threads_share_type":"","_google_business_share_type":"","_selected_social_profile":[],"_wpsp_enable_custom_social_template":false,"_wpsp_social_scheduling":{"enabled":false,"datetime":null,"platforms":[],"status":"template_only","dateOption":"today","timeOption":"now","customDays":"","customHours":"","customDate":"","customTime":"","schedulingType":"absolute"},"_wpsp_active_default_template":true},"categories":[52,29],"tags":[],"class_list":["post-32811","post","type-post","status-publish","format-standard","has-post-thumbnail","hentry","category-a-la-une","category-economie"],"aioseo_notices":[],"yoast_head":"<!-- This site is optimized with the Yoast SEO plugin v27.5 - https:\/\/yoast.com\/product\/yoast-seo-wordpress\/ -->\n<title>Le secteur travaille s\u00e9rieusement sur les interconnexions \u00e9lectriques avec l\u2019Europe\u00a0: L\u2019Alg\u00e9rie s\u2019impose en hub \u00e9nerg\u00e9tique majeur - La Sentinelle<\/title>\n<meta name=\"robots\" content=\"index, follow, max-snippet:-1, max-image-preview:large, max-video-preview:-1\" \/>\n<link rel=\"canonical\" href=\"https:\/\/lasentinelle.dz\/index.php\/2022\/12\/18\/le-secteur-travaille-serieusement-sur-les-interconnexions-electriques-avec-leurope-lalgerie-simpose-en-hub-energetique-majeur\/\" \/>\n<meta property=\"og:locale\" content=\"fr_FR\" \/>\n<meta property=\"og:type\" content=\"article\" \/>\n<meta property=\"og:title\" content=\"Le secteur travaille s\u00e9rieusement sur les interconnexions \u00e9lectriques avec l\u2019Europe\u00a0: L\u2019Alg\u00e9rie s\u2019impose en hub \u00e9nerg\u00e9tique majeur - La Sentinelle\" \/>\n<meta property=\"og:description\" content=\"Le ministre de l\u2019\u00c9nergie et des Mines, Mohamed Arkab a indiqu\u00e9 hier que l\u2019Alg\u00e9rie se penche s\u00e9rieusement sur le projet\" \/>\n<meta property=\"og:url\" content=\"https:\/\/lasentinelle.dz\/index.php\/2022\/12\/18\/le-secteur-travaille-serieusement-sur-les-interconnexions-electriques-avec-leurope-lalgerie-simpose-en-hub-energetique-majeur\/\" \/>\n<meta property=\"og:site_name\" content=\"La Sentinelle\" \/>\n<meta property=\"article:publisher\" content=\"https:\/\/www.facebook.com\/La-Sentinelle-104059864394773\" \/>\n<meta property=\"article:published_time\" content=\"2022-12-18T21:15:00+00:00\" \/>\n<meta property=\"og:image\" content=\"https:\/\/lasentinelle.dz\/wp-content\/uploads\/2022\/12\/audience-1.png\" \/>\n\t<meta property=\"og:image:width\" content=\"1600\" \/>\n\t<meta property=\"og:image:height\" content=\"900\" \/>\n\t<meta property=\"og:image:type\" content=\"image\/png\" \/>\n<meta name=\"author\" content=\"La Sentinelle\" \/>\n<meta name=\"twitter:card\" content=\"summary_large_image\" \/>\n<meta name=\"twitter:label1\" content=\"\u00c9crit par\" \/>\n\t<meta name=\"twitter:data1\" content=\"La Sentinelle\" \/>\n\t<meta name=\"twitter:label2\" content=\"Dur\u00e9e de lecture estim\u00e9e\" \/>\n\t<meta name=\"twitter:data2\" content=\"3 minutes\" \/>\n<script type=\"application\/ld+json\" class=\"yoast-schema-graph\">{\"@context\":\"https:\\\/\\\/schema.org\",\"@graph\":[{\"@type\":\"Article\",\"@id\":\"https:\\\/\\\/lasentinelle.dz\\\/index.php\\\/2022\\\/12\\\/18\\\/le-secteur-travaille-serieusement-sur-les-interconnexions-electriques-avec-leurope-lalgerie-simpose-en-hub-energetique-majeur\\\/#article\",\"isPartOf\":{\"@id\":\"https:\\\/\\\/lasentinelle.dz\\\/index.php\\\/2022\\\/12\\\/18\\\/le-secteur-travaille-serieusement-sur-les-interconnexions-electriques-avec-leurope-lalgerie-simpose-en-hub-energetique-majeur\\\/\"},\"author\":{\"name\":\"La Sentinelle\",\"@id\":\"https:\\\/\\\/lasentinelle.dz\\\/#\\\/schema\\\/person\\\/d865044e22e70a75174ce8bcad3acfb3\"},\"headline\":\"Le secteur travaille s\u00e9rieusement sur les interconnexions \u00e9lectriques avec l\u2019Europe\u00a0: L\u2019Alg\u00e9rie s\u2019impose en hub \u00e9nerg\u00e9tique majeur\",\"datePublished\":\"2022-12-18T21:15:00+00:00\",\"mainEntityOfPage\":{\"@id\":\"https:\\\/\\\/lasentinelle.dz\\\/index.php\\\/2022\\\/12\\\/18\\\/le-secteur-travaille-serieusement-sur-les-interconnexions-electriques-avec-leurope-lalgerie-simpose-en-hub-energetique-majeur\\\/\"},\"wordCount\":690,\"commentCount\":0,\"publisher\":{\"@id\":\"https:\\\/\\\/lasentinelle.dz\\\/#organization\"},\"image\":{\"@id\":\"https:\\\/\\\/lasentinelle.dz\\\/index.php\\\/2022\\\/12\\\/18\\\/le-secteur-travaille-serieusement-sur-les-interconnexions-electriques-avec-leurope-lalgerie-simpose-en-hub-energetique-majeur\\\/#primaryimage\"},\"thumbnailUrl\":\"https:\\\/\\\/lasentinelle.dz\\\/wp-content\\\/uploads\\\/2022\\\/12\\\/audience-1.png\",\"articleSection\":[\"\u00c0 la Une\",\"\u00c9conomie\"],\"inLanguage\":\"fr-FR\",\"potentialAction\":[{\"@type\":\"CommentAction\",\"name\":\"Comment\",\"target\":[\"https:\\\/\\\/lasentinelle.dz\\\/index.php\\\/2022\\\/12\\\/18\\\/le-secteur-travaille-serieusement-sur-les-interconnexions-electriques-avec-leurope-lalgerie-simpose-en-hub-energetique-majeur\\\/#respond\"]}]},{\"@type\":\"WebPage\",\"@id\":\"https:\\\/\\\/lasentinelle.dz\\\/index.php\\\/2022\\\/12\\\/18\\\/le-secteur-travaille-serieusement-sur-les-interconnexions-electriques-avec-leurope-lalgerie-simpose-en-hub-energetique-majeur\\\/\",\"url\":\"https:\\\/\\\/lasentinelle.dz\\\/index.php\\\/2022\\\/12\\\/18\\\/le-secteur-travaille-serieusement-sur-les-interconnexions-electriques-avec-leurope-lalgerie-simpose-en-hub-energetique-majeur\\\/\",\"name\":\"Le secteur travaille s\u00e9rieusement sur les interconnexions \u00e9lectriques avec l\u2019Europe\u00a0: L\u2019Alg\u00e9rie s\u2019impose en hub \u00e9nerg\u00e9tique majeur - La Sentinelle\",\"isPartOf\":{\"@id\":\"https:\\\/\\\/lasentinelle.dz\\\/#website\"},\"primaryImageOfPage\":{\"@id\":\"https:\\\/\\\/lasentinelle.dz\\\/index.php\\\/2022\\\/12\\\/18\\\/le-secteur-travaille-serieusement-sur-les-interconnexions-electriques-avec-leurope-lalgerie-simpose-en-hub-energetique-majeur\\\/#primaryimage\"},\"image\":{\"@id\":\"https:\\\/\\\/lasentinelle.dz\\\/index.php\\\/2022\\\/12\\\/18\\\/le-secteur-travaille-serieusement-sur-les-interconnexions-electriques-avec-leurope-lalgerie-simpose-en-hub-energetique-majeur\\\/#primaryimage\"},\"thumbnailUrl\":\"https:\\\/\\\/lasentinelle.dz\\\/wp-content\\\/uploads\\\/2022\\\/12\\\/audience-1.png\",\"datePublished\":\"2022-12-18T21:15:00+00:00\",\"breadcrumb\":{\"@id\":\"https:\\\/\\\/lasentinelle.dz\\\/index.php\\\/2022\\\/12\\\/18\\\/le-secteur-travaille-serieusement-sur-les-interconnexions-electriques-avec-leurope-lalgerie-simpose-en-hub-energetique-majeur\\\/#breadcrumb\"},\"inLanguage\":\"fr-FR\",\"potentialAction\":[{\"@type\":\"ReadAction\",\"target\":[\"https:\\\/\\\/lasentinelle.dz\\\/index.php\\\/2022\\\/12\\\/18\\\/le-secteur-travaille-serieusement-sur-les-interconnexions-electriques-avec-leurope-lalgerie-simpose-en-hub-energetique-majeur\\\/\"]}]},{\"@type\":\"ImageObject\",\"inLanguage\":\"fr-FR\",\"@id\":\"https:\\\/\\\/lasentinelle.dz\\\/index.php\\\/2022\\\/12\\\/18\\\/le-secteur-travaille-serieusement-sur-les-interconnexions-electriques-avec-leurope-lalgerie-simpose-en-hub-energetique-majeur\\\/#primaryimage\",\"url\":\"https:\\\/\\\/lasentinelle.dz\\\/wp-content\\\/uploads\\\/2022\\\/12\\\/audience-1.png\",\"contentUrl\":\"https:\\\/\\\/lasentinelle.dz\\\/wp-content\\\/uploads\\\/2022\\\/12\\\/audience-1.png\",\"width\":1600,\"height\":900},{\"@type\":\"BreadcrumbList\",\"@id\":\"https:\\\/\\\/lasentinelle.dz\\\/index.php\\\/2022\\\/12\\\/18\\\/le-secteur-travaille-serieusement-sur-les-interconnexions-electriques-avec-leurope-lalgerie-simpose-en-hub-energetique-majeur\\\/#breadcrumb\",\"itemListElement\":[{\"@type\":\"ListItem\",\"position\":1,\"name\":\"Accueil\",\"item\":\"https:\\\/\\\/lasentinelle.dz\\\/\"},{\"@type\":\"ListItem\",\"position\":2,\"name\":\"Le secteur travaille s\u00e9rieusement sur les interconnexions \u00e9lectriques avec l\u2019Europe\u00a0: L\u2019Alg\u00e9rie s\u2019impose en hub \u00e9nerg\u00e9tique majeur\"}]},{\"@type\":\"WebSite\",\"@id\":\"https:\\\/\\\/lasentinelle.dz\\\/#website\",\"url\":\"https:\\\/\\\/lasentinelle.dz\\\/\",\"name\":\"La Sentinelle\",\"description\":\"Quotidien national d&#039;information\",\"publisher\":{\"@id\":\"https:\\\/\\\/lasentinelle.dz\\\/#organization\"},\"potentialAction\":[{\"@type\":\"SearchAction\",\"target\":{\"@type\":\"EntryPoint\",\"urlTemplate\":\"https:\\\/\\\/lasentinelle.dz\\\/?s={search_term_string}\"},\"query-input\":{\"@type\":\"PropertyValueSpecification\",\"valueRequired\":true,\"valueName\":\"search_term_string\"}}],\"inLanguage\":\"fr-FR\"},{\"@type\":\"Organization\",\"@id\":\"https:\\\/\\\/lasentinelle.dz\\\/#organization\",\"name\":\"Quotidien La Sentinelle\",\"url\":\"https:\\\/\\\/lasentinelle.dz\\\/\",\"logo\":{\"@type\":\"ImageObject\",\"inLanguage\":\"fr-FR\",\"@id\":\"https:\\\/\\\/lasentinelle.dz\\\/#\\\/schema\\\/logo\\\/image\\\/\",\"url\":\"https:\\\/\\\/lasentinelle.dz\\\/wp-content\\\/uploads\\\/2021\\\/09\\\/logo-sentinelleSLOGAN-1.png\",\"contentUrl\":\"https:\\\/\\\/lasentinelle.dz\\\/wp-content\\\/uploads\\\/2021\\\/09\\\/logo-sentinelleSLOGAN-1.png\",\"width\":615,\"height\":142,\"caption\":\"Quotidien La Sentinelle\"},\"image\":{\"@id\":\"https:\\\/\\\/lasentinelle.dz\\\/#\\\/schema\\\/logo\\\/image\\\/\"},\"sameAs\":[\"https:\\\/\\\/www.facebook.com\\\/La-Sentinelle-104059864394773\"]},{\"@type\":\"Person\",\"@id\":\"https:\\\/\\\/lasentinelle.dz\\\/#\\\/schema\\\/person\\\/d865044e22e70a75174ce8bcad3acfb3\",\"name\":\"La Sentinelle\",\"image\":{\"@type\":\"ImageObject\",\"inLanguage\":\"fr-FR\",\"@id\":\"https:\\\/\\\/secure.gravatar.com\\\/avatar\\\/57de8e5d4b15d43fb361a71fbb36338450fe67865b528a43dd10ef7c51a20392?s=96&d=mm&r=g\",\"url\":\"https:\\\/\\\/secure.gravatar.com\\\/avatar\\\/57de8e5d4b15d43fb361a71fbb36338450fe67865b528a43dd10ef7c51a20392?s=96&d=mm&r=g\",\"contentUrl\":\"https:\\\/\\\/secure.gravatar.com\\\/avatar\\\/57de8e5d4b15d43fb361a71fbb36338450fe67865b528a43dd10ef7c51a20392?s=96&d=mm&r=g\",\"caption\":\"La Sentinelle\"},\"sameAs\":[\"http:\\\/\\\/www.lasentinelle.dz\"],\"url\":\"https:\\\/\\\/lasentinelle.dz\\\/author\\\/redaction\\\/\"}]}<\/script>\n<!-- \/ Yoast SEO plugin. -->","yoast_head_json":{"title":"Le secteur travaille s\u00e9rieusement sur les interconnexions \u00e9lectriques avec l\u2019Europe\u00a0: L\u2019Alg\u00e9rie s\u2019impose en hub \u00e9nerg\u00e9tique majeur - La Sentinelle","robots":{"index":"index","follow":"follow","max-snippet":"max-snippet:-1","max-image-preview":"max-image-preview:large","max-video-preview":"max-video-preview:-1"},"canonical":"https:\/\/lasentinelle.dz\/index.php\/2022\/12\/18\/le-secteur-travaille-serieusement-sur-les-interconnexions-electriques-avec-leurope-lalgerie-simpose-en-hub-energetique-majeur\/","og_locale":"fr_FR","og_type":"article","og_title":"Le secteur travaille s\u00e9rieusement sur les interconnexions \u00e9lectriques avec l\u2019Europe\u00a0: L\u2019Alg\u00e9rie s\u2019impose en hub \u00e9nerg\u00e9tique majeur - La Sentinelle","og_description":"Le ministre de l\u2019\u00c9nergie et des Mines, Mohamed Arkab a indiqu\u00e9 hier que l\u2019Alg\u00e9rie se penche s\u00e9rieusement sur le projet","og_url":"https:\/\/lasentinelle.dz\/index.php\/2022\/12\/18\/le-secteur-travaille-serieusement-sur-les-interconnexions-electriques-avec-leurope-lalgerie-simpose-en-hub-energetique-majeur\/","og_site_name":"La Sentinelle","article_publisher":"https:\/\/www.facebook.com\/La-Sentinelle-104059864394773","article_published_time":"2022-12-18T21:15:00+00:00","og_image":[{"width":1600,"height":900,"url":"https:\/\/lasentinelle.dz\/wp-content\/uploads\/2022\/12\/audience-1.png","type":"image\/png"}],"author":"La Sentinelle","twitter_card":"summary_large_image","twitter_misc":{"\u00c9crit par":"La Sentinelle","Dur\u00e9e de lecture estim\u00e9e":"3 minutes"},"schema":{"@context":"https:\/\/schema.org","@graph":[{"@type":"Article","@id":"https:\/\/lasentinelle.dz\/index.php\/2022\/12\/18\/le-secteur-travaille-serieusement-sur-les-interconnexions-electriques-avec-leurope-lalgerie-simpose-en-hub-energetique-majeur\/#article","isPartOf":{"@id":"https:\/\/lasentinelle.dz\/index.php\/2022\/12\/18\/le-secteur-travaille-serieusement-sur-les-interconnexions-electriques-avec-leurope-lalgerie-simpose-en-hub-energetique-majeur\/"},"author":{"name":"La Sentinelle","@id":"https:\/\/lasentinelle.dz\/#\/schema\/person\/d865044e22e70a75174ce8bcad3acfb3"},"headline":"Le secteur travaille s\u00e9rieusement sur les interconnexions \u00e9lectriques avec l\u2019Europe\u00a0: L\u2019Alg\u00e9rie s\u2019impose en hub \u00e9nerg\u00e9tique majeur","datePublished":"2022-12-18T21:15:00+00:00","mainEntityOfPage":{"@id":"https:\/\/lasentinelle.dz\/index.php\/2022\/12\/18\/le-secteur-travaille-serieusement-sur-les-interconnexions-electriques-avec-leurope-lalgerie-simpose-en-hub-energetique-majeur\/"},"wordCount":690,"commentCount":0,"publisher":{"@id":"https:\/\/lasentinelle.dz\/#organization"},"image":{"@id":"https:\/\/lasentinelle.dz\/index.php\/2022\/12\/18\/le-secteur-travaille-serieusement-sur-les-interconnexions-electriques-avec-leurope-lalgerie-simpose-en-hub-energetique-majeur\/#primaryimage"},"thumbnailUrl":"https:\/\/lasentinelle.dz\/wp-content\/uploads\/2022\/12\/audience-1.png","articleSection":["\u00c0 la Une","\u00c9conomie"],"inLanguage":"fr-FR","potentialAction":[{"@type":"CommentAction","name":"Comment","target":["https:\/\/lasentinelle.dz\/index.php\/2022\/12\/18\/le-secteur-travaille-serieusement-sur-les-interconnexions-electriques-avec-leurope-lalgerie-simpose-en-hub-energetique-majeur\/#respond"]}]},{"@type":"WebPage","@id":"https:\/\/lasentinelle.dz\/index.php\/2022\/12\/18\/le-secteur-travaille-serieusement-sur-les-interconnexions-electriques-avec-leurope-lalgerie-simpose-en-hub-energetique-majeur\/","url":"https:\/\/lasentinelle.dz\/index.php\/2022\/12\/18\/le-secteur-travaille-serieusement-sur-les-interconnexions-electriques-avec-leurope-lalgerie-simpose-en-hub-energetique-majeur\/","name":"Le secteur travaille s\u00e9rieusement sur les interconnexions \u00e9lectriques avec l\u2019Europe\u00a0: L\u2019Alg\u00e9rie s\u2019impose en hub \u00e9nerg\u00e9tique majeur - La Sentinelle","isPartOf":{"@id":"https:\/\/lasentinelle.dz\/#website"},"primaryImageOfPage":{"@id":"https:\/\/lasentinelle.dz\/index.php\/2022\/12\/18\/le-secteur-travaille-serieusement-sur-les-interconnexions-electriques-avec-leurope-lalgerie-simpose-en-hub-energetique-majeur\/#primaryimage"},"image":{"@id":"https:\/\/lasentinelle.dz\/index.php\/2022\/12\/18\/le-secteur-travaille-serieusement-sur-les-interconnexions-electriques-avec-leurope-lalgerie-simpose-en-hub-energetique-majeur\/#primaryimage"},"thumbnailUrl":"https:\/\/lasentinelle.dz\/wp-content\/uploads\/2022\/12\/audience-1.png","datePublished":"2022-12-18T21:15:00+00:00","breadcrumb":{"@id":"https:\/\/lasentinelle.dz\/index.php\/2022\/12\/18\/le-secteur-travaille-serieusement-sur-les-interconnexions-electriques-avec-leurope-lalgerie-simpose-en-hub-energetique-majeur\/#breadcrumb"},"inLanguage":"fr-FR","potentialAction":[{"@type":"ReadAction","target":["https:\/\/lasentinelle.dz\/index.php\/2022\/12\/18\/le-secteur-travaille-serieusement-sur-les-interconnexions-electriques-avec-leurope-lalgerie-simpose-en-hub-energetique-majeur\/"]}]},{"@type":"ImageObject","inLanguage":"fr-FR","@id":"https:\/\/lasentinelle.dz\/index.php\/2022\/12\/18\/le-secteur-travaille-serieusement-sur-les-interconnexions-electriques-avec-leurope-lalgerie-simpose-en-hub-energetique-majeur\/#primaryimage","url":"https:\/\/lasentinelle.dz\/wp-content\/uploads\/2022\/12\/audience-1.png","contentUrl":"https:\/\/lasentinelle.dz\/wp-content\/uploads\/2022\/12\/audience-1.png","width":1600,"height":900},{"@type":"BreadcrumbList","@id":"https:\/\/lasentinelle.dz\/index.php\/2022\/12\/18\/le-secteur-travaille-serieusement-sur-les-interconnexions-electriques-avec-leurope-lalgerie-simpose-en-hub-energetique-majeur\/#breadcrumb","itemListElement":[{"@type":"ListItem","position":1,"name":"Accueil","item":"https:\/\/lasentinelle.dz\/"},{"@type":"ListItem","position":2,"name":"Le secteur travaille s\u00e9rieusement sur les interconnexions \u00e9lectriques avec l\u2019Europe\u00a0: L\u2019Alg\u00e9rie s\u2019impose en hub \u00e9nerg\u00e9tique majeur"}]},{"@type":"WebSite","@id":"https:\/\/lasentinelle.dz\/#website","url":"https:\/\/lasentinelle.dz\/","name":"La Sentinelle","description":"Quotidien national d&#039;information","publisher":{"@id":"https:\/\/lasentinelle.dz\/#organization"},"potentialAction":[{"@type":"SearchAction","target":{"@type":"EntryPoint","urlTemplate":"https:\/\/lasentinelle.dz\/?s={search_term_string}"},"query-input":{"@type":"PropertyValueSpecification","valueRequired":true,"valueName":"search_term_string"}}],"inLanguage":"fr-FR"},{"@type":"Organization","@id":"https:\/\/lasentinelle.dz\/#organization","name":"Quotidien La Sentinelle","url":"https:\/\/lasentinelle.dz\/","logo":{"@type":"ImageObject","inLanguage":"fr-FR","@id":"https:\/\/lasentinelle.dz\/#\/schema\/logo\/image\/","url":"https:\/\/lasentinelle.dz\/wp-content\/uploads\/2021\/09\/logo-sentinelleSLOGAN-1.png","contentUrl":"https:\/\/lasentinelle.dz\/wp-content\/uploads\/2021\/09\/logo-sentinelleSLOGAN-1.png","width":615,"height":142,"caption":"Quotidien La Sentinelle"},"image":{"@id":"https:\/\/lasentinelle.dz\/#\/schema\/logo\/image\/"},"sameAs":["https:\/\/www.facebook.com\/La-Sentinelle-104059864394773"]},{"@type":"Person","@id":"https:\/\/lasentinelle.dz\/#\/schema\/person\/d865044e22e70a75174ce8bcad3acfb3","name":"La Sentinelle","image":{"@type":"ImageObject","inLanguage":"fr-FR","@id":"https:\/\/secure.gravatar.com\/avatar\/57de8e5d4b15d43fb361a71fbb36338450fe67865b528a43dd10ef7c51a20392?s=96&d=mm&r=g","url":"https:\/\/secure.gravatar.com\/avatar\/57de8e5d4b15d43fb361a71fbb36338450fe67865b528a43dd10ef7c51a20392?s=96&d=mm&r=g","contentUrl":"https:\/\/secure.gravatar.com\/avatar\/57de8e5d4b15d43fb361a71fbb36338450fe67865b528a43dd10ef7c51a20392?s=96&d=mm&r=g","caption":"La Sentinelle"},"sameAs":["http:\/\/www.lasentinelle.dz"],"url":"https:\/\/lasentinelle.dz\/author\/redaction\/"}]}},"_links":{"self":[{"href":"https:\/\/lasentinelle.dz\/index.php\/wp-json\/wp\/v2\/posts\/32811","targetHints":{"allow":["GET"]}}],"collection":[{"href":"https:\/\/lasentinelle.dz\/index.php\/wp-json\/wp\/v2\/posts"}],"about":[{"href":"https:\/\/lasentinelle.dz\/index.php\/wp-json\/wp\/v2\/types\/post"}],"author":[{"embeddable":true,"href":"https:\/\/lasentinelle.dz\/index.php\/wp-json\/wp\/v2\/users\/3"}],"replies":[{"embeddable":true,"href":"https:\/\/lasentinelle.dz\/index.php\/wp-json\/wp\/v2\/comments?post=32811"}],"version-history":[{"count":2,"href":"https:\/\/lasentinelle.dz\/index.php\/wp-json\/wp\/v2\/posts\/32811\/revisions"}],"predecessor-version":[{"id":32825,"href":"https:\/\/lasentinelle.dz\/index.php\/wp-json\/wp\/v2\/posts\/32811\/revisions\/32825"}],"wp:featuredmedia":[{"embeddable":true,"href":"https:\/\/lasentinelle.dz\/index.php\/wp-json\/wp\/v2\/media\/32812"}],"wp:attachment":[{"href":"https:\/\/lasentinelle.dz\/index.php\/wp-json\/wp\/v2\/media?parent=32811"}],"wp:term":[{"taxonomy":"category","embeddable":true,"href":"https:\/\/lasentinelle.dz\/index.php\/wp-json\/wp\/v2\/categories?post=32811"},{"taxonomy":"post_tag","embeddable":true,"href":"https:\/\/lasentinelle.dz\/index.php\/wp-json\/wp\/v2\/tags?post=32811"}],"curies":[{"name":"wp","href":"https:\/\/api.w.org\/{rel}","templated":true}]}}