{"id":32819,"date":"2022-12-18T22:05:00","date_gmt":"2022-12-18T21:05:00","guid":{"rendered":"https:\/\/lasentinelle.dz\/?p=32819"},"modified":"2022-12-18T20:36:46","modified_gmt":"2022-12-18T19:36:46","slug":"ceremonie-de-cloture-du-mondial-qatari-une-fin-en-apotheose-pour-un-tournoi-atypique","status":"publish","type":"post","link":"https:\/\/lasentinelle.dz\/index.php\/2022\/12\/18\/ceremonie-de-cloture-du-mondial-qatari-une-fin-en-apotheose-pour-un-tournoi-atypique\/","title":{"rendered":"C\u00e9r\u00e9monie de cl\u00f4ture du Mondial qatari\u00a0: Une fin en apoth\u00e9ose pour un tournoi atypique"},"content":{"rendered":"\n<p>La c\u00e9r\u00e9monie de cl\u00f4ture du tournoi le plus prestigieux de la plan\u00e8te football a \u00e9t\u00e9 \u00e0 la mesure d\u2019un \u00e9v\u00e9nement atypique, le premier \u00e0 se tenir dans un pays arabe. Le Qatar a d\u2019ailleurs mis les moyens pour organiser une c\u00e9r\u00e9monie grandiose laquelle a mis le feu dans le stade de Lusail juste avant le coup d\u2019envoi d\u2019une finale d\u2019anthologie entre l\u2019Argentine qui a chip\u00e9 le titre \u00e0 la France.<\/p>\n\n\n\n<p>Le spectacle a d\u00e9marr\u00e9 \u00e0 14 h 57. Pendant une dizaine de minutes, plusieurs chansons de la bande-son officielle de la Coupe du monde Qatar ont \u00e9t\u00e9 interpr\u00e9t\u00e9es par plusieurs artistes arabes e internationaux &nbsp;Aisha, Ozuna, Maitre Gims, Nora Fatehi, Balqees, Rahma Riad et Manal. Parmi les titres qui ont r\u00e9sonn\u00e9 dans le stade Lusail : Hayya Hayya (Better Together), Arhbo et Light the Sky.Le tableau de cette c\u00e9r\u00e9monie de cl\u00f4ture s\u2019est ouvert sur Aisha, chanteuse qatarie. Elle a \u00e9t\u00e9 rejointe sur sc\u00e8ne par la chanteuse \u00e9miratie Balqees et l\u2019Am\u00e9ricain Davido.Pendant ce temps, des ballons repr\u00e9sentant l\u2019ensemble des 32 \u00e9quipes pr\u00e9sentes au Qatar ont \u00e9t\u00e9 port\u00e9s sur la pelouse. Ceux repr\u00e9sentant les drapeaux argentin et fran\u00e7ais se sont ensuite \u00e9lev\u00e9s dans le ciel du stade Lusail.<\/p>\n\n\n\n<p>Sur sc\u00e8ne, la superstar irakienne Rahma Riad et Manal ont fait leur apparition. Suivies du chanteur francophone Ma\u00eetre Gims et de la superstar portoricaine Ozuna.Le tableau a ensuite pris une nouvelle tournure avec l\u2019apparition d\u2019une centaine de danseurs tenant des lumi\u00e8res dans leurs mains.Pour finir, le stade Lusail s\u2019est embras\u00e9 avec un feu d\u2019artifice tir\u00e9 depuis le toit de l\u2019enceinte. Les spectateurs d\u00e9j\u00e0 pr\u00e9sents sur place ont applaudi, les dizaines de milliers d\u2019Argentins, en sup\u00e9riorit\u00e9 num\u00e9rique, se faisant particuli\u00e8rement audibles.<\/p>\n\n\n\n<p>R.S.<\/p>\n","protected":false},"excerpt":{"rendered":"<p>La c\u00e9r\u00e9monie de cl\u00f4ture du tournoi le plus prestigieux de la plan\u00e8te football a \u00e9t\u00e9 \u00e0 la mesure d\u2019un \u00e9v\u00e9nement<\/p>\n","protected":false},"author":3,"featured_media":32834,"comment_status":"open","ping_status":"closed","sticky":false,"template":"","format":"standard","meta":{"colormag_page_container_layout":"default_layout","colormag_page_sidebar_layout":"default_layout","om_disable_all_campaigns":false,"_monsterinsights_skip_tracking":false,"_monsterinsights_sitenote_active":false,"_monsterinsights_sitenote_note":"","_monsterinsights_sitenote_category":0,"footnotes":"","_wpscppro_dont_share_socialmedia":false,"_wpscppro_custom_social_share_image":0,"_facebook_share_type":"","_twitter_share_type":"","_linkedin_share_type":"","_pinterest_share_type":"","_linkedin_share_type_page":"","_instagram_share_type":"","_medium_share_type":"","_threads_share_type":"","_google_business_share_type":"","_selected_social_profile":[],"_wpsp_enable_custom_social_template":false,"_wpsp_social_scheduling":{"enabled":false,"datetime":null,"platforms":[],"status":"template_only","dateOption":"today","timeOption":"now","customDays":"","customHours":"","customDate":"","customTime":"","schedulingType":"absolute"},"_wpsp_active_default_template":true},"categories":[33],"tags":[],"class_list":["post-32819","post","type-post","status-publish","format-standard","has-post-thumbnail","hentry","category-sports"],"aioseo_notices":[],"yoast_head":"<!-- This site is optimized with the Yoast SEO plugin v27.5 - https:\/\/yoast.com\/product\/yoast-seo-wordpress\/ -->\n<title>C\u00e9r\u00e9monie de cl\u00f4ture du Mondial qatari\u00a0: Une fin en apoth\u00e9ose pour un tournoi atypique - La Sentinelle<\/title>\n<meta name=\"robots\" content=\"index, follow, max-snippet:-1, max-image-preview:large, max-video-preview:-1\" \/>\n<link rel=\"canonical\" href=\"https:\/\/lasentinelle.dz\/index.php\/2022\/12\/18\/ceremonie-de-cloture-du-mondial-qatari-une-fin-en-apotheose-pour-un-tournoi-atypique\/\" \/>\n<meta property=\"og:locale\" content=\"fr_FR\" \/>\n<meta property=\"og:type\" content=\"article\" \/>\n<meta property=\"og:title\" content=\"C\u00e9r\u00e9monie de cl\u00f4ture du Mondial qatari\u00a0: Une fin en apoth\u00e9ose pour un tournoi atypique - La Sentinelle\" \/>\n<meta property=\"og:description\" content=\"La c\u00e9r\u00e9monie de cl\u00f4ture du tournoi le plus prestigieux de la plan\u00e8te football a \u00e9t\u00e9 \u00e0 la mesure d\u2019un \u00e9v\u00e9nement\" \/>\n<meta property=\"og:url\" content=\"https:\/\/lasentinelle.dz\/index.php\/2022\/12\/18\/ceremonie-de-cloture-du-mondial-qatari-une-fin-en-apotheose-pour-un-tournoi-atypique\/\" \/>\n<meta property=\"og:site_name\" content=\"La Sentinelle\" \/>\n<meta property=\"article:publisher\" content=\"https:\/\/www.facebook.com\/La-Sentinelle-104059864394773\" \/>\n<meta property=\"article:published_time\" content=\"2022-12-18T21:05:00+00:00\" \/>\n<meta property=\"og:image\" content=\"https:\/\/lasentinelle.dz\/wp-content\/uploads\/2022\/12\/ceremonie.jpeg\" \/>\n\t<meta property=\"og:image:width\" content=\"940\" \/>\n\t<meta property=\"og:image:height\" content=\"626\" \/>\n\t<meta property=\"og:image:type\" content=\"image\/jpeg\" \/>\n<meta name=\"author\" content=\"La Sentinelle\" \/>\n<meta name=\"twitter:card\" content=\"summary_large_image\" \/>\n<meta name=\"twitter:label1\" content=\"\u00c9crit par\" \/>\n\t<meta name=\"twitter:data1\" content=\"La Sentinelle\" \/>\n\t<meta name=\"twitter:label2\" content=\"Dur\u00e9e de lecture estim\u00e9e\" \/>\n\t<meta name=\"twitter:data2\" content=\"2 minutes\" \/>\n<script type=\"application\/ld+json\" class=\"yoast-schema-graph\">{\"@context\":\"https:\\\/\\\/schema.org\",\"@graph\":[{\"@type\":\"Article\",\"@id\":\"https:\\\/\\\/lasentinelle.dz\\\/index.php\\\/2022\\\/12\\\/18\\\/ceremonie-de-cloture-du-mondial-qatari-une-fin-en-apotheose-pour-un-tournoi-atypique\\\/#article\",\"isPartOf\":{\"@id\":\"https:\\\/\\\/lasentinelle.dz\\\/index.php\\\/2022\\\/12\\\/18\\\/ceremonie-de-cloture-du-mondial-qatari-une-fin-en-apotheose-pour-un-tournoi-atypique\\\/\"},\"author\":{\"name\":\"La Sentinelle\",\"@id\":\"https:\\\/\\\/lasentinelle.dz\\\/#\\\/schema\\\/person\\\/d865044e22e70a75174ce8bcad3acfb3\"},\"headline\":\"C\u00e9r\u00e9monie de cl\u00f4ture du Mondial qatari\u00a0: Une fin en apoth\u00e9ose pour un tournoi atypique\",\"datePublished\":\"2022-12-18T21:05:00+00:00\",\"mainEntityOfPage\":{\"@id\":\"https:\\\/\\\/lasentinelle.dz\\\/index.php\\\/2022\\\/12\\\/18\\\/ceremonie-de-cloture-du-mondial-qatari-une-fin-en-apotheose-pour-un-tournoi-atypique\\\/\"},\"wordCount\":338,\"commentCount\":0,\"publisher\":{\"@id\":\"https:\\\/\\\/lasentinelle.dz\\\/#organization\"},\"image\":{\"@id\":\"https:\\\/\\\/lasentinelle.dz\\\/index.php\\\/2022\\\/12\\\/18\\\/ceremonie-de-cloture-du-mondial-qatari-une-fin-en-apotheose-pour-un-tournoi-atypique\\\/#primaryimage\"},\"thumbnailUrl\":\"https:\\\/\\\/lasentinelle.dz\\\/wp-content\\\/uploads\\\/2022\\\/12\\\/ceremonie.jpeg\",\"articleSection\":[\"Sports\"],\"inLanguage\":\"fr-FR\",\"potentialAction\":[{\"@type\":\"CommentAction\",\"name\":\"Comment\",\"target\":[\"https:\\\/\\\/lasentinelle.dz\\\/index.php\\\/2022\\\/12\\\/18\\\/ceremonie-de-cloture-du-mondial-qatari-une-fin-en-apotheose-pour-un-tournoi-atypique\\\/#respond\"]}]},{\"@type\":\"WebPage\",\"@id\":\"https:\\\/\\\/lasentinelle.dz\\\/index.php\\\/2022\\\/12\\\/18\\\/ceremonie-de-cloture-du-mondial-qatari-une-fin-en-apotheose-pour-un-tournoi-atypique\\\/\",\"url\":\"https:\\\/\\\/lasentinelle.dz\\\/index.php\\\/2022\\\/12\\\/18\\\/ceremonie-de-cloture-du-mondial-qatari-une-fin-en-apotheose-pour-un-tournoi-atypique\\\/\",\"name\":\"C\u00e9r\u00e9monie de cl\u00f4ture du Mondial qatari\u00a0: Une fin en apoth\u00e9ose pour un tournoi atypique - La Sentinelle\",\"isPartOf\":{\"@id\":\"https:\\\/\\\/lasentinelle.dz\\\/#website\"},\"primaryImageOfPage\":{\"@id\":\"https:\\\/\\\/lasentinelle.dz\\\/index.php\\\/2022\\\/12\\\/18\\\/ceremonie-de-cloture-du-mondial-qatari-une-fin-en-apotheose-pour-un-tournoi-atypique\\\/#primaryimage\"},\"image\":{\"@id\":\"https:\\\/\\\/lasentinelle.dz\\\/index.php\\\/2022\\\/12\\\/18\\\/ceremonie-de-cloture-du-mondial-qatari-une-fin-en-apotheose-pour-un-tournoi-atypique\\\/#primaryimage\"},\"thumbnailUrl\":\"https:\\\/\\\/lasentinelle.dz\\\/wp-content\\\/uploads\\\/2022\\\/12\\\/ceremonie.jpeg\",\"datePublished\":\"2022-12-18T21:05:00+00:00\",\"breadcrumb\":{\"@id\":\"https:\\\/\\\/lasentinelle.dz\\\/index.php\\\/2022\\\/12\\\/18\\\/ceremonie-de-cloture-du-mondial-qatari-une-fin-en-apotheose-pour-un-tournoi-atypique\\\/#breadcrumb\"},\"inLanguage\":\"fr-FR\",\"potentialAction\":[{\"@type\":\"ReadAction\",\"target\":[\"https:\\\/\\\/lasentinelle.dz\\\/index.php\\\/2022\\\/12\\\/18\\\/ceremonie-de-cloture-du-mondial-qatari-une-fin-en-apotheose-pour-un-tournoi-atypique\\\/\"]}]},{\"@type\":\"ImageObject\",\"inLanguage\":\"fr-FR\",\"@id\":\"https:\\\/\\\/lasentinelle.dz\\\/index.php\\\/2022\\\/12\\\/18\\\/ceremonie-de-cloture-du-mondial-qatari-une-fin-en-apotheose-pour-un-tournoi-atypique\\\/#primaryimage\",\"url\":\"https:\\\/\\\/lasentinelle.dz\\\/wp-content\\\/uploads\\\/2022\\\/12\\\/ceremonie.jpeg\",\"contentUrl\":\"https:\\\/\\\/lasentinelle.dz\\\/wp-content\\\/uploads\\\/2022\\\/12\\\/ceremonie.jpeg\",\"width\":940,\"height\":626,\"caption\":\"Fireworks go off as artists perform during the closing ceremony of the Qatar 2022 World Cup ahead of the football final match between Argentina and France at Lusail Stadium in Lusail, north of Doha on December 18, 2022. (Photo by Odd ANDERSEN \\\/ AFP)\"},{\"@type\":\"BreadcrumbList\",\"@id\":\"https:\\\/\\\/lasentinelle.dz\\\/index.php\\\/2022\\\/12\\\/18\\\/ceremonie-de-cloture-du-mondial-qatari-une-fin-en-apotheose-pour-un-tournoi-atypique\\\/#breadcrumb\",\"itemListElement\":[{\"@type\":\"ListItem\",\"position\":1,\"name\":\"Accueil\",\"item\":\"https:\\\/\\\/lasentinelle.dz\\\/\"},{\"@type\":\"ListItem\",\"position\":2,\"name\":\"C\u00e9r\u00e9monie de cl\u00f4ture du Mondial qatari\u00a0: Une fin en apoth\u00e9ose pour un tournoi atypique\"}]},{\"@type\":\"WebSite\",\"@id\":\"https:\\\/\\\/lasentinelle.dz\\\/#website\",\"url\":\"https:\\\/\\\/lasentinelle.dz\\\/\",\"name\":\"La Sentinelle\",\"description\":\"Quotidien national d&#039;information\",\"publisher\":{\"@id\":\"https:\\\/\\\/lasentinelle.dz\\\/#organization\"},\"potentialAction\":[{\"@type\":\"SearchAction\",\"target\":{\"@type\":\"EntryPoint\",\"urlTemplate\":\"https:\\\/\\\/lasentinelle.dz\\\/?s={search_term_string}\"},\"query-input\":{\"@type\":\"PropertyValueSpecification\",\"valueRequired\":true,\"valueName\":\"search_term_string\"}}],\"inLanguage\":\"fr-FR\"},{\"@type\":\"Organization\",\"@id\":\"https:\\\/\\\/lasentinelle.dz\\\/#organization\",\"name\":\"Quotidien La Sentinelle\",\"url\":\"https:\\\/\\\/lasentinelle.dz\\\/\",\"logo\":{\"@type\":\"ImageObject\",\"inLanguage\":\"fr-FR\",\"@id\":\"https:\\\/\\\/lasentinelle.dz\\\/#\\\/schema\\\/logo\\\/image\\\/\",\"url\":\"https:\\\/\\\/lasentinelle.dz\\\/wp-content\\\/uploads\\\/2021\\\/09\\\/logo-sentinelleSLOGAN-1.png\",\"contentUrl\":\"https:\\\/\\\/lasentinelle.dz\\\/wp-content\\\/uploads\\\/2021\\\/09\\\/logo-sentinelleSLOGAN-1.png\",\"width\":615,\"height\":142,\"caption\":\"Quotidien La Sentinelle\"},\"image\":{\"@id\":\"https:\\\/\\\/lasentinelle.dz\\\/#\\\/schema\\\/logo\\\/image\\\/\"},\"sameAs\":[\"https:\\\/\\\/www.facebook.com\\\/La-Sentinelle-104059864394773\"]},{\"@type\":\"Person\",\"@id\":\"https:\\\/\\\/lasentinelle.dz\\\/#\\\/schema\\\/person\\\/d865044e22e70a75174ce8bcad3acfb3\",\"name\":\"La Sentinelle\",\"image\":{\"@type\":\"ImageObject\",\"inLanguage\":\"fr-FR\",\"@id\":\"https:\\\/\\\/secure.gravatar.com\\\/avatar\\\/57de8e5d4b15d43fb361a71fbb36338450fe67865b528a43dd10ef7c51a20392?s=96&d=mm&r=g\",\"url\":\"https:\\\/\\\/secure.gravatar.com\\\/avatar\\\/57de8e5d4b15d43fb361a71fbb36338450fe67865b528a43dd10ef7c51a20392?s=96&d=mm&r=g\",\"contentUrl\":\"https:\\\/\\\/secure.gravatar.com\\\/avatar\\\/57de8e5d4b15d43fb361a71fbb36338450fe67865b528a43dd10ef7c51a20392?s=96&d=mm&r=g\",\"caption\":\"La Sentinelle\"},\"sameAs\":[\"http:\\\/\\\/www.lasentinelle.dz\"],\"url\":\"https:\\\/\\\/lasentinelle.dz\\\/author\\\/redaction\\\/\"}]}<\/script>\n<!-- \/ Yoast SEO plugin. -->","yoast_head_json":{"title":"C\u00e9r\u00e9monie de cl\u00f4ture du Mondial qatari\u00a0: Une fin en apoth\u00e9ose pour un tournoi atypique - La Sentinelle","robots":{"index":"index","follow":"follow","max-snippet":"max-snippet:-1","max-image-preview":"max-image-preview:large","max-video-preview":"max-video-preview:-1"},"canonical":"https:\/\/lasentinelle.dz\/index.php\/2022\/12\/18\/ceremonie-de-cloture-du-mondial-qatari-une-fin-en-apotheose-pour-un-tournoi-atypique\/","og_locale":"fr_FR","og_type":"article","og_title":"C\u00e9r\u00e9monie de cl\u00f4ture du Mondial qatari\u00a0: Une fin en apoth\u00e9ose pour un tournoi atypique - La Sentinelle","og_description":"La c\u00e9r\u00e9monie de cl\u00f4ture du tournoi le plus prestigieux de la plan\u00e8te football a \u00e9t\u00e9 \u00e0 la mesure d\u2019un \u00e9v\u00e9nement","og_url":"https:\/\/lasentinelle.dz\/index.php\/2022\/12\/18\/ceremonie-de-cloture-du-mondial-qatari-une-fin-en-apotheose-pour-un-tournoi-atypique\/","og_site_name":"La Sentinelle","article_publisher":"https:\/\/www.facebook.com\/La-Sentinelle-104059864394773","article_published_time":"2022-12-18T21:05:00+00:00","og_image":[{"width":940,"height":626,"url":"https:\/\/lasentinelle.dz\/wp-content\/uploads\/2022\/12\/ceremonie.jpeg","type":"image\/jpeg"}],"author":"La Sentinelle","twitter_card":"summary_large_image","twitter_misc":{"\u00c9crit par":"La Sentinelle","Dur\u00e9e de lecture estim\u00e9e":"2 minutes"},"schema":{"@context":"https:\/\/schema.org","@graph":[{"@type":"Article","@id":"https:\/\/lasentinelle.dz\/index.php\/2022\/12\/18\/ceremonie-de-cloture-du-mondial-qatari-une-fin-en-apotheose-pour-un-tournoi-atypique\/#article","isPartOf":{"@id":"https:\/\/lasentinelle.dz\/index.php\/2022\/12\/18\/ceremonie-de-cloture-du-mondial-qatari-une-fin-en-apotheose-pour-un-tournoi-atypique\/"},"author":{"name":"La Sentinelle","@id":"https:\/\/lasentinelle.dz\/#\/schema\/person\/d865044e22e70a75174ce8bcad3acfb3"},"headline":"C\u00e9r\u00e9monie de cl\u00f4ture du Mondial qatari\u00a0: Une fin en apoth\u00e9ose pour un tournoi atypique","datePublished":"2022-12-18T21:05:00+00:00","mainEntityOfPage":{"@id":"https:\/\/lasentinelle.dz\/index.php\/2022\/12\/18\/ceremonie-de-cloture-du-mondial-qatari-une-fin-en-apotheose-pour-un-tournoi-atypique\/"},"wordCount":338,"commentCount":0,"publisher":{"@id":"https:\/\/lasentinelle.dz\/#organization"},"image":{"@id":"https:\/\/lasentinelle.dz\/index.php\/2022\/12\/18\/ceremonie-de-cloture-du-mondial-qatari-une-fin-en-apotheose-pour-un-tournoi-atypique\/#primaryimage"},"thumbnailUrl":"https:\/\/lasentinelle.dz\/wp-content\/uploads\/2022\/12\/ceremonie.jpeg","articleSection":["Sports"],"inLanguage":"fr-FR","potentialAction":[{"@type":"CommentAction","name":"Comment","target":["https:\/\/lasentinelle.dz\/index.php\/2022\/12\/18\/ceremonie-de-cloture-du-mondial-qatari-une-fin-en-apotheose-pour-un-tournoi-atypique\/#respond"]}]},{"@type":"WebPage","@id":"https:\/\/lasentinelle.dz\/index.php\/2022\/12\/18\/ceremonie-de-cloture-du-mondial-qatari-une-fin-en-apotheose-pour-un-tournoi-atypique\/","url":"https:\/\/lasentinelle.dz\/index.php\/2022\/12\/18\/ceremonie-de-cloture-du-mondial-qatari-une-fin-en-apotheose-pour-un-tournoi-atypique\/","name":"C\u00e9r\u00e9monie de cl\u00f4ture du Mondial qatari\u00a0: Une fin en apoth\u00e9ose pour un tournoi atypique - La Sentinelle","isPartOf":{"@id":"https:\/\/lasentinelle.dz\/#website"},"primaryImageOfPage":{"@id":"https:\/\/lasentinelle.dz\/index.php\/2022\/12\/18\/ceremonie-de-cloture-du-mondial-qatari-une-fin-en-apotheose-pour-un-tournoi-atypique\/#primaryimage"},"image":{"@id":"https:\/\/lasentinelle.dz\/index.php\/2022\/12\/18\/ceremonie-de-cloture-du-mondial-qatari-une-fin-en-apotheose-pour-un-tournoi-atypique\/#primaryimage"},"thumbnailUrl":"https:\/\/lasentinelle.dz\/wp-content\/uploads\/2022\/12\/ceremonie.jpeg","datePublished":"2022-12-18T21:05:00+00:00","breadcrumb":{"@id":"https:\/\/lasentinelle.dz\/index.php\/2022\/12\/18\/ceremonie-de-cloture-du-mondial-qatari-une-fin-en-apotheose-pour-un-tournoi-atypique\/#breadcrumb"},"inLanguage":"fr-FR","potentialAction":[{"@type":"ReadAction","target":["https:\/\/lasentinelle.dz\/index.php\/2022\/12\/18\/ceremonie-de-cloture-du-mondial-qatari-une-fin-en-apotheose-pour-un-tournoi-atypique\/"]}]},{"@type":"ImageObject","inLanguage":"fr-FR","@id":"https:\/\/lasentinelle.dz\/index.php\/2022\/12\/18\/ceremonie-de-cloture-du-mondial-qatari-une-fin-en-apotheose-pour-un-tournoi-atypique\/#primaryimage","url":"https:\/\/lasentinelle.dz\/wp-content\/uploads\/2022\/12\/ceremonie.jpeg","contentUrl":"https:\/\/lasentinelle.dz\/wp-content\/uploads\/2022\/12\/ceremonie.jpeg","width":940,"height":626,"caption":"Fireworks go off as artists perform during the closing ceremony of the Qatar 2022 World Cup ahead of the football final match between Argentina and France at Lusail Stadium in Lusail, north of Doha on December 18, 2022. (Photo by Odd ANDERSEN \/ AFP)"},{"@type":"BreadcrumbList","@id":"https:\/\/lasentinelle.dz\/index.php\/2022\/12\/18\/ceremonie-de-cloture-du-mondial-qatari-une-fin-en-apotheose-pour-un-tournoi-atypique\/#breadcrumb","itemListElement":[{"@type":"ListItem","position":1,"name":"Accueil","item":"https:\/\/lasentinelle.dz\/"},{"@type":"ListItem","position":2,"name":"C\u00e9r\u00e9monie de cl\u00f4ture du Mondial qatari\u00a0: Une fin en apoth\u00e9ose pour un tournoi atypique"}]},{"@type":"WebSite","@id":"https:\/\/lasentinelle.dz\/#website","url":"https:\/\/lasentinelle.dz\/","name":"La Sentinelle","description":"Quotidien national d&#039;information","publisher":{"@id":"https:\/\/lasentinelle.dz\/#organization"},"potentialAction":[{"@type":"SearchAction","target":{"@type":"EntryPoint","urlTemplate":"https:\/\/lasentinelle.dz\/?s={search_term_string}"},"query-input":{"@type":"PropertyValueSpecification","valueRequired":true,"valueName":"search_term_string"}}],"inLanguage":"fr-FR"},{"@type":"Organization","@id":"https:\/\/lasentinelle.dz\/#organization","name":"Quotidien La Sentinelle","url":"https:\/\/lasentinelle.dz\/","logo":{"@type":"ImageObject","inLanguage":"fr-FR","@id":"https:\/\/lasentinelle.dz\/#\/schema\/logo\/image\/","url":"https:\/\/lasentinelle.dz\/wp-content\/uploads\/2021\/09\/logo-sentinelleSLOGAN-1.png","contentUrl":"https:\/\/lasentinelle.dz\/wp-content\/uploads\/2021\/09\/logo-sentinelleSLOGAN-1.png","width":615,"height":142,"caption":"Quotidien La Sentinelle"},"image":{"@id":"https:\/\/lasentinelle.dz\/#\/schema\/logo\/image\/"},"sameAs":["https:\/\/www.facebook.com\/La-Sentinelle-104059864394773"]},{"@type":"Person","@id":"https:\/\/lasentinelle.dz\/#\/schema\/person\/d865044e22e70a75174ce8bcad3acfb3","name":"La Sentinelle","image":{"@type":"ImageObject","inLanguage":"fr-FR","@id":"https:\/\/secure.gravatar.com\/avatar\/57de8e5d4b15d43fb361a71fbb36338450fe67865b528a43dd10ef7c51a20392?s=96&d=mm&r=g","url":"https:\/\/secure.gravatar.com\/avatar\/57de8e5d4b15d43fb361a71fbb36338450fe67865b528a43dd10ef7c51a20392?s=96&d=mm&r=g","contentUrl":"https:\/\/secure.gravatar.com\/avatar\/57de8e5d4b15d43fb361a71fbb36338450fe67865b528a43dd10ef7c51a20392?s=96&d=mm&r=g","caption":"La Sentinelle"},"sameAs":["http:\/\/www.lasentinelle.dz"],"url":"https:\/\/lasentinelle.dz\/author\/redaction\/"}]}},"_links":{"self":[{"href":"https:\/\/lasentinelle.dz\/index.php\/wp-json\/wp\/v2\/posts\/32819","targetHints":{"allow":["GET"]}}],"collection":[{"href":"https:\/\/lasentinelle.dz\/index.php\/wp-json\/wp\/v2\/posts"}],"about":[{"href":"https:\/\/lasentinelle.dz\/index.php\/wp-json\/wp\/v2\/types\/post"}],"author":[{"embeddable":true,"href":"https:\/\/lasentinelle.dz\/index.php\/wp-json\/wp\/v2\/users\/3"}],"replies":[{"embeddable":true,"href":"https:\/\/lasentinelle.dz\/index.php\/wp-json\/wp\/v2\/comments?post=32819"}],"version-history":[{"count":1,"href":"https:\/\/lasentinelle.dz\/index.php\/wp-json\/wp\/v2\/posts\/32819\/revisions"}],"predecessor-version":[{"id":32837,"href":"https:\/\/lasentinelle.dz\/index.php\/wp-json\/wp\/v2\/posts\/32819\/revisions\/32837"}],"wp:featuredmedia":[{"embeddable":true,"href":"https:\/\/lasentinelle.dz\/index.php\/wp-json\/wp\/v2\/media\/32834"}],"wp:attachment":[{"href":"https:\/\/lasentinelle.dz\/index.php\/wp-json\/wp\/v2\/media?parent=32819"}],"wp:term":[{"taxonomy":"category","embeddable":true,"href":"https:\/\/lasentinelle.dz\/index.php\/wp-json\/wp\/v2\/categories?post=32819"},{"taxonomy":"post_tag","embeddable":true,"href":"https:\/\/lasentinelle.dz\/index.php\/wp-json\/wp\/v2\/tags?post=32819"}],"curies":[{"name":"wp","href":"https:\/\/api.w.org\/{rel}","templated":true}]}}