{"id":3283,"date":"2021-08-03T00:01:00","date_gmt":"2021-08-02T23:01:00","guid":{"rendered":"https:\/\/lasentinelle.dz\/?p=3283"},"modified":"2021-08-02T18:49:59","modified_gmt":"2021-08-02T17:49:59","slug":"ramtane-lamamra-acheve-sa-tournee-africaine-ces-questions-au-coeur-du-prochain-sommet-arabe-dalger","status":"publish","type":"post","link":"https:\/\/lasentinelle.dz\/index.php\/2021\/08\/03\/ramtane-lamamra-acheve-sa-tournee-africaine-ces-questions-au-coeur-du-prochain-sommet-arabe-dalger\/","title":{"rendered":"Ramtane Lamamra ach\u00e8ve sa tourn\u00e9e africaine Ces questions au c\u0153ur du prochain sommet arabe d\u2019Alger"},"content":{"rendered":"\n<p>Le p\u00e9riple diplomatique&nbsp; entam\u00e9 depuis quelques jours par le chef de la diplomatie alg\u00e9rienne, \u00e0 travers certaines capitales arabes et africaines, dans l\u2019objectif de mener des concertations sur les questions et pr\u00e9occupations arabes et africaines et la pr\u00e9paration d\u2019importantes \u00e9ch\u00e9ances, notamment le prochain Sommet arabe pr\u00e9vu \u00e0 Alger a pris fin.<\/p>\n\n\n\n<p>Le ministre des Affaires \u00e9trang\u00e8res et de la Communaut\u00e9 nationale \u00e0 l\u2019\u00e9tranger, Ramtane Lamamra, \u00e9tait dimanche \u00e0 Tunis, derni\u00e8re escale de ce p\u00e9riple, l\u2019h\u00f4te du Pr\u00e9sident Tunisien, Kais Saied \u00e0 qui il a transmis un message verbal du pr\u00e9sident de la R\u00e9publique, Abdelmadjid Tebboune.<\/p>\n\n\n\n<p>A l\u2019issue de cette rencontre qu\u2019il a eue avec le chef de l\u2019Etat tunisien, Ramtane Lamamra, a d\u00e9clar\u00e9 : \u00ab&nbsp; j\u2019ai eu l\u2019honneur d\u2019\u00eatre re\u00e7u par le pr\u00e9sident de la R\u00e9publique tunisienne.&nbsp; A la demande du pr\u00e9sident de la R\u00e9publique Abdelmadjid Tebboune, j\u2019ai entam\u00e9 \u00e0 partir de Tunis une tourn\u00e9e dans nombre d\u2019Etats africains et arabes pour mener des concertations sur les questions et pr\u00e9occupations arabes et africaines et pr\u00e9parer d\u2019importantes \u00e9ch\u00e9ances, \u00e0 savoir la tenue du prochain Sommet arabe \u00e0 Alger \u00bb, avant de rappeler que \u00ab la Tunisie pr\u00e9side le Sommet et nous devons coordonner pour la r\u00e9ussite de cet \u00e9v\u00e9nement \u00bb.\u00ab L\u2019Alg\u00e9rie et la Tunisie ont des pr\u00e9occupations communes ayant trait \u00e0 la relance de la coop\u00e9ration, la cons\u00e9cration de la compl\u00e9mentarit\u00e9 entre les groupes,&nbsp; arabe et africain, et un attachement \u00e0 ce que la solidarit\u00e9 entre les peuples arabes et africains soit le seul principe qui pr\u00e9side aux relations entre les deux groupes \u00bb, tenait-il \u00e0 ajouter.<\/p>\n\n\n\n<p>Le chef de la diplomatie alg\u00e9rienne \u00e9galement affich\u00e9 son satisfecit quant au fait avoir pr\u00e9sent\u00e9 \u00ab un rapport pr\u00e9liminaire au pr\u00e9sident de la R\u00e9publique tunisienne sur cette mission \u00bb. Et d\u2019ajouter&nbsp;: \u00ab j\u2019assurerai le suivi avec mon confr\u00e8re tunisien ministre des affaires \u00e9trang\u00e8res, pour nous acquitter pleinement de nos missions dans l\u2019int\u00e9r\u00eat de nos deux peuples et celui des peuples arabes et africains \u00bb.RamtaneLamamra pr\u00e9cisera dans ce sens que \u00ab d\u2019autres rencontres, devront intervenir pour la tenue des r\u00e9unions mixtes afin de propulser la coop\u00e9ration et \u0153uvrer \u00e0 la compl\u00e9mentarit\u00e9 \u00e9conomique entre les deux pays (l\u2019Alg\u00e9rie et la Tunisie) \u00bb.<\/p>\n\n\n\n<p>Pour rappel, Ramtane Lamamra a \u00e9t\u00e9 re\u00e7u lors d\u2019une premi\u00e8re audience par le pr\u00e9sident tunisien Kais Saed, laquelle audience a donn\u00e9 lieu \u00e0 un \u00e9change de points de vus sur l\u2019\u00e9tat des relations bilat\u00e9rales et les perspectives de leur renforcement ainsi que sur des questions r\u00e9gionales et internationales d\u2019int\u00e9r\u00eat commun, notamment celle relative \u00e0 la situation au sein de la r\u00e9gion du Maghreb, de l\u2019espace Sahelo-Saharien mais aussi dans le monde Arabe \u00bb.<\/p>\n\n\n\n<p>C\u2019est en qualit\u00e9 d\u2019envoy\u00e9 sp\u00e9cial du Pr\u00e9sident Abdelmadjid Tebboune que le ministre des Affaires \u00e9trang\u00e8res et de la Communaut\u00e9 nationale \u00e0 l\u2019\u00e9tranger qu\u2019il a \u00e9t\u00e9 re\u00e7u une deuxi\u00e8me fois dimanche pass\u00e9 par le pr\u00e9sident Tunisien Kais Saed, \u00e0 qui il a transmet un message verbal du chef de l\u2019Etat alg\u00e9rien.Rappelons, que Ramtane Lamamra, avait r\u00e9cemment effectu\u00e9 une tourn\u00e9e africaine, qui l\u2019a guid\u00e9e en premier lieu en \u00c9thiopie puis au Soudan et \u00e0 la fin en \u00c9gypte ou il a \u00e9t\u00e9 re\u00e7u par le pr\u00e9sident \u00e9gyptien Abdelfettah Al Sissi.<\/p>\n\n\n\n<p>Une tourn\u00e9e qui a permis au chef de la diplomatie alg\u00e9rienne de promouvoir le r\u00e8glement pacifique des conflits en se posant en m\u00e9diateur entre l\u2019\u00c9thiopie, le Soudan et l\u2019\u00c9gypte, en d\u00e9saccord par rapport \u00e0 la construction par l\u2019Ethiopie&nbsp; du barrage hydro\u00e9lectrique&nbsp; de \u00ab La renaissance \u00bb.<\/p>\n\n\n\n<p>Lors de son point de presse qu\u2019il avait tenu dans la capitale \u00e9gyptienne, Ramtane Lamamra avait \u00e9galement rappel\u00e9 les positions de l\u2019Alg\u00e9rie \u00e0 l\u2019\u00e9gard de la cris en Libye et le soutien qu\u2019elle apporte au processus de paix et de r\u00e9conciliation dans ce pays frontalier mais aussi vis-\u00e0-vis de la cause Palestinienne dont la position reste inchang\u00e9e et qui est en faveur de l\u2019\u00e9dification d\u2019un \u00c9tat Palestinien souverain avec comme capitale El Qods.<\/p>\n\n\n\n<p><strong>Boubekeur Amrani<\/strong><\/p>\n","protected":false},"excerpt":{"rendered":"<p>Le p\u00e9riple diplomatique&nbsp; entam\u00e9 depuis quelques jours par le chef de la diplomatie alg\u00e9rienne, \u00e0 travers certaines capitales arabes et<\/p>\n","protected":false},"author":3,"featured_media":3295,"comment_status":"open","ping_status":"closed","sticky":false,"template":"","format":"standard","meta":{"colormag_page_container_layout":"default_layout","colormag_page_sidebar_layout":"default_layout","om_disable_all_campaigns":false,"_monsterinsights_skip_tracking":false,"_monsterinsights_sitenote_active":false,"_monsterinsights_sitenote_note":"","_monsterinsights_sitenote_category":0,"footnotes":"","_wpscppro_dont_share_socialmedia":false,"_wpscppro_custom_social_share_image":0,"_facebook_share_type":"","_twitter_share_type":"","_linkedin_share_type":"","_pinterest_share_type":"","_linkedin_share_type_page":"","_instagram_share_type":"","_medium_share_type":"","_threads_share_type":"","_google_business_share_type":"","_selected_social_profile":[],"_wpsp_enable_custom_social_template":false,"_wpsp_social_scheduling":{"enabled":false,"datetime":null,"platforms":[],"status":"template_only","dateOption":"today","timeOption":"now","customDays":"","customHours":"","customDate":"","customTime":"","schedulingType":"absolute"},"_wpsp_active_default_template":true},"categories":[27],"tags":[],"class_list":["post-3283","post","type-post","status-publish","format-standard","has-post-thumbnail","hentry","category-actualite"],"aioseo_notices":[],"yoast_head":"<!-- This site is optimized with the Yoast SEO plugin v27.5 - https:\/\/yoast.com\/product\/yoast-seo-wordpress\/ -->\n<title>Ramtane Lamamra ach\u00e8ve sa tourn\u00e9e africaine Ces questions au c\u0153ur du prochain sommet arabe d\u2019Alger - La Sentinelle<\/title>\n<meta name=\"robots\" content=\"index, follow, max-snippet:-1, max-image-preview:large, max-video-preview:-1\" \/>\n<link rel=\"canonical\" href=\"https:\/\/lasentinelle.dz\/index.php\/2021\/08\/03\/ramtane-lamamra-acheve-sa-tournee-africaine-ces-questions-au-coeur-du-prochain-sommet-arabe-dalger\/\" \/>\n<meta property=\"og:locale\" content=\"fr_FR\" \/>\n<meta property=\"og:type\" content=\"article\" \/>\n<meta property=\"og:title\" content=\"Ramtane Lamamra ach\u00e8ve sa tourn\u00e9e africaine Ces questions au c\u0153ur du prochain sommet arabe d\u2019Alger - La Sentinelle\" \/>\n<meta property=\"og:description\" content=\"Le p\u00e9riple diplomatique&nbsp; entam\u00e9 depuis quelques jours par le chef de la diplomatie alg\u00e9rienne, \u00e0 travers certaines capitales arabes et\" \/>\n<meta property=\"og:url\" content=\"https:\/\/lasentinelle.dz\/index.php\/2021\/08\/03\/ramtane-lamamra-acheve-sa-tournee-africaine-ces-questions-au-coeur-du-prochain-sommet-arabe-dalger\/\" \/>\n<meta property=\"og:site_name\" content=\"La Sentinelle\" \/>\n<meta property=\"article:publisher\" content=\"https:\/\/www.facebook.com\/La-Sentinelle-104059864394773\" \/>\n<meta property=\"article:published_time\" content=\"2021-08-02T23:01:00+00:00\" \/>\n<meta property=\"og:image\" content=\"https:\/\/lasentinelle.dz\/wp-content\/uploads\/2021\/08\/lammamra.png\" \/>\n\t<meta property=\"og:image:width\" content=\"1543\" \/>\n\t<meta property=\"og:image:height\" content=\"900\" \/>\n\t<meta property=\"og:image:type\" content=\"image\/png\" \/>\n<meta name=\"author\" content=\"La Sentinelle\" \/>\n<meta name=\"twitter:card\" content=\"summary_large_image\" \/>\n<meta name=\"twitter:label1\" content=\"\u00c9crit par\" \/>\n\t<meta name=\"twitter:data1\" content=\"La Sentinelle\" \/>\n\t<meta name=\"twitter:label2\" content=\"Dur\u00e9e de lecture estim\u00e9e\" \/>\n\t<meta name=\"twitter:data2\" content=\"3 minutes\" \/>\n<script type=\"application\/ld+json\" class=\"yoast-schema-graph\">{\"@context\":\"https:\\\/\\\/schema.org\",\"@graph\":[{\"@type\":\"Article\",\"@id\":\"https:\\\/\\\/lasentinelle.dz\\\/index.php\\\/2021\\\/08\\\/03\\\/ramtane-lamamra-acheve-sa-tournee-africaine-ces-questions-au-coeur-du-prochain-sommet-arabe-dalger\\\/#article\",\"isPartOf\":{\"@id\":\"https:\\\/\\\/lasentinelle.dz\\\/index.php\\\/2021\\\/08\\\/03\\\/ramtane-lamamra-acheve-sa-tournee-africaine-ces-questions-au-coeur-du-prochain-sommet-arabe-dalger\\\/\"},\"author\":{\"name\":\"La Sentinelle\",\"@id\":\"https:\\\/\\\/lasentinelle.dz\\\/#\\\/schema\\\/person\\\/d865044e22e70a75174ce8bcad3acfb3\"},\"headline\":\"Ramtane Lamamra ach\u00e8ve sa tourn\u00e9e africaine Ces questions au c\u0153ur du prochain sommet arabe d\u2019Alger\",\"datePublished\":\"2021-08-02T23:01:00+00:00\",\"mainEntityOfPage\":{\"@id\":\"https:\\\/\\\/lasentinelle.dz\\\/index.php\\\/2021\\\/08\\\/03\\\/ramtane-lamamra-acheve-sa-tournee-africaine-ces-questions-au-coeur-du-prochain-sommet-arabe-dalger\\\/\"},\"wordCount\":746,\"commentCount\":0,\"publisher\":{\"@id\":\"https:\\\/\\\/lasentinelle.dz\\\/#organization\"},\"image\":{\"@id\":\"https:\\\/\\\/lasentinelle.dz\\\/index.php\\\/2021\\\/08\\\/03\\\/ramtane-lamamra-acheve-sa-tournee-africaine-ces-questions-au-coeur-du-prochain-sommet-arabe-dalger\\\/#primaryimage\"},\"thumbnailUrl\":\"https:\\\/\\\/lasentinelle.dz\\\/wp-content\\\/uploads\\\/2021\\\/08\\\/lammamra.png\",\"articleSection\":[\"Actualit\u00e9\"],\"inLanguage\":\"fr-FR\",\"potentialAction\":[{\"@type\":\"CommentAction\",\"name\":\"Comment\",\"target\":[\"https:\\\/\\\/lasentinelle.dz\\\/index.php\\\/2021\\\/08\\\/03\\\/ramtane-lamamra-acheve-sa-tournee-africaine-ces-questions-au-coeur-du-prochain-sommet-arabe-dalger\\\/#respond\"]}]},{\"@type\":\"WebPage\",\"@id\":\"https:\\\/\\\/lasentinelle.dz\\\/index.php\\\/2021\\\/08\\\/03\\\/ramtane-lamamra-acheve-sa-tournee-africaine-ces-questions-au-coeur-du-prochain-sommet-arabe-dalger\\\/\",\"url\":\"https:\\\/\\\/lasentinelle.dz\\\/index.php\\\/2021\\\/08\\\/03\\\/ramtane-lamamra-acheve-sa-tournee-africaine-ces-questions-au-coeur-du-prochain-sommet-arabe-dalger\\\/\",\"name\":\"Ramtane Lamamra ach\u00e8ve sa tourn\u00e9e africaine Ces questions au c\u0153ur du prochain sommet arabe d\u2019Alger - La Sentinelle\",\"isPartOf\":{\"@id\":\"https:\\\/\\\/lasentinelle.dz\\\/#website\"},\"primaryImageOfPage\":{\"@id\":\"https:\\\/\\\/lasentinelle.dz\\\/index.php\\\/2021\\\/08\\\/03\\\/ramtane-lamamra-acheve-sa-tournee-africaine-ces-questions-au-coeur-du-prochain-sommet-arabe-dalger\\\/#primaryimage\"},\"image\":{\"@id\":\"https:\\\/\\\/lasentinelle.dz\\\/index.php\\\/2021\\\/08\\\/03\\\/ramtane-lamamra-acheve-sa-tournee-africaine-ces-questions-au-coeur-du-prochain-sommet-arabe-dalger\\\/#primaryimage\"},\"thumbnailUrl\":\"https:\\\/\\\/lasentinelle.dz\\\/wp-content\\\/uploads\\\/2021\\\/08\\\/lammamra.png\",\"datePublished\":\"2021-08-02T23:01:00+00:00\",\"breadcrumb\":{\"@id\":\"https:\\\/\\\/lasentinelle.dz\\\/index.php\\\/2021\\\/08\\\/03\\\/ramtane-lamamra-acheve-sa-tournee-africaine-ces-questions-au-coeur-du-prochain-sommet-arabe-dalger\\\/#breadcrumb\"},\"inLanguage\":\"fr-FR\",\"potentialAction\":[{\"@type\":\"ReadAction\",\"target\":[\"https:\\\/\\\/lasentinelle.dz\\\/index.php\\\/2021\\\/08\\\/03\\\/ramtane-lamamra-acheve-sa-tournee-africaine-ces-questions-au-coeur-du-prochain-sommet-arabe-dalger\\\/\"]}]},{\"@type\":\"ImageObject\",\"inLanguage\":\"fr-FR\",\"@id\":\"https:\\\/\\\/lasentinelle.dz\\\/index.php\\\/2021\\\/08\\\/03\\\/ramtane-lamamra-acheve-sa-tournee-africaine-ces-questions-au-coeur-du-prochain-sommet-arabe-dalger\\\/#primaryimage\",\"url\":\"https:\\\/\\\/lasentinelle.dz\\\/wp-content\\\/uploads\\\/2021\\\/08\\\/lammamra.png\",\"contentUrl\":\"https:\\\/\\\/lasentinelle.dz\\\/wp-content\\\/uploads\\\/2021\\\/08\\\/lammamra.png\",\"width\":1543,\"height\":900},{\"@type\":\"BreadcrumbList\",\"@id\":\"https:\\\/\\\/lasentinelle.dz\\\/index.php\\\/2021\\\/08\\\/03\\\/ramtane-lamamra-acheve-sa-tournee-africaine-ces-questions-au-coeur-du-prochain-sommet-arabe-dalger\\\/#breadcrumb\",\"itemListElement\":[{\"@type\":\"ListItem\",\"position\":1,\"name\":\"Accueil\",\"item\":\"https:\\\/\\\/lasentinelle.dz\\\/\"},{\"@type\":\"ListItem\",\"position\":2,\"name\":\"Ramtane Lamamra ach\u00e8ve sa tourn\u00e9e africaine Ces questions au c\u0153ur du prochain sommet arabe d\u2019Alger\"}]},{\"@type\":\"WebSite\",\"@id\":\"https:\\\/\\\/lasentinelle.dz\\\/#website\",\"url\":\"https:\\\/\\\/lasentinelle.dz\\\/\",\"name\":\"La Sentinelle\",\"description\":\"Quotidien national d&#039;information\",\"publisher\":{\"@id\":\"https:\\\/\\\/lasentinelle.dz\\\/#organization\"},\"potentialAction\":[{\"@type\":\"SearchAction\",\"target\":{\"@type\":\"EntryPoint\",\"urlTemplate\":\"https:\\\/\\\/lasentinelle.dz\\\/?s={search_term_string}\"},\"query-input\":{\"@type\":\"PropertyValueSpecification\",\"valueRequired\":true,\"valueName\":\"search_term_string\"}}],\"inLanguage\":\"fr-FR\"},{\"@type\":\"Organization\",\"@id\":\"https:\\\/\\\/lasentinelle.dz\\\/#organization\",\"name\":\"Quotidien La Sentinelle\",\"url\":\"https:\\\/\\\/lasentinelle.dz\\\/\",\"logo\":{\"@type\":\"ImageObject\",\"inLanguage\":\"fr-FR\",\"@id\":\"https:\\\/\\\/lasentinelle.dz\\\/#\\\/schema\\\/logo\\\/image\\\/\",\"url\":\"https:\\\/\\\/lasentinelle.dz\\\/wp-content\\\/uploads\\\/2021\\\/09\\\/logo-sentinelleSLOGAN-1.png\",\"contentUrl\":\"https:\\\/\\\/lasentinelle.dz\\\/wp-content\\\/uploads\\\/2021\\\/09\\\/logo-sentinelleSLOGAN-1.png\",\"width\":615,\"height\":142,\"caption\":\"Quotidien La Sentinelle\"},\"image\":{\"@id\":\"https:\\\/\\\/lasentinelle.dz\\\/#\\\/schema\\\/logo\\\/image\\\/\"},\"sameAs\":[\"https:\\\/\\\/www.facebook.com\\\/La-Sentinelle-104059864394773\"]},{\"@type\":\"Person\",\"@id\":\"https:\\\/\\\/lasentinelle.dz\\\/#\\\/schema\\\/person\\\/d865044e22e70a75174ce8bcad3acfb3\",\"name\":\"La Sentinelle\",\"image\":{\"@type\":\"ImageObject\",\"inLanguage\":\"fr-FR\",\"@id\":\"https:\\\/\\\/secure.gravatar.com\\\/avatar\\\/57de8e5d4b15d43fb361a71fbb36338450fe67865b528a43dd10ef7c51a20392?s=96&d=mm&r=g\",\"url\":\"https:\\\/\\\/secure.gravatar.com\\\/avatar\\\/57de8e5d4b15d43fb361a71fbb36338450fe67865b528a43dd10ef7c51a20392?s=96&d=mm&r=g\",\"contentUrl\":\"https:\\\/\\\/secure.gravatar.com\\\/avatar\\\/57de8e5d4b15d43fb361a71fbb36338450fe67865b528a43dd10ef7c51a20392?s=96&d=mm&r=g\",\"caption\":\"La Sentinelle\"},\"sameAs\":[\"http:\\\/\\\/www.lasentinelle.dz\"],\"url\":\"https:\\\/\\\/lasentinelle.dz\\\/author\\\/redaction\\\/\"}]}<\/script>\n<!-- \/ Yoast SEO plugin. -->","yoast_head_json":{"title":"Ramtane Lamamra ach\u00e8ve sa tourn\u00e9e africaine Ces questions au c\u0153ur du prochain sommet arabe d\u2019Alger - La Sentinelle","robots":{"index":"index","follow":"follow","max-snippet":"max-snippet:-1","max-image-preview":"max-image-preview:large","max-video-preview":"max-video-preview:-1"},"canonical":"https:\/\/lasentinelle.dz\/index.php\/2021\/08\/03\/ramtane-lamamra-acheve-sa-tournee-africaine-ces-questions-au-coeur-du-prochain-sommet-arabe-dalger\/","og_locale":"fr_FR","og_type":"article","og_title":"Ramtane Lamamra ach\u00e8ve sa tourn\u00e9e africaine Ces questions au c\u0153ur du prochain sommet arabe d\u2019Alger - La Sentinelle","og_description":"Le p\u00e9riple diplomatique&nbsp; entam\u00e9 depuis quelques jours par le chef de la diplomatie alg\u00e9rienne, \u00e0 travers certaines capitales arabes et","og_url":"https:\/\/lasentinelle.dz\/index.php\/2021\/08\/03\/ramtane-lamamra-acheve-sa-tournee-africaine-ces-questions-au-coeur-du-prochain-sommet-arabe-dalger\/","og_site_name":"La Sentinelle","article_publisher":"https:\/\/www.facebook.com\/La-Sentinelle-104059864394773","article_published_time":"2021-08-02T23:01:00+00:00","og_image":[{"width":1543,"height":900,"url":"https:\/\/lasentinelle.dz\/wp-content\/uploads\/2021\/08\/lammamra.png","type":"image\/png"}],"author":"La Sentinelle","twitter_card":"summary_large_image","twitter_misc":{"\u00c9crit par":"La Sentinelle","Dur\u00e9e de lecture estim\u00e9e":"3 minutes"},"schema":{"@context":"https:\/\/schema.org","@graph":[{"@type":"Article","@id":"https:\/\/lasentinelle.dz\/index.php\/2021\/08\/03\/ramtane-lamamra-acheve-sa-tournee-africaine-ces-questions-au-coeur-du-prochain-sommet-arabe-dalger\/#article","isPartOf":{"@id":"https:\/\/lasentinelle.dz\/index.php\/2021\/08\/03\/ramtane-lamamra-acheve-sa-tournee-africaine-ces-questions-au-coeur-du-prochain-sommet-arabe-dalger\/"},"author":{"name":"La Sentinelle","@id":"https:\/\/lasentinelle.dz\/#\/schema\/person\/d865044e22e70a75174ce8bcad3acfb3"},"headline":"Ramtane Lamamra ach\u00e8ve sa tourn\u00e9e africaine Ces questions au c\u0153ur du prochain sommet arabe d\u2019Alger","datePublished":"2021-08-02T23:01:00+00:00","mainEntityOfPage":{"@id":"https:\/\/lasentinelle.dz\/index.php\/2021\/08\/03\/ramtane-lamamra-acheve-sa-tournee-africaine-ces-questions-au-coeur-du-prochain-sommet-arabe-dalger\/"},"wordCount":746,"commentCount":0,"publisher":{"@id":"https:\/\/lasentinelle.dz\/#organization"},"image":{"@id":"https:\/\/lasentinelle.dz\/index.php\/2021\/08\/03\/ramtane-lamamra-acheve-sa-tournee-africaine-ces-questions-au-coeur-du-prochain-sommet-arabe-dalger\/#primaryimage"},"thumbnailUrl":"https:\/\/lasentinelle.dz\/wp-content\/uploads\/2021\/08\/lammamra.png","articleSection":["Actualit\u00e9"],"inLanguage":"fr-FR","potentialAction":[{"@type":"CommentAction","name":"Comment","target":["https:\/\/lasentinelle.dz\/index.php\/2021\/08\/03\/ramtane-lamamra-acheve-sa-tournee-africaine-ces-questions-au-coeur-du-prochain-sommet-arabe-dalger\/#respond"]}]},{"@type":"WebPage","@id":"https:\/\/lasentinelle.dz\/index.php\/2021\/08\/03\/ramtane-lamamra-acheve-sa-tournee-africaine-ces-questions-au-coeur-du-prochain-sommet-arabe-dalger\/","url":"https:\/\/lasentinelle.dz\/index.php\/2021\/08\/03\/ramtane-lamamra-acheve-sa-tournee-africaine-ces-questions-au-coeur-du-prochain-sommet-arabe-dalger\/","name":"Ramtane Lamamra ach\u00e8ve sa tourn\u00e9e africaine Ces questions au c\u0153ur du prochain sommet arabe d\u2019Alger - La Sentinelle","isPartOf":{"@id":"https:\/\/lasentinelle.dz\/#website"},"primaryImageOfPage":{"@id":"https:\/\/lasentinelle.dz\/index.php\/2021\/08\/03\/ramtane-lamamra-acheve-sa-tournee-africaine-ces-questions-au-coeur-du-prochain-sommet-arabe-dalger\/#primaryimage"},"image":{"@id":"https:\/\/lasentinelle.dz\/index.php\/2021\/08\/03\/ramtane-lamamra-acheve-sa-tournee-africaine-ces-questions-au-coeur-du-prochain-sommet-arabe-dalger\/#primaryimage"},"thumbnailUrl":"https:\/\/lasentinelle.dz\/wp-content\/uploads\/2021\/08\/lammamra.png","datePublished":"2021-08-02T23:01:00+00:00","breadcrumb":{"@id":"https:\/\/lasentinelle.dz\/index.php\/2021\/08\/03\/ramtane-lamamra-acheve-sa-tournee-africaine-ces-questions-au-coeur-du-prochain-sommet-arabe-dalger\/#breadcrumb"},"inLanguage":"fr-FR","potentialAction":[{"@type":"ReadAction","target":["https:\/\/lasentinelle.dz\/index.php\/2021\/08\/03\/ramtane-lamamra-acheve-sa-tournee-africaine-ces-questions-au-coeur-du-prochain-sommet-arabe-dalger\/"]}]},{"@type":"ImageObject","inLanguage":"fr-FR","@id":"https:\/\/lasentinelle.dz\/index.php\/2021\/08\/03\/ramtane-lamamra-acheve-sa-tournee-africaine-ces-questions-au-coeur-du-prochain-sommet-arabe-dalger\/#primaryimage","url":"https:\/\/lasentinelle.dz\/wp-content\/uploads\/2021\/08\/lammamra.png","contentUrl":"https:\/\/lasentinelle.dz\/wp-content\/uploads\/2021\/08\/lammamra.png","width":1543,"height":900},{"@type":"BreadcrumbList","@id":"https:\/\/lasentinelle.dz\/index.php\/2021\/08\/03\/ramtane-lamamra-acheve-sa-tournee-africaine-ces-questions-au-coeur-du-prochain-sommet-arabe-dalger\/#breadcrumb","itemListElement":[{"@type":"ListItem","position":1,"name":"Accueil","item":"https:\/\/lasentinelle.dz\/"},{"@type":"ListItem","position":2,"name":"Ramtane Lamamra ach\u00e8ve sa tourn\u00e9e africaine Ces questions au c\u0153ur du prochain sommet arabe d\u2019Alger"}]},{"@type":"WebSite","@id":"https:\/\/lasentinelle.dz\/#website","url":"https:\/\/lasentinelle.dz\/","name":"La Sentinelle","description":"Quotidien national d&#039;information","publisher":{"@id":"https:\/\/lasentinelle.dz\/#organization"},"potentialAction":[{"@type":"SearchAction","target":{"@type":"EntryPoint","urlTemplate":"https:\/\/lasentinelle.dz\/?s={search_term_string}"},"query-input":{"@type":"PropertyValueSpecification","valueRequired":true,"valueName":"search_term_string"}}],"inLanguage":"fr-FR"},{"@type":"Organization","@id":"https:\/\/lasentinelle.dz\/#organization","name":"Quotidien La Sentinelle","url":"https:\/\/lasentinelle.dz\/","logo":{"@type":"ImageObject","inLanguage":"fr-FR","@id":"https:\/\/lasentinelle.dz\/#\/schema\/logo\/image\/","url":"https:\/\/lasentinelle.dz\/wp-content\/uploads\/2021\/09\/logo-sentinelleSLOGAN-1.png","contentUrl":"https:\/\/lasentinelle.dz\/wp-content\/uploads\/2021\/09\/logo-sentinelleSLOGAN-1.png","width":615,"height":142,"caption":"Quotidien La Sentinelle"},"image":{"@id":"https:\/\/lasentinelle.dz\/#\/schema\/logo\/image\/"},"sameAs":["https:\/\/www.facebook.com\/La-Sentinelle-104059864394773"]},{"@type":"Person","@id":"https:\/\/lasentinelle.dz\/#\/schema\/person\/d865044e22e70a75174ce8bcad3acfb3","name":"La Sentinelle","image":{"@type":"ImageObject","inLanguage":"fr-FR","@id":"https:\/\/secure.gravatar.com\/avatar\/57de8e5d4b15d43fb361a71fbb36338450fe67865b528a43dd10ef7c51a20392?s=96&d=mm&r=g","url":"https:\/\/secure.gravatar.com\/avatar\/57de8e5d4b15d43fb361a71fbb36338450fe67865b528a43dd10ef7c51a20392?s=96&d=mm&r=g","contentUrl":"https:\/\/secure.gravatar.com\/avatar\/57de8e5d4b15d43fb361a71fbb36338450fe67865b528a43dd10ef7c51a20392?s=96&d=mm&r=g","caption":"La Sentinelle"},"sameAs":["http:\/\/www.lasentinelle.dz"],"url":"https:\/\/lasentinelle.dz\/author\/redaction\/"}]}},"_links":{"self":[{"href":"https:\/\/lasentinelle.dz\/index.php\/wp-json\/wp\/v2\/posts\/3283","targetHints":{"allow":["GET"]}}],"collection":[{"href":"https:\/\/lasentinelle.dz\/index.php\/wp-json\/wp\/v2\/posts"}],"about":[{"href":"https:\/\/lasentinelle.dz\/index.php\/wp-json\/wp\/v2\/types\/post"}],"author":[{"embeddable":true,"href":"https:\/\/lasentinelle.dz\/index.php\/wp-json\/wp\/v2\/users\/3"}],"replies":[{"embeddable":true,"href":"https:\/\/lasentinelle.dz\/index.php\/wp-json\/wp\/v2\/comments?post=3283"}],"version-history":[{"count":1,"href":"https:\/\/lasentinelle.dz\/index.php\/wp-json\/wp\/v2\/posts\/3283\/revisions"}],"predecessor-version":[{"id":3296,"href":"https:\/\/lasentinelle.dz\/index.php\/wp-json\/wp\/v2\/posts\/3283\/revisions\/3296"}],"wp:featuredmedia":[{"embeddable":true,"href":"https:\/\/lasentinelle.dz\/index.php\/wp-json\/wp\/v2\/media\/3295"}],"wp:attachment":[{"href":"https:\/\/lasentinelle.dz\/index.php\/wp-json\/wp\/v2\/media?parent=3283"}],"wp:term":[{"taxonomy":"category","embeddable":true,"href":"https:\/\/lasentinelle.dz\/index.php\/wp-json\/wp\/v2\/categories?post=3283"},{"taxonomy":"post_tag","embeddable":true,"href":"https:\/\/lasentinelle.dz\/index.php\/wp-json\/wp\/v2\/tags?post=3283"}],"curies":[{"name":"wp","href":"https:\/\/api.w.org\/{rel}","templated":true}]}}