{"id":32889,"date":"2022-12-19T22:05:00","date_gmt":"2022-12-19T21:05:00","guid":{"rendered":"https:\/\/lasentinelle.dz\/?p=32889"},"modified":"2022-12-19T20:00:19","modified_gmt":"2022-12-19T19:00:19","slug":"relance-de-la-filiere-cuirs-et-textile-vers-la-creation-de-grands-poles-industriels-regionaux","status":"publish","type":"post","link":"https:\/\/lasentinelle.dz\/index.php\/2022\/12\/19\/relance-de-la-filiere-cuirs-et-textile-vers-la-creation-de-grands-poles-industriels-regionaux\/","title":{"rendered":"Relance de la fili\u00e8re cuirs et textile\u00a0: Vers la cr\u00e9ation de grands p\u00f4les industriels r\u00e9gionaux"},"content":{"rendered":"\n<p>La relance de la fili\u00e8re cuirs et textile dans l\u2019objectif de stimuler la production nationale et r\u00e9duire la facture \u00e0 l\u2019import est l\u2019une des priorit\u00e9s que s\u2019est fix\u00e9es le minist\u00e8re de l\u2019Industrie. Le d\u00e9partement d\u2019Ahmed Zeghdar compte ainsi que la mise en place p\u00f4les industriels dans les wilayas abritant ces industries pour en faire de v\u00e9ritables clusters susceptibles de booster la production. En effet, le premier responsable du secteur a indiqu\u00e9 hier lors d&rsquo;une conf\u00e9rence de presse en marge de l&rsquo;inauguration de la 5e \u00e9dition du Salon international du textile, habillement, cuir et \u00e9quipement \u00ab\u00a0TexStyle Expo, que dans le cadre des r\u00e9formes engag\u00e9es par le minist\u00e8re de l&rsquo;Industrie, quatre commissions nationales strat\u00e9giques intersectorielles seront install\u00e9es pour les industries m\u00e9caniques, les industries \u00e9lectriques et \u00e9lectroniques, les&nbsp; industries alimentaires, et les industries du textile et du cuir.<\/p>\n\n\n\n<p>L&rsquo;objectif de mettre sur pied une commission pour les industries du textile et du cuir est de cr\u00e9er un espace de dialogue et de concertation avec la participation de tous les acteurs, des secteurs public et priv\u00e9, activant dans les fili\u00e8res du textile et du cuir, outre les organismes officiels concern\u00e9s, les laboratoires de recherche, les centres de formation sp\u00e9cialis\u00e9s et les experts du domaine.Il s&rsquo;agit aussi par la mise en place de cette commission est de cr\u00e9er des p\u00f4les industriels dans les wilayas abritant ces industries, et r\u00e9duire partant la facture d&rsquo;importation, en plus d&rsquo;encourager et de promouvoir la qualit\u00e9.L&rsquo;objectif \u00e0 travers ces commissions consiste \u00e0 travailler de fa\u00e7on participative pour prendre des d\u00e9cisions et soutenir l&rsquo;investissement dans des activit\u00e9s \u00e9conomiques prioritaires, notamment les industries strat\u00e9giques \u00e0 l&rsquo;instar des industries m\u00e9caniques, \u00e9lectroniques et \u00e9lectriques, outre les industries alimentaires et celles du textile et du cuir.Elles visent \u00e9galement, selon M. Zeghdar, \u00e0 accorder une chance aux \u00e9tablissements publics en vue de satisfaire les besoins du march\u00e9 national, d\u00e9velopper la sous-traitance, inclure les locaux, renforcer la cha\u00eene des valeurs du produit national et cr\u00e9er des clusters industriels nationaux faisant office d&rsquo;espace de concertation entre eux et les autorit\u00e9s publiques.<\/p>\n\n\n\n<p>Par ailleurs le ministre a appel\u00e9 au recours au partenariat \u00e9tranger pour relancer la fili\u00e8re. Il a estim\u00e9 que les \u00e9v\u00e8nements tels que TexStyle Expo \u00ab\u00a0ouvrent la voie aux industriels alg\u00e9riens pour conclure des partenariats avec leurs homologues \u00e9trangers dans le domaine du textile et du cuir\u00a0\u00bb, appelant ces derniers \u00e0 \u00ab\u00a0intensifier les partenariats dans ce domaine\u00a0\u00bb.Pour encourager les investisseurs \u00e9trangers \u00e0 investir localement dans le domaine du textile et du cuir ainsi que dans d&rsquo;autres domaines, M. Zeghdar a rappel\u00e9 que la nouvelle loi sur l&rsquo;investissement accordait les m\u00eames mesures incitatives aux investisseurs locaux et \u00e9trangers, indiquant que la fili\u00e8re du textile et du cuir constitue l&rsquo;une des principales fili\u00e8res de l&rsquo;industrie manufacturi\u00e8re et est \u00e0 m\u00eame d&rsquo;assurer la diversification \u00e9conomique et de cr\u00e9er des opportunit\u00e9s d&#8217;emplois en Alg\u00e9rie.Le ministre a, par ailleurs, annonc\u00e9 que \u00ab\u00a0les entraves et les verrous seront lev\u00e9s pour nombre de projets d&rsquo;investissement en suspens depuis plusieurs ann\u00e9es\u00a0\u00bb.<\/p>\n\n\n\n<p><strong>Chokri Hafed<\/strong><\/p>\n","protected":false},"excerpt":{"rendered":"<p>La relance de la fili\u00e8re cuirs et textile dans l\u2019objectif de stimuler la production nationale et r\u00e9duire la facture \u00e0<\/p>\n","protected":false},"author":3,"featured_media":32930,"comment_status":"open","ping_status":"closed","sticky":false,"template":"","format":"standard","meta":{"colormag_page_container_layout":"default_layout","colormag_page_sidebar_layout":"default_layout","om_disable_all_campaigns":false,"_monsterinsights_skip_tracking":false,"_monsterinsights_sitenote_active":false,"_monsterinsights_sitenote_note":"","_monsterinsights_sitenote_category":0,"footnotes":"","_wpscppro_dont_share_socialmedia":false,"_wpscppro_custom_social_share_image":0,"_facebook_share_type":"","_twitter_share_type":"","_linkedin_share_type":"","_pinterest_share_type":"","_linkedin_share_type_page":"","_instagram_share_type":"","_medium_share_type":"","_threads_share_type":"","_google_business_share_type":"","_selected_social_profile":[],"_wpsp_enable_custom_social_template":false,"_wpsp_social_scheduling":{"enabled":false,"datetime":null,"platforms":[],"status":"template_only","dateOption":"today","timeOption":"now","customDays":"","customHours":"","customDate":"","customTime":"","schedulingType":"absolute"},"_wpsp_active_default_template":true},"categories":[29],"tags":[],"class_list":["post-32889","post","type-post","status-publish","format-standard","has-post-thumbnail","hentry","category-economie"],"aioseo_notices":[],"yoast_head":"<!-- This site is optimized with the Yoast SEO plugin v27.5 - https:\/\/yoast.com\/product\/yoast-seo-wordpress\/ -->\n<title>Relance de la fili\u00e8re cuirs et textile\u00a0: Vers la cr\u00e9ation de grands p\u00f4les industriels r\u00e9gionaux - La Sentinelle<\/title>\n<meta name=\"robots\" content=\"index, follow, max-snippet:-1, max-image-preview:large, max-video-preview:-1\" \/>\n<link rel=\"canonical\" href=\"https:\/\/lasentinelle.dz\/index.php\/2022\/12\/19\/relance-de-la-filiere-cuirs-et-textile-vers-la-creation-de-grands-poles-industriels-regionaux\/\" \/>\n<meta property=\"og:locale\" content=\"fr_FR\" \/>\n<meta property=\"og:type\" content=\"article\" \/>\n<meta property=\"og:title\" content=\"Relance de la fili\u00e8re cuirs et textile\u00a0: Vers la cr\u00e9ation de grands p\u00f4les industriels r\u00e9gionaux - La Sentinelle\" \/>\n<meta property=\"og:description\" content=\"La relance de la fili\u00e8re cuirs et textile dans l\u2019objectif de stimuler la production nationale et r\u00e9duire la facture \u00e0\" \/>\n<meta property=\"og:url\" content=\"https:\/\/lasentinelle.dz\/index.php\/2022\/12\/19\/relance-de-la-filiere-cuirs-et-textile-vers-la-creation-de-grands-poles-industriels-regionaux\/\" \/>\n<meta property=\"og:site_name\" content=\"La Sentinelle\" \/>\n<meta property=\"article:publisher\" content=\"https:\/\/www.facebook.com\/La-Sentinelle-104059864394773\" \/>\n<meta property=\"article:published_time\" content=\"2022-12-19T21:05:00+00:00\" \/>\n<meta property=\"og:image\" content=\"https:\/\/lasentinelle.dz\/wp-content\/uploads\/2022\/12\/image_2022-12-19_195839654.png\" \/>\n\t<meta property=\"og:image:width\" content=\"555\" \/>\n\t<meta property=\"og:image:height\" content=\"555\" \/>\n\t<meta property=\"og:image:type\" content=\"image\/png\" \/>\n<meta name=\"author\" content=\"La Sentinelle\" \/>\n<meta name=\"twitter:card\" content=\"summary_large_image\" \/>\n<meta name=\"twitter:label1\" content=\"\u00c9crit par\" \/>\n\t<meta name=\"twitter:data1\" content=\"La Sentinelle\" \/>\n\t<meta name=\"twitter:label2\" content=\"Dur\u00e9e de lecture estim\u00e9e\" \/>\n\t<meta name=\"twitter:data2\" content=\"3 minutes\" \/>\n<script type=\"application\/ld+json\" class=\"yoast-schema-graph\">{\"@context\":\"https:\\\/\\\/schema.org\",\"@graph\":[{\"@type\":\"Article\",\"@id\":\"https:\\\/\\\/lasentinelle.dz\\\/index.php\\\/2022\\\/12\\\/19\\\/relance-de-la-filiere-cuirs-et-textile-vers-la-creation-de-grands-poles-industriels-regionaux\\\/#article\",\"isPartOf\":{\"@id\":\"https:\\\/\\\/lasentinelle.dz\\\/index.php\\\/2022\\\/12\\\/19\\\/relance-de-la-filiere-cuirs-et-textile-vers-la-creation-de-grands-poles-industriels-regionaux\\\/\"},\"author\":{\"name\":\"La Sentinelle\",\"@id\":\"https:\\\/\\\/lasentinelle.dz\\\/#\\\/schema\\\/person\\\/d865044e22e70a75174ce8bcad3acfb3\"},\"headline\":\"Relance de la fili\u00e8re cuirs et textile\u00a0: Vers la cr\u00e9ation de grands p\u00f4les industriels r\u00e9gionaux\",\"datePublished\":\"2022-12-19T21:05:00+00:00\",\"mainEntityOfPage\":{\"@id\":\"https:\\\/\\\/lasentinelle.dz\\\/index.php\\\/2022\\\/12\\\/19\\\/relance-de-la-filiere-cuirs-et-textile-vers-la-creation-de-grands-poles-industriels-regionaux\\\/\"},\"wordCount\":574,\"commentCount\":0,\"publisher\":{\"@id\":\"https:\\\/\\\/lasentinelle.dz\\\/#organization\"},\"image\":{\"@id\":\"https:\\\/\\\/lasentinelle.dz\\\/index.php\\\/2022\\\/12\\\/19\\\/relance-de-la-filiere-cuirs-et-textile-vers-la-creation-de-grands-poles-industriels-regionaux\\\/#primaryimage\"},\"thumbnailUrl\":\"https:\\\/\\\/lasentinelle.dz\\\/wp-content\\\/uploads\\\/2022\\\/12\\\/image_2022-12-19_195839654.png\",\"articleSection\":[\"\u00c9conomie\"],\"inLanguage\":\"fr-FR\",\"potentialAction\":[{\"@type\":\"CommentAction\",\"name\":\"Comment\",\"target\":[\"https:\\\/\\\/lasentinelle.dz\\\/index.php\\\/2022\\\/12\\\/19\\\/relance-de-la-filiere-cuirs-et-textile-vers-la-creation-de-grands-poles-industriels-regionaux\\\/#respond\"]}]},{\"@type\":\"WebPage\",\"@id\":\"https:\\\/\\\/lasentinelle.dz\\\/index.php\\\/2022\\\/12\\\/19\\\/relance-de-la-filiere-cuirs-et-textile-vers-la-creation-de-grands-poles-industriels-regionaux\\\/\",\"url\":\"https:\\\/\\\/lasentinelle.dz\\\/index.php\\\/2022\\\/12\\\/19\\\/relance-de-la-filiere-cuirs-et-textile-vers-la-creation-de-grands-poles-industriels-regionaux\\\/\",\"name\":\"Relance de la fili\u00e8re cuirs et textile\u00a0: Vers la cr\u00e9ation de grands p\u00f4les industriels r\u00e9gionaux - La Sentinelle\",\"isPartOf\":{\"@id\":\"https:\\\/\\\/lasentinelle.dz\\\/#website\"},\"primaryImageOfPage\":{\"@id\":\"https:\\\/\\\/lasentinelle.dz\\\/index.php\\\/2022\\\/12\\\/19\\\/relance-de-la-filiere-cuirs-et-textile-vers-la-creation-de-grands-poles-industriels-regionaux\\\/#primaryimage\"},\"image\":{\"@id\":\"https:\\\/\\\/lasentinelle.dz\\\/index.php\\\/2022\\\/12\\\/19\\\/relance-de-la-filiere-cuirs-et-textile-vers-la-creation-de-grands-poles-industriels-regionaux\\\/#primaryimage\"},\"thumbnailUrl\":\"https:\\\/\\\/lasentinelle.dz\\\/wp-content\\\/uploads\\\/2022\\\/12\\\/image_2022-12-19_195839654.png\",\"datePublished\":\"2022-12-19T21:05:00+00:00\",\"breadcrumb\":{\"@id\":\"https:\\\/\\\/lasentinelle.dz\\\/index.php\\\/2022\\\/12\\\/19\\\/relance-de-la-filiere-cuirs-et-textile-vers-la-creation-de-grands-poles-industriels-regionaux\\\/#breadcrumb\"},\"inLanguage\":\"fr-FR\",\"potentialAction\":[{\"@type\":\"ReadAction\",\"target\":[\"https:\\\/\\\/lasentinelle.dz\\\/index.php\\\/2022\\\/12\\\/19\\\/relance-de-la-filiere-cuirs-et-textile-vers-la-creation-de-grands-poles-industriels-regionaux\\\/\"]}]},{\"@type\":\"ImageObject\",\"inLanguage\":\"fr-FR\",\"@id\":\"https:\\\/\\\/lasentinelle.dz\\\/index.php\\\/2022\\\/12\\\/19\\\/relance-de-la-filiere-cuirs-et-textile-vers-la-creation-de-grands-poles-industriels-regionaux\\\/#primaryimage\",\"url\":\"https:\\\/\\\/lasentinelle.dz\\\/wp-content\\\/uploads\\\/2022\\\/12\\\/image_2022-12-19_195839654.png\",\"contentUrl\":\"https:\\\/\\\/lasentinelle.dz\\\/wp-content\\\/uploads\\\/2022\\\/12\\\/image_2022-12-19_195839654.png\",\"width\":555,\"height\":555},{\"@type\":\"BreadcrumbList\",\"@id\":\"https:\\\/\\\/lasentinelle.dz\\\/index.php\\\/2022\\\/12\\\/19\\\/relance-de-la-filiere-cuirs-et-textile-vers-la-creation-de-grands-poles-industriels-regionaux\\\/#breadcrumb\",\"itemListElement\":[{\"@type\":\"ListItem\",\"position\":1,\"name\":\"Accueil\",\"item\":\"https:\\\/\\\/lasentinelle.dz\\\/\"},{\"@type\":\"ListItem\",\"position\":2,\"name\":\"Relance de la fili\u00e8re cuirs et textile\u00a0: Vers la cr\u00e9ation de grands p\u00f4les industriels r\u00e9gionaux\"}]},{\"@type\":\"WebSite\",\"@id\":\"https:\\\/\\\/lasentinelle.dz\\\/#website\",\"url\":\"https:\\\/\\\/lasentinelle.dz\\\/\",\"name\":\"La Sentinelle\",\"description\":\"Quotidien national d&#039;information\",\"publisher\":{\"@id\":\"https:\\\/\\\/lasentinelle.dz\\\/#organization\"},\"potentialAction\":[{\"@type\":\"SearchAction\",\"target\":{\"@type\":\"EntryPoint\",\"urlTemplate\":\"https:\\\/\\\/lasentinelle.dz\\\/?s={search_term_string}\"},\"query-input\":{\"@type\":\"PropertyValueSpecification\",\"valueRequired\":true,\"valueName\":\"search_term_string\"}}],\"inLanguage\":\"fr-FR\"},{\"@type\":\"Organization\",\"@id\":\"https:\\\/\\\/lasentinelle.dz\\\/#organization\",\"name\":\"Quotidien La Sentinelle\",\"url\":\"https:\\\/\\\/lasentinelle.dz\\\/\",\"logo\":{\"@type\":\"ImageObject\",\"inLanguage\":\"fr-FR\",\"@id\":\"https:\\\/\\\/lasentinelle.dz\\\/#\\\/schema\\\/logo\\\/image\\\/\",\"url\":\"https:\\\/\\\/lasentinelle.dz\\\/wp-content\\\/uploads\\\/2021\\\/09\\\/logo-sentinelleSLOGAN-1.png\",\"contentUrl\":\"https:\\\/\\\/lasentinelle.dz\\\/wp-content\\\/uploads\\\/2021\\\/09\\\/logo-sentinelleSLOGAN-1.png\",\"width\":615,\"height\":142,\"caption\":\"Quotidien La Sentinelle\"},\"image\":{\"@id\":\"https:\\\/\\\/lasentinelle.dz\\\/#\\\/schema\\\/logo\\\/image\\\/\"},\"sameAs\":[\"https:\\\/\\\/www.facebook.com\\\/La-Sentinelle-104059864394773\"]},{\"@type\":\"Person\",\"@id\":\"https:\\\/\\\/lasentinelle.dz\\\/#\\\/schema\\\/person\\\/d865044e22e70a75174ce8bcad3acfb3\",\"name\":\"La Sentinelle\",\"image\":{\"@type\":\"ImageObject\",\"inLanguage\":\"fr-FR\",\"@id\":\"https:\\\/\\\/secure.gravatar.com\\\/avatar\\\/57de8e5d4b15d43fb361a71fbb36338450fe67865b528a43dd10ef7c51a20392?s=96&d=mm&r=g\",\"url\":\"https:\\\/\\\/secure.gravatar.com\\\/avatar\\\/57de8e5d4b15d43fb361a71fbb36338450fe67865b528a43dd10ef7c51a20392?s=96&d=mm&r=g\",\"contentUrl\":\"https:\\\/\\\/secure.gravatar.com\\\/avatar\\\/57de8e5d4b15d43fb361a71fbb36338450fe67865b528a43dd10ef7c51a20392?s=96&d=mm&r=g\",\"caption\":\"La Sentinelle\"},\"sameAs\":[\"http:\\\/\\\/www.lasentinelle.dz\"],\"url\":\"https:\\\/\\\/lasentinelle.dz\\\/author\\\/redaction\\\/\"}]}<\/script>\n<!-- \/ Yoast SEO plugin. -->","yoast_head_json":{"title":"Relance de la fili\u00e8re cuirs et textile\u00a0: Vers la cr\u00e9ation de grands p\u00f4les industriels r\u00e9gionaux - La Sentinelle","robots":{"index":"index","follow":"follow","max-snippet":"max-snippet:-1","max-image-preview":"max-image-preview:large","max-video-preview":"max-video-preview:-1"},"canonical":"https:\/\/lasentinelle.dz\/index.php\/2022\/12\/19\/relance-de-la-filiere-cuirs-et-textile-vers-la-creation-de-grands-poles-industriels-regionaux\/","og_locale":"fr_FR","og_type":"article","og_title":"Relance de la fili\u00e8re cuirs et textile\u00a0: Vers la cr\u00e9ation de grands p\u00f4les industriels r\u00e9gionaux - La Sentinelle","og_description":"La relance de la fili\u00e8re cuirs et textile dans l\u2019objectif de stimuler la production nationale et r\u00e9duire la facture \u00e0","og_url":"https:\/\/lasentinelle.dz\/index.php\/2022\/12\/19\/relance-de-la-filiere-cuirs-et-textile-vers-la-creation-de-grands-poles-industriels-regionaux\/","og_site_name":"La Sentinelle","article_publisher":"https:\/\/www.facebook.com\/La-Sentinelle-104059864394773","article_published_time":"2022-12-19T21:05:00+00:00","og_image":[{"width":555,"height":555,"url":"https:\/\/lasentinelle.dz\/wp-content\/uploads\/2022\/12\/image_2022-12-19_195839654.png","type":"image\/png"}],"author":"La Sentinelle","twitter_card":"summary_large_image","twitter_misc":{"\u00c9crit par":"La Sentinelle","Dur\u00e9e de lecture estim\u00e9e":"3 minutes"},"schema":{"@context":"https:\/\/schema.org","@graph":[{"@type":"Article","@id":"https:\/\/lasentinelle.dz\/index.php\/2022\/12\/19\/relance-de-la-filiere-cuirs-et-textile-vers-la-creation-de-grands-poles-industriels-regionaux\/#article","isPartOf":{"@id":"https:\/\/lasentinelle.dz\/index.php\/2022\/12\/19\/relance-de-la-filiere-cuirs-et-textile-vers-la-creation-de-grands-poles-industriels-regionaux\/"},"author":{"name":"La Sentinelle","@id":"https:\/\/lasentinelle.dz\/#\/schema\/person\/d865044e22e70a75174ce8bcad3acfb3"},"headline":"Relance de la fili\u00e8re cuirs et textile\u00a0: Vers la cr\u00e9ation de grands p\u00f4les industriels r\u00e9gionaux","datePublished":"2022-12-19T21:05:00+00:00","mainEntityOfPage":{"@id":"https:\/\/lasentinelle.dz\/index.php\/2022\/12\/19\/relance-de-la-filiere-cuirs-et-textile-vers-la-creation-de-grands-poles-industriels-regionaux\/"},"wordCount":574,"commentCount":0,"publisher":{"@id":"https:\/\/lasentinelle.dz\/#organization"},"image":{"@id":"https:\/\/lasentinelle.dz\/index.php\/2022\/12\/19\/relance-de-la-filiere-cuirs-et-textile-vers-la-creation-de-grands-poles-industriels-regionaux\/#primaryimage"},"thumbnailUrl":"https:\/\/lasentinelle.dz\/wp-content\/uploads\/2022\/12\/image_2022-12-19_195839654.png","articleSection":["\u00c9conomie"],"inLanguage":"fr-FR","potentialAction":[{"@type":"CommentAction","name":"Comment","target":["https:\/\/lasentinelle.dz\/index.php\/2022\/12\/19\/relance-de-la-filiere-cuirs-et-textile-vers-la-creation-de-grands-poles-industriels-regionaux\/#respond"]}]},{"@type":"WebPage","@id":"https:\/\/lasentinelle.dz\/index.php\/2022\/12\/19\/relance-de-la-filiere-cuirs-et-textile-vers-la-creation-de-grands-poles-industriels-regionaux\/","url":"https:\/\/lasentinelle.dz\/index.php\/2022\/12\/19\/relance-de-la-filiere-cuirs-et-textile-vers-la-creation-de-grands-poles-industriels-regionaux\/","name":"Relance de la fili\u00e8re cuirs et textile\u00a0: Vers la cr\u00e9ation de grands p\u00f4les industriels r\u00e9gionaux - La Sentinelle","isPartOf":{"@id":"https:\/\/lasentinelle.dz\/#website"},"primaryImageOfPage":{"@id":"https:\/\/lasentinelle.dz\/index.php\/2022\/12\/19\/relance-de-la-filiere-cuirs-et-textile-vers-la-creation-de-grands-poles-industriels-regionaux\/#primaryimage"},"image":{"@id":"https:\/\/lasentinelle.dz\/index.php\/2022\/12\/19\/relance-de-la-filiere-cuirs-et-textile-vers-la-creation-de-grands-poles-industriels-regionaux\/#primaryimage"},"thumbnailUrl":"https:\/\/lasentinelle.dz\/wp-content\/uploads\/2022\/12\/image_2022-12-19_195839654.png","datePublished":"2022-12-19T21:05:00+00:00","breadcrumb":{"@id":"https:\/\/lasentinelle.dz\/index.php\/2022\/12\/19\/relance-de-la-filiere-cuirs-et-textile-vers-la-creation-de-grands-poles-industriels-regionaux\/#breadcrumb"},"inLanguage":"fr-FR","potentialAction":[{"@type":"ReadAction","target":["https:\/\/lasentinelle.dz\/index.php\/2022\/12\/19\/relance-de-la-filiere-cuirs-et-textile-vers-la-creation-de-grands-poles-industriels-regionaux\/"]}]},{"@type":"ImageObject","inLanguage":"fr-FR","@id":"https:\/\/lasentinelle.dz\/index.php\/2022\/12\/19\/relance-de-la-filiere-cuirs-et-textile-vers-la-creation-de-grands-poles-industriels-regionaux\/#primaryimage","url":"https:\/\/lasentinelle.dz\/wp-content\/uploads\/2022\/12\/image_2022-12-19_195839654.png","contentUrl":"https:\/\/lasentinelle.dz\/wp-content\/uploads\/2022\/12\/image_2022-12-19_195839654.png","width":555,"height":555},{"@type":"BreadcrumbList","@id":"https:\/\/lasentinelle.dz\/index.php\/2022\/12\/19\/relance-de-la-filiere-cuirs-et-textile-vers-la-creation-de-grands-poles-industriels-regionaux\/#breadcrumb","itemListElement":[{"@type":"ListItem","position":1,"name":"Accueil","item":"https:\/\/lasentinelle.dz\/"},{"@type":"ListItem","position":2,"name":"Relance de la fili\u00e8re cuirs et textile\u00a0: Vers la cr\u00e9ation de grands p\u00f4les industriels r\u00e9gionaux"}]},{"@type":"WebSite","@id":"https:\/\/lasentinelle.dz\/#website","url":"https:\/\/lasentinelle.dz\/","name":"La Sentinelle","description":"Quotidien national d&#039;information","publisher":{"@id":"https:\/\/lasentinelle.dz\/#organization"},"potentialAction":[{"@type":"SearchAction","target":{"@type":"EntryPoint","urlTemplate":"https:\/\/lasentinelle.dz\/?s={search_term_string}"},"query-input":{"@type":"PropertyValueSpecification","valueRequired":true,"valueName":"search_term_string"}}],"inLanguage":"fr-FR"},{"@type":"Organization","@id":"https:\/\/lasentinelle.dz\/#organization","name":"Quotidien La Sentinelle","url":"https:\/\/lasentinelle.dz\/","logo":{"@type":"ImageObject","inLanguage":"fr-FR","@id":"https:\/\/lasentinelle.dz\/#\/schema\/logo\/image\/","url":"https:\/\/lasentinelle.dz\/wp-content\/uploads\/2021\/09\/logo-sentinelleSLOGAN-1.png","contentUrl":"https:\/\/lasentinelle.dz\/wp-content\/uploads\/2021\/09\/logo-sentinelleSLOGAN-1.png","width":615,"height":142,"caption":"Quotidien La Sentinelle"},"image":{"@id":"https:\/\/lasentinelle.dz\/#\/schema\/logo\/image\/"},"sameAs":["https:\/\/www.facebook.com\/La-Sentinelle-104059864394773"]},{"@type":"Person","@id":"https:\/\/lasentinelle.dz\/#\/schema\/person\/d865044e22e70a75174ce8bcad3acfb3","name":"La Sentinelle","image":{"@type":"ImageObject","inLanguage":"fr-FR","@id":"https:\/\/secure.gravatar.com\/avatar\/57de8e5d4b15d43fb361a71fbb36338450fe67865b528a43dd10ef7c51a20392?s=96&d=mm&r=g","url":"https:\/\/secure.gravatar.com\/avatar\/57de8e5d4b15d43fb361a71fbb36338450fe67865b528a43dd10ef7c51a20392?s=96&d=mm&r=g","contentUrl":"https:\/\/secure.gravatar.com\/avatar\/57de8e5d4b15d43fb361a71fbb36338450fe67865b528a43dd10ef7c51a20392?s=96&d=mm&r=g","caption":"La Sentinelle"},"sameAs":["http:\/\/www.lasentinelle.dz"],"url":"https:\/\/lasentinelle.dz\/author\/redaction\/"}]}},"_links":{"self":[{"href":"https:\/\/lasentinelle.dz\/index.php\/wp-json\/wp\/v2\/posts\/32889","targetHints":{"allow":["GET"]}}],"collection":[{"href":"https:\/\/lasentinelle.dz\/index.php\/wp-json\/wp\/v2\/posts"}],"about":[{"href":"https:\/\/lasentinelle.dz\/index.php\/wp-json\/wp\/v2\/types\/post"}],"author":[{"embeddable":true,"href":"https:\/\/lasentinelle.dz\/index.php\/wp-json\/wp\/v2\/users\/3"}],"replies":[{"embeddable":true,"href":"https:\/\/lasentinelle.dz\/index.php\/wp-json\/wp\/v2\/comments?post=32889"}],"version-history":[{"count":1,"href":"https:\/\/lasentinelle.dz\/index.php\/wp-json\/wp\/v2\/posts\/32889\/revisions"}],"predecessor-version":[{"id":32933,"href":"https:\/\/lasentinelle.dz\/index.php\/wp-json\/wp\/v2\/posts\/32889\/revisions\/32933"}],"wp:featuredmedia":[{"embeddable":true,"href":"https:\/\/lasentinelle.dz\/index.php\/wp-json\/wp\/v2\/media\/32930"}],"wp:attachment":[{"href":"https:\/\/lasentinelle.dz\/index.php\/wp-json\/wp\/v2\/media?parent=32889"}],"wp:term":[{"taxonomy":"category","embeddable":true,"href":"https:\/\/lasentinelle.dz\/index.php\/wp-json\/wp\/v2\/categories?post=32889"},{"taxonomy":"post_tag","embeddable":true,"href":"https:\/\/lasentinelle.dz\/index.php\/wp-json\/wp\/v2\/tags?post=32889"}],"curies":[{"name":"wp","href":"https:\/\/api.w.org\/{rel}","templated":true}]}}