{"id":3291,"date":"2021-08-03T00:01:00","date_gmt":"2021-08-02T23:01:00","guid":{"rendered":"https:\/\/lasentinelle.dz\/?p=3291"},"modified":"2021-08-02T19:32:31","modified_gmt":"2021-08-02T18:32:31","slug":"secteur-de-la-communication-le-nouveau-cadre-reglementaire-se-prepare","status":"publish","type":"post","link":"https:\/\/lasentinelle.dz\/index.php\/2021\/08\/03\/secteur-de-la-communication-le-nouveau-cadre-reglementaire-se-prepare\/","title":{"rendered":"Secteur de la communication :Le nouveau cadre r\u00e9glementaire se pr\u00e9pare"},"content":{"rendered":"\n<p>&nbsp;Dans le but d\u2019adapter les nouvelles lois r\u00e9gissant le secteur de la communication \u00e0 la nouvelle Constitution, une rencontre a eu lieu dimanche pass\u00e9 et qui a \u00e9t\u00e9 pr\u00e9sid\u00e9e par A,mar Belhimer, ministre de la communication.C\u2019est au si\u00e8ge du minist\u00e8re de la Communication que cette rencontre a eu lieu. Celle-ci \u00ab s\u2019inscrit dans le cadre de l\u2019\u00e9laboration de nouvelles lois r\u00e9gissant le secteur de la communication afin de les adapter au contenu de la nouvelle Constitution, notamment l\u2019article 54 \u00bb, est-il indiqu\u00e9 dans le communiqu\u00e9 du d\u00e9partement g\u00e9r\u00e9 par d\u2019Ammar Belhimer. Et de pr\u00e9ciser \u00ab que cette rencontre s\u2019est d\u00e9roul\u00e9e en pr\u00e9sence du Conseiller du pr\u00e9sident de la R\u00e9publique, charg\u00e9 des entreprises et organisations internationales, de directeurs de m\u00e9dias publics, de repr\u00e9sentants activant dans le secteur, de chercheurs et juristes ainsi que d\u2019acteurs de la soci\u00e9t\u00e9 civile \u00bb.<\/p>\n\n\n\n<p>Le m\u00eame communiqu\u00e9 souligne que cette rencontre \u00ab vise \u00e0 la mise en place d\u2019une ing\u00e9nierie l\u00e9gislative de lois r\u00e9pondant aux mesures consultatives regroupant les acteurs du secteur, laquelle d\u00e9finit le travail du minist\u00e8re dans la promulgation de ces lois, essentiellement la loi organique relative aux m\u00e9dias, la loi relative \u00e0 l\u2019audiovisuel et l\u2019organisation de l\u2019activit\u00e9 de sondage, outre une s\u00e9rie de textes d\u2019application notamment le d\u00e9cret ex\u00e9cutif relatif \u00e0 l\u2019organisation de l\u2019activit\u00e9 de consulting en communication \u00bb.<\/p>\n\n\n\n<p>Il a \u00e9t\u00e9 \u00e9galement proc\u00e9d\u00e9 \u00e0 la mise sur place d\u2019un groupe de travail au minist\u00e8re de la communication pour le suivi et la mise \u00e0 jour de ces textes de loi.<\/p>\n\n\n\n<p>A la fin de ces travaux \u00ab Ammar Belhimer a charg\u00e9 la Commission minist\u00e9rielle en charge de l\u2019\u00e9laboration de ces textes de loi dans les plus brefs d\u00e9lais et d\u2019acc\u00e9l\u00e9rer de la cadence de travail \u00e0 travers la prise en charge des diff\u00e9rentes pr\u00e9occupations soulev\u00e9es lors de cette rencontre \u00bb.<\/p>\n\n\n\n<p>\u00ab La date du 5ao\u00fbt courant a \u00e9t\u00e9 fix\u00e9e pour la remise du premier rapport au ministre, notamment la loi organique relative aux m\u00e9dias et la loi relative \u00e0 l\u2019audiovisuel dont l\u2019\u00e9laboration touche \u00e0 sa fin, avant de la soumettre \u00e0 l\u2019Assembl\u00e9e populaire nationale (ANP) pour d\u00e9bat et enrichissement puis au Conseil des ministres pour approbation \u00bb, conclut le communiqu\u00e9. Pour rappel, le ministre de la Communication a pr\u00e9sent\u00e9, samedi lors de la premi\u00e8re r\u00e9union du gouvernement Benabderrahmaneun expos\u00e9 sur la strat\u00e9gie de communication gouvernementale.La pr\u00e9sentation a \u00e9t\u00e9 ax\u00e9e sur le d\u00e9veloppement de la communication des institutions et les m\u00e9thodes \u00e0 adopter en vue d\u2019am\u00e9liorer l\u2019information \u00e0 destination du citoyen, \u00e0 travers les sites internet des administrations publiques ainsi que sur les r\u00e9seaux sociaux.En outre, il a \u00e9t\u00e9 abord\u00e9 les r\u00e9formes juridiques et r\u00e9glementaires \u00e0 engager dans le domaine de l\u2019information.A l\u2019issue de l\u2019expos\u00e9, le Premier Ministre, Ministre des Finances a instruit le Ministre de la Communication \u00e0 l\u2019effet de parachever la mise en place des institutions en charge de la r\u00e9gulation du secteur de la communication et ce, en vue d\u2019assurer un respect des conditions d\u2019exercice de la profession de journalisme fond\u00e9e sur l\u2019opinion et l\u2019expression libre d\u2019une part et l\u2019\u00e9thique de la profession et les valeurs de notre soci\u00e9t\u00e9, selon le m\u00eame communiqu\u00e9.<\/p>\n\n\n\n<p>B. Amrani&nbsp;<\/p>\n","protected":false},"excerpt":{"rendered":"<p>&nbsp;Dans le but d\u2019adapter les nouvelles lois r\u00e9gissant le secteur de la communication \u00e0 la nouvelle Constitution, une rencontre a<\/p>\n","protected":false},"author":3,"featured_media":3294,"comment_status":"open","ping_status":"closed","sticky":false,"template":"","format":"standard","meta":{"colormag_page_container_layout":"default_layout","colormag_page_sidebar_layout":"default_layout","om_disable_all_campaigns":false,"_monsterinsights_skip_tracking":false,"_monsterinsights_sitenote_active":false,"_monsterinsights_sitenote_note":"","_monsterinsights_sitenote_category":0,"footnotes":"","_wpscppro_dont_share_socialmedia":false,"_wpscppro_custom_social_share_image":0,"_facebook_share_type":"","_twitter_share_type":"","_linkedin_share_type":"","_pinterest_share_type":"","_linkedin_share_type_page":"","_instagram_share_type":"","_medium_share_type":"","_threads_share_type":"","_google_business_share_type":"","_selected_social_profile":[],"_wpsp_enable_custom_social_template":false,"_wpsp_social_scheduling":{"enabled":false,"datetime":null,"platforms":[],"status":"template_only","dateOption":"today","timeOption":"now","customDays":"","customHours":"","customDate":"","customTime":"","schedulingType":"absolute"},"_wpsp_active_default_template":true},"categories":[27],"tags":[],"class_list":["post-3291","post","type-post","status-publish","format-standard","has-post-thumbnail","hentry","category-actualite"],"aioseo_notices":[],"yoast_head":"<!-- This site is optimized with the Yoast SEO plugin v27.5 - https:\/\/yoast.com\/product\/yoast-seo-wordpress\/ -->\n<title>Secteur de la communication :Le nouveau cadre r\u00e9glementaire se pr\u00e9pare - La Sentinelle<\/title>\n<meta name=\"robots\" content=\"index, follow, max-snippet:-1, max-image-preview:large, max-video-preview:-1\" \/>\n<link rel=\"canonical\" href=\"https:\/\/lasentinelle.dz\/index.php\/2021\/08\/03\/secteur-de-la-communication-le-nouveau-cadre-reglementaire-se-prepare\/\" \/>\n<meta property=\"og:locale\" content=\"fr_FR\" \/>\n<meta property=\"og:type\" content=\"article\" \/>\n<meta property=\"og:title\" content=\"Secteur de la communication :Le nouveau cadre r\u00e9glementaire se pr\u00e9pare - La Sentinelle\" \/>\n<meta property=\"og:description\" content=\"&nbsp;Dans le but d\u2019adapter les nouvelles lois r\u00e9gissant le secteur de la communication \u00e0 la nouvelle Constitution, une rencontre a\" \/>\n<meta property=\"og:url\" content=\"https:\/\/lasentinelle.dz\/index.php\/2021\/08\/03\/secteur-de-la-communication-le-nouveau-cadre-reglementaire-se-prepare\/\" \/>\n<meta property=\"og:site_name\" content=\"La Sentinelle\" \/>\n<meta property=\"article:publisher\" content=\"https:\/\/www.facebook.com\/La-Sentinelle-104059864394773\" \/>\n<meta property=\"article:published_time\" content=\"2021-08-02T23:01:00+00:00\" \/>\n<meta property=\"og:image\" content=\"https:\/\/lasentinelle.dz\/wp-content\/uploads\/2021\/08\/bel-himer.png\" \/>\n\t<meta property=\"og:image:width\" content=\"1600\" \/>\n\t<meta property=\"og:image:height\" content=\"900\" \/>\n\t<meta property=\"og:image:type\" content=\"image\/png\" \/>\n<meta name=\"author\" content=\"La Sentinelle\" \/>\n<meta name=\"twitter:card\" content=\"summary_large_image\" \/>\n<meta name=\"twitter:label1\" content=\"\u00c9crit par\" \/>\n\t<meta name=\"twitter:data1\" content=\"La Sentinelle\" \/>\n\t<meta name=\"twitter:label2\" content=\"Dur\u00e9e de lecture estim\u00e9e\" \/>\n\t<meta name=\"twitter:data2\" content=\"3 minutes\" \/>\n<script type=\"application\/ld+json\" class=\"yoast-schema-graph\">{\"@context\":\"https:\\\/\\\/schema.org\",\"@graph\":[{\"@type\":\"Article\",\"@id\":\"https:\\\/\\\/lasentinelle.dz\\\/index.php\\\/2021\\\/08\\\/03\\\/secteur-de-la-communication-le-nouveau-cadre-reglementaire-se-prepare\\\/#article\",\"isPartOf\":{\"@id\":\"https:\\\/\\\/lasentinelle.dz\\\/index.php\\\/2021\\\/08\\\/03\\\/secteur-de-la-communication-le-nouveau-cadre-reglementaire-se-prepare\\\/\"},\"author\":{\"name\":\"La Sentinelle\",\"@id\":\"https:\\\/\\\/lasentinelle.dz\\\/#\\\/schema\\\/person\\\/d865044e22e70a75174ce8bcad3acfb3\"},\"headline\":\"Secteur de la communication :Le nouveau cadre r\u00e9glementaire se pr\u00e9pare\",\"datePublished\":\"2021-08-02T23:01:00+00:00\",\"mainEntityOfPage\":{\"@id\":\"https:\\\/\\\/lasentinelle.dz\\\/index.php\\\/2021\\\/08\\\/03\\\/secteur-de-la-communication-le-nouveau-cadre-reglementaire-se-prepare\\\/\"},\"wordCount\":598,\"commentCount\":0,\"publisher\":{\"@id\":\"https:\\\/\\\/lasentinelle.dz\\\/#organization\"},\"image\":{\"@id\":\"https:\\\/\\\/lasentinelle.dz\\\/index.php\\\/2021\\\/08\\\/03\\\/secteur-de-la-communication-le-nouveau-cadre-reglementaire-se-prepare\\\/#primaryimage\"},\"thumbnailUrl\":\"https:\\\/\\\/lasentinelle.dz\\\/wp-content\\\/uploads\\\/2021\\\/08\\\/bel-himer.png\",\"articleSection\":[\"Actualit\u00e9\"],\"inLanguage\":\"fr-FR\",\"potentialAction\":[{\"@type\":\"CommentAction\",\"name\":\"Comment\",\"target\":[\"https:\\\/\\\/lasentinelle.dz\\\/index.php\\\/2021\\\/08\\\/03\\\/secteur-de-la-communication-le-nouveau-cadre-reglementaire-se-prepare\\\/#respond\"]}]},{\"@type\":\"WebPage\",\"@id\":\"https:\\\/\\\/lasentinelle.dz\\\/index.php\\\/2021\\\/08\\\/03\\\/secteur-de-la-communication-le-nouveau-cadre-reglementaire-se-prepare\\\/\",\"url\":\"https:\\\/\\\/lasentinelle.dz\\\/index.php\\\/2021\\\/08\\\/03\\\/secteur-de-la-communication-le-nouveau-cadre-reglementaire-se-prepare\\\/\",\"name\":\"Secteur de la communication :Le nouveau cadre r\u00e9glementaire se pr\u00e9pare - La Sentinelle\",\"isPartOf\":{\"@id\":\"https:\\\/\\\/lasentinelle.dz\\\/#website\"},\"primaryImageOfPage\":{\"@id\":\"https:\\\/\\\/lasentinelle.dz\\\/index.php\\\/2021\\\/08\\\/03\\\/secteur-de-la-communication-le-nouveau-cadre-reglementaire-se-prepare\\\/#primaryimage\"},\"image\":{\"@id\":\"https:\\\/\\\/lasentinelle.dz\\\/index.php\\\/2021\\\/08\\\/03\\\/secteur-de-la-communication-le-nouveau-cadre-reglementaire-se-prepare\\\/#primaryimage\"},\"thumbnailUrl\":\"https:\\\/\\\/lasentinelle.dz\\\/wp-content\\\/uploads\\\/2021\\\/08\\\/bel-himer.png\",\"datePublished\":\"2021-08-02T23:01:00+00:00\",\"breadcrumb\":{\"@id\":\"https:\\\/\\\/lasentinelle.dz\\\/index.php\\\/2021\\\/08\\\/03\\\/secteur-de-la-communication-le-nouveau-cadre-reglementaire-se-prepare\\\/#breadcrumb\"},\"inLanguage\":\"fr-FR\",\"potentialAction\":[{\"@type\":\"ReadAction\",\"target\":[\"https:\\\/\\\/lasentinelle.dz\\\/index.php\\\/2021\\\/08\\\/03\\\/secteur-de-la-communication-le-nouveau-cadre-reglementaire-se-prepare\\\/\"]}]},{\"@type\":\"ImageObject\",\"inLanguage\":\"fr-FR\",\"@id\":\"https:\\\/\\\/lasentinelle.dz\\\/index.php\\\/2021\\\/08\\\/03\\\/secteur-de-la-communication-le-nouveau-cadre-reglementaire-se-prepare\\\/#primaryimage\",\"url\":\"https:\\\/\\\/lasentinelle.dz\\\/wp-content\\\/uploads\\\/2021\\\/08\\\/bel-himer.png\",\"contentUrl\":\"https:\\\/\\\/lasentinelle.dz\\\/wp-content\\\/uploads\\\/2021\\\/08\\\/bel-himer.png\",\"width\":1600,\"height\":900},{\"@type\":\"BreadcrumbList\",\"@id\":\"https:\\\/\\\/lasentinelle.dz\\\/index.php\\\/2021\\\/08\\\/03\\\/secteur-de-la-communication-le-nouveau-cadre-reglementaire-se-prepare\\\/#breadcrumb\",\"itemListElement\":[{\"@type\":\"ListItem\",\"position\":1,\"name\":\"Accueil\",\"item\":\"https:\\\/\\\/lasentinelle.dz\\\/\"},{\"@type\":\"ListItem\",\"position\":2,\"name\":\"Secteur de la communication :Le nouveau cadre r\u00e9glementaire se pr\u00e9pare\"}]},{\"@type\":\"WebSite\",\"@id\":\"https:\\\/\\\/lasentinelle.dz\\\/#website\",\"url\":\"https:\\\/\\\/lasentinelle.dz\\\/\",\"name\":\"La Sentinelle\",\"description\":\"Quotidien national d&#039;information\",\"publisher\":{\"@id\":\"https:\\\/\\\/lasentinelle.dz\\\/#organization\"},\"potentialAction\":[{\"@type\":\"SearchAction\",\"target\":{\"@type\":\"EntryPoint\",\"urlTemplate\":\"https:\\\/\\\/lasentinelle.dz\\\/?s={search_term_string}\"},\"query-input\":{\"@type\":\"PropertyValueSpecification\",\"valueRequired\":true,\"valueName\":\"search_term_string\"}}],\"inLanguage\":\"fr-FR\"},{\"@type\":\"Organization\",\"@id\":\"https:\\\/\\\/lasentinelle.dz\\\/#organization\",\"name\":\"Quotidien La Sentinelle\",\"url\":\"https:\\\/\\\/lasentinelle.dz\\\/\",\"logo\":{\"@type\":\"ImageObject\",\"inLanguage\":\"fr-FR\",\"@id\":\"https:\\\/\\\/lasentinelle.dz\\\/#\\\/schema\\\/logo\\\/image\\\/\",\"url\":\"https:\\\/\\\/lasentinelle.dz\\\/wp-content\\\/uploads\\\/2021\\\/09\\\/logo-sentinelleSLOGAN-1.png\",\"contentUrl\":\"https:\\\/\\\/lasentinelle.dz\\\/wp-content\\\/uploads\\\/2021\\\/09\\\/logo-sentinelleSLOGAN-1.png\",\"width\":615,\"height\":142,\"caption\":\"Quotidien La Sentinelle\"},\"image\":{\"@id\":\"https:\\\/\\\/lasentinelle.dz\\\/#\\\/schema\\\/logo\\\/image\\\/\"},\"sameAs\":[\"https:\\\/\\\/www.facebook.com\\\/La-Sentinelle-104059864394773\"]},{\"@type\":\"Person\",\"@id\":\"https:\\\/\\\/lasentinelle.dz\\\/#\\\/schema\\\/person\\\/d865044e22e70a75174ce8bcad3acfb3\",\"name\":\"La Sentinelle\",\"image\":{\"@type\":\"ImageObject\",\"inLanguage\":\"fr-FR\",\"@id\":\"https:\\\/\\\/secure.gravatar.com\\\/avatar\\\/57de8e5d4b15d43fb361a71fbb36338450fe67865b528a43dd10ef7c51a20392?s=96&d=mm&r=g\",\"url\":\"https:\\\/\\\/secure.gravatar.com\\\/avatar\\\/57de8e5d4b15d43fb361a71fbb36338450fe67865b528a43dd10ef7c51a20392?s=96&d=mm&r=g\",\"contentUrl\":\"https:\\\/\\\/secure.gravatar.com\\\/avatar\\\/57de8e5d4b15d43fb361a71fbb36338450fe67865b528a43dd10ef7c51a20392?s=96&d=mm&r=g\",\"caption\":\"La Sentinelle\"},\"sameAs\":[\"http:\\\/\\\/www.lasentinelle.dz\"],\"url\":\"https:\\\/\\\/lasentinelle.dz\\\/author\\\/redaction\\\/\"}]}<\/script>\n<!-- \/ Yoast SEO plugin. -->","yoast_head_json":{"title":"Secteur de la communication :Le nouveau cadre r\u00e9glementaire se pr\u00e9pare - La Sentinelle","robots":{"index":"index","follow":"follow","max-snippet":"max-snippet:-1","max-image-preview":"max-image-preview:large","max-video-preview":"max-video-preview:-1"},"canonical":"https:\/\/lasentinelle.dz\/index.php\/2021\/08\/03\/secteur-de-la-communication-le-nouveau-cadre-reglementaire-se-prepare\/","og_locale":"fr_FR","og_type":"article","og_title":"Secteur de la communication :Le nouveau cadre r\u00e9glementaire se pr\u00e9pare - La Sentinelle","og_description":"&nbsp;Dans le but d\u2019adapter les nouvelles lois r\u00e9gissant le secteur de la communication \u00e0 la nouvelle Constitution, une rencontre a","og_url":"https:\/\/lasentinelle.dz\/index.php\/2021\/08\/03\/secteur-de-la-communication-le-nouveau-cadre-reglementaire-se-prepare\/","og_site_name":"La Sentinelle","article_publisher":"https:\/\/www.facebook.com\/La-Sentinelle-104059864394773","article_published_time":"2021-08-02T23:01:00+00:00","og_image":[{"width":1600,"height":900,"url":"https:\/\/lasentinelle.dz\/wp-content\/uploads\/2021\/08\/bel-himer.png","type":"image\/png"}],"author":"La Sentinelle","twitter_card":"summary_large_image","twitter_misc":{"\u00c9crit par":"La Sentinelle","Dur\u00e9e de lecture estim\u00e9e":"3 minutes"},"schema":{"@context":"https:\/\/schema.org","@graph":[{"@type":"Article","@id":"https:\/\/lasentinelle.dz\/index.php\/2021\/08\/03\/secteur-de-la-communication-le-nouveau-cadre-reglementaire-se-prepare\/#article","isPartOf":{"@id":"https:\/\/lasentinelle.dz\/index.php\/2021\/08\/03\/secteur-de-la-communication-le-nouveau-cadre-reglementaire-se-prepare\/"},"author":{"name":"La Sentinelle","@id":"https:\/\/lasentinelle.dz\/#\/schema\/person\/d865044e22e70a75174ce8bcad3acfb3"},"headline":"Secteur de la communication :Le nouveau cadre r\u00e9glementaire se pr\u00e9pare","datePublished":"2021-08-02T23:01:00+00:00","mainEntityOfPage":{"@id":"https:\/\/lasentinelle.dz\/index.php\/2021\/08\/03\/secteur-de-la-communication-le-nouveau-cadre-reglementaire-se-prepare\/"},"wordCount":598,"commentCount":0,"publisher":{"@id":"https:\/\/lasentinelle.dz\/#organization"},"image":{"@id":"https:\/\/lasentinelle.dz\/index.php\/2021\/08\/03\/secteur-de-la-communication-le-nouveau-cadre-reglementaire-se-prepare\/#primaryimage"},"thumbnailUrl":"https:\/\/lasentinelle.dz\/wp-content\/uploads\/2021\/08\/bel-himer.png","articleSection":["Actualit\u00e9"],"inLanguage":"fr-FR","potentialAction":[{"@type":"CommentAction","name":"Comment","target":["https:\/\/lasentinelle.dz\/index.php\/2021\/08\/03\/secteur-de-la-communication-le-nouveau-cadre-reglementaire-se-prepare\/#respond"]}]},{"@type":"WebPage","@id":"https:\/\/lasentinelle.dz\/index.php\/2021\/08\/03\/secteur-de-la-communication-le-nouveau-cadre-reglementaire-se-prepare\/","url":"https:\/\/lasentinelle.dz\/index.php\/2021\/08\/03\/secteur-de-la-communication-le-nouveau-cadre-reglementaire-se-prepare\/","name":"Secteur de la communication :Le nouveau cadre r\u00e9glementaire se pr\u00e9pare - La Sentinelle","isPartOf":{"@id":"https:\/\/lasentinelle.dz\/#website"},"primaryImageOfPage":{"@id":"https:\/\/lasentinelle.dz\/index.php\/2021\/08\/03\/secteur-de-la-communication-le-nouveau-cadre-reglementaire-se-prepare\/#primaryimage"},"image":{"@id":"https:\/\/lasentinelle.dz\/index.php\/2021\/08\/03\/secteur-de-la-communication-le-nouveau-cadre-reglementaire-se-prepare\/#primaryimage"},"thumbnailUrl":"https:\/\/lasentinelle.dz\/wp-content\/uploads\/2021\/08\/bel-himer.png","datePublished":"2021-08-02T23:01:00+00:00","breadcrumb":{"@id":"https:\/\/lasentinelle.dz\/index.php\/2021\/08\/03\/secteur-de-la-communication-le-nouveau-cadre-reglementaire-se-prepare\/#breadcrumb"},"inLanguage":"fr-FR","potentialAction":[{"@type":"ReadAction","target":["https:\/\/lasentinelle.dz\/index.php\/2021\/08\/03\/secteur-de-la-communication-le-nouveau-cadre-reglementaire-se-prepare\/"]}]},{"@type":"ImageObject","inLanguage":"fr-FR","@id":"https:\/\/lasentinelle.dz\/index.php\/2021\/08\/03\/secteur-de-la-communication-le-nouveau-cadre-reglementaire-se-prepare\/#primaryimage","url":"https:\/\/lasentinelle.dz\/wp-content\/uploads\/2021\/08\/bel-himer.png","contentUrl":"https:\/\/lasentinelle.dz\/wp-content\/uploads\/2021\/08\/bel-himer.png","width":1600,"height":900},{"@type":"BreadcrumbList","@id":"https:\/\/lasentinelle.dz\/index.php\/2021\/08\/03\/secteur-de-la-communication-le-nouveau-cadre-reglementaire-se-prepare\/#breadcrumb","itemListElement":[{"@type":"ListItem","position":1,"name":"Accueil","item":"https:\/\/lasentinelle.dz\/"},{"@type":"ListItem","position":2,"name":"Secteur de la communication :Le nouveau cadre r\u00e9glementaire se pr\u00e9pare"}]},{"@type":"WebSite","@id":"https:\/\/lasentinelle.dz\/#website","url":"https:\/\/lasentinelle.dz\/","name":"La Sentinelle","description":"Quotidien national d&#039;information","publisher":{"@id":"https:\/\/lasentinelle.dz\/#organization"},"potentialAction":[{"@type":"SearchAction","target":{"@type":"EntryPoint","urlTemplate":"https:\/\/lasentinelle.dz\/?s={search_term_string}"},"query-input":{"@type":"PropertyValueSpecification","valueRequired":true,"valueName":"search_term_string"}}],"inLanguage":"fr-FR"},{"@type":"Organization","@id":"https:\/\/lasentinelle.dz\/#organization","name":"Quotidien La Sentinelle","url":"https:\/\/lasentinelle.dz\/","logo":{"@type":"ImageObject","inLanguage":"fr-FR","@id":"https:\/\/lasentinelle.dz\/#\/schema\/logo\/image\/","url":"https:\/\/lasentinelle.dz\/wp-content\/uploads\/2021\/09\/logo-sentinelleSLOGAN-1.png","contentUrl":"https:\/\/lasentinelle.dz\/wp-content\/uploads\/2021\/09\/logo-sentinelleSLOGAN-1.png","width":615,"height":142,"caption":"Quotidien La Sentinelle"},"image":{"@id":"https:\/\/lasentinelle.dz\/#\/schema\/logo\/image\/"},"sameAs":["https:\/\/www.facebook.com\/La-Sentinelle-104059864394773"]},{"@type":"Person","@id":"https:\/\/lasentinelle.dz\/#\/schema\/person\/d865044e22e70a75174ce8bcad3acfb3","name":"La Sentinelle","image":{"@type":"ImageObject","inLanguage":"fr-FR","@id":"https:\/\/secure.gravatar.com\/avatar\/57de8e5d4b15d43fb361a71fbb36338450fe67865b528a43dd10ef7c51a20392?s=96&d=mm&r=g","url":"https:\/\/secure.gravatar.com\/avatar\/57de8e5d4b15d43fb361a71fbb36338450fe67865b528a43dd10ef7c51a20392?s=96&d=mm&r=g","contentUrl":"https:\/\/secure.gravatar.com\/avatar\/57de8e5d4b15d43fb361a71fbb36338450fe67865b528a43dd10ef7c51a20392?s=96&d=mm&r=g","caption":"La Sentinelle"},"sameAs":["http:\/\/www.lasentinelle.dz"],"url":"https:\/\/lasentinelle.dz\/author\/redaction\/"}]}},"_links":{"self":[{"href":"https:\/\/lasentinelle.dz\/index.php\/wp-json\/wp\/v2\/posts\/3291","targetHints":{"allow":["GET"]}}],"collection":[{"href":"https:\/\/lasentinelle.dz\/index.php\/wp-json\/wp\/v2\/posts"}],"about":[{"href":"https:\/\/lasentinelle.dz\/index.php\/wp-json\/wp\/v2\/types\/post"}],"author":[{"embeddable":true,"href":"https:\/\/lasentinelle.dz\/index.php\/wp-json\/wp\/v2\/users\/3"}],"replies":[{"embeddable":true,"href":"https:\/\/lasentinelle.dz\/index.php\/wp-json\/wp\/v2\/comments?post=3291"}],"version-history":[{"count":1,"href":"https:\/\/lasentinelle.dz\/index.php\/wp-json\/wp\/v2\/posts\/3291\/revisions"}],"predecessor-version":[{"id":3308,"href":"https:\/\/lasentinelle.dz\/index.php\/wp-json\/wp\/v2\/posts\/3291\/revisions\/3308"}],"wp:featuredmedia":[{"embeddable":true,"href":"https:\/\/lasentinelle.dz\/index.php\/wp-json\/wp\/v2\/media\/3294"}],"wp:attachment":[{"href":"https:\/\/lasentinelle.dz\/index.php\/wp-json\/wp\/v2\/media?parent=3291"}],"wp:term":[{"taxonomy":"category","embeddable":true,"href":"https:\/\/lasentinelle.dz\/index.php\/wp-json\/wp\/v2\/categories?post=3291"},{"taxonomy":"post_tag","embeddable":true,"href":"https:\/\/lasentinelle.dz\/index.php\/wp-json\/wp\/v2\/tags?post=3291"}],"curies":[{"name":"wp","href":"https:\/\/api.w.org\/{rel}","templated":true}]}}