{"id":32942,"date":"2022-12-20T22:00:00","date_gmt":"2022-12-20T21:00:00","guid":{"rendered":"https:\/\/lasentinelle.dz\/?p=32942"},"modified":"2022-12-20T17:27:34","modified_gmt":"2022-12-20T16:27:34","slug":"asie-la-coree-du-nord-denonce-la-nouvelle-strategie-de-defense-japonaise","status":"publish","type":"post","link":"https:\/\/lasentinelle.dz\/index.php\/2022\/12\/20\/asie-la-coree-du-nord-denonce-la-nouvelle-strategie-de-defense-japonaise\/","title":{"rendered":"Asie\u00a0: La Cor\u00e9e du Nord d\u00e9nonce la nouvelle strat\u00e9gie de d\u00e9fense japonaise"},"content":{"rendered":"\n<p>La Cor\u00e9e du Nord a d\u00e9nonc\u00e9 hier la nouvelle strat\u00e9gie de d\u00e9fense du Japon, la qualifiant de menace \u00abs\u00e9rieuse\u00bb contre la paix internationale, qui a \u00abfondamentalement chang\u00e9\u00bb l&rsquo;environnement s\u00e9curitaire r\u00e9gional, et a averti d&rsquo;une \u00abaction r\u00e9elle\u00bb en r\u00e9ponse. La semaine derni\u00e8re, le Japon a pr\u00e9sent\u00e9 sa nouvelle politique de d\u00e9fense dont l&rsquo;objectif est d&rsquo;accro\u00eetre consid\u00e9rablement ses capacit\u00e9s militaires au cours des cinq prochaines ann\u00e9es &#8211; y compris sa capacit\u00e9 de contre-attaque &#8211; en r\u00e9ponse aux menaces provenant de deux puissances nucl\u00e9aires, la Chine et la Cor\u00e9e du Nord. \u00abLe Japon cr\u00e9e une grave crise de s\u00e9curit\u00e9 (&#8230;) en adoptant une nouvelle strat\u00e9gie de s\u00e9curit\u00e9 qui officialise effectivement la possession de capacit\u00e9s de frappe pr\u00e9ventive contre d&rsquo;autres pays\u00bb, a d\u00e9clar\u00e9 le porte-parole du minist\u00e8re des Affaires \u00e9trang\u00e8res de la Cor\u00e9e Nord dans un communiqu\u00e9. \u00abLa formalisation de la nouvelle ligne d&rsquo;agression du Japon a fondamentalement chang\u00e9 l&rsquo;environnement s\u00e9curitaire en Asie de l&rsquo;Est\u00bb, indique le communiqu\u00e9, repris par l&rsquo;agence officielle KCNA. Tokyo se rendra compte que ce \u00abchoix (est) tr\u00e8s dangereux et mauvais\u00bb, a encore d\u00e9clar\u00e9 ce porte-parole, avertissant que Pyongyang \u00abcontinuera \u00e0 manifester l&rsquo;ampleur de son inqui\u00e9tude et de son m\u00e9contentement par des actions concr\u00e8tes\u00bb. Le nouveau document strat\u00e9gique du Japon avertit que les positions militaires de Moscou en Asie et sa coop\u00e9ration avec la Chine constituent \u00abune forte pr\u00e9occupation en mati\u00e8re de s\u00e9curit\u00e9\u00bb. La Maison Blanche a d\u00e9clar\u00e9 que cette refonte allait \u00abrenforcer et moderniser\u00bb l&rsquo;alliance militaire du Japon avec les \u00c9tats-Unis.<\/p>\n\n\n\n<p><strong>Agences<\/strong><\/p>\n","protected":false},"excerpt":{"rendered":"<p>La Cor\u00e9e du Nord a d\u00e9nonc\u00e9 hier la nouvelle strat\u00e9gie de d\u00e9fense du Japon, la qualifiant de menace \u00abs\u00e9rieuse\u00bb contre<\/p>\n","protected":false},"author":3,"featured_media":32961,"comment_status":"open","ping_status":"closed","sticky":false,"template":"","format":"standard","meta":{"colormag_page_container_layout":"default_layout","colormag_page_sidebar_layout":"default_layout","om_disable_all_campaigns":false,"_monsterinsights_skip_tracking":false,"_monsterinsights_sitenote_active":false,"_monsterinsights_sitenote_note":"","_monsterinsights_sitenote_category":0,"footnotes":"","_wpscppro_dont_share_socialmedia":false,"_wpscppro_custom_social_share_image":0,"_facebook_share_type":"","_twitter_share_type":"","_linkedin_share_type":"","_pinterest_share_type":"","_linkedin_share_type_page":"","_instagram_share_type":"","_medium_share_type":"","_threads_share_type":"","_google_business_share_type":"","_selected_social_profile":[],"_wpsp_enable_custom_social_template":false,"_wpsp_social_scheduling":{"enabled":false,"datetime":null,"platforms":[],"status":"template_only","dateOption":"today","timeOption":"now","customDays":"","customHours":"","customDate":"","customTime":"","schedulingType":"absolute"},"_wpsp_active_default_template":true},"categories":[37],"tags":[],"class_list":["post-32942","post","type-post","status-publish","format-standard","has-post-thumbnail","hentry","category-monde"],"aioseo_notices":[],"yoast_head":"<!-- This site is optimized with the Yoast SEO plugin v27.5 - https:\/\/yoast.com\/product\/yoast-seo-wordpress\/ -->\n<title>Asie\u00a0: La Cor\u00e9e du Nord d\u00e9nonce la nouvelle strat\u00e9gie de d\u00e9fense japonaise - La Sentinelle<\/title>\n<meta name=\"robots\" content=\"index, follow, max-snippet:-1, max-image-preview:large, max-video-preview:-1\" \/>\n<link rel=\"canonical\" href=\"https:\/\/lasentinelle.dz\/index.php\/2022\/12\/20\/asie-la-coree-du-nord-denonce-la-nouvelle-strategie-de-defense-japonaise\/\" \/>\n<meta property=\"og:locale\" content=\"fr_FR\" \/>\n<meta property=\"og:type\" content=\"article\" \/>\n<meta property=\"og:title\" content=\"Asie\u00a0: La Cor\u00e9e du Nord d\u00e9nonce la nouvelle strat\u00e9gie de d\u00e9fense japonaise - La Sentinelle\" \/>\n<meta property=\"og:description\" content=\"La Cor\u00e9e du Nord a d\u00e9nonc\u00e9 hier la nouvelle strat\u00e9gie de d\u00e9fense du Japon, la qualifiant de menace \u00abs\u00e9rieuse\u00bb contre\" \/>\n<meta property=\"og:url\" content=\"https:\/\/lasentinelle.dz\/index.php\/2022\/12\/20\/asie-la-coree-du-nord-denonce-la-nouvelle-strategie-de-defense-japonaise\/\" \/>\n<meta property=\"og:site_name\" content=\"La Sentinelle\" \/>\n<meta property=\"article:publisher\" content=\"https:\/\/www.facebook.com\/La-Sentinelle-104059864394773\" \/>\n<meta property=\"article:published_time\" content=\"2022-12-20T21:00:00+00:00\" \/>\n<meta property=\"og:image\" content=\"https:\/\/lasentinelle.dz\/wp-content\/uploads\/2022\/12\/image_2022-12-20_172638867-1024x683.png\" \/>\n\t<meta property=\"og:image:width\" content=\"1024\" \/>\n\t<meta property=\"og:image:height\" content=\"683\" \/>\n\t<meta property=\"og:image:type\" content=\"image\/png\" \/>\n<meta name=\"author\" content=\"La Sentinelle\" \/>\n<meta name=\"twitter:card\" content=\"summary_large_image\" \/>\n<meta name=\"twitter:label1\" content=\"\u00c9crit par\" \/>\n\t<meta name=\"twitter:data1\" content=\"La Sentinelle\" \/>\n\t<meta name=\"twitter:label2\" content=\"Dur\u00e9e de lecture estim\u00e9e\" \/>\n\t<meta name=\"twitter:data2\" content=\"2 minutes\" \/>\n<script type=\"application\/ld+json\" class=\"yoast-schema-graph\">{\"@context\":\"https:\\\/\\\/schema.org\",\"@graph\":[{\"@type\":\"Article\",\"@id\":\"https:\\\/\\\/lasentinelle.dz\\\/index.php\\\/2022\\\/12\\\/20\\\/asie-la-coree-du-nord-denonce-la-nouvelle-strategie-de-defense-japonaise\\\/#article\",\"isPartOf\":{\"@id\":\"https:\\\/\\\/lasentinelle.dz\\\/index.php\\\/2022\\\/12\\\/20\\\/asie-la-coree-du-nord-denonce-la-nouvelle-strategie-de-defense-japonaise\\\/\"},\"author\":{\"name\":\"La Sentinelle\",\"@id\":\"https:\\\/\\\/lasentinelle.dz\\\/#\\\/schema\\\/person\\\/d865044e22e70a75174ce8bcad3acfb3\"},\"headline\":\"Asie\u00a0: La Cor\u00e9e du Nord d\u00e9nonce la nouvelle strat\u00e9gie de d\u00e9fense japonaise\",\"datePublished\":\"2022-12-20T21:00:00+00:00\",\"mainEntityOfPage\":{\"@id\":\"https:\\\/\\\/lasentinelle.dz\\\/index.php\\\/2022\\\/12\\\/20\\\/asie-la-coree-du-nord-denonce-la-nouvelle-strategie-de-defense-japonaise\\\/\"},\"wordCount\":309,\"commentCount\":0,\"publisher\":{\"@id\":\"https:\\\/\\\/lasentinelle.dz\\\/#organization\"},\"image\":{\"@id\":\"https:\\\/\\\/lasentinelle.dz\\\/index.php\\\/2022\\\/12\\\/20\\\/asie-la-coree-du-nord-denonce-la-nouvelle-strategie-de-defense-japonaise\\\/#primaryimage\"},\"thumbnailUrl\":\"https:\\\/\\\/lasentinelle.dz\\\/wp-content\\\/uploads\\\/2022\\\/12\\\/image_2022-12-20_172638867.png\",\"articleSection\":[\"Monde\"],\"inLanguage\":\"fr-FR\",\"potentialAction\":[{\"@type\":\"CommentAction\",\"name\":\"Comment\",\"target\":[\"https:\\\/\\\/lasentinelle.dz\\\/index.php\\\/2022\\\/12\\\/20\\\/asie-la-coree-du-nord-denonce-la-nouvelle-strategie-de-defense-japonaise\\\/#respond\"]}]},{\"@type\":\"WebPage\",\"@id\":\"https:\\\/\\\/lasentinelle.dz\\\/index.php\\\/2022\\\/12\\\/20\\\/asie-la-coree-du-nord-denonce-la-nouvelle-strategie-de-defense-japonaise\\\/\",\"url\":\"https:\\\/\\\/lasentinelle.dz\\\/index.php\\\/2022\\\/12\\\/20\\\/asie-la-coree-du-nord-denonce-la-nouvelle-strategie-de-defense-japonaise\\\/\",\"name\":\"Asie\u00a0: La Cor\u00e9e du Nord d\u00e9nonce la nouvelle strat\u00e9gie de d\u00e9fense japonaise - La Sentinelle\",\"isPartOf\":{\"@id\":\"https:\\\/\\\/lasentinelle.dz\\\/#website\"},\"primaryImageOfPage\":{\"@id\":\"https:\\\/\\\/lasentinelle.dz\\\/index.php\\\/2022\\\/12\\\/20\\\/asie-la-coree-du-nord-denonce-la-nouvelle-strategie-de-defense-japonaise\\\/#primaryimage\"},\"image\":{\"@id\":\"https:\\\/\\\/lasentinelle.dz\\\/index.php\\\/2022\\\/12\\\/20\\\/asie-la-coree-du-nord-denonce-la-nouvelle-strategie-de-defense-japonaise\\\/#primaryimage\"},\"thumbnailUrl\":\"https:\\\/\\\/lasentinelle.dz\\\/wp-content\\\/uploads\\\/2022\\\/12\\\/image_2022-12-20_172638867.png\",\"datePublished\":\"2022-12-20T21:00:00+00:00\",\"breadcrumb\":{\"@id\":\"https:\\\/\\\/lasentinelle.dz\\\/index.php\\\/2022\\\/12\\\/20\\\/asie-la-coree-du-nord-denonce-la-nouvelle-strategie-de-defense-japonaise\\\/#breadcrumb\"},\"inLanguage\":\"fr-FR\",\"potentialAction\":[{\"@type\":\"ReadAction\",\"target\":[\"https:\\\/\\\/lasentinelle.dz\\\/index.php\\\/2022\\\/12\\\/20\\\/asie-la-coree-du-nord-denonce-la-nouvelle-strategie-de-defense-japonaise\\\/\"]}]},{\"@type\":\"ImageObject\",\"inLanguage\":\"fr-FR\",\"@id\":\"https:\\\/\\\/lasentinelle.dz\\\/index.php\\\/2022\\\/12\\\/20\\\/asie-la-coree-du-nord-denonce-la-nouvelle-strategie-de-defense-japonaise\\\/#primaryimage\",\"url\":\"https:\\\/\\\/lasentinelle.dz\\\/wp-content\\\/uploads\\\/2022\\\/12\\\/image_2022-12-20_172638867.png\",\"contentUrl\":\"https:\\\/\\\/lasentinelle.dz\\\/wp-content\\\/uploads\\\/2022\\\/12\\\/image_2022-12-20_172638867.png\",\"width\":3000,\"height\":2000},{\"@type\":\"BreadcrumbList\",\"@id\":\"https:\\\/\\\/lasentinelle.dz\\\/index.php\\\/2022\\\/12\\\/20\\\/asie-la-coree-du-nord-denonce-la-nouvelle-strategie-de-defense-japonaise\\\/#breadcrumb\",\"itemListElement\":[{\"@type\":\"ListItem\",\"position\":1,\"name\":\"Accueil\",\"item\":\"https:\\\/\\\/lasentinelle.dz\\\/\"},{\"@type\":\"ListItem\",\"position\":2,\"name\":\"Asie\u00a0: La Cor\u00e9e du Nord d\u00e9nonce la nouvelle strat\u00e9gie de d\u00e9fense japonaise\"}]},{\"@type\":\"WebSite\",\"@id\":\"https:\\\/\\\/lasentinelle.dz\\\/#website\",\"url\":\"https:\\\/\\\/lasentinelle.dz\\\/\",\"name\":\"La Sentinelle\",\"description\":\"Quotidien national d&#039;information\",\"publisher\":{\"@id\":\"https:\\\/\\\/lasentinelle.dz\\\/#organization\"},\"potentialAction\":[{\"@type\":\"SearchAction\",\"target\":{\"@type\":\"EntryPoint\",\"urlTemplate\":\"https:\\\/\\\/lasentinelle.dz\\\/?s={search_term_string}\"},\"query-input\":{\"@type\":\"PropertyValueSpecification\",\"valueRequired\":true,\"valueName\":\"search_term_string\"}}],\"inLanguage\":\"fr-FR\"},{\"@type\":\"Organization\",\"@id\":\"https:\\\/\\\/lasentinelle.dz\\\/#organization\",\"name\":\"Quotidien La Sentinelle\",\"url\":\"https:\\\/\\\/lasentinelle.dz\\\/\",\"logo\":{\"@type\":\"ImageObject\",\"inLanguage\":\"fr-FR\",\"@id\":\"https:\\\/\\\/lasentinelle.dz\\\/#\\\/schema\\\/logo\\\/image\\\/\",\"url\":\"https:\\\/\\\/lasentinelle.dz\\\/wp-content\\\/uploads\\\/2021\\\/09\\\/logo-sentinelleSLOGAN-1.png\",\"contentUrl\":\"https:\\\/\\\/lasentinelle.dz\\\/wp-content\\\/uploads\\\/2021\\\/09\\\/logo-sentinelleSLOGAN-1.png\",\"width\":615,\"height\":142,\"caption\":\"Quotidien La Sentinelle\"},\"image\":{\"@id\":\"https:\\\/\\\/lasentinelle.dz\\\/#\\\/schema\\\/logo\\\/image\\\/\"},\"sameAs\":[\"https:\\\/\\\/www.facebook.com\\\/La-Sentinelle-104059864394773\"]},{\"@type\":\"Person\",\"@id\":\"https:\\\/\\\/lasentinelle.dz\\\/#\\\/schema\\\/person\\\/d865044e22e70a75174ce8bcad3acfb3\",\"name\":\"La Sentinelle\",\"image\":{\"@type\":\"ImageObject\",\"inLanguage\":\"fr-FR\",\"@id\":\"https:\\\/\\\/secure.gravatar.com\\\/avatar\\\/57de8e5d4b15d43fb361a71fbb36338450fe67865b528a43dd10ef7c51a20392?s=96&d=mm&r=g\",\"url\":\"https:\\\/\\\/secure.gravatar.com\\\/avatar\\\/57de8e5d4b15d43fb361a71fbb36338450fe67865b528a43dd10ef7c51a20392?s=96&d=mm&r=g\",\"contentUrl\":\"https:\\\/\\\/secure.gravatar.com\\\/avatar\\\/57de8e5d4b15d43fb361a71fbb36338450fe67865b528a43dd10ef7c51a20392?s=96&d=mm&r=g\",\"caption\":\"La Sentinelle\"},\"sameAs\":[\"http:\\\/\\\/www.lasentinelle.dz\"],\"url\":\"https:\\\/\\\/lasentinelle.dz\\\/author\\\/redaction\\\/\"}]}<\/script>\n<!-- \/ Yoast SEO plugin. -->","yoast_head_json":{"title":"Asie\u00a0: La Cor\u00e9e du Nord d\u00e9nonce la nouvelle strat\u00e9gie de d\u00e9fense japonaise - La Sentinelle","robots":{"index":"index","follow":"follow","max-snippet":"max-snippet:-1","max-image-preview":"max-image-preview:large","max-video-preview":"max-video-preview:-1"},"canonical":"https:\/\/lasentinelle.dz\/index.php\/2022\/12\/20\/asie-la-coree-du-nord-denonce-la-nouvelle-strategie-de-defense-japonaise\/","og_locale":"fr_FR","og_type":"article","og_title":"Asie\u00a0: La Cor\u00e9e du Nord d\u00e9nonce la nouvelle strat\u00e9gie de d\u00e9fense japonaise - La Sentinelle","og_description":"La Cor\u00e9e du Nord a d\u00e9nonc\u00e9 hier la nouvelle strat\u00e9gie de d\u00e9fense du Japon, la qualifiant de menace \u00abs\u00e9rieuse\u00bb contre","og_url":"https:\/\/lasentinelle.dz\/index.php\/2022\/12\/20\/asie-la-coree-du-nord-denonce-la-nouvelle-strategie-de-defense-japonaise\/","og_site_name":"La Sentinelle","article_publisher":"https:\/\/www.facebook.com\/La-Sentinelle-104059864394773","article_published_time":"2022-12-20T21:00:00+00:00","og_image":[{"width":1024,"height":683,"url":"https:\/\/lasentinelle.dz\/wp-content\/uploads\/2022\/12\/image_2022-12-20_172638867-1024x683.png","type":"image\/png"}],"author":"La Sentinelle","twitter_card":"summary_large_image","twitter_misc":{"\u00c9crit par":"La Sentinelle","Dur\u00e9e de lecture estim\u00e9e":"2 minutes"},"schema":{"@context":"https:\/\/schema.org","@graph":[{"@type":"Article","@id":"https:\/\/lasentinelle.dz\/index.php\/2022\/12\/20\/asie-la-coree-du-nord-denonce-la-nouvelle-strategie-de-defense-japonaise\/#article","isPartOf":{"@id":"https:\/\/lasentinelle.dz\/index.php\/2022\/12\/20\/asie-la-coree-du-nord-denonce-la-nouvelle-strategie-de-defense-japonaise\/"},"author":{"name":"La Sentinelle","@id":"https:\/\/lasentinelle.dz\/#\/schema\/person\/d865044e22e70a75174ce8bcad3acfb3"},"headline":"Asie\u00a0: La Cor\u00e9e du Nord d\u00e9nonce la nouvelle strat\u00e9gie de d\u00e9fense japonaise","datePublished":"2022-12-20T21:00:00+00:00","mainEntityOfPage":{"@id":"https:\/\/lasentinelle.dz\/index.php\/2022\/12\/20\/asie-la-coree-du-nord-denonce-la-nouvelle-strategie-de-defense-japonaise\/"},"wordCount":309,"commentCount":0,"publisher":{"@id":"https:\/\/lasentinelle.dz\/#organization"},"image":{"@id":"https:\/\/lasentinelle.dz\/index.php\/2022\/12\/20\/asie-la-coree-du-nord-denonce-la-nouvelle-strategie-de-defense-japonaise\/#primaryimage"},"thumbnailUrl":"https:\/\/lasentinelle.dz\/wp-content\/uploads\/2022\/12\/image_2022-12-20_172638867.png","articleSection":["Monde"],"inLanguage":"fr-FR","potentialAction":[{"@type":"CommentAction","name":"Comment","target":["https:\/\/lasentinelle.dz\/index.php\/2022\/12\/20\/asie-la-coree-du-nord-denonce-la-nouvelle-strategie-de-defense-japonaise\/#respond"]}]},{"@type":"WebPage","@id":"https:\/\/lasentinelle.dz\/index.php\/2022\/12\/20\/asie-la-coree-du-nord-denonce-la-nouvelle-strategie-de-defense-japonaise\/","url":"https:\/\/lasentinelle.dz\/index.php\/2022\/12\/20\/asie-la-coree-du-nord-denonce-la-nouvelle-strategie-de-defense-japonaise\/","name":"Asie\u00a0: La Cor\u00e9e du Nord d\u00e9nonce la nouvelle strat\u00e9gie de d\u00e9fense japonaise - La Sentinelle","isPartOf":{"@id":"https:\/\/lasentinelle.dz\/#website"},"primaryImageOfPage":{"@id":"https:\/\/lasentinelle.dz\/index.php\/2022\/12\/20\/asie-la-coree-du-nord-denonce-la-nouvelle-strategie-de-defense-japonaise\/#primaryimage"},"image":{"@id":"https:\/\/lasentinelle.dz\/index.php\/2022\/12\/20\/asie-la-coree-du-nord-denonce-la-nouvelle-strategie-de-defense-japonaise\/#primaryimage"},"thumbnailUrl":"https:\/\/lasentinelle.dz\/wp-content\/uploads\/2022\/12\/image_2022-12-20_172638867.png","datePublished":"2022-12-20T21:00:00+00:00","breadcrumb":{"@id":"https:\/\/lasentinelle.dz\/index.php\/2022\/12\/20\/asie-la-coree-du-nord-denonce-la-nouvelle-strategie-de-defense-japonaise\/#breadcrumb"},"inLanguage":"fr-FR","potentialAction":[{"@type":"ReadAction","target":["https:\/\/lasentinelle.dz\/index.php\/2022\/12\/20\/asie-la-coree-du-nord-denonce-la-nouvelle-strategie-de-defense-japonaise\/"]}]},{"@type":"ImageObject","inLanguage":"fr-FR","@id":"https:\/\/lasentinelle.dz\/index.php\/2022\/12\/20\/asie-la-coree-du-nord-denonce-la-nouvelle-strategie-de-defense-japonaise\/#primaryimage","url":"https:\/\/lasentinelle.dz\/wp-content\/uploads\/2022\/12\/image_2022-12-20_172638867.png","contentUrl":"https:\/\/lasentinelle.dz\/wp-content\/uploads\/2022\/12\/image_2022-12-20_172638867.png","width":3000,"height":2000},{"@type":"BreadcrumbList","@id":"https:\/\/lasentinelle.dz\/index.php\/2022\/12\/20\/asie-la-coree-du-nord-denonce-la-nouvelle-strategie-de-defense-japonaise\/#breadcrumb","itemListElement":[{"@type":"ListItem","position":1,"name":"Accueil","item":"https:\/\/lasentinelle.dz\/"},{"@type":"ListItem","position":2,"name":"Asie\u00a0: La Cor\u00e9e du Nord d\u00e9nonce la nouvelle strat\u00e9gie de d\u00e9fense japonaise"}]},{"@type":"WebSite","@id":"https:\/\/lasentinelle.dz\/#website","url":"https:\/\/lasentinelle.dz\/","name":"La Sentinelle","description":"Quotidien national d&#039;information","publisher":{"@id":"https:\/\/lasentinelle.dz\/#organization"},"potentialAction":[{"@type":"SearchAction","target":{"@type":"EntryPoint","urlTemplate":"https:\/\/lasentinelle.dz\/?s={search_term_string}"},"query-input":{"@type":"PropertyValueSpecification","valueRequired":true,"valueName":"search_term_string"}}],"inLanguage":"fr-FR"},{"@type":"Organization","@id":"https:\/\/lasentinelle.dz\/#organization","name":"Quotidien La Sentinelle","url":"https:\/\/lasentinelle.dz\/","logo":{"@type":"ImageObject","inLanguage":"fr-FR","@id":"https:\/\/lasentinelle.dz\/#\/schema\/logo\/image\/","url":"https:\/\/lasentinelle.dz\/wp-content\/uploads\/2021\/09\/logo-sentinelleSLOGAN-1.png","contentUrl":"https:\/\/lasentinelle.dz\/wp-content\/uploads\/2021\/09\/logo-sentinelleSLOGAN-1.png","width":615,"height":142,"caption":"Quotidien La Sentinelle"},"image":{"@id":"https:\/\/lasentinelle.dz\/#\/schema\/logo\/image\/"},"sameAs":["https:\/\/www.facebook.com\/La-Sentinelle-104059864394773"]},{"@type":"Person","@id":"https:\/\/lasentinelle.dz\/#\/schema\/person\/d865044e22e70a75174ce8bcad3acfb3","name":"La Sentinelle","image":{"@type":"ImageObject","inLanguage":"fr-FR","@id":"https:\/\/secure.gravatar.com\/avatar\/57de8e5d4b15d43fb361a71fbb36338450fe67865b528a43dd10ef7c51a20392?s=96&d=mm&r=g","url":"https:\/\/secure.gravatar.com\/avatar\/57de8e5d4b15d43fb361a71fbb36338450fe67865b528a43dd10ef7c51a20392?s=96&d=mm&r=g","contentUrl":"https:\/\/secure.gravatar.com\/avatar\/57de8e5d4b15d43fb361a71fbb36338450fe67865b528a43dd10ef7c51a20392?s=96&d=mm&r=g","caption":"La Sentinelle"},"sameAs":["http:\/\/www.lasentinelle.dz"],"url":"https:\/\/lasentinelle.dz\/author\/redaction\/"}]}},"_links":{"self":[{"href":"https:\/\/lasentinelle.dz\/index.php\/wp-json\/wp\/v2\/posts\/32942","targetHints":{"allow":["GET"]}}],"collection":[{"href":"https:\/\/lasentinelle.dz\/index.php\/wp-json\/wp\/v2\/posts"}],"about":[{"href":"https:\/\/lasentinelle.dz\/index.php\/wp-json\/wp\/v2\/types\/post"}],"author":[{"embeddable":true,"href":"https:\/\/lasentinelle.dz\/index.php\/wp-json\/wp\/v2\/users\/3"}],"replies":[{"embeddable":true,"href":"https:\/\/lasentinelle.dz\/index.php\/wp-json\/wp\/v2\/comments?post=32942"}],"version-history":[{"count":1,"href":"https:\/\/lasentinelle.dz\/index.php\/wp-json\/wp\/v2\/posts\/32942\/revisions"}],"predecessor-version":[{"id":32962,"href":"https:\/\/lasentinelle.dz\/index.php\/wp-json\/wp\/v2\/posts\/32942\/revisions\/32962"}],"wp:featuredmedia":[{"embeddable":true,"href":"https:\/\/lasentinelle.dz\/index.php\/wp-json\/wp\/v2\/media\/32961"}],"wp:attachment":[{"href":"https:\/\/lasentinelle.dz\/index.php\/wp-json\/wp\/v2\/media?parent=32942"}],"wp:term":[{"taxonomy":"category","embeddable":true,"href":"https:\/\/lasentinelle.dz\/index.php\/wp-json\/wp\/v2\/categories?post=32942"},{"taxonomy":"post_tag","embeddable":true,"href":"https:\/\/lasentinelle.dz\/index.php\/wp-json\/wp\/v2\/tags?post=32942"}],"curies":[{"name":"wp","href":"https:\/\/api.w.org\/{rel}","templated":true}]}}