{"id":32946,"date":"2022-12-20T22:00:00","date_gmt":"2022-12-20T21:00:00","guid":{"rendered":"https:\/\/lasentinelle.dz\/?p=32946"},"modified":"2022-12-20T17:18:05","modified_gmt":"2022-12-20T16:18:05","slug":"annaba-assemblee-generale-du-snopsen","status":"publish","type":"post","link":"https:\/\/lasentinelle.dz\/index.php\/2022\/12\/20\/annaba-assemblee-generale-du-snopsen\/","title":{"rendered":"Annaba\u00a0: Assembl\u00e9e g\u00e9n\u00e9rale du SNOPSEN\u00a0"},"content":{"rendered":"\n<p>Le bureau de wilaya du Syndicat national des ouvriers professionnels du secteur de l&rsquo;\u00e9ducation nationale (SNOPSEN), a tenu&nbsp; hier, une assembl\u00e9e g\u00e9n\u00e9rale, au cours de laquelle les pr\u00e9occupations des travailleurs au niveau local ont \u00e9t\u00e9 soulev\u00e9es pour \u00eatre port\u00e9es aux autorit\u00e9s pour l\u2019am\u00e9lioration de leurs conditions socioprofessionnelles.<\/p>\n\n\n\n<p>Selon une source relevant&nbsp; du bureau de wilaya du Syndicat de nombreuses pr\u00e9occupations professionnelles des ouvriers rattach\u00e9s au secteur aux niveaux local et national ont \u00e9t\u00e9 abord\u00e9es, lors de&nbsp; cette assembl\u00e9e g\u00e9n\u00e9rale qui s&rsquo;est tenue au lyc\u00e9e&nbsp; Djelamda Mohamed&nbsp; de Boukhadra dans la commune d\u2019El Bouni. Notre interlocuteur a soulign\u00e9 que les revendications des professionnels du secteur de l&rsquo;\u00e9ducation nationale&nbsp; des \u00e9tablissements d&rsquo;enseignement de la wilaya sont principalement li\u00e9es au paiement des salaires et des diverses d\u00e9penses impay\u00e9es. Ces derni\u00e8res&nbsp;&nbsp; n\u2019ont pas \u00e9t\u00e9 r\u00e9gl\u00e9es depuis un certain temps.&nbsp; Qu\u2019elles soient li\u00e9es \u00e0 l&rsquo;exp\u00e9rience professionnelle ou aux allocations familiales des&nbsp; travailleurs professionnels,&nbsp; la m\u00eame source a soulign\u00e9 l\u2019indiff\u00e9rence et le manque de s\u00e9rieux des services charg\u00e9es des finances, pour&nbsp; communiquer avec le bureau de wilaya afin de r\u00e9gler les diverses situations en suspens. L\u2019interlocuteur a soulev\u00e9 la situation des travailleurs professionnels charg\u00e9s du gardiennage&nbsp; des logements de fonction. L\u2019interlocuteur a, par ailleurs, d\u00e9nonc\u00e9 ce qu\u2019il qualifi\u00e9 de pratiques arbitraires de certains responsables d\u2019\u00e9tablissements&nbsp; \u00e0 l\u2019\u00e9gard des travailleurs. Au-del\u00e0 il a fait \u00e9tat&nbsp; du mauvais traitement et le m\u00e9pris subis par les membres du bureau de wilaya du Syndicat national des travailleurs professionnels de la part des fonctionnaires du service des salaires et d\u00e9penses, relevant de la direction de la wilaya d&rsquo;Annaba. S\u2019agissant de la tenue de cette assembl\u00e9e, la m\u00eame source a expliqu\u00e9, que le SNOPSEN bureau d\u2019Annaba, \u00e0 organis\u00e9 cette assembl\u00e9e sur la base d\u2019une correspondance interne du bureau national&nbsp; interne, lui demandant, c&rsquo;est-\u00e0-dire au SNOPSEN, bureau d\u2019Annaba pour&nbsp; \u00e9num\u00e9rer et la d\u00e9battre des pr\u00e9occupations, principalement celle li\u00e9es la privation de cette cat\u00e9gorie de la titularisation dans leurs&nbsp; postes de travail, a-t-on expliqu\u00e9. Leur statut de contractuelsles prive de b\u00e9n\u00e9ficier d\u2019\u00e9chelons de grades auxquels ouvrent droit les travailleurs&nbsp; qui cumulent plusieurs ann\u00e9es d\u2019exp\u00e9rience. Le d\u00e9faut de prise en charge de cette pr\u00e9occupation prive&nbsp; les travailleurs d\u2019augmentation de salaires et des mouvements de mutations et de promotions. En plus de les priver de la mention de la nature dans les d\u00e9cisions de d\u00e9signations.&nbsp; Selon notre interlocuteur, ceci&nbsp; a caus\u00e9&nbsp; beaucoup de confusion dans les t\u00e2ches au niveau de certains \u00e9tablissements. Du coup, a-t-il ajout\u00e9,&nbsp;&nbsp; ce qui a conduit \u00e0 l&rsquo;\u00e9mergence de discriminations entre les travailleurs sur la base du niveau de certaines administrations d\u2019\u00e9tablissements \u00e0 Annaba. Ces pr\u00e9occupations et bien d\u2019autres ont \u00e9t\u00e9 d\u00e9battues au cours de cette r\u00e9union, dont les r\u00e9sultats seront communiqu\u00e9s au bureau national du SNOPSEN, afin d\u2019\u00eatre remis aux autorit\u00e9s de tutelle, le minist\u00e8re de l\u2019\u00c9ducation nationale en l\u2019occurrence. Interrog\u00e9 sur les pr\u00e9visions de l\u2019aboutissement de cette action, le syndicaliste a fait savoir que toute action locale reste tributaire de la d\u00e9cision qui revient au bureau national du SNOPSEN. Selon lui la balle est dans le camp de la tutelle, \u00ab&nbsp;elle seule est capable de trancher dans le bon sens, pour \u00e9viter de se heurter \u00e0 une zone de turbulences&nbsp;\u00bb, a-t-il dit .<\/p>\n\n\n\n<p><strong>Sofia Chahine<\/strong><\/p>\n","protected":false},"excerpt":{"rendered":"<p>Le bureau de wilaya du Syndicat national des ouvriers professionnels du secteur de l&rsquo;\u00e9ducation nationale (SNOPSEN), a tenu&nbsp; hier, une<\/p>\n","protected":false},"author":3,"featured_media":21409,"comment_status":"open","ping_status":"closed","sticky":false,"template":"","format":"standard","meta":{"colormag_page_container_layout":"default_layout","colormag_page_sidebar_layout":"default_layout","om_disable_all_campaigns":false,"_monsterinsights_skip_tracking":false,"_monsterinsights_sitenote_active":false,"_monsterinsights_sitenote_note":"","_monsterinsights_sitenote_category":0,"footnotes":"","_wpscppro_dont_share_socialmedia":false,"_wpscppro_custom_social_share_image":0,"_facebook_share_type":"","_twitter_share_type":"","_linkedin_share_type":"","_pinterest_share_type":"","_linkedin_share_type_page":"","_instagram_share_type":"","_medium_share_type":"","_threads_share_type":"","_google_business_share_type":"","_selected_social_profile":[],"_wpsp_enable_custom_social_template":false,"_wpsp_social_scheduling":{"enabled":false,"datetime":null,"platforms":[],"status":"template_only","dateOption":"today","timeOption":"now","customDays":"","customHours":"","customDate":"","customTime":"","schedulingType":"absolute"},"_wpsp_active_default_template":true},"categories":[31],"tags":[],"class_list":["post-32946","post","type-post","status-publish","format-standard","has-post-thumbnail","hentry","category-regions"],"aioseo_notices":[],"yoast_head":"<!-- This site is optimized with the Yoast SEO plugin v27.5 - https:\/\/yoast.com\/product\/yoast-seo-wordpress\/ -->\n<title>Annaba\u00a0: Assembl\u00e9e g\u00e9n\u00e9rale du SNOPSEN\u00a0 - La Sentinelle<\/title>\n<meta name=\"robots\" content=\"index, follow, max-snippet:-1, max-image-preview:large, max-video-preview:-1\" \/>\n<link rel=\"canonical\" href=\"https:\/\/lasentinelle.dz\/index.php\/2022\/12\/20\/annaba-assemblee-generale-du-snopsen\/\" \/>\n<meta property=\"og:locale\" content=\"fr_FR\" \/>\n<meta property=\"og:type\" content=\"article\" \/>\n<meta property=\"og:title\" content=\"Annaba\u00a0: Assembl\u00e9e g\u00e9n\u00e9rale du SNOPSEN\u00a0 - La Sentinelle\" \/>\n<meta property=\"og:description\" content=\"Le bureau de wilaya du Syndicat national des ouvriers professionnels du secteur de l&rsquo;\u00e9ducation nationale (SNOPSEN), a tenu&nbsp; hier, une\" \/>\n<meta property=\"og:url\" content=\"https:\/\/lasentinelle.dz\/index.php\/2022\/12\/20\/annaba-assemblee-generale-du-snopsen\/\" \/>\n<meta property=\"og:site_name\" content=\"La Sentinelle\" \/>\n<meta property=\"article:publisher\" content=\"https:\/\/www.facebook.com\/La-Sentinelle-104059864394773\" \/>\n<meta property=\"article:published_time\" content=\"2022-12-20T21:00:00+00:00\" \/>\n<meta property=\"og:image\" content=\"https:\/\/lasentinelle.dz\/wp-content\/uploads\/2022\/05\/annaba11.png\" \/>\n\t<meta property=\"og:image:width\" content=\"900\" \/>\n\t<meta property=\"og:image:height\" content=\"900\" \/>\n\t<meta property=\"og:image:type\" content=\"image\/png\" \/>\n<meta name=\"author\" content=\"La Sentinelle\" \/>\n<meta name=\"twitter:card\" content=\"summary_large_image\" \/>\n<meta name=\"twitter:label1\" content=\"\u00c9crit par\" \/>\n\t<meta name=\"twitter:data1\" content=\"La Sentinelle\" \/>\n\t<meta name=\"twitter:label2\" content=\"Dur\u00e9e de lecture estim\u00e9e\" \/>\n\t<meta name=\"twitter:data2\" content=\"3 minutes\" \/>\n<script type=\"application\/ld+json\" class=\"yoast-schema-graph\">{\"@context\":\"https:\\\/\\\/schema.org\",\"@graph\":[{\"@type\":\"Article\",\"@id\":\"https:\\\/\\\/lasentinelle.dz\\\/index.php\\\/2022\\\/12\\\/20\\\/annaba-assemblee-generale-du-snopsen\\\/#article\",\"isPartOf\":{\"@id\":\"https:\\\/\\\/lasentinelle.dz\\\/index.php\\\/2022\\\/12\\\/20\\\/annaba-assemblee-generale-du-snopsen\\\/\"},\"author\":{\"name\":\"La Sentinelle\",\"@id\":\"https:\\\/\\\/lasentinelle.dz\\\/#\\\/schema\\\/person\\\/d865044e22e70a75174ce8bcad3acfb3\"},\"headline\":\"Annaba\u00a0: Assembl\u00e9e g\u00e9n\u00e9rale du SNOPSEN\u00a0\",\"datePublished\":\"2022-12-20T21:00:00+00:00\",\"mainEntityOfPage\":{\"@id\":\"https:\\\/\\\/lasentinelle.dz\\\/index.php\\\/2022\\\/12\\\/20\\\/annaba-assemblee-generale-du-snopsen\\\/\"},\"wordCount\":643,\"commentCount\":0,\"publisher\":{\"@id\":\"https:\\\/\\\/lasentinelle.dz\\\/#organization\"},\"image\":{\"@id\":\"https:\\\/\\\/lasentinelle.dz\\\/index.php\\\/2022\\\/12\\\/20\\\/annaba-assemblee-generale-du-snopsen\\\/#primaryimage\"},\"thumbnailUrl\":\"https:\\\/\\\/lasentinelle.dz\\\/wp-content\\\/uploads\\\/2022\\\/05\\\/annaba11.png\",\"articleSection\":[\"R\u00e9gions\"],\"inLanguage\":\"fr-FR\",\"potentialAction\":[{\"@type\":\"CommentAction\",\"name\":\"Comment\",\"target\":[\"https:\\\/\\\/lasentinelle.dz\\\/index.php\\\/2022\\\/12\\\/20\\\/annaba-assemblee-generale-du-snopsen\\\/#respond\"]}]},{\"@type\":\"WebPage\",\"@id\":\"https:\\\/\\\/lasentinelle.dz\\\/index.php\\\/2022\\\/12\\\/20\\\/annaba-assemblee-generale-du-snopsen\\\/\",\"url\":\"https:\\\/\\\/lasentinelle.dz\\\/index.php\\\/2022\\\/12\\\/20\\\/annaba-assemblee-generale-du-snopsen\\\/\",\"name\":\"Annaba\u00a0: Assembl\u00e9e g\u00e9n\u00e9rale du SNOPSEN\u00a0 - La Sentinelle\",\"isPartOf\":{\"@id\":\"https:\\\/\\\/lasentinelle.dz\\\/#website\"},\"primaryImageOfPage\":{\"@id\":\"https:\\\/\\\/lasentinelle.dz\\\/index.php\\\/2022\\\/12\\\/20\\\/annaba-assemblee-generale-du-snopsen\\\/#primaryimage\"},\"image\":{\"@id\":\"https:\\\/\\\/lasentinelle.dz\\\/index.php\\\/2022\\\/12\\\/20\\\/annaba-assemblee-generale-du-snopsen\\\/#primaryimage\"},\"thumbnailUrl\":\"https:\\\/\\\/lasentinelle.dz\\\/wp-content\\\/uploads\\\/2022\\\/05\\\/annaba11.png\",\"datePublished\":\"2022-12-20T21:00:00+00:00\",\"breadcrumb\":{\"@id\":\"https:\\\/\\\/lasentinelle.dz\\\/index.php\\\/2022\\\/12\\\/20\\\/annaba-assemblee-generale-du-snopsen\\\/#breadcrumb\"},\"inLanguage\":\"fr-FR\",\"potentialAction\":[{\"@type\":\"ReadAction\",\"target\":[\"https:\\\/\\\/lasentinelle.dz\\\/index.php\\\/2022\\\/12\\\/20\\\/annaba-assemblee-generale-du-snopsen\\\/\"]}]},{\"@type\":\"ImageObject\",\"inLanguage\":\"fr-FR\",\"@id\":\"https:\\\/\\\/lasentinelle.dz\\\/index.php\\\/2022\\\/12\\\/20\\\/annaba-assemblee-generale-du-snopsen\\\/#primaryimage\",\"url\":\"https:\\\/\\\/lasentinelle.dz\\\/wp-content\\\/uploads\\\/2022\\\/05\\\/annaba11.png\",\"contentUrl\":\"https:\\\/\\\/lasentinelle.dz\\\/wp-content\\\/uploads\\\/2022\\\/05\\\/annaba11.png\",\"width\":900,\"height\":900},{\"@type\":\"BreadcrumbList\",\"@id\":\"https:\\\/\\\/lasentinelle.dz\\\/index.php\\\/2022\\\/12\\\/20\\\/annaba-assemblee-generale-du-snopsen\\\/#breadcrumb\",\"itemListElement\":[{\"@type\":\"ListItem\",\"position\":1,\"name\":\"Accueil\",\"item\":\"https:\\\/\\\/lasentinelle.dz\\\/\"},{\"@type\":\"ListItem\",\"position\":2,\"name\":\"Annaba\u00a0: Assembl\u00e9e g\u00e9n\u00e9rale du SNOPSEN\u00a0\"}]},{\"@type\":\"WebSite\",\"@id\":\"https:\\\/\\\/lasentinelle.dz\\\/#website\",\"url\":\"https:\\\/\\\/lasentinelle.dz\\\/\",\"name\":\"La Sentinelle\",\"description\":\"Quotidien national d&#039;information\",\"publisher\":{\"@id\":\"https:\\\/\\\/lasentinelle.dz\\\/#organization\"},\"potentialAction\":[{\"@type\":\"SearchAction\",\"target\":{\"@type\":\"EntryPoint\",\"urlTemplate\":\"https:\\\/\\\/lasentinelle.dz\\\/?s={search_term_string}\"},\"query-input\":{\"@type\":\"PropertyValueSpecification\",\"valueRequired\":true,\"valueName\":\"search_term_string\"}}],\"inLanguage\":\"fr-FR\"},{\"@type\":\"Organization\",\"@id\":\"https:\\\/\\\/lasentinelle.dz\\\/#organization\",\"name\":\"Quotidien La Sentinelle\",\"url\":\"https:\\\/\\\/lasentinelle.dz\\\/\",\"logo\":{\"@type\":\"ImageObject\",\"inLanguage\":\"fr-FR\",\"@id\":\"https:\\\/\\\/lasentinelle.dz\\\/#\\\/schema\\\/logo\\\/image\\\/\",\"url\":\"https:\\\/\\\/lasentinelle.dz\\\/wp-content\\\/uploads\\\/2021\\\/09\\\/logo-sentinelleSLOGAN-1.png\",\"contentUrl\":\"https:\\\/\\\/lasentinelle.dz\\\/wp-content\\\/uploads\\\/2021\\\/09\\\/logo-sentinelleSLOGAN-1.png\",\"width\":615,\"height\":142,\"caption\":\"Quotidien La Sentinelle\"},\"image\":{\"@id\":\"https:\\\/\\\/lasentinelle.dz\\\/#\\\/schema\\\/logo\\\/image\\\/\"},\"sameAs\":[\"https:\\\/\\\/www.facebook.com\\\/La-Sentinelle-104059864394773\"]},{\"@type\":\"Person\",\"@id\":\"https:\\\/\\\/lasentinelle.dz\\\/#\\\/schema\\\/person\\\/d865044e22e70a75174ce8bcad3acfb3\",\"name\":\"La Sentinelle\",\"image\":{\"@type\":\"ImageObject\",\"inLanguage\":\"fr-FR\",\"@id\":\"https:\\\/\\\/secure.gravatar.com\\\/avatar\\\/57de8e5d4b15d43fb361a71fbb36338450fe67865b528a43dd10ef7c51a20392?s=96&d=mm&r=g\",\"url\":\"https:\\\/\\\/secure.gravatar.com\\\/avatar\\\/57de8e5d4b15d43fb361a71fbb36338450fe67865b528a43dd10ef7c51a20392?s=96&d=mm&r=g\",\"contentUrl\":\"https:\\\/\\\/secure.gravatar.com\\\/avatar\\\/57de8e5d4b15d43fb361a71fbb36338450fe67865b528a43dd10ef7c51a20392?s=96&d=mm&r=g\",\"caption\":\"La Sentinelle\"},\"sameAs\":[\"http:\\\/\\\/www.lasentinelle.dz\"],\"url\":\"https:\\\/\\\/lasentinelle.dz\\\/author\\\/redaction\\\/\"}]}<\/script>\n<!-- \/ Yoast SEO plugin. -->","yoast_head_json":{"title":"Annaba\u00a0: Assembl\u00e9e g\u00e9n\u00e9rale du SNOPSEN\u00a0 - La Sentinelle","robots":{"index":"index","follow":"follow","max-snippet":"max-snippet:-1","max-image-preview":"max-image-preview:large","max-video-preview":"max-video-preview:-1"},"canonical":"https:\/\/lasentinelle.dz\/index.php\/2022\/12\/20\/annaba-assemblee-generale-du-snopsen\/","og_locale":"fr_FR","og_type":"article","og_title":"Annaba\u00a0: Assembl\u00e9e g\u00e9n\u00e9rale du SNOPSEN\u00a0 - La Sentinelle","og_description":"Le bureau de wilaya du Syndicat national des ouvriers professionnels du secteur de l&rsquo;\u00e9ducation nationale (SNOPSEN), a tenu&nbsp; hier, une","og_url":"https:\/\/lasentinelle.dz\/index.php\/2022\/12\/20\/annaba-assemblee-generale-du-snopsen\/","og_site_name":"La Sentinelle","article_publisher":"https:\/\/www.facebook.com\/La-Sentinelle-104059864394773","article_published_time":"2022-12-20T21:00:00+00:00","og_image":[{"width":900,"height":900,"url":"https:\/\/lasentinelle.dz\/wp-content\/uploads\/2022\/05\/annaba11.png","type":"image\/png"}],"author":"La Sentinelle","twitter_card":"summary_large_image","twitter_misc":{"\u00c9crit par":"La Sentinelle","Dur\u00e9e de lecture estim\u00e9e":"3 minutes"},"schema":{"@context":"https:\/\/schema.org","@graph":[{"@type":"Article","@id":"https:\/\/lasentinelle.dz\/index.php\/2022\/12\/20\/annaba-assemblee-generale-du-snopsen\/#article","isPartOf":{"@id":"https:\/\/lasentinelle.dz\/index.php\/2022\/12\/20\/annaba-assemblee-generale-du-snopsen\/"},"author":{"name":"La Sentinelle","@id":"https:\/\/lasentinelle.dz\/#\/schema\/person\/d865044e22e70a75174ce8bcad3acfb3"},"headline":"Annaba\u00a0: Assembl\u00e9e g\u00e9n\u00e9rale du SNOPSEN\u00a0","datePublished":"2022-12-20T21:00:00+00:00","mainEntityOfPage":{"@id":"https:\/\/lasentinelle.dz\/index.php\/2022\/12\/20\/annaba-assemblee-generale-du-snopsen\/"},"wordCount":643,"commentCount":0,"publisher":{"@id":"https:\/\/lasentinelle.dz\/#organization"},"image":{"@id":"https:\/\/lasentinelle.dz\/index.php\/2022\/12\/20\/annaba-assemblee-generale-du-snopsen\/#primaryimage"},"thumbnailUrl":"https:\/\/lasentinelle.dz\/wp-content\/uploads\/2022\/05\/annaba11.png","articleSection":["R\u00e9gions"],"inLanguage":"fr-FR","potentialAction":[{"@type":"CommentAction","name":"Comment","target":["https:\/\/lasentinelle.dz\/index.php\/2022\/12\/20\/annaba-assemblee-generale-du-snopsen\/#respond"]}]},{"@type":"WebPage","@id":"https:\/\/lasentinelle.dz\/index.php\/2022\/12\/20\/annaba-assemblee-generale-du-snopsen\/","url":"https:\/\/lasentinelle.dz\/index.php\/2022\/12\/20\/annaba-assemblee-generale-du-snopsen\/","name":"Annaba\u00a0: Assembl\u00e9e g\u00e9n\u00e9rale du SNOPSEN\u00a0 - La Sentinelle","isPartOf":{"@id":"https:\/\/lasentinelle.dz\/#website"},"primaryImageOfPage":{"@id":"https:\/\/lasentinelle.dz\/index.php\/2022\/12\/20\/annaba-assemblee-generale-du-snopsen\/#primaryimage"},"image":{"@id":"https:\/\/lasentinelle.dz\/index.php\/2022\/12\/20\/annaba-assemblee-generale-du-snopsen\/#primaryimage"},"thumbnailUrl":"https:\/\/lasentinelle.dz\/wp-content\/uploads\/2022\/05\/annaba11.png","datePublished":"2022-12-20T21:00:00+00:00","breadcrumb":{"@id":"https:\/\/lasentinelle.dz\/index.php\/2022\/12\/20\/annaba-assemblee-generale-du-snopsen\/#breadcrumb"},"inLanguage":"fr-FR","potentialAction":[{"@type":"ReadAction","target":["https:\/\/lasentinelle.dz\/index.php\/2022\/12\/20\/annaba-assemblee-generale-du-snopsen\/"]}]},{"@type":"ImageObject","inLanguage":"fr-FR","@id":"https:\/\/lasentinelle.dz\/index.php\/2022\/12\/20\/annaba-assemblee-generale-du-snopsen\/#primaryimage","url":"https:\/\/lasentinelle.dz\/wp-content\/uploads\/2022\/05\/annaba11.png","contentUrl":"https:\/\/lasentinelle.dz\/wp-content\/uploads\/2022\/05\/annaba11.png","width":900,"height":900},{"@type":"BreadcrumbList","@id":"https:\/\/lasentinelle.dz\/index.php\/2022\/12\/20\/annaba-assemblee-generale-du-snopsen\/#breadcrumb","itemListElement":[{"@type":"ListItem","position":1,"name":"Accueil","item":"https:\/\/lasentinelle.dz\/"},{"@type":"ListItem","position":2,"name":"Annaba\u00a0: Assembl\u00e9e g\u00e9n\u00e9rale du SNOPSEN\u00a0"}]},{"@type":"WebSite","@id":"https:\/\/lasentinelle.dz\/#website","url":"https:\/\/lasentinelle.dz\/","name":"La Sentinelle","description":"Quotidien national d&#039;information","publisher":{"@id":"https:\/\/lasentinelle.dz\/#organization"},"potentialAction":[{"@type":"SearchAction","target":{"@type":"EntryPoint","urlTemplate":"https:\/\/lasentinelle.dz\/?s={search_term_string}"},"query-input":{"@type":"PropertyValueSpecification","valueRequired":true,"valueName":"search_term_string"}}],"inLanguage":"fr-FR"},{"@type":"Organization","@id":"https:\/\/lasentinelle.dz\/#organization","name":"Quotidien La Sentinelle","url":"https:\/\/lasentinelle.dz\/","logo":{"@type":"ImageObject","inLanguage":"fr-FR","@id":"https:\/\/lasentinelle.dz\/#\/schema\/logo\/image\/","url":"https:\/\/lasentinelle.dz\/wp-content\/uploads\/2021\/09\/logo-sentinelleSLOGAN-1.png","contentUrl":"https:\/\/lasentinelle.dz\/wp-content\/uploads\/2021\/09\/logo-sentinelleSLOGAN-1.png","width":615,"height":142,"caption":"Quotidien La Sentinelle"},"image":{"@id":"https:\/\/lasentinelle.dz\/#\/schema\/logo\/image\/"},"sameAs":["https:\/\/www.facebook.com\/La-Sentinelle-104059864394773"]},{"@type":"Person","@id":"https:\/\/lasentinelle.dz\/#\/schema\/person\/d865044e22e70a75174ce8bcad3acfb3","name":"La Sentinelle","image":{"@type":"ImageObject","inLanguage":"fr-FR","@id":"https:\/\/secure.gravatar.com\/avatar\/57de8e5d4b15d43fb361a71fbb36338450fe67865b528a43dd10ef7c51a20392?s=96&d=mm&r=g","url":"https:\/\/secure.gravatar.com\/avatar\/57de8e5d4b15d43fb361a71fbb36338450fe67865b528a43dd10ef7c51a20392?s=96&d=mm&r=g","contentUrl":"https:\/\/secure.gravatar.com\/avatar\/57de8e5d4b15d43fb361a71fbb36338450fe67865b528a43dd10ef7c51a20392?s=96&d=mm&r=g","caption":"La Sentinelle"},"sameAs":["http:\/\/www.lasentinelle.dz"],"url":"https:\/\/lasentinelle.dz\/author\/redaction\/"}]}},"_links":{"self":[{"href":"https:\/\/lasentinelle.dz\/index.php\/wp-json\/wp\/v2\/posts\/32946","targetHints":{"allow":["GET"]}}],"collection":[{"href":"https:\/\/lasentinelle.dz\/index.php\/wp-json\/wp\/v2\/posts"}],"about":[{"href":"https:\/\/lasentinelle.dz\/index.php\/wp-json\/wp\/v2\/types\/post"}],"author":[{"embeddable":true,"href":"https:\/\/lasentinelle.dz\/index.php\/wp-json\/wp\/v2\/users\/3"}],"replies":[{"embeddable":true,"href":"https:\/\/lasentinelle.dz\/index.php\/wp-json\/wp\/v2\/comments?post=32946"}],"version-history":[{"count":1,"href":"https:\/\/lasentinelle.dz\/index.php\/wp-json\/wp\/v2\/posts\/32946\/revisions"}],"predecessor-version":[{"id":32947,"href":"https:\/\/lasentinelle.dz\/index.php\/wp-json\/wp\/v2\/posts\/32946\/revisions\/32947"}],"wp:featuredmedia":[{"embeddable":true,"href":"https:\/\/lasentinelle.dz\/index.php\/wp-json\/wp\/v2\/media\/21409"}],"wp:attachment":[{"href":"https:\/\/lasentinelle.dz\/index.php\/wp-json\/wp\/v2\/media?parent=32946"}],"wp:term":[{"taxonomy":"category","embeddable":true,"href":"https:\/\/lasentinelle.dz\/index.php\/wp-json\/wp\/v2\/categories?post=32946"},{"taxonomy":"post_tag","embeddable":true,"href":"https:\/\/lasentinelle.dz\/index.php\/wp-json\/wp\/v2\/tags?post=32946"}],"curies":[{"name":"wp","href":"https:\/\/api.w.org\/{rel}","templated":true}]}}