{"id":32953,"date":"2022-12-20T22:05:00","date_gmt":"2022-12-20T21:05:00","guid":{"rendered":"https:\/\/lasentinelle.dz\/?p=32953"},"modified":"2022-12-20T17:26:52","modified_gmt":"2022-12-20T16:26:52","slug":"palestine-occupee-le-detenu-palestinien-nasser-abou-hamid-mort-en-martyr","status":"publish","type":"post","link":"https:\/\/lasentinelle.dz\/index.php\/2022\/12\/20\/palestine-occupee-le-detenu-palestinien-nasser-abou-hamid-mort-en-martyr\/","title":{"rendered":"Palestine occup\u00e9e\u00a0: Le d\u00e9tenu palestinien Nasser Abou Hamid mort en martyr"},"content":{"rendered":"\n<p>L&rsquo;Autorit\u00e9 des affaires des prisonniers de l&rsquo;Organisation de lib\u00e9ration de la Palestine (OLP) a d\u00e9clar\u00e9, mardi, que le prisonnier Nasser Abou Hamid \u00e9tait mort en martyr \u00e0 la suite d'\u00a0\u00bbune n\u00e9gligence m\u00e9dicale\u00a0\u00bb.La mort du prisonnier Nasser Abu Hamid (50 ans) est survenue dans un h\u00f4pital sioniste, pr\u00e9cise l&rsquo;OLP. L&rsquo;autorit\u00e9 accuse l&rsquo;occupant sioniste d&rsquo;avoir provoqu\u00e9 sa mort par sa \u00ab\u00a0politique d&rsquo;assassinat m\u00e9dical\u00a0\u00bb.De son cot\u00e9, le Club des prisonniers a confirm\u00e9 la nouvelle de la mort d&rsquo;Abu Hamid, indiquant que le nombre de martyrs \u00e0 l&rsquo;int\u00e9rieur des prisons sionistes est pass\u00e9 \u00e0 (233) depuis 1967, dont (74) martyrs sont morts \u00e0 la suite d&rsquo;une n\u00e9gligence m\u00e9dicale.Lundi apr\u00e8s-midi, Abou Hamid a \u00e9t\u00e9 transf\u00e9r\u00e9 dans un h\u00f4pital apr\u00e8s une tr\u00e8s grave d\u00e9t\u00e9rioration de son \u00e9tat de sant\u00e9.Le Palestinien Abou Hamid, du camp d&rsquo;Al-Amari pr\u00e8s de Ramallah, a \u00e9t\u00e9 arr\u00eat\u00e9 depuis 2002. Cinq de ses fr\u00e8res purgent \u00e9galement une peine \u00e0 perp\u00e9tuit\u00e9 dans les prisons de l&rsquo;occupation et le sixi\u00e8me a \u00e9t\u00e9 tu\u00e9 en 1994. En plus de la d\u00e9molition de leur maison \u00e0 plusieurs reprises, leur m\u00e8re a \u00e9t\u00e9 emp\u00each\u00e9e de leur rendre visite pendant des ann\u00e9es.L&rsquo;occupation d\u00e9tient 4 700 Palestiniens dans ses prisons, dont 150 enfants et 33 femmes, selon le Club des prisonniers palestiniens.<\/p>\n\n\n\n<p>La question des d\u00e9tentions des palestiniens dans les ge\u00f4les de l\u2019occupant suscite de l\u2019indignation internationale, notamment suite \u00e0 l\u2019affaire de de l&rsquo;avocat franco-palestinien Salah Hamouri. L&rsquo;ONU a condamn\u00e9 lundi l&rsquo;expulsion, par l&rsquo;entit\u00e9 sioniste, de l&rsquo;avocat franco-palestinien Salah Hamouri, d\u00e9tenu depuis mars sans accusation formelle, qualifiant le proc\u00e9d\u00e9 de \u00ab\u00a0crime de guerre\u00a0\u00bb.\u00a0\u00bbLe droit international humanitaire interdit l&rsquo;expulsion de personnes prot\u00e9g\u00e9es d&rsquo;un territoire occup\u00e9 et interdit explicitement de contraindre ces personnes \u00e0 pr\u00eater serment d&rsquo;all\u00e9geance \u00e0 la puissance occupante\u00a0\u00bb, a comment\u00e9 un porte-parole du Haut-Commissariat de l&rsquo;ONU aux droits de l&rsquo;homme, Jeremy Laurence.\u00a0\u00bbExpulser une personne prot\u00e9g\u00e9e d&rsquo;un territoire occup\u00e9 est une violation grave de la Quatri\u00e8me Convention de Gen\u00e8ve, constituant un crime de guerre\u00a0\u00bb, a-t-il ajout\u00e9 dans une d\u00e9claration envoy\u00e9e aux m\u00e9dias.Salah Hamouri a \u00e9t\u00e9 expuls\u00e9 dimanche vers la France. Ag\u00e9 de 37 ans, M. Hamouri avait \u00e9t\u00e9 condamn\u00e9 en mars \u00e0 trois mois de d\u00e9tention administrative.Le Bureau des droits de l&rsquo;homme de l&rsquo;ONU \u00ab\u00a0condamne l&rsquo;expulsion\u00a0\u00bb de M. Hamouri vers la France, \u00ab\u00a0et nous sommes profond\u00e9ment pr\u00e9occup\u00e9s par le message terrifiant que cela envoie \u00e0 ceux qui \u0153uvrent en faveur des droits humains dans le territoire palestinien occup\u00e9\u00a0\u00bb, a soulign\u00e9 M. Laurence.Son expulsion, a-t-il d\u00e9plor\u00e9, \u00ab\u00a0met en lumi\u00e8re la situation vuln\u00e9rable des Palestiniens vivant \u00e0 El Qods-Est\u00a0\u00bb. C&rsquo;est \u00e9galement \u00ab\u00a0le signe d&rsquo;une nouvelle d\u00e9t\u00e9rioration grave de la situation des d\u00e9fenseurs palestiniens des droits humains\u00a0\u00bb, a-t-il ajout\u00e9.Le Haut-Commissariat a appel\u00e9 les autorit\u00e9s de l&rsquo;occupation \u00e0 annuler l&rsquo;ordre d&rsquo;expulsion.<\/p>\n\n\n\n<p><strong>R.I.<\/strong><\/p>\n","protected":false},"excerpt":{"rendered":"<p>L&rsquo;Autorit\u00e9 des affaires des prisonniers de l&rsquo;Organisation de lib\u00e9ration de la Palestine (OLP) a d\u00e9clar\u00e9, mardi, que le prisonnier Nasser<\/p>\n","protected":false},"author":3,"featured_media":32954,"comment_status":"open","ping_status":"closed","sticky":false,"template":"","format":"standard","meta":{"colormag_page_container_layout":"default_layout","colormag_page_sidebar_layout":"default_layout","om_disable_all_campaigns":false,"_monsterinsights_skip_tracking":false,"_monsterinsights_sitenote_active":false,"_monsterinsights_sitenote_note":"","_monsterinsights_sitenote_category":0,"footnotes":"","_wpscppro_dont_share_socialmedia":false,"_wpscppro_custom_social_share_image":0,"_facebook_share_type":"","_twitter_share_type":"","_linkedin_share_type":"","_pinterest_share_type":"","_linkedin_share_type_page":"","_instagram_share_type":"","_medium_share_type":"","_threads_share_type":"","_google_business_share_type":"","_selected_social_profile":[],"_wpsp_enable_custom_social_template":false,"_wpsp_social_scheduling":{"enabled":false,"datetime":null,"platforms":[],"status":"template_only","dateOption":"today","timeOption":"now","customDays":"","customHours":"","customDate":"","customTime":"","schedulingType":"absolute"},"_wpsp_active_default_template":true},"categories":[37],"tags":[],"class_list":["post-32953","post","type-post","status-publish","format-standard","has-post-thumbnail","hentry","category-monde"],"aioseo_notices":[],"yoast_head":"<!-- This site is optimized with the Yoast SEO plugin v27.5 - https:\/\/yoast.com\/product\/yoast-seo-wordpress\/ -->\n<title>Palestine occup\u00e9e\u00a0: Le d\u00e9tenu palestinien Nasser Abou Hamid mort en martyr - La Sentinelle<\/title>\n<meta name=\"robots\" content=\"index, follow, max-snippet:-1, max-image-preview:large, max-video-preview:-1\" \/>\n<link rel=\"canonical\" href=\"https:\/\/lasentinelle.dz\/index.php\/2022\/12\/20\/palestine-occupee-le-detenu-palestinien-nasser-abou-hamid-mort-en-martyr\/\" \/>\n<meta property=\"og:locale\" content=\"fr_FR\" \/>\n<meta property=\"og:type\" content=\"article\" \/>\n<meta property=\"og:title\" content=\"Palestine occup\u00e9e\u00a0: Le d\u00e9tenu palestinien Nasser Abou Hamid mort en martyr - La Sentinelle\" \/>\n<meta property=\"og:description\" content=\"L&rsquo;Autorit\u00e9 des affaires des prisonniers de l&rsquo;Organisation de lib\u00e9ration de la Palestine (OLP) a d\u00e9clar\u00e9, mardi, que le prisonnier Nasser\" \/>\n<meta property=\"og:url\" content=\"https:\/\/lasentinelle.dz\/index.php\/2022\/12\/20\/palestine-occupee-le-detenu-palestinien-nasser-abou-hamid-mort-en-martyr\/\" \/>\n<meta property=\"og:site_name\" content=\"La Sentinelle\" \/>\n<meta property=\"article:publisher\" content=\"https:\/\/www.facebook.com\/La-Sentinelle-104059864394773\" \/>\n<meta property=\"article:published_time\" content=\"2022-12-20T21:05:00+00:00\" \/>\n<meta property=\"og:image\" content=\"https:\/\/lasentinelle.dz\/wp-content\/uploads\/2022\/12\/image_2022-12-20_172354000.png\" \/>\n\t<meta property=\"og:image:width\" content=\"700\" \/>\n\t<meta property=\"og:image:height\" content=\"450\" \/>\n\t<meta property=\"og:image:type\" content=\"image\/png\" \/>\n<meta name=\"author\" content=\"La Sentinelle\" \/>\n<meta name=\"twitter:card\" content=\"summary_large_image\" \/>\n<meta name=\"twitter:label1\" content=\"\u00c9crit par\" \/>\n\t<meta name=\"twitter:data1\" content=\"La Sentinelle\" \/>\n\t<meta name=\"twitter:label2\" content=\"Dur\u00e9e de lecture estim\u00e9e\" \/>\n\t<meta name=\"twitter:data2\" content=\"3 minutes\" \/>\n<script type=\"application\/ld+json\" class=\"yoast-schema-graph\">{\"@context\":\"https:\\\/\\\/schema.org\",\"@graph\":[{\"@type\":\"Article\",\"@id\":\"https:\\\/\\\/lasentinelle.dz\\\/index.php\\\/2022\\\/12\\\/20\\\/palestine-occupee-le-detenu-palestinien-nasser-abou-hamid-mort-en-martyr\\\/#article\",\"isPartOf\":{\"@id\":\"https:\\\/\\\/lasentinelle.dz\\\/index.php\\\/2022\\\/12\\\/20\\\/palestine-occupee-le-detenu-palestinien-nasser-abou-hamid-mort-en-martyr\\\/\"},\"author\":{\"name\":\"La Sentinelle\",\"@id\":\"https:\\\/\\\/lasentinelle.dz\\\/#\\\/schema\\\/person\\\/d865044e22e70a75174ce8bcad3acfb3\"},\"headline\":\"Palestine occup\u00e9e\u00a0: Le d\u00e9tenu palestinien Nasser Abou Hamid mort en martyr\",\"datePublished\":\"2022-12-20T21:05:00+00:00\",\"mainEntityOfPage\":{\"@id\":\"https:\\\/\\\/lasentinelle.dz\\\/index.php\\\/2022\\\/12\\\/20\\\/palestine-occupee-le-detenu-palestinien-nasser-abou-hamid-mort-en-martyr\\\/\"},\"wordCount\":529,\"commentCount\":0,\"publisher\":{\"@id\":\"https:\\\/\\\/lasentinelle.dz\\\/#organization\"},\"image\":{\"@id\":\"https:\\\/\\\/lasentinelle.dz\\\/index.php\\\/2022\\\/12\\\/20\\\/palestine-occupee-le-detenu-palestinien-nasser-abou-hamid-mort-en-martyr\\\/#primaryimage\"},\"thumbnailUrl\":\"https:\\\/\\\/lasentinelle.dz\\\/wp-content\\\/uploads\\\/2022\\\/12\\\/image_2022-12-20_172354000.png\",\"articleSection\":[\"Monde\"],\"inLanguage\":\"fr-FR\",\"potentialAction\":[{\"@type\":\"CommentAction\",\"name\":\"Comment\",\"target\":[\"https:\\\/\\\/lasentinelle.dz\\\/index.php\\\/2022\\\/12\\\/20\\\/palestine-occupee-le-detenu-palestinien-nasser-abou-hamid-mort-en-martyr\\\/#respond\"]}]},{\"@type\":\"WebPage\",\"@id\":\"https:\\\/\\\/lasentinelle.dz\\\/index.php\\\/2022\\\/12\\\/20\\\/palestine-occupee-le-detenu-palestinien-nasser-abou-hamid-mort-en-martyr\\\/\",\"url\":\"https:\\\/\\\/lasentinelle.dz\\\/index.php\\\/2022\\\/12\\\/20\\\/palestine-occupee-le-detenu-palestinien-nasser-abou-hamid-mort-en-martyr\\\/\",\"name\":\"Palestine occup\u00e9e\u00a0: Le d\u00e9tenu palestinien Nasser Abou Hamid mort en martyr - La Sentinelle\",\"isPartOf\":{\"@id\":\"https:\\\/\\\/lasentinelle.dz\\\/#website\"},\"primaryImageOfPage\":{\"@id\":\"https:\\\/\\\/lasentinelle.dz\\\/index.php\\\/2022\\\/12\\\/20\\\/palestine-occupee-le-detenu-palestinien-nasser-abou-hamid-mort-en-martyr\\\/#primaryimage\"},\"image\":{\"@id\":\"https:\\\/\\\/lasentinelle.dz\\\/index.php\\\/2022\\\/12\\\/20\\\/palestine-occupee-le-detenu-palestinien-nasser-abou-hamid-mort-en-martyr\\\/#primaryimage\"},\"thumbnailUrl\":\"https:\\\/\\\/lasentinelle.dz\\\/wp-content\\\/uploads\\\/2022\\\/12\\\/image_2022-12-20_172354000.png\",\"datePublished\":\"2022-12-20T21:05:00+00:00\",\"breadcrumb\":{\"@id\":\"https:\\\/\\\/lasentinelle.dz\\\/index.php\\\/2022\\\/12\\\/20\\\/palestine-occupee-le-detenu-palestinien-nasser-abou-hamid-mort-en-martyr\\\/#breadcrumb\"},\"inLanguage\":\"fr-FR\",\"potentialAction\":[{\"@type\":\"ReadAction\",\"target\":[\"https:\\\/\\\/lasentinelle.dz\\\/index.php\\\/2022\\\/12\\\/20\\\/palestine-occupee-le-detenu-palestinien-nasser-abou-hamid-mort-en-martyr\\\/\"]}]},{\"@type\":\"ImageObject\",\"inLanguage\":\"fr-FR\",\"@id\":\"https:\\\/\\\/lasentinelle.dz\\\/index.php\\\/2022\\\/12\\\/20\\\/palestine-occupee-le-detenu-palestinien-nasser-abou-hamid-mort-en-martyr\\\/#primaryimage\",\"url\":\"https:\\\/\\\/lasentinelle.dz\\\/wp-content\\\/uploads\\\/2022\\\/12\\\/image_2022-12-20_172354000.png\",\"contentUrl\":\"https:\\\/\\\/lasentinelle.dz\\\/wp-content\\\/uploads\\\/2022\\\/12\\\/image_2022-12-20_172354000.png\",\"width\":700,\"height\":450},{\"@type\":\"BreadcrumbList\",\"@id\":\"https:\\\/\\\/lasentinelle.dz\\\/index.php\\\/2022\\\/12\\\/20\\\/palestine-occupee-le-detenu-palestinien-nasser-abou-hamid-mort-en-martyr\\\/#breadcrumb\",\"itemListElement\":[{\"@type\":\"ListItem\",\"position\":1,\"name\":\"Accueil\",\"item\":\"https:\\\/\\\/lasentinelle.dz\\\/\"},{\"@type\":\"ListItem\",\"position\":2,\"name\":\"Palestine occup\u00e9e\u00a0: Le d\u00e9tenu palestinien Nasser Abou Hamid mort en martyr\"}]},{\"@type\":\"WebSite\",\"@id\":\"https:\\\/\\\/lasentinelle.dz\\\/#website\",\"url\":\"https:\\\/\\\/lasentinelle.dz\\\/\",\"name\":\"La Sentinelle\",\"description\":\"Quotidien national d&#039;information\",\"publisher\":{\"@id\":\"https:\\\/\\\/lasentinelle.dz\\\/#organization\"},\"potentialAction\":[{\"@type\":\"SearchAction\",\"target\":{\"@type\":\"EntryPoint\",\"urlTemplate\":\"https:\\\/\\\/lasentinelle.dz\\\/?s={search_term_string}\"},\"query-input\":{\"@type\":\"PropertyValueSpecification\",\"valueRequired\":true,\"valueName\":\"search_term_string\"}}],\"inLanguage\":\"fr-FR\"},{\"@type\":\"Organization\",\"@id\":\"https:\\\/\\\/lasentinelle.dz\\\/#organization\",\"name\":\"Quotidien La Sentinelle\",\"url\":\"https:\\\/\\\/lasentinelle.dz\\\/\",\"logo\":{\"@type\":\"ImageObject\",\"inLanguage\":\"fr-FR\",\"@id\":\"https:\\\/\\\/lasentinelle.dz\\\/#\\\/schema\\\/logo\\\/image\\\/\",\"url\":\"https:\\\/\\\/lasentinelle.dz\\\/wp-content\\\/uploads\\\/2021\\\/09\\\/logo-sentinelleSLOGAN-1.png\",\"contentUrl\":\"https:\\\/\\\/lasentinelle.dz\\\/wp-content\\\/uploads\\\/2021\\\/09\\\/logo-sentinelleSLOGAN-1.png\",\"width\":615,\"height\":142,\"caption\":\"Quotidien La Sentinelle\"},\"image\":{\"@id\":\"https:\\\/\\\/lasentinelle.dz\\\/#\\\/schema\\\/logo\\\/image\\\/\"},\"sameAs\":[\"https:\\\/\\\/www.facebook.com\\\/La-Sentinelle-104059864394773\"]},{\"@type\":\"Person\",\"@id\":\"https:\\\/\\\/lasentinelle.dz\\\/#\\\/schema\\\/person\\\/d865044e22e70a75174ce8bcad3acfb3\",\"name\":\"La Sentinelle\",\"image\":{\"@type\":\"ImageObject\",\"inLanguage\":\"fr-FR\",\"@id\":\"https:\\\/\\\/secure.gravatar.com\\\/avatar\\\/57de8e5d4b15d43fb361a71fbb36338450fe67865b528a43dd10ef7c51a20392?s=96&d=mm&r=g\",\"url\":\"https:\\\/\\\/secure.gravatar.com\\\/avatar\\\/57de8e5d4b15d43fb361a71fbb36338450fe67865b528a43dd10ef7c51a20392?s=96&d=mm&r=g\",\"contentUrl\":\"https:\\\/\\\/secure.gravatar.com\\\/avatar\\\/57de8e5d4b15d43fb361a71fbb36338450fe67865b528a43dd10ef7c51a20392?s=96&d=mm&r=g\",\"caption\":\"La Sentinelle\"},\"sameAs\":[\"http:\\\/\\\/www.lasentinelle.dz\"],\"url\":\"https:\\\/\\\/lasentinelle.dz\\\/author\\\/redaction\\\/\"}]}<\/script>\n<!-- \/ Yoast SEO plugin. -->","yoast_head_json":{"title":"Palestine occup\u00e9e\u00a0: Le d\u00e9tenu palestinien Nasser Abou Hamid mort en martyr - La Sentinelle","robots":{"index":"index","follow":"follow","max-snippet":"max-snippet:-1","max-image-preview":"max-image-preview:large","max-video-preview":"max-video-preview:-1"},"canonical":"https:\/\/lasentinelle.dz\/index.php\/2022\/12\/20\/palestine-occupee-le-detenu-palestinien-nasser-abou-hamid-mort-en-martyr\/","og_locale":"fr_FR","og_type":"article","og_title":"Palestine occup\u00e9e\u00a0: Le d\u00e9tenu palestinien Nasser Abou Hamid mort en martyr - La Sentinelle","og_description":"L&rsquo;Autorit\u00e9 des affaires des prisonniers de l&rsquo;Organisation de lib\u00e9ration de la Palestine (OLP) a d\u00e9clar\u00e9, mardi, que le prisonnier Nasser","og_url":"https:\/\/lasentinelle.dz\/index.php\/2022\/12\/20\/palestine-occupee-le-detenu-palestinien-nasser-abou-hamid-mort-en-martyr\/","og_site_name":"La Sentinelle","article_publisher":"https:\/\/www.facebook.com\/La-Sentinelle-104059864394773","article_published_time":"2022-12-20T21:05:00+00:00","og_image":[{"width":700,"height":450,"url":"https:\/\/lasentinelle.dz\/wp-content\/uploads\/2022\/12\/image_2022-12-20_172354000.png","type":"image\/png"}],"author":"La Sentinelle","twitter_card":"summary_large_image","twitter_misc":{"\u00c9crit par":"La Sentinelle","Dur\u00e9e de lecture estim\u00e9e":"3 minutes"},"schema":{"@context":"https:\/\/schema.org","@graph":[{"@type":"Article","@id":"https:\/\/lasentinelle.dz\/index.php\/2022\/12\/20\/palestine-occupee-le-detenu-palestinien-nasser-abou-hamid-mort-en-martyr\/#article","isPartOf":{"@id":"https:\/\/lasentinelle.dz\/index.php\/2022\/12\/20\/palestine-occupee-le-detenu-palestinien-nasser-abou-hamid-mort-en-martyr\/"},"author":{"name":"La Sentinelle","@id":"https:\/\/lasentinelle.dz\/#\/schema\/person\/d865044e22e70a75174ce8bcad3acfb3"},"headline":"Palestine occup\u00e9e\u00a0: Le d\u00e9tenu palestinien Nasser Abou Hamid mort en martyr","datePublished":"2022-12-20T21:05:00+00:00","mainEntityOfPage":{"@id":"https:\/\/lasentinelle.dz\/index.php\/2022\/12\/20\/palestine-occupee-le-detenu-palestinien-nasser-abou-hamid-mort-en-martyr\/"},"wordCount":529,"commentCount":0,"publisher":{"@id":"https:\/\/lasentinelle.dz\/#organization"},"image":{"@id":"https:\/\/lasentinelle.dz\/index.php\/2022\/12\/20\/palestine-occupee-le-detenu-palestinien-nasser-abou-hamid-mort-en-martyr\/#primaryimage"},"thumbnailUrl":"https:\/\/lasentinelle.dz\/wp-content\/uploads\/2022\/12\/image_2022-12-20_172354000.png","articleSection":["Monde"],"inLanguage":"fr-FR","potentialAction":[{"@type":"CommentAction","name":"Comment","target":["https:\/\/lasentinelle.dz\/index.php\/2022\/12\/20\/palestine-occupee-le-detenu-palestinien-nasser-abou-hamid-mort-en-martyr\/#respond"]}]},{"@type":"WebPage","@id":"https:\/\/lasentinelle.dz\/index.php\/2022\/12\/20\/palestine-occupee-le-detenu-palestinien-nasser-abou-hamid-mort-en-martyr\/","url":"https:\/\/lasentinelle.dz\/index.php\/2022\/12\/20\/palestine-occupee-le-detenu-palestinien-nasser-abou-hamid-mort-en-martyr\/","name":"Palestine occup\u00e9e\u00a0: Le d\u00e9tenu palestinien Nasser Abou Hamid mort en martyr - La Sentinelle","isPartOf":{"@id":"https:\/\/lasentinelle.dz\/#website"},"primaryImageOfPage":{"@id":"https:\/\/lasentinelle.dz\/index.php\/2022\/12\/20\/palestine-occupee-le-detenu-palestinien-nasser-abou-hamid-mort-en-martyr\/#primaryimage"},"image":{"@id":"https:\/\/lasentinelle.dz\/index.php\/2022\/12\/20\/palestine-occupee-le-detenu-palestinien-nasser-abou-hamid-mort-en-martyr\/#primaryimage"},"thumbnailUrl":"https:\/\/lasentinelle.dz\/wp-content\/uploads\/2022\/12\/image_2022-12-20_172354000.png","datePublished":"2022-12-20T21:05:00+00:00","breadcrumb":{"@id":"https:\/\/lasentinelle.dz\/index.php\/2022\/12\/20\/palestine-occupee-le-detenu-palestinien-nasser-abou-hamid-mort-en-martyr\/#breadcrumb"},"inLanguage":"fr-FR","potentialAction":[{"@type":"ReadAction","target":["https:\/\/lasentinelle.dz\/index.php\/2022\/12\/20\/palestine-occupee-le-detenu-palestinien-nasser-abou-hamid-mort-en-martyr\/"]}]},{"@type":"ImageObject","inLanguage":"fr-FR","@id":"https:\/\/lasentinelle.dz\/index.php\/2022\/12\/20\/palestine-occupee-le-detenu-palestinien-nasser-abou-hamid-mort-en-martyr\/#primaryimage","url":"https:\/\/lasentinelle.dz\/wp-content\/uploads\/2022\/12\/image_2022-12-20_172354000.png","contentUrl":"https:\/\/lasentinelle.dz\/wp-content\/uploads\/2022\/12\/image_2022-12-20_172354000.png","width":700,"height":450},{"@type":"BreadcrumbList","@id":"https:\/\/lasentinelle.dz\/index.php\/2022\/12\/20\/palestine-occupee-le-detenu-palestinien-nasser-abou-hamid-mort-en-martyr\/#breadcrumb","itemListElement":[{"@type":"ListItem","position":1,"name":"Accueil","item":"https:\/\/lasentinelle.dz\/"},{"@type":"ListItem","position":2,"name":"Palestine occup\u00e9e\u00a0: Le d\u00e9tenu palestinien Nasser Abou Hamid mort en martyr"}]},{"@type":"WebSite","@id":"https:\/\/lasentinelle.dz\/#website","url":"https:\/\/lasentinelle.dz\/","name":"La Sentinelle","description":"Quotidien national d&#039;information","publisher":{"@id":"https:\/\/lasentinelle.dz\/#organization"},"potentialAction":[{"@type":"SearchAction","target":{"@type":"EntryPoint","urlTemplate":"https:\/\/lasentinelle.dz\/?s={search_term_string}"},"query-input":{"@type":"PropertyValueSpecification","valueRequired":true,"valueName":"search_term_string"}}],"inLanguage":"fr-FR"},{"@type":"Organization","@id":"https:\/\/lasentinelle.dz\/#organization","name":"Quotidien La Sentinelle","url":"https:\/\/lasentinelle.dz\/","logo":{"@type":"ImageObject","inLanguage":"fr-FR","@id":"https:\/\/lasentinelle.dz\/#\/schema\/logo\/image\/","url":"https:\/\/lasentinelle.dz\/wp-content\/uploads\/2021\/09\/logo-sentinelleSLOGAN-1.png","contentUrl":"https:\/\/lasentinelle.dz\/wp-content\/uploads\/2021\/09\/logo-sentinelleSLOGAN-1.png","width":615,"height":142,"caption":"Quotidien La Sentinelle"},"image":{"@id":"https:\/\/lasentinelle.dz\/#\/schema\/logo\/image\/"},"sameAs":["https:\/\/www.facebook.com\/La-Sentinelle-104059864394773"]},{"@type":"Person","@id":"https:\/\/lasentinelle.dz\/#\/schema\/person\/d865044e22e70a75174ce8bcad3acfb3","name":"La Sentinelle","image":{"@type":"ImageObject","inLanguage":"fr-FR","@id":"https:\/\/secure.gravatar.com\/avatar\/57de8e5d4b15d43fb361a71fbb36338450fe67865b528a43dd10ef7c51a20392?s=96&d=mm&r=g","url":"https:\/\/secure.gravatar.com\/avatar\/57de8e5d4b15d43fb361a71fbb36338450fe67865b528a43dd10ef7c51a20392?s=96&d=mm&r=g","contentUrl":"https:\/\/secure.gravatar.com\/avatar\/57de8e5d4b15d43fb361a71fbb36338450fe67865b528a43dd10ef7c51a20392?s=96&d=mm&r=g","caption":"La Sentinelle"},"sameAs":["http:\/\/www.lasentinelle.dz"],"url":"https:\/\/lasentinelle.dz\/author\/redaction\/"}]}},"_links":{"self":[{"href":"https:\/\/lasentinelle.dz\/index.php\/wp-json\/wp\/v2\/posts\/32953","targetHints":{"allow":["GET"]}}],"collection":[{"href":"https:\/\/lasentinelle.dz\/index.php\/wp-json\/wp\/v2\/posts"}],"about":[{"href":"https:\/\/lasentinelle.dz\/index.php\/wp-json\/wp\/v2\/types\/post"}],"author":[{"embeddable":true,"href":"https:\/\/lasentinelle.dz\/index.php\/wp-json\/wp\/v2\/users\/3"}],"replies":[{"embeddable":true,"href":"https:\/\/lasentinelle.dz\/index.php\/wp-json\/wp\/v2\/comments?post=32953"}],"version-history":[{"count":1,"href":"https:\/\/lasentinelle.dz\/index.php\/wp-json\/wp\/v2\/posts\/32953\/revisions"}],"predecessor-version":[{"id":32958,"href":"https:\/\/lasentinelle.dz\/index.php\/wp-json\/wp\/v2\/posts\/32953\/revisions\/32958"}],"wp:featuredmedia":[{"embeddable":true,"href":"https:\/\/lasentinelle.dz\/index.php\/wp-json\/wp\/v2\/media\/32954"}],"wp:attachment":[{"href":"https:\/\/lasentinelle.dz\/index.php\/wp-json\/wp\/v2\/media?parent=32953"}],"wp:term":[{"taxonomy":"category","embeddable":true,"href":"https:\/\/lasentinelle.dz\/index.php\/wp-json\/wp\/v2\/categories?post=32953"},{"taxonomy":"post_tag","embeddable":true,"href":"https:\/\/lasentinelle.dz\/index.php\/wp-json\/wp\/v2\/tags?post=32953"}],"curies":[{"name":"wp","href":"https:\/\/api.w.org\/{rel}","templated":true}]}}