{"id":32969,"date":"2022-12-20T22:00:00","date_gmt":"2022-12-20T21:00:00","guid":{"rendered":"https:\/\/lasentinelle.dz\/?p=32969"},"modified":"2022-12-20T18:15:34","modified_gmt":"2022-12-20T17:15:34","slug":"ligue-1-mobilis-mise-a-jour-le-doyen-sur-le-podium-le-crb-accroche","status":"publish","type":"post","link":"https:\/\/lasentinelle.dz\/index.php\/2022\/12\/20\/ligue-1-mobilis-mise-a-jour-le-doyen-sur-le-podium-le-crb-accroche\/","title":{"rendered":"Ligue 1 Mobilis (Mise \u00e0 jour)\u00a0: Le Doyen sur le podium, le CRB accroch\u00e9"},"content":{"rendered":"\n<p>Le MCA a pris le meilleur hier sur l\u2019USMA lors d\u2019un derby tr\u00e8s attendu d\u2019autant qu\u2019il a marqu\u00e9 le retour du Doyen dans son antre du 5 juillet. Le CRB s\u2019est fait accrocher par l\u2019US Biskra sur son terrain.<\/p>\n\n\n\n<p>Le triple champion d\u2019Alg\u00e9rie a perdu hier l\u2019occasion de distancer son poursuivant direct, le CS Constantine qui le talonne \u00e0 un point au classement g\u00e9n\u00e9ral. Hier les Belouizdadis, pourtant partis favoris, se sont fait accroch\u00e9s par l\u2019US Biskra lors du match de mise \u00e0 jour comptant pour la 7<sup>e<\/sup> journ\u00e9e de la Ligue 1 Mobilis. Ils ont ainsi conc\u00e9d\u00e9 un match nul sur un score d\u2019un but partout au bout de la joute jou\u00e9e sur leur pelouse du stade du 20 ao\u00fbt 1955. Au bout de cette journ\u00e9e de mise \u00e0 jour du calendrier de la Ligue 1, le Chababengrange un point sur les trois possibles lors de cette rencontre, et se maintient, bien entendu, en t\u00eate du classement avec un total de 31 points. Il compte toujours un match de retards qu\u2019il doit absolument remporter pour prendre le large.<\/p>\n\n\n\n<p>De son c\u00f4t\u00e9, l&rsquo;USB qui vient de se s\u00e9parer de son entra\u00eeneur Youcef Bouzidi, en d\u00e9pit du fait que l&rsquo;\u00e9quipe reste sur deux succ\u00e8s de rang en championnat se retrouve, reste 9<sup>e<\/sup> avec 18 points.<\/p>\n\n\n\n<p>La bonne op\u00e9ration de la journ\u00e9e aura \u00e9t\u00e9 pour le MCA qui a remport\u00e9 le 95<sup>e<\/sup> classico de la Ligue 1 face \u00e0 l\u2019USMA sur un score d\u2019un but \u00e0 z\u00e9ro. Une rencontre tr\u00e8s attendue par les inconditionnels des deux clubs de la Capitale, d\u2019autant qu\u2019elle s\u2019est tenue au sein du jardin du 5-Juillet. Une rencontre qui a permis au Doyen des clubs alg\u00e9riens de remettre les pendules \u00e0 l\u2019heure face \u00e0 son rival de toujours, d\u2019autant qu\u2019avant le match d\u2019hier l\u2019historique des face \u00e0 face entre les deux formations donnait un l\u00e9ger avantage au clubde Soustara avec 29 victoires contre 28 pour le MCA et 37 matchs nuls. Maintenant les deux \u00e9quipes sont quittes. Plus encore, la victoire du MCA lui permet de monter sur le podium puisqu\u2019avec les trois points d\u00e9croch\u00e9s, le Doyen se retrouve \u00e0 la troisi\u00e8me place du classement g\u00e9n\u00e9ral avec 25 points et d\u00e9classe ainsi la JS Saoura.&nbsp; Du c\u00f4t\u00e9 de l\u2019USMA c\u2019est l\u2019inqui\u00e9tude qui commence \u00e0 s\u2019installer puisque l\u2019\u00e9quipe peine \u00e0 renouer avec la victoire et encha\u00eene 5 rencontres sans victoire. R\u00e9sultat des courses, l\u2019USMA n\u2019a engrang\u00e9 que 3 points sur les 15 possibles lors de ses cinq derniers matchs. Le club compte cependant deux matchs en retard, de quoi vivre encore l\u2019espoir.<\/p>\n\n\n\n<p><strong>ChokriHafed<\/strong><\/p>\n","protected":false},"excerpt":{"rendered":"<p>Le MCA a pris le meilleur hier sur l\u2019USMA lors d\u2019un derby tr\u00e8s attendu d\u2019autant qu\u2019il a marqu\u00e9 le retour<\/p>\n","protected":false},"author":3,"featured_media":32970,"comment_status":"open","ping_status":"closed","sticky":false,"template":"","format":"standard","meta":{"colormag_page_container_layout":"default_layout","colormag_page_sidebar_layout":"default_layout","om_disable_all_campaigns":false,"_monsterinsights_skip_tracking":false,"_monsterinsights_sitenote_active":false,"_monsterinsights_sitenote_note":"","_monsterinsights_sitenote_category":0,"footnotes":"","_wpscppro_dont_share_socialmedia":false,"_wpscppro_custom_social_share_image":0,"_facebook_share_type":"","_twitter_share_type":"","_linkedin_share_type":"","_pinterest_share_type":"","_linkedin_share_type_page":"","_instagram_share_type":"","_medium_share_type":"","_threads_share_type":"","_google_business_share_type":"","_selected_social_profile":[],"_wpsp_enable_custom_social_template":false,"_wpsp_social_scheduling":{"enabled":false,"datetime":null,"platforms":[],"status":"template_only","dateOption":"today","timeOption":"now","customDays":"","customHours":"","customDate":"","customTime":"","schedulingType":"absolute"},"_wpsp_active_default_template":true},"categories":[33],"tags":[],"class_list":["post-32969","post","type-post","status-publish","format-standard","has-post-thumbnail","hentry","category-sports"],"aioseo_notices":[],"yoast_head":"<!-- This site is optimized with the Yoast SEO plugin v27.5 - https:\/\/yoast.com\/product\/yoast-seo-wordpress\/ -->\n<title>Ligue 1 Mobilis (Mise \u00e0 jour)\u00a0: Le Doyen sur le podium, le CRB accroch\u00e9 - La Sentinelle<\/title>\n<meta name=\"robots\" content=\"index, follow, max-snippet:-1, max-image-preview:large, max-video-preview:-1\" \/>\n<link rel=\"canonical\" href=\"https:\/\/lasentinelle.dz\/index.php\/2022\/12\/20\/ligue-1-mobilis-mise-a-jour-le-doyen-sur-le-podium-le-crb-accroche\/\" \/>\n<meta property=\"og:locale\" content=\"fr_FR\" \/>\n<meta property=\"og:type\" content=\"article\" \/>\n<meta property=\"og:title\" content=\"Ligue 1 Mobilis (Mise \u00e0 jour)\u00a0: Le Doyen sur le podium, le CRB accroch\u00e9 - La Sentinelle\" \/>\n<meta property=\"og:description\" content=\"Le MCA a pris le meilleur hier sur l\u2019USMA lors d\u2019un derby tr\u00e8s attendu d\u2019autant qu\u2019il a marqu\u00e9 le retour\" \/>\n<meta property=\"og:url\" content=\"https:\/\/lasentinelle.dz\/index.php\/2022\/12\/20\/ligue-1-mobilis-mise-a-jour-le-doyen-sur-le-podium-le-crb-accroche\/\" \/>\n<meta property=\"og:site_name\" content=\"La Sentinelle\" \/>\n<meta property=\"article:publisher\" content=\"https:\/\/www.facebook.com\/La-Sentinelle-104059864394773\" \/>\n<meta property=\"article:published_time\" content=\"2022-12-20T21:00:00+00:00\" \/>\n<meta property=\"og:image\" content=\"https:\/\/lasentinelle.dz\/wp-content\/uploads\/2022\/12\/mca.png\" \/>\n\t<meta property=\"og:image:width\" content=\"1600\" \/>\n\t<meta property=\"og:image:height\" content=\"900\" \/>\n\t<meta property=\"og:image:type\" content=\"image\/png\" \/>\n<meta name=\"author\" content=\"La Sentinelle\" \/>\n<meta name=\"twitter:card\" content=\"summary_large_image\" \/>\n<meta name=\"twitter:label1\" content=\"\u00c9crit par\" \/>\n\t<meta name=\"twitter:data1\" content=\"La Sentinelle\" \/>\n\t<meta name=\"twitter:label2\" content=\"Dur\u00e9e de lecture estim\u00e9e\" \/>\n\t<meta name=\"twitter:data2\" content=\"3 minutes\" \/>\n<script type=\"application\/ld+json\" class=\"yoast-schema-graph\">{\"@context\":\"https:\\\/\\\/schema.org\",\"@graph\":[{\"@type\":\"Article\",\"@id\":\"https:\\\/\\\/lasentinelle.dz\\\/index.php\\\/2022\\\/12\\\/20\\\/ligue-1-mobilis-mise-a-jour-le-doyen-sur-le-podium-le-crb-accroche\\\/#article\",\"isPartOf\":{\"@id\":\"https:\\\/\\\/lasentinelle.dz\\\/index.php\\\/2022\\\/12\\\/20\\\/ligue-1-mobilis-mise-a-jour-le-doyen-sur-le-podium-le-crb-accroche\\\/\"},\"author\":{\"name\":\"La Sentinelle\",\"@id\":\"https:\\\/\\\/lasentinelle.dz\\\/#\\\/schema\\\/person\\\/d865044e22e70a75174ce8bcad3acfb3\"},\"headline\":\"Ligue 1 Mobilis (Mise \u00e0 jour)\u00a0: Le Doyen sur le podium, le CRB accroch\u00e9\",\"datePublished\":\"2022-12-20T21:00:00+00:00\",\"mainEntityOfPage\":{\"@id\":\"https:\\\/\\\/lasentinelle.dz\\\/index.php\\\/2022\\\/12\\\/20\\\/ligue-1-mobilis-mise-a-jour-le-doyen-sur-le-podium-le-crb-accroche\\\/\"},\"wordCount\":475,\"commentCount\":0,\"publisher\":{\"@id\":\"https:\\\/\\\/lasentinelle.dz\\\/#organization\"},\"image\":{\"@id\":\"https:\\\/\\\/lasentinelle.dz\\\/index.php\\\/2022\\\/12\\\/20\\\/ligue-1-mobilis-mise-a-jour-le-doyen-sur-le-podium-le-crb-accroche\\\/#primaryimage\"},\"thumbnailUrl\":\"https:\\\/\\\/lasentinelle.dz\\\/wp-content\\\/uploads\\\/2022\\\/12\\\/mca.png\",\"articleSection\":[\"Sports\"],\"inLanguage\":\"fr-FR\",\"potentialAction\":[{\"@type\":\"CommentAction\",\"name\":\"Comment\",\"target\":[\"https:\\\/\\\/lasentinelle.dz\\\/index.php\\\/2022\\\/12\\\/20\\\/ligue-1-mobilis-mise-a-jour-le-doyen-sur-le-podium-le-crb-accroche\\\/#respond\"]}]},{\"@type\":\"WebPage\",\"@id\":\"https:\\\/\\\/lasentinelle.dz\\\/index.php\\\/2022\\\/12\\\/20\\\/ligue-1-mobilis-mise-a-jour-le-doyen-sur-le-podium-le-crb-accroche\\\/\",\"url\":\"https:\\\/\\\/lasentinelle.dz\\\/index.php\\\/2022\\\/12\\\/20\\\/ligue-1-mobilis-mise-a-jour-le-doyen-sur-le-podium-le-crb-accroche\\\/\",\"name\":\"Ligue 1 Mobilis (Mise \u00e0 jour)\u00a0: Le Doyen sur le podium, le CRB accroch\u00e9 - La Sentinelle\",\"isPartOf\":{\"@id\":\"https:\\\/\\\/lasentinelle.dz\\\/#website\"},\"primaryImageOfPage\":{\"@id\":\"https:\\\/\\\/lasentinelle.dz\\\/index.php\\\/2022\\\/12\\\/20\\\/ligue-1-mobilis-mise-a-jour-le-doyen-sur-le-podium-le-crb-accroche\\\/#primaryimage\"},\"image\":{\"@id\":\"https:\\\/\\\/lasentinelle.dz\\\/index.php\\\/2022\\\/12\\\/20\\\/ligue-1-mobilis-mise-a-jour-le-doyen-sur-le-podium-le-crb-accroche\\\/#primaryimage\"},\"thumbnailUrl\":\"https:\\\/\\\/lasentinelle.dz\\\/wp-content\\\/uploads\\\/2022\\\/12\\\/mca.png\",\"datePublished\":\"2022-12-20T21:00:00+00:00\",\"breadcrumb\":{\"@id\":\"https:\\\/\\\/lasentinelle.dz\\\/index.php\\\/2022\\\/12\\\/20\\\/ligue-1-mobilis-mise-a-jour-le-doyen-sur-le-podium-le-crb-accroche\\\/#breadcrumb\"},\"inLanguage\":\"fr-FR\",\"potentialAction\":[{\"@type\":\"ReadAction\",\"target\":[\"https:\\\/\\\/lasentinelle.dz\\\/index.php\\\/2022\\\/12\\\/20\\\/ligue-1-mobilis-mise-a-jour-le-doyen-sur-le-podium-le-crb-accroche\\\/\"]}]},{\"@type\":\"ImageObject\",\"inLanguage\":\"fr-FR\",\"@id\":\"https:\\\/\\\/lasentinelle.dz\\\/index.php\\\/2022\\\/12\\\/20\\\/ligue-1-mobilis-mise-a-jour-le-doyen-sur-le-podium-le-crb-accroche\\\/#primaryimage\",\"url\":\"https:\\\/\\\/lasentinelle.dz\\\/wp-content\\\/uploads\\\/2022\\\/12\\\/mca.png\",\"contentUrl\":\"https:\\\/\\\/lasentinelle.dz\\\/wp-content\\\/uploads\\\/2022\\\/12\\\/mca.png\",\"width\":1600,\"height\":900},{\"@type\":\"BreadcrumbList\",\"@id\":\"https:\\\/\\\/lasentinelle.dz\\\/index.php\\\/2022\\\/12\\\/20\\\/ligue-1-mobilis-mise-a-jour-le-doyen-sur-le-podium-le-crb-accroche\\\/#breadcrumb\",\"itemListElement\":[{\"@type\":\"ListItem\",\"position\":1,\"name\":\"Accueil\",\"item\":\"https:\\\/\\\/lasentinelle.dz\\\/\"},{\"@type\":\"ListItem\",\"position\":2,\"name\":\"Ligue 1 Mobilis (Mise \u00e0 jour)\u00a0: Le Doyen sur le podium, le CRB accroch\u00e9\"}]},{\"@type\":\"WebSite\",\"@id\":\"https:\\\/\\\/lasentinelle.dz\\\/#website\",\"url\":\"https:\\\/\\\/lasentinelle.dz\\\/\",\"name\":\"La Sentinelle\",\"description\":\"Quotidien national d&#039;information\",\"publisher\":{\"@id\":\"https:\\\/\\\/lasentinelle.dz\\\/#organization\"},\"potentialAction\":[{\"@type\":\"SearchAction\",\"target\":{\"@type\":\"EntryPoint\",\"urlTemplate\":\"https:\\\/\\\/lasentinelle.dz\\\/?s={search_term_string}\"},\"query-input\":{\"@type\":\"PropertyValueSpecification\",\"valueRequired\":true,\"valueName\":\"search_term_string\"}}],\"inLanguage\":\"fr-FR\"},{\"@type\":\"Organization\",\"@id\":\"https:\\\/\\\/lasentinelle.dz\\\/#organization\",\"name\":\"Quotidien La Sentinelle\",\"url\":\"https:\\\/\\\/lasentinelle.dz\\\/\",\"logo\":{\"@type\":\"ImageObject\",\"inLanguage\":\"fr-FR\",\"@id\":\"https:\\\/\\\/lasentinelle.dz\\\/#\\\/schema\\\/logo\\\/image\\\/\",\"url\":\"https:\\\/\\\/lasentinelle.dz\\\/wp-content\\\/uploads\\\/2021\\\/09\\\/logo-sentinelleSLOGAN-1.png\",\"contentUrl\":\"https:\\\/\\\/lasentinelle.dz\\\/wp-content\\\/uploads\\\/2021\\\/09\\\/logo-sentinelleSLOGAN-1.png\",\"width\":615,\"height\":142,\"caption\":\"Quotidien La Sentinelle\"},\"image\":{\"@id\":\"https:\\\/\\\/lasentinelle.dz\\\/#\\\/schema\\\/logo\\\/image\\\/\"},\"sameAs\":[\"https:\\\/\\\/www.facebook.com\\\/La-Sentinelle-104059864394773\"]},{\"@type\":\"Person\",\"@id\":\"https:\\\/\\\/lasentinelle.dz\\\/#\\\/schema\\\/person\\\/d865044e22e70a75174ce8bcad3acfb3\",\"name\":\"La Sentinelle\",\"image\":{\"@type\":\"ImageObject\",\"inLanguage\":\"fr-FR\",\"@id\":\"https:\\\/\\\/secure.gravatar.com\\\/avatar\\\/57de8e5d4b15d43fb361a71fbb36338450fe67865b528a43dd10ef7c51a20392?s=96&d=mm&r=g\",\"url\":\"https:\\\/\\\/secure.gravatar.com\\\/avatar\\\/57de8e5d4b15d43fb361a71fbb36338450fe67865b528a43dd10ef7c51a20392?s=96&d=mm&r=g\",\"contentUrl\":\"https:\\\/\\\/secure.gravatar.com\\\/avatar\\\/57de8e5d4b15d43fb361a71fbb36338450fe67865b528a43dd10ef7c51a20392?s=96&d=mm&r=g\",\"caption\":\"La Sentinelle\"},\"sameAs\":[\"http:\\\/\\\/www.lasentinelle.dz\"],\"url\":\"https:\\\/\\\/lasentinelle.dz\\\/author\\\/redaction\\\/\"}]}<\/script>\n<!-- \/ Yoast SEO plugin. -->","yoast_head_json":{"title":"Ligue 1 Mobilis (Mise \u00e0 jour)\u00a0: Le Doyen sur le podium, le CRB accroch\u00e9 - La Sentinelle","robots":{"index":"index","follow":"follow","max-snippet":"max-snippet:-1","max-image-preview":"max-image-preview:large","max-video-preview":"max-video-preview:-1"},"canonical":"https:\/\/lasentinelle.dz\/index.php\/2022\/12\/20\/ligue-1-mobilis-mise-a-jour-le-doyen-sur-le-podium-le-crb-accroche\/","og_locale":"fr_FR","og_type":"article","og_title":"Ligue 1 Mobilis (Mise \u00e0 jour)\u00a0: Le Doyen sur le podium, le CRB accroch\u00e9 - La Sentinelle","og_description":"Le MCA a pris le meilleur hier sur l\u2019USMA lors d\u2019un derby tr\u00e8s attendu d\u2019autant qu\u2019il a marqu\u00e9 le retour","og_url":"https:\/\/lasentinelle.dz\/index.php\/2022\/12\/20\/ligue-1-mobilis-mise-a-jour-le-doyen-sur-le-podium-le-crb-accroche\/","og_site_name":"La Sentinelle","article_publisher":"https:\/\/www.facebook.com\/La-Sentinelle-104059864394773","article_published_time":"2022-12-20T21:00:00+00:00","og_image":[{"width":1600,"height":900,"url":"https:\/\/lasentinelle.dz\/wp-content\/uploads\/2022\/12\/mca.png","type":"image\/png"}],"author":"La Sentinelle","twitter_card":"summary_large_image","twitter_misc":{"\u00c9crit par":"La Sentinelle","Dur\u00e9e de lecture estim\u00e9e":"3 minutes"},"schema":{"@context":"https:\/\/schema.org","@graph":[{"@type":"Article","@id":"https:\/\/lasentinelle.dz\/index.php\/2022\/12\/20\/ligue-1-mobilis-mise-a-jour-le-doyen-sur-le-podium-le-crb-accroche\/#article","isPartOf":{"@id":"https:\/\/lasentinelle.dz\/index.php\/2022\/12\/20\/ligue-1-mobilis-mise-a-jour-le-doyen-sur-le-podium-le-crb-accroche\/"},"author":{"name":"La Sentinelle","@id":"https:\/\/lasentinelle.dz\/#\/schema\/person\/d865044e22e70a75174ce8bcad3acfb3"},"headline":"Ligue 1 Mobilis (Mise \u00e0 jour)\u00a0: Le Doyen sur le podium, le CRB accroch\u00e9","datePublished":"2022-12-20T21:00:00+00:00","mainEntityOfPage":{"@id":"https:\/\/lasentinelle.dz\/index.php\/2022\/12\/20\/ligue-1-mobilis-mise-a-jour-le-doyen-sur-le-podium-le-crb-accroche\/"},"wordCount":475,"commentCount":0,"publisher":{"@id":"https:\/\/lasentinelle.dz\/#organization"},"image":{"@id":"https:\/\/lasentinelle.dz\/index.php\/2022\/12\/20\/ligue-1-mobilis-mise-a-jour-le-doyen-sur-le-podium-le-crb-accroche\/#primaryimage"},"thumbnailUrl":"https:\/\/lasentinelle.dz\/wp-content\/uploads\/2022\/12\/mca.png","articleSection":["Sports"],"inLanguage":"fr-FR","potentialAction":[{"@type":"CommentAction","name":"Comment","target":["https:\/\/lasentinelle.dz\/index.php\/2022\/12\/20\/ligue-1-mobilis-mise-a-jour-le-doyen-sur-le-podium-le-crb-accroche\/#respond"]}]},{"@type":"WebPage","@id":"https:\/\/lasentinelle.dz\/index.php\/2022\/12\/20\/ligue-1-mobilis-mise-a-jour-le-doyen-sur-le-podium-le-crb-accroche\/","url":"https:\/\/lasentinelle.dz\/index.php\/2022\/12\/20\/ligue-1-mobilis-mise-a-jour-le-doyen-sur-le-podium-le-crb-accroche\/","name":"Ligue 1 Mobilis (Mise \u00e0 jour)\u00a0: Le Doyen sur le podium, le CRB accroch\u00e9 - La Sentinelle","isPartOf":{"@id":"https:\/\/lasentinelle.dz\/#website"},"primaryImageOfPage":{"@id":"https:\/\/lasentinelle.dz\/index.php\/2022\/12\/20\/ligue-1-mobilis-mise-a-jour-le-doyen-sur-le-podium-le-crb-accroche\/#primaryimage"},"image":{"@id":"https:\/\/lasentinelle.dz\/index.php\/2022\/12\/20\/ligue-1-mobilis-mise-a-jour-le-doyen-sur-le-podium-le-crb-accroche\/#primaryimage"},"thumbnailUrl":"https:\/\/lasentinelle.dz\/wp-content\/uploads\/2022\/12\/mca.png","datePublished":"2022-12-20T21:00:00+00:00","breadcrumb":{"@id":"https:\/\/lasentinelle.dz\/index.php\/2022\/12\/20\/ligue-1-mobilis-mise-a-jour-le-doyen-sur-le-podium-le-crb-accroche\/#breadcrumb"},"inLanguage":"fr-FR","potentialAction":[{"@type":"ReadAction","target":["https:\/\/lasentinelle.dz\/index.php\/2022\/12\/20\/ligue-1-mobilis-mise-a-jour-le-doyen-sur-le-podium-le-crb-accroche\/"]}]},{"@type":"ImageObject","inLanguage":"fr-FR","@id":"https:\/\/lasentinelle.dz\/index.php\/2022\/12\/20\/ligue-1-mobilis-mise-a-jour-le-doyen-sur-le-podium-le-crb-accroche\/#primaryimage","url":"https:\/\/lasentinelle.dz\/wp-content\/uploads\/2022\/12\/mca.png","contentUrl":"https:\/\/lasentinelle.dz\/wp-content\/uploads\/2022\/12\/mca.png","width":1600,"height":900},{"@type":"BreadcrumbList","@id":"https:\/\/lasentinelle.dz\/index.php\/2022\/12\/20\/ligue-1-mobilis-mise-a-jour-le-doyen-sur-le-podium-le-crb-accroche\/#breadcrumb","itemListElement":[{"@type":"ListItem","position":1,"name":"Accueil","item":"https:\/\/lasentinelle.dz\/"},{"@type":"ListItem","position":2,"name":"Ligue 1 Mobilis (Mise \u00e0 jour)\u00a0: Le Doyen sur le podium, le CRB accroch\u00e9"}]},{"@type":"WebSite","@id":"https:\/\/lasentinelle.dz\/#website","url":"https:\/\/lasentinelle.dz\/","name":"La Sentinelle","description":"Quotidien national d&#039;information","publisher":{"@id":"https:\/\/lasentinelle.dz\/#organization"},"potentialAction":[{"@type":"SearchAction","target":{"@type":"EntryPoint","urlTemplate":"https:\/\/lasentinelle.dz\/?s={search_term_string}"},"query-input":{"@type":"PropertyValueSpecification","valueRequired":true,"valueName":"search_term_string"}}],"inLanguage":"fr-FR"},{"@type":"Organization","@id":"https:\/\/lasentinelle.dz\/#organization","name":"Quotidien La Sentinelle","url":"https:\/\/lasentinelle.dz\/","logo":{"@type":"ImageObject","inLanguage":"fr-FR","@id":"https:\/\/lasentinelle.dz\/#\/schema\/logo\/image\/","url":"https:\/\/lasentinelle.dz\/wp-content\/uploads\/2021\/09\/logo-sentinelleSLOGAN-1.png","contentUrl":"https:\/\/lasentinelle.dz\/wp-content\/uploads\/2021\/09\/logo-sentinelleSLOGAN-1.png","width":615,"height":142,"caption":"Quotidien La Sentinelle"},"image":{"@id":"https:\/\/lasentinelle.dz\/#\/schema\/logo\/image\/"},"sameAs":["https:\/\/www.facebook.com\/La-Sentinelle-104059864394773"]},{"@type":"Person","@id":"https:\/\/lasentinelle.dz\/#\/schema\/person\/d865044e22e70a75174ce8bcad3acfb3","name":"La Sentinelle","image":{"@type":"ImageObject","inLanguage":"fr-FR","@id":"https:\/\/secure.gravatar.com\/avatar\/57de8e5d4b15d43fb361a71fbb36338450fe67865b528a43dd10ef7c51a20392?s=96&d=mm&r=g","url":"https:\/\/secure.gravatar.com\/avatar\/57de8e5d4b15d43fb361a71fbb36338450fe67865b528a43dd10ef7c51a20392?s=96&d=mm&r=g","contentUrl":"https:\/\/secure.gravatar.com\/avatar\/57de8e5d4b15d43fb361a71fbb36338450fe67865b528a43dd10ef7c51a20392?s=96&d=mm&r=g","caption":"La Sentinelle"},"sameAs":["http:\/\/www.lasentinelle.dz"],"url":"https:\/\/lasentinelle.dz\/author\/redaction\/"}]}},"_links":{"self":[{"href":"https:\/\/lasentinelle.dz\/index.php\/wp-json\/wp\/v2\/posts\/32969","targetHints":{"allow":["GET"]}}],"collection":[{"href":"https:\/\/lasentinelle.dz\/index.php\/wp-json\/wp\/v2\/posts"}],"about":[{"href":"https:\/\/lasentinelle.dz\/index.php\/wp-json\/wp\/v2\/types\/post"}],"author":[{"embeddable":true,"href":"https:\/\/lasentinelle.dz\/index.php\/wp-json\/wp\/v2\/users\/3"}],"replies":[{"embeddable":true,"href":"https:\/\/lasentinelle.dz\/index.php\/wp-json\/wp\/v2\/comments?post=32969"}],"version-history":[{"count":1,"href":"https:\/\/lasentinelle.dz\/index.php\/wp-json\/wp\/v2\/posts\/32969\/revisions"}],"predecessor-version":[{"id":32971,"href":"https:\/\/lasentinelle.dz\/index.php\/wp-json\/wp\/v2\/posts\/32969\/revisions\/32971"}],"wp:featuredmedia":[{"embeddable":true,"href":"https:\/\/lasentinelle.dz\/index.php\/wp-json\/wp\/v2\/media\/32970"}],"wp:attachment":[{"href":"https:\/\/lasentinelle.dz\/index.php\/wp-json\/wp\/v2\/media?parent=32969"}],"wp:term":[{"taxonomy":"category","embeddable":true,"href":"https:\/\/lasentinelle.dz\/index.php\/wp-json\/wp\/v2\/categories?post=32969"},{"taxonomy":"post_tag","embeddable":true,"href":"https:\/\/lasentinelle.dz\/index.php\/wp-json\/wp\/v2\/tags?post=32969"}],"curies":[{"name":"wp","href":"https:\/\/api.w.org\/{rel}","templated":true}]}}