{"id":32972,"date":"2022-12-20T22:08:00","date_gmt":"2022-12-20T21:08:00","guid":{"rendered":"https:\/\/lasentinelle.dz\/?p=32972"},"modified":"2022-12-20T18:40:40","modified_gmt":"2022-12-20T17:40:40","slug":"polemique-sur-lattribution-de-la-can-2025-sebgag-reagit","status":"publish","type":"post","link":"https:\/\/lasentinelle.dz\/index.php\/2022\/12\/20\/polemique-sur-lattribution-de-la-can-2025-sebgag-reagit\/","title":{"rendered":"Pol\u00e9mique sur l\u2019attribution de la CAN-2025\u00a0: Sebgag r\u00e9agit"},"content":{"rendered":"\n<p>L\u2019attribution de l\u2019organisation de la Coupe d\u2019Afrique des Nations en 2025 est au centre d\u2019une pol\u00e9mique. Une pol\u00e9mique \u00e0 laquelle le ministre de la Jeunesse et des Sports, Abderrezak a r\u00e9agi hier, en assurant que l\u2019Alg\u00e9rie conserve toutes ses chances et a tous les atouts pour d\u00e9crocher l\u2019organisation de la plus prestigieuses des comp\u00e9titions africaines.<\/p>\n\n\n\n<p>C\u2019est un v\u00e9ritable pav\u00e9 dans la marre que c\u00e9l\u00e8bre commentateur sportif Hafid Derradji a jet\u00e9 en indiquant sur les r\u00e9seaux sociaux que la Conf\u00e9d\u00e9ration africaine de football aurait d\u00e9j\u00e0 confi\u00e9 l\u2019organisation de l\u2019\u00e9v\u00e9nement au Maroc, quelques jours apr\u00e8s la cl\u00f4ture, vendredi, des d\u00e9lais de d\u00e9p\u00f4t des dossiers de candidature, et parmi lesquels figure la candidature alg\u00e9rienne. M\u00eame si la d\u00e9cision de la CAF doit \u00eatre annonc\u00e9e au mois de f\u00e9vrier prochain apr\u00e8s l\u2019inspection des infrastructures des candidats et vote des commissions, Hafid Derradjiestime que \u00ab le choix \u00e0 ce niveau n\u2019a rien \u00e0 voir avec le dossier \u00bb, allusion faite aux r\u00e9seaux et les intrigues en coulisses men\u00e9s par la F\u00e9d\u00e9ration marocaine de football et son pr\u00e9sidentFouziLekjaa. Des propos qui ne sont pas pris \u00e0 la l\u00e9g\u00e8re par les responsables du secteur en Alg\u00e9rie. Lors de son intervention au forum du quotidien El-Hiwar, le ministre de la Jeunesse et des Sports, AbderrezakSebgag a indiqu\u00e9&nbsp;: \u00ab&nbsp;Hafid n\u2019est pas membre de la CAF mais en tant qu\u2019expert en football ce qu\u2019il dit doit \u00eatre pris en consid\u00e9ration \u00bb. Et d\u2019ajouter que l\u2019analyse de Hafid Derradji est \u00ab bonne et nous renseigne sur ce qui nous attend \u00bb.<\/p>\n\n\n\n<p>Cela ne d\u00e9monte pour autant l\u2019optimisme des Alg\u00e9riens qui font valoir de v\u00e9ritables atouts qui lui permettent d\u2019\u00eatre un candidat s\u00e9rieux pour l\u2019organisation d\u2019\u00e9v\u00e9nements de cette dimension et de d\u00e9crocher l\u2019organisation de la CAN dans le cadre d\u2019un processus transparent. Le ministre a d\u2019ailleurs rappel\u00e9 les responsabilit\u00e9s de la Conf\u00e9d\u00e9ration africaine de football en mati\u00e8re de transparence et a rappel\u00e9 les engagements pris par son pr\u00e9sident Patrice Motsepe en mati\u00e8re de lutte contre la corruption. \u00ab Le pr\u00e9sident de la CAF Motsepe a promis au pr\u00e9sident Tebboune de lutter contre la corruption&nbsp;\u00bb, a-t-il indiqu\u00e9. Il a \u00e9galement soulign\u00e9 que l\u2019attribution de la CAN-2025 n\u2019a pas encore \u00e9t\u00e9 d\u00e9cid\u00e9e. Aussi et dans la mesure o\u00f9 le dossier de l\u2019Alg\u00e9rie a \u00e9t\u00e9 d\u00e9pos\u00e9 vendredi, le travail a \u00e9t\u00e9 entam\u00e9 pour faire valoir cette candidature.<\/p>\n\n\n\n<p><strong>Un dossier solide<\/strong><\/p>\n\n\n\n<p>Sebgag a soulign\u00e9 dans ce sens que la candidature de l\u2019Alg\u00e9rie \u00e9tait plus que solide avec l\u2019ensemble des infrastructures pr\u00e9sent\u00e9es qui sont d\u00e9j\u00e0 op\u00e9rationnels, celles qui seront bient\u00f4t r\u00e9ceptionn\u00e9es et celles qui seront projet\u00e9es. &nbsp;Si le dossier compte sur trois structures flambants neuves, le stade olympique d\u2019Oran, le stade de Dou\u00e9ra, et le Stade de Baraki qui sera inaugur\u00e9 lors du CHAN-2023 et qui sera baptis\u00e9 du nom du grand leader sud-africain, Neslon Mandela, et trois autres qui viennent d\u2019\u00eatre compl\u00e8tement r\u00e9nov\u00e9es \u00e0 savoir le stade de Blida, le stade d\u2019Annaba et celui de Constantine, le MJS souligne que le Stade olympique du 5 juillet qui a \u00e9t\u00e9 r\u00e9nov\u00e9 lui aussi, ainsi qui le nouveau stade de Tizi-Ouzou qui doit \u00eatre r\u00e9ceptionn\u00e9 dans les prochains mois, sont sur la liste de r\u00e9serves. Le ministre a expliqu\u00e9 dans ce sens que l\u2019Alg\u00e9rie a pr\u00e9sent\u00e9 un dossier qui s\u2019appuie sur des structures d\u00e9j\u00e0 op\u00e9rationnelles avec des projections sur de nouvelles structures. \u00ab&nbsp;Nous avons une longue p\u00e9riode pour pr\u00e9parer les autres stades. Nous avons les ann\u00e9es 2023 et 2024 entre nos mains. Et le premier semestre 2025, afin d&rsquo;\u00e9quiper les stades et nous avons allou\u00e9 des enveloppes financi\u00e8res pour \u00e9quiper \u00e9galement 40 stades&nbsp;\u00bb, a-t-il assur\u00e9.<\/p>\n\n\n\n<p>Le ministre a \u00e9galement indiqu\u00e9 que les JM d\u2019Oran ont permis de d\u00e9montrer que l\u2019Alg\u00e9rie dispose de toutes les capacit\u00e9s pour organiser de grands \u00e9v\u00e9nement sportifs. Il a \u00e9galement indiqu\u00e9 que le Championnat d\u2019Afrique des Nations qui se tient en Alg\u00e9rie entre janvier et f\u00e9vrier prochains, sera aussi l\u2019occasion de d\u00e9monter les capacit\u00e9s de l\u2019Alg\u00e9rie en la mati\u00e8re.<\/p>\n\n\n\n<p><strong>S\u2019inspirer de l\u2019exp\u00e9rience du Qatar<\/strong><\/p>\n\n\n\n<p>Sebgag a indiqu\u00e9 que \u00ab le succ\u00e8s des Jeux M\u00e9diterran\u00e9ens nous a oblig\u00e9s \u00e0 rester \u00e0 un niveau \u00e9lev\u00e9 et \u00e0 ne pas nous contenter de moins, en termes de pr\u00e9paration d&rsquo;organisation. et d\u2019infrastructures&nbsp;\u00bb. Il a assur\u00e9 dans ce contexte que tout \u00e9tait pr\u00eat pour accueillir l\u2019\u00e9v\u00e9nement continental. Il a \u00e9galement soulign\u00e9 que l\u2019Alg\u00e9rie s\u2019inspire de l\u2019exp\u00e9rience du Qatar qui a assur\u00e9 le succ\u00e8s de la Coupe du Monde-2022.<\/p>\n\n\n\n<p>\u00ab\u00a0Le succ\u00e8s de la Coupe du monde du Qatar nous motivera \u00e0 rester au haut niveau\u00a0\u00bb, a ajout\u00e9 Sebgag.\u00a0\u00bbL&rsquo;exp\u00e9rience de la Coupe du monde est unique, et nous avons envoy\u00e9 19 gestionnaires de structures sportives alg\u00e9riennes au Qatar, pour effectuer la t\u00e2che de surveillance et d&rsquo;accompagnement dans les diff\u00e9rentes t\u00e2ches d&rsquo;organisation des foules et de gestion des stades&nbsp;\u00bb, explique le ministre. Et d\u2019ajouter que \u00ab&nbsp;ces gestionnaires viennent de diff\u00e9rentes wilayas du pays qui disposent d&rsquo;infrastructures sportives, et leur exp\u00e9rience en Coupe du monde au Qatar nous sera b\u00e9n\u00e9fique lors des \u00e9v\u00e9nements \u00e0 venir&nbsp;\u00bb.<\/p>\n\n\n\n<p><strong>Chokri Hafed<\/strong><\/p>\n","protected":false},"excerpt":{"rendered":"<p>L\u2019attribution de l\u2019organisation de la Coupe d\u2019Afrique des Nations en 2025 est au centre d\u2019une pol\u00e9mique. Une pol\u00e9mique \u00e0 laquelle<\/p>\n","protected":false},"author":3,"featured_media":32973,"comment_status":"open","ping_status":"closed","sticky":false,"template":"","format":"standard","meta":{"colormag_page_container_layout":"default_layout","colormag_page_sidebar_layout":"default_layout","om_disable_all_campaigns":false,"_monsterinsights_skip_tracking":false,"_monsterinsights_sitenote_active":false,"_monsterinsights_sitenote_note":"","_monsterinsights_sitenote_category":0,"footnotes":"","_wpscppro_dont_share_socialmedia":false,"_wpscppro_custom_social_share_image":0,"_facebook_share_type":"","_twitter_share_type":"","_linkedin_share_type":"","_pinterest_share_type":"","_linkedin_share_type_page":"","_instagram_share_type":"","_medium_share_type":"","_threads_share_type":"","_google_business_share_type":"","_selected_social_profile":[],"_wpsp_enable_custom_social_template":false,"_wpsp_social_scheduling":{"enabled":false,"datetime":null,"platforms":[],"status":"template_only","dateOption":"today","timeOption":"now","customDays":"","customHours":"","customDate":"","customTime":"","schedulingType":"absolute"},"_wpsp_active_default_template":true},"categories":[52,33],"tags":[],"class_list":["post-32972","post","type-post","status-publish","format-standard","has-post-thumbnail","hentry","category-a-la-une","category-sports"],"aioseo_notices":[],"yoast_head":"<!-- This site is optimized with the Yoast SEO plugin v27.5 - https:\/\/yoast.com\/product\/yoast-seo-wordpress\/ -->\n<title>Pol\u00e9mique sur l\u2019attribution de la CAN-2025\u00a0: Sebgag r\u00e9agit - La Sentinelle<\/title>\n<meta name=\"robots\" content=\"index, follow, max-snippet:-1, max-image-preview:large, max-video-preview:-1\" \/>\n<link rel=\"canonical\" href=\"https:\/\/lasentinelle.dz\/index.php\/2022\/12\/20\/polemique-sur-lattribution-de-la-can-2025-sebgag-reagit\/\" \/>\n<meta property=\"og:locale\" content=\"fr_FR\" \/>\n<meta property=\"og:type\" content=\"article\" \/>\n<meta property=\"og:title\" content=\"Pol\u00e9mique sur l\u2019attribution de la CAN-2025\u00a0: Sebgag r\u00e9agit - La Sentinelle\" \/>\n<meta property=\"og:description\" content=\"L\u2019attribution de l\u2019organisation de la Coupe d\u2019Afrique des Nations en 2025 est au centre d\u2019une pol\u00e9mique. Une pol\u00e9mique \u00e0 laquelle\" \/>\n<meta property=\"og:url\" content=\"https:\/\/lasentinelle.dz\/index.php\/2022\/12\/20\/polemique-sur-lattribution-de-la-can-2025-sebgag-reagit\/\" \/>\n<meta property=\"og:site_name\" content=\"La Sentinelle\" \/>\n<meta property=\"article:publisher\" content=\"https:\/\/www.facebook.com\/La-Sentinelle-104059864394773\" \/>\n<meta property=\"article:published_time\" content=\"2022-12-20T21:08:00+00:00\" \/>\n<meta property=\"og:image\" content=\"https:\/\/lasentinelle.dz\/wp-content\/uploads\/2022\/12\/Sebgag-1.png\" \/>\n\t<meta property=\"og:image:width\" content=\"1594\" \/>\n\t<meta property=\"og:image:height\" content=\"900\" \/>\n\t<meta property=\"og:image:type\" content=\"image\/png\" \/>\n<meta name=\"author\" content=\"La Sentinelle\" \/>\n<meta name=\"twitter:card\" content=\"summary_large_image\" \/>\n<meta name=\"twitter:label1\" content=\"\u00c9crit par\" \/>\n\t<meta name=\"twitter:data1\" content=\"La Sentinelle\" \/>\n\t<meta name=\"twitter:label2\" content=\"Dur\u00e9e de lecture estim\u00e9e\" \/>\n\t<meta name=\"twitter:data2\" content=\"5 minutes\" \/>\n<script type=\"application\/ld+json\" class=\"yoast-schema-graph\">{\"@context\":\"https:\\\/\\\/schema.org\",\"@graph\":[{\"@type\":\"Article\",\"@id\":\"https:\\\/\\\/lasentinelle.dz\\\/index.php\\\/2022\\\/12\\\/20\\\/polemique-sur-lattribution-de-la-can-2025-sebgag-reagit\\\/#article\",\"isPartOf\":{\"@id\":\"https:\\\/\\\/lasentinelle.dz\\\/index.php\\\/2022\\\/12\\\/20\\\/polemique-sur-lattribution-de-la-can-2025-sebgag-reagit\\\/\"},\"author\":{\"name\":\"La Sentinelle\",\"@id\":\"https:\\\/\\\/lasentinelle.dz\\\/#\\\/schema\\\/person\\\/d865044e22e70a75174ce8bcad3acfb3\"},\"headline\":\"Pol\u00e9mique sur l\u2019attribution de la CAN-2025\u00a0: Sebgag r\u00e9agit\",\"datePublished\":\"2022-12-20T21:08:00+00:00\",\"mainEntityOfPage\":{\"@id\":\"https:\\\/\\\/lasentinelle.dz\\\/index.php\\\/2022\\\/12\\\/20\\\/polemique-sur-lattribution-de-la-can-2025-sebgag-reagit\\\/\"},\"wordCount\":972,\"commentCount\":0,\"publisher\":{\"@id\":\"https:\\\/\\\/lasentinelle.dz\\\/#organization\"},\"image\":{\"@id\":\"https:\\\/\\\/lasentinelle.dz\\\/index.php\\\/2022\\\/12\\\/20\\\/polemique-sur-lattribution-de-la-can-2025-sebgag-reagit\\\/#primaryimage\"},\"thumbnailUrl\":\"https:\\\/\\\/lasentinelle.dz\\\/wp-content\\\/uploads\\\/2022\\\/12\\\/Sebgag-1.png\",\"articleSection\":[\"\u00c0 la Une\",\"Sports\"],\"inLanguage\":\"fr-FR\",\"potentialAction\":[{\"@type\":\"CommentAction\",\"name\":\"Comment\",\"target\":[\"https:\\\/\\\/lasentinelle.dz\\\/index.php\\\/2022\\\/12\\\/20\\\/polemique-sur-lattribution-de-la-can-2025-sebgag-reagit\\\/#respond\"]}]},{\"@type\":\"WebPage\",\"@id\":\"https:\\\/\\\/lasentinelle.dz\\\/index.php\\\/2022\\\/12\\\/20\\\/polemique-sur-lattribution-de-la-can-2025-sebgag-reagit\\\/\",\"url\":\"https:\\\/\\\/lasentinelle.dz\\\/index.php\\\/2022\\\/12\\\/20\\\/polemique-sur-lattribution-de-la-can-2025-sebgag-reagit\\\/\",\"name\":\"Pol\u00e9mique sur l\u2019attribution de la CAN-2025\u00a0: Sebgag r\u00e9agit - La Sentinelle\",\"isPartOf\":{\"@id\":\"https:\\\/\\\/lasentinelle.dz\\\/#website\"},\"primaryImageOfPage\":{\"@id\":\"https:\\\/\\\/lasentinelle.dz\\\/index.php\\\/2022\\\/12\\\/20\\\/polemique-sur-lattribution-de-la-can-2025-sebgag-reagit\\\/#primaryimage\"},\"image\":{\"@id\":\"https:\\\/\\\/lasentinelle.dz\\\/index.php\\\/2022\\\/12\\\/20\\\/polemique-sur-lattribution-de-la-can-2025-sebgag-reagit\\\/#primaryimage\"},\"thumbnailUrl\":\"https:\\\/\\\/lasentinelle.dz\\\/wp-content\\\/uploads\\\/2022\\\/12\\\/Sebgag-1.png\",\"datePublished\":\"2022-12-20T21:08:00+00:00\",\"breadcrumb\":{\"@id\":\"https:\\\/\\\/lasentinelle.dz\\\/index.php\\\/2022\\\/12\\\/20\\\/polemique-sur-lattribution-de-la-can-2025-sebgag-reagit\\\/#breadcrumb\"},\"inLanguage\":\"fr-FR\",\"potentialAction\":[{\"@type\":\"ReadAction\",\"target\":[\"https:\\\/\\\/lasentinelle.dz\\\/index.php\\\/2022\\\/12\\\/20\\\/polemique-sur-lattribution-de-la-can-2025-sebgag-reagit\\\/\"]}]},{\"@type\":\"ImageObject\",\"inLanguage\":\"fr-FR\",\"@id\":\"https:\\\/\\\/lasentinelle.dz\\\/index.php\\\/2022\\\/12\\\/20\\\/polemique-sur-lattribution-de-la-can-2025-sebgag-reagit\\\/#primaryimage\",\"url\":\"https:\\\/\\\/lasentinelle.dz\\\/wp-content\\\/uploads\\\/2022\\\/12\\\/Sebgag-1.png\",\"contentUrl\":\"https:\\\/\\\/lasentinelle.dz\\\/wp-content\\\/uploads\\\/2022\\\/12\\\/Sebgag-1.png\",\"width\":1594,\"height\":900},{\"@type\":\"BreadcrumbList\",\"@id\":\"https:\\\/\\\/lasentinelle.dz\\\/index.php\\\/2022\\\/12\\\/20\\\/polemique-sur-lattribution-de-la-can-2025-sebgag-reagit\\\/#breadcrumb\",\"itemListElement\":[{\"@type\":\"ListItem\",\"position\":1,\"name\":\"Accueil\",\"item\":\"https:\\\/\\\/lasentinelle.dz\\\/\"},{\"@type\":\"ListItem\",\"position\":2,\"name\":\"Pol\u00e9mique sur l\u2019attribution de la CAN-2025\u00a0: Sebgag r\u00e9agit\"}]},{\"@type\":\"WebSite\",\"@id\":\"https:\\\/\\\/lasentinelle.dz\\\/#website\",\"url\":\"https:\\\/\\\/lasentinelle.dz\\\/\",\"name\":\"La Sentinelle\",\"description\":\"Quotidien national d&#039;information\",\"publisher\":{\"@id\":\"https:\\\/\\\/lasentinelle.dz\\\/#organization\"},\"potentialAction\":[{\"@type\":\"SearchAction\",\"target\":{\"@type\":\"EntryPoint\",\"urlTemplate\":\"https:\\\/\\\/lasentinelle.dz\\\/?s={search_term_string}\"},\"query-input\":{\"@type\":\"PropertyValueSpecification\",\"valueRequired\":true,\"valueName\":\"search_term_string\"}}],\"inLanguage\":\"fr-FR\"},{\"@type\":\"Organization\",\"@id\":\"https:\\\/\\\/lasentinelle.dz\\\/#organization\",\"name\":\"Quotidien La Sentinelle\",\"url\":\"https:\\\/\\\/lasentinelle.dz\\\/\",\"logo\":{\"@type\":\"ImageObject\",\"inLanguage\":\"fr-FR\",\"@id\":\"https:\\\/\\\/lasentinelle.dz\\\/#\\\/schema\\\/logo\\\/image\\\/\",\"url\":\"https:\\\/\\\/lasentinelle.dz\\\/wp-content\\\/uploads\\\/2021\\\/09\\\/logo-sentinelleSLOGAN-1.png\",\"contentUrl\":\"https:\\\/\\\/lasentinelle.dz\\\/wp-content\\\/uploads\\\/2021\\\/09\\\/logo-sentinelleSLOGAN-1.png\",\"width\":615,\"height\":142,\"caption\":\"Quotidien La Sentinelle\"},\"image\":{\"@id\":\"https:\\\/\\\/lasentinelle.dz\\\/#\\\/schema\\\/logo\\\/image\\\/\"},\"sameAs\":[\"https:\\\/\\\/www.facebook.com\\\/La-Sentinelle-104059864394773\"]},{\"@type\":\"Person\",\"@id\":\"https:\\\/\\\/lasentinelle.dz\\\/#\\\/schema\\\/person\\\/d865044e22e70a75174ce8bcad3acfb3\",\"name\":\"La Sentinelle\",\"image\":{\"@type\":\"ImageObject\",\"inLanguage\":\"fr-FR\",\"@id\":\"https:\\\/\\\/secure.gravatar.com\\\/avatar\\\/57de8e5d4b15d43fb361a71fbb36338450fe67865b528a43dd10ef7c51a20392?s=96&d=mm&r=g\",\"url\":\"https:\\\/\\\/secure.gravatar.com\\\/avatar\\\/57de8e5d4b15d43fb361a71fbb36338450fe67865b528a43dd10ef7c51a20392?s=96&d=mm&r=g\",\"contentUrl\":\"https:\\\/\\\/secure.gravatar.com\\\/avatar\\\/57de8e5d4b15d43fb361a71fbb36338450fe67865b528a43dd10ef7c51a20392?s=96&d=mm&r=g\",\"caption\":\"La Sentinelle\"},\"sameAs\":[\"http:\\\/\\\/www.lasentinelle.dz\"],\"url\":\"https:\\\/\\\/lasentinelle.dz\\\/author\\\/redaction\\\/\"}]}<\/script>\n<!-- \/ Yoast SEO plugin. -->","yoast_head_json":{"title":"Pol\u00e9mique sur l\u2019attribution de la CAN-2025\u00a0: Sebgag r\u00e9agit - La Sentinelle","robots":{"index":"index","follow":"follow","max-snippet":"max-snippet:-1","max-image-preview":"max-image-preview:large","max-video-preview":"max-video-preview:-1"},"canonical":"https:\/\/lasentinelle.dz\/index.php\/2022\/12\/20\/polemique-sur-lattribution-de-la-can-2025-sebgag-reagit\/","og_locale":"fr_FR","og_type":"article","og_title":"Pol\u00e9mique sur l\u2019attribution de la CAN-2025\u00a0: Sebgag r\u00e9agit - La Sentinelle","og_description":"L\u2019attribution de l\u2019organisation de la Coupe d\u2019Afrique des Nations en 2025 est au centre d\u2019une pol\u00e9mique. Une pol\u00e9mique \u00e0 laquelle","og_url":"https:\/\/lasentinelle.dz\/index.php\/2022\/12\/20\/polemique-sur-lattribution-de-la-can-2025-sebgag-reagit\/","og_site_name":"La Sentinelle","article_publisher":"https:\/\/www.facebook.com\/La-Sentinelle-104059864394773","article_published_time":"2022-12-20T21:08:00+00:00","og_image":[{"width":1594,"height":900,"url":"https:\/\/lasentinelle.dz\/wp-content\/uploads\/2022\/12\/Sebgag-1.png","type":"image\/png"}],"author":"La Sentinelle","twitter_card":"summary_large_image","twitter_misc":{"\u00c9crit par":"La Sentinelle","Dur\u00e9e de lecture estim\u00e9e":"5 minutes"},"schema":{"@context":"https:\/\/schema.org","@graph":[{"@type":"Article","@id":"https:\/\/lasentinelle.dz\/index.php\/2022\/12\/20\/polemique-sur-lattribution-de-la-can-2025-sebgag-reagit\/#article","isPartOf":{"@id":"https:\/\/lasentinelle.dz\/index.php\/2022\/12\/20\/polemique-sur-lattribution-de-la-can-2025-sebgag-reagit\/"},"author":{"name":"La Sentinelle","@id":"https:\/\/lasentinelle.dz\/#\/schema\/person\/d865044e22e70a75174ce8bcad3acfb3"},"headline":"Pol\u00e9mique sur l\u2019attribution de la CAN-2025\u00a0: Sebgag r\u00e9agit","datePublished":"2022-12-20T21:08:00+00:00","mainEntityOfPage":{"@id":"https:\/\/lasentinelle.dz\/index.php\/2022\/12\/20\/polemique-sur-lattribution-de-la-can-2025-sebgag-reagit\/"},"wordCount":972,"commentCount":0,"publisher":{"@id":"https:\/\/lasentinelle.dz\/#organization"},"image":{"@id":"https:\/\/lasentinelle.dz\/index.php\/2022\/12\/20\/polemique-sur-lattribution-de-la-can-2025-sebgag-reagit\/#primaryimage"},"thumbnailUrl":"https:\/\/lasentinelle.dz\/wp-content\/uploads\/2022\/12\/Sebgag-1.png","articleSection":["\u00c0 la Une","Sports"],"inLanguage":"fr-FR","potentialAction":[{"@type":"CommentAction","name":"Comment","target":["https:\/\/lasentinelle.dz\/index.php\/2022\/12\/20\/polemique-sur-lattribution-de-la-can-2025-sebgag-reagit\/#respond"]}]},{"@type":"WebPage","@id":"https:\/\/lasentinelle.dz\/index.php\/2022\/12\/20\/polemique-sur-lattribution-de-la-can-2025-sebgag-reagit\/","url":"https:\/\/lasentinelle.dz\/index.php\/2022\/12\/20\/polemique-sur-lattribution-de-la-can-2025-sebgag-reagit\/","name":"Pol\u00e9mique sur l\u2019attribution de la CAN-2025\u00a0: Sebgag r\u00e9agit - La Sentinelle","isPartOf":{"@id":"https:\/\/lasentinelle.dz\/#website"},"primaryImageOfPage":{"@id":"https:\/\/lasentinelle.dz\/index.php\/2022\/12\/20\/polemique-sur-lattribution-de-la-can-2025-sebgag-reagit\/#primaryimage"},"image":{"@id":"https:\/\/lasentinelle.dz\/index.php\/2022\/12\/20\/polemique-sur-lattribution-de-la-can-2025-sebgag-reagit\/#primaryimage"},"thumbnailUrl":"https:\/\/lasentinelle.dz\/wp-content\/uploads\/2022\/12\/Sebgag-1.png","datePublished":"2022-12-20T21:08:00+00:00","breadcrumb":{"@id":"https:\/\/lasentinelle.dz\/index.php\/2022\/12\/20\/polemique-sur-lattribution-de-la-can-2025-sebgag-reagit\/#breadcrumb"},"inLanguage":"fr-FR","potentialAction":[{"@type":"ReadAction","target":["https:\/\/lasentinelle.dz\/index.php\/2022\/12\/20\/polemique-sur-lattribution-de-la-can-2025-sebgag-reagit\/"]}]},{"@type":"ImageObject","inLanguage":"fr-FR","@id":"https:\/\/lasentinelle.dz\/index.php\/2022\/12\/20\/polemique-sur-lattribution-de-la-can-2025-sebgag-reagit\/#primaryimage","url":"https:\/\/lasentinelle.dz\/wp-content\/uploads\/2022\/12\/Sebgag-1.png","contentUrl":"https:\/\/lasentinelle.dz\/wp-content\/uploads\/2022\/12\/Sebgag-1.png","width":1594,"height":900},{"@type":"BreadcrumbList","@id":"https:\/\/lasentinelle.dz\/index.php\/2022\/12\/20\/polemique-sur-lattribution-de-la-can-2025-sebgag-reagit\/#breadcrumb","itemListElement":[{"@type":"ListItem","position":1,"name":"Accueil","item":"https:\/\/lasentinelle.dz\/"},{"@type":"ListItem","position":2,"name":"Pol\u00e9mique sur l\u2019attribution de la CAN-2025\u00a0: Sebgag r\u00e9agit"}]},{"@type":"WebSite","@id":"https:\/\/lasentinelle.dz\/#website","url":"https:\/\/lasentinelle.dz\/","name":"La Sentinelle","description":"Quotidien national d&#039;information","publisher":{"@id":"https:\/\/lasentinelle.dz\/#organization"},"potentialAction":[{"@type":"SearchAction","target":{"@type":"EntryPoint","urlTemplate":"https:\/\/lasentinelle.dz\/?s={search_term_string}"},"query-input":{"@type":"PropertyValueSpecification","valueRequired":true,"valueName":"search_term_string"}}],"inLanguage":"fr-FR"},{"@type":"Organization","@id":"https:\/\/lasentinelle.dz\/#organization","name":"Quotidien La Sentinelle","url":"https:\/\/lasentinelle.dz\/","logo":{"@type":"ImageObject","inLanguage":"fr-FR","@id":"https:\/\/lasentinelle.dz\/#\/schema\/logo\/image\/","url":"https:\/\/lasentinelle.dz\/wp-content\/uploads\/2021\/09\/logo-sentinelleSLOGAN-1.png","contentUrl":"https:\/\/lasentinelle.dz\/wp-content\/uploads\/2021\/09\/logo-sentinelleSLOGAN-1.png","width":615,"height":142,"caption":"Quotidien La Sentinelle"},"image":{"@id":"https:\/\/lasentinelle.dz\/#\/schema\/logo\/image\/"},"sameAs":["https:\/\/www.facebook.com\/La-Sentinelle-104059864394773"]},{"@type":"Person","@id":"https:\/\/lasentinelle.dz\/#\/schema\/person\/d865044e22e70a75174ce8bcad3acfb3","name":"La Sentinelle","image":{"@type":"ImageObject","inLanguage":"fr-FR","@id":"https:\/\/secure.gravatar.com\/avatar\/57de8e5d4b15d43fb361a71fbb36338450fe67865b528a43dd10ef7c51a20392?s=96&d=mm&r=g","url":"https:\/\/secure.gravatar.com\/avatar\/57de8e5d4b15d43fb361a71fbb36338450fe67865b528a43dd10ef7c51a20392?s=96&d=mm&r=g","contentUrl":"https:\/\/secure.gravatar.com\/avatar\/57de8e5d4b15d43fb361a71fbb36338450fe67865b528a43dd10ef7c51a20392?s=96&d=mm&r=g","caption":"La Sentinelle"},"sameAs":["http:\/\/www.lasentinelle.dz"],"url":"https:\/\/lasentinelle.dz\/author\/redaction\/"}]}},"_links":{"self":[{"href":"https:\/\/lasentinelle.dz\/index.php\/wp-json\/wp\/v2\/posts\/32972","targetHints":{"allow":["GET"]}}],"collection":[{"href":"https:\/\/lasentinelle.dz\/index.php\/wp-json\/wp\/v2\/posts"}],"about":[{"href":"https:\/\/lasentinelle.dz\/index.php\/wp-json\/wp\/v2\/types\/post"}],"author":[{"embeddable":true,"href":"https:\/\/lasentinelle.dz\/index.php\/wp-json\/wp\/v2\/users\/3"}],"replies":[{"embeddable":true,"href":"https:\/\/lasentinelle.dz\/index.php\/wp-json\/wp\/v2\/comments?post=32972"}],"version-history":[{"count":1,"href":"https:\/\/lasentinelle.dz\/index.php\/wp-json\/wp\/v2\/posts\/32972\/revisions"}],"predecessor-version":[{"id":32974,"href":"https:\/\/lasentinelle.dz\/index.php\/wp-json\/wp\/v2\/posts\/32972\/revisions\/32974"}],"wp:featuredmedia":[{"embeddable":true,"href":"https:\/\/lasentinelle.dz\/index.php\/wp-json\/wp\/v2\/media\/32973"}],"wp:attachment":[{"href":"https:\/\/lasentinelle.dz\/index.php\/wp-json\/wp\/v2\/media?parent=32972"}],"wp:term":[{"taxonomy":"category","embeddable":true,"href":"https:\/\/lasentinelle.dz\/index.php\/wp-json\/wp\/v2\/categories?post=32972"},{"taxonomy":"post_tag","embeddable":true,"href":"https:\/\/lasentinelle.dz\/index.php\/wp-json\/wp\/v2\/tags?post=32972"}],"curies":[{"name":"wp","href":"https:\/\/api.w.org\/{rel}","templated":true}]}}