{"id":33050,"date":"2022-12-21T22:05:00","date_gmt":"2022-12-21T21:05:00","guid":{"rendered":"https:\/\/lasentinelle.dz\/?p=33050"},"modified":"2022-12-21T18:40:53","modified_gmt":"2022-12-21T17:40:53","slug":"accidents-de-la-route-le-facteur-humain-pointe-du-doigt","status":"publish","type":"post","link":"https:\/\/lasentinelle.dz\/index.php\/2022\/12\/21\/accidents-de-la-route-le-facteur-humain-pointe-du-doigt\/","title":{"rendered":"Accidents de la route\u00a0: Le facteur humain point\u00e9 du doigt"},"content":{"rendered":"\n<p>Le commandement de la Gendarmerie nationale a lanc\u00e9 une campagne de sensibilisation contre les accidents de la circulation lesquels ont connu une nette hausse au cours des derni\u00e8res semaines. C\u2019est dans ce contexte qu\u2019est intervenu le commandant de Gendarmerie nationale, BoulahiaDhaief, sur les ondes de la Radio alg\u00e9rienne afin de faire le bilan des actions men\u00e9es en mati\u00e8re de pr\u00e9vention, mais aussi de souligner le poids du non-respect du code de la route dans la multiplication du nombre d\u2019accidents. D\u00e9plorant un \u00e9tat des lieux regrettable, l\u2019Invit\u00e9 de la Radio Alg\u00e9rienne a incrimin\u00e9, encore une fois, le facteur humain.<\/p>\n\n\n\n<p>Citant sur les derniers accidents meurtriers survenus ce mois de d\u00e9cembre, le Commandant Boulahia a indiqu\u00e9 que les causes sont li\u00e9es principalement \u00e0 l\u2019exc\u00e8s de vitesse et les d\u00e9passements dangereux. Il cite dans ce sens l\u2019exemple l\u2019accident qui a impliqu\u00e9 mini bus roulant \u00e0 115 km\/h sur la route de M\u2019sila faisant neuf morts. Toujours \u00e0 M\u2019sila, M. Boulahia indique que le renversement d\u2019un autre bus a caus\u00e9 mardi des blessures \u00e0 19 voyageurs.<\/p>\n\n\n\n<p>Revenant sur le bilan de la p\u00e9riode allant du 15 au 20 d\u00e9cembre de l\u2019ann\u00e9e en cours, le repr\u00e9sentant du commandement de la Gendarmerie nationale indique que le nombre de morts sur les routes de l\u2019Alg\u00e9rie a baiss\u00e9 de 50 % par rapport \u00e0 la m\u00eame p\u00e9riode en 2021. \u00ab 18 personnes ont perdu la vie cette ann\u00e9e, contre 36 durant cette p\u00e9riode l\u2019ann\u00e9e derni\u00e8re \u00bb, ajoute-t-il.<\/p>\n\n\n\n<p>Donnant plus de d\u00e9tails sur ce bilan, l\u2019intervenant affirme que&nbsp; tous les autres indicateurs sont en baisse. Le nombre d&rsquo;accidents corporels comptabilis\u00e9s par la Gendarmerie nationale a enregistr\u00e9 une baisse de 42 % en atteignant 56 accidents, le nombre de personnes bless\u00e9es a diminu\u00e9 de 23 % en atteignant 55 bless\u00e9s.<\/p>\n\n\n\n<p>\u00ab La Gendarmerie nationale t\u00e2chera d\u2019\u0153uvrer selon ses deux moyens \u00e0 savoir la sensibilisation et la dissuasion \u00bb, affirme-t-il, pr\u00e9cisant que \u00ab l\u2019aspect dissuasif se traduit par la pr\u00e9sence des factions au niveau des points \u00e0 forte circulation avec application de la loi dans toute sa rigueur contre les contrevenants, notamment ceux qui ne marchent pas avec la sensibilisation \u00bb.&nbsp;&nbsp;<\/p>\n\n\n\n<p><strong>Chokri Hafed<\/strong><\/p>\n","protected":false},"excerpt":{"rendered":"<p>Le commandement de la Gendarmerie nationale a lanc\u00e9 une campagne de sensibilisation contre les accidents de la circulation lesquels ont<\/p>\n","protected":false},"author":3,"featured_media":33071,"comment_status":"open","ping_status":"closed","sticky":false,"template":"","format":"standard","meta":{"colormag_page_container_layout":"default_layout","colormag_page_sidebar_layout":"default_layout","om_disable_all_campaigns":false,"_monsterinsights_skip_tracking":false,"_monsterinsights_sitenote_active":false,"_monsterinsights_sitenote_note":"","_monsterinsights_sitenote_category":0,"footnotes":"","_wpscppro_dont_share_socialmedia":false,"_wpscppro_custom_social_share_image":0,"_facebook_share_type":"","_twitter_share_type":"","_linkedin_share_type":"","_pinterest_share_type":"","_linkedin_share_type_page":"","_instagram_share_type":"","_medium_share_type":"","_threads_share_type":"","_google_business_share_type":"","_selected_social_profile":[],"_wpsp_enable_custom_social_template":false,"_wpsp_social_scheduling":{"enabled":false,"datetime":null,"platforms":[],"status":"template_only","dateOption":"today","timeOption":"now","customDays":"","customHours":"","customDate":"","customTime":"","schedulingType":"absolute"},"_wpsp_active_default_template":true},"categories":[27],"tags":[],"class_list":["post-33050","post","type-post","status-publish","format-standard","has-post-thumbnail","hentry","category-actualite"],"aioseo_notices":[],"yoast_head":"<!-- This site is optimized with the Yoast SEO plugin v27.5 - https:\/\/yoast.com\/product\/yoast-seo-wordpress\/ -->\n<title>Accidents de la route\u00a0: Le facteur humain point\u00e9 du doigt - La Sentinelle<\/title>\n<meta name=\"robots\" content=\"index, follow, max-snippet:-1, max-image-preview:large, max-video-preview:-1\" \/>\n<link rel=\"canonical\" href=\"https:\/\/lasentinelle.dz\/index.php\/2022\/12\/21\/accidents-de-la-route-le-facteur-humain-pointe-du-doigt\/\" \/>\n<meta property=\"og:locale\" content=\"fr_FR\" \/>\n<meta property=\"og:type\" content=\"article\" \/>\n<meta property=\"og:title\" content=\"Accidents de la route\u00a0: Le facteur humain point\u00e9 du doigt - La Sentinelle\" \/>\n<meta property=\"og:description\" content=\"Le commandement de la Gendarmerie nationale a lanc\u00e9 une campagne de sensibilisation contre les accidents de la circulation lesquels ont\" \/>\n<meta property=\"og:url\" content=\"https:\/\/lasentinelle.dz\/index.php\/2022\/12\/21\/accidents-de-la-route-le-facteur-humain-pointe-du-doigt\/\" \/>\n<meta property=\"og:site_name\" content=\"La Sentinelle\" \/>\n<meta property=\"article:publisher\" content=\"https:\/\/www.facebook.com\/La-Sentinelle-104059864394773\" \/>\n<meta property=\"article:published_time\" content=\"2022-12-21T21:05:00+00:00\" \/>\n<meta property=\"og:image\" content=\"https:\/\/lasentinelle.dz\/wp-content\/uploads\/2022\/12\/Sans-titre-7-1-1024x512.png\" \/>\n\t<meta property=\"og:image:width\" content=\"1024\" \/>\n\t<meta property=\"og:image:height\" content=\"512\" \/>\n\t<meta property=\"og:image:type\" content=\"image\/png\" \/>\n<meta name=\"author\" content=\"La Sentinelle\" \/>\n<meta name=\"twitter:card\" content=\"summary_large_image\" \/>\n<meta name=\"twitter:label1\" content=\"\u00c9crit par\" \/>\n\t<meta name=\"twitter:data1\" content=\"La Sentinelle\" \/>\n\t<meta name=\"twitter:label2\" content=\"Dur\u00e9e de lecture estim\u00e9e\" \/>\n\t<meta name=\"twitter:data2\" content=\"2 minutes\" \/>\n<script type=\"application\/ld+json\" class=\"yoast-schema-graph\">{\"@context\":\"https:\\\/\\\/schema.org\",\"@graph\":[{\"@type\":\"Article\",\"@id\":\"https:\\\/\\\/lasentinelle.dz\\\/index.php\\\/2022\\\/12\\\/21\\\/accidents-de-la-route-le-facteur-humain-pointe-du-doigt\\\/#article\",\"isPartOf\":{\"@id\":\"https:\\\/\\\/lasentinelle.dz\\\/index.php\\\/2022\\\/12\\\/21\\\/accidents-de-la-route-le-facteur-humain-pointe-du-doigt\\\/\"},\"author\":{\"name\":\"La Sentinelle\",\"@id\":\"https:\\\/\\\/lasentinelle.dz\\\/#\\\/schema\\\/person\\\/d865044e22e70a75174ce8bcad3acfb3\"},\"headline\":\"Accidents de la route\u00a0: Le facteur humain point\u00e9 du doigt\",\"datePublished\":\"2022-12-21T21:05:00+00:00\",\"mainEntityOfPage\":{\"@id\":\"https:\\\/\\\/lasentinelle.dz\\\/index.php\\\/2022\\\/12\\\/21\\\/accidents-de-la-route-le-facteur-humain-pointe-du-doigt\\\/\"},\"wordCount\":384,\"commentCount\":0,\"publisher\":{\"@id\":\"https:\\\/\\\/lasentinelle.dz\\\/#organization\"},\"image\":{\"@id\":\"https:\\\/\\\/lasentinelle.dz\\\/index.php\\\/2022\\\/12\\\/21\\\/accidents-de-la-route-le-facteur-humain-pointe-du-doigt\\\/#primaryimage\"},\"thumbnailUrl\":\"https:\\\/\\\/lasentinelle.dz\\\/wp-content\\\/uploads\\\/2022\\\/12\\\/Sans-titre-7-1.png\",\"articleSection\":[\"Actualit\u00e9\"],\"inLanguage\":\"fr-FR\",\"potentialAction\":[{\"@type\":\"CommentAction\",\"name\":\"Comment\",\"target\":[\"https:\\\/\\\/lasentinelle.dz\\\/index.php\\\/2022\\\/12\\\/21\\\/accidents-de-la-route-le-facteur-humain-pointe-du-doigt\\\/#respond\"]}]},{\"@type\":\"WebPage\",\"@id\":\"https:\\\/\\\/lasentinelle.dz\\\/index.php\\\/2022\\\/12\\\/21\\\/accidents-de-la-route-le-facteur-humain-pointe-du-doigt\\\/\",\"url\":\"https:\\\/\\\/lasentinelle.dz\\\/index.php\\\/2022\\\/12\\\/21\\\/accidents-de-la-route-le-facteur-humain-pointe-du-doigt\\\/\",\"name\":\"Accidents de la route\u00a0: Le facteur humain point\u00e9 du doigt - La Sentinelle\",\"isPartOf\":{\"@id\":\"https:\\\/\\\/lasentinelle.dz\\\/#website\"},\"primaryImageOfPage\":{\"@id\":\"https:\\\/\\\/lasentinelle.dz\\\/index.php\\\/2022\\\/12\\\/21\\\/accidents-de-la-route-le-facteur-humain-pointe-du-doigt\\\/#primaryimage\"},\"image\":{\"@id\":\"https:\\\/\\\/lasentinelle.dz\\\/index.php\\\/2022\\\/12\\\/21\\\/accidents-de-la-route-le-facteur-humain-pointe-du-doigt\\\/#primaryimage\"},\"thumbnailUrl\":\"https:\\\/\\\/lasentinelle.dz\\\/wp-content\\\/uploads\\\/2022\\\/12\\\/Sans-titre-7-1.png\",\"datePublished\":\"2022-12-21T21:05:00+00:00\",\"breadcrumb\":{\"@id\":\"https:\\\/\\\/lasentinelle.dz\\\/index.php\\\/2022\\\/12\\\/21\\\/accidents-de-la-route-le-facteur-humain-pointe-du-doigt\\\/#breadcrumb\"},\"inLanguage\":\"fr-FR\",\"potentialAction\":[{\"@type\":\"ReadAction\",\"target\":[\"https:\\\/\\\/lasentinelle.dz\\\/index.php\\\/2022\\\/12\\\/21\\\/accidents-de-la-route-le-facteur-humain-pointe-du-doigt\\\/\"]}]},{\"@type\":\"ImageObject\",\"inLanguage\":\"fr-FR\",\"@id\":\"https:\\\/\\\/lasentinelle.dz\\\/index.php\\\/2022\\\/12\\\/21\\\/accidents-de-la-route-le-facteur-humain-pointe-du-doigt\\\/#primaryimage\",\"url\":\"https:\\\/\\\/lasentinelle.dz\\\/wp-content\\\/uploads\\\/2022\\\/12\\\/Sans-titre-7-1.png\",\"contentUrl\":\"https:\\\/\\\/lasentinelle.dz\\\/wp-content\\\/uploads\\\/2022\\\/12\\\/Sans-titre-7-1.png\",\"width\":1800,\"height\":900},{\"@type\":\"BreadcrumbList\",\"@id\":\"https:\\\/\\\/lasentinelle.dz\\\/index.php\\\/2022\\\/12\\\/21\\\/accidents-de-la-route-le-facteur-humain-pointe-du-doigt\\\/#breadcrumb\",\"itemListElement\":[{\"@type\":\"ListItem\",\"position\":1,\"name\":\"Accueil\",\"item\":\"https:\\\/\\\/lasentinelle.dz\\\/\"},{\"@type\":\"ListItem\",\"position\":2,\"name\":\"Accidents de la route\u00a0: Le facteur humain point\u00e9 du doigt\"}]},{\"@type\":\"WebSite\",\"@id\":\"https:\\\/\\\/lasentinelle.dz\\\/#website\",\"url\":\"https:\\\/\\\/lasentinelle.dz\\\/\",\"name\":\"La Sentinelle\",\"description\":\"Quotidien national d&#039;information\",\"publisher\":{\"@id\":\"https:\\\/\\\/lasentinelle.dz\\\/#organization\"},\"potentialAction\":[{\"@type\":\"SearchAction\",\"target\":{\"@type\":\"EntryPoint\",\"urlTemplate\":\"https:\\\/\\\/lasentinelle.dz\\\/?s={search_term_string}\"},\"query-input\":{\"@type\":\"PropertyValueSpecification\",\"valueRequired\":true,\"valueName\":\"search_term_string\"}}],\"inLanguage\":\"fr-FR\"},{\"@type\":\"Organization\",\"@id\":\"https:\\\/\\\/lasentinelle.dz\\\/#organization\",\"name\":\"Quotidien La Sentinelle\",\"url\":\"https:\\\/\\\/lasentinelle.dz\\\/\",\"logo\":{\"@type\":\"ImageObject\",\"inLanguage\":\"fr-FR\",\"@id\":\"https:\\\/\\\/lasentinelle.dz\\\/#\\\/schema\\\/logo\\\/image\\\/\",\"url\":\"https:\\\/\\\/lasentinelle.dz\\\/wp-content\\\/uploads\\\/2021\\\/09\\\/logo-sentinelleSLOGAN-1.png\",\"contentUrl\":\"https:\\\/\\\/lasentinelle.dz\\\/wp-content\\\/uploads\\\/2021\\\/09\\\/logo-sentinelleSLOGAN-1.png\",\"width\":615,\"height\":142,\"caption\":\"Quotidien La Sentinelle\"},\"image\":{\"@id\":\"https:\\\/\\\/lasentinelle.dz\\\/#\\\/schema\\\/logo\\\/image\\\/\"},\"sameAs\":[\"https:\\\/\\\/www.facebook.com\\\/La-Sentinelle-104059864394773\"]},{\"@type\":\"Person\",\"@id\":\"https:\\\/\\\/lasentinelle.dz\\\/#\\\/schema\\\/person\\\/d865044e22e70a75174ce8bcad3acfb3\",\"name\":\"La Sentinelle\",\"image\":{\"@type\":\"ImageObject\",\"inLanguage\":\"fr-FR\",\"@id\":\"https:\\\/\\\/secure.gravatar.com\\\/avatar\\\/57de8e5d4b15d43fb361a71fbb36338450fe67865b528a43dd10ef7c51a20392?s=96&d=mm&r=g\",\"url\":\"https:\\\/\\\/secure.gravatar.com\\\/avatar\\\/57de8e5d4b15d43fb361a71fbb36338450fe67865b528a43dd10ef7c51a20392?s=96&d=mm&r=g\",\"contentUrl\":\"https:\\\/\\\/secure.gravatar.com\\\/avatar\\\/57de8e5d4b15d43fb361a71fbb36338450fe67865b528a43dd10ef7c51a20392?s=96&d=mm&r=g\",\"caption\":\"La Sentinelle\"},\"sameAs\":[\"http:\\\/\\\/www.lasentinelle.dz\"],\"url\":\"https:\\\/\\\/lasentinelle.dz\\\/author\\\/redaction\\\/\"}]}<\/script>\n<!-- \/ Yoast SEO plugin. -->","yoast_head_json":{"title":"Accidents de la route\u00a0: Le facteur humain point\u00e9 du doigt - La Sentinelle","robots":{"index":"index","follow":"follow","max-snippet":"max-snippet:-1","max-image-preview":"max-image-preview:large","max-video-preview":"max-video-preview:-1"},"canonical":"https:\/\/lasentinelle.dz\/index.php\/2022\/12\/21\/accidents-de-la-route-le-facteur-humain-pointe-du-doigt\/","og_locale":"fr_FR","og_type":"article","og_title":"Accidents de la route\u00a0: Le facteur humain point\u00e9 du doigt - La Sentinelle","og_description":"Le commandement de la Gendarmerie nationale a lanc\u00e9 une campagne de sensibilisation contre les accidents de la circulation lesquels ont","og_url":"https:\/\/lasentinelle.dz\/index.php\/2022\/12\/21\/accidents-de-la-route-le-facteur-humain-pointe-du-doigt\/","og_site_name":"La Sentinelle","article_publisher":"https:\/\/www.facebook.com\/La-Sentinelle-104059864394773","article_published_time":"2022-12-21T21:05:00+00:00","og_image":[{"width":1024,"height":512,"url":"https:\/\/lasentinelle.dz\/wp-content\/uploads\/2022\/12\/Sans-titre-7-1-1024x512.png","type":"image\/png"}],"author":"La Sentinelle","twitter_card":"summary_large_image","twitter_misc":{"\u00c9crit par":"La Sentinelle","Dur\u00e9e de lecture estim\u00e9e":"2 minutes"},"schema":{"@context":"https:\/\/schema.org","@graph":[{"@type":"Article","@id":"https:\/\/lasentinelle.dz\/index.php\/2022\/12\/21\/accidents-de-la-route-le-facteur-humain-pointe-du-doigt\/#article","isPartOf":{"@id":"https:\/\/lasentinelle.dz\/index.php\/2022\/12\/21\/accidents-de-la-route-le-facteur-humain-pointe-du-doigt\/"},"author":{"name":"La Sentinelle","@id":"https:\/\/lasentinelle.dz\/#\/schema\/person\/d865044e22e70a75174ce8bcad3acfb3"},"headline":"Accidents de la route\u00a0: Le facteur humain point\u00e9 du doigt","datePublished":"2022-12-21T21:05:00+00:00","mainEntityOfPage":{"@id":"https:\/\/lasentinelle.dz\/index.php\/2022\/12\/21\/accidents-de-la-route-le-facteur-humain-pointe-du-doigt\/"},"wordCount":384,"commentCount":0,"publisher":{"@id":"https:\/\/lasentinelle.dz\/#organization"},"image":{"@id":"https:\/\/lasentinelle.dz\/index.php\/2022\/12\/21\/accidents-de-la-route-le-facteur-humain-pointe-du-doigt\/#primaryimage"},"thumbnailUrl":"https:\/\/lasentinelle.dz\/wp-content\/uploads\/2022\/12\/Sans-titre-7-1.png","articleSection":["Actualit\u00e9"],"inLanguage":"fr-FR","potentialAction":[{"@type":"CommentAction","name":"Comment","target":["https:\/\/lasentinelle.dz\/index.php\/2022\/12\/21\/accidents-de-la-route-le-facteur-humain-pointe-du-doigt\/#respond"]}]},{"@type":"WebPage","@id":"https:\/\/lasentinelle.dz\/index.php\/2022\/12\/21\/accidents-de-la-route-le-facteur-humain-pointe-du-doigt\/","url":"https:\/\/lasentinelle.dz\/index.php\/2022\/12\/21\/accidents-de-la-route-le-facteur-humain-pointe-du-doigt\/","name":"Accidents de la route\u00a0: Le facteur humain point\u00e9 du doigt - La Sentinelle","isPartOf":{"@id":"https:\/\/lasentinelle.dz\/#website"},"primaryImageOfPage":{"@id":"https:\/\/lasentinelle.dz\/index.php\/2022\/12\/21\/accidents-de-la-route-le-facteur-humain-pointe-du-doigt\/#primaryimage"},"image":{"@id":"https:\/\/lasentinelle.dz\/index.php\/2022\/12\/21\/accidents-de-la-route-le-facteur-humain-pointe-du-doigt\/#primaryimage"},"thumbnailUrl":"https:\/\/lasentinelle.dz\/wp-content\/uploads\/2022\/12\/Sans-titre-7-1.png","datePublished":"2022-12-21T21:05:00+00:00","breadcrumb":{"@id":"https:\/\/lasentinelle.dz\/index.php\/2022\/12\/21\/accidents-de-la-route-le-facteur-humain-pointe-du-doigt\/#breadcrumb"},"inLanguage":"fr-FR","potentialAction":[{"@type":"ReadAction","target":["https:\/\/lasentinelle.dz\/index.php\/2022\/12\/21\/accidents-de-la-route-le-facteur-humain-pointe-du-doigt\/"]}]},{"@type":"ImageObject","inLanguage":"fr-FR","@id":"https:\/\/lasentinelle.dz\/index.php\/2022\/12\/21\/accidents-de-la-route-le-facteur-humain-pointe-du-doigt\/#primaryimage","url":"https:\/\/lasentinelle.dz\/wp-content\/uploads\/2022\/12\/Sans-titre-7-1.png","contentUrl":"https:\/\/lasentinelle.dz\/wp-content\/uploads\/2022\/12\/Sans-titre-7-1.png","width":1800,"height":900},{"@type":"BreadcrumbList","@id":"https:\/\/lasentinelle.dz\/index.php\/2022\/12\/21\/accidents-de-la-route-le-facteur-humain-pointe-du-doigt\/#breadcrumb","itemListElement":[{"@type":"ListItem","position":1,"name":"Accueil","item":"https:\/\/lasentinelle.dz\/"},{"@type":"ListItem","position":2,"name":"Accidents de la route\u00a0: Le facteur humain point\u00e9 du doigt"}]},{"@type":"WebSite","@id":"https:\/\/lasentinelle.dz\/#website","url":"https:\/\/lasentinelle.dz\/","name":"La Sentinelle","description":"Quotidien national d&#039;information","publisher":{"@id":"https:\/\/lasentinelle.dz\/#organization"},"potentialAction":[{"@type":"SearchAction","target":{"@type":"EntryPoint","urlTemplate":"https:\/\/lasentinelle.dz\/?s={search_term_string}"},"query-input":{"@type":"PropertyValueSpecification","valueRequired":true,"valueName":"search_term_string"}}],"inLanguage":"fr-FR"},{"@type":"Organization","@id":"https:\/\/lasentinelle.dz\/#organization","name":"Quotidien La Sentinelle","url":"https:\/\/lasentinelle.dz\/","logo":{"@type":"ImageObject","inLanguage":"fr-FR","@id":"https:\/\/lasentinelle.dz\/#\/schema\/logo\/image\/","url":"https:\/\/lasentinelle.dz\/wp-content\/uploads\/2021\/09\/logo-sentinelleSLOGAN-1.png","contentUrl":"https:\/\/lasentinelle.dz\/wp-content\/uploads\/2021\/09\/logo-sentinelleSLOGAN-1.png","width":615,"height":142,"caption":"Quotidien La Sentinelle"},"image":{"@id":"https:\/\/lasentinelle.dz\/#\/schema\/logo\/image\/"},"sameAs":["https:\/\/www.facebook.com\/La-Sentinelle-104059864394773"]},{"@type":"Person","@id":"https:\/\/lasentinelle.dz\/#\/schema\/person\/d865044e22e70a75174ce8bcad3acfb3","name":"La Sentinelle","image":{"@type":"ImageObject","inLanguage":"fr-FR","@id":"https:\/\/secure.gravatar.com\/avatar\/57de8e5d4b15d43fb361a71fbb36338450fe67865b528a43dd10ef7c51a20392?s=96&d=mm&r=g","url":"https:\/\/secure.gravatar.com\/avatar\/57de8e5d4b15d43fb361a71fbb36338450fe67865b528a43dd10ef7c51a20392?s=96&d=mm&r=g","contentUrl":"https:\/\/secure.gravatar.com\/avatar\/57de8e5d4b15d43fb361a71fbb36338450fe67865b528a43dd10ef7c51a20392?s=96&d=mm&r=g","caption":"La Sentinelle"},"sameAs":["http:\/\/www.lasentinelle.dz"],"url":"https:\/\/lasentinelle.dz\/author\/redaction\/"}]}},"_links":{"self":[{"href":"https:\/\/lasentinelle.dz\/index.php\/wp-json\/wp\/v2\/posts\/33050","targetHints":{"allow":["GET"]}}],"collection":[{"href":"https:\/\/lasentinelle.dz\/index.php\/wp-json\/wp\/v2\/posts"}],"about":[{"href":"https:\/\/lasentinelle.dz\/index.php\/wp-json\/wp\/v2\/types\/post"}],"author":[{"embeddable":true,"href":"https:\/\/lasentinelle.dz\/index.php\/wp-json\/wp\/v2\/users\/3"}],"replies":[{"embeddable":true,"href":"https:\/\/lasentinelle.dz\/index.php\/wp-json\/wp\/v2\/comments?post=33050"}],"version-history":[{"count":1,"href":"https:\/\/lasentinelle.dz\/index.php\/wp-json\/wp\/v2\/posts\/33050\/revisions"}],"predecessor-version":[{"id":33072,"href":"https:\/\/lasentinelle.dz\/index.php\/wp-json\/wp\/v2\/posts\/33050\/revisions\/33072"}],"wp:featuredmedia":[{"embeddable":true,"href":"https:\/\/lasentinelle.dz\/index.php\/wp-json\/wp\/v2\/media\/33071"}],"wp:attachment":[{"href":"https:\/\/lasentinelle.dz\/index.php\/wp-json\/wp\/v2\/media?parent=33050"}],"wp:term":[{"taxonomy":"category","embeddable":true,"href":"https:\/\/lasentinelle.dz\/index.php\/wp-json\/wp\/v2\/categories?post=33050"},{"taxonomy":"post_tag","embeddable":true,"href":"https:\/\/lasentinelle.dz\/index.php\/wp-json\/wp\/v2\/tags?post=33050"}],"curies":[{"name":"wp","href":"https:\/\/api.w.org\/{rel}","templated":true}]}}