{"id":33073,"date":"2022-12-21T22:05:00","date_gmt":"2022-12-21T21:05:00","guid":{"rendered":"https:\/\/lasentinelle.dz\/?p=33073"},"modified":"2022-12-21T19:12:54","modified_gmt":"2022-12-21T18:12:54","slug":"lutte-contre-le-blanchiment-dargent-et-financement-du-terrorisme-les-flux-financiers-sous-controle","status":"publish","type":"post","link":"https:\/\/lasentinelle.dz\/index.php\/2022\/12\/21\/lutte-contre-le-blanchiment-dargent-et-financement-du-terrorisme-les-flux-financiers-sous-controle\/","title":{"rendered":"Lutte contre le blanchiment d&rsquo;argent et financement du terrorisme\u00a0: Les flux financiers sous contr\u00f4le\u00a0"},"content":{"rendered":"\n<p>Le ministre de la Justice et Garde des Sceaux, Abderrachid Tabi, a affirm\u00e9, hier, que le projet de loi relatif \u00e0 la pr\u00e9vention et \u00e0 la lutte contre le blanchiment d&rsquo;argent et le financement du terrorisme permettra entre autres de lutter contre l&rsquo;argent \u00e9manant de \u00ab\u00a0sources inconnues\u00a0\u00bb ou d&rsquo; \u00ab\u00a0activit\u00e9s suspectes\u00a0\u00bb. Il a indiqu\u00e9 que le texte de loi \u00ab\u00a0ne va nullement paralyser l&rsquo;\u00e9conomie\u00a0\u00bb.<\/p>\n\n\n\n<p>R\u00e9agissant aux pr\u00e9occupations de certains d\u00e9put\u00e9s, exprim\u00e9es hier, lors de la s\u00e9ance pl\u00e9ni\u00e8re pr\u00e9sid\u00e9e par le Pr\u00e9sident de l&rsquo;APN, Brahim Boughali, et consacr\u00e9e \u00e0 l&rsquo;examen de ce projet de loi, modifiant et compl\u00e9tant la loi 05-01, relative \u00e0 la pr\u00e9vention et \u00e0 la lutte contre le blanchiment d&rsquo;argent et le financement du terrorisme, le ministre de la Justice a indiqu\u00e9 que celui-ci va \u00ab\u00a0renforcer les m\u00e9canismes de protection de l&rsquo;\u00e9conomie nationale et le syst\u00e8me financier et bancaire contre cette dangereuse forme de criminalit\u00e9\u00a0\u00bb. Il est question de \u00ab\u00a0contr\u00f4ler le processus de cheminement de l&rsquo;argent\u00a0\u00bb, a-t-il ajout\u00e9, tout en mettant l&rsquo;accent sur le fait que le texte de loi ne va nullement \u00ab\u00a0paralyser l&rsquo;\u00e9conomie\u00a0\u00bb. L&rsquo;objectif \u00e9tant, bien entendu, de lutter contre l&rsquo;argent \u00e9manant de \u00ab\u00a0sources inconnues\u00a0\u00bb ou d&rsquo; \u00ab\u00a0activit\u00e9s suspectes\u00a0\u00bb. Le texte n&rsquo;est pas destin\u00e9 \u00e0 \u00eatre appliqu\u00e9, a-t-il pr\u00e9cis\u00e9, sur chaque citoyen, mais seulement \u00ab\u00a0lorsqu&rsquo;il y a des soup\u00e7ons\u00a0\u00bb. Abderrachid Tabi a donn\u00e9 comme exemple le cas d&rsquo;un ex-d\u00e9put\u00e9 qui a \u00e9t\u00e9 appel\u00e9 \u00e0 s&rsquo;expliquer sur la provenance d&rsquo;une somme d&rsquo;argent. \u00ab\u00a0Il a justifi\u00e9 ses avoirs et le dossier a \u00e9t\u00e9 clos\u00a0\u00bb, a indiqu\u00e9 le ministre. Ce dernier a d&rsquo;ailleurs d\u00e9clar\u00e9 \u00ab\u00a0ne pas comprendre\u00a0\u00bb les interrogations exprim\u00e9es au sujet de l&rsquo;article 2 du projet de loi, alors que, d&rsquo;apr\u00e8s lui, \u00ab\u00a0il est clair\u00a0\u00bb. L&rsquo;article en question donne quelques d\u00e9finitions notamment de l&rsquo; \u00ab\u00a0infraction principale\u00a0\u00bb, \u00ab\u00a0assujettis\u00a0\u00bb ou le \u00ab\u00a0b\u00e9n\u00e9ficiaire r\u00e9el\u00a0\u00bb. Le ministre a estim\u00e9 que tout a \u00e9t\u00e9 fait pour qu&rsquo;il n&rsquo;y ait aucune \u00ab\u00a0mauvaise interpr\u00e9tation\u00a0\u00bb. Il a ajout\u00e9 que cette l\u00e9gislation est en ad\u00e9quation avec la r\u00e9glementation et les normes internationales. Il faut noter que l&rsquo;avant-projet de loi en question s&rsquo;est pench\u00e9 sur le mouvement associatif. A cet effet, son article 3 stipule que \u00ab\u00a0toute association ou organisation \u00e0 but non lucratif qui collecte, re\u00e7oit, distribue ou transfert de l&rsquo;argent, dans le cadre de son activit\u00e9, est soumise au contr\u00f4le appropri\u00e9 de la part de l&rsquo;instance de contr\u00f4le sp\u00e9cialis\u00e9e\u00a0\u00bb. Cette derni\u00e8re \u00ab\u00a0met en place les r\u00e8gles qui garantissent la non utilisation de l&rsquo;argent des associations \u00e0 des fins de blanchiment d&rsquo;argent, de financement du terrorisme ou de la prolif\u00e9ration des armes de destruction massive\u00a0\u00bb. L&rsquo;article 5 bis 5 \u00e9nonce que ces associations doivent \u00ab\u00a0refuser des dons ou aides financi\u00e8res d&rsquo;origine inconnue, ou qui sont le fruit d&rsquo;activit\u00e9s ill\u00e9gales, ou encore des dons et des aides financi\u00e8res consid\u00e9r\u00e9s comme un d\u00e9lit ou un crime ou \u00e9manant de personnes, morales ou physiques, organisations ou structures impliqu\u00e9s dans des actes, \u00e0 l&rsquo;int\u00e9rieur du pays ou \u00e0 l&rsquo;ext\u00e9rieur, en lien avec le terrorisme\u00a0\u00bb. Des d\u00e9put\u00e9s ont, lors des d\u00e9bats, exprim\u00e9 des interrogations par rapport au fait qu&rsquo;une association peut ne pas \u00eatre en mesure de conna\u00eetre l&rsquo;origine des fonds qu&rsquo;elle a re\u00e7us, r\u00e9clamant ainsi une clarification de cet article de la loi. Lors de la pr\u00e9sentation du texte, le ministre avait mis l&rsquo;accent sur l&rsquo;importance de \u00ab\u00a0signaler toute op\u00e9ration suspecte\u00a0\u00bb aupr\u00e8s de l&rsquo;instance sp\u00e9cialis\u00e9e, \u00e0 savoir la Cellule de traitement du renseignement financier (CTRF). L&rsquo;avant-projet de loi va probablement \u00eatre adopt\u00e9 sans grands changements.<\/p>\n\n\n\n<p><strong>Elyas Nour<\/strong><\/p>\n","protected":false},"excerpt":{"rendered":"<p>Le ministre de la Justice et Garde des Sceaux, Abderrachid Tabi, a affirm\u00e9, hier, que le projet de loi relatif<\/p>\n","protected":false},"author":3,"featured_media":33074,"comment_status":"open","ping_status":"closed","sticky":false,"template":"","format":"standard","meta":{"colormag_page_container_layout":"default_layout","colormag_page_sidebar_layout":"default_layout","om_disable_all_campaigns":false,"_monsterinsights_skip_tracking":false,"_monsterinsights_sitenote_active":false,"_monsterinsights_sitenote_note":"","_monsterinsights_sitenote_category":0,"footnotes":"","_wpscppro_dont_share_socialmedia":false,"_wpscppro_custom_social_share_image":0,"_facebook_share_type":"","_twitter_share_type":"","_linkedin_share_type":"","_pinterest_share_type":"","_linkedin_share_type_page":"","_instagram_share_type":"","_medium_share_type":"","_threads_share_type":"","_google_business_share_type":"","_selected_social_profile":[],"_wpsp_enable_custom_social_template":false,"_wpsp_social_scheduling":{"enabled":false,"datetime":null,"platforms":[],"status":"template_only","dateOption":"today","timeOption":"now","customDays":"","customHours":"","customDate":"","customTime":"","schedulingType":"absolute"},"_wpsp_active_default_template":true},"categories":[27],"tags":[],"class_list":["post-33073","post","type-post","status-publish","format-standard","has-post-thumbnail","hentry","category-actualite"],"aioseo_notices":[],"yoast_head":"<!-- This site is optimized with the Yoast SEO plugin v27.5 - https:\/\/yoast.com\/product\/yoast-seo-wordpress\/ -->\n<title>Lutte contre le blanchiment d&rsquo;argent et financement du terrorisme\u00a0: Les flux financiers sous contr\u00f4le\u00a0 - La Sentinelle<\/title>\n<meta name=\"robots\" content=\"index, follow, max-snippet:-1, max-image-preview:large, max-video-preview:-1\" \/>\n<link rel=\"canonical\" href=\"https:\/\/lasentinelle.dz\/index.php\/2022\/12\/21\/lutte-contre-le-blanchiment-dargent-et-financement-du-terrorisme-les-flux-financiers-sous-controle\/\" \/>\n<meta property=\"og:locale\" content=\"fr_FR\" \/>\n<meta property=\"og:type\" content=\"article\" \/>\n<meta property=\"og:title\" content=\"Lutte contre le blanchiment d&rsquo;argent et financement du terrorisme\u00a0: Les flux financiers sous contr\u00f4le\u00a0 - La Sentinelle\" \/>\n<meta property=\"og:description\" content=\"Le ministre de la Justice et Garde des Sceaux, Abderrachid Tabi, a affirm\u00e9, hier, que le projet de loi relatif\" \/>\n<meta property=\"og:url\" content=\"https:\/\/lasentinelle.dz\/index.php\/2022\/12\/21\/lutte-contre-le-blanchiment-dargent-et-financement-du-terrorisme-les-flux-financiers-sous-controle\/\" \/>\n<meta property=\"og:site_name\" content=\"La Sentinelle\" \/>\n<meta property=\"article:publisher\" content=\"https:\/\/www.facebook.com\/La-Sentinelle-104059864394773\" \/>\n<meta property=\"article:published_time\" content=\"2022-12-21T21:05:00+00:00\" \/>\n<meta property=\"og:image\" content=\"https:\/\/lasentinelle.dz\/wp-content\/uploads\/2022\/12\/Tabi.png\" \/>\n\t<meta property=\"og:image:width\" content=\"1348\" \/>\n\t<meta property=\"og:image:height\" content=\"900\" \/>\n\t<meta property=\"og:image:type\" content=\"image\/png\" \/>\n<meta name=\"author\" content=\"La Sentinelle\" \/>\n<meta name=\"twitter:card\" content=\"summary_large_image\" \/>\n<meta name=\"twitter:label1\" content=\"\u00c9crit par\" \/>\n\t<meta name=\"twitter:data1\" content=\"La Sentinelle\" \/>\n\t<meta name=\"twitter:label2\" content=\"Dur\u00e9e de lecture estim\u00e9e\" \/>\n\t<meta name=\"twitter:data2\" content=\"3 minutes\" \/>\n<script type=\"application\/ld+json\" class=\"yoast-schema-graph\">{\"@context\":\"https:\\\/\\\/schema.org\",\"@graph\":[{\"@type\":\"Article\",\"@id\":\"https:\\\/\\\/lasentinelle.dz\\\/index.php\\\/2022\\\/12\\\/21\\\/lutte-contre-le-blanchiment-dargent-et-financement-du-terrorisme-les-flux-financiers-sous-controle\\\/#article\",\"isPartOf\":{\"@id\":\"https:\\\/\\\/lasentinelle.dz\\\/index.php\\\/2022\\\/12\\\/21\\\/lutte-contre-le-blanchiment-dargent-et-financement-du-terrorisme-les-flux-financiers-sous-controle\\\/\"},\"author\":{\"name\":\"La Sentinelle\",\"@id\":\"https:\\\/\\\/lasentinelle.dz\\\/#\\\/schema\\\/person\\\/d865044e22e70a75174ce8bcad3acfb3\"},\"headline\":\"Lutte contre le blanchiment d&rsquo;argent et financement du terrorisme\u00a0: Les flux financiers sous contr\u00f4le\u00a0\",\"datePublished\":\"2022-12-21T21:05:00+00:00\",\"mainEntityOfPage\":{\"@id\":\"https:\\\/\\\/lasentinelle.dz\\\/index.php\\\/2022\\\/12\\\/21\\\/lutte-contre-le-blanchiment-dargent-et-financement-du-terrorisme-les-flux-financiers-sous-controle\\\/\"},\"wordCount\":672,\"commentCount\":0,\"publisher\":{\"@id\":\"https:\\\/\\\/lasentinelle.dz\\\/#organization\"},\"image\":{\"@id\":\"https:\\\/\\\/lasentinelle.dz\\\/index.php\\\/2022\\\/12\\\/21\\\/lutte-contre-le-blanchiment-dargent-et-financement-du-terrorisme-les-flux-financiers-sous-controle\\\/#primaryimage\"},\"thumbnailUrl\":\"https:\\\/\\\/lasentinelle.dz\\\/wp-content\\\/uploads\\\/2022\\\/12\\\/Tabi.png\",\"articleSection\":[\"Actualit\u00e9\"],\"inLanguage\":\"fr-FR\",\"potentialAction\":[{\"@type\":\"CommentAction\",\"name\":\"Comment\",\"target\":[\"https:\\\/\\\/lasentinelle.dz\\\/index.php\\\/2022\\\/12\\\/21\\\/lutte-contre-le-blanchiment-dargent-et-financement-du-terrorisme-les-flux-financiers-sous-controle\\\/#respond\"]}]},{\"@type\":\"WebPage\",\"@id\":\"https:\\\/\\\/lasentinelle.dz\\\/index.php\\\/2022\\\/12\\\/21\\\/lutte-contre-le-blanchiment-dargent-et-financement-du-terrorisme-les-flux-financiers-sous-controle\\\/\",\"url\":\"https:\\\/\\\/lasentinelle.dz\\\/index.php\\\/2022\\\/12\\\/21\\\/lutte-contre-le-blanchiment-dargent-et-financement-du-terrorisme-les-flux-financiers-sous-controle\\\/\",\"name\":\"Lutte contre le blanchiment d&rsquo;argent et financement du terrorisme\u00a0: Les flux financiers sous contr\u00f4le\u00a0 - La Sentinelle\",\"isPartOf\":{\"@id\":\"https:\\\/\\\/lasentinelle.dz\\\/#website\"},\"primaryImageOfPage\":{\"@id\":\"https:\\\/\\\/lasentinelle.dz\\\/index.php\\\/2022\\\/12\\\/21\\\/lutte-contre-le-blanchiment-dargent-et-financement-du-terrorisme-les-flux-financiers-sous-controle\\\/#primaryimage\"},\"image\":{\"@id\":\"https:\\\/\\\/lasentinelle.dz\\\/index.php\\\/2022\\\/12\\\/21\\\/lutte-contre-le-blanchiment-dargent-et-financement-du-terrorisme-les-flux-financiers-sous-controle\\\/#primaryimage\"},\"thumbnailUrl\":\"https:\\\/\\\/lasentinelle.dz\\\/wp-content\\\/uploads\\\/2022\\\/12\\\/Tabi.png\",\"datePublished\":\"2022-12-21T21:05:00+00:00\",\"breadcrumb\":{\"@id\":\"https:\\\/\\\/lasentinelle.dz\\\/index.php\\\/2022\\\/12\\\/21\\\/lutte-contre-le-blanchiment-dargent-et-financement-du-terrorisme-les-flux-financiers-sous-controle\\\/#breadcrumb\"},\"inLanguage\":\"fr-FR\",\"potentialAction\":[{\"@type\":\"ReadAction\",\"target\":[\"https:\\\/\\\/lasentinelle.dz\\\/index.php\\\/2022\\\/12\\\/21\\\/lutte-contre-le-blanchiment-dargent-et-financement-du-terrorisme-les-flux-financiers-sous-controle\\\/\"]}]},{\"@type\":\"ImageObject\",\"inLanguage\":\"fr-FR\",\"@id\":\"https:\\\/\\\/lasentinelle.dz\\\/index.php\\\/2022\\\/12\\\/21\\\/lutte-contre-le-blanchiment-dargent-et-financement-du-terrorisme-les-flux-financiers-sous-controle\\\/#primaryimage\",\"url\":\"https:\\\/\\\/lasentinelle.dz\\\/wp-content\\\/uploads\\\/2022\\\/12\\\/Tabi.png\",\"contentUrl\":\"https:\\\/\\\/lasentinelle.dz\\\/wp-content\\\/uploads\\\/2022\\\/12\\\/Tabi.png\",\"width\":1348,\"height\":900},{\"@type\":\"BreadcrumbList\",\"@id\":\"https:\\\/\\\/lasentinelle.dz\\\/index.php\\\/2022\\\/12\\\/21\\\/lutte-contre-le-blanchiment-dargent-et-financement-du-terrorisme-les-flux-financiers-sous-controle\\\/#breadcrumb\",\"itemListElement\":[{\"@type\":\"ListItem\",\"position\":1,\"name\":\"Accueil\",\"item\":\"https:\\\/\\\/lasentinelle.dz\\\/\"},{\"@type\":\"ListItem\",\"position\":2,\"name\":\"Lutte contre le blanchiment d&rsquo;argent et financement du terrorisme\u00a0: Les flux financiers sous contr\u00f4le\u00a0\"}]},{\"@type\":\"WebSite\",\"@id\":\"https:\\\/\\\/lasentinelle.dz\\\/#website\",\"url\":\"https:\\\/\\\/lasentinelle.dz\\\/\",\"name\":\"La Sentinelle\",\"description\":\"Quotidien national d&#039;information\",\"publisher\":{\"@id\":\"https:\\\/\\\/lasentinelle.dz\\\/#organization\"},\"potentialAction\":[{\"@type\":\"SearchAction\",\"target\":{\"@type\":\"EntryPoint\",\"urlTemplate\":\"https:\\\/\\\/lasentinelle.dz\\\/?s={search_term_string}\"},\"query-input\":{\"@type\":\"PropertyValueSpecification\",\"valueRequired\":true,\"valueName\":\"search_term_string\"}}],\"inLanguage\":\"fr-FR\"},{\"@type\":\"Organization\",\"@id\":\"https:\\\/\\\/lasentinelle.dz\\\/#organization\",\"name\":\"Quotidien La Sentinelle\",\"url\":\"https:\\\/\\\/lasentinelle.dz\\\/\",\"logo\":{\"@type\":\"ImageObject\",\"inLanguage\":\"fr-FR\",\"@id\":\"https:\\\/\\\/lasentinelle.dz\\\/#\\\/schema\\\/logo\\\/image\\\/\",\"url\":\"https:\\\/\\\/lasentinelle.dz\\\/wp-content\\\/uploads\\\/2021\\\/09\\\/logo-sentinelleSLOGAN-1.png\",\"contentUrl\":\"https:\\\/\\\/lasentinelle.dz\\\/wp-content\\\/uploads\\\/2021\\\/09\\\/logo-sentinelleSLOGAN-1.png\",\"width\":615,\"height\":142,\"caption\":\"Quotidien La Sentinelle\"},\"image\":{\"@id\":\"https:\\\/\\\/lasentinelle.dz\\\/#\\\/schema\\\/logo\\\/image\\\/\"},\"sameAs\":[\"https:\\\/\\\/www.facebook.com\\\/La-Sentinelle-104059864394773\"]},{\"@type\":\"Person\",\"@id\":\"https:\\\/\\\/lasentinelle.dz\\\/#\\\/schema\\\/person\\\/d865044e22e70a75174ce8bcad3acfb3\",\"name\":\"La Sentinelle\",\"image\":{\"@type\":\"ImageObject\",\"inLanguage\":\"fr-FR\",\"@id\":\"https:\\\/\\\/secure.gravatar.com\\\/avatar\\\/57de8e5d4b15d43fb361a71fbb36338450fe67865b528a43dd10ef7c51a20392?s=96&d=mm&r=g\",\"url\":\"https:\\\/\\\/secure.gravatar.com\\\/avatar\\\/57de8e5d4b15d43fb361a71fbb36338450fe67865b528a43dd10ef7c51a20392?s=96&d=mm&r=g\",\"contentUrl\":\"https:\\\/\\\/secure.gravatar.com\\\/avatar\\\/57de8e5d4b15d43fb361a71fbb36338450fe67865b528a43dd10ef7c51a20392?s=96&d=mm&r=g\",\"caption\":\"La Sentinelle\"},\"sameAs\":[\"http:\\\/\\\/www.lasentinelle.dz\"],\"url\":\"https:\\\/\\\/lasentinelle.dz\\\/author\\\/redaction\\\/\"}]}<\/script>\n<!-- \/ Yoast SEO plugin. -->","yoast_head_json":{"title":"Lutte contre le blanchiment d&rsquo;argent et financement du terrorisme\u00a0: Les flux financiers sous contr\u00f4le\u00a0 - La Sentinelle","robots":{"index":"index","follow":"follow","max-snippet":"max-snippet:-1","max-image-preview":"max-image-preview:large","max-video-preview":"max-video-preview:-1"},"canonical":"https:\/\/lasentinelle.dz\/index.php\/2022\/12\/21\/lutte-contre-le-blanchiment-dargent-et-financement-du-terrorisme-les-flux-financiers-sous-controle\/","og_locale":"fr_FR","og_type":"article","og_title":"Lutte contre le blanchiment d&rsquo;argent et financement du terrorisme\u00a0: Les flux financiers sous contr\u00f4le\u00a0 - La Sentinelle","og_description":"Le ministre de la Justice et Garde des Sceaux, Abderrachid Tabi, a affirm\u00e9, hier, que le projet de loi relatif","og_url":"https:\/\/lasentinelle.dz\/index.php\/2022\/12\/21\/lutte-contre-le-blanchiment-dargent-et-financement-du-terrorisme-les-flux-financiers-sous-controle\/","og_site_name":"La Sentinelle","article_publisher":"https:\/\/www.facebook.com\/La-Sentinelle-104059864394773","article_published_time":"2022-12-21T21:05:00+00:00","og_image":[{"width":1348,"height":900,"url":"https:\/\/lasentinelle.dz\/wp-content\/uploads\/2022\/12\/Tabi.png","type":"image\/png"}],"author":"La Sentinelle","twitter_card":"summary_large_image","twitter_misc":{"\u00c9crit par":"La Sentinelle","Dur\u00e9e de lecture estim\u00e9e":"3 minutes"},"schema":{"@context":"https:\/\/schema.org","@graph":[{"@type":"Article","@id":"https:\/\/lasentinelle.dz\/index.php\/2022\/12\/21\/lutte-contre-le-blanchiment-dargent-et-financement-du-terrorisme-les-flux-financiers-sous-controle\/#article","isPartOf":{"@id":"https:\/\/lasentinelle.dz\/index.php\/2022\/12\/21\/lutte-contre-le-blanchiment-dargent-et-financement-du-terrorisme-les-flux-financiers-sous-controle\/"},"author":{"name":"La Sentinelle","@id":"https:\/\/lasentinelle.dz\/#\/schema\/person\/d865044e22e70a75174ce8bcad3acfb3"},"headline":"Lutte contre le blanchiment d&rsquo;argent et financement du terrorisme\u00a0: Les flux financiers sous contr\u00f4le\u00a0","datePublished":"2022-12-21T21:05:00+00:00","mainEntityOfPage":{"@id":"https:\/\/lasentinelle.dz\/index.php\/2022\/12\/21\/lutte-contre-le-blanchiment-dargent-et-financement-du-terrorisme-les-flux-financiers-sous-controle\/"},"wordCount":672,"commentCount":0,"publisher":{"@id":"https:\/\/lasentinelle.dz\/#organization"},"image":{"@id":"https:\/\/lasentinelle.dz\/index.php\/2022\/12\/21\/lutte-contre-le-blanchiment-dargent-et-financement-du-terrorisme-les-flux-financiers-sous-controle\/#primaryimage"},"thumbnailUrl":"https:\/\/lasentinelle.dz\/wp-content\/uploads\/2022\/12\/Tabi.png","articleSection":["Actualit\u00e9"],"inLanguage":"fr-FR","potentialAction":[{"@type":"CommentAction","name":"Comment","target":["https:\/\/lasentinelle.dz\/index.php\/2022\/12\/21\/lutte-contre-le-blanchiment-dargent-et-financement-du-terrorisme-les-flux-financiers-sous-controle\/#respond"]}]},{"@type":"WebPage","@id":"https:\/\/lasentinelle.dz\/index.php\/2022\/12\/21\/lutte-contre-le-blanchiment-dargent-et-financement-du-terrorisme-les-flux-financiers-sous-controle\/","url":"https:\/\/lasentinelle.dz\/index.php\/2022\/12\/21\/lutte-contre-le-blanchiment-dargent-et-financement-du-terrorisme-les-flux-financiers-sous-controle\/","name":"Lutte contre le blanchiment d&rsquo;argent et financement du terrorisme\u00a0: Les flux financiers sous contr\u00f4le\u00a0 - La Sentinelle","isPartOf":{"@id":"https:\/\/lasentinelle.dz\/#website"},"primaryImageOfPage":{"@id":"https:\/\/lasentinelle.dz\/index.php\/2022\/12\/21\/lutte-contre-le-blanchiment-dargent-et-financement-du-terrorisme-les-flux-financiers-sous-controle\/#primaryimage"},"image":{"@id":"https:\/\/lasentinelle.dz\/index.php\/2022\/12\/21\/lutte-contre-le-blanchiment-dargent-et-financement-du-terrorisme-les-flux-financiers-sous-controle\/#primaryimage"},"thumbnailUrl":"https:\/\/lasentinelle.dz\/wp-content\/uploads\/2022\/12\/Tabi.png","datePublished":"2022-12-21T21:05:00+00:00","breadcrumb":{"@id":"https:\/\/lasentinelle.dz\/index.php\/2022\/12\/21\/lutte-contre-le-blanchiment-dargent-et-financement-du-terrorisme-les-flux-financiers-sous-controle\/#breadcrumb"},"inLanguage":"fr-FR","potentialAction":[{"@type":"ReadAction","target":["https:\/\/lasentinelle.dz\/index.php\/2022\/12\/21\/lutte-contre-le-blanchiment-dargent-et-financement-du-terrorisme-les-flux-financiers-sous-controle\/"]}]},{"@type":"ImageObject","inLanguage":"fr-FR","@id":"https:\/\/lasentinelle.dz\/index.php\/2022\/12\/21\/lutte-contre-le-blanchiment-dargent-et-financement-du-terrorisme-les-flux-financiers-sous-controle\/#primaryimage","url":"https:\/\/lasentinelle.dz\/wp-content\/uploads\/2022\/12\/Tabi.png","contentUrl":"https:\/\/lasentinelle.dz\/wp-content\/uploads\/2022\/12\/Tabi.png","width":1348,"height":900},{"@type":"BreadcrumbList","@id":"https:\/\/lasentinelle.dz\/index.php\/2022\/12\/21\/lutte-contre-le-blanchiment-dargent-et-financement-du-terrorisme-les-flux-financiers-sous-controle\/#breadcrumb","itemListElement":[{"@type":"ListItem","position":1,"name":"Accueil","item":"https:\/\/lasentinelle.dz\/"},{"@type":"ListItem","position":2,"name":"Lutte contre le blanchiment d&rsquo;argent et financement du terrorisme\u00a0: Les flux financiers sous contr\u00f4le\u00a0"}]},{"@type":"WebSite","@id":"https:\/\/lasentinelle.dz\/#website","url":"https:\/\/lasentinelle.dz\/","name":"La Sentinelle","description":"Quotidien national d&#039;information","publisher":{"@id":"https:\/\/lasentinelle.dz\/#organization"},"potentialAction":[{"@type":"SearchAction","target":{"@type":"EntryPoint","urlTemplate":"https:\/\/lasentinelle.dz\/?s={search_term_string}"},"query-input":{"@type":"PropertyValueSpecification","valueRequired":true,"valueName":"search_term_string"}}],"inLanguage":"fr-FR"},{"@type":"Organization","@id":"https:\/\/lasentinelle.dz\/#organization","name":"Quotidien La Sentinelle","url":"https:\/\/lasentinelle.dz\/","logo":{"@type":"ImageObject","inLanguage":"fr-FR","@id":"https:\/\/lasentinelle.dz\/#\/schema\/logo\/image\/","url":"https:\/\/lasentinelle.dz\/wp-content\/uploads\/2021\/09\/logo-sentinelleSLOGAN-1.png","contentUrl":"https:\/\/lasentinelle.dz\/wp-content\/uploads\/2021\/09\/logo-sentinelleSLOGAN-1.png","width":615,"height":142,"caption":"Quotidien La Sentinelle"},"image":{"@id":"https:\/\/lasentinelle.dz\/#\/schema\/logo\/image\/"},"sameAs":["https:\/\/www.facebook.com\/La-Sentinelle-104059864394773"]},{"@type":"Person","@id":"https:\/\/lasentinelle.dz\/#\/schema\/person\/d865044e22e70a75174ce8bcad3acfb3","name":"La Sentinelle","image":{"@type":"ImageObject","inLanguage":"fr-FR","@id":"https:\/\/secure.gravatar.com\/avatar\/57de8e5d4b15d43fb361a71fbb36338450fe67865b528a43dd10ef7c51a20392?s=96&d=mm&r=g","url":"https:\/\/secure.gravatar.com\/avatar\/57de8e5d4b15d43fb361a71fbb36338450fe67865b528a43dd10ef7c51a20392?s=96&d=mm&r=g","contentUrl":"https:\/\/secure.gravatar.com\/avatar\/57de8e5d4b15d43fb361a71fbb36338450fe67865b528a43dd10ef7c51a20392?s=96&d=mm&r=g","caption":"La Sentinelle"},"sameAs":["http:\/\/www.lasentinelle.dz"],"url":"https:\/\/lasentinelle.dz\/author\/redaction\/"}]}},"_links":{"self":[{"href":"https:\/\/lasentinelle.dz\/index.php\/wp-json\/wp\/v2\/posts\/33073","targetHints":{"allow":["GET"]}}],"collection":[{"href":"https:\/\/lasentinelle.dz\/index.php\/wp-json\/wp\/v2\/posts"}],"about":[{"href":"https:\/\/lasentinelle.dz\/index.php\/wp-json\/wp\/v2\/types\/post"}],"author":[{"embeddable":true,"href":"https:\/\/lasentinelle.dz\/index.php\/wp-json\/wp\/v2\/users\/3"}],"replies":[{"embeddable":true,"href":"https:\/\/lasentinelle.dz\/index.php\/wp-json\/wp\/v2\/comments?post=33073"}],"version-history":[{"count":1,"href":"https:\/\/lasentinelle.dz\/index.php\/wp-json\/wp\/v2\/posts\/33073\/revisions"}],"predecessor-version":[{"id":33079,"href":"https:\/\/lasentinelle.dz\/index.php\/wp-json\/wp\/v2\/posts\/33073\/revisions\/33079"}],"wp:featuredmedia":[{"embeddable":true,"href":"https:\/\/lasentinelle.dz\/index.php\/wp-json\/wp\/v2\/media\/33074"}],"wp:attachment":[{"href":"https:\/\/lasentinelle.dz\/index.php\/wp-json\/wp\/v2\/media?parent=33073"}],"wp:term":[{"taxonomy":"category","embeddable":true,"href":"https:\/\/lasentinelle.dz\/index.php\/wp-json\/wp\/v2\/categories?post=33073"},{"taxonomy":"post_tag","embeddable":true,"href":"https:\/\/lasentinelle.dz\/index.php\/wp-json\/wp\/v2\/tags?post=33073"}],"curies":[{"name":"wp","href":"https:\/\/api.w.org\/{rel}","templated":true}]}}