{"id":33125,"date":"2022-12-24T22:15:00","date_gmt":"2022-12-24T21:15:00","guid":{"rendered":"https:\/\/lasentinelle.dz\/?p=33125"},"modified":"2022-12-24T19:58:58","modified_gmt":"2022-12-24T18:58:58","slug":"commerce-investir-les-marches-du-sahel","status":"publish","type":"post","link":"https:\/\/lasentinelle.dz\/index.php\/2022\/12\/24\/commerce-investir-les-marches-du-sahel\/","title":{"rendered":"Commerce\u00a0: Investir les march\u00e9s du Sahel"},"content":{"rendered":"\n<p>La 36<sup>e<\/sup> \u00e9dition de l\u2019Assihar a \u00e9t\u00e9 ouverte vendredi \u00e0 Tamanrasset. L\u2019occasion pour les op\u00e9rateurs \u00e9conomiques de prospecter les opportunit\u00e9s de partenariat et les march\u00e9s de la r\u00e9gion du Maghreb, du Sahel et de l\u2019Afrique subsaharienne.<\/p>\n\n\n\n<p>C\u2019est dans ce contexte que le Forum des hommes d&rsquo;affaires Alg\u00e9rie-Sahel, a \u00e9t\u00e9 ouvert hier en marge du Salon. Un forum au cours duquel les voies et moyens de consolider les \u00e9changes \u00e9conomiques et commerciaux ainsi que le cod\u00e9veloppement ont \u00e9t\u00e9 largement d\u00e9battus. C\u2019est dans ce contexte que le ministre du Commerce et de la Promotion des exportations, Kamel Rezig a soulign\u00e9 que l\u2019 Assihar est une opportunit\u00e9 pour accro\u00eetre les \u00e9changes interr\u00e9gionaux, notamment apr\u00e8s la cr\u00e9ation de la Zone de Libre \u00e9change continentale africaine (ZLECAf). Et de rappeler &nbsp;que Tamanrasset constituera une porte vers l&rsquo;Afrique.Rappelant que le volume du commerce intra-africain ne d\u00e9passe pas 15 %, soit 2% du commerce mondial, il a appel\u00e9 les op\u00e9rateurs \u00e9conomiques \u00e0 d\u00e9velopper le commerce interr\u00e9gional dans la r\u00e9gion du Sahel suivant la r\u00e8gle gagnant-gagnant.<\/p>\n\n\n\n<p>Il a \u00e9galement soulign\u00e9 que le leForum des hommes d&rsquo;affaires Alg\u00e9rie-Sahel sera aussi une occasion pour discuter de la dynamisation des \u00e9changes dans les domaines du commerce et du tourisme, a-t-il dit.La pr\u00e9sence des pr\u00e9sidents des chambres de commerce de ces pays permettra de mettre en place la premi\u00e8re plateforme d&rsquo;\u00e9change interr\u00e9gional en vue de jeter des passerelles entre les op\u00e9rateurs \u00e9conomiques de ces pays, ajoute le ministre.M.Rezig a salu\u00e9 le r\u00f4le important des chambres de commerce et des conseils des chefs d&rsquo;entreprises dans le rapprochement des points de vue et l&rsquo;accompagnement des op\u00e9rateurs \u00e9conomiques dans le d\u00e9veloppement de leurs \u00e9changes.Le pr\u00e9sident de la Chambre alg\u00e9rienne de commerce et d&rsquo;industrie (CACI), Kamel Hamani a, quant \u00e0 lui, fait savoir que le Forum Alg\u00e9rie- Sahel contribuerait \u00e0 l&rsquo;impulsion d&rsquo;une dynamique aux \u00e9changes commerciaux interr\u00e9gionaux, mettant l&rsquo;accent sur l&rsquo;importance d&rsquo;\u00e9laborer un arsenal juridique et l\u00e9gislatif solide pour organiser ces \u00e9changes et atteindre ainsi les objectifs escompt\u00e9s.A cette occasion, un m\u00e9morandum d&rsquo;entente a \u00e9t\u00e9 sign\u00e9 entre la CACI et la Chambre de commerce du Tchad portant la cr\u00e9ation d&rsquo;un conseil d&rsquo;affaires alg\u00e9ro-tchadien.<\/p>\n\n\n\n<p>Pour sa part, le ministre du Commerce et de l&rsquo;Industrie du Mali, Mohamed Ould Mouloud a soulign\u00e9 que le Mali et l&rsquo;Alg\u00e9rie \u00ab\u00a0entretiennent des relations historiques\u00a0\u00bb, pr\u00e9cisant que l&rsquo;int\u00e9gration \u00e9conomique dans la r\u00e9gion exige d&rsquo;\u00e9tablir des \u00e9changes commerciaux.Dans ce sens, il a mis en exergue la relation commerciale entre l&rsquo;Alg\u00e9rie et le Mali qui, a-t-il dit, doit \u00eatre renforc\u00e9e \u00e0 travers la mise en place d&rsquo;un cadre de coop\u00e9ration cr\u00e9ateur de richesse.<\/p>\n\n\n\n<p>Le secr\u00e9taire g\u00e9n\u00e9ral du minist\u00e8re du Commerce nig\u00e9rien, Abdou Ibrahim s&rsquo;est f\u00e9licit\u00e9, de son c\u00f4t\u00e9, de cette initiative qui constitue, selon lui, un volet essentiel dans l&rsquo;appui des \u00e9changes intra-africains \u00e0 m\u00eame de cr\u00e9er un march\u00e9 africain.L&rsquo;ambassadeur de la R\u00e9publique islamique de Mauritanie, Weddady Ould Sidi Haiba a, pour sa part, mis en exergue l&rsquo;importance de la route reliant Tindouf (Alg\u00e9rie) \u00e0 Zouerate (Mauritanie) et ses grandes perspectives en vue d&rsquo;\u00e9tablir les opportunit\u00e9s de partenariat entre ces deux pays&nbsp; mais aussi entre l&rsquo;Alg\u00e9rie et les diff\u00e9rents Etats africains.Le diplomate mauritanien a \u00e9galement indiqu\u00e9 que cet axe constituerait un catalyseur du commerce interr\u00e9gional et encouragerait les hommes d&rsquo;affaires alg\u00e9riens et mauritaniens \u00e0 mettre en place davantage de m\u00e9canismes d&rsquo;\u00e9change et de coordination afin d&rsquo;atteindre le niveau des \u00e9changes commerciaux escompt\u00e9.<\/p>\n\n\n\n<p>Hocine Fadheli<\/p>\n","protected":false},"excerpt":{"rendered":"<p>La 36e \u00e9dition de l\u2019Assihar a \u00e9t\u00e9 ouverte vendredi \u00e0 Tamanrasset. L\u2019occasion pour les op\u00e9rateurs \u00e9conomiques de prospecter les opportunit\u00e9s<\/p>\n","protected":false},"author":3,"featured_media":33172,"comment_status":"open","ping_status":"closed","sticky":false,"template":"","format":"standard","meta":{"colormag_page_container_layout":"default_layout","colormag_page_sidebar_layout":"default_layout","om_disable_all_campaigns":false,"_monsterinsights_skip_tracking":false,"_monsterinsights_sitenote_active":false,"_monsterinsights_sitenote_note":"","_monsterinsights_sitenote_category":0,"footnotes":"","_wpscppro_dont_share_socialmedia":false,"_wpscppro_custom_social_share_image":0,"_facebook_share_type":"","_twitter_share_type":"","_linkedin_share_type":"","_pinterest_share_type":"","_linkedin_share_type_page":"","_instagram_share_type":"","_medium_share_type":"","_threads_share_type":"","_google_business_share_type":"","_selected_social_profile":[],"_wpsp_enable_custom_social_template":false,"_wpsp_social_scheduling":{"enabled":false,"datetime":null,"platforms":[],"status":"template_only","dateOption":"today","timeOption":"now","customDays":"","customHours":"","customDate":"","customTime":"","schedulingType":"absolute"},"_wpsp_active_default_template":true},"categories":[52,29],"tags":[],"class_list":["post-33125","post","type-post","status-publish","format-standard","has-post-thumbnail","hentry","category-a-la-une","category-economie"],"aioseo_notices":[],"yoast_head":"<!-- This site is optimized with the Yoast SEO plugin v27.5 - https:\/\/yoast.com\/product\/yoast-seo-wordpress\/ -->\n<title>Commerce\u00a0: Investir les march\u00e9s du Sahel - La Sentinelle<\/title>\n<meta name=\"robots\" content=\"index, follow, max-snippet:-1, max-image-preview:large, max-video-preview:-1\" \/>\n<link rel=\"canonical\" href=\"https:\/\/lasentinelle.dz\/index.php\/2022\/12\/24\/commerce-investir-les-marches-du-sahel\/\" \/>\n<meta property=\"og:locale\" content=\"fr_FR\" \/>\n<meta property=\"og:type\" content=\"article\" \/>\n<meta property=\"og:title\" content=\"Commerce\u00a0: Investir les march\u00e9s du Sahel - La Sentinelle\" \/>\n<meta property=\"og:description\" content=\"La 36e \u00e9dition de l\u2019Assihar a \u00e9t\u00e9 ouverte vendredi \u00e0 Tamanrasset. L\u2019occasion pour les op\u00e9rateurs \u00e9conomiques de prospecter les opportunit\u00e9s\" \/>\n<meta property=\"og:url\" content=\"https:\/\/lasentinelle.dz\/index.php\/2022\/12\/24\/commerce-investir-les-marches-du-sahel\/\" \/>\n<meta property=\"og:site_name\" content=\"La Sentinelle\" \/>\n<meta property=\"article:publisher\" content=\"https:\/\/www.facebook.com\/La-Sentinelle-104059864394773\" \/>\n<meta property=\"article:published_time\" content=\"2022-12-24T21:15:00+00:00\" \/>\n<meta property=\"og:image\" content=\"https:\/\/lasentinelle.dz\/wp-content\/uploads\/2022\/12\/rezig.png\" \/>\n\t<meta property=\"og:image:width\" content=\"1200\" \/>\n\t<meta property=\"og:image:height\" content=\"900\" \/>\n\t<meta property=\"og:image:type\" content=\"image\/png\" \/>\n<meta name=\"author\" content=\"La Sentinelle\" \/>\n<meta name=\"twitter:card\" content=\"summary_large_image\" \/>\n<meta name=\"twitter:label1\" content=\"\u00c9crit par\" \/>\n\t<meta name=\"twitter:data1\" content=\"La Sentinelle\" \/>\n\t<meta name=\"twitter:label2\" content=\"Dur\u00e9e de lecture estim\u00e9e\" \/>\n\t<meta name=\"twitter:data2\" content=\"3 minutes\" \/>\n<script type=\"application\/ld+json\" class=\"yoast-schema-graph\">{\"@context\":\"https:\\\/\\\/schema.org\",\"@graph\":[{\"@type\":\"Article\",\"@id\":\"https:\\\/\\\/lasentinelle.dz\\\/index.php\\\/2022\\\/12\\\/24\\\/commerce-investir-les-marches-du-sahel\\\/#article\",\"isPartOf\":{\"@id\":\"https:\\\/\\\/lasentinelle.dz\\\/index.php\\\/2022\\\/12\\\/24\\\/commerce-investir-les-marches-du-sahel\\\/\"},\"author\":{\"name\":\"La Sentinelle\",\"@id\":\"https:\\\/\\\/lasentinelle.dz\\\/#\\\/schema\\\/person\\\/d865044e22e70a75174ce8bcad3acfb3\"},\"headline\":\"Commerce\u00a0: Investir les march\u00e9s du Sahel\",\"datePublished\":\"2022-12-24T21:15:00+00:00\",\"mainEntityOfPage\":{\"@id\":\"https:\\\/\\\/lasentinelle.dz\\\/index.php\\\/2022\\\/12\\\/24\\\/commerce-investir-les-marches-du-sahel\\\/\"},\"wordCount\":652,\"commentCount\":0,\"publisher\":{\"@id\":\"https:\\\/\\\/lasentinelle.dz\\\/#organization\"},\"image\":{\"@id\":\"https:\\\/\\\/lasentinelle.dz\\\/index.php\\\/2022\\\/12\\\/24\\\/commerce-investir-les-marches-du-sahel\\\/#primaryimage\"},\"thumbnailUrl\":\"https:\\\/\\\/lasentinelle.dz\\\/wp-content\\\/uploads\\\/2022\\\/12\\\/rezig.png\",\"articleSection\":[\"\u00c0 la Une\",\"\u00c9conomie\"],\"inLanguage\":\"fr-FR\",\"potentialAction\":[{\"@type\":\"CommentAction\",\"name\":\"Comment\",\"target\":[\"https:\\\/\\\/lasentinelle.dz\\\/index.php\\\/2022\\\/12\\\/24\\\/commerce-investir-les-marches-du-sahel\\\/#respond\"]}]},{\"@type\":\"WebPage\",\"@id\":\"https:\\\/\\\/lasentinelle.dz\\\/index.php\\\/2022\\\/12\\\/24\\\/commerce-investir-les-marches-du-sahel\\\/\",\"url\":\"https:\\\/\\\/lasentinelle.dz\\\/index.php\\\/2022\\\/12\\\/24\\\/commerce-investir-les-marches-du-sahel\\\/\",\"name\":\"Commerce\u00a0: Investir les march\u00e9s du Sahel - La Sentinelle\",\"isPartOf\":{\"@id\":\"https:\\\/\\\/lasentinelle.dz\\\/#website\"},\"primaryImageOfPage\":{\"@id\":\"https:\\\/\\\/lasentinelle.dz\\\/index.php\\\/2022\\\/12\\\/24\\\/commerce-investir-les-marches-du-sahel\\\/#primaryimage\"},\"image\":{\"@id\":\"https:\\\/\\\/lasentinelle.dz\\\/index.php\\\/2022\\\/12\\\/24\\\/commerce-investir-les-marches-du-sahel\\\/#primaryimage\"},\"thumbnailUrl\":\"https:\\\/\\\/lasentinelle.dz\\\/wp-content\\\/uploads\\\/2022\\\/12\\\/rezig.png\",\"datePublished\":\"2022-12-24T21:15:00+00:00\",\"breadcrumb\":{\"@id\":\"https:\\\/\\\/lasentinelle.dz\\\/index.php\\\/2022\\\/12\\\/24\\\/commerce-investir-les-marches-du-sahel\\\/#breadcrumb\"},\"inLanguage\":\"fr-FR\",\"potentialAction\":[{\"@type\":\"ReadAction\",\"target\":[\"https:\\\/\\\/lasentinelle.dz\\\/index.php\\\/2022\\\/12\\\/24\\\/commerce-investir-les-marches-du-sahel\\\/\"]}]},{\"@type\":\"ImageObject\",\"inLanguage\":\"fr-FR\",\"@id\":\"https:\\\/\\\/lasentinelle.dz\\\/index.php\\\/2022\\\/12\\\/24\\\/commerce-investir-les-marches-du-sahel\\\/#primaryimage\",\"url\":\"https:\\\/\\\/lasentinelle.dz\\\/wp-content\\\/uploads\\\/2022\\\/12\\\/rezig.png\",\"contentUrl\":\"https:\\\/\\\/lasentinelle.dz\\\/wp-content\\\/uploads\\\/2022\\\/12\\\/rezig.png\",\"width\":1200,\"height\":900},{\"@type\":\"BreadcrumbList\",\"@id\":\"https:\\\/\\\/lasentinelle.dz\\\/index.php\\\/2022\\\/12\\\/24\\\/commerce-investir-les-marches-du-sahel\\\/#breadcrumb\",\"itemListElement\":[{\"@type\":\"ListItem\",\"position\":1,\"name\":\"Accueil\",\"item\":\"https:\\\/\\\/lasentinelle.dz\\\/\"},{\"@type\":\"ListItem\",\"position\":2,\"name\":\"Commerce\u00a0: Investir les march\u00e9s du Sahel\"}]},{\"@type\":\"WebSite\",\"@id\":\"https:\\\/\\\/lasentinelle.dz\\\/#website\",\"url\":\"https:\\\/\\\/lasentinelle.dz\\\/\",\"name\":\"La Sentinelle\",\"description\":\"Quotidien national d&#039;information\",\"publisher\":{\"@id\":\"https:\\\/\\\/lasentinelle.dz\\\/#organization\"},\"potentialAction\":[{\"@type\":\"SearchAction\",\"target\":{\"@type\":\"EntryPoint\",\"urlTemplate\":\"https:\\\/\\\/lasentinelle.dz\\\/?s={search_term_string}\"},\"query-input\":{\"@type\":\"PropertyValueSpecification\",\"valueRequired\":true,\"valueName\":\"search_term_string\"}}],\"inLanguage\":\"fr-FR\"},{\"@type\":\"Organization\",\"@id\":\"https:\\\/\\\/lasentinelle.dz\\\/#organization\",\"name\":\"Quotidien La Sentinelle\",\"url\":\"https:\\\/\\\/lasentinelle.dz\\\/\",\"logo\":{\"@type\":\"ImageObject\",\"inLanguage\":\"fr-FR\",\"@id\":\"https:\\\/\\\/lasentinelle.dz\\\/#\\\/schema\\\/logo\\\/image\\\/\",\"url\":\"https:\\\/\\\/lasentinelle.dz\\\/wp-content\\\/uploads\\\/2021\\\/09\\\/logo-sentinelleSLOGAN-1.png\",\"contentUrl\":\"https:\\\/\\\/lasentinelle.dz\\\/wp-content\\\/uploads\\\/2021\\\/09\\\/logo-sentinelleSLOGAN-1.png\",\"width\":615,\"height\":142,\"caption\":\"Quotidien La Sentinelle\"},\"image\":{\"@id\":\"https:\\\/\\\/lasentinelle.dz\\\/#\\\/schema\\\/logo\\\/image\\\/\"},\"sameAs\":[\"https:\\\/\\\/www.facebook.com\\\/La-Sentinelle-104059864394773\"]},{\"@type\":\"Person\",\"@id\":\"https:\\\/\\\/lasentinelle.dz\\\/#\\\/schema\\\/person\\\/d865044e22e70a75174ce8bcad3acfb3\",\"name\":\"La Sentinelle\",\"image\":{\"@type\":\"ImageObject\",\"inLanguage\":\"fr-FR\",\"@id\":\"https:\\\/\\\/secure.gravatar.com\\\/avatar\\\/57de8e5d4b15d43fb361a71fbb36338450fe67865b528a43dd10ef7c51a20392?s=96&d=mm&r=g\",\"url\":\"https:\\\/\\\/secure.gravatar.com\\\/avatar\\\/57de8e5d4b15d43fb361a71fbb36338450fe67865b528a43dd10ef7c51a20392?s=96&d=mm&r=g\",\"contentUrl\":\"https:\\\/\\\/secure.gravatar.com\\\/avatar\\\/57de8e5d4b15d43fb361a71fbb36338450fe67865b528a43dd10ef7c51a20392?s=96&d=mm&r=g\",\"caption\":\"La Sentinelle\"},\"sameAs\":[\"http:\\\/\\\/www.lasentinelle.dz\"],\"url\":\"https:\\\/\\\/lasentinelle.dz\\\/author\\\/redaction\\\/\"}]}<\/script>\n<!-- \/ Yoast SEO plugin. -->","yoast_head_json":{"title":"Commerce\u00a0: Investir les march\u00e9s du Sahel - La Sentinelle","robots":{"index":"index","follow":"follow","max-snippet":"max-snippet:-1","max-image-preview":"max-image-preview:large","max-video-preview":"max-video-preview:-1"},"canonical":"https:\/\/lasentinelle.dz\/index.php\/2022\/12\/24\/commerce-investir-les-marches-du-sahel\/","og_locale":"fr_FR","og_type":"article","og_title":"Commerce\u00a0: Investir les march\u00e9s du Sahel - La Sentinelle","og_description":"La 36e \u00e9dition de l\u2019Assihar a \u00e9t\u00e9 ouverte vendredi \u00e0 Tamanrasset. L\u2019occasion pour les op\u00e9rateurs \u00e9conomiques de prospecter les opportunit\u00e9s","og_url":"https:\/\/lasentinelle.dz\/index.php\/2022\/12\/24\/commerce-investir-les-marches-du-sahel\/","og_site_name":"La Sentinelle","article_publisher":"https:\/\/www.facebook.com\/La-Sentinelle-104059864394773","article_published_time":"2022-12-24T21:15:00+00:00","og_image":[{"width":1200,"height":900,"url":"https:\/\/lasentinelle.dz\/wp-content\/uploads\/2022\/12\/rezig.png","type":"image\/png"}],"author":"La Sentinelle","twitter_card":"summary_large_image","twitter_misc":{"\u00c9crit par":"La Sentinelle","Dur\u00e9e de lecture estim\u00e9e":"3 minutes"},"schema":{"@context":"https:\/\/schema.org","@graph":[{"@type":"Article","@id":"https:\/\/lasentinelle.dz\/index.php\/2022\/12\/24\/commerce-investir-les-marches-du-sahel\/#article","isPartOf":{"@id":"https:\/\/lasentinelle.dz\/index.php\/2022\/12\/24\/commerce-investir-les-marches-du-sahel\/"},"author":{"name":"La Sentinelle","@id":"https:\/\/lasentinelle.dz\/#\/schema\/person\/d865044e22e70a75174ce8bcad3acfb3"},"headline":"Commerce\u00a0: Investir les march\u00e9s du Sahel","datePublished":"2022-12-24T21:15:00+00:00","mainEntityOfPage":{"@id":"https:\/\/lasentinelle.dz\/index.php\/2022\/12\/24\/commerce-investir-les-marches-du-sahel\/"},"wordCount":652,"commentCount":0,"publisher":{"@id":"https:\/\/lasentinelle.dz\/#organization"},"image":{"@id":"https:\/\/lasentinelle.dz\/index.php\/2022\/12\/24\/commerce-investir-les-marches-du-sahel\/#primaryimage"},"thumbnailUrl":"https:\/\/lasentinelle.dz\/wp-content\/uploads\/2022\/12\/rezig.png","articleSection":["\u00c0 la Une","\u00c9conomie"],"inLanguage":"fr-FR","potentialAction":[{"@type":"CommentAction","name":"Comment","target":["https:\/\/lasentinelle.dz\/index.php\/2022\/12\/24\/commerce-investir-les-marches-du-sahel\/#respond"]}]},{"@type":"WebPage","@id":"https:\/\/lasentinelle.dz\/index.php\/2022\/12\/24\/commerce-investir-les-marches-du-sahel\/","url":"https:\/\/lasentinelle.dz\/index.php\/2022\/12\/24\/commerce-investir-les-marches-du-sahel\/","name":"Commerce\u00a0: Investir les march\u00e9s du Sahel - La Sentinelle","isPartOf":{"@id":"https:\/\/lasentinelle.dz\/#website"},"primaryImageOfPage":{"@id":"https:\/\/lasentinelle.dz\/index.php\/2022\/12\/24\/commerce-investir-les-marches-du-sahel\/#primaryimage"},"image":{"@id":"https:\/\/lasentinelle.dz\/index.php\/2022\/12\/24\/commerce-investir-les-marches-du-sahel\/#primaryimage"},"thumbnailUrl":"https:\/\/lasentinelle.dz\/wp-content\/uploads\/2022\/12\/rezig.png","datePublished":"2022-12-24T21:15:00+00:00","breadcrumb":{"@id":"https:\/\/lasentinelle.dz\/index.php\/2022\/12\/24\/commerce-investir-les-marches-du-sahel\/#breadcrumb"},"inLanguage":"fr-FR","potentialAction":[{"@type":"ReadAction","target":["https:\/\/lasentinelle.dz\/index.php\/2022\/12\/24\/commerce-investir-les-marches-du-sahel\/"]}]},{"@type":"ImageObject","inLanguage":"fr-FR","@id":"https:\/\/lasentinelle.dz\/index.php\/2022\/12\/24\/commerce-investir-les-marches-du-sahel\/#primaryimage","url":"https:\/\/lasentinelle.dz\/wp-content\/uploads\/2022\/12\/rezig.png","contentUrl":"https:\/\/lasentinelle.dz\/wp-content\/uploads\/2022\/12\/rezig.png","width":1200,"height":900},{"@type":"BreadcrumbList","@id":"https:\/\/lasentinelle.dz\/index.php\/2022\/12\/24\/commerce-investir-les-marches-du-sahel\/#breadcrumb","itemListElement":[{"@type":"ListItem","position":1,"name":"Accueil","item":"https:\/\/lasentinelle.dz\/"},{"@type":"ListItem","position":2,"name":"Commerce\u00a0: Investir les march\u00e9s du Sahel"}]},{"@type":"WebSite","@id":"https:\/\/lasentinelle.dz\/#website","url":"https:\/\/lasentinelle.dz\/","name":"La Sentinelle","description":"Quotidien national d&#039;information","publisher":{"@id":"https:\/\/lasentinelle.dz\/#organization"},"potentialAction":[{"@type":"SearchAction","target":{"@type":"EntryPoint","urlTemplate":"https:\/\/lasentinelle.dz\/?s={search_term_string}"},"query-input":{"@type":"PropertyValueSpecification","valueRequired":true,"valueName":"search_term_string"}}],"inLanguage":"fr-FR"},{"@type":"Organization","@id":"https:\/\/lasentinelle.dz\/#organization","name":"Quotidien La Sentinelle","url":"https:\/\/lasentinelle.dz\/","logo":{"@type":"ImageObject","inLanguage":"fr-FR","@id":"https:\/\/lasentinelle.dz\/#\/schema\/logo\/image\/","url":"https:\/\/lasentinelle.dz\/wp-content\/uploads\/2021\/09\/logo-sentinelleSLOGAN-1.png","contentUrl":"https:\/\/lasentinelle.dz\/wp-content\/uploads\/2021\/09\/logo-sentinelleSLOGAN-1.png","width":615,"height":142,"caption":"Quotidien La Sentinelle"},"image":{"@id":"https:\/\/lasentinelle.dz\/#\/schema\/logo\/image\/"},"sameAs":["https:\/\/www.facebook.com\/La-Sentinelle-104059864394773"]},{"@type":"Person","@id":"https:\/\/lasentinelle.dz\/#\/schema\/person\/d865044e22e70a75174ce8bcad3acfb3","name":"La Sentinelle","image":{"@type":"ImageObject","inLanguage":"fr-FR","@id":"https:\/\/secure.gravatar.com\/avatar\/57de8e5d4b15d43fb361a71fbb36338450fe67865b528a43dd10ef7c51a20392?s=96&d=mm&r=g","url":"https:\/\/secure.gravatar.com\/avatar\/57de8e5d4b15d43fb361a71fbb36338450fe67865b528a43dd10ef7c51a20392?s=96&d=mm&r=g","contentUrl":"https:\/\/secure.gravatar.com\/avatar\/57de8e5d4b15d43fb361a71fbb36338450fe67865b528a43dd10ef7c51a20392?s=96&d=mm&r=g","caption":"La Sentinelle"},"sameAs":["http:\/\/www.lasentinelle.dz"],"url":"https:\/\/lasentinelle.dz\/author\/redaction\/"}]}},"_links":{"self":[{"href":"https:\/\/lasentinelle.dz\/index.php\/wp-json\/wp\/v2\/posts\/33125","targetHints":{"allow":["GET"]}}],"collection":[{"href":"https:\/\/lasentinelle.dz\/index.php\/wp-json\/wp\/v2\/posts"}],"about":[{"href":"https:\/\/lasentinelle.dz\/index.php\/wp-json\/wp\/v2\/types\/post"}],"author":[{"embeddable":true,"href":"https:\/\/lasentinelle.dz\/index.php\/wp-json\/wp\/v2\/users\/3"}],"replies":[{"embeddable":true,"href":"https:\/\/lasentinelle.dz\/index.php\/wp-json\/wp\/v2\/comments?post=33125"}],"version-history":[{"count":1,"href":"https:\/\/lasentinelle.dz\/index.php\/wp-json\/wp\/v2\/posts\/33125\/revisions"}],"predecessor-version":[{"id":33173,"href":"https:\/\/lasentinelle.dz\/index.php\/wp-json\/wp\/v2\/posts\/33125\/revisions\/33173"}],"wp:featuredmedia":[{"embeddable":true,"href":"https:\/\/lasentinelle.dz\/index.php\/wp-json\/wp\/v2\/media\/33172"}],"wp:attachment":[{"href":"https:\/\/lasentinelle.dz\/index.php\/wp-json\/wp\/v2\/media?parent=33125"}],"wp:term":[{"taxonomy":"category","embeddable":true,"href":"https:\/\/lasentinelle.dz\/index.php\/wp-json\/wp\/v2\/categories?post=33125"},{"taxonomy":"post_tag","embeddable":true,"href":"https:\/\/lasentinelle.dz\/index.php\/wp-json\/wp\/v2\/tags?post=33125"}],"curies":[{"name":"wp","href":"https:\/\/api.w.org\/{rel}","templated":true}]}}