{"id":33156,"date":"2022-12-24T22:17:00","date_gmt":"2022-12-24T21:17:00","guid":{"rendered":"https:\/\/lasentinelle.dz\/?p=33156"},"modified":"2022-12-24T19:30:39","modified_gmt":"2022-12-24T18:30:39","slug":"avec-un-roi-gravement-malade-le-pays-nest-pas-gouverne-le-maroc-senfonce-dans-la-crise","status":"publish","type":"post","link":"https:\/\/lasentinelle.dz\/index.php\/2022\/12\/24\/avec-un-roi-gravement-malade-le-pays-nest-pas-gouverne-le-maroc-senfonce-dans-la-crise\/","title":{"rendered":"Avec un roi gravement malade, le pays n\u2019est pas gouvern\u00e9\u00a0: Le Maroc s\u2019enfonce dans la crise!"},"content":{"rendered":"\n<p>La derni\u00e8re apparition de Mohamed VI a relanc\u00e9 la pol\u00e9mique sur sa capacit\u00e9 \u00e0 gouverner le Maroc. Elle confirme les craintes quant \u00e0 la gravit\u00e9 de la crise politique latente qui affecte aujourd\u2019hui le Maroc. Une crise politique qui se greffe \u00e0 une grave crise politique et sociale qui alimente la protesta au sein d\u2019une population qui s\u2019est sentie touch\u00e9e dans sa dignit\u00e9 par la mis\u00e8re et la sionisation de leur pays dans le sillage de la normalisation avec l\u2019entit\u00e9 sioniste.<\/p>\n\n\n\n<p>Lors de sa participation mardi dernier \u00e0 Rabat \u00e0 la c\u00e9r\u00e9monie de d\u00e9coration des joueurs de l\u2019\u00e9quipe marocaine de football, Mohammed VI est apparu grandement affaibli et amaigri, le visage \u00e9maci\u00e9 et rid\u00e9s. Entour\u00e9 de son fr\u00e8re Rachid et de son fils El Hassan, il a donn\u00e9 l\u2019impression de se tenir difficilement debout. Les cheveux, qu&rsquo;il avait autrefois noir, sont devenus grisonnants.<\/p>\n\n\n\n<p>La photo de famille prise avec les membres de la s\u00e9lection marocaine a d\u2019ailleurs fait rapidement le tour des r\u00e9seaux sociaux. Pour de nombreux observateurs, il n\u2019y a pas de doute : Mohammed VI est atteint d\u2019une maladie lourde. De quoi souffre-t-il ? Le secret est bien gard\u00e9. On parle de probl\u00e8mes cardiaques. II a d\u2019ailleurs subi deux interventions \u00e0 c\u0153ur ouvert en l&rsquo;espace de deux ans. La premi\u00e8re fois en janvier 2018 \u00e0 la clinique Ambroise Par\u00e9 \u00e0 Paris et la seconde, le 14 juin 2020, \u00e0 Rabat. Mais, la pol\u00e9mique est vivace concernant la nature du mal dont il souffre au regard de son \u00e9tat qui ne fait que se d\u00e9grader au fil des jours.<\/p>\n\n\n\n<p>Sa derni\u00e8re apparition a d\u2019ailleurs relanc\u00e9 la pol\u00e9mique. Les informations redondantes ces derniers mois concernant une possible abdication de Mohammed VI sont \u00e0 prendre tr\u00e8s au s\u00e9rieux dans la mesure o\u00f9 la sant\u00e9 du roi du Maroc semble se d\u00e9grader au fil des jours. Il est possible m\u00eame qu\u2019il ne soit actuellement plus en mesure de gouverner. Cela pourrait expliquer d\u2019ailleurs pourquoi il limite ses apparitions au strict minimum et vit loin du Maroc<\/p>\n\n\n\n<p>La question de la sant\u00e9 de Mohammed VI a commenc\u00e9 \u00e0 se poser il y plusieurs ann\u00e9es. Cependant, elle est revenue avec acuit\u00e9 en janvier 2021 lorsqu\u2019il s\u2019\u00e9tait fait vacciner contre de la COVID-19 devant des cam\u00e9ras de t\u00e9l\u00e9visions. Comme mardi dernier, Mohammed VI \u00e9tait apparu vieilli\u2026m\u00e9tamorphos\u00e9 m\u00eame. Son \u00e9tat avait m\u00eame n\u00e9cessit\u00e9 une hospitalisation en urgence en France. Le fait que la majorit\u00e9 de la famille royale se soit d\u00e9plac\u00e9e \u00e0 Paris au chevet du patient \u00e9tait un indice de gravit\u00e9 de la situation. C\u2019est d\u2019ailleurs \u00e0 partir de l\u00e0 que la question de la succession avait commenc\u00e9 \u00e0 se poser au Maroc.<\/p>\n\n\n\n<p>Le souverain marocain \u00e9tait tellement malade que l\u2019opinion s\u2019attendait \u00e0 ce qu\u2019il passe le relais \u00e0 son fils.&nbsp; Des sources proches de l&rsquo;ambassade marocaine \u00e0 Paris avaient alors admis que Mohammed VI \u00e9tait gravement malade. Les m\u00eames sources avaient \u00e9voqu\u00e9 \u00e9galement une guerre d\u00e9clar\u00e9e de succession au sein de la famille royale. A l\u2019\u00e9poque des sources avaient indiqu\u00e9 que le patron de la direction g\u00e9n\u00e9rale de la Surveillance du territoire (DGST, services de renseignements marocains), Abdellatif Hammouchi, s\u2019\u00e9tait rendu en douce aux Etats-Unis pour tenter de vendre la candidature de Moulay Rachid comme futur roi en remplacement de Mohammed VI \u00e0 la place du prince h\u00e9ritier Moulay El Hassan, jug\u00e9 trop jeune. Le sc\u00e9nario ne semble pas avoir plu aux Am\u00e9ricains.<\/p>\n\n\n\n<p>De son c\u00f4t\u00e9, Mohammed VI a pris des mesures pour que le pouvoir n\u2019\u00e9chappe pas \u00e0 son fils. Un dispositif tenu secret aurait m\u00eame \u00e9t\u00e9 mis en place par le roi pour faciliter l\u2019acc\u00e8s du prince h\u00e9ritier au tr\u00f4ne apr\u00e8s sa disparition. \u00c0 cet effet, Mohammed VI a pris trois mesures cl\u00e9s qui tendent \u00e0 renforcer l\u2019entreprise de la succession sur les plans juridique et s\u00e9curitaire : confier la s\u00e9curit\u00e9 aux militaires, faire adopter une loi organique relative au fonctionnement du Conseil de r\u00e9gence et assurer une fortune \u00e0 la hauteur de la fonction princi\u00e8re. Donc par rapport \u00e0 la succession, l\u2019op\u00e9ration para\u00eet verrouill\u00e9e, du moins en th\u00e9orie.<\/p>\n\n\n\n<p><strong>Le Maroc livr\u00e9 \u00e0 la corruption<\/strong><\/p>\n\n\n\n<p>En attendant, le Maroc n\u2019est pas gouvern\u00e9. Ou du moins il est livr\u00e9 \u00e0 l\u2019entourage du roi qui a fait de la corruption un mode de gouvernance. Clochardis\u00e9e et appauvrie, la population est exc\u00e9d\u00e9e par ces interminables intrigues de palais. Le m\u00e9contentement est g\u00e9n\u00e9ralis\u00e9 \u00e0 en juger par le nombre important de manifestations que les partis, les associations et les syndicats de travailleurs organisent chaque mois. Il faut savoir que le Maroc vit depuis des ann\u00e9es dans sa bulle illusoire d\u2019un mythe de d\u00e9veloppement. Or, la r\u00e9alit\u00e9 est toute autre. Selon plusieurs sources, le Maroc r\u00e9gresse. Il est m\u00eame revenu au niveau de pauvret\u00e9 et de vuln\u00e9rabilit\u00e9 de 2014.<\/p>\n\n\n\n<p>La flamb\u00e9e des prix a atteint + 8 % en octobre sur un an. Le pouvoir d\u2019achat des plus pauvres, mais \u00e9galement de la classe moyenne, s\u2019en trouve particuli\u00e8rement touch\u00e9 dans un pays qui souffre d\u00e9j\u00e0 de disparit\u00e9s sociales et territoriales. De plus, le Maroc est devenu un bourreau pour les libert\u00e9s individuelles et collectives. Des dizaines de journalistes et de militants des droits de l\u2019homme sont actuellement en prison. La col\u00e8re est aggrav\u00e9e par la d\u00e9cision du Makhzen de nouer des relations de coop\u00e9ration avec Isra\u00ebl. Aujourd\u2019hui, le Maroc est assis sur une v\u00e9ritable bombe politico-sociale. Si celle-ci venait \u00e0 exploser, c\u2019est toute la monarchie qui risquerait d\u2019\u00eatre emport\u00e9e.<\/p>\n\n\n\n<p>Khider Larbi<\/p>\n","protected":false},"excerpt":{"rendered":"<p>La derni\u00e8re apparition de Mohamed VI a relanc\u00e9 la pol\u00e9mique sur sa capacit\u00e9 \u00e0 gouverner le Maroc. Elle confirme les<\/p>\n","protected":false},"author":3,"featured_media":33161,"comment_status":"open","ping_status":"closed","sticky":false,"template":"","format":"standard","meta":{"colormag_page_container_layout":"default_layout","colormag_page_sidebar_layout":"default_layout","om_disable_all_campaigns":false,"_monsterinsights_skip_tracking":false,"_monsterinsights_sitenote_active":false,"_monsterinsights_sitenote_note":"","_monsterinsights_sitenote_category":0,"footnotes":"","_wpscppro_dont_share_socialmedia":false,"_wpscppro_custom_social_share_image":0,"_facebook_share_type":"","_twitter_share_type":"","_linkedin_share_type":"","_pinterest_share_type":"","_linkedin_share_type_page":"","_instagram_share_type":"","_medium_share_type":"","_threads_share_type":"","_google_business_share_type":"","_selected_social_profile":[],"_wpsp_enable_custom_social_template":false,"_wpsp_social_scheduling":{"enabled":false,"datetime":null,"platforms":[],"status":"template_only","dateOption":"today","timeOption":"now","customDays":"","customHours":"","customDate":"","customTime":"","schedulingType":"absolute"},"_wpsp_active_default_template":true},"categories":[52,27],"tags":[],"class_list":["post-33156","post","type-post","status-publish","format-standard","has-post-thumbnail","hentry","category-a-la-une","category-actualite"],"aioseo_notices":[],"yoast_head":"<!-- This site is optimized with the Yoast SEO plugin v27.5 - https:\/\/yoast.com\/product\/yoast-seo-wordpress\/ -->\n<title>Avec un roi gravement malade, le pays n\u2019est pas gouvern\u00e9\u00a0: Le Maroc s\u2019enfonce dans la crise! - La Sentinelle<\/title>\n<meta name=\"robots\" content=\"index, follow, max-snippet:-1, max-image-preview:large, max-video-preview:-1\" \/>\n<link rel=\"canonical\" href=\"https:\/\/lasentinelle.dz\/index.php\/2022\/12\/24\/avec-un-roi-gravement-malade-le-pays-nest-pas-gouverne-le-maroc-senfonce-dans-la-crise\/\" \/>\n<meta property=\"og:locale\" content=\"fr_FR\" \/>\n<meta property=\"og:type\" content=\"article\" \/>\n<meta property=\"og:title\" content=\"Avec un roi gravement malade, le pays n\u2019est pas gouvern\u00e9\u00a0: Le Maroc s\u2019enfonce dans la crise! - La Sentinelle\" \/>\n<meta property=\"og:description\" content=\"La derni\u00e8re apparition de Mohamed VI a relanc\u00e9 la pol\u00e9mique sur sa capacit\u00e9 \u00e0 gouverner le Maroc. Elle confirme les\" \/>\n<meta property=\"og:url\" content=\"https:\/\/lasentinelle.dz\/index.php\/2022\/12\/24\/avec-un-roi-gravement-malade-le-pays-nest-pas-gouverne-le-maroc-senfonce-dans-la-crise\/\" \/>\n<meta property=\"og:site_name\" content=\"La Sentinelle\" \/>\n<meta property=\"article:publisher\" content=\"https:\/\/www.facebook.com\/La-Sentinelle-104059864394773\" \/>\n<meta property=\"article:published_time\" content=\"2022-12-24T21:17:00+00:00\" \/>\n<meta property=\"og:image\" content=\"https:\/\/lasentinelle.dz\/wp-content\/uploads\/2022\/12\/roi.png\" \/>\n\t<meta property=\"og:image:width\" content=\"1928\" \/>\n\t<meta property=\"og:image:height\" content=\"900\" \/>\n\t<meta property=\"og:image:type\" content=\"image\/png\" \/>\n<meta name=\"author\" content=\"La Sentinelle\" \/>\n<meta name=\"twitter:card\" content=\"summary_large_image\" \/>\n<meta name=\"twitter:label1\" content=\"\u00c9crit par\" \/>\n\t<meta name=\"twitter:data1\" content=\"La Sentinelle\" \/>\n\t<meta name=\"twitter:label2\" content=\"Dur\u00e9e de lecture estim\u00e9e\" \/>\n\t<meta name=\"twitter:data2\" content=\"5 minutes\" \/>\n<script type=\"application\/ld+json\" class=\"yoast-schema-graph\">{\"@context\":\"https:\\\/\\\/schema.org\",\"@graph\":[{\"@type\":\"Article\",\"@id\":\"https:\\\/\\\/lasentinelle.dz\\\/index.php\\\/2022\\\/12\\\/24\\\/avec-un-roi-gravement-malade-le-pays-nest-pas-gouverne-le-maroc-senfonce-dans-la-crise\\\/#article\",\"isPartOf\":{\"@id\":\"https:\\\/\\\/lasentinelle.dz\\\/index.php\\\/2022\\\/12\\\/24\\\/avec-un-roi-gravement-malade-le-pays-nest-pas-gouverne-le-maroc-senfonce-dans-la-crise\\\/\"},\"author\":{\"name\":\"La Sentinelle\",\"@id\":\"https:\\\/\\\/lasentinelle.dz\\\/#\\\/schema\\\/person\\\/d865044e22e70a75174ce8bcad3acfb3\"},\"headline\":\"Avec un roi gravement malade, le pays n\u2019est pas gouvern\u00e9\u00a0: Le Maroc s\u2019enfonce dans la crise!\",\"datePublished\":\"2022-12-24T21:17:00+00:00\",\"mainEntityOfPage\":{\"@id\":\"https:\\\/\\\/lasentinelle.dz\\\/index.php\\\/2022\\\/12\\\/24\\\/avec-un-roi-gravement-malade-le-pays-nest-pas-gouverne-le-maroc-senfonce-dans-la-crise\\\/\"},\"wordCount\":993,\"commentCount\":0,\"publisher\":{\"@id\":\"https:\\\/\\\/lasentinelle.dz\\\/#organization\"},\"image\":{\"@id\":\"https:\\\/\\\/lasentinelle.dz\\\/index.php\\\/2022\\\/12\\\/24\\\/avec-un-roi-gravement-malade-le-pays-nest-pas-gouverne-le-maroc-senfonce-dans-la-crise\\\/#primaryimage\"},\"thumbnailUrl\":\"https:\\\/\\\/lasentinelle.dz\\\/wp-content\\\/uploads\\\/2022\\\/12\\\/roi.png\",\"articleSection\":[\"\u00c0 la Une\",\"Actualit\u00e9\"],\"inLanguage\":\"fr-FR\",\"potentialAction\":[{\"@type\":\"CommentAction\",\"name\":\"Comment\",\"target\":[\"https:\\\/\\\/lasentinelle.dz\\\/index.php\\\/2022\\\/12\\\/24\\\/avec-un-roi-gravement-malade-le-pays-nest-pas-gouverne-le-maroc-senfonce-dans-la-crise\\\/#respond\"]}]},{\"@type\":\"WebPage\",\"@id\":\"https:\\\/\\\/lasentinelle.dz\\\/index.php\\\/2022\\\/12\\\/24\\\/avec-un-roi-gravement-malade-le-pays-nest-pas-gouverne-le-maroc-senfonce-dans-la-crise\\\/\",\"url\":\"https:\\\/\\\/lasentinelle.dz\\\/index.php\\\/2022\\\/12\\\/24\\\/avec-un-roi-gravement-malade-le-pays-nest-pas-gouverne-le-maroc-senfonce-dans-la-crise\\\/\",\"name\":\"Avec un roi gravement malade, le pays n\u2019est pas gouvern\u00e9\u00a0: Le Maroc s\u2019enfonce dans la crise! - La Sentinelle\",\"isPartOf\":{\"@id\":\"https:\\\/\\\/lasentinelle.dz\\\/#website\"},\"primaryImageOfPage\":{\"@id\":\"https:\\\/\\\/lasentinelle.dz\\\/index.php\\\/2022\\\/12\\\/24\\\/avec-un-roi-gravement-malade-le-pays-nest-pas-gouverne-le-maroc-senfonce-dans-la-crise\\\/#primaryimage\"},\"image\":{\"@id\":\"https:\\\/\\\/lasentinelle.dz\\\/index.php\\\/2022\\\/12\\\/24\\\/avec-un-roi-gravement-malade-le-pays-nest-pas-gouverne-le-maroc-senfonce-dans-la-crise\\\/#primaryimage\"},\"thumbnailUrl\":\"https:\\\/\\\/lasentinelle.dz\\\/wp-content\\\/uploads\\\/2022\\\/12\\\/roi.png\",\"datePublished\":\"2022-12-24T21:17:00+00:00\",\"breadcrumb\":{\"@id\":\"https:\\\/\\\/lasentinelle.dz\\\/index.php\\\/2022\\\/12\\\/24\\\/avec-un-roi-gravement-malade-le-pays-nest-pas-gouverne-le-maroc-senfonce-dans-la-crise\\\/#breadcrumb\"},\"inLanguage\":\"fr-FR\",\"potentialAction\":[{\"@type\":\"ReadAction\",\"target\":[\"https:\\\/\\\/lasentinelle.dz\\\/index.php\\\/2022\\\/12\\\/24\\\/avec-un-roi-gravement-malade-le-pays-nest-pas-gouverne-le-maroc-senfonce-dans-la-crise\\\/\"]}]},{\"@type\":\"ImageObject\",\"inLanguage\":\"fr-FR\",\"@id\":\"https:\\\/\\\/lasentinelle.dz\\\/index.php\\\/2022\\\/12\\\/24\\\/avec-un-roi-gravement-malade-le-pays-nest-pas-gouverne-le-maroc-senfonce-dans-la-crise\\\/#primaryimage\",\"url\":\"https:\\\/\\\/lasentinelle.dz\\\/wp-content\\\/uploads\\\/2022\\\/12\\\/roi.png\",\"contentUrl\":\"https:\\\/\\\/lasentinelle.dz\\\/wp-content\\\/uploads\\\/2022\\\/12\\\/roi.png\",\"width\":1928,\"height\":900},{\"@type\":\"BreadcrumbList\",\"@id\":\"https:\\\/\\\/lasentinelle.dz\\\/index.php\\\/2022\\\/12\\\/24\\\/avec-un-roi-gravement-malade-le-pays-nest-pas-gouverne-le-maroc-senfonce-dans-la-crise\\\/#breadcrumb\",\"itemListElement\":[{\"@type\":\"ListItem\",\"position\":1,\"name\":\"Accueil\",\"item\":\"https:\\\/\\\/lasentinelle.dz\\\/\"},{\"@type\":\"ListItem\",\"position\":2,\"name\":\"Avec un roi gravement malade, le pays n\u2019est pas gouvern\u00e9\u00a0: Le Maroc s\u2019enfonce dans la crise!\"}]},{\"@type\":\"WebSite\",\"@id\":\"https:\\\/\\\/lasentinelle.dz\\\/#website\",\"url\":\"https:\\\/\\\/lasentinelle.dz\\\/\",\"name\":\"La Sentinelle\",\"description\":\"Quotidien national d&#039;information\",\"publisher\":{\"@id\":\"https:\\\/\\\/lasentinelle.dz\\\/#organization\"},\"potentialAction\":[{\"@type\":\"SearchAction\",\"target\":{\"@type\":\"EntryPoint\",\"urlTemplate\":\"https:\\\/\\\/lasentinelle.dz\\\/?s={search_term_string}\"},\"query-input\":{\"@type\":\"PropertyValueSpecification\",\"valueRequired\":true,\"valueName\":\"search_term_string\"}}],\"inLanguage\":\"fr-FR\"},{\"@type\":\"Organization\",\"@id\":\"https:\\\/\\\/lasentinelle.dz\\\/#organization\",\"name\":\"Quotidien La Sentinelle\",\"url\":\"https:\\\/\\\/lasentinelle.dz\\\/\",\"logo\":{\"@type\":\"ImageObject\",\"inLanguage\":\"fr-FR\",\"@id\":\"https:\\\/\\\/lasentinelle.dz\\\/#\\\/schema\\\/logo\\\/image\\\/\",\"url\":\"https:\\\/\\\/lasentinelle.dz\\\/wp-content\\\/uploads\\\/2021\\\/09\\\/logo-sentinelleSLOGAN-1.png\",\"contentUrl\":\"https:\\\/\\\/lasentinelle.dz\\\/wp-content\\\/uploads\\\/2021\\\/09\\\/logo-sentinelleSLOGAN-1.png\",\"width\":615,\"height\":142,\"caption\":\"Quotidien La Sentinelle\"},\"image\":{\"@id\":\"https:\\\/\\\/lasentinelle.dz\\\/#\\\/schema\\\/logo\\\/image\\\/\"},\"sameAs\":[\"https:\\\/\\\/www.facebook.com\\\/La-Sentinelle-104059864394773\"]},{\"@type\":\"Person\",\"@id\":\"https:\\\/\\\/lasentinelle.dz\\\/#\\\/schema\\\/person\\\/d865044e22e70a75174ce8bcad3acfb3\",\"name\":\"La Sentinelle\",\"image\":{\"@type\":\"ImageObject\",\"inLanguage\":\"fr-FR\",\"@id\":\"https:\\\/\\\/secure.gravatar.com\\\/avatar\\\/57de8e5d4b15d43fb361a71fbb36338450fe67865b528a43dd10ef7c51a20392?s=96&d=mm&r=g\",\"url\":\"https:\\\/\\\/secure.gravatar.com\\\/avatar\\\/57de8e5d4b15d43fb361a71fbb36338450fe67865b528a43dd10ef7c51a20392?s=96&d=mm&r=g\",\"contentUrl\":\"https:\\\/\\\/secure.gravatar.com\\\/avatar\\\/57de8e5d4b15d43fb361a71fbb36338450fe67865b528a43dd10ef7c51a20392?s=96&d=mm&r=g\",\"caption\":\"La Sentinelle\"},\"sameAs\":[\"http:\\\/\\\/www.lasentinelle.dz\"],\"url\":\"https:\\\/\\\/lasentinelle.dz\\\/author\\\/redaction\\\/\"}]}<\/script>\n<!-- \/ Yoast SEO plugin. -->","yoast_head_json":{"title":"Avec un roi gravement malade, le pays n\u2019est pas gouvern\u00e9\u00a0: Le Maroc s\u2019enfonce dans la crise! - La Sentinelle","robots":{"index":"index","follow":"follow","max-snippet":"max-snippet:-1","max-image-preview":"max-image-preview:large","max-video-preview":"max-video-preview:-1"},"canonical":"https:\/\/lasentinelle.dz\/index.php\/2022\/12\/24\/avec-un-roi-gravement-malade-le-pays-nest-pas-gouverne-le-maroc-senfonce-dans-la-crise\/","og_locale":"fr_FR","og_type":"article","og_title":"Avec un roi gravement malade, le pays n\u2019est pas gouvern\u00e9\u00a0: Le Maroc s\u2019enfonce dans la crise! - La Sentinelle","og_description":"La derni\u00e8re apparition de Mohamed VI a relanc\u00e9 la pol\u00e9mique sur sa capacit\u00e9 \u00e0 gouverner le Maroc. Elle confirme les","og_url":"https:\/\/lasentinelle.dz\/index.php\/2022\/12\/24\/avec-un-roi-gravement-malade-le-pays-nest-pas-gouverne-le-maroc-senfonce-dans-la-crise\/","og_site_name":"La Sentinelle","article_publisher":"https:\/\/www.facebook.com\/La-Sentinelle-104059864394773","article_published_time":"2022-12-24T21:17:00+00:00","og_image":[{"width":1928,"height":900,"url":"https:\/\/lasentinelle.dz\/wp-content\/uploads\/2022\/12\/roi.png","type":"image\/png"}],"author":"La Sentinelle","twitter_card":"summary_large_image","twitter_misc":{"\u00c9crit par":"La Sentinelle","Dur\u00e9e de lecture estim\u00e9e":"5 minutes"},"schema":{"@context":"https:\/\/schema.org","@graph":[{"@type":"Article","@id":"https:\/\/lasentinelle.dz\/index.php\/2022\/12\/24\/avec-un-roi-gravement-malade-le-pays-nest-pas-gouverne-le-maroc-senfonce-dans-la-crise\/#article","isPartOf":{"@id":"https:\/\/lasentinelle.dz\/index.php\/2022\/12\/24\/avec-un-roi-gravement-malade-le-pays-nest-pas-gouverne-le-maroc-senfonce-dans-la-crise\/"},"author":{"name":"La Sentinelle","@id":"https:\/\/lasentinelle.dz\/#\/schema\/person\/d865044e22e70a75174ce8bcad3acfb3"},"headline":"Avec un roi gravement malade, le pays n\u2019est pas gouvern\u00e9\u00a0: Le Maroc s\u2019enfonce dans la crise!","datePublished":"2022-12-24T21:17:00+00:00","mainEntityOfPage":{"@id":"https:\/\/lasentinelle.dz\/index.php\/2022\/12\/24\/avec-un-roi-gravement-malade-le-pays-nest-pas-gouverne-le-maroc-senfonce-dans-la-crise\/"},"wordCount":993,"commentCount":0,"publisher":{"@id":"https:\/\/lasentinelle.dz\/#organization"},"image":{"@id":"https:\/\/lasentinelle.dz\/index.php\/2022\/12\/24\/avec-un-roi-gravement-malade-le-pays-nest-pas-gouverne-le-maroc-senfonce-dans-la-crise\/#primaryimage"},"thumbnailUrl":"https:\/\/lasentinelle.dz\/wp-content\/uploads\/2022\/12\/roi.png","articleSection":["\u00c0 la Une","Actualit\u00e9"],"inLanguage":"fr-FR","potentialAction":[{"@type":"CommentAction","name":"Comment","target":["https:\/\/lasentinelle.dz\/index.php\/2022\/12\/24\/avec-un-roi-gravement-malade-le-pays-nest-pas-gouverne-le-maroc-senfonce-dans-la-crise\/#respond"]}]},{"@type":"WebPage","@id":"https:\/\/lasentinelle.dz\/index.php\/2022\/12\/24\/avec-un-roi-gravement-malade-le-pays-nest-pas-gouverne-le-maroc-senfonce-dans-la-crise\/","url":"https:\/\/lasentinelle.dz\/index.php\/2022\/12\/24\/avec-un-roi-gravement-malade-le-pays-nest-pas-gouverne-le-maroc-senfonce-dans-la-crise\/","name":"Avec un roi gravement malade, le pays n\u2019est pas gouvern\u00e9\u00a0: Le Maroc s\u2019enfonce dans la crise! - La Sentinelle","isPartOf":{"@id":"https:\/\/lasentinelle.dz\/#website"},"primaryImageOfPage":{"@id":"https:\/\/lasentinelle.dz\/index.php\/2022\/12\/24\/avec-un-roi-gravement-malade-le-pays-nest-pas-gouverne-le-maroc-senfonce-dans-la-crise\/#primaryimage"},"image":{"@id":"https:\/\/lasentinelle.dz\/index.php\/2022\/12\/24\/avec-un-roi-gravement-malade-le-pays-nest-pas-gouverne-le-maroc-senfonce-dans-la-crise\/#primaryimage"},"thumbnailUrl":"https:\/\/lasentinelle.dz\/wp-content\/uploads\/2022\/12\/roi.png","datePublished":"2022-12-24T21:17:00+00:00","breadcrumb":{"@id":"https:\/\/lasentinelle.dz\/index.php\/2022\/12\/24\/avec-un-roi-gravement-malade-le-pays-nest-pas-gouverne-le-maroc-senfonce-dans-la-crise\/#breadcrumb"},"inLanguage":"fr-FR","potentialAction":[{"@type":"ReadAction","target":["https:\/\/lasentinelle.dz\/index.php\/2022\/12\/24\/avec-un-roi-gravement-malade-le-pays-nest-pas-gouverne-le-maroc-senfonce-dans-la-crise\/"]}]},{"@type":"ImageObject","inLanguage":"fr-FR","@id":"https:\/\/lasentinelle.dz\/index.php\/2022\/12\/24\/avec-un-roi-gravement-malade-le-pays-nest-pas-gouverne-le-maroc-senfonce-dans-la-crise\/#primaryimage","url":"https:\/\/lasentinelle.dz\/wp-content\/uploads\/2022\/12\/roi.png","contentUrl":"https:\/\/lasentinelle.dz\/wp-content\/uploads\/2022\/12\/roi.png","width":1928,"height":900},{"@type":"BreadcrumbList","@id":"https:\/\/lasentinelle.dz\/index.php\/2022\/12\/24\/avec-un-roi-gravement-malade-le-pays-nest-pas-gouverne-le-maroc-senfonce-dans-la-crise\/#breadcrumb","itemListElement":[{"@type":"ListItem","position":1,"name":"Accueil","item":"https:\/\/lasentinelle.dz\/"},{"@type":"ListItem","position":2,"name":"Avec un roi gravement malade, le pays n\u2019est pas gouvern\u00e9\u00a0: Le Maroc s\u2019enfonce dans la crise!"}]},{"@type":"WebSite","@id":"https:\/\/lasentinelle.dz\/#website","url":"https:\/\/lasentinelle.dz\/","name":"La Sentinelle","description":"Quotidien national d&#039;information","publisher":{"@id":"https:\/\/lasentinelle.dz\/#organization"},"potentialAction":[{"@type":"SearchAction","target":{"@type":"EntryPoint","urlTemplate":"https:\/\/lasentinelle.dz\/?s={search_term_string}"},"query-input":{"@type":"PropertyValueSpecification","valueRequired":true,"valueName":"search_term_string"}}],"inLanguage":"fr-FR"},{"@type":"Organization","@id":"https:\/\/lasentinelle.dz\/#organization","name":"Quotidien La Sentinelle","url":"https:\/\/lasentinelle.dz\/","logo":{"@type":"ImageObject","inLanguage":"fr-FR","@id":"https:\/\/lasentinelle.dz\/#\/schema\/logo\/image\/","url":"https:\/\/lasentinelle.dz\/wp-content\/uploads\/2021\/09\/logo-sentinelleSLOGAN-1.png","contentUrl":"https:\/\/lasentinelle.dz\/wp-content\/uploads\/2021\/09\/logo-sentinelleSLOGAN-1.png","width":615,"height":142,"caption":"Quotidien La Sentinelle"},"image":{"@id":"https:\/\/lasentinelle.dz\/#\/schema\/logo\/image\/"},"sameAs":["https:\/\/www.facebook.com\/La-Sentinelle-104059864394773"]},{"@type":"Person","@id":"https:\/\/lasentinelle.dz\/#\/schema\/person\/d865044e22e70a75174ce8bcad3acfb3","name":"La Sentinelle","image":{"@type":"ImageObject","inLanguage":"fr-FR","@id":"https:\/\/secure.gravatar.com\/avatar\/57de8e5d4b15d43fb361a71fbb36338450fe67865b528a43dd10ef7c51a20392?s=96&d=mm&r=g","url":"https:\/\/secure.gravatar.com\/avatar\/57de8e5d4b15d43fb361a71fbb36338450fe67865b528a43dd10ef7c51a20392?s=96&d=mm&r=g","contentUrl":"https:\/\/secure.gravatar.com\/avatar\/57de8e5d4b15d43fb361a71fbb36338450fe67865b528a43dd10ef7c51a20392?s=96&d=mm&r=g","caption":"La Sentinelle"},"sameAs":["http:\/\/www.lasentinelle.dz"],"url":"https:\/\/lasentinelle.dz\/author\/redaction\/"}]}},"_links":{"self":[{"href":"https:\/\/lasentinelle.dz\/index.php\/wp-json\/wp\/v2\/posts\/33156","targetHints":{"allow":["GET"]}}],"collection":[{"href":"https:\/\/lasentinelle.dz\/index.php\/wp-json\/wp\/v2\/posts"}],"about":[{"href":"https:\/\/lasentinelle.dz\/index.php\/wp-json\/wp\/v2\/types\/post"}],"author":[{"embeddable":true,"href":"https:\/\/lasentinelle.dz\/index.php\/wp-json\/wp\/v2\/users\/3"}],"replies":[{"embeddable":true,"href":"https:\/\/lasentinelle.dz\/index.php\/wp-json\/wp\/v2\/comments?post=33156"}],"version-history":[{"count":2,"href":"https:\/\/lasentinelle.dz\/index.php\/wp-json\/wp\/v2\/posts\/33156\/revisions"}],"predecessor-version":[{"id":33171,"href":"https:\/\/lasentinelle.dz\/index.php\/wp-json\/wp\/v2\/posts\/33156\/revisions\/33171"}],"wp:featuredmedia":[{"embeddable":true,"href":"https:\/\/lasentinelle.dz\/index.php\/wp-json\/wp\/v2\/media\/33161"}],"wp:attachment":[{"href":"https:\/\/lasentinelle.dz\/index.php\/wp-json\/wp\/v2\/media?parent=33156"}],"wp:term":[{"taxonomy":"category","embeddable":true,"href":"https:\/\/lasentinelle.dz\/index.php\/wp-json\/wp\/v2\/categories?post=33156"},{"taxonomy":"post_tag","embeddable":true,"href":"https:\/\/lasentinelle.dz\/index.php\/wp-json\/wp\/v2\/tags?post=33156"}],"curies":[{"name":"wp","href":"https:\/\/api.w.org\/{rel}","templated":true}]}}