{"id":33181,"date":"2022-12-25T22:00:00","date_gmt":"2022-12-25T21:00:00","guid":{"rendered":"https:\/\/lasentinelle.dz\/?p=33181"},"modified":"2022-12-25T16:50:08","modified_gmt":"2022-12-25T15:50:08","slug":"salvador-vaste-operation-militaire-contre-les-gangs-dans-la-capitale","status":"publish","type":"post","link":"https:\/\/lasentinelle.dz\/index.php\/2022\/12\/25\/salvador-vaste-operation-militaire-contre-les-gangs-dans-la-capitale\/","title":{"rendered":"Salvador\u00a0: Vaste op\u00e9ration militaire contre les gangs dans la capitale"},"content":{"rendered":"\n<p>Plus de 2.000 soldats ont boucl\u00e9 deux quartiers de San Salvador dans le cadre de la guerre contre les gangs men\u00e9e par le pr\u00e9sident salvadorien Nayib Bukele, deuxi\u00e8me op\u00e9ration de ce type en un mois dans ce pays d&rsquo;Am\u00e9rique centrale gangr\u00e9n\u00e9 par la violence. Depuis samedi matin, le quartier de Tutunichapa \u00ab\u00a0est totalement boucl\u00e9\u00a0\u00bb, a \u00e9crit le pr\u00e9sident du Salvador sur Twitter. \u00ab\u00a0Plus de 1.000 soldats et 130 policiers vont extraire les criminels\u00a0\u00bb de cette zone \u00ab\u00a0c\u00e9l\u00e8bre pour le trafic dedrogue\u00a0\u00bb, a-t-il ajout\u00e9. En soir\u00e9e, 1.000 autres militaires et 100 policiers ont \u00e9t\u00e9 envoy\u00e9s pour boucler un autre quartier de la capitale, La Granjita. \u00ab\u00a0Apr\u00e8s avoir encercl\u00e9 Tutunichapa, un c\u00e9l\u00e8bre centre de distribution de drogue, nous savions que de nombreux trafiquants de drogue iraient se r\u00e9fugierdans le quartier de La Granjita, un autre c\u00e9l\u00e8bre centre de distribution\u00a0\u00bb, aexpliqu\u00e9 le chef d&rsquo;Etat sur le m\u00eame r\u00e9seau social. A Tutunichapa, 23 personnes ont \u00e9t\u00e9 arr\u00eat\u00e9es, selon le ministre de laD\u00e9fense Ren\u00e9 Merino. \u00ab\u00a0Tous les terroristes, trafiquants de drogue et membres de gangs serontexpuls\u00e9s de ce quartier, qui \u00e9tait jusqu&rsquo;\u00e0 il y a quelques mois un bastion du crime. Les citoyens honn\u00eates n&rsquo;ont rien \u00e0 craindre et peuvent continuer \u00e0 mener leur vie normalement\u00a0\u00bb, a pr\u00e9cis\u00e9 Nayib Bukele dans un autre tweet. Le 3 d\u00e9cembre, l&rsquo;arm\u00e9e avait d\u00e9j\u00e0 mobilis\u00e9 pr\u00e8s de 10.000 militaires dans la ville de Soyapango, limitrophe de San Salvador, o\u00f9 environ 500 membres pr\u00e9sum\u00e9s de gangs ont \u00e9t\u00e9 arr\u00eat\u00e9s, selon le dernier bilan gouvernemental. Le ministre de la D\u00e9fense a pr\u00e9cis\u00e9 que 690 membres pr\u00e9sum\u00e9s de gangs avaient \u00e9t\u00e9 arr\u00eat\u00e9s \u00e0 la date de samedi dans cette ville de Soyapango. Le 27 mars, suite \u00e0 une demande du pr\u00e9sident du Salvador, le Congr\u00e8s avait d\u00e9cr\u00e9t\u00e9 un r\u00e9gime d&rsquo;urgence pour lutter contre une recrudescence des violences provoqu\u00e9es par des gangs. Jeudi, le Congr\u00e8s a prolong\u00e9 pour la neuvi\u00e8me fois ce r\u00e9gime d&rsquo;exception, critiqu\u00e9 par les organisations de droits humains. Cette guerre contre les gangs a conduit \u00e0 l&rsquo;arrestation de plus de 60.000 personnes depuis mars pour des liens pr\u00e9sum\u00e9s avec des organisationscriminelles, selon des chiffres officiels.<\/p>\n\n\n\n<p>Agences<\/p>\n","protected":false},"excerpt":{"rendered":"<p>Plus de 2.000 soldats ont boucl\u00e9 deux quartiers de San Salvador dans le cadre de la guerre contre les gangs<\/p>\n","protected":false},"author":3,"featured_media":33190,"comment_status":"open","ping_status":"closed","sticky":false,"template":"","format":"standard","meta":{"colormag_page_container_layout":"default_layout","colormag_page_sidebar_layout":"default_layout","om_disable_all_campaigns":false,"_monsterinsights_skip_tracking":false,"_monsterinsights_sitenote_active":false,"_monsterinsights_sitenote_note":"","_monsterinsights_sitenote_category":0,"footnotes":"","_wpscppro_dont_share_socialmedia":false,"_wpscppro_custom_social_share_image":0,"_facebook_share_type":"","_twitter_share_type":"","_linkedin_share_type":"","_pinterest_share_type":"","_linkedin_share_type_page":"","_instagram_share_type":"","_medium_share_type":"","_threads_share_type":"","_google_business_share_type":"","_selected_social_profile":[],"_wpsp_enable_custom_social_template":false,"_wpsp_social_scheduling":{"enabled":false,"datetime":null,"platforms":[],"status":"template_only","dateOption":"today","timeOption":"now","customDays":"","customHours":"","customDate":"","customTime":"","schedulingType":"absolute"},"_wpsp_active_default_template":true},"categories":[37],"tags":[],"class_list":["post-33181","post","type-post","status-publish","format-standard","has-post-thumbnail","hentry","category-monde"],"aioseo_notices":[],"yoast_head":"<!-- This site is optimized with the Yoast SEO plugin v27.5 - https:\/\/yoast.com\/product\/yoast-seo-wordpress\/ -->\n<title>Salvador\u00a0: Vaste op\u00e9ration militaire contre les gangs dans la capitale - La Sentinelle<\/title>\n<meta name=\"robots\" content=\"index, follow, max-snippet:-1, max-image-preview:large, max-video-preview:-1\" \/>\n<link rel=\"canonical\" href=\"https:\/\/lasentinelle.dz\/index.php\/2022\/12\/25\/salvador-vaste-operation-militaire-contre-les-gangs-dans-la-capitale\/\" \/>\n<meta property=\"og:locale\" content=\"fr_FR\" \/>\n<meta property=\"og:type\" content=\"article\" \/>\n<meta property=\"og:title\" content=\"Salvador\u00a0: Vaste op\u00e9ration militaire contre les gangs dans la capitale - La Sentinelle\" \/>\n<meta property=\"og:description\" content=\"Plus de 2.000 soldats ont boucl\u00e9 deux quartiers de San Salvador dans le cadre de la guerre contre les gangs\" \/>\n<meta property=\"og:url\" content=\"https:\/\/lasentinelle.dz\/index.php\/2022\/12\/25\/salvador-vaste-operation-militaire-contre-les-gangs-dans-la-capitale\/\" \/>\n<meta property=\"og:site_name\" content=\"La Sentinelle\" \/>\n<meta property=\"article:publisher\" content=\"https:\/\/www.facebook.com\/La-Sentinelle-104059864394773\" \/>\n<meta property=\"article:published_time\" content=\"2022-12-25T21:00:00+00:00\" \/>\n<meta property=\"og:image\" content=\"https:\/\/lasentinelle.dz\/wp-content\/uploads\/2022\/12\/image_2022-12-25_164843393-1024x576.png\" \/>\n\t<meta property=\"og:image:width\" content=\"1024\" \/>\n\t<meta property=\"og:image:height\" content=\"576\" \/>\n\t<meta property=\"og:image:type\" content=\"image\/png\" \/>\n<meta name=\"author\" content=\"La Sentinelle\" \/>\n<meta name=\"twitter:card\" content=\"summary_large_image\" \/>\n<meta name=\"twitter:label1\" content=\"\u00c9crit par\" \/>\n\t<meta name=\"twitter:data1\" content=\"La Sentinelle\" \/>\n\t<meta name=\"twitter:label2\" content=\"Dur\u00e9e de lecture estim\u00e9e\" \/>\n\t<meta name=\"twitter:data2\" content=\"2 minutes\" \/>\n<script type=\"application\/ld+json\" class=\"yoast-schema-graph\">{\"@context\":\"https:\\\/\\\/schema.org\",\"@graph\":[{\"@type\":\"Article\",\"@id\":\"https:\\\/\\\/lasentinelle.dz\\\/index.php\\\/2022\\\/12\\\/25\\\/salvador-vaste-operation-militaire-contre-les-gangs-dans-la-capitale\\\/#article\",\"isPartOf\":{\"@id\":\"https:\\\/\\\/lasentinelle.dz\\\/index.php\\\/2022\\\/12\\\/25\\\/salvador-vaste-operation-militaire-contre-les-gangs-dans-la-capitale\\\/\"},\"author\":{\"name\":\"La Sentinelle\",\"@id\":\"https:\\\/\\\/lasentinelle.dz\\\/#\\\/schema\\\/person\\\/d865044e22e70a75174ce8bcad3acfb3\"},\"headline\":\"Salvador\u00a0: Vaste op\u00e9ration militaire contre les gangs dans la capitale\",\"datePublished\":\"2022-12-25T21:00:00+00:00\",\"mainEntityOfPage\":{\"@id\":\"https:\\\/\\\/lasentinelle.dz\\\/index.php\\\/2022\\\/12\\\/25\\\/salvador-vaste-operation-militaire-contre-les-gangs-dans-la-capitale\\\/\"},\"wordCount\":397,\"commentCount\":0,\"publisher\":{\"@id\":\"https:\\\/\\\/lasentinelle.dz\\\/#organization\"},\"image\":{\"@id\":\"https:\\\/\\\/lasentinelle.dz\\\/index.php\\\/2022\\\/12\\\/25\\\/salvador-vaste-operation-militaire-contre-les-gangs-dans-la-capitale\\\/#primaryimage\"},\"thumbnailUrl\":\"https:\\\/\\\/lasentinelle.dz\\\/wp-content\\\/uploads\\\/2022\\\/12\\\/image_2022-12-25_164843393.png\",\"articleSection\":[\"Monde\"],\"inLanguage\":\"fr-FR\",\"potentialAction\":[{\"@type\":\"CommentAction\",\"name\":\"Comment\",\"target\":[\"https:\\\/\\\/lasentinelle.dz\\\/index.php\\\/2022\\\/12\\\/25\\\/salvador-vaste-operation-militaire-contre-les-gangs-dans-la-capitale\\\/#respond\"]}]},{\"@type\":\"WebPage\",\"@id\":\"https:\\\/\\\/lasentinelle.dz\\\/index.php\\\/2022\\\/12\\\/25\\\/salvador-vaste-operation-militaire-contre-les-gangs-dans-la-capitale\\\/\",\"url\":\"https:\\\/\\\/lasentinelle.dz\\\/index.php\\\/2022\\\/12\\\/25\\\/salvador-vaste-operation-militaire-contre-les-gangs-dans-la-capitale\\\/\",\"name\":\"Salvador\u00a0: Vaste op\u00e9ration militaire contre les gangs dans la capitale - La Sentinelle\",\"isPartOf\":{\"@id\":\"https:\\\/\\\/lasentinelle.dz\\\/#website\"},\"primaryImageOfPage\":{\"@id\":\"https:\\\/\\\/lasentinelle.dz\\\/index.php\\\/2022\\\/12\\\/25\\\/salvador-vaste-operation-militaire-contre-les-gangs-dans-la-capitale\\\/#primaryimage\"},\"image\":{\"@id\":\"https:\\\/\\\/lasentinelle.dz\\\/index.php\\\/2022\\\/12\\\/25\\\/salvador-vaste-operation-militaire-contre-les-gangs-dans-la-capitale\\\/#primaryimage\"},\"thumbnailUrl\":\"https:\\\/\\\/lasentinelle.dz\\\/wp-content\\\/uploads\\\/2022\\\/12\\\/image_2022-12-25_164843393.png\",\"datePublished\":\"2022-12-25T21:00:00+00:00\",\"breadcrumb\":{\"@id\":\"https:\\\/\\\/lasentinelle.dz\\\/index.php\\\/2022\\\/12\\\/25\\\/salvador-vaste-operation-militaire-contre-les-gangs-dans-la-capitale\\\/#breadcrumb\"},\"inLanguage\":\"fr-FR\",\"potentialAction\":[{\"@type\":\"ReadAction\",\"target\":[\"https:\\\/\\\/lasentinelle.dz\\\/index.php\\\/2022\\\/12\\\/25\\\/salvador-vaste-operation-militaire-contre-les-gangs-dans-la-capitale\\\/\"]}]},{\"@type\":\"ImageObject\",\"inLanguage\":\"fr-FR\",\"@id\":\"https:\\\/\\\/lasentinelle.dz\\\/index.php\\\/2022\\\/12\\\/25\\\/salvador-vaste-operation-militaire-contre-les-gangs-dans-la-capitale\\\/#primaryimage\",\"url\":\"https:\\\/\\\/lasentinelle.dz\\\/wp-content\\\/uploads\\\/2022\\\/12\\\/image_2022-12-25_164843393.png\",\"contentUrl\":\"https:\\\/\\\/lasentinelle.dz\\\/wp-content\\\/uploads\\\/2022\\\/12\\\/image_2022-12-25_164843393.png\",\"width\":1920,\"height\":1080},{\"@type\":\"BreadcrumbList\",\"@id\":\"https:\\\/\\\/lasentinelle.dz\\\/index.php\\\/2022\\\/12\\\/25\\\/salvador-vaste-operation-militaire-contre-les-gangs-dans-la-capitale\\\/#breadcrumb\",\"itemListElement\":[{\"@type\":\"ListItem\",\"position\":1,\"name\":\"Accueil\",\"item\":\"https:\\\/\\\/lasentinelle.dz\\\/\"},{\"@type\":\"ListItem\",\"position\":2,\"name\":\"Salvador\u00a0: Vaste op\u00e9ration militaire contre les gangs dans la capitale\"}]},{\"@type\":\"WebSite\",\"@id\":\"https:\\\/\\\/lasentinelle.dz\\\/#website\",\"url\":\"https:\\\/\\\/lasentinelle.dz\\\/\",\"name\":\"La Sentinelle\",\"description\":\"Quotidien national d&#039;information\",\"publisher\":{\"@id\":\"https:\\\/\\\/lasentinelle.dz\\\/#organization\"},\"potentialAction\":[{\"@type\":\"SearchAction\",\"target\":{\"@type\":\"EntryPoint\",\"urlTemplate\":\"https:\\\/\\\/lasentinelle.dz\\\/?s={search_term_string}\"},\"query-input\":{\"@type\":\"PropertyValueSpecification\",\"valueRequired\":true,\"valueName\":\"search_term_string\"}}],\"inLanguage\":\"fr-FR\"},{\"@type\":\"Organization\",\"@id\":\"https:\\\/\\\/lasentinelle.dz\\\/#organization\",\"name\":\"Quotidien La Sentinelle\",\"url\":\"https:\\\/\\\/lasentinelle.dz\\\/\",\"logo\":{\"@type\":\"ImageObject\",\"inLanguage\":\"fr-FR\",\"@id\":\"https:\\\/\\\/lasentinelle.dz\\\/#\\\/schema\\\/logo\\\/image\\\/\",\"url\":\"https:\\\/\\\/lasentinelle.dz\\\/wp-content\\\/uploads\\\/2021\\\/09\\\/logo-sentinelleSLOGAN-1.png\",\"contentUrl\":\"https:\\\/\\\/lasentinelle.dz\\\/wp-content\\\/uploads\\\/2021\\\/09\\\/logo-sentinelleSLOGAN-1.png\",\"width\":615,\"height\":142,\"caption\":\"Quotidien La Sentinelle\"},\"image\":{\"@id\":\"https:\\\/\\\/lasentinelle.dz\\\/#\\\/schema\\\/logo\\\/image\\\/\"},\"sameAs\":[\"https:\\\/\\\/www.facebook.com\\\/La-Sentinelle-104059864394773\"]},{\"@type\":\"Person\",\"@id\":\"https:\\\/\\\/lasentinelle.dz\\\/#\\\/schema\\\/person\\\/d865044e22e70a75174ce8bcad3acfb3\",\"name\":\"La Sentinelle\",\"image\":{\"@type\":\"ImageObject\",\"inLanguage\":\"fr-FR\",\"@id\":\"https:\\\/\\\/secure.gravatar.com\\\/avatar\\\/57de8e5d4b15d43fb361a71fbb36338450fe67865b528a43dd10ef7c51a20392?s=96&d=mm&r=g\",\"url\":\"https:\\\/\\\/secure.gravatar.com\\\/avatar\\\/57de8e5d4b15d43fb361a71fbb36338450fe67865b528a43dd10ef7c51a20392?s=96&d=mm&r=g\",\"contentUrl\":\"https:\\\/\\\/secure.gravatar.com\\\/avatar\\\/57de8e5d4b15d43fb361a71fbb36338450fe67865b528a43dd10ef7c51a20392?s=96&d=mm&r=g\",\"caption\":\"La Sentinelle\"},\"sameAs\":[\"http:\\\/\\\/www.lasentinelle.dz\"],\"url\":\"https:\\\/\\\/lasentinelle.dz\\\/author\\\/redaction\\\/\"}]}<\/script>\n<!-- \/ Yoast SEO plugin. -->","yoast_head_json":{"title":"Salvador\u00a0: Vaste op\u00e9ration militaire contre les gangs dans la capitale - La Sentinelle","robots":{"index":"index","follow":"follow","max-snippet":"max-snippet:-1","max-image-preview":"max-image-preview:large","max-video-preview":"max-video-preview:-1"},"canonical":"https:\/\/lasentinelle.dz\/index.php\/2022\/12\/25\/salvador-vaste-operation-militaire-contre-les-gangs-dans-la-capitale\/","og_locale":"fr_FR","og_type":"article","og_title":"Salvador\u00a0: Vaste op\u00e9ration militaire contre les gangs dans la capitale - La Sentinelle","og_description":"Plus de 2.000 soldats ont boucl\u00e9 deux quartiers de San Salvador dans le cadre de la guerre contre les gangs","og_url":"https:\/\/lasentinelle.dz\/index.php\/2022\/12\/25\/salvador-vaste-operation-militaire-contre-les-gangs-dans-la-capitale\/","og_site_name":"La Sentinelle","article_publisher":"https:\/\/www.facebook.com\/La-Sentinelle-104059864394773","article_published_time":"2022-12-25T21:00:00+00:00","og_image":[{"width":1024,"height":576,"url":"https:\/\/lasentinelle.dz\/wp-content\/uploads\/2022\/12\/image_2022-12-25_164843393-1024x576.png","type":"image\/png"}],"author":"La Sentinelle","twitter_card":"summary_large_image","twitter_misc":{"\u00c9crit par":"La Sentinelle","Dur\u00e9e de lecture estim\u00e9e":"2 minutes"},"schema":{"@context":"https:\/\/schema.org","@graph":[{"@type":"Article","@id":"https:\/\/lasentinelle.dz\/index.php\/2022\/12\/25\/salvador-vaste-operation-militaire-contre-les-gangs-dans-la-capitale\/#article","isPartOf":{"@id":"https:\/\/lasentinelle.dz\/index.php\/2022\/12\/25\/salvador-vaste-operation-militaire-contre-les-gangs-dans-la-capitale\/"},"author":{"name":"La Sentinelle","@id":"https:\/\/lasentinelle.dz\/#\/schema\/person\/d865044e22e70a75174ce8bcad3acfb3"},"headline":"Salvador\u00a0: Vaste op\u00e9ration militaire contre les gangs dans la capitale","datePublished":"2022-12-25T21:00:00+00:00","mainEntityOfPage":{"@id":"https:\/\/lasentinelle.dz\/index.php\/2022\/12\/25\/salvador-vaste-operation-militaire-contre-les-gangs-dans-la-capitale\/"},"wordCount":397,"commentCount":0,"publisher":{"@id":"https:\/\/lasentinelle.dz\/#organization"},"image":{"@id":"https:\/\/lasentinelle.dz\/index.php\/2022\/12\/25\/salvador-vaste-operation-militaire-contre-les-gangs-dans-la-capitale\/#primaryimage"},"thumbnailUrl":"https:\/\/lasentinelle.dz\/wp-content\/uploads\/2022\/12\/image_2022-12-25_164843393.png","articleSection":["Monde"],"inLanguage":"fr-FR","potentialAction":[{"@type":"CommentAction","name":"Comment","target":["https:\/\/lasentinelle.dz\/index.php\/2022\/12\/25\/salvador-vaste-operation-militaire-contre-les-gangs-dans-la-capitale\/#respond"]}]},{"@type":"WebPage","@id":"https:\/\/lasentinelle.dz\/index.php\/2022\/12\/25\/salvador-vaste-operation-militaire-contre-les-gangs-dans-la-capitale\/","url":"https:\/\/lasentinelle.dz\/index.php\/2022\/12\/25\/salvador-vaste-operation-militaire-contre-les-gangs-dans-la-capitale\/","name":"Salvador\u00a0: Vaste op\u00e9ration militaire contre les gangs dans la capitale - La Sentinelle","isPartOf":{"@id":"https:\/\/lasentinelle.dz\/#website"},"primaryImageOfPage":{"@id":"https:\/\/lasentinelle.dz\/index.php\/2022\/12\/25\/salvador-vaste-operation-militaire-contre-les-gangs-dans-la-capitale\/#primaryimage"},"image":{"@id":"https:\/\/lasentinelle.dz\/index.php\/2022\/12\/25\/salvador-vaste-operation-militaire-contre-les-gangs-dans-la-capitale\/#primaryimage"},"thumbnailUrl":"https:\/\/lasentinelle.dz\/wp-content\/uploads\/2022\/12\/image_2022-12-25_164843393.png","datePublished":"2022-12-25T21:00:00+00:00","breadcrumb":{"@id":"https:\/\/lasentinelle.dz\/index.php\/2022\/12\/25\/salvador-vaste-operation-militaire-contre-les-gangs-dans-la-capitale\/#breadcrumb"},"inLanguage":"fr-FR","potentialAction":[{"@type":"ReadAction","target":["https:\/\/lasentinelle.dz\/index.php\/2022\/12\/25\/salvador-vaste-operation-militaire-contre-les-gangs-dans-la-capitale\/"]}]},{"@type":"ImageObject","inLanguage":"fr-FR","@id":"https:\/\/lasentinelle.dz\/index.php\/2022\/12\/25\/salvador-vaste-operation-militaire-contre-les-gangs-dans-la-capitale\/#primaryimage","url":"https:\/\/lasentinelle.dz\/wp-content\/uploads\/2022\/12\/image_2022-12-25_164843393.png","contentUrl":"https:\/\/lasentinelle.dz\/wp-content\/uploads\/2022\/12\/image_2022-12-25_164843393.png","width":1920,"height":1080},{"@type":"BreadcrumbList","@id":"https:\/\/lasentinelle.dz\/index.php\/2022\/12\/25\/salvador-vaste-operation-militaire-contre-les-gangs-dans-la-capitale\/#breadcrumb","itemListElement":[{"@type":"ListItem","position":1,"name":"Accueil","item":"https:\/\/lasentinelle.dz\/"},{"@type":"ListItem","position":2,"name":"Salvador\u00a0: Vaste op\u00e9ration militaire contre les gangs dans la capitale"}]},{"@type":"WebSite","@id":"https:\/\/lasentinelle.dz\/#website","url":"https:\/\/lasentinelle.dz\/","name":"La Sentinelle","description":"Quotidien national d&#039;information","publisher":{"@id":"https:\/\/lasentinelle.dz\/#organization"},"potentialAction":[{"@type":"SearchAction","target":{"@type":"EntryPoint","urlTemplate":"https:\/\/lasentinelle.dz\/?s={search_term_string}"},"query-input":{"@type":"PropertyValueSpecification","valueRequired":true,"valueName":"search_term_string"}}],"inLanguage":"fr-FR"},{"@type":"Organization","@id":"https:\/\/lasentinelle.dz\/#organization","name":"Quotidien La Sentinelle","url":"https:\/\/lasentinelle.dz\/","logo":{"@type":"ImageObject","inLanguage":"fr-FR","@id":"https:\/\/lasentinelle.dz\/#\/schema\/logo\/image\/","url":"https:\/\/lasentinelle.dz\/wp-content\/uploads\/2021\/09\/logo-sentinelleSLOGAN-1.png","contentUrl":"https:\/\/lasentinelle.dz\/wp-content\/uploads\/2021\/09\/logo-sentinelleSLOGAN-1.png","width":615,"height":142,"caption":"Quotidien La Sentinelle"},"image":{"@id":"https:\/\/lasentinelle.dz\/#\/schema\/logo\/image\/"},"sameAs":["https:\/\/www.facebook.com\/La-Sentinelle-104059864394773"]},{"@type":"Person","@id":"https:\/\/lasentinelle.dz\/#\/schema\/person\/d865044e22e70a75174ce8bcad3acfb3","name":"La Sentinelle","image":{"@type":"ImageObject","inLanguage":"fr-FR","@id":"https:\/\/secure.gravatar.com\/avatar\/57de8e5d4b15d43fb361a71fbb36338450fe67865b528a43dd10ef7c51a20392?s=96&d=mm&r=g","url":"https:\/\/secure.gravatar.com\/avatar\/57de8e5d4b15d43fb361a71fbb36338450fe67865b528a43dd10ef7c51a20392?s=96&d=mm&r=g","contentUrl":"https:\/\/secure.gravatar.com\/avatar\/57de8e5d4b15d43fb361a71fbb36338450fe67865b528a43dd10ef7c51a20392?s=96&d=mm&r=g","caption":"La Sentinelle"},"sameAs":["http:\/\/www.lasentinelle.dz"],"url":"https:\/\/lasentinelle.dz\/author\/redaction\/"}]}},"_links":{"self":[{"href":"https:\/\/lasentinelle.dz\/index.php\/wp-json\/wp\/v2\/posts\/33181","targetHints":{"allow":["GET"]}}],"collection":[{"href":"https:\/\/lasentinelle.dz\/index.php\/wp-json\/wp\/v2\/posts"}],"about":[{"href":"https:\/\/lasentinelle.dz\/index.php\/wp-json\/wp\/v2\/types\/post"}],"author":[{"embeddable":true,"href":"https:\/\/lasentinelle.dz\/index.php\/wp-json\/wp\/v2\/users\/3"}],"replies":[{"embeddable":true,"href":"https:\/\/lasentinelle.dz\/index.php\/wp-json\/wp\/v2\/comments?post=33181"}],"version-history":[{"count":1,"href":"https:\/\/lasentinelle.dz\/index.php\/wp-json\/wp\/v2\/posts\/33181\/revisions"}],"predecessor-version":[{"id":33194,"href":"https:\/\/lasentinelle.dz\/index.php\/wp-json\/wp\/v2\/posts\/33181\/revisions\/33194"}],"wp:featuredmedia":[{"embeddable":true,"href":"https:\/\/lasentinelle.dz\/index.php\/wp-json\/wp\/v2\/media\/33190"}],"wp:attachment":[{"href":"https:\/\/lasentinelle.dz\/index.php\/wp-json\/wp\/v2\/media?parent=33181"}],"wp:term":[{"taxonomy":"category","embeddable":true,"href":"https:\/\/lasentinelle.dz\/index.php\/wp-json\/wp\/v2\/categories?post=33181"},{"taxonomy":"post_tag","embeddable":true,"href":"https:\/\/lasentinelle.dz\/index.php\/wp-json\/wp\/v2\/tags?post=33181"}],"curies":[{"name":"wp","href":"https:\/\/api.w.org\/{rel}","templated":true}]}}