{"id":33244,"date":"2022-12-26T22:00:00","date_gmt":"2022-12-26T21:00:00","guid":{"rendered":"https:\/\/lasentinelle.dz\/?p=33244"},"modified":"2022-12-26T16:09:05","modified_gmt":"2022-12-26T15:09:05","slug":"ethiopie-le-gouvernement-federal-reprend-pied-au-tigre","status":"publish","type":"post","link":"https:\/\/lasentinelle.dz\/index.php\/2022\/12\/26\/ethiopie-le-gouvernement-federal-reprend-pied-au-tigre\/","title":{"rendered":"\u00c9thiopie\u00a0: Le gouvernement f\u00e9d\u00e9ral reprend pied au Tigr\u00e9"},"content":{"rendered":"\n<p>Une d\u00e9l\u00e9gation du gouvernement \u00e9thiopien \u00e9tait en route hier pour la capitale du Tigr\u00e9, pour la premi\u00e8re visite officielle de hauts repr\u00e9sentants f\u00e9d\u00e9raux, plus de deux ans apr\u00e8s le d\u00e9but d&rsquo;un conflit dans cette r\u00e9gion rebelle, a annonc\u00e9 le gouvernement.<\/p>\n\n\n\n<p>Ce groupe d&rsquo;officiels, emmen\u00e9 par le pr\u00e9sident de la Chambre des Repr\u00e9sentants, Tagesse Chafo, doit \u00absuperviser l&rsquo;application des principaux points de l&rsquo;accord de paix\u00bb sign\u00e9 le 2 novembre avec les autorit\u00e9s rebelles tigr\u00e9ennes, d\u00e9taille le service de communication du gouvernement dans un communiqu\u00e9 sur Facebook. \u00abCe geste est une preuve que l&rsquo;accord de paix est sur la bonne voie et progresse\u00bb, ajoute-t-il, accompagnant le texte d&rsquo;une photo de la d\u00e9l\u00e9gation compos\u00e9e d&rsquo;une vingtaine de personnes sur un tarmac d&rsquo;a\u00e9roport. Sur cette photo figurent notamment le conseiller du Premier ministre \u00e0 la s\u00e9curit\u00e9 nationale Redwan Hussein, les ministres de la Justice Gedion Timotheos, des Transports et communications Dagmawit Moges et de l&rsquo;Industrie Melaku Alebel, ainsi que les PDG des compagnies Ethiopian Airlines et Ethio Telecom, Mesfin Tassew et Frehiwot Tamiru.<\/p>\n\n\n\n<p>Gouvernement et autorit\u00e9s rebelles ont sign\u00e9 le 2 novembre \u00e0 Pretoria un accord visant \u00e0 mettre fin \u00e0 une guerre qui a ravag\u00e9 durant deux ans le nord de l&rsquo;\u00c9thiopie, faisant des dizaines de milliers de morts et plongeant la r\u00e9gion dans une profonde crise humanitaire. Cet accord pr\u00e9voit notamment un d\u00e9sarmement des forces rebelles, le r\u00e9tablissement de l&rsquo;autorit\u00e9 f\u00e9d\u00e9rale au Tigr\u00e9 et la r\u00e9ouverture des acc\u00e8s \u00e0 la r\u00e9gion. Depuis, les combats ont cess\u00e9, de l&rsquo;aide alimentaire et m\u00e9dicale arrive peu \u00e0 peu, les rebelles ont annonc\u00e9 avoir \u00abd\u00e9sengag\u00e9\u00bb 65% de leurs combattants des lignes de front, la ville de Mekele a \u00e9t\u00e9 raccord\u00e9e au r\u00e9seau \u00e9lectrique national et la principale banque a annonc\u00e9 la reprise de ses op\u00e9rations financi\u00e8res dans certaines villes. Mais les autorit\u00e9s rebelles ainsi que des habitants et des travailleurs humanitaires accusent l&rsquo;arm\u00e9e de l&rsquo;\u00c9rythr\u00e9e, pays qui borde la fronti\u00e8re nord du Tigr\u00e9, et des forces de s\u00e9curit\u00e9 et milices de la r\u00e9gion \u00e9thiopienne de l&rsquo;Amhara, jouxtant sa fronti\u00e8re sud, de nombreuses exactions sur les civils (pillages, viols, enl\u00e8vements, ex\u00e9cutions..).<\/p>\n\n\n\n<p>Depuis la signature de l&rsquo;accord, repr\u00e9sentants des autorit\u00e9s rebelles et du gouvernement se sont rencontr\u00e9s \u00e0 plusieurs reprises, notamment deux fois dans la capitale Nairobi. Au terme de leur derni\u00e8re r\u00e9union jeudi, ils ont convenu d&rsquo;un m\u00e9canisme de suivi du cessez-le-feu, qui permettra \u00e9galement de recueillir les plaintes en cas de violations sur les civils. Les combats ont d\u00e9but\u00e9 en novembre 2020, quand Abiy Ahmed a envoy\u00e9 l&rsquo;arm\u00e9e f\u00e9d\u00e9rale arr\u00eater les dirigeants de la r\u00e9gion qui contestaient son autorit\u00e9 depuis des mois et qu&rsquo;il accusait d&rsquo;avoir attaqu\u00e9 des bases militaires f\u00e9d\u00e9rales.<\/p>\n\n\n\n<p><strong>KhiderL. et agences<\/strong><\/p>\n","protected":false},"excerpt":{"rendered":"<p>Une d\u00e9l\u00e9gation du gouvernement \u00e9thiopien \u00e9tait en route hier pour la capitale du Tigr\u00e9, pour la premi\u00e8re visite officielle de<\/p>\n","protected":false},"author":3,"featured_media":33245,"comment_status":"open","ping_status":"closed","sticky":false,"template":"","format":"standard","meta":{"colormag_page_container_layout":"default_layout","colormag_page_sidebar_layout":"default_layout","om_disable_all_campaigns":false,"_monsterinsights_skip_tracking":false,"_monsterinsights_sitenote_active":false,"_monsterinsights_sitenote_note":"","_monsterinsights_sitenote_category":0,"footnotes":"","_wpscppro_dont_share_socialmedia":false,"_wpscppro_custom_social_share_image":0,"_facebook_share_type":"","_twitter_share_type":"","_linkedin_share_type":"","_pinterest_share_type":"","_linkedin_share_type_page":"","_instagram_share_type":"","_medium_share_type":"","_threads_share_type":"","_google_business_share_type":"","_selected_social_profile":[],"_wpsp_enable_custom_social_template":false,"_wpsp_social_scheduling":{"enabled":false,"datetime":null,"platforms":[],"status":"template_only","dateOption":"today","timeOption":"now","customDays":"","customHours":"","customDate":"","customTime":"","schedulingType":"absolute"},"_wpsp_active_default_template":true},"categories":[37],"tags":[],"class_list":["post-33244","post","type-post","status-publish","format-standard","has-post-thumbnail","hentry","category-monde"],"aioseo_notices":[],"yoast_head":"<!-- This site is optimized with the Yoast SEO plugin v27.5 - https:\/\/yoast.com\/product\/yoast-seo-wordpress\/ -->\n<title>\u00c9thiopie\u00a0: Le gouvernement f\u00e9d\u00e9ral reprend pied au Tigr\u00e9 - La Sentinelle<\/title>\n<meta name=\"robots\" content=\"index, follow, max-snippet:-1, max-image-preview:large, max-video-preview:-1\" \/>\n<link rel=\"canonical\" href=\"https:\/\/lasentinelle.dz\/index.php\/2022\/12\/26\/ethiopie-le-gouvernement-federal-reprend-pied-au-tigre\/\" \/>\n<meta property=\"og:locale\" content=\"fr_FR\" \/>\n<meta property=\"og:type\" content=\"article\" \/>\n<meta property=\"og:title\" content=\"\u00c9thiopie\u00a0: Le gouvernement f\u00e9d\u00e9ral reprend pied au Tigr\u00e9 - La Sentinelle\" \/>\n<meta property=\"og:description\" content=\"Une d\u00e9l\u00e9gation du gouvernement \u00e9thiopien \u00e9tait en route hier pour la capitale du Tigr\u00e9, pour la premi\u00e8re visite officielle de\" \/>\n<meta property=\"og:url\" content=\"https:\/\/lasentinelle.dz\/index.php\/2022\/12\/26\/ethiopie-le-gouvernement-federal-reprend-pied-au-tigre\/\" \/>\n<meta property=\"og:site_name\" content=\"La Sentinelle\" \/>\n<meta property=\"article:publisher\" content=\"https:\/\/www.facebook.com\/La-Sentinelle-104059864394773\" \/>\n<meta property=\"article:published_time\" content=\"2022-12-26T21:00:00+00:00\" \/>\n<meta property=\"og:image\" content=\"https:\/\/lasentinelle.dz\/wp-content\/uploads\/2022\/12\/ethiopie.png\" \/>\n\t<meta property=\"og:image:width\" content=\"1601\" \/>\n\t<meta property=\"og:image:height\" content=\"900\" \/>\n\t<meta property=\"og:image:type\" content=\"image\/png\" \/>\n<meta name=\"author\" content=\"La Sentinelle\" \/>\n<meta name=\"twitter:card\" content=\"summary_large_image\" \/>\n<meta name=\"twitter:label1\" content=\"\u00c9crit par\" \/>\n\t<meta name=\"twitter:data1\" content=\"La Sentinelle\" \/>\n\t<meta name=\"twitter:label2\" content=\"Dur\u00e9e de lecture estim\u00e9e\" \/>\n\t<meta name=\"twitter:data2\" content=\"2 minutes\" \/>\n<script type=\"application\/ld+json\" class=\"yoast-schema-graph\">{\"@context\":\"https:\\\/\\\/schema.org\",\"@graph\":[{\"@type\":\"Article\",\"@id\":\"https:\\\/\\\/lasentinelle.dz\\\/index.php\\\/2022\\\/12\\\/26\\\/ethiopie-le-gouvernement-federal-reprend-pied-au-tigre\\\/#article\",\"isPartOf\":{\"@id\":\"https:\\\/\\\/lasentinelle.dz\\\/index.php\\\/2022\\\/12\\\/26\\\/ethiopie-le-gouvernement-federal-reprend-pied-au-tigre\\\/\"},\"author\":{\"name\":\"La Sentinelle\",\"@id\":\"https:\\\/\\\/lasentinelle.dz\\\/#\\\/schema\\\/person\\\/d865044e22e70a75174ce8bcad3acfb3\"},\"headline\":\"\u00c9thiopie\u00a0: Le gouvernement f\u00e9d\u00e9ral reprend pied au Tigr\u00e9\",\"datePublished\":\"2022-12-26T21:00:00+00:00\",\"mainEntityOfPage\":{\"@id\":\"https:\\\/\\\/lasentinelle.dz\\\/index.php\\\/2022\\\/12\\\/26\\\/ethiopie-le-gouvernement-federal-reprend-pied-au-tigre\\\/\"},\"wordCount\":515,\"commentCount\":0,\"publisher\":{\"@id\":\"https:\\\/\\\/lasentinelle.dz\\\/#organization\"},\"image\":{\"@id\":\"https:\\\/\\\/lasentinelle.dz\\\/index.php\\\/2022\\\/12\\\/26\\\/ethiopie-le-gouvernement-federal-reprend-pied-au-tigre\\\/#primaryimage\"},\"thumbnailUrl\":\"https:\\\/\\\/lasentinelle.dz\\\/wp-content\\\/uploads\\\/2022\\\/12\\\/ethiopie.png\",\"articleSection\":[\"Monde\"],\"inLanguage\":\"fr-FR\",\"potentialAction\":[{\"@type\":\"CommentAction\",\"name\":\"Comment\",\"target\":[\"https:\\\/\\\/lasentinelle.dz\\\/index.php\\\/2022\\\/12\\\/26\\\/ethiopie-le-gouvernement-federal-reprend-pied-au-tigre\\\/#respond\"]}]},{\"@type\":\"WebPage\",\"@id\":\"https:\\\/\\\/lasentinelle.dz\\\/index.php\\\/2022\\\/12\\\/26\\\/ethiopie-le-gouvernement-federal-reprend-pied-au-tigre\\\/\",\"url\":\"https:\\\/\\\/lasentinelle.dz\\\/index.php\\\/2022\\\/12\\\/26\\\/ethiopie-le-gouvernement-federal-reprend-pied-au-tigre\\\/\",\"name\":\"\u00c9thiopie\u00a0: Le gouvernement f\u00e9d\u00e9ral reprend pied au Tigr\u00e9 - La Sentinelle\",\"isPartOf\":{\"@id\":\"https:\\\/\\\/lasentinelle.dz\\\/#website\"},\"primaryImageOfPage\":{\"@id\":\"https:\\\/\\\/lasentinelle.dz\\\/index.php\\\/2022\\\/12\\\/26\\\/ethiopie-le-gouvernement-federal-reprend-pied-au-tigre\\\/#primaryimage\"},\"image\":{\"@id\":\"https:\\\/\\\/lasentinelle.dz\\\/index.php\\\/2022\\\/12\\\/26\\\/ethiopie-le-gouvernement-federal-reprend-pied-au-tigre\\\/#primaryimage\"},\"thumbnailUrl\":\"https:\\\/\\\/lasentinelle.dz\\\/wp-content\\\/uploads\\\/2022\\\/12\\\/ethiopie.png\",\"datePublished\":\"2022-12-26T21:00:00+00:00\",\"breadcrumb\":{\"@id\":\"https:\\\/\\\/lasentinelle.dz\\\/index.php\\\/2022\\\/12\\\/26\\\/ethiopie-le-gouvernement-federal-reprend-pied-au-tigre\\\/#breadcrumb\"},\"inLanguage\":\"fr-FR\",\"potentialAction\":[{\"@type\":\"ReadAction\",\"target\":[\"https:\\\/\\\/lasentinelle.dz\\\/index.php\\\/2022\\\/12\\\/26\\\/ethiopie-le-gouvernement-federal-reprend-pied-au-tigre\\\/\"]}]},{\"@type\":\"ImageObject\",\"inLanguage\":\"fr-FR\",\"@id\":\"https:\\\/\\\/lasentinelle.dz\\\/index.php\\\/2022\\\/12\\\/26\\\/ethiopie-le-gouvernement-federal-reprend-pied-au-tigre\\\/#primaryimage\",\"url\":\"https:\\\/\\\/lasentinelle.dz\\\/wp-content\\\/uploads\\\/2022\\\/12\\\/ethiopie.png\",\"contentUrl\":\"https:\\\/\\\/lasentinelle.dz\\\/wp-content\\\/uploads\\\/2022\\\/12\\\/ethiopie.png\",\"width\":1601,\"height\":900},{\"@type\":\"BreadcrumbList\",\"@id\":\"https:\\\/\\\/lasentinelle.dz\\\/index.php\\\/2022\\\/12\\\/26\\\/ethiopie-le-gouvernement-federal-reprend-pied-au-tigre\\\/#breadcrumb\",\"itemListElement\":[{\"@type\":\"ListItem\",\"position\":1,\"name\":\"Accueil\",\"item\":\"https:\\\/\\\/lasentinelle.dz\\\/\"},{\"@type\":\"ListItem\",\"position\":2,\"name\":\"\u00c9thiopie\u00a0: Le gouvernement f\u00e9d\u00e9ral reprend pied au Tigr\u00e9\"}]},{\"@type\":\"WebSite\",\"@id\":\"https:\\\/\\\/lasentinelle.dz\\\/#website\",\"url\":\"https:\\\/\\\/lasentinelle.dz\\\/\",\"name\":\"La Sentinelle\",\"description\":\"Quotidien national d&#039;information\",\"publisher\":{\"@id\":\"https:\\\/\\\/lasentinelle.dz\\\/#organization\"},\"potentialAction\":[{\"@type\":\"SearchAction\",\"target\":{\"@type\":\"EntryPoint\",\"urlTemplate\":\"https:\\\/\\\/lasentinelle.dz\\\/?s={search_term_string}\"},\"query-input\":{\"@type\":\"PropertyValueSpecification\",\"valueRequired\":true,\"valueName\":\"search_term_string\"}}],\"inLanguage\":\"fr-FR\"},{\"@type\":\"Organization\",\"@id\":\"https:\\\/\\\/lasentinelle.dz\\\/#organization\",\"name\":\"Quotidien La Sentinelle\",\"url\":\"https:\\\/\\\/lasentinelle.dz\\\/\",\"logo\":{\"@type\":\"ImageObject\",\"inLanguage\":\"fr-FR\",\"@id\":\"https:\\\/\\\/lasentinelle.dz\\\/#\\\/schema\\\/logo\\\/image\\\/\",\"url\":\"https:\\\/\\\/lasentinelle.dz\\\/wp-content\\\/uploads\\\/2021\\\/09\\\/logo-sentinelleSLOGAN-1.png\",\"contentUrl\":\"https:\\\/\\\/lasentinelle.dz\\\/wp-content\\\/uploads\\\/2021\\\/09\\\/logo-sentinelleSLOGAN-1.png\",\"width\":615,\"height\":142,\"caption\":\"Quotidien La Sentinelle\"},\"image\":{\"@id\":\"https:\\\/\\\/lasentinelle.dz\\\/#\\\/schema\\\/logo\\\/image\\\/\"},\"sameAs\":[\"https:\\\/\\\/www.facebook.com\\\/La-Sentinelle-104059864394773\"]},{\"@type\":\"Person\",\"@id\":\"https:\\\/\\\/lasentinelle.dz\\\/#\\\/schema\\\/person\\\/d865044e22e70a75174ce8bcad3acfb3\",\"name\":\"La Sentinelle\",\"image\":{\"@type\":\"ImageObject\",\"inLanguage\":\"fr-FR\",\"@id\":\"https:\\\/\\\/secure.gravatar.com\\\/avatar\\\/57de8e5d4b15d43fb361a71fbb36338450fe67865b528a43dd10ef7c51a20392?s=96&d=mm&r=g\",\"url\":\"https:\\\/\\\/secure.gravatar.com\\\/avatar\\\/57de8e5d4b15d43fb361a71fbb36338450fe67865b528a43dd10ef7c51a20392?s=96&d=mm&r=g\",\"contentUrl\":\"https:\\\/\\\/secure.gravatar.com\\\/avatar\\\/57de8e5d4b15d43fb361a71fbb36338450fe67865b528a43dd10ef7c51a20392?s=96&d=mm&r=g\",\"caption\":\"La Sentinelle\"},\"sameAs\":[\"http:\\\/\\\/www.lasentinelle.dz\"],\"url\":\"https:\\\/\\\/lasentinelle.dz\\\/author\\\/redaction\\\/\"}]}<\/script>\n<!-- \/ Yoast SEO plugin. -->","yoast_head_json":{"title":"\u00c9thiopie\u00a0: Le gouvernement f\u00e9d\u00e9ral reprend pied au Tigr\u00e9 - La Sentinelle","robots":{"index":"index","follow":"follow","max-snippet":"max-snippet:-1","max-image-preview":"max-image-preview:large","max-video-preview":"max-video-preview:-1"},"canonical":"https:\/\/lasentinelle.dz\/index.php\/2022\/12\/26\/ethiopie-le-gouvernement-federal-reprend-pied-au-tigre\/","og_locale":"fr_FR","og_type":"article","og_title":"\u00c9thiopie\u00a0: Le gouvernement f\u00e9d\u00e9ral reprend pied au Tigr\u00e9 - La Sentinelle","og_description":"Une d\u00e9l\u00e9gation du gouvernement \u00e9thiopien \u00e9tait en route hier pour la capitale du Tigr\u00e9, pour la premi\u00e8re visite officielle de","og_url":"https:\/\/lasentinelle.dz\/index.php\/2022\/12\/26\/ethiopie-le-gouvernement-federal-reprend-pied-au-tigre\/","og_site_name":"La Sentinelle","article_publisher":"https:\/\/www.facebook.com\/La-Sentinelle-104059864394773","article_published_time":"2022-12-26T21:00:00+00:00","og_image":[{"width":1601,"height":900,"url":"https:\/\/lasentinelle.dz\/wp-content\/uploads\/2022\/12\/ethiopie.png","type":"image\/png"}],"author":"La Sentinelle","twitter_card":"summary_large_image","twitter_misc":{"\u00c9crit par":"La Sentinelle","Dur\u00e9e de lecture estim\u00e9e":"2 minutes"},"schema":{"@context":"https:\/\/schema.org","@graph":[{"@type":"Article","@id":"https:\/\/lasentinelle.dz\/index.php\/2022\/12\/26\/ethiopie-le-gouvernement-federal-reprend-pied-au-tigre\/#article","isPartOf":{"@id":"https:\/\/lasentinelle.dz\/index.php\/2022\/12\/26\/ethiopie-le-gouvernement-federal-reprend-pied-au-tigre\/"},"author":{"name":"La Sentinelle","@id":"https:\/\/lasentinelle.dz\/#\/schema\/person\/d865044e22e70a75174ce8bcad3acfb3"},"headline":"\u00c9thiopie\u00a0: Le gouvernement f\u00e9d\u00e9ral reprend pied au Tigr\u00e9","datePublished":"2022-12-26T21:00:00+00:00","mainEntityOfPage":{"@id":"https:\/\/lasentinelle.dz\/index.php\/2022\/12\/26\/ethiopie-le-gouvernement-federal-reprend-pied-au-tigre\/"},"wordCount":515,"commentCount":0,"publisher":{"@id":"https:\/\/lasentinelle.dz\/#organization"},"image":{"@id":"https:\/\/lasentinelle.dz\/index.php\/2022\/12\/26\/ethiopie-le-gouvernement-federal-reprend-pied-au-tigre\/#primaryimage"},"thumbnailUrl":"https:\/\/lasentinelle.dz\/wp-content\/uploads\/2022\/12\/ethiopie.png","articleSection":["Monde"],"inLanguage":"fr-FR","potentialAction":[{"@type":"CommentAction","name":"Comment","target":["https:\/\/lasentinelle.dz\/index.php\/2022\/12\/26\/ethiopie-le-gouvernement-federal-reprend-pied-au-tigre\/#respond"]}]},{"@type":"WebPage","@id":"https:\/\/lasentinelle.dz\/index.php\/2022\/12\/26\/ethiopie-le-gouvernement-federal-reprend-pied-au-tigre\/","url":"https:\/\/lasentinelle.dz\/index.php\/2022\/12\/26\/ethiopie-le-gouvernement-federal-reprend-pied-au-tigre\/","name":"\u00c9thiopie\u00a0: Le gouvernement f\u00e9d\u00e9ral reprend pied au Tigr\u00e9 - La Sentinelle","isPartOf":{"@id":"https:\/\/lasentinelle.dz\/#website"},"primaryImageOfPage":{"@id":"https:\/\/lasentinelle.dz\/index.php\/2022\/12\/26\/ethiopie-le-gouvernement-federal-reprend-pied-au-tigre\/#primaryimage"},"image":{"@id":"https:\/\/lasentinelle.dz\/index.php\/2022\/12\/26\/ethiopie-le-gouvernement-federal-reprend-pied-au-tigre\/#primaryimage"},"thumbnailUrl":"https:\/\/lasentinelle.dz\/wp-content\/uploads\/2022\/12\/ethiopie.png","datePublished":"2022-12-26T21:00:00+00:00","breadcrumb":{"@id":"https:\/\/lasentinelle.dz\/index.php\/2022\/12\/26\/ethiopie-le-gouvernement-federal-reprend-pied-au-tigre\/#breadcrumb"},"inLanguage":"fr-FR","potentialAction":[{"@type":"ReadAction","target":["https:\/\/lasentinelle.dz\/index.php\/2022\/12\/26\/ethiopie-le-gouvernement-federal-reprend-pied-au-tigre\/"]}]},{"@type":"ImageObject","inLanguage":"fr-FR","@id":"https:\/\/lasentinelle.dz\/index.php\/2022\/12\/26\/ethiopie-le-gouvernement-federal-reprend-pied-au-tigre\/#primaryimage","url":"https:\/\/lasentinelle.dz\/wp-content\/uploads\/2022\/12\/ethiopie.png","contentUrl":"https:\/\/lasentinelle.dz\/wp-content\/uploads\/2022\/12\/ethiopie.png","width":1601,"height":900},{"@type":"BreadcrumbList","@id":"https:\/\/lasentinelle.dz\/index.php\/2022\/12\/26\/ethiopie-le-gouvernement-federal-reprend-pied-au-tigre\/#breadcrumb","itemListElement":[{"@type":"ListItem","position":1,"name":"Accueil","item":"https:\/\/lasentinelle.dz\/"},{"@type":"ListItem","position":2,"name":"\u00c9thiopie\u00a0: Le gouvernement f\u00e9d\u00e9ral reprend pied au Tigr\u00e9"}]},{"@type":"WebSite","@id":"https:\/\/lasentinelle.dz\/#website","url":"https:\/\/lasentinelle.dz\/","name":"La Sentinelle","description":"Quotidien national d&#039;information","publisher":{"@id":"https:\/\/lasentinelle.dz\/#organization"},"potentialAction":[{"@type":"SearchAction","target":{"@type":"EntryPoint","urlTemplate":"https:\/\/lasentinelle.dz\/?s={search_term_string}"},"query-input":{"@type":"PropertyValueSpecification","valueRequired":true,"valueName":"search_term_string"}}],"inLanguage":"fr-FR"},{"@type":"Organization","@id":"https:\/\/lasentinelle.dz\/#organization","name":"Quotidien La Sentinelle","url":"https:\/\/lasentinelle.dz\/","logo":{"@type":"ImageObject","inLanguage":"fr-FR","@id":"https:\/\/lasentinelle.dz\/#\/schema\/logo\/image\/","url":"https:\/\/lasentinelle.dz\/wp-content\/uploads\/2021\/09\/logo-sentinelleSLOGAN-1.png","contentUrl":"https:\/\/lasentinelle.dz\/wp-content\/uploads\/2021\/09\/logo-sentinelleSLOGAN-1.png","width":615,"height":142,"caption":"Quotidien La Sentinelle"},"image":{"@id":"https:\/\/lasentinelle.dz\/#\/schema\/logo\/image\/"},"sameAs":["https:\/\/www.facebook.com\/La-Sentinelle-104059864394773"]},{"@type":"Person","@id":"https:\/\/lasentinelle.dz\/#\/schema\/person\/d865044e22e70a75174ce8bcad3acfb3","name":"La Sentinelle","image":{"@type":"ImageObject","inLanguage":"fr-FR","@id":"https:\/\/secure.gravatar.com\/avatar\/57de8e5d4b15d43fb361a71fbb36338450fe67865b528a43dd10ef7c51a20392?s=96&d=mm&r=g","url":"https:\/\/secure.gravatar.com\/avatar\/57de8e5d4b15d43fb361a71fbb36338450fe67865b528a43dd10ef7c51a20392?s=96&d=mm&r=g","contentUrl":"https:\/\/secure.gravatar.com\/avatar\/57de8e5d4b15d43fb361a71fbb36338450fe67865b528a43dd10ef7c51a20392?s=96&d=mm&r=g","caption":"La Sentinelle"},"sameAs":["http:\/\/www.lasentinelle.dz"],"url":"https:\/\/lasentinelle.dz\/author\/redaction\/"}]}},"_links":{"self":[{"href":"https:\/\/lasentinelle.dz\/index.php\/wp-json\/wp\/v2\/posts\/33244","targetHints":{"allow":["GET"]}}],"collection":[{"href":"https:\/\/lasentinelle.dz\/index.php\/wp-json\/wp\/v2\/posts"}],"about":[{"href":"https:\/\/lasentinelle.dz\/index.php\/wp-json\/wp\/v2\/types\/post"}],"author":[{"embeddable":true,"href":"https:\/\/lasentinelle.dz\/index.php\/wp-json\/wp\/v2\/users\/3"}],"replies":[{"embeddable":true,"href":"https:\/\/lasentinelle.dz\/index.php\/wp-json\/wp\/v2\/comments?post=33244"}],"version-history":[{"count":1,"href":"https:\/\/lasentinelle.dz\/index.php\/wp-json\/wp\/v2\/posts\/33244\/revisions"}],"predecessor-version":[{"id":33250,"href":"https:\/\/lasentinelle.dz\/index.php\/wp-json\/wp\/v2\/posts\/33244\/revisions\/33250"}],"wp:featuredmedia":[{"embeddable":true,"href":"https:\/\/lasentinelle.dz\/index.php\/wp-json\/wp\/v2\/media\/33245"}],"wp:attachment":[{"href":"https:\/\/lasentinelle.dz\/index.php\/wp-json\/wp\/v2\/media?parent=33244"}],"wp:term":[{"taxonomy":"category","embeddable":true,"href":"https:\/\/lasentinelle.dz\/index.php\/wp-json\/wp\/v2\/categories?post=33244"},{"taxonomy":"post_tag","embeddable":true,"href":"https:\/\/lasentinelle.dz\/index.php\/wp-json\/wp\/v2\/tags?post=33244"}],"curies":[{"name":"wp","href":"https:\/\/api.w.org\/{rel}","templated":true}]}}