{"id":33281,"date":"2022-12-26T22:05:00","date_gmt":"2022-12-26T21:05:00","guid":{"rendered":"https:\/\/lasentinelle.dz\/?p=33281"},"modified":"2022-12-26T20:01:12","modified_gmt":"2022-12-26T19:01:12","slug":"conseil-des-ministres-augmenter-le-niveau-de-production-de-gaz","status":"publish","type":"post","link":"https:\/\/lasentinelle.dz\/index.php\/2022\/12\/26\/conseil-des-ministres-augmenter-le-niveau-de-production-de-gaz\/","title":{"rendered":"Conseil des ministres\u00a0: Augmenter le niveau de production de gaz"},"content":{"rendered":"\n<p>Le pr\u00e9sident de la R\u00e9publique, M. Abdelmadjid Tebboune a pr\u00e9sid\u00e9 dimanche une r\u00e9union du Conseil des ministres lors de laquelle il a donn\u00e9 des instructions pour hisser le niveau de production de gaz, en vue de pr\u00e9server la moyenne nationale de consommation, d&rsquo;une part, et de renforcer l&rsquo;exportation, d&rsquo;autre part, en ex\u00e9cution des engagements pris par l&rsquo;Alg\u00e9rie vis-\u00e0-vis de ses partenaires \u00e9trangers, selon un communiqu\u00e9 du Conseil.Le Pr\u00e9sident Tebboune \u00ab\u00a0a enjoint le ministre de l&rsquo;Energie et des Mines d&rsquo;\u0153uvrer \u00e0 hisser le niveau de production de gaz, en vue de pr\u00e9server la moyenne nationale de consommation, d&rsquo;une part, et de renforcer l&rsquo;exportation, d&rsquo;autre part, en ex\u00e9cution des engagements pris par l&rsquo;Alg\u00e9rie vis-\u00e0-vis de ses partenaires \u00e9trangers\u00a0\u00bb.<\/p>\n\n\n\n<p>Il est utile de rappeler dans ce contexte que le pr\u00e9sident de la R\u00e9publique a indiqu\u00e9 \u00e0 l\u2019ouverture de la Foire de la production il y a quelques jours que l\u2019Alg\u00e9rie ambitionnait de doubler ses capacit\u00e9s d\u2019exportation de gaz \u00e0 moyen terme. Selon les pr\u00e9visions de la Sonatrach, celle-ci compte porter la production de gaz commercialisable \u00e0 plus de 100 milliards de m3 par an d\u00e8s 2023 contre 85 milliards de m3 actuellement. La compagnie a d\u2019ailleurs fait de nombreuses d\u00e9couvertes de gisements de p\u00e9trole et surtout de gaz cette ann\u00e9e. Des gisements qu\u2019elle rapidement mis en service notamment lors du dernier trimestre 2022 gr\u00e2ce au recours aux process de d\u00e9veloppement en \u00ab&nbsp;Fast Track&nbsp;\u00bb et \u00e0 l\u2019optimisation de l\u2019exploitation des structures d\u00e9j\u00e0 existantes.<\/p>\n\n\n\n<p>Notons que lors de cette Conseil des ministres et toujours dans le secteur de l\u2019\u00e9nergie, la feuille de route pour le d\u00e9veloppement de l&rsquo;hydrog\u00e8ne en Alg\u00e9rie a \u00e9t\u00e9 examin\u00e9e. \u00c0 ce propos, le Chef de l&rsquo;Etat s&rsquo;est f\u00e9licit\u00e9 de la strat\u00e9gie de cr\u00e9ation de nouvelles sources d&rsquo;\u00e9nergie en Alg\u00e9rie, d&rsquo;autant que le monde avance aujourd&rsquo;hui vers les \u00e9nergies propres, soulignant, toutefois, \u00ab\u00a0l&rsquo;imp\u00e9ratif d&rsquo;une bonne pr\u00e9paration et \u00e9tude des projets pr\u00e9vus dans cette strat\u00e9gie\u00a0\u00bb, selon la m\u00eame source.Dans ce cadre, le Pr\u00e9sident Tebboune \u00ab\u00a0a enjoint les secteurs concern\u00e9s par cette strat\u00e9gie de recourir aux stations de dessalement d&rsquo;eau de mer pour d\u00e9velopper l&rsquo;hydrog\u00e8ne\u00a0\u00bb, pr\u00e9cise le communiqu\u00e9. Notons que l\u2019Alg\u00e9rie a fait du d\u00e9veloppement de l\u2019hydrog\u00e8ne vert, bleu et gris une priorit\u00e9. C\u2019est dans ce contexte que les volets li\u00e9s au d\u00e9veloppement des \u00e9nergies renouvelables et \u00e0 l\u2019hydrog\u00e8ne notamment vert a \u00e9t\u00e9 int\u00e9gr\u00e9 aux accords gaziers et accords de partenariat de la Sonatrach, dont Eni et Engie. C\u2019est dans ce contexte que le groupe p\u00e9trogazier national a sign\u00e9 la semaine derni\u00e8reavec la soci\u00e9t\u00e9 gazi\u00e8re allemande VNG AG, un protocole d\u2019entente pour lancer le premier projet pilote\u00a0\u00bb de production de l&rsquo;hydrog\u00e8ne vert en Alg\u00e9rie d&rsquo;une capacit\u00e9 de 50 MW, avec comme objectif principal de ma\u00eetriser les technologies relatives \u00e0 ce domaine.<\/p>\n\n\n\n<p><strong>Hocine Fadheli<\/strong><\/p>\n","protected":false},"excerpt":{"rendered":"<p>Le pr\u00e9sident de la R\u00e9publique, M. Abdelmadjid Tebboune a pr\u00e9sid\u00e9 dimanche une r\u00e9union du Conseil des ministres lors de laquelle<\/p>\n","protected":false},"author":3,"featured_media":33284,"comment_status":"open","ping_status":"closed","sticky":false,"template":"","format":"standard","meta":{"colormag_page_container_layout":"default_layout","colormag_page_sidebar_layout":"default_layout","om_disable_all_campaigns":false,"_monsterinsights_skip_tracking":false,"_monsterinsights_sitenote_active":false,"_monsterinsights_sitenote_note":"","_monsterinsights_sitenote_category":0,"footnotes":"","_wpscppro_dont_share_socialmedia":false,"_wpscppro_custom_social_share_image":0,"_facebook_share_type":"","_twitter_share_type":"","_linkedin_share_type":"","_pinterest_share_type":"","_linkedin_share_type_page":"","_instagram_share_type":"","_medium_share_type":"","_threads_share_type":"","_google_business_share_type":"","_selected_social_profile":[],"_wpsp_enable_custom_social_template":false,"_wpsp_social_scheduling":{"enabled":false,"datetime":null,"platforms":[],"status":"template_only","dateOption":"today","timeOption":"now","customDays":"","customHours":"","customDate":"","customTime":"","schedulingType":"absolute"},"_wpsp_active_default_template":true},"categories":[29],"tags":[],"class_list":["post-33281","post","type-post","status-publish","format-standard","has-post-thumbnail","hentry","category-economie"],"aioseo_notices":[],"yoast_head":"<!-- This site is optimized with the Yoast SEO plugin v27.5 - https:\/\/yoast.com\/product\/yoast-seo-wordpress\/ -->\n<title>Conseil des ministres\u00a0: Augmenter le niveau de production de gaz - La Sentinelle<\/title>\n<meta name=\"robots\" content=\"index, follow, max-snippet:-1, max-image-preview:large, max-video-preview:-1\" \/>\n<link rel=\"canonical\" href=\"https:\/\/lasentinelle.dz\/index.php\/2022\/12\/26\/conseil-des-ministres-augmenter-le-niveau-de-production-de-gaz\/\" \/>\n<meta property=\"og:locale\" content=\"fr_FR\" \/>\n<meta property=\"og:type\" content=\"article\" \/>\n<meta property=\"og:title\" content=\"Conseil des ministres\u00a0: Augmenter le niveau de production de gaz - La Sentinelle\" \/>\n<meta property=\"og:description\" content=\"Le pr\u00e9sident de la R\u00e9publique, M. Abdelmadjid Tebboune a pr\u00e9sid\u00e9 dimanche une r\u00e9union du Conseil des ministres lors de laquelle\" \/>\n<meta property=\"og:url\" content=\"https:\/\/lasentinelle.dz\/index.php\/2022\/12\/26\/conseil-des-ministres-augmenter-le-niveau-de-production-de-gaz\/\" \/>\n<meta property=\"og:site_name\" content=\"La Sentinelle\" \/>\n<meta property=\"article:publisher\" content=\"https:\/\/www.facebook.com\/La-Sentinelle-104059864394773\" \/>\n<meta property=\"article:published_time\" content=\"2022-12-26T21:05:00+00:00\" \/>\n<meta property=\"og:image\" content=\"https:\/\/lasentinelle.dz\/wp-content\/uploads\/2022\/12\/image_2022-12-26_195838101.png\" \/>\n\t<meta property=\"og:image:width\" content=\"1100\" \/>\n\t<meta property=\"og:image:height\" content=\"619\" \/>\n\t<meta property=\"og:image:type\" content=\"image\/png\" \/>\n<meta name=\"author\" content=\"La Sentinelle\" \/>\n<meta name=\"twitter:card\" content=\"summary_large_image\" \/>\n<meta name=\"twitter:label1\" content=\"\u00c9crit par\" \/>\n\t<meta name=\"twitter:data1\" content=\"La Sentinelle\" \/>\n\t<meta name=\"twitter:label2\" content=\"Dur\u00e9e de lecture estim\u00e9e\" \/>\n\t<meta name=\"twitter:data2\" content=\"3 minutes\" \/>\n<script type=\"application\/ld+json\" class=\"yoast-schema-graph\">{\"@context\":\"https:\\\/\\\/schema.org\",\"@graph\":[{\"@type\":\"Article\",\"@id\":\"https:\\\/\\\/lasentinelle.dz\\\/index.php\\\/2022\\\/12\\\/26\\\/conseil-des-ministres-augmenter-le-niveau-de-production-de-gaz\\\/#article\",\"isPartOf\":{\"@id\":\"https:\\\/\\\/lasentinelle.dz\\\/index.php\\\/2022\\\/12\\\/26\\\/conseil-des-ministres-augmenter-le-niveau-de-production-de-gaz\\\/\"},\"author\":{\"name\":\"La Sentinelle\",\"@id\":\"https:\\\/\\\/lasentinelle.dz\\\/#\\\/schema\\\/person\\\/d865044e22e70a75174ce8bcad3acfb3\"},\"headline\":\"Conseil des ministres\u00a0: Augmenter le niveau de production de gaz\",\"datePublished\":\"2022-12-26T21:05:00+00:00\",\"mainEntityOfPage\":{\"@id\":\"https:\\\/\\\/lasentinelle.dz\\\/index.php\\\/2022\\\/12\\\/26\\\/conseil-des-ministres-augmenter-le-niveau-de-production-de-gaz\\\/\"},\"wordCount\":544,\"commentCount\":0,\"publisher\":{\"@id\":\"https:\\\/\\\/lasentinelle.dz\\\/#organization\"},\"image\":{\"@id\":\"https:\\\/\\\/lasentinelle.dz\\\/index.php\\\/2022\\\/12\\\/26\\\/conseil-des-ministres-augmenter-le-niveau-de-production-de-gaz\\\/#primaryimage\"},\"thumbnailUrl\":\"https:\\\/\\\/lasentinelle.dz\\\/wp-content\\\/uploads\\\/2022\\\/12\\\/image_2022-12-26_195838101.png\",\"articleSection\":[\"\u00c9conomie\"],\"inLanguage\":\"fr-FR\",\"potentialAction\":[{\"@type\":\"CommentAction\",\"name\":\"Comment\",\"target\":[\"https:\\\/\\\/lasentinelle.dz\\\/index.php\\\/2022\\\/12\\\/26\\\/conseil-des-ministres-augmenter-le-niveau-de-production-de-gaz\\\/#respond\"]}]},{\"@type\":\"WebPage\",\"@id\":\"https:\\\/\\\/lasentinelle.dz\\\/index.php\\\/2022\\\/12\\\/26\\\/conseil-des-ministres-augmenter-le-niveau-de-production-de-gaz\\\/\",\"url\":\"https:\\\/\\\/lasentinelle.dz\\\/index.php\\\/2022\\\/12\\\/26\\\/conseil-des-ministres-augmenter-le-niveau-de-production-de-gaz\\\/\",\"name\":\"Conseil des ministres\u00a0: Augmenter le niveau de production de gaz - La Sentinelle\",\"isPartOf\":{\"@id\":\"https:\\\/\\\/lasentinelle.dz\\\/#website\"},\"primaryImageOfPage\":{\"@id\":\"https:\\\/\\\/lasentinelle.dz\\\/index.php\\\/2022\\\/12\\\/26\\\/conseil-des-ministres-augmenter-le-niveau-de-production-de-gaz\\\/#primaryimage\"},\"image\":{\"@id\":\"https:\\\/\\\/lasentinelle.dz\\\/index.php\\\/2022\\\/12\\\/26\\\/conseil-des-ministres-augmenter-le-niveau-de-production-de-gaz\\\/#primaryimage\"},\"thumbnailUrl\":\"https:\\\/\\\/lasentinelle.dz\\\/wp-content\\\/uploads\\\/2022\\\/12\\\/image_2022-12-26_195838101.png\",\"datePublished\":\"2022-12-26T21:05:00+00:00\",\"breadcrumb\":{\"@id\":\"https:\\\/\\\/lasentinelle.dz\\\/index.php\\\/2022\\\/12\\\/26\\\/conseil-des-ministres-augmenter-le-niveau-de-production-de-gaz\\\/#breadcrumb\"},\"inLanguage\":\"fr-FR\",\"potentialAction\":[{\"@type\":\"ReadAction\",\"target\":[\"https:\\\/\\\/lasentinelle.dz\\\/index.php\\\/2022\\\/12\\\/26\\\/conseil-des-ministres-augmenter-le-niveau-de-production-de-gaz\\\/\"]}]},{\"@type\":\"ImageObject\",\"inLanguage\":\"fr-FR\",\"@id\":\"https:\\\/\\\/lasentinelle.dz\\\/index.php\\\/2022\\\/12\\\/26\\\/conseil-des-ministres-augmenter-le-niveau-de-production-de-gaz\\\/#primaryimage\",\"url\":\"https:\\\/\\\/lasentinelle.dz\\\/wp-content\\\/uploads\\\/2022\\\/12\\\/image_2022-12-26_195838101.png\",\"contentUrl\":\"https:\\\/\\\/lasentinelle.dz\\\/wp-content\\\/uploads\\\/2022\\\/12\\\/image_2022-12-26_195838101.png\",\"width\":1100,\"height\":619},{\"@type\":\"BreadcrumbList\",\"@id\":\"https:\\\/\\\/lasentinelle.dz\\\/index.php\\\/2022\\\/12\\\/26\\\/conseil-des-ministres-augmenter-le-niveau-de-production-de-gaz\\\/#breadcrumb\",\"itemListElement\":[{\"@type\":\"ListItem\",\"position\":1,\"name\":\"Accueil\",\"item\":\"https:\\\/\\\/lasentinelle.dz\\\/\"},{\"@type\":\"ListItem\",\"position\":2,\"name\":\"Conseil des ministres\u00a0: Augmenter le niveau de production de gaz\"}]},{\"@type\":\"WebSite\",\"@id\":\"https:\\\/\\\/lasentinelle.dz\\\/#website\",\"url\":\"https:\\\/\\\/lasentinelle.dz\\\/\",\"name\":\"La Sentinelle\",\"description\":\"Quotidien national d&#039;information\",\"publisher\":{\"@id\":\"https:\\\/\\\/lasentinelle.dz\\\/#organization\"},\"potentialAction\":[{\"@type\":\"SearchAction\",\"target\":{\"@type\":\"EntryPoint\",\"urlTemplate\":\"https:\\\/\\\/lasentinelle.dz\\\/?s={search_term_string}\"},\"query-input\":{\"@type\":\"PropertyValueSpecification\",\"valueRequired\":true,\"valueName\":\"search_term_string\"}}],\"inLanguage\":\"fr-FR\"},{\"@type\":\"Organization\",\"@id\":\"https:\\\/\\\/lasentinelle.dz\\\/#organization\",\"name\":\"Quotidien La Sentinelle\",\"url\":\"https:\\\/\\\/lasentinelle.dz\\\/\",\"logo\":{\"@type\":\"ImageObject\",\"inLanguage\":\"fr-FR\",\"@id\":\"https:\\\/\\\/lasentinelle.dz\\\/#\\\/schema\\\/logo\\\/image\\\/\",\"url\":\"https:\\\/\\\/lasentinelle.dz\\\/wp-content\\\/uploads\\\/2021\\\/09\\\/logo-sentinelleSLOGAN-1.png\",\"contentUrl\":\"https:\\\/\\\/lasentinelle.dz\\\/wp-content\\\/uploads\\\/2021\\\/09\\\/logo-sentinelleSLOGAN-1.png\",\"width\":615,\"height\":142,\"caption\":\"Quotidien La Sentinelle\"},\"image\":{\"@id\":\"https:\\\/\\\/lasentinelle.dz\\\/#\\\/schema\\\/logo\\\/image\\\/\"},\"sameAs\":[\"https:\\\/\\\/www.facebook.com\\\/La-Sentinelle-104059864394773\"]},{\"@type\":\"Person\",\"@id\":\"https:\\\/\\\/lasentinelle.dz\\\/#\\\/schema\\\/person\\\/d865044e22e70a75174ce8bcad3acfb3\",\"name\":\"La Sentinelle\",\"image\":{\"@type\":\"ImageObject\",\"inLanguage\":\"fr-FR\",\"@id\":\"https:\\\/\\\/secure.gravatar.com\\\/avatar\\\/57de8e5d4b15d43fb361a71fbb36338450fe67865b528a43dd10ef7c51a20392?s=96&d=mm&r=g\",\"url\":\"https:\\\/\\\/secure.gravatar.com\\\/avatar\\\/57de8e5d4b15d43fb361a71fbb36338450fe67865b528a43dd10ef7c51a20392?s=96&d=mm&r=g\",\"contentUrl\":\"https:\\\/\\\/secure.gravatar.com\\\/avatar\\\/57de8e5d4b15d43fb361a71fbb36338450fe67865b528a43dd10ef7c51a20392?s=96&d=mm&r=g\",\"caption\":\"La Sentinelle\"},\"sameAs\":[\"http:\\\/\\\/www.lasentinelle.dz\"],\"url\":\"https:\\\/\\\/lasentinelle.dz\\\/author\\\/redaction\\\/\"}]}<\/script>\n<!-- \/ Yoast SEO plugin. -->","yoast_head_json":{"title":"Conseil des ministres\u00a0: Augmenter le niveau de production de gaz - La Sentinelle","robots":{"index":"index","follow":"follow","max-snippet":"max-snippet:-1","max-image-preview":"max-image-preview:large","max-video-preview":"max-video-preview:-1"},"canonical":"https:\/\/lasentinelle.dz\/index.php\/2022\/12\/26\/conseil-des-ministres-augmenter-le-niveau-de-production-de-gaz\/","og_locale":"fr_FR","og_type":"article","og_title":"Conseil des ministres\u00a0: Augmenter le niveau de production de gaz - La Sentinelle","og_description":"Le pr\u00e9sident de la R\u00e9publique, M. Abdelmadjid Tebboune a pr\u00e9sid\u00e9 dimanche une r\u00e9union du Conseil des ministres lors de laquelle","og_url":"https:\/\/lasentinelle.dz\/index.php\/2022\/12\/26\/conseil-des-ministres-augmenter-le-niveau-de-production-de-gaz\/","og_site_name":"La Sentinelle","article_publisher":"https:\/\/www.facebook.com\/La-Sentinelle-104059864394773","article_published_time":"2022-12-26T21:05:00+00:00","og_image":[{"width":1100,"height":619,"url":"https:\/\/lasentinelle.dz\/wp-content\/uploads\/2022\/12\/image_2022-12-26_195838101.png","type":"image\/png"}],"author":"La Sentinelle","twitter_card":"summary_large_image","twitter_misc":{"\u00c9crit par":"La Sentinelle","Dur\u00e9e de lecture estim\u00e9e":"3 minutes"},"schema":{"@context":"https:\/\/schema.org","@graph":[{"@type":"Article","@id":"https:\/\/lasentinelle.dz\/index.php\/2022\/12\/26\/conseil-des-ministres-augmenter-le-niveau-de-production-de-gaz\/#article","isPartOf":{"@id":"https:\/\/lasentinelle.dz\/index.php\/2022\/12\/26\/conseil-des-ministres-augmenter-le-niveau-de-production-de-gaz\/"},"author":{"name":"La Sentinelle","@id":"https:\/\/lasentinelle.dz\/#\/schema\/person\/d865044e22e70a75174ce8bcad3acfb3"},"headline":"Conseil des ministres\u00a0: Augmenter le niveau de production de gaz","datePublished":"2022-12-26T21:05:00+00:00","mainEntityOfPage":{"@id":"https:\/\/lasentinelle.dz\/index.php\/2022\/12\/26\/conseil-des-ministres-augmenter-le-niveau-de-production-de-gaz\/"},"wordCount":544,"commentCount":0,"publisher":{"@id":"https:\/\/lasentinelle.dz\/#organization"},"image":{"@id":"https:\/\/lasentinelle.dz\/index.php\/2022\/12\/26\/conseil-des-ministres-augmenter-le-niveau-de-production-de-gaz\/#primaryimage"},"thumbnailUrl":"https:\/\/lasentinelle.dz\/wp-content\/uploads\/2022\/12\/image_2022-12-26_195838101.png","articleSection":["\u00c9conomie"],"inLanguage":"fr-FR","potentialAction":[{"@type":"CommentAction","name":"Comment","target":["https:\/\/lasentinelle.dz\/index.php\/2022\/12\/26\/conseil-des-ministres-augmenter-le-niveau-de-production-de-gaz\/#respond"]}]},{"@type":"WebPage","@id":"https:\/\/lasentinelle.dz\/index.php\/2022\/12\/26\/conseil-des-ministres-augmenter-le-niveau-de-production-de-gaz\/","url":"https:\/\/lasentinelle.dz\/index.php\/2022\/12\/26\/conseil-des-ministres-augmenter-le-niveau-de-production-de-gaz\/","name":"Conseil des ministres\u00a0: Augmenter le niveau de production de gaz - La Sentinelle","isPartOf":{"@id":"https:\/\/lasentinelle.dz\/#website"},"primaryImageOfPage":{"@id":"https:\/\/lasentinelle.dz\/index.php\/2022\/12\/26\/conseil-des-ministres-augmenter-le-niveau-de-production-de-gaz\/#primaryimage"},"image":{"@id":"https:\/\/lasentinelle.dz\/index.php\/2022\/12\/26\/conseil-des-ministres-augmenter-le-niveau-de-production-de-gaz\/#primaryimage"},"thumbnailUrl":"https:\/\/lasentinelle.dz\/wp-content\/uploads\/2022\/12\/image_2022-12-26_195838101.png","datePublished":"2022-12-26T21:05:00+00:00","breadcrumb":{"@id":"https:\/\/lasentinelle.dz\/index.php\/2022\/12\/26\/conseil-des-ministres-augmenter-le-niveau-de-production-de-gaz\/#breadcrumb"},"inLanguage":"fr-FR","potentialAction":[{"@type":"ReadAction","target":["https:\/\/lasentinelle.dz\/index.php\/2022\/12\/26\/conseil-des-ministres-augmenter-le-niveau-de-production-de-gaz\/"]}]},{"@type":"ImageObject","inLanguage":"fr-FR","@id":"https:\/\/lasentinelle.dz\/index.php\/2022\/12\/26\/conseil-des-ministres-augmenter-le-niveau-de-production-de-gaz\/#primaryimage","url":"https:\/\/lasentinelle.dz\/wp-content\/uploads\/2022\/12\/image_2022-12-26_195838101.png","contentUrl":"https:\/\/lasentinelle.dz\/wp-content\/uploads\/2022\/12\/image_2022-12-26_195838101.png","width":1100,"height":619},{"@type":"BreadcrumbList","@id":"https:\/\/lasentinelle.dz\/index.php\/2022\/12\/26\/conseil-des-ministres-augmenter-le-niveau-de-production-de-gaz\/#breadcrumb","itemListElement":[{"@type":"ListItem","position":1,"name":"Accueil","item":"https:\/\/lasentinelle.dz\/"},{"@type":"ListItem","position":2,"name":"Conseil des ministres\u00a0: Augmenter le niveau de production de gaz"}]},{"@type":"WebSite","@id":"https:\/\/lasentinelle.dz\/#website","url":"https:\/\/lasentinelle.dz\/","name":"La Sentinelle","description":"Quotidien national d&#039;information","publisher":{"@id":"https:\/\/lasentinelle.dz\/#organization"},"potentialAction":[{"@type":"SearchAction","target":{"@type":"EntryPoint","urlTemplate":"https:\/\/lasentinelle.dz\/?s={search_term_string}"},"query-input":{"@type":"PropertyValueSpecification","valueRequired":true,"valueName":"search_term_string"}}],"inLanguage":"fr-FR"},{"@type":"Organization","@id":"https:\/\/lasentinelle.dz\/#organization","name":"Quotidien La Sentinelle","url":"https:\/\/lasentinelle.dz\/","logo":{"@type":"ImageObject","inLanguage":"fr-FR","@id":"https:\/\/lasentinelle.dz\/#\/schema\/logo\/image\/","url":"https:\/\/lasentinelle.dz\/wp-content\/uploads\/2021\/09\/logo-sentinelleSLOGAN-1.png","contentUrl":"https:\/\/lasentinelle.dz\/wp-content\/uploads\/2021\/09\/logo-sentinelleSLOGAN-1.png","width":615,"height":142,"caption":"Quotidien La Sentinelle"},"image":{"@id":"https:\/\/lasentinelle.dz\/#\/schema\/logo\/image\/"},"sameAs":["https:\/\/www.facebook.com\/La-Sentinelle-104059864394773"]},{"@type":"Person","@id":"https:\/\/lasentinelle.dz\/#\/schema\/person\/d865044e22e70a75174ce8bcad3acfb3","name":"La Sentinelle","image":{"@type":"ImageObject","inLanguage":"fr-FR","@id":"https:\/\/secure.gravatar.com\/avatar\/57de8e5d4b15d43fb361a71fbb36338450fe67865b528a43dd10ef7c51a20392?s=96&d=mm&r=g","url":"https:\/\/secure.gravatar.com\/avatar\/57de8e5d4b15d43fb361a71fbb36338450fe67865b528a43dd10ef7c51a20392?s=96&d=mm&r=g","contentUrl":"https:\/\/secure.gravatar.com\/avatar\/57de8e5d4b15d43fb361a71fbb36338450fe67865b528a43dd10ef7c51a20392?s=96&d=mm&r=g","caption":"La Sentinelle"},"sameAs":["http:\/\/www.lasentinelle.dz"],"url":"https:\/\/lasentinelle.dz\/author\/redaction\/"}]}},"_links":{"self":[{"href":"https:\/\/lasentinelle.dz\/index.php\/wp-json\/wp\/v2\/posts\/33281","targetHints":{"allow":["GET"]}}],"collection":[{"href":"https:\/\/lasentinelle.dz\/index.php\/wp-json\/wp\/v2\/posts"}],"about":[{"href":"https:\/\/lasentinelle.dz\/index.php\/wp-json\/wp\/v2\/types\/post"}],"author":[{"embeddable":true,"href":"https:\/\/lasentinelle.dz\/index.php\/wp-json\/wp\/v2\/users\/3"}],"replies":[{"embeddable":true,"href":"https:\/\/lasentinelle.dz\/index.php\/wp-json\/wp\/v2\/comments?post=33281"}],"version-history":[{"count":1,"href":"https:\/\/lasentinelle.dz\/index.php\/wp-json\/wp\/v2\/posts\/33281\/revisions"}],"predecessor-version":[{"id":33285,"href":"https:\/\/lasentinelle.dz\/index.php\/wp-json\/wp\/v2\/posts\/33281\/revisions\/33285"}],"wp:featuredmedia":[{"embeddable":true,"href":"https:\/\/lasentinelle.dz\/index.php\/wp-json\/wp\/v2\/media\/33284"}],"wp:attachment":[{"href":"https:\/\/lasentinelle.dz\/index.php\/wp-json\/wp\/v2\/media?parent=33281"}],"wp:term":[{"taxonomy":"category","embeddable":true,"href":"https:\/\/lasentinelle.dz\/index.php\/wp-json\/wp\/v2\/categories?post=33281"},{"taxonomy":"post_tag","embeddable":true,"href":"https:\/\/lasentinelle.dz\/index.php\/wp-json\/wp\/v2\/tags?post=33281"}],"curies":[{"name":"wp","href":"https:\/\/api.w.org\/{rel}","templated":true}]}}