{"id":33323,"date":"2022-12-27T22:17:00","date_gmt":"2022-12-27T21:17:00","guid":{"rendered":"https:\/\/lasentinelle.dz\/?p=33323"},"modified":"2022-12-27T20:06:40","modified_gmt":"2022-12-27T19:06:40","slug":"avoirs-et-biens-detournes-ce-que-la-justice-a-recupere","status":"publish","type":"post","link":"https:\/\/lasentinelle.dz\/index.php\/2022\/12\/27\/avoirs-et-biens-detournes-ce-que-la-justice-a-recupere\/","title":{"rendered":"Avoirs et biens d\u00e9tourn\u00e9s\u00a0: Ce que la Justice a r\u00e9cup\u00e9r\u00e9"},"content":{"rendered":"\n<p>Le ministre de la Justice, Garde des Sceaux, Abderrachid Tabi, est revenu, hier, avec plus de d\u00e9tails sur les 20 milliards de dollars d&rsquo;avoirs et de biens r\u00e9cup\u00e9r\u00e9s, dans le cadre des enqu\u00eates relatives \u00e0 la corruption, un chiffre avanc\u00e9 par le pr\u00e9sident de la R\u00e9publique, Abdelmadjid Tebboune, jeudi dernier, lors de sa derni\u00e8re entrevue avec les m\u00e9dias.<\/p>\n\n\n\n<p>Le ministre de la Justice a tenu \u00e0 signaler, d&#8217;embl\u00e9, que ce chiffre concerne \u00ab\u00a0ce qui a \u00e9t\u00e9 r\u00e9cup\u00e9r\u00e9 au niveau national\u00a0\u00bb. Au niveau international, les choses \u00ab\u00a0suivent leur cours\u00a0\u00bb, a-t-il pr\u00e9cis\u00e9. A cet effet, apportant ainsi un d\u00e9menti \u00ab\u00a0formel\u00a0\u00bb \u00e0 \u00ab\u00a0ceux qui ont exprim\u00e9 des doutes\u00a0\u00bb par rapport \u00e0 ce chiffre, celui-ci, exhibant un dossier de 1400 pages, a donn\u00e9 un aper\u00e7u, \u00ab\u00a0non exhaustif\u00a0\u00bb, comme il l&rsquo;a pr\u00e9cis\u00e9, puisque \u00ab\u00a0repr\u00e9sentant seulement 15 ou 20%, de ce qui a \u00e9t\u00e9 rapport\u00e9 dans le dossier en question, des avoirs et biens r\u00e9cup\u00e9r\u00e9s dans le cadre des enqu\u00eates contre la corruption. Un chiffre \u00ab\u00a0provisoire\u00a0\u00bb, a-t-il ajout\u00e9, puisqu&rsquo;il ne s&rsquo;agit que de ceux concern\u00e9s par des d\u00e9cisions d\u00e9finitives de justice. \u00ab\u00a0Le chiffre pourra \u00eatre port\u00e9 \u00e0 la hausse, au fur et \u00e0 mesure que les verdicts d\u00e9finitifs seront prononc\u00e9s\u00a0\u00bb, a-t-il indiqu\u00e9. Ainsi, il est question de 4.213 biens immobiliers et 401 biens industriels, dont \u00ab\u00a0des dizaines d&rsquo;usines, \u00e0 l&rsquo;image de l&rsquo;usine de ciment sise \u00e0 Relizane, ceux de fer \u00e0 Msila et Berrahel \u00e0 Annaba, les unit\u00e9s de montage de v\u00e9hicules, \u00e0 Boumerdes, Tiaret, Saida et Relizaine, d&rsquo;industries d&rsquo;huiles \u00e0 Jijel, Oran et Alger, de raffinage de sucre ou de la fabrication des m\u00e9dicaments \u00e0 Reghaia et Tissemsilt\u00a0\u00bb. L&rsquo;Etat a aussi r\u00e9cup\u00e9r\u00e9, a ajout\u00e9 le ministre, 229 assiettes de foncier agricole repr\u00e9sentant des milliers d&rsquo;hectares, dont la superficie d&rsquo;une seule parcelle peut varier de 5000 \u00e0 15 000 hectares. Pour ce qui est du foncier immobilier, celui-ci a avanc\u00e9 le chiffre de 425 biens, dont 14 promotions immobili\u00e8res, qui ne sont pas des moindres parce que, \u00e0 titre d&rsquo;exemple, l&rsquo;une d&rsquo;entre elles, sise \u00e0 Oran, est de 1000 logements, alors qu&rsquo;une autre \u00e0 Bordj El Bahri est de 208 logements. Il y a \u00e9galement, encha\u00eene-t-il, 44 biens entre locaux et parkings, 211 villas, 1497 appartements de hauts standing dans de grandes villes comme Alger, Annaba, Oran, Setif et Constantine, 281 b\u00e2tisses en cours de construction, 21 infrastructures de tourisme, entre h\u00f4tels et complexes touristiques, ainsi que 596 locaux commerciaux, dont trois centre commerciaux se trouvant \u00e0 Bab Ezzouar et Es-Senia. Pour ce qui est parc roulant r\u00e9cup\u00e9r\u00e9, Abderrachid Tabi a cit\u00e9 le nombre de 7000 v\u00e9hicules de tourisme, dont 1405 voitures de luxe et 2300 en cours de montage, 821 v\u00e9hicules utilitaires, 4203 poids lourds entre camions et bus, 25 bateaux et autres embarcations de plaisance, 236 engins agricoles, 1330 grands engins ainsi que deux avions, dont l&rsquo;un a \u00e9t\u00e9 r\u00e9cup\u00e9r\u00e9, alors que l&rsquo;autre a \u00e9t\u00e9 localis\u00e9. Le ministre de la Justice a \u00e9galement \u00e9voqu\u00e9 23.774 \u00ab\u00a0biens mobiliers\u00a0\u00bb, dont certains se trouvaient au niveau de plusieurs ports. Il est question aussi de la saisie de 6.447 comptes bancaires en dinars et devises et de 99 titres bancaires avec des valeurs diff\u00e9rentes dont certains sont d\u2019un milliard de centime. Le ministre a \u00e9galement cit\u00e9 des unit\u00e9s de concassage, des mines, des stations d&rsquo;essence, du mat\u00e9riel m\u00e9dical, des bijoux, en or et diamant, ainsi que d&rsquo;autres entreprises de secteurs diff\u00e9rents comme l&rsquo;audiovisuel.<\/p>\n\n\n\n<p><strong>224 commissions rogatoires<\/strong><\/p>\n\n\n\n<p>Il a tenu, par ailleurs, \u00e0 indiquer que ce chiffre de 20 milliards de dollars ne concerne pas les cr\u00e9dits bancaires r\u00e9cup\u00e9r\u00e9s, dans le cadre de ces affaires de lutte contre la corruption et le d\u00e9tournement des fonds publics, en donnant l&rsquo;exemple d&rsquo;un cr\u00e9dit d&rsquo;une valeur de 54 milliards de dinars, r\u00e9cup\u00e9r\u00e9 en l&rsquo;espace de deux ans. Il en est de m\u00ea\u00f9e d&rsquo;ailleurs pour ce qui est des biens et avoirs transf\u00e9r\u00e9s \u00e0 l&rsquo;\u00e9tranger, puisque ces affaires sont en cours de traitement. Abderrachid Tabi a indiqu\u00e9, dans ce sens, que jusqu&rsquo;\u00e0 maintenant 224 commissions rogatoires et demandes d&rsquo;entraide judiciaire internationale ont \u00e9t\u00e9 lanc\u00e9es en direction d&rsquo;une trentaine de pays, alors que le chiffre \u00e9tait, a-t-il pr\u00e9cis\u00e9, de 219 lors de la pr\u00e9sentation de la d\u00e9claration de politique g\u00e9n\u00e9ral par l&rsquo;ex\u00e9cutif \u00e0 l&rsquo;APN. Un processus qui avait connu des \u00ab\u00a0complications\u00a0\u00bb, \u00e0 son d\u00e9but, en 2019, mais qui a enregistr\u00e9 des \u00ab\u00a0avanc\u00e9es\u00a0\u00bb depuis l&rsquo;ann\u00e9e pass\u00e9e, puisque plusieurs pays, \u00ab\u00a0convaincus du s\u00e9rieux et cr\u00e9dibilit\u00e9 de la d\u00e9marche de l&rsquo;Alg\u00e9rie\u00a0\u00bb, a-t-il ajout\u00e9, \u00ab\u00a0r\u00e9pondent de plus en plus favorablement\u00a0\u00bb. \u00ab\u00a0Aujourd&rsquo;hui, il y a une coordination directe puisque les juges alg\u00e9riens rencontrent leurs homologues, des Etats-Unis, France, Espagne, Grande-Bretagne ou Italie\u00a0\u00bb, a indiqu\u00e9 le ministre, pr\u00e9cisant qu&rsquo;avec les Am\u00e9ricains par exemple \u00ab\u00a0il y a eu trois rencontres\u00a0\u00bb. Tout cela fait dire au Garde des Sceaux que l&rsquo;op\u00e9ration a \u00e9t\u00e9 une \u00ab\u00a0r\u00e9ussite\u00a0\u00bb. Rendant hommage aux cadres et personnels qui, d&rsquo;apr\u00e8s ses dires, ont fournis beaucoup d&rsquo;efforts dans ce cadre-l\u00e0 depuis trois ans, ainsi que toutes les institutions et structures \u00e9tatiques qui y ont contribu\u00e9, le ministre a estim\u00e9 que \u00ab\u00a0ceux qui ont exprim\u00e9s des doutes par rapport \u00e0 ce chiffre ne sont pas au courant de ce qui a \u00e9t\u00e9 fait depuis 2019\u00a0\u00bb. Il a indiqu\u00e9, en dernier lieu, que l&rsquo;op\u00e9ration se poursuivra au fur et \u00e0 mesure que les d\u00e9cisions de justice d\u00e9finitives seront rendues. \u00ab\u00a0Il arrivera le moment o\u00f9 on fera un bilan d\u00e9finitif\u00a0\u00bb de cette op\u00e9ration, a-t-il d\u00e9clar\u00e9.<\/p>\n\n\n\n<p><strong>Elyas Nour<\/strong><\/p>\n","protected":false},"excerpt":{"rendered":"<p>Le ministre de la Justice, Garde des Sceaux, Abderrachid Tabi, est revenu, hier, avec plus de d\u00e9tails sur les 20<\/p>\n","protected":false},"author":3,"featured_media":33380,"comment_status":"open","ping_status":"closed","sticky":false,"template":"","format":"standard","meta":{"colormag_page_container_layout":"default_layout","colormag_page_sidebar_layout":"default_layout","om_disable_all_campaigns":false,"_monsterinsights_skip_tracking":false,"_monsterinsights_sitenote_active":false,"_monsterinsights_sitenote_note":"","_monsterinsights_sitenote_category":0,"footnotes":"","_wpscppro_dont_share_socialmedia":false,"_wpscppro_custom_social_share_image":0,"_facebook_share_type":"","_twitter_share_type":"","_linkedin_share_type":"","_pinterest_share_type":"","_linkedin_share_type_page":"","_instagram_share_type":"","_medium_share_type":"","_threads_share_type":"","_google_business_share_type":"","_selected_social_profile":[],"_wpsp_enable_custom_social_template":false,"_wpsp_social_scheduling":{"enabled":false,"datetime":null,"platforms":[],"status":"template_only","dateOption":"today","timeOption":"now","customDays":"","customHours":"","customDate":"","customTime":"","schedulingType":"absolute"},"_wpsp_active_default_template":true},"categories":[52,27],"tags":[],"class_list":["post-33323","post","type-post","status-publish","format-standard","has-post-thumbnail","hentry","category-a-la-une","category-actualite"],"aioseo_notices":[],"yoast_head":"<!-- This site is optimized with the Yoast SEO plugin v27.5 - https:\/\/yoast.com\/product\/yoast-seo-wordpress\/ -->\n<title>Avoirs et biens d\u00e9tourn\u00e9s\u00a0: Ce que la Justice a r\u00e9cup\u00e9r\u00e9 - La Sentinelle<\/title>\n<meta name=\"robots\" content=\"index, follow, max-snippet:-1, max-image-preview:large, max-video-preview:-1\" \/>\n<link rel=\"canonical\" href=\"https:\/\/lasentinelle.dz\/index.php\/2022\/12\/27\/avoirs-et-biens-detournes-ce-que-la-justice-a-recupere\/\" \/>\n<meta property=\"og:locale\" content=\"fr_FR\" \/>\n<meta property=\"og:type\" content=\"article\" \/>\n<meta property=\"og:title\" content=\"Avoirs et biens d\u00e9tourn\u00e9s\u00a0: Ce que la Justice a r\u00e9cup\u00e9r\u00e9 - La Sentinelle\" \/>\n<meta property=\"og:description\" content=\"Le ministre de la Justice, Garde des Sceaux, Abderrachid Tabi, est revenu, hier, avec plus de d\u00e9tails sur les 20\" \/>\n<meta property=\"og:url\" content=\"https:\/\/lasentinelle.dz\/index.php\/2022\/12\/27\/avoirs-et-biens-detournes-ce-que-la-justice-a-recupere\/\" \/>\n<meta property=\"og:site_name\" content=\"La Sentinelle\" \/>\n<meta property=\"article:publisher\" content=\"https:\/\/www.facebook.com\/La-Sentinelle-104059864394773\" \/>\n<meta property=\"article:published_time\" content=\"2022-12-27T21:17:00+00:00\" \/>\n<meta property=\"og:image\" content=\"https:\/\/lasentinelle.dz\/wp-content\/uploads\/2022\/12\/Justice-1.png\" \/>\n\t<meta property=\"og:image:width\" content=\"1728\" \/>\n\t<meta property=\"og:image:height\" content=\"900\" \/>\n\t<meta property=\"og:image:type\" content=\"image\/png\" \/>\n<meta name=\"author\" content=\"La Sentinelle\" \/>\n<meta name=\"twitter:card\" content=\"summary_large_image\" \/>\n<meta name=\"twitter:label1\" content=\"\u00c9crit par\" \/>\n\t<meta name=\"twitter:data1\" content=\"La Sentinelle\" \/>\n\t<meta name=\"twitter:label2\" content=\"Dur\u00e9e de lecture estim\u00e9e\" \/>\n\t<meta name=\"twitter:data2\" content=\"5 minutes\" \/>\n<script type=\"application\/ld+json\" class=\"yoast-schema-graph\">{\"@context\":\"https:\\\/\\\/schema.org\",\"@graph\":[{\"@type\":\"Article\",\"@id\":\"https:\\\/\\\/lasentinelle.dz\\\/index.php\\\/2022\\\/12\\\/27\\\/avoirs-et-biens-detournes-ce-que-la-justice-a-recupere\\\/#article\",\"isPartOf\":{\"@id\":\"https:\\\/\\\/lasentinelle.dz\\\/index.php\\\/2022\\\/12\\\/27\\\/avoirs-et-biens-detournes-ce-que-la-justice-a-recupere\\\/\"},\"author\":{\"name\":\"La Sentinelle\",\"@id\":\"https:\\\/\\\/lasentinelle.dz\\\/#\\\/schema\\\/person\\\/d865044e22e70a75174ce8bcad3acfb3\"},\"headline\":\"Avoirs et biens d\u00e9tourn\u00e9s\u00a0: Ce que la Justice a r\u00e9cup\u00e9r\u00e9\",\"datePublished\":\"2022-12-27T21:17:00+00:00\",\"mainEntityOfPage\":{\"@id\":\"https:\\\/\\\/lasentinelle.dz\\\/index.php\\\/2022\\\/12\\\/27\\\/avoirs-et-biens-detournes-ce-que-la-justice-a-recupere\\\/\"},\"wordCount\":963,\"commentCount\":0,\"publisher\":{\"@id\":\"https:\\\/\\\/lasentinelle.dz\\\/#organization\"},\"image\":{\"@id\":\"https:\\\/\\\/lasentinelle.dz\\\/index.php\\\/2022\\\/12\\\/27\\\/avoirs-et-biens-detournes-ce-que-la-justice-a-recupere\\\/#primaryimage\"},\"thumbnailUrl\":\"https:\\\/\\\/lasentinelle.dz\\\/wp-content\\\/uploads\\\/2022\\\/12\\\/Justice-1.png\",\"articleSection\":[\"\u00c0 la Une\",\"Actualit\u00e9\"],\"inLanguage\":\"fr-FR\",\"potentialAction\":[{\"@type\":\"CommentAction\",\"name\":\"Comment\",\"target\":[\"https:\\\/\\\/lasentinelle.dz\\\/index.php\\\/2022\\\/12\\\/27\\\/avoirs-et-biens-detournes-ce-que-la-justice-a-recupere\\\/#respond\"]}]},{\"@type\":\"WebPage\",\"@id\":\"https:\\\/\\\/lasentinelle.dz\\\/index.php\\\/2022\\\/12\\\/27\\\/avoirs-et-biens-detournes-ce-que-la-justice-a-recupere\\\/\",\"url\":\"https:\\\/\\\/lasentinelle.dz\\\/index.php\\\/2022\\\/12\\\/27\\\/avoirs-et-biens-detournes-ce-que-la-justice-a-recupere\\\/\",\"name\":\"Avoirs et biens d\u00e9tourn\u00e9s\u00a0: Ce que la Justice a r\u00e9cup\u00e9r\u00e9 - La Sentinelle\",\"isPartOf\":{\"@id\":\"https:\\\/\\\/lasentinelle.dz\\\/#website\"},\"primaryImageOfPage\":{\"@id\":\"https:\\\/\\\/lasentinelle.dz\\\/index.php\\\/2022\\\/12\\\/27\\\/avoirs-et-biens-detournes-ce-que-la-justice-a-recupere\\\/#primaryimage\"},\"image\":{\"@id\":\"https:\\\/\\\/lasentinelle.dz\\\/index.php\\\/2022\\\/12\\\/27\\\/avoirs-et-biens-detournes-ce-que-la-justice-a-recupere\\\/#primaryimage\"},\"thumbnailUrl\":\"https:\\\/\\\/lasentinelle.dz\\\/wp-content\\\/uploads\\\/2022\\\/12\\\/Justice-1.png\",\"datePublished\":\"2022-12-27T21:17:00+00:00\",\"breadcrumb\":{\"@id\":\"https:\\\/\\\/lasentinelle.dz\\\/index.php\\\/2022\\\/12\\\/27\\\/avoirs-et-biens-detournes-ce-que-la-justice-a-recupere\\\/#breadcrumb\"},\"inLanguage\":\"fr-FR\",\"potentialAction\":[{\"@type\":\"ReadAction\",\"target\":[\"https:\\\/\\\/lasentinelle.dz\\\/index.php\\\/2022\\\/12\\\/27\\\/avoirs-et-biens-detournes-ce-que-la-justice-a-recupere\\\/\"]}]},{\"@type\":\"ImageObject\",\"inLanguage\":\"fr-FR\",\"@id\":\"https:\\\/\\\/lasentinelle.dz\\\/index.php\\\/2022\\\/12\\\/27\\\/avoirs-et-biens-detournes-ce-que-la-justice-a-recupere\\\/#primaryimage\",\"url\":\"https:\\\/\\\/lasentinelle.dz\\\/wp-content\\\/uploads\\\/2022\\\/12\\\/Justice-1.png\",\"contentUrl\":\"https:\\\/\\\/lasentinelle.dz\\\/wp-content\\\/uploads\\\/2022\\\/12\\\/Justice-1.png\",\"width\":1728,\"height\":900},{\"@type\":\"BreadcrumbList\",\"@id\":\"https:\\\/\\\/lasentinelle.dz\\\/index.php\\\/2022\\\/12\\\/27\\\/avoirs-et-biens-detournes-ce-que-la-justice-a-recupere\\\/#breadcrumb\",\"itemListElement\":[{\"@type\":\"ListItem\",\"position\":1,\"name\":\"Accueil\",\"item\":\"https:\\\/\\\/lasentinelle.dz\\\/\"},{\"@type\":\"ListItem\",\"position\":2,\"name\":\"Avoirs et biens d\u00e9tourn\u00e9s\u00a0: Ce que la Justice a r\u00e9cup\u00e9r\u00e9\"}]},{\"@type\":\"WebSite\",\"@id\":\"https:\\\/\\\/lasentinelle.dz\\\/#website\",\"url\":\"https:\\\/\\\/lasentinelle.dz\\\/\",\"name\":\"La Sentinelle\",\"description\":\"Quotidien national d&#039;information\",\"publisher\":{\"@id\":\"https:\\\/\\\/lasentinelle.dz\\\/#organization\"},\"potentialAction\":[{\"@type\":\"SearchAction\",\"target\":{\"@type\":\"EntryPoint\",\"urlTemplate\":\"https:\\\/\\\/lasentinelle.dz\\\/?s={search_term_string}\"},\"query-input\":{\"@type\":\"PropertyValueSpecification\",\"valueRequired\":true,\"valueName\":\"search_term_string\"}}],\"inLanguage\":\"fr-FR\"},{\"@type\":\"Organization\",\"@id\":\"https:\\\/\\\/lasentinelle.dz\\\/#organization\",\"name\":\"Quotidien La Sentinelle\",\"url\":\"https:\\\/\\\/lasentinelle.dz\\\/\",\"logo\":{\"@type\":\"ImageObject\",\"inLanguage\":\"fr-FR\",\"@id\":\"https:\\\/\\\/lasentinelle.dz\\\/#\\\/schema\\\/logo\\\/image\\\/\",\"url\":\"https:\\\/\\\/lasentinelle.dz\\\/wp-content\\\/uploads\\\/2021\\\/09\\\/logo-sentinelleSLOGAN-1.png\",\"contentUrl\":\"https:\\\/\\\/lasentinelle.dz\\\/wp-content\\\/uploads\\\/2021\\\/09\\\/logo-sentinelleSLOGAN-1.png\",\"width\":615,\"height\":142,\"caption\":\"Quotidien La Sentinelle\"},\"image\":{\"@id\":\"https:\\\/\\\/lasentinelle.dz\\\/#\\\/schema\\\/logo\\\/image\\\/\"},\"sameAs\":[\"https:\\\/\\\/www.facebook.com\\\/La-Sentinelle-104059864394773\"]},{\"@type\":\"Person\",\"@id\":\"https:\\\/\\\/lasentinelle.dz\\\/#\\\/schema\\\/person\\\/d865044e22e70a75174ce8bcad3acfb3\",\"name\":\"La Sentinelle\",\"image\":{\"@type\":\"ImageObject\",\"inLanguage\":\"fr-FR\",\"@id\":\"https:\\\/\\\/secure.gravatar.com\\\/avatar\\\/57de8e5d4b15d43fb361a71fbb36338450fe67865b528a43dd10ef7c51a20392?s=96&d=mm&r=g\",\"url\":\"https:\\\/\\\/secure.gravatar.com\\\/avatar\\\/57de8e5d4b15d43fb361a71fbb36338450fe67865b528a43dd10ef7c51a20392?s=96&d=mm&r=g\",\"contentUrl\":\"https:\\\/\\\/secure.gravatar.com\\\/avatar\\\/57de8e5d4b15d43fb361a71fbb36338450fe67865b528a43dd10ef7c51a20392?s=96&d=mm&r=g\",\"caption\":\"La Sentinelle\"},\"sameAs\":[\"http:\\\/\\\/www.lasentinelle.dz\"],\"url\":\"https:\\\/\\\/lasentinelle.dz\\\/author\\\/redaction\\\/\"}]}<\/script>\n<!-- \/ Yoast SEO plugin. -->","yoast_head_json":{"title":"Avoirs et biens d\u00e9tourn\u00e9s\u00a0: Ce que la Justice a r\u00e9cup\u00e9r\u00e9 - La Sentinelle","robots":{"index":"index","follow":"follow","max-snippet":"max-snippet:-1","max-image-preview":"max-image-preview:large","max-video-preview":"max-video-preview:-1"},"canonical":"https:\/\/lasentinelle.dz\/index.php\/2022\/12\/27\/avoirs-et-biens-detournes-ce-que-la-justice-a-recupere\/","og_locale":"fr_FR","og_type":"article","og_title":"Avoirs et biens d\u00e9tourn\u00e9s\u00a0: Ce que la Justice a r\u00e9cup\u00e9r\u00e9 - La Sentinelle","og_description":"Le ministre de la Justice, Garde des Sceaux, Abderrachid Tabi, est revenu, hier, avec plus de d\u00e9tails sur les 20","og_url":"https:\/\/lasentinelle.dz\/index.php\/2022\/12\/27\/avoirs-et-biens-detournes-ce-que-la-justice-a-recupere\/","og_site_name":"La Sentinelle","article_publisher":"https:\/\/www.facebook.com\/La-Sentinelle-104059864394773","article_published_time":"2022-12-27T21:17:00+00:00","og_image":[{"width":1728,"height":900,"url":"https:\/\/lasentinelle.dz\/wp-content\/uploads\/2022\/12\/Justice-1.png","type":"image\/png"}],"author":"La Sentinelle","twitter_card":"summary_large_image","twitter_misc":{"\u00c9crit par":"La Sentinelle","Dur\u00e9e de lecture estim\u00e9e":"5 minutes"},"schema":{"@context":"https:\/\/schema.org","@graph":[{"@type":"Article","@id":"https:\/\/lasentinelle.dz\/index.php\/2022\/12\/27\/avoirs-et-biens-detournes-ce-que-la-justice-a-recupere\/#article","isPartOf":{"@id":"https:\/\/lasentinelle.dz\/index.php\/2022\/12\/27\/avoirs-et-biens-detournes-ce-que-la-justice-a-recupere\/"},"author":{"name":"La Sentinelle","@id":"https:\/\/lasentinelle.dz\/#\/schema\/person\/d865044e22e70a75174ce8bcad3acfb3"},"headline":"Avoirs et biens d\u00e9tourn\u00e9s\u00a0: Ce que la Justice a r\u00e9cup\u00e9r\u00e9","datePublished":"2022-12-27T21:17:00+00:00","mainEntityOfPage":{"@id":"https:\/\/lasentinelle.dz\/index.php\/2022\/12\/27\/avoirs-et-biens-detournes-ce-que-la-justice-a-recupere\/"},"wordCount":963,"commentCount":0,"publisher":{"@id":"https:\/\/lasentinelle.dz\/#organization"},"image":{"@id":"https:\/\/lasentinelle.dz\/index.php\/2022\/12\/27\/avoirs-et-biens-detournes-ce-que-la-justice-a-recupere\/#primaryimage"},"thumbnailUrl":"https:\/\/lasentinelle.dz\/wp-content\/uploads\/2022\/12\/Justice-1.png","articleSection":["\u00c0 la Une","Actualit\u00e9"],"inLanguage":"fr-FR","potentialAction":[{"@type":"CommentAction","name":"Comment","target":["https:\/\/lasentinelle.dz\/index.php\/2022\/12\/27\/avoirs-et-biens-detournes-ce-que-la-justice-a-recupere\/#respond"]}]},{"@type":"WebPage","@id":"https:\/\/lasentinelle.dz\/index.php\/2022\/12\/27\/avoirs-et-biens-detournes-ce-que-la-justice-a-recupere\/","url":"https:\/\/lasentinelle.dz\/index.php\/2022\/12\/27\/avoirs-et-biens-detournes-ce-que-la-justice-a-recupere\/","name":"Avoirs et biens d\u00e9tourn\u00e9s\u00a0: Ce que la Justice a r\u00e9cup\u00e9r\u00e9 - La Sentinelle","isPartOf":{"@id":"https:\/\/lasentinelle.dz\/#website"},"primaryImageOfPage":{"@id":"https:\/\/lasentinelle.dz\/index.php\/2022\/12\/27\/avoirs-et-biens-detournes-ce-que-la-justice-a-recupere\/#primaryimage"},"image":{"@id":"https:\/\/lasentinelle.dz\/index.php\/2022\/12\/27\/avoirs-et-biens-detournes-ce-que-la-justice-a-recupere\/#primaryimage"},"thumbnailUrl":"https:\/\/lasentinelle.dz\/wp-content\/uploads\/2022\/12\/Justice-1.png","datePublished":"2022-12-27T21:17:00+00:00","breadcrumb":{"@id":"https:\/\/lasentinelle.dz\/index.php\/2022\/12\/27\/avoirs-et-biens-detournes-ce-que-la-justice-a-recupere\/#breadcrumb"},"inLanguage":"fr-FR","potentialAction":[{"@type":"ReadAction","target":["https:\/\/lasentinelle.dz\/index.php\/2022\/12\/27\/avoirs-et-biens-detournes-ce-que-la-justice-a-recupere\/"]}]},{"@type":"ImageObject","inLanguage":"fr-FR","@id":"https:\/\/lasentinelle.dz\/index.php\/2022\/12\/27\/avoirs-et-biens-detournes-ce-que-la-justice-a-recupere\/#primaryimage","url":"https:\/\/lasentinelle.dz\/wp-content\/uploads\/2022\/12\/Justice-1.png","contentUrl":"https:\/\/lasentinelle.dz\/wp-content\/uploads\/2022\/12\/Justice-1.png","width":1728,"height":900},{"@type":"BreadcrumbList","@id":"https:\/\/lasentinelle.dz\/index.php\/2022\/12\/27\/avoirs-et-biens-detournes-ce-que-la-justice-a-recupere\/#breadcrumb","itemListElement":[{"@type":"ListItem","position":1,"name":"Accueil","item":"https:\/\/lasentinelle.dz\/"},{"@type":"ListItem","position":2,"name":"Avoirs et biens d\u00e9tourn\u00e9s\u00a0: Ce que la Justice a r\u00e9cup\u00e9r\u00e9"}]},{"@type":"WebSite","@id":"https:\/\/lasentinelle.dz\/#website","url":"https:\/\/lasentinelle.dz\/","name":"La Sentinelle","description":"Quotidien national d&#039;information","publisher":{"@id":"https:\/\/lasentinelle.dz\/#organization"},"potentialAction":[{"@type":"SearchAction","target":{"@type":"EntryPoint","urlTemplate":"https:\/\/lasentinelle.dz\/?s={search_term_string}"},"query-input":{"@type":"PropertyValueSpecification","valueRequired":true,"valueName":"search_term_string"}}],"inLanguage":"fr-FR"},{"@type":"Organization","@id":"https:\/\/lasentinelle.dz\/#organization","name":"Quotidien La Sentinelle","url":"https:\/\/lasentinelle.dz\/","logo":{"@type":"ImageObject","inLanguage":"fr-FR","@id":"https:\/\/lasentinelle.dz\/#\/schema\/logo\/image\/","url":"https:\/\/lasentinelle.dz\/wp-content\/uploads\/2021\/09\/logo-sentinelleSLOGAN-1.png","contentUrl":"https:\/\/lasentinelle.dz\/wp-content\/uploads\/2021\/09\/logo-sentinelleSLOGAN-1.png","width":615,"height":142,"caption":"Quotidien La Sentinelle"},"image":{"@id":"https:\/\/lasentinelle.dz\/#\/schema\/logo\/image\/"},"sameAs":["https:\/\/www.facebook.com\/La-Sentinelle-104059864394773"]},{"@type":"Person","@id":"https:\/\/lasentinelle.dz\/#\/schema\/person\/d865044e22e70a75174ce8bcad3acfb3","name":"La Sentinelle","image":{"@type":"ImageObject","inLanguage":"fr-FR","@id":"https:\/\/secure.gravatar.com\/avatar\/57de8e5d4b15d43fb361a71fbb36338450fe67865b528a43dd10ef7c51a20392?s=96&d=mm&r=g","url":"https:\/\/secure.gravatar.com\/avatar\/57de8e5d4b15d43fb361a71fbb36338450fe67865b528a43dd10ef7c51a20392?s=96&d=mm&r=g","contentUrl":"https:\/\/secure.gravatar.com\/avatar\/57de8e5d4b15d43fb361a71fbb36338450fe67865b528a43dd10ef7c51a20392?s=96&d=mm&r=g","caption":"La Sentinelle"},"sameAs":["http:\/\/www.lasentinelle.dz"],"url":"https:\/\/lasentinelle.dz\/author\/redaction\/"}]}},"_links":{"self":[{"href":"https:\/\/lasentinelle.dz\/index.php\/wp-json\/wp\/v2\/posts\/33323","targetHints":{"allow":["GET"]}}],"collection":[{"href":"https:\/\/lasentinelle.dz\/index.php\/wp-json\/wp\/v2\/posts"}],"about":[{"href":"https:\/\/lasentinelle.dz\/index.php\/wp-json\/wp\/v2\/types\/post"}],"author":[{"embeddable":true,"href":"https:\/\/lasentinelle.dz\/index.php\/wp-json\/wp\/v2\/users\/3"}],"replies":[{"embeddable":true,"href":"https:\/\/lasentinelle.dz\/index.php\/wp-json\/wp\/v2\/comments?post=33323"}],"version-history":[{"count":2,"href":"https:\/\/lasentinelle.dz\/index.php\/wp-json\/wp\/v2\/posts\/33323\/revisions"}],"predecessor-version":[{"id":33361,"href":"https:\/\/lasentinelle.dz\/index.php\/wp-json\/wp\/v2\/posts\/33323\/revisions\/33361"}],"wp:featuredmedia":[{"embeddable":true,"href":"https:\/\/lasentinelle.dz\/index.php\/wp-json\/wp\/v2\/media\/33380"}],"wp:attachment":[{"href":"https:\/\/lasentinelle.dz\/index.php\/wp-json\/wp\/v2\/media?parent=33323"}],"wp:term":[{"taxonomy":"category","embeddable":true,"href":"https:\/\/lasentinelle.dz\/index.php\/wp-json\/wp\/v2\/categories?post=33323"},{"taxonomy":"post_tag","embeddable":true,"href":"https:\/\/lasentinelle.dz\/index.php\/wp-json\/wp\/v2\/tags?post=33323"}],"curies":[{"name":"wp","href":"https:\/\/api.w.org\/{rel}","templated":true}]}}