{"id":3334,"date":"2021-08-04T00:01:00","date_gmt":"2021-08-03T23:01:00","guid":{"rendered":"https:\/\/lasentinelle.dz\/?p=3334"},"modified":"2021-08-03T17:06:11","modified_gmt":"2021-08-03T16:06:11","slug":"proces-de-lex-wali-de-tipaza-10-ans-de-prison-ferme-requis","status":"publish","type":"post","link":"https:\/\/lasentinelle.dz\/index.php\/2021\/08\/04\/proces-de-lex-wali-de-tipaza-10-ans-de-prison-ferme-requis\/","title":{"rendered":"Proc\u00e8s de l\u2019ex-wali de Tipaza   : 10 ans de prison ferme requis"},"content":{"rendered":"\n<p>Dix ans de prison ferme assortie d\u2019une amende&nbsp; d\u2019un million de dinars, ont \u00e9t\u00e9 requis, hier par&nbsp; le&nbsp; procureur de la R\u00e9publique, pr\u00e8s le tribunal de Sidi M\u2019Hamed, \u00e0 l\u2019encontre de l\u2019ex-wali de Tipaza, Moussa Ghellai, poursuivi pour des affaires li\u00e9es \u00e0 la corruption et l\u2019octroi d\u2019indu-avantages.<\/p>\n\n\n\n<p>Dans son r\u00e9quisitoire, le magistrat a \u00e9galement requis contre l\u2019ex-premier responsable de la wilaya de Tipaza, dix ann\u00e9es d\u2019in\u00e9ligibilit\u00e9 qui prendra effet \u00e0 compter du premier jour&nbsp; de l\u2019ex\u00e9cution de la peine requise.Des peines de prison ferme ont \u00e9galement \u00e9t\u00e9 requises \u00e0 l\u2019encontre du directeur des domaines ainsi que des cadres des&nbsp; minist\u00e8res de l\u2019Industrie, du Tourisme et de l\u2019Environnement.En effet, le repr\u00e9sentant du minist\u00e8re public, a requis six ann\u00e9es de prison ferme assortie d\u2019une amende d\u2019un million de dinars avec in\u00e9ligibilit\u00e9 de dix ans,&nbsp;&nbsp; \u00e0 l\u2019encontre d\u2019Ali Bouamirane ancien directeur des domaines de la wilaya de Tipaza et deux \u00e0 cinq ann\u00e9es de prison ferme assorties d\u2019une amende d\u2019un million de dinars \u00e0 l\u2019encontre des cadres des minist\u00e8res, du Tourisme, de l\u2019Industrie et de l\u2019Environnement ainsi que des services de la wilaya de Tipaza.<\/p>\n\n\n\n<p>Le procureur de la R\u00e9publique a \u00e9galement requis une amende d\u2019un million de dinars&nbsp; l\u2019encontre de chacun des trois investisseurs ayant obtenu \u00ab ill\u00e9galement \u00bb des march\u00e9s dans le cadre des affaires trait\u00e9es, en plus de leur exclusion, donc black-list\u00e9s,&nbsp; durant cinq ann\u00e9es des march\u00e9s publics.<\/p>\n\n\n\n<p>Le m\u00eame magistrat a aussi requis la confiscation des capitaux et biens saisis au cours de l\u2019enqu\u00eate qui a vis\u00e9 l\u2019ex-wali de Tipaza, poursuivi, au m\u00eame titre que les responsables sus cit\u00e9s,&nbsp; pour des affaires li\u00e9es \u00e0 la corruption,&nbsp; notamment pour l\u2019octroi de march\u00e9s en violation avec la loi en vigueur, dont le projet de r\u00e9alisation d\u2019un parc d\u2019attraction dans la wilaya dont il avait la charge, d\u2019un parking automobile, d\u2019une chaine de refroidissement ainsi que d\u2019une usine d\u2019empaquetage de fruits et l\u00e9gumes sur des terrains \u00ab class\u00e9s agricoles \u00bb. Les anciens responsables sont \u00e9galement poursuivis pour dilapidation de deniers publics et abus de fonction.<\/p>\n\n\n\n<p>L\u2019ancien wali de Tipaza est actuellement en d\u00e9tention au niveau de la prison de Kol\u00e9a apr\u00e8s sa condamnation en aout 2019 \u00e0 douze ans de prison ferme dans l\u2019affaire de l\u2019ancien directeur g\u00e9n\u00e9ral de la s\u00fbret\u00e9 nationale (DGSN) Abdelghani Hamel, pour l\u2019octroi de plusieurs lots de terrains \u00e0 l\u2019un des fils de cet ancien premier responsable de la s\u00fbret\u00e9 nationale.<\/p>\n\n\n\n<p>Pour rappel, le proc\u00e8s de Moussa Ghellai a \u00e9t\u00e9 ouvert lundi dernier au niveau du tribunal de Sidi M\u2019Hamed, au cours duquel le juge charg\u00e9 de cette affaire a auditionn\u00e9 les t\u00e9moins dont les trois investisseurs ayant b\u00e9n\u00e9fici\u00e9 des assiettes de terrains \u00ab class\u00e9es agricoles \u00bb.Le premier jour de cette audience a \u00e9t\u00e9 effectivement&nbsp; consacr\u00e9e aux auditions des t\u00e9moins en appelant \u00e0 la barre les trois investisseurs qui ont ni\u00e9 en bloc toute relation priviligi\u00e9e avec l\u2019ancien premier responsable de la wilaya de Tipaza, affirmant qu\u2019ils avaient \u00ab l\u00e9galement \u00bb obtenu ces march\u00e9s.Idem pour Moussa Ghellai qui, d\u00e8s l\u2019ouverture de la s\u00e9ance, avait rejet\u00e9 les accusations port\u00e9es contre lui, en affirmant que l\u2019octroi d\u2019un terrain \u00ab class\u00e9 agricole \u00bb pour la r\u00e9alisation d\u2019un parc d\u2019attraction \u00e9tait plac\u00e9 sous la direction de l\u2019environnement pour la r\u00e9alisation de ce parc dont le montant est de 160millions de dinars. L\u2019ancien wali indiquera aussi que c\u2019est une fois d\u00e9sign\u00e9 \u00e0 la t\u00eate de cette wilaya qu\u2019il avait proc\u00e9d\u00e9 \u00e0 la mise en place d\u2019un cahier des charges et la formation d\u2019une commission charg\u00e9e de l\u2019\u00e9laboration dudit projet obtenu \u00ab l\u00e9galement \u00bb par un investisseur.Moussa Ghellai avait poursuivi ses explications concernant l\u2019octroi de cette assiette de terrain pour la r\u00e9alisation du parc d\u2019attraction, affirmant \u00ab qu\u2019il s\u2019agit des m\u00eames proc\u00e9dures adopt\u00e9es concernant le terrain se trouvant \u00e0 l\u2019int\u00e9rieur d\u2019une zone d\u2019expansion touristique (ZET) ; faisant face \u00e0 la plage de Chenoua ainsi que du projet octroy\u00e9 \u00e0 la personne morale \u2018Demarque Plus\u2019 pour la r\u00e9alisation d\u2019une chaine de refroidissement et d\u2019une unit\u00e9 d\u2019empaquetage de fruits et l\u00e9gumes \u00bb.<\/p>\n\n\n\n<p>Au cours de cette audience, le juge charg\u00e9 du dossier avait auditionn\u00e9 l\u2019ancien&nbsp; directeur des domaines, Ali Bouamrirane et les deux directeurs, de l\u2019industrie et des mines poursuivis dans cette m\u00eame affaire d\u2019octroi d\u2019indus privil\u00e8ges et abus de fonction.<\/p>\n\n\n\n<p><strong>Boubekeur Amrani&nbsp;<\/strong><\/p>\n","protected":false},"excerpt":{"rendered":"<p>Dix ans de prison ferme assortie d\u2019une amende&nbsp; d\u2019un million de dinars, ont \u00e9t\u00e9 requis, hier par&nbsp; le&nbsp; procureur de<\/p>\n","protected":false},"author":3,"featured_media":3341,"comment_status":"open","ping_status":"closed","sticky":false,"template":"","format":"standard","meta":{"colormag_page_container_layout":"default_layout","colormag_page_sidebar_layout":"default_layout","om_disable_all_campaigns":false,"_monsterinsights_skip_tracking":false,"_monsterinsights_sitenote_active":false,"_monsterinsights_sitenote_note":"","_monsterinsights_sitenote_category":0,"footnotes":"","_wpscppro_dont_share_socialmedia":false,"_wpscppro_custom_social_share_image":0,"_facebook_share_type":"","_twitter_share_type":"","_linkedin_share_type":"","_pinterest_share_type":"","_linkedin_share_type_page":"","_instagram_share_type":"","_medium_share_type":"","_threads_share_type":"","_google_business_share_type":"","_selected_social_profile":[],"_wpsp_enable_custom_social_template":false,"_wpsp_social_scheduling":{"enabled":false,"datetime":null,"platforms":[],"status":"template_only","dateOption":"today","timeOption":"now","customDays":"","customHours":"","customDate":"","customTime":"","schedulingType":"absolute"},"_wpsp_active_default_template":true},"categories":[27],"tags":[],"class_list":["post-3334","post","type-post","status-publish","format-standard","has-post-thumbnail","hentry","category-actualite"],"aioseo_notices":[],"yoast_head":"<!-- This site is optimized with the Yoast SEO plugin v27.5 - https:\/\/yoast.com\/product\/yoast-seo-wordpress\/ -->\n<title>Proc\u00e8s de l\u2019ex-wali de Tipaza  : 10 ans de prison ferme requis - La Sentinelle<\/title>\n<meta name=\"robots\" content=\"index, follow, max-snippet:-1, max-image-preview:large, max-video-preview:-1\" \/>\n<link rel=\"canonical\" href=\"https:\/\/lasentinelle.dz\/index.php\/2021\/08\/04\/proces-de-lex-wali-de-tipaza-10-ans-de-prison-ferme-requis\/\" \/>\n<meta property=\"og:locale\" content=\"fr_FR\" \/>\n<meta property=\"og:type\" content=\"article\" \/>\n<meta property=\"og:title\" content=\"Proc\u00e8s de l\u2019ex-wali de Tipaza  : 10 ans de prison ferme requis - La Sentinelle\" \/>\n<meta property=\"og:description\" content=\"Dix ans de prison ferme assortie d\u2019une amende&nbsp; d\u2019un million de dinars, ont \u00e9t\u00e9 requis, hier par&nbsp; le&nbsp; procureur de\" \/>\n<meta property=\"og:url\" content=\"https:\/\/lasentinelle.dz\/index.php\/2021\/08\/04\/proces-de-lex-wali-de-tipaza-10-ans-de-prison-ferme-requis\/\" \/>\n<meta property=\"og:site_name\" content=\"La Sentinelle\" \/>\n<meta property=\"article:publisher\" content=\"https:\/\/www.facebook.com\/La-Sentinelle-104059864394773\" \/>\n<meta property=\"article:published_time\" content=\"2021-08-03T23:01:00+00:00\" \/>\n<meta property=\"og:image\" content=\"https:\/\/lasentinelle.dz\/wp-content\/uploads\/2021\/08\/tribunal.png\" \/>\n\t<meta property=\"og:image:width\" content=\"1491\" \/>\n\t<meta property=\"og:image:height\" content=\"900\" \/>\n\t<meta property=\"og:image:type\" content=\"image\/png\" \/>\n<meta name=\"author\" content=\"La Sentinelle\" \/>\n<meta name=\"twitter:card\" content=\"summary_large_image\" \/>\n<meta name=\"twitter:label1\" content=\"\u00c9crit par\" \/>\n\t<meta name=\"twitter:data1\" content=\"La Sentinelle\" \/>\n\t<meta name=\"twitter:label2\" content=\"Dur\u00e9e de lecture estim\u00e9e\" \/>\n\t<meta name=\"twitter:data2\" content=\"3 minutes\" \/>\n<script type=\"application\/ld+json\" class=\"yoast-schema-graph\">{\"@context\":\"https:\\\/\\\/schema.org\",\"@graph\":[{\"@type\":\"Article\",\"@id\":\"https:\\\/\\\/lasentinelle.dz\\\/index.php\\\/2021\\\/08\\\/04\\\/proces-de-lex-wali-de-tipaza-10-ans-de-prison-ferme-requis\\\/#article\",\"isPartOf\":{\"@id\":\"https:\\\/\\\/lasentinelle.dz\\\/index.php\\\/2021\\\/08\\\/04\\\/proces-de-lex-wali-de-tipaza-10-ans-de-prison-ferme-requis\\\/\"},\"author\":{\"name\":\"La Sentinelle\",\"@id\":\"https:\\\/\\\/lasentinelle.dz\\\/#\\\/schema\\\/person\\\/d865044e22e70a75174ce8bcad3acfb3\"},\"headline\":\"Proc\u00e8s de l\u2019ex-wali de Tipaza : 10 ans de prison ferme requis\",\"datePublished\":\"2021-08-03T23:01:00+00:00\",\"mainEntityOfPage\":{\"@id\":\"https:\\\/\\\/lasentinelle.dz\\\/index.php\\\/2021\\\/08\\\/04\\\/proces-de-lex-wali-de-tipaza-10-ans-de-prison-ferme-requis\\\/\"},\"wordCount\":829,\"commentCount\":0,\"publisher\":{\"@id\":\"https:\\\/\\\/lasentinelle.dz\\\/#organization\"},\"image\":{\"@id\":\"https:\\\/\\\/lasentinelle.dz\\\/index.php\\\/2021\\\/08\\\/04\\\/proces-de-lex-wali-de-tipaza-10-ans-de-prison-ferme-requis\\\/#primaryimage\"},\"thumbnailUrl\":\"https:\\\/\\\/lasentinelle.dz\\\/wp-content\\\/uploads\\\/2021\\\/08\\\/tribunal.png\",\"articleSection\":[\"Actualit\u00e9\"],\"inLanguage\":\"fr-FR\",\"potentialAction\":[{\"@type\":\"CommentAction\",\"name\":\"Comment\",\"target\":[\"https:\\\/\\\/lasentinelle.dz\\\/index.php\\\/2021\\\/08\\\/04\\\/proces-de-lex-wali-de-tipaza-10-ans-de-prison-ferme-requis\\\/#respond\"]}]},{\"@type\":\"WebPage\",\"@id\":\"https:\\\/\\\/lasentinelle.dz\\\/index.php\\\/2021\\\/08\\\/04\\\/proces-de-lex-wali-de-tipaza-10-ans-de-prison-ferme-requis\\\/\",\"url\":\"https:\\\/\\\/lasentinelle.dz\\\/index.php\\\/2021\\\/08\\\/04\\\/proces-de-lex-wali-de-tipaza-10-ans-de-prison-ferme-requis\\\/\",\"name\":\"Proc\u00e8s de l\u2019ex-wali de Tipaza : 10 ans de prison ferme requis - La Sentinelle\",\"isPartOf\":{\"@id\":\"https:\\\/\\\/lasentinelle.dz\\\/#website\"},\"primaryImageOfPage\":{\"@id\":\"https:\\\/\\\/lasentinelle.dz\\\/index.php\\\/2021\\\/08\\\/04\\\/proces-de-lex-wali-de-tipaza-10-ans-de-prison-ferme-requis\\\/#primaryimage\"},\"image\":{\"@id\":\"https:\\\/\\\/lasentinelle.dz\\\/index.php\\\/2021\\\/08\\\/04\\\/proces-de-lex-wali-de-tipaza-10-ans-de-prison-ferme-requis\\\/#primaryimage\"},\"thumbnailUrl\":\"https:\\\/\\\/lasentinelle.dz\\\/wp-content\\\/uploads\\\/2021\\\/08\\\/tribunal.png\",\"datePublished\":\"2021-08-03T23:01:00+00:00\",\"breadcrumb\":{\"@id\":\"https:\\\/\\\/lasentinelle.dz\\\/index.php\\\/2021\\\/08\\\/04\\\/proces-de-lex-wali-de-tipaza-10-ans-de-prison-ferme-requis\\\/#breadcrumb\"},\"inLanguage\":\"fr-FR\",\"potentialAction\":[{\"@type\":\"ReadAction\",\"target\":[\"https:\\\/\\\/lasentinelle.dz\\\/index.php\\\/2021\\\/08\\\/04\\\/proces-de-lex-wali-de-tipaza-10-ans-de-prison-ferme-requis\\\/\"]}]},{\"@type\":\"ImageObject\",\"inLanguage\":\"fr-FR\",\"@id\":\"https:\\\/\\\/lasentinelle.dz\\\/index.php\\\/2021\\\/08\\\/04\\\/proces-de-lex-wali-de-tipaza-10-ans-de-prison-ferme-requis\\\/#primaryimage\",\"url\":\"https:\\\/\\\/lasentinelle.dz\\\/wp-content\\\/uploads\\\/2021\\\/08\\\/tribunal.png\",\"contentUrl\":\"https:\\\/\\\/lasentinelle.dz\\\/wp-content\\\/uploads\\\/2021\\\/08\\\/tribunal.png\",\"width\":1491,\"height\":900},{\"@type\":\"BreadcrumbList\",\"@id\":\"https:\\\/\\\/lasentinelle.dz\\\/index.php\\\/2021\\\/08\\\/04\\\/proces-de-lex-wali-de-tipaza-10-ans-de-prison-ferme-requis\\\/#breadcrumb\",\"itemListElement\":[{\"@type\":\"ListItem\",\"position\":1,\"name\":\"Accueil\",\"item\":\"https:\\\/\\\/lasentinelle.dz\\\/\"},{\"@type\":\"ListItem\",\"position\":2,\"name\":\"Proc\u00e8s de l\u2019ex-wali de Tipaza : 10 ans de prison ferme requis\"}]},{\"@type\":\"WebSite\",\"@id\":\"https:\\\/\\\/lasentinelle.dz\\\/#website\",\"url\":\"https:\\\/\\\/lasentinelle.dz\\\/\",\"name\":\"La Sentinelle\",\"description\":\"Quotidien national d&#039;information\",\"publisher\":{\"@id\":\"https:\\\/\\\/lasentinelle.dz\\\/#organization\"},\"potentialAction\":[{\"@type\":\"SearchAction\",\"target\":{\"@type\":\"EntryPoint\",\"urlTemplate\":\"https:\\\/\\\/lasentinelle.dz\\\/?s={search_term_string}\"},\"query-input\":{\"@type\":\"PropertyValueSpecification\",\"valueRequired\":true,\"valueName\":\"search_term_string\"}}],\"inLanguage\":\"fr-FR\"},{\"@type\":\"Organization\",\"@id\":\"https:\\\/\\\/lasentinelle.dz\\\/#organization\",\"name\":\"Quotidien La Sentinelle\",\"url\":\"https:\\\/\\\/lasentinelle.dz\\\/\",\"logo\":{\"@type\":\"ImageObject\",\"inLanguage\":\"fr-FR\",\"@id\":\"https:\\\/\\\/lasentinelle.dz\\\/#\\\/schema\\\/logo\\\/image\\\/\",\"url\":\"https:\\\/\\\/lasentinelle.dz\\\/wp-content\\\/uploads\\\/2021\\\/09\\\/logo-sentinelleSLOGAN-1.png\",\"contentUrl\":\"https:\\\/\\\/lasentinelle.dz\\\/wp-content\\\/uploads\\\/2021\\\/09\\\/logo-sentinelleSLOGAN-1.png\",\"width\":615,\"height\":142,\"caption\":\"Quotidien La Sentinelle\"},\"image\":{\"@id\":\"https:\\\/\\\/lasentinelle.dz\\\/#\\\/schema\\\/logo\\\/image\\\/\"},\"sameAs\":[\"https:\\\/\\\/www.facebook.com\\\/La-Sentinelle-104059864394773\"]},{\"@type\":\"Person\",\"@id\":\"https:\\\/\\\/lasentinelle.dz\\\/#\\\/schema\\\/person\\\/d865044e22e70a75174ce8bcad3acfb3\",\"name\":\"La Sentinelle\",\"image\":{\"@type\":\"ImageObject\",\"inLanguage\":\"fr-FR\",\"@id\":\"https:\\\/\\\/secure.gravatar.com\\\/avatar\\\/57de8e5d4b15d43fb361a71fbb36338450fe67865b528a43dd10ef7c51a20392?s=96&d=mm&r=g\",\"url\":\"https:\\\/\\\/secure.gravatar.com\\\/avatar\\\/57de8e5d4b15d43fb361a71fbb36338450fe67865b528a43dd10ef7c51a20392?s=96&d=mm&r=g\",\"contentUrl\":\"https:\\\/\\\/secure.gravatar.com\\\/avatar\\\/57de8e5d4b15d43fb361a71fbb36338450fe67865b528a43dd10ef7c51a20392?s=96&d=mm&r=g\",\"caption\":\"La Sentinelle\"},\"sameAs\":[\"http:\\\/\\\/www.lasentinelle.dz\"],\"url\":\"https:\\\/\\\/lasentinelle.dz\\\/author\\\/redaction\\\/\"}]}<\/script>\n<!-- \/ Yoast SEO plugin. -->","yoast_head_json":{"title":"Proc\u00e8s de l\u2019ex-wali de Tipaza  : 10 ans de prison ferme requis - La Sentinelle","robots":{"index":"index","follow":"follow","max-snippet":"max-snippet:-1","max-image-preview":"max-image-preview:large","max-video-preview":"max-video-preview:-1"},"canonical":"https:\/\/lasentinelle.dz\/index.php\/2021\/08\/04\/proces-de-lex-wali-de-tipaza-10-ans-de-prison-ferme-requis\/","og_locale":"fr_FR","og_type":"article","og_title":"Proc\u00e8s de l\u2019ex-wali de Tipaza  : 10 ans de prison ferme requis - La Sentinelle","og_description":"Dix ans de prison ferme assortie d\u2019une amende&nbsp; d\u2019un million de dinars, ont \u00e9t\u00e9 requis, hier par&nbsp; le&nbsp; procureur de","og_url":"https:\/\/lasentinelle.dz\/index.php\/2021\/08\/04\/proces-de-lex-wali-de-tipaza-10-ans-de-prison-ferme-requis\/","og_site_name":"La Sentinelle","article_publisher":"https:\/\/www.facebook.com\/La-Sentinelle-104059864394773","article_published_time":"2021-08-03T23:01:00+00:00","og_image":[{"width":1491,"height":900,"url":"https:\/\/lasentinelle.dz\/wp-content\/uploads\/2021\/08\/tribunal.png","type":"image\/png"}],"author":"La Sentinelle","twitter_card":"summary_large_image","twitter_misc":{"\u00c9crit par":"La Sentinelle","Dur\u00e9e de lecture estim\u00e9e":"3 minutes"},"schema":{"@context":"https:\/\/schema.org","@graph":[{"@type":"Article","@id":"https:\/\/lasentinelle.dz\/index.php\/2021\/08\/04\/proces-de-lex-wali-de-tipaza-10-ans-de-prison-ferme-requis\/#article","isPartOf":{"@id":"https:\/\/lasentinelle.dz\/index.php\/2021\/08\/04\/proces-de-lex-wali-de-tipaza-10-ans-de-prison-ferme-requis\/"},"author":{"name":"La Sentinelle","@id":"https:\/\/lasentinelle.dz\/#\/schema\/person\/d865044e22e70a75174ce8bcad3acfb3"},"headline":"Proc\u00e8s de l\u2019ex-wali de Tipaza : 10 ans de prison ferme requis","datePublished":"2021-08-03T23:01:00+00:00","mainEntityOfPage":{"@id":"https:\/\/lasentinelle.dz\/index.php\/2021\/08\/04\/proces-de-lex-wali-de-tipaza-10-ans-de-prison-ferme-requis\/"},"wordCount":829,"commentCount":0,"publisher":{"@id":"https:\/\/lasentinelle.dz\/#organization"},"image":{"@id":"https:\/\/lasentinelle.dz\/index.php\/2021\/08\/04\/proces-de-lex-wali-de-tipaza-10-ans-de-prison-ferme-requis\/#primaryimage"},"thumbnailUrl":"https:\/\/lasentinelle.dz\/wp-content\/uploads\/2021\/08\/tribunal.png","articleSection":["Actualit\u00e9"],"inLanguage":"fr-FR","potentialAction":[{"@type":"CommentAction","name":"Comment","target":["https:\/\/lasentinelle.dz\/index.php\/2021\/08\/04\/proces-de-lex-wali-de-tipaza-10-ans-de-prison-ferme-requis\/#respond"]}]},{"@type":"WebPage","@id":"https:\/\/lasentinelle.dz\/index.php\/2021\/08\/04\/proces-de-lex-wali-de-tipaza-10-ans-de-prison-ferme-requis\/","url":"https:\/\/lasentinelle.dz\/index.php\/2021\/08\/04\/proces-de-lex-wali-de-tipaza-10-ans-de-prison-ferme-requis\/","name":"Proc\u00e8s de l\u2019ex-wali de Tipaza : 10 ans de prison ferme requis - La Sentinelle","isPartOf":{"@id":"https:\/\/lasentinelle.dz\/#website"},"primaryImageOfPage":{"@id":"https:\/\/lasentinelle.dz\/index.php\/2021\/08\/04\/proces-de-lex-wali-de-tipaza-10-ans-de-prison-ferme-requis\/#primaryimage"},"image":{"@id":"https:\/\/lasentinelle.dz\/index.php\/2021\/08\/04\/proces-de-lex-wali-de-tipaza-10-ans-de-prison-ferme-requis\/#primaryimage"},"thumbnailUrl":"https:\/\/lasentinelle.dz\/wp-content\/uploads\/2021\/08\/tribunal.png","datePublished":"2021-08-03T23:01:00+00:00","breadcrumb":{"@id":"https:\/\/lasentinelle.dz\/index.php\/2021\/08\/04\/proces-de-lex-wali-de-tipaza-10-ans-de-prison-ferme-requis\/#breadcrumb"},"inLanguage":"fr-FR","potentialAction":[{"@type":"ReadAction","target":["https:\/\/lasentinelle.dz\/index.php\/2021\/08\/04\/proces-de-lex-wali-de-tipaza-10-ans-de-prison-ferme-requis\/"]}]},{"@type":"ImageObject","inLanguage":"fr-FR","@id":"https:\/\/lasentinelle.dz\/index.php\/2021\/08\/04\/proces-de-lex-wali-de-tipaza-10-ans-de-prison-ferme-requis\/#primaryimage","url":"https:\/\/lasentinelle.dz\/wp-content\/uploads\/2021\/08\/tribunal.png","contentUrl":"https:\/\/lasentinelle.dz\/wp-content\/uploads\/2021\/08\/tribunal.png","width":1491,"height":900},{"@type":"BreadcrumbList","@id":"https:\/\/lasentinelle.dz\/index.php\/2021\/08\/04\/proces-de-lex-wali-de-tipaza-10-ans-de-prison-ferme-requis\/#breadcrumb","itemListElement":[{"@type":"ListItem","position":1,"name":"Accueil","item":"https:\/\/lasentinelle.dz\/"},{"@type":"ListItem","position":2,"name":"Proc\u00e8s de l\u2019ex-wali de Tipaza : 10 ans de prison ferme requis"}]},{"@type":"WebSite","@id":"https:\/\/lasentinelle.dz\/#website","url":"https:\/\/lasentinelle.dz\/","name":"La Sentinelle","description":"Quotidien national d&#039;information","publisher":{"@id":"https:\/\/lasentinelle.dz\/#organization"},"potentialAction":[{"@type":"SearchAction","target":{"@type":"EntryPoint","urlTemplate":"https:\/\/lasentinelle.dz\/?s={search_term_string}"},"query-input":{"@type":"PropertyValueSpecification","valueRequired":true,"valueName":"search_term_string"}}],"inLanguage":"fr-FR"},{"@type":"Organization","@id":"https:\/\/lasentinelle.dz\/#organization","name":"Quotidien La Sentinelle","url":"https:\/\/lasentinelle.dz\/","logo":{"@type":"ImageObject","inLanguage":"fr-FR","@id":"https:\/\/lasentinelle.dz\/#\/schema\/logo\/image\/","url":"https:\/\/lasentinelle.dz\/wp-content\/uploads\/2021\/09\/logo-sentinelleSLOGAN-1.png","contentUrl":"https:\/\/lasentinelle.dz\/wp-content\/uploads\/2021\/09\/logo-sentinelleSLOGAN-1.png","width":615,"height":142,"caption":"Quotidien La Sentinelle"},"image":{"@id":"https:\/\/lasentinelle.dz\/#\/schema\/logo\/image\/"},"sameAs":["https:\/\/www.facebook.com\/La-Sentinelle-104059864394773"]},{"@type":"Person","@id":"https:\/\/lasentinelle.dz\/#\/schema\/person\/d865044e22e70a75174ce8bcad3acfb3","name":"La Sentinelle","image":{"@type":"ImageObject","inLanguage":"fr-FR","@id":"https:\/\/secure.gravatar.com\/avatar\/57de8e5d4b15d43fb361a71fbb36338450fe67865b528a43dd10ef7c51a20392?s=96&d=mm&r=g","url":"https:\/\/secure.gravatar.com\/avatar\/57de8e5d4b15d43fb361a71fbb36338450fe67865b528a43dd10ef7c51a20392?s=96&d=mm&r=g","contentUrl":"https:\/\/secure.gravatar.com\/avatar\/57de8e5d4b15d43fb361a71fbb36338450fe67865b528a43dd10ef7c51a20392?s=96&d=mm&r=g","caption":"La Sentinelle"},"sameAs":["http:\/\/www.lasentinelle.dz"],"url":"https:\/\/lasentinelle.dz\/author\/redaction\/"}]}},"_links":{"self":[{"href":"https:\/\/lasentinelle.dz\/index.php\/wp-json\/wp\/v2\/posts\/3334","targetHints":{"allow":["GET"]}}],"collection":[{"href":"https:\/\/lasentinelle.dz\/index.php\/wp-json\/wp\/v2\/posts"}],"about":[{"href":"https:\/\/lasentinelle.dz\/index.php\/wp-json\/wp\/v2\/types\/post"}],"author":[{"embeddable":true,"href":"https:\/\/lasentinelle.dz\/index.php\/wp-json\/wp\/v2\/users\/3"}],"replies":[{"embeddable":true,"href":"https:\/\/lasentinelle.dz\/index.php\/wp-json\/wp\/v2\/comments?post=3334"}],"version-history":[{"count":1,"href":"https:\/\/lasentinelle.dz\/index.php\/wp-json\/wp\/v2\/posts\/3334\/revisions"}],"predecessor-version":[{"id":3346,"href":"https:\/\/lasentinelle.dz\/index.php\/wp-json\/wp\/v2\/posts\/3334\/revisions\/3346"}],"wp:featuredmedia":[{"embeddable":true,"href":"https:\/\/lasentinelle.dz\/index.php\/wp-json\/wp\/v2\/media\/3341"}],"wp:attachment":[{"href":"https:\/\/lasentinelle.dz\/index.php\/wp-json\/wp\/v2\/media?parent=3334"}],"wp:term":[{"taxonomy":"category","embeddable":true,"href":"https:\/\/lasentinelle.dz\/index.php\/wp-json\/wp\/v2\/categories?post=3334"},{"taxonomy":"post_tag","embeddable":true,"href":"https:\/\/lasentinelle.dz\/index.php\/wp-json\/wp\/v2\/tags?post=3334"}],"curies":[{"name":"wp","href":"https:\/\/api.w.org\/{rel}","templated":true}]}}