{"id":33347,"date":"2022-12-27T22:15:00","date_gmt":"2022-12-27T21:15:00","guid":{"rendered":"https:\/\/lasentinelle.dz\/?p=33347"},"modified":"2022-12-27T20:05:14","modified_gmt":"2022-12-27T19:05:14","slug":"ultime-rappel-de-larav-aux-radioset-aux-televisions-complements-alimentaires-halte-a-la-publicite-mensongere","status":"publish","type":"post","link":"https:\/\/lasentinelle.dz\/index.php\/2022\/12\/27\/ultime-rappel-de-larav-aux-radioset-aux-televisions-complements-alimentaires-halte-a-la-publicite-mensongere\/","title":{"rendered":"Ultime rappel de l\u2019Arav aux radioset aux t\u00e9l\u00e9visions\u00a0: Compl\u00e9ments alimentaires : halte \u00e0 la publicit\u00e9 mensong\u00e8re\u00a0!"},"content":{"rendered":"\n<p>La sortie de l\u2019Arav intervient un mois apr\u00e8s l\u2019annonce par le ministre de l\u2019Industrie pharmaceutique d\u2019un d\u00e9cret, en cours de pr\u00e9paration en coordination entre trois minist\u00e8res, pour r\u00e9glementer le march\u00e9 des compl\u00e9ments alimentaires. Il y va de la sant\u00e9 publique.<\/p>\n\n\n\n<p>Il \u00e9tait temps ! Les campagnes publicitaires sur les suppl\u00e9ments nutritionnels, commun\u00e9ment appel\u00e9 compl\u00e9ments alimentaires, et diffus\u00e9es sur les cha\u00eenes des radios et des t\u00e9l\u00e9visions, priv\u00e9es soient-elles ou publiques, seront soumises au contr\u00f4le. Occupant, souvent, des plages horaires importantes, notamment sur les cha\u00eenes de t\u00e9l\u00e9vision dites \u00ab priv\u00e9es \u00bb, ces publicit\u00e9s non contr\u00f4l\u00e9es par les autorit\u00e9s sanitaires et commerciales avaient d\u00e9j\u00e0 fait l\u2019objet de plusieurs scandales, allant jusqu\u2019\u00e0 interpeller la conscience nationale, notamment la famille m\u00e9dicale moins outill\u00e9es pour sensibiliser les citoyens sur la dangerosit\u00e9 de ces compl\u00e9ments pr\u00e9sent\u00e9s comme des rem\u00e8des efficaces et radicales. Hier, l\u2019Autorit\u00e9 de r\u00e9gulation de l\u2019audiovisuel (Arav) a r\u00e9agi, \u00e0 travers un communiqu\u00e9 rendu public, appelant les cha\u00eenes des radios et des t\u00e9l\u00e9visions nationales \u00e0 respecter les clauses contenus dans l\u2019instruction interminist\u00e9rielle qui avait \u00e9t\u00e9 \u00e9mise au mois d\u2019ao\u00fbt dernier. Si l\u2019Arav reste tr\u00e8s regardante sur le abus de certaines firmes et de certaines cha\u00eenes de radios et de t\u00e9l\u00e9vision sur le contenu et le contenant de ces publicit\u00e9s mensong\u00e8res, l\u2019autorit\u00e9 pr\u00e9cisera que chaque produit propos\u00e9 \u00e0 une quelconque campagne de publicit\u00e9 devra \u00eatre soumis aux \u00ab modalit\u00e9s de contr\u00f4le de la conformit\u00e9 des ingr\u00e9dients alimentaires destin\u00e9s \u00e0 la consommation humaine \u00bb, de telle sorte \u00e0 ne pas porter atteinte \u00e0 la s\u00e9curit\u00e9 et \u00e0 la sant\u00e9 des consommateurs. Tout en rappelant le contenu de cette instruction, l\u2019Arav juge n\u00e9cessaire, voire primordial \u00ab de cesser de prescrire des compl\u00e9ments alimentaires avec des all\u00e9gations th\u00e9rapeutiques et pr\u00e9ventives de maladies humaines ou des all\u00e9gations de sant\u00e9 injustifi\u00e9es \u00bb, mais aussi d\u2019\u00ab assurer la pr\u00e9sence et la validit\u00e9 du code vertical (code-barres) sur les emballages des compl\u00e9ments alimentaires \u00bb, et ce, dans le souci d\u2019\u00e9tablir la tra\u00e7abilit\u00e9 du produit. En ce sens, l\u2019Arav a tenu \u00e0 informer \u00ab tous les m\u00e9dias audiovisuels que l\u2019\u00e9tiquette de classification du compl\u00e9ment alimentaire accord\u00e9e par le minist\u00e8re de la Sant\u00e9 doit \u00eatre soumise avant tout processus publicitaire \u00bb. A ce propos, il convient de rappeler que le ministre de l\u2019Industrie pharmaceutique, Ali Aoun, a d\u00e9clar\u00e9, il y a moins d\u2019un mois, qu\u2019il \u00e9tait temps \u00ab de mettre fin \u00e0 l\u2019anarchie qui r\u00e8gne dans le domaine des compl\u00e9ments alimentaires en Alg\u00e9rie (\u2026) Il faut qu\u2019on arr\u00eate l\u2019arriv\u00e9e de partout des compl\u00e9ments alimentaires. L\u2019Alg\u00e9rie importe chaque ann\u00e9e plus de 500 millions d\u2019euros de compl\u00e9ments alimentaires. O\u00f9 allons-nous comme \u00e7a ? \u00bb, s\u2019est interrog\u00e9 Ali Aoun, soulignant que \u00ab tout le monde s\u2019est engouffr\u00e9 dans ce march\u00e9 parce qu\u2019il n\u2019y a pas de contr\u00f4le \u00bb. Ce \u00e0 quoi, le ministre de l\u2019Industrie pharmaceutique a pris la d\u00e9cision d\u2019interdire la publicit\u00e9 des compl\u00e9ments alimentaires \u00e0 la t\u00e9l\u00e9vision. \u00ab Si vous l\u2019avez remarqu\u00e9 d\u00e9j\u00e0, il n\u2019y a plus de la publicit\u00e9 \u00e0 la t\u00e9l\u00e9vision. Depuis un mois, il n\u2019y a plus de publicit\u00e9 sur les compl\u00e9ments alimentaires \u00e0 la t\u00e9l\u00e9vision parce que c\u2019est une catastrophe \u00bb, a-t-il r\u00e9v\u00e9l\u00e9. Sur un autre registre, l\u2019Arav a soulign\u00e9 la n\u00e9cessit\u00e9 de \u00ab s\u2019abstenir compl\u00e8tement d\u2019exploiter les enfants dans cette forme de propagande \u00bb, pr\u00e9cisant que \u00ab des mesures n\u00e9cessaires seront prises si toute violation de ces dispositions est notifi\u00e9e \u00bb. Dans son communiqu\u00e9, la m\u00eame autorit\u00e9 a indiqu\u00e9 que cette mesure vise principalement \u00e0 \u00ab prot\u00e9ger les consommateurs et leur s\u00e9curit\u00e9 et \u00e0 pr\u00e9server la sant\u00e9 publique \u00bb, rappelantque ces campagnes trompeuses croissantes l\u2019avaient incit\u00e9 \u00e0 publier une d\u00e9claration publique en 2020 pour juguler ce ph\u00e9nom\u00e8ne et contr\u00f4ler les m\u00e9canismes de promotion m\u00e9diatique de ces substances, en plus d\u2019exiger la n\u00e9cessit\u00e9 d\u2019une coordination entre les diff\u00e9rents d\u00e9partements li\u00e9s au sujet des compl\u00e9ments alimentaires, y compris l\u2019Agence nationale de s\u00e9curit\u00e9 sanitaire. Du reste, il convient de noter que le ministre de l\u2019Industrie pharmaceutique a plaid\u00e9 pour l\u2019urgence de r\u00e9glementer cette activit\u00e9 qui a pris de l\u2019ampleur ces derni\u00e8res ann\u00e9es. Il a r\u00e9v\u00e9l\u00e9 qu\u2019un d\u00e9cret est en cours de pr\u00e9paration entre trois minist\u00e8res pour r\u00e9glementer ces produits. Le scandale de Rahmat Rabi (RHB) est pass\u00e9 par l\u00e0 en 2016, promettant aux diab\u00e9tiques des miracles, le march\u00e9 des compl\u00e9ments n\u2019a pas pour autant \u00e9t\u00e9 impact\u00e9, encore moins r\u00e9glement\u00e9. Pire, il s\u2019est d\u00e9velopp\u00e9, devenu juteux, \u00e0 l\u2019abri de tout contr\u00f4le, au d\u00e9triment du Tr\u00e9sor et de la sant\u00e9 publique.<\/p>\n\n\n\n<p><strong>Riad Lamara<\/strong><\/p>\n","protected":false},"excerpt":{"rendered":"<p>La sortie de l\u2019Arav intervient un mois apr\u00e8s l\u2019annonce par le ministre de l\u2019Industrie pharmaceutique d\u2019un d\u00e9cret, en cours de<\/p>\n","protected":false},"author":3,"featured_media":33348,"comment_status":"open","ping_status":"closed","sticky":false,"template":"","format":"standard","meta":{"colormag_page_container_layout":"default_layout","colormag_page_sidebar_layout":"default_layout","om_disable_all_campaigns":false,"_monsterinsights_skip_tracking":false,"_monsterinsights_sitenote_active":false,"_monsterinsights_sitenote_note":"","_monsterinsights_sitenote_category":0,"footnotes":"","_wpscppro_dont_share_socialmedia":false,"_wpscppro_custom_social_share_image":0,"_facebook_share_type":"","_twitter_share_type":"","_linkedin_share_type":"","_pinterest_share_type":"","_linkedin_share_type_page":"","_instagram_share_type":"","_medium_share_type":"","_threads_share_type":"","_google_business_share_type":"","_selected_social_profile":[],"_wpsp_enable_custom_social_template":false,"_wpsp_social_scheduling":{"enabled":false,"datetime":null,"platforms":[],"status":"template_only","dateOption":"today","timeOption":"now","customDays":"","customHours":"","customDate":"","customTime":"","schedulingType":"absolute"},"_wpsp_active_default_template":true},"categories":[52,27],"tags":[],"class_list":["post-33347","post","type-post","status-publish","format-standard","has-post-thumbnail","hentry","category-a-la-une","category-actualite"],"aioseo_notices":[],"yoast_head":"<!-- This site is optimized with the Yoast SEO plugin v27.5 - https:\/\/yoast.com\/product\/yoast-seo-wordpress\/ -->\n<title>Ultime rappel de l\u2019Arav aux radioset aux t\u00e9l\u00e9visions\u00a0: Compl\u00e9ments alimentaires : halte \u00e0 la publicit\u00e9 mensong\u00e8re\u00a0! - La Sentinelle<\/title>\n<meta name=\"robots\" content=\"index, follow, max-snippet:-1, max-image-preview:large, max-video-preview:-1\" \/>\n<link rel=\"canonical\" href=\"https:\/\/lasentinelle.dz\/index.php\/2022\/12\/27\/ultime-rappel-de-larav-aux-radioset-aux-televisions-complements-alimentaires-halte-a-la-publicite-mensongere\/\" \/>\n<meta property=\"og:locale\" content=\"fr_FR\" \/>\n<meta property=\"og:type\" content=\"article\" \/>\n<meta property=\"og:title\" content=\"Ultime rappel de l\u2019Arav aux radioset aux t\u00e9l\u00e9visions\u00a0: Compl\u00e9ments alimentaires : halte \u00e0 la publicit\u00e9 mensong\u00e8re\u00a0! - La Sentinelle\" \/>\n<meta property=\"og:description\" content=\"La sortie de l\u2019Arav intervient un mois apr\u00e8s l\u2019annonce par le ministre de l\u2019Industrie pharmaceutique d\u2019un d\u00e9cret, en cours de\" \/>\n<meta property=\"og:url\" content=\"https:\/\/lasentinelle.dz\/index.php\/2022\/12\/27\/ultime-rappel-de-larav-aux-radioset-aux-televisions-complements-alimentaires-halte-a-la-publicite-mensongere\/\" \/>\n<meta property=\"og:site_name\" content=\"La Sentinelle\" \/>\n<meta property=\"article:publisher\" content=\"https:\/\/www.facebook.com\/La-Sentinelle-104059864394773\" \/>\n<meta property=\"article:published_time\" content=\"2022-12-27T21:15:00+00:00\" \/>\n<meta property=\"og:image\" content=\"https:\/\/lasentinelle.dz\/wp-content\/uploads\/2022\/12\/complement-alimentaire.png\" \/>\n\t<meta property=\"og:image:width\" content=\"1350\" \/>\n\t<meta property=\"og:image:height\" content=\"900\" \/>\n\t<meta property=\"og:image:type\" content=\"image\/png\" \/>\n<meta name=\"author\" content=\"La Sentinelle\" \/>\n<meta name=\"twitter:card\" content=\"summary_large_image\" \/>\n<meta name=\"twitter:label1\" content=\"\u00c9crit par\" \/>\n\t<meta name=\"twitter:data1\" content=\"La Sentinelle\" \/>\n\t<meta name=\"twitter:label2\" content=\"Dur\u00e9e de lecture estim\u00e9e\" \/>\n\t<meta name=\"twitter:data2\" content=\"4 minutes\" \/>\n<script type=\"application\/ld+json\" class=\"yoast-schema-graph\">{\"@context\":\"https:\\\/\\\/schema.org\",\"@graph\":[{\"@type\":\"Article\",\"@id\":\"https:\\\/\\\/lasentinelle.dz\\\/index.php\\\/2022\\\/12\\\/27\\\/ultime-rappel-de-larav-aux-radioset-aux-televisions-complements-alimentaires-halte-a-la-publicite-mensongere\\\/#article\",\"isPartOf\":{\"@id\":\"https:\\\/\\\/lasentinelle.dz\\\/index.php\\\/2022\\\/12\\\/27\\\/ultime-rappel-de-larav-aux-radioset-aux-televisions-complements-alimentaires-halte-a-la-publicite-mensongere\\\/\"},\"author\":{\"name\":\"La Sentinelle\",\"@id\":\"https:\\\/\\\/lasentinelle.dz\\\/#\\\/schema\\\/person\\\/d865044e22e70a75174ce8bcad3acfb3\"},\"headline\":\"Ultime rappel de l\u2019Arav aux radioset aux t\u00e9l\u00e9visions\u00a0: Compl\u00e9ments alimentaires : halte \u00e0 la publicit\u00e9 mensong\u00e8re\u00a0!\",\"datePublished\":\"2022-12-27T21:15:00+00:00\",\"mainEntityOfPage\":{\"@id\":\"https:\\\/\\\/lasentinelle.dz\\\/index.php\\\/2022\\\/12\\\/27\\\/ultime-rappel-de-larav-aux-radioset-aux-televisions-complements-alimentaires-halte-a-la-publicite-mensongere\\\/\"},\"wordCount\":872,\"commentCount\":0,\"publisher\":{\"@id\":\"https:\\\/\\\/lasentinelle.dz\\\/#organization\"},\"image\":{\"@id\":\"https:\\\/\\\/lasentinelle.dz\\\/index.php\\\/2022\\\/12\\\/27\\\/ultime-rappel-de-larav-aux-radioset-aux-televisions-complements-alimentaires-halte-a-la-publicite-mensongere\\\/#primaryimage\"},\"thumbnailUrl\":\"https:\\\/\\\/lasentinelle.dz\\\/wp-content\\\/uploads\\\/2022\\\/12\\\/complement-alimentaire.png\",\"articleSection\":[\"\u00c0 la Une\",\"Actualit\u00e9\"],\"inLanguage\":\"fr-FR\",\"potentialAction\":[{\"@type\":\"CommentAction\",\"name\":\"Comment\",\"target\":[\"https:\\\/\\\/lasentinelle.dz\\\/index.php\\\/2022\\\/12\\\/27\\\/ultime-rappel-de-larav-aux-radioset-aux-televisions-complements-alimentaires-halte-a-la-publicite-mensongere\\\/#respond\"]}]},{\"@type\":\"WebPage\",\"@id\":\"https:\\\/\\\/lasentinelle.dz\\\/index.php\\\/2022\\\/12\\\/27\\\/ultime-rappel-de-larav-aux-radioset-aux-televisions-complements-alimentaires-halte-a-la-publicite-mensongere\\\/\",\"url\":\"https:\\\/\\\/lasentinelle.dz\\\/index.php\\\/2022\\\/12\\\/27\\\/ultime-rappel-de-larav-aux-radioset-aux-televisions-complements-alimentaires-halte-a-la-publicite-mensongere\\\/\",\"name\":\"Ultime rappel de l\u2019Arav aux radioset aux t\u00e9l\u00e9visions\u00a0: Compl\u00e9ments alimentaires : halte \u00e0 la publicit\u00e9 mensong\u00e8re\u00a0! - La Sentinelle\",\"isPartOf\":{\"@id\":\"https:\\\/\\\/lasentinelle.dz\\\/#website\"},\"primaryImageOfPage\":{\"@id\":\"https:\\\/\\\/lasentinelle.dz\\\/index.php\\\/2022\\\/12\\\/27\\\/ultime-rappel-de-larav-aux-radioset-aux-televisions-complements-alimentaires-halte-a-la-publicite-mensongere\\\/#primaryimage\"},\"image\":{\"@id\":\"https:\\\/\\\/lasentinelle.dz\\\/index.php\\\/2022\\\/12\\\/27\\\/ultime-rappel-de-larav-aux-radioset-aux-televisions-complements-alimentaires-halte-a-la-publicite-mensongere\\\/#primaryimage\"},\"thumbnailUrl\":\"https:\\\/\\\/lasentinelle.dz\\\/wp-content\\\/uploads\\\/2022\\\/12\\\/complement-alimentaire.png\",\"datePublished\":\"2022-12-27T21:15:00+00:00\",\"breadcrumb\":{\"@id\":\"https:\\\/\\\/lasentinelle.dz\\\/index.php\\\/2022\\\/12\\\/27\\\/ultime-rappel-de-larav-aux-radioset-aux-televisions-complements-alimentaires-halte-a-la-publicite-mensongere\\\/#breadcrumb\"},\"inLanguage\":\"fr-FR\",\"potentialAction\":[{\"@type\":\"ReadAction\",\"target\":[\"https:\\\/\\\/lasentinelle.dz\\\/index.php\\\/2022\\\/12\\\/27\\\/ultime-rappel-de-larav-aux-radioset-aux-televisions-complements-alimentaires-halte-a-la-publicite-mensongere\\\/\"]}]},{\"@type\":\"ImageObject\",\"inLanguage\":\"fr-FR\",\"@id\":\"https:\\\/\\\/lasentinelle.dz\\\/index.php\\\/2022\\\/12\\\/27\\\/ultime-rappel-de-larav-aux-radioset-aux-televisions-complements-alimentaires-halte-a-la-publicite-mensongere\\\/#primaryimage\",\"url\":\"https:\\\/\\\/lasentinelle.dz\\\/wp-content\\\/uploads\\\/2022\\\/12\\\/complement-alimentaire.png\",\"contentUrl\":\"https:\\\/\\\/lasentinelle.dz\\\/wp-content\\\/uploads\\\/2022\\\/12\\\/complement-alimentaire.png\",\"width\":1350,\"height\":900},{\"@type\":\"BreadcrumbList\",\"@id\":\"https:\\\/\\\/lasentinelle.dz\\\/index.php\\\/2022\\\/12\\\/27\\\/ultime-rappel-de-larav-aux-radioset-aux-televisions-complements-alimentaires-halte-a-la-publicite-mensongere\\\/#breadcrumb\",\"itemListElement\":[{\"@type\":\"ListItem\",\"position\":1,\"name\":\"Accueil\",\"item\":\"https:\\\/\\\/lasentinelle.dz\\\/\"},{\"@type\":\"ListItem\",\"position\":2,\"name\":\"Ultime rappel de l\u2019Arav aux radioset aux t\u00e9l\u00e9visions\u00a0: Compl\u00e9ments alimentaires : halte \u00e0 la publicit\u00e9 mensong\u00e8re\u00a0!\"}]},{\"@type\":\"WebSite\",\"@id\":\"https:\\\/\\\/lasentinelle.dz\\\/#website\",\"url\":\"https:\\\/\\\/lasentinelle.dz\\\/\",\"name\":\"La Sentinelle\",\"description\":\"Quotidien national d&#039;information\",\"publisher\":{\"@id\":\"https:\\\/\\\/lasentinelle.dz\\\/#organization\"},\"potentialAction\":[{\"@type\":\"SearchAction\",\"target\":{\"@type\":\"EntryPoint\",\"urlTemplate\":\"https:\\\/\\\/lasentinelle.dz\\\/?s={search_term_string}\"},\"query-input\":{\"@type\":\"PropertyValueSpecification\",\"valueRequired\":true,\"valueName\":\"search_term_string\"}}],\"inLanguage\":\"fr-FR\"},{\"@type\":\"Organization\",\"@id\":\"https:\\\/\\\/lasentinelle.dz\\\/#organization\",\"name\":\"Quotidien La Sentinelle\",\"url\":\"https:\\\/\\\/lasentinelle.dz\\\/\",\"logo\":{\"@type\":\"ImageObject\",\"inLanguage\":\"fr-FR\",\"@id\":\"https:\\\/\\\/lasentinelle.dz\\\/#\\\/schema\\\/logo\\\/image\\\/\",\"url\":\"https:\\\/\\\/lasentinelle.dz\\\/wp-content\\\/uploads\\\/2021\\\/09\\\/logo-sentinelleSLOGAN-1.png\",\"contentUrl\":\"https:\\\/\\\/lasentinelle.dz\\\/wp-content\\\/uploads\\\/2021\\\/09\\\/logo-sentinelleSLOGAN-1.png\",\"width\":615,\"height\":142,\"caption\":\"Quotidien La Sentinelle\"},\"image\":{\"@id\":\"https:\\\/\\\/lasentinelle.dz\\\/#\\\/schema\\\/logo\\\/image\\\/\"},\"sameAs\":[\"https:\\\/\\\/www.facebook.com\\\/La-Sentinelle-104059864394773\"]},{\"@type\":\"Person\",\"@id\":\"https:\\\/\\\/lasentinelle.dz\\\/#\\\/schema\\\/person\\\/d865044e22e70a75174ce8bcad3acfb3\",\"name\":\"La Sentinelle\",\"image\":{\"@type\":\"ImageObject\",\"inLanguage\":\"fr-FR\",\"@id\":\"https:\\\/\\\/secure.gravatar.com\\\/avatar\\\/57de8e5d4b15d43fb361a71fbb36338450fe67865b528a43dd10ef7c51a20392?s=96&d=mm&r=g\",\"url\":\"https:\\\/\\\/secure.gravatar.com\\\/avatar\\\/57de8e5d4b15d43fb361a71fbb36338450fe67865b528a43dd10ef7c51a20392?s=96&d=mm&r=g\",\"contentUrl\":\"https:\\\/\\\/secure.gravatar.com\\\/avatar\\\/57de8e5d4b15d43fb361a71fbb36338450fe67865b528a43dd10ef7c51a20392?s=96&d=mm&r=g\",\"caption\":\"La Sentinelle\"},\"sameAs\":[\"http:\\\/\\\/www.lasentinelle.dz\"],\"url\":\"https:\\\/\\\/lasentinelle.dz\\\/author\\\/redaction\\\/\"}]}<\/script>\n<!-- \/ Yoast SEO plugin. -->","yoast_head_json":{"title":"Ultime rappel de l\u2019Arav aux radioset aux t\u00e9l\u00e9visions\u00a0: Compl\u00e9ments alimentaires : halte \u00e0 la publicit\u00e9 mensong\u00e8re\u00a0! - La Sentinelle","robots":{"index":"index","follow":"follow","max-snippet":"max-snippet:-1","max-image-preview":"max-image-preview:large","max-video-preview":"max-video-preview:-1"},"canonical":"https:\/\/lasentinelle.dz\/index.php\/2022\/12\/27\/ultime-rappel-de-larav-aux-radioset-aux-televisions-complements-alimentaires-halte-a-la-publicite-mensongere\/","og_locale":"fr_FR","og_type":"article","og_title":"Ultime rappel de l\u2019Arav aux radioset aux t\u00e9l\u00e9visions\u00a0: Compl\u00e9ments alimentaires : halte \u00e0 la publicit\u00e9 mensong\u00e8re\u00a0! - La Sentinelle","og_description":"La sortie de l\u2019Arav intervient un mois apr\u00e8s l\u2019annonce par le ministre de l\u2019Industrie pharmaceutique d\u2019un d\u00e9cret, en cours de","og_url":"https:\/\/lasentinelle.dz\/index.php\/2022\/12\/27\/ultime-rappel-de-larav-aux-radioset-aux-televisions-complements-alimentaires-halte-a-la-publicite-mensongere\/","og_site_name":"La Sentinelle","article_publisher":"https:\/\/www.facebook.com\/La-Sentinelle-104059864394773","article_published_time":"2022-12-27T21:15:00+00:00","og_image":[{"width":1350,"height":900,"url":"https:\/\/lasentinelle.dz\/wp-content\/uploads\/2022\/12\/complement-alimentaire.png","type":"image\/png"}],"author":"La Sentinelle","twitter_card":"summary_large_image","twitter_misc":{"\u00c9crit par":"La Sentinelle","Dur\u00e9e de lecture estim\u00e9e":"4 minutes"},"schema":{"@context":"https:\/\/schema.org","@graph":[{"@type":"Article","@id":"https:\/\/lasentinelle.dz\/index.php\/2022\/12\/27\/ultime-rappel-de-larav-aux-radioset-aux-televisions-complements-alimentaires-halte-a-la-publicite-mensongere\/#article","isPartOf":{"@id":"https:\/\/lasentinelle.dz\/index.php\/2022\/12\/27\/ultime-rappel-de-larav-aux-radioset-aux-televisions-complements-alimentaires-halte-a-la-publicite-mensongere\/"},"author":{"name":"La Sentinelle","@id":"https:\/\/lasentinelle.dz\/#\/schema\/person\/d865044e22e70a75174ce8bcad3acfb3"},"headline":"Ultime rappel de l\u2019Arav aux radioset aux t\u00e9l\u00e9visions\u00a0: Compl\u00e9ments alimentaires : halte \u00e0 la publicit\u00e9 mensong\u00e8re\u00a0!","datePublished":"2022-12-27T21:15:00+00:00","mainEntityOfPage":{"@id":"https:\/\/lasentinelle.dz\/index.php\/2022\/12\/27\/ultime-rappel-de-larav-aux-radioset-aux-televisions-complements-alimentaires-halte-a-la-publicite-mensongere\/"},"wordCount":872,"commentCount":0,"publisher":{"@id":"https:\/\/lasentinelle.dz\/#organization"},"image":{"@id":"https:\/\/lasentinelle.dz\/index.php\/2022\/12\/27\/ultime-rappel-de-larav-aux-radioset-aux-televisions-complements-alimentaires-halte-a-la-publicite-mensongere\/#primaryimage"},"thumbnailUrl":"https:\/\/lasentinelle.dz\/wp-content\/uploads\/2022\/12\/complement-alimentaire.png","articleSection":["\u00c0 la Une","Actualit\u00e9"],"inLanguage":"fr-FR","potentialAction":[{"@type":"CommentAction","name":"Comment","target":["https:\/\/lasentinelle.dz\/index.php\/2022\/12\/27\/ultime-rappel-de-larav-aux-radioset-aux-televisions-complements-alimentaires-halte-a-la-publicite-mensongere\/#respond"]}]},{"@type":"WebPage","@id":"https:\/\/lasentinelle.dz\/index.php\/2022\/12\/27\/ultime-rappel-de-larav-aux-radioset-aux-televisions-complements-alimentaires-halte-a-la-publicite-mensongere\/","url":"https:\/\/lasentinelle.dz\/index.php\/2022\/12\/27\/ultime-rappel-de-larav-aux-radioset-aux-televisions-complements-alimentaires-halte-a-la-publicite-mensongere\/","name":"Ultime rappel de l\u2019Arav aux radioset aux t\u00e9l\u00e9visions\u00a0: Compl\u00e9ments alimentaires : halte \u00e0 la publicit\u00e9 mensong\u00e8re\u00a0! - La Sentinelle","isPartOf":{"@id":"https:\/\/lasentinelle.dz\/#website"},"primaryImageOfPage":{"@id":"https:\/\/lasentinelle.dz\/index.php\/2022\/12\/27\/ultime-rappel-de-larav-aux-radioset-aux-televisions-complements-alimentaires-halte-a-la-publicite-mensongere\/#primaryimage"},"image":{"@id":"https:\/\/lasentinelle.dz\/index.php\/2022\/12\/27\/ultime-rappel-de-larav-aux-radioset-aux-televisions-complements-alimentaires-halte-a-la-publicite-mensongere\/#primaryimage"},"thumbnailUrl":"https:\/\/lasentinelle.dz\/wp-content\/uploads\/2022\/12\/complement-alimentaire.png","datePublished":"2022-12-27T21:15:00+00:00","breadcrumb":{"@id":"https:\/\/lasentinelle.dz\/index.php\/2022\/12\/27\/ultime-rappel-de-larav-aux-radioset-aux-televisions-complements-alimentaires-halte-a-la-publicite-mensongere\/#breadcrumb"},"inLanguage":"fr-FR","potentialAction":[{"@type":"ReadAction","target":["https:\/\/lasentinelle.dz\/index.php\/2022\/12\/27\/ultime-rappel-de-larav-aux-radioset-aux-televisions-complements-alimentaires-halte-a-la-publicite-mensongere\/"]}]},{"@type":"ImageObject","inLanguage":"fr-FR","@id":"https:\/\/lasentinelle.dz\/index.php\/2022\/12\/27\/ultime-rappel-de-larav-aux-radioset-aux-televisions-complements-alimentaires-halte-a-la-publicite-mensongere\/#primaryimage","url":"https:\/\/lasentinelle.dz\/wp-content\/uploads\/2022\/12\/complement-alimentaire.png","contentUrl":"https:\/\/lasentinelle.dz\/wp-content\/uploads\/2022\/12\/complement-alimentaire.png","width":1350,"height":900},{"@type":"BreadcrumbList","@id":"https:\/\/lasentinelle.dz\/index.php\/2022\/12\/27\/ultime-rappel-de-larav-aux-radioset-aux-televisions-complements-alimentaires-halte-a-la-publicite-mensongere\/#breadcrumb","itemListElement":[{"@type":"ListItem","position":1,"name":"Accueil","item":"https:\/\/lasentinelle.dz\/"},{"@type":"ListItem","position":2,"name":"Ultime rappel de l\u2019Arav aux radioset aux t\u00e9l\u00e9visions\u00a0: Compl\u00e9ments alimentaires : halte \u00e0 la publicit\u00e9 mensong\u00e8re\u00a0!"}]},{"@type":"WebSite","@id":"https:\/\/lasentinelle.dz\/#website","url":"https:\/\/lasentinelle.dz\/","name":"La Sentinelle","description":"Quotidien national d&#039;information","publisher":{"@id":"https:\/\/lasentinelle.dz\/#organization"},"potentialAction":[{"@type":"SearchAction","target":{"@type":"EntryPoint","urlTemplate":"https:\/\/lasentinelle.dz\/?s={search_term_string}"},"query-input":{"@type":"PropertyValueSpecification","valueRequired":true,"valueName":"search_term_string"}}],"inLanguage":"fr-FR"},{"@type":"Organization","@id":"https:\/\/lasentinelle.dz\/#organization","name":"Quotidien La Sentinelle","url":"https:\/\/lasentinelle.dz\/","logo":{"@type":"ImageObject","inLanguage":"fr-FR","@id":"https:\/\/lasentinelle.dz\/#\/schema\/logo\/image\/","url":"https:\/\/lasentinelle.dz\/wp-content\/uploads\/2021\/09\/logo-sentinelleSLOGAN-1.png","contentUrl":"https:\/\/lasentinelle.dz\/wp-content\/uploads\/2021\/09\/logo-sentinelleSLOGAN-1.png","width":615,"height":142,"caption":"Quotidien La Sentinelle"},"image":{"@id":"https:\/\/lasentinelle.dz\/#\/schema\/logo\/image\/"},"sameAs":["https:\/\/www.facebook.com\/La-Sentinelle-104059864394773"]},{"@type":"Person","@id":"https:\/\/lasentinelle.dz\/#\/schema\/person\/d865044e22e70a75174ce8bcad3acfb3","name":"La Sentinelle","image":{"@type":"ImageObject","inLanguage":"fr-FR","@id":"https:\/\/secure.gravatar.com\/avatar\/57de8e5d4b15d43fb361a71fbb36338450fe67865b528a43dd10ef7c51a20392?s=96&d=mm&r=g","url":"https:\/\/secure.gravatar.com\/avatar\/57de8e5d4b15d43fb361a71fbb36338450fe67865b528a43dd10ef7c51a20392?s=96&d=mm&r=g","contentUrl":"https:\/\/secure.gravatar.com\/avatar\/57de8e5d4b15d43fb361a71fbb36338450fe67865b528a43dd10ef7c51a20392?s=96&d=mm&r=g","caption":"La Sentinelle"},"sameAs":["http:\/\/www.lasentinelle.dz"],"url":"https:\/\/lasentinelle.dz\/author\/redaction\/"}]}},"_links":{"self":[{"href":"https:\/\/lasentinelle.dz\/index.php\/wp-json\/wp\/v2\/posts\/33347","targetHints":{"allow":["GET"]}}],"collection":[{"href":"https:\/\/lasentinelle.dz\/index.php\/wp-json\/wp\/v2\/posts"}],"about":[{"href":"https:\/\/lasentinelle.dz\/index.php\/wp-json\/wp\/v2\/types\/post"}],"author":[{"embeddable":true,"href":"https:\/\/lasentinelle.dz\/index.php\/wp-json\/wp\/v2\/users\/3"}],"replies":[{"embeddable":true,"href":"https:\/\/lasentinelle.dz\/index.php\/wp-json\/wp\/v2\/comments?post=33347"}],"version-history":[{"count":2,"href":"https:\/\/lasentinelle.dz\/index.php\/wp-json\/wp\/v2\/posts\/33347\/revisions"}],"predecessor-version":[{"id":33378,"href":"https:\/\/lasentinelle.dz\/index.php\/wp-json\/wp\/v2\/posts\/33347\/revisions\/33378"}],"wp:featuredmedia":[{"embeddable":true,"href":"https:\/\/lasentinelle.dz\/index.php\/wp-json\/wp\/v2\/media\/33348"}],"wp:attachment":[{"href":"https:\/\/lasentinelle.dz\/index.php\/wp-json\/wp\/v2\/media?parent=33347"}],"wp:term":[{"taxonomy":"category","embeddable":true,"href":"https:\/\/lasentinelle.dz\/index.php\/wp-json\/wp\/v2\/categories?post=33347"},{"taxonomy":"post_tag","embeddable":true,"href":"https:\/\/lasentinelle.dz\/index.php\/wp-json\/wp\/v2\/tags?post=33347"}],"curies":[{"name":"wp","href":"https:\/\/api.w.org\/{rel}","templated":true}]}}