{"id":33354,"date":"2022-12-27T22:05:00","date_gmt":"2022-12-27T21:05:00","guid":{"rendered":"https:\/\/lasentinelle.dz\/?p=33354"},"modified":"2022-12-27T19:23:59","modified_gmt":"2022-12-27T18:23:59","slug":"justice-zitout-et-amir-dz-condamnes-a-20-ans-de-prison-ferme","status":"publish","type":"post","link":"https:\/\/lasentinelle.dz\/index.php\/2022\/12\/27\/justice-zitout-et-amir-dz-condamnes-a-20-ans-de-prison-ferme\/","title":{"rendered":"Justice\u00a0: \u00a0Zitout et \u00ab\u00a0Amir dz\u00a0\u00bb condamn\u00e9s \u00e0 20 ans de prison ferme"},"content":{"rendered":"\n<p>Mohamed Larbi Zitout et Amir Boukhors plus connu sous le pseudonyme qu\u2019il s\u2019est attribu\u00e9 \u00ab&nbsp;Amir dz&nbsp;\u00bb ont \u00e9cop\u00e9 hier d\u2019une nouvelle condamnation de 20 ans de prison ferme. En effet, le tribunal criminel de premi\u00e8re instance de Dar El Beida \u00e0 Alger a condamn\u00e9, par contumace, les Les deux membres de l\u2019organisation terroriste \u00ab&nbsp;Rachad&nbsp;\u00bb, une peine de 20 ans de prison ferme, assortie d&rsquo;une amende d&rsquo;un million DA avec confirmation du mandat d&rsquo;arr\u00eat international \u00e9mis \u00e0 leur encontre.Dans le cadre de cette affaire, la m\u00eame juridiction a \u00e9galement condamn\u00e9 \u00e0 la m\u00eame peine plusieurs autres accus\u00e9s en \u00e9tat de fuite.<\/p>\n\n\n\n<p>Zitout et Boukhars ainsi que leurs coaccus\u00e9s sont poursuivis pour crime d\u00a0\u00bb&lsquo;enr\u00f4lement dans un groupe subversif ciblant la s\u00e9curit\u00e9 de l&rsquo;Etat, l&rsquo;unit\u00e9 nationale et l&rsquo;int\u00e9grit\u00e9 territoriale, ainsi que pour crime de complot en vue d&rsquo;inciter les citoyens \u00e0 agir contre le pouvoir\u00a0\u00bb.<\/p>\n\n\n\n<p>Les accus\u00e9s sont \u00e9galement poursuivis pour d\u00e9lit de \u00ab\u00a0r\u00e9ception de fonds de l&rsquo;int\u00e9rieur et de l&rsquo;ext\u00e9rieur du pays afin de commettre des actes ciblant la s\u00e9curit\u00e9 de l&rsquo;Etat et la stabilit\u00e9 de ses institutions\u00a0\u00bb, ainsi que pour \u00ab\u00a0infraction aux dispositions de la l\u00e9gislation relative au change et au mouvement des capitaux de et vers l&rsquo;\u00e9tranger, et incitation \u00e0 l&rsquo;attroupement non arm\u00e9 et non d\u00e9nonciation d&rsquo;un crime aupr\u00e8s des autorit\u00e9s\u00a0\u00bb.<\/p>\n\n\n\n<p>Il est utile de rappeler que le tribunal de Dar El Beida \u00e0 Alger a condamn\u00e9 le 1<sup>er<\/sup> d\u00e9cembre dernier Mohamed Zitout, Hicham Aboud et \u00ab Amir Dz \u00bb, \u00e0 une peine de 20 ans de prison ferme avec confirmation du mandat d\u2019arr\u00eat international \u00e9mis \u00e0 leur encontre, pour enr\u00f4lement dans une organisation terroriste ciblant la s\u00e9curit\u00e9 de l\u2019Etat, l\u2019unit\u00e9 nationale et la stabilit\u00e9 et le fonctionnement de ses institutions, outrage \u00e0 corps constitu\u00e9, diffusion pr\u00e9m\u00e9dit\u00e9e d\u2019informations fallacieuses et calomnieuses, et apologie d\u2019actes terroristes.<\/p>\n\n\n\n<p>De plus, ce m\u00eame tribunal a condamn\u00e9 \u00e0 la m\u00eame peine les accus\u00e9s Sakhri Abderezak, Tahari Mourad et Boulehlib Raouf avec confirmation du mandat d\u2019arr\u00eat international \u00e9mis \u00e0 leur encontre.Zitout avait \u00e9t\u00e9 alors condamn\u00e9 \u00e0 une peine de 20 ans de prison ferme pour \u00ab complot pour changer le r\u00e9gime en place \u00bb et \u00ab gestion d\u2019un groupe terroriste subversif \u00bb.<\/p>\n\n\n\n<p>Le tribunal a \u00e9galement a condamn\u00e9 l\u2019accus\u00e9 Hassan Bourras \u00e0 2 ans de prison ferme, dont une ann\u00e9e avec sursis, en acquittant Mustapha Kira.<\/p>\n\n\n\n<p><strong>Chokri Hafed<\/strong><\/p>\n","protected":false},"excerpt":{"rendered":"<p>Mohamed Larbi Zitout et Amir Boukhors plus connu sous le pseudonyme qu\u2019il s\u2019est attribu\u00e9 \u00ab&nbsp;Amir dz&nbsp;\u00bb ont \u00e9cop\u00e9 hier d\u2019une<\/p>\n","protected":false},"author":3,"featured_media":33359,"comment_status":"open","ping_status":"closed","sticky":false,"template":"","format":"standard","meta":{"colormag_page_container_layout":"default_layout","colormag_page_sidebar_layout":"default_layout","om_disable_all_campaigns":false,"_monsterinsights_skip_tracking":false,"_monsterinsights_sitenote_active":false,"_monsterinsights_sitenote_note":"","_monsterinsights_sitenote_category":0,"footnotes":"","_wpscppro_dont_share_socialmedia":false,"_wpscppro_custom_social_share_image":0,"_facebook_share_type":"","_twitter_share_type":"","_linkedin_share_type":"","_pinterest_share_type":"","_linkedin_share_type_page":"","_instagram_share_type":"","_medium_share_type":"","_threads_share_type":"","_google_business_share_type":"","_selected_social_profile":[],"_wpsp_enable_custom_social_template":false,"_wpsp_social_scheduling":{"enabled":false,"datetime":null,"platforms":[],"status":"template_only","dateOption":"today","timeOption":"now","customDays":"","customHours":"","customDate":"","customTime":"","schedulingType":"absolute"},"_wpsp_active_default_template":true},"categories":[27],"tags":[],"class_list":["post-33354","post","type-post","status-publish","format-standard","has-post-thumbnail","hentry","category-actualite"],"aioseo_notices":[],"yoast_head":"<!-- This site is optimized with the Yoast SEO plugin v27.4 - https:\/\/yoast.com\/product\/yoast-seo-wordpress\/ -->\n<title>Justice\u00a0: \u00a0Zitout et \u00ab\u00a0Amir dz\u00a0\u00bb condamn\u00e9s \u00e0 20 ans de prison ferme - La Sentinelle<\/title>\n<meta name=\"robots\" content=\"index, follow, max-snippet:-1, max-image-preview:large, max-video-preview:-1\" \/>\n<link rel=\"canonical\" href=\"https:\/\/lasentinelle.dz\/index.php\/2022\/12\/27\/justice-zitout-et-amir-dz-condamnes-a-20-ans-de-prison-ferme\/\" \/>\n<meta property=\"og:locale\" content=\"fr_FR\" \/>\n<meta property=\"og:type\" content=\"article\" \/>\n<meta property=\"og:title\" content=\"Justice\u00a0: \u00a0Zitout et \u00ab\u00a0Amir dz\u00a0\u00bb condamn\u00e9s \u00e0 20 ans de prison ferme - La Sentinelle\" \/>\n<meta property=\"og:description\" content=\"Mohamed Larbi Zitout et Amir Boukhors plus connu sous le pseudonyme qu\u2019il s\u2019est attribu\u00e9 \u00ab&nbsp;Amir dz&nbsp;\u00bb ont \u00e9cop\u00e9 hier d\u2019une\" \/>\n<meta property=\"og:url\" content=\"https:\/\/lasentinelle.dz\/index.php\/2022\/12\/27\/justice-zitout-et-amir-dz-condamnes-a-20-ans-de-prison-ferme\/\" \/>\n<meta property=\"og:site_name\" content=\"La Sentinelle\" \/>\n<meta property=\"article:publisher\" content=\"https:\/\/www.facebook.com\/La-Sentinelle-104059864394773\" \/>\n<meta property=\"article:published_time\" content=\"2022-12-27T21:05:00+00:00\" \/>\n<meta property=\"og:image\" content=\"https:\/\/lasentinelle.dz\/wp-content\/uploads\/2022\/12\/Sans-titre-7-2.png\" \/>\n\t<meta property=\"og:image:width\" content=\"1599\" \/>\n\t<meta property=\"og:image:height\" content=\"900\" \/>\n\t<meta property=\"og:image:type\" content=\"image\/png\" \/>\n<meta name=\"author\" content=\"La Sentinelle\" \/>\n<meta name=\"twitter:card\" content=\"summary_large_image\" \/>\n<meta name=\"twitter:label1\" content=\"\u00c9crit par\" \/>\n\t<meta name=\"twitter:data1\" content=\"La Sentinelle\" \/>\n\t<meta name=\"twitter:label2\" content=\"Dur\u00e9e de lecture estim\u00e9e\" \/>\n\t<meta name=\"twitter:data2\" content=\"2 minutes\" \/>\n<script type=\"application\/ld+json\" class=\"yoast-schema-graph\">{\"@context\":\"https:\\\/\\\/schema.org\",\"@graph\":[{\"@type\":\"Article\",\"@id\":\"https:\\\/\\\/lasentinelle.dz\\\/index.php\\\/2022\\\/12\\\/27\\\/justice-zitout-et-amir-dz-condamnes-a-20-ans-de-prison-ferme\\\/#article\",\"isPartOf\":{\"@id\":\"https:\\\/\\\/lasentinelle.dz\\\/index.php\\\/2022\\\/12\\\/27\\\/justice-zitout-et-amir-dz-condamnes-a-20-ans-de-prison-ferme\\\/\"},\"author\":{\"name\":\"La Sentinelle\",\"@id\":\"https:\\\/\\\/lasentinelle.dz\\\/#\\\/schema\\\/person\\\/d865044e22e70a75174ce8bcad3acfb3\"},\"headline\":\"Justice\u00a0: \u00a0Zitout et \u00ab\u00a0Amir dz\u00a0\u00bb condamn\u00e9s \u00e0 20 ans de prison ferme\",\"datePublished\":\"2022-12-27T21:05:00+00:00\",\"mainEntityOfPage\":{\"@id\":\"https:\\\/\\\/lasentinelle.dz\\\/index.php\\\/2022\\\/12\\\/27\\\/justice-zitout-et-amir-dz-condamnes-a-20-ans-de-prison-ferme\\\/\"},\"wordCount\":433,\"commentCount\":0,\"publisher\":{\"@id\":\"https:\\\/\\\/lasentinelle.dz\\\/#organization\"},\"image\":{\"@id\":\"https:\\\/\\\/lasentinelle.dz\\\/index.php\\\/2022\\\/12\\\/27\\\/justice-zitout-et-amir-dz-condamnes-a-20-ans-de-prison-ferme\\\/#primaryimage\"},\"thumbnailUrl\":\"https:\\\/\\\/lasentinelle.dz\\\/wp-content\\\/uploads\\\/2022\\\/12\\\/Sans-titre-7-2.png\",\"articleSection\":[\"Actualit\u00e9\"],\"inLanguage\":\"fr-FR\",\"potentialAction\":[{\"@type\":\"CommentAction\",\"name\":\"Comment\",\"target\":[\"https:\\\/\\\/lasentinelle.dz\\\/index.php\\\/2022\\\/12\\\/27\\\/justice-zitout-et-amir-dz-condamnes-a-20-ans-de-prison-ferme\\\/#respond\"]}]},{\"@type\":\"WebPage\",\"@id\":\"https:\\\/\\\/lasentinelle.dz\\\/index.php\\\/2022\\\/12\\\/27\\\/justice-zitout-et-amir-dz-condamnes-a-20-ans-de-prison-ferme\\\/\",\"url\":\"https:\\\/\\\/lasentinelle.dz\\\/index.php\\\/2022\\\/12\\\/27\\\/justice-zitout-et-amir-dz-condamnes-a-20-ans-de-prison-ferme\\\/\",\"name\":\"Justice\u00a0: \u00a0Zitout et \u00ab\u00a0Amir dz\u00a0\u00bb condamn\u00e9s \u00e0 20 ans de prison ferme - La Sentinelle\",\"isPartOf\":{\"@id\":\"https:\\\/\\\/lasentinelle.dz\\\/#website\"},\"primaryImageOfPage\":{\"@id\":\"https:\\\/\\\/lasentinelle.dz\\\/index.php\\\/2022\\\/12\\\/27\\\/justice-zitout-et-amir-dz-condamnes-a-20-ans-de-prison-ferme\\\/#primaryimage\"},\"image\":{\"@id\":\"https:\\\/\\\/lasentinelle.dz\\\/index.php\\\/2022\\\/12\\\/27\\\/justice-zitout-et-amir-dz-condamnes-a-20-ans-de-prison-ferme\\\/#primaryimage\"},\"thumbnailUrl\":\"https:\\\/\\\/lasentinelle.dz\\\/wp-content\\\/uploads\\\/2022\\\/12\\\/Sans-titre-7-2.png\",\"datePublished\":\"2022-12-27T21:05:00+00:00\",\"breadcrumb\":{\"@id\":\"https:\\\/\\\/lasentinelle.dz\\\/index.php\\\/2022\\\/12\\\/27\\\/justice-zitout-et-amir-dz-condamnes-a-20-ans-de-prison-ferme\\\/#breadcrumb\"},\"inLanguage\":\"fr-FR\",\"potentialAction\":[{\"@type\":\"ReadAction\",\"target\":[\"https:\\\/\\\/lasentinelle.dz\\\/index.php\\\/2022\\\/12\\\/27\\\/justice-zitout-et-amir-dz-condamnes-a-20-ans-de-prison-ferme\\\/\"]}]},{\"@type\":\"ImageObject\",\"inLanguage\":\"fr-FR\",\"@id\":\"https:\\\/\\\/lasentinelle.dz\\\/index.php\\\/2022\\\/12\\\/27\\\/justice-zitout-et-amir-dz-condamnes-a-20-ans-de-prison-ferme\\\/#primaryimage\",\"url\":\"https:\\\/\\\/lasentinelle.dz\\\/wp-content\\\/uploads\\\/2022\\\/12\\\/Sans-titre-7-2.png\",\"contentUrl\":\"https:\\\/\\\/lasentinelle.dz\\\/wp-content\\\/uploads\\\/2022\\\/12\\\/Sans-titre-7-2.png\",\"width\":1599,\"height\":900},{\"@type\":\"BreadcrumbList\",\"@id\":\"https:\\\/\\\/lasentinelle.dz\\\/index.php\\\/2022\\\/12\\\/27\\\/justice-zitout-et-amir-dz-condamnes-a-20-ans-de-prison-ferme\\\/#breadcrumb\",\"itemListElement\":[{\"@type\":\"ListItem\",\"position\":1,\"name\":\"Accueil\",\"item\":\"https:\\\/\\\/lasentinelle.dz\\\/\"},{\"@type\":\"ListItem\",\"position\":2,\"name\":\"Justice\u00a0: \u00a0Zitout et \u00ab\u00a0Amir dz\u00a0\u00bb condamn\u00e9s \u00e0 20 ans de prison ferme\"}]},{\"@type\":\"WebSite\",\"@id\":\"https:\\\/\\\/lasentinelle.dz\\\/#website\",\"url\":\"https:\\\/\\\/lasentinelle.dz\\\/\",\"name\":\"La Sentinelle\",\"description\":\"Quotidien national d&#039;information\",\"publisher\":{\"@id\":\"https:\\\/\\\/lasentinelle.dz\\\/#organization\"},\"potentialAction\":[{\"@type\":\"SearchAction\",\"target\":{\"@type\":\"EntryPoint\",\"urlTemplate\":\"https:\\\/\\\/lasentinelle.dz\\\/?s={search_term_string}\"},\"query-input\":{\"@type\":\"PropertyValueSpecification\",\"valueRequired\":true,\"valueName\":\"search_term_string\"}}],\"inLanguage\":\"fr-FR\"},{\"@type\":\"Organization\",\"@id\":\"https:\\\/\\\/lasentinelle.dz\\\/#organization\",\"name\":\"Quotidien La Sentinelle\",\"url\":\"https:\\\/\\\/lasentinelle.dz\\\/\",\"logo\":{\"@type\":\"ImageObject\",\"inLanguage\":\"fr-FR\",\"@id\":\"https:\\\/\\\/lasentinelle.dz\\\/#\\\/schema\\\/logo\\\/image\\\/\",\"url\":\"https:\\\/\\\/lasentinelle.dz\\\/wp-content\\\/uploads\\\/2021\\\/09\\\/logo-sentinelleSLOGAN-1.png\",\"contentUrl\":\"https:\\\/\\\/lasentinelle.dz\\\/wp-content\\\/uploads\\\/2021\\\/09\\\/logo-sentinelleSLOGAN-1.png\",\"width\":615,\"height\":142,\"caption\":\"Quotidien La Sentinelle\"},\"image\":{\"@id\":\"https:\\\/\\\/lasentinelle.dz\\\/#\\\/schema\\\/logo\\\/image\\\/\"},\"sameAs\":[\"https:\\\/\\\/www.facebook.com\\\/La-Sentinelle-104059864394773\"]},{\"@type\":\"Person\",\"@id\":\"https:\\\/\\\/lasentinelle.dz\\\/#\\\/schema\\\/person\\\/d865044e22e70a75174ce8bcad3acfb3\",\"name\":\"La Sentinelle\",\"image\":{\"@type\":\"ImageObject\",\"inLanguage\":\"fr-FR\",\"@id\":\"https:\\\/\\\/secure.gravatar.com\\\/avatar\\\/57de8e5d4b15d43fb361a71fbb36338450fe67865b528a43dd10ef7c51a20392?s=96&d=mm&r=g\",\"url\":\"https:\\\/\\\/secure.gravatar.com\\\/avatar\\\/57de8e5d4b15d43fb361a71fbb36338450fe67865b528a43dd10ef7c51a20392?s=96&d=mm&r=g\",\"contentUrl\":\"https:\\\/\\\/secure.gravatar.com\\\/avatar\\\/57de8e5d4b15d43fb361a71fbb36338450fe67865b528a43dd10ef7c51a20392?s=96&d=mm&r=g\",\"caption\":\"La Sentinelle\"},\"sameAs\":[\"http:\\\/\\\/www.lasentinelle.dz\"],\"url\":\"https:\\\/\\\/lasentinelle.dz\\\/author\\\/redaction\\\/\"}]}<\/script>\n<!-- \/ Yoast SEO plugin. -->","yoast_head_json":{"title":"Justice\u00a0: \u00a0Zitout et \u00ab\u00a0Amir dz\u00a0\u00bb condamn\u00e9s \u00e0 20 ans de prison ferme - La Sentinelle","robots":{"index":"index","follow":"follow","max-snippet":"max-snippet:-1","max-image-preview":"max-image-preview:large","max-video-preview":"max-video-preview:-1"},"canonical":"https:\/\/lasentinelle.dz\/index.php\/2022\/12\/27\/justice-zitout-et-amir-dz-condamnes-a-20-ans-de-prison-ferme\/","og_locale":"fr_FR","og_type":"article","og_title":"Justice\u00a0: \u00a0Zitout et \u00ab\u00a0Amir dz\u00a0\u00bb condamn\u00e9s \u00e0 20 ans de prison ferme - La Sentinelle","og_description":"Mohamed Larbi Zitout et Amir Boukhors plus connu sous le pseudonyme qu\u2019il s\u2019est attribu\u00e9 \u00ab&nbsp;Amir dz&nbsp;\u00bb ont \u00e9cop\u00e9 hier d\u2019une","og_url":"https:\/\/lasentinelle.dz\/index.php\/2022\/12\/27\/justice-zitout-et-amir-dz-condamnes-a-20-ans-de-prison-ferme\/","og_site_name":"La Sentinelle","article_publisher":"https:\/\/www.facebook.com\/La-Sentinelle-104059864394773","article_published_time":"2022-12-27T21:05:00+00:00","og_image":[{"width":1599,"height":900,"url":"https:\/\/lasentinelle.dz\/wp-content\/uploads\/2022\/12\/Sans-titre-7-2.png","type":"image\/png"}],"author":"La Sentinelle","twitter_card":"summary_large_image","twitter_misc":{"\u00c9crit par":"La Sentinelle","Dur\u00e9e de lecture estim\u00e9e":"2 minutes"},"schema":{"@context":"https:\/\/schema.org","@graph":[{"@type":"Article","@id":"https:\/\/lasentinelle.dz\/index.php\/2022\/12\/27\/justice-zitout-et-amir-dz-condamnes-a-20-ans-de-prison-ferme\/#article","isPartOf":{"@id":"https:\/\/lasentinelle.dz\/index.php\/2022\/12\/27\/justice-zitout-et-amir-dz-condamnes-a-20-ans-de-prison-ferme\/"},"author":{"name":"La Sentinelle","@id":"https:\/\/lasentinelle.dz\/#\/schema\/person\/d865044e22e70a75174ce8bcad3acfb3"},"headline":"Justice\u00a0: \u00a0Zitout et \u00ab\u00a0Amir dz\u00a0\u00bb condamn\u00e9s \u00e0 20 ans de prison ferme","datePublished":"2022-12-27T21:05:00+00:00","mainEntityOfPage":{"@id":"https:\/\/lasentinelle.dz\/index.php\/2022\/12\/27\/justice-zitout-et-amir-dz-condamnes-a-20-ans-de-prison-ferme\/"},"wordCount":433,"commentCount":0,"publisher":{"@id":"https:\/\/lasentinelle.dz\/#organization"},"image":{"@id":"https:\/\/lasentinelle.dz\/index.php\/2022\/12\/27\/justice-zitout-et-amir-dz-condamnes-a-20-ans-de-prison-ferme\/#primaryimage"},"thumbnailUrl":"https:\/\/lasentinelle.dz\/wp-content\/uploads\/2022\/12\/Sans-titre-7-2.png","articleSection":["Actualit\u00e9"],"inLanguage":"fr-FR","potentialAction":[{"@type":"CommentAction","name":"Comment","target":["https:\/\/lasentinelle.dz\/index.php\/2022\/12\/27\/justice-zitout-et-amir-dz-condamnes-a-20-ans-de-prison-ferme\/#respond"]}]},{"@type":"WebPage","@id":"https:\/\/lasentinelle.dz\/index.php\/2022\/12\/27\/justice-zitout-et-amir-dz-condamnes-a-20-ans-de-prison-ferme\/","url":"https:\/\/lasentinelle.dz\/index.php\/2022\/12\/27\/justice-zitout-et-amir-dz-condamnes-a-20-ans-de-prison-ferme\/","name":"Justice\u00a0: \u00a0Zitout et \u00ab\u00a0Amir dz\u00a0\u00bb condamn\u00e9s \u00e0 20 ans de prison ferme - La Sentinelle","isPartOf":{"@id":"https:\/\/lasentinelle.dz\/#website"},"primaryImageOfPage":{"@id":"https:\/\/lasentinelle.dz\/index.php\/2022\/12\/27\/justice-zitout-et-amir-dz-condamnes-a-20-ans-de-prison-ferme\/#primaryimage"},"image":{"@id":"https:\/\/lasentinelle.dz\/index.php\/2022\/12\/27\/justice-zitout-et-amir-dz-condamnes-a-20-ans-de-prison-ferme\/#primaryimage"},"thumbnailUrl":"https:\/\/lasentinelle.dz\/wp-content\/uploads\/2022\/12\/Sans-titre-7-2.png","datePublished":"2022-12-27T21:05:00+00:00","breadcrumb":{"@id":"https:\/\/lasentinelle.dz\/index.php\/2022\/12\/27\/justice-zitout-et-amir-dz-condamnes-a-20-ans-de-prison-ferme\/#breadcrumb"},"inLanguage":"fr-FR","potentialAction":[{"@type":"ReadAction","target":["https:\/\/lasentinelle.dz\/index.php\/2022\/12\/27\/justice-zitout-et-amir-dz-condamnes-a-20-ans-de-prison-ferme\/"]}]},{"@type":"ImageObject","inLanguage":"fr-FR","@id":"https:\/\/lasentinelle.dz\/index.php\/2022\/12\/27\/justice-zitout-et-amir-dz-condamnes-a-20-ans-de-prison-ferme\/#primaryimage","url":"https:\/\/lasentinelle.dz\/wp-content\/uploads\/2022\/12\/Sans-titre-7-2.png","contentUrl":"https:\/\/lasentinelle.dz\/wp-content\/uploads\/2022\/12\/Sans-titre-7-2.png","width":1599,"height":900},{"@type":"BreadcrumbList","@id":"https:\/\/lasentinelle.dz\/index.php\/2022\/12\/27\/justice-zitout-et-amir-dz-condamnes-a-20-ans-de-prison-ferme\/#breadcrumb","itemListElement":[{"@type":"ListItem","position":1,"name":"Accueil","item":"https:\/\/lasentinelle.dz\/"},{"@type":"ListItem","position":2,"name":"Justice\u00a0: \u00a0Zitout et \u00ab\u00a0Amir dz\u00a0\u00bb condamn\u00e9s \u00e0 20 ans de prison ferme"}]},{"@type":"WebSite","@id":"https:\/\/lasentinelle.dz\/#website","url":"https:\/\/lasentinelle.dz\/","name":"La Sentinelle","description":"Quotidien national d&#039;information","publisher":{"@id":"https:\/\/lasentinelle.dz\/#organization"},"potentialAction":[{"@type":"SearchAction","target":{"@type":"EntryPoint","urlTemplate":"https:\/\/lasentinelle.dz\/?s={search_term_string}"},"query-input":{"@type":"PropertyValueSpecification","valueRequired":true,"valueName":"search_term_string"}}],"inLanguage":"fr-FR"},{"@type":"Organization","@id":"https:\/\/lasentinelle.dz\/#organization","name":"Quotidien La Sentinelle","url":"https:\/\/lasentinelle.dz\/","logo":{"@type":"ImageObject","inLanguage":"fr-FR","@id":"https:\/\/lasentinelle.dz\/#\/schema\/logo\/image\/","url":"https:\/\/lasentinelle.dz\/wp-content\/uploads\/2021\/09\/logo-sentinelleSLOGAN-1.png","contentUrl":"https:\/\/lasentinelle.dz\/wp-content\/uploads\/2021\/09\/logo-sentinelleSLOGAN-1.png","width":615,"height":142,"caption":"Quotidien La Sentinelle"},"image":{"@id":"https:\/\/lasentinelle.dz\/#\/schema\/logo\/image\/"},"sameAs":["https:\/\/www.facebook.com\/La-Sentinelle-104059864394773"]},{"@type":"Person","@id":"https:\/\/lasentinelle.dz\/#\/schema\/person\/d865044e22e70a75174ce8bcad3acfb3","name":"La Sentinelle","image":{"@type":"ImageObject","inLanguage":"fr-FR","@id":"https:\/\/secure.gravatar.com\/avatar\/57de8e5d4b15d43fb361a71fbb36338450fe67865b528a43dd10ef7c51a20392?s=96&d=mm&r=g","url":"https:\/\/secure.gravatar.com\/avatar\/57de8e5d4b15d43fb361a71fbb36338450fe67865b528a43dd10ef7c51a20392?s=96&d=mm&r=g","contentUrl":"https:\/\/secure.gravatar.com\/avatar\/57de8e5d4b15d43fb361a71fbb36338450fe67865b528a43dd10ef7c51a20392?s=96&d=mm&r=g","caption":"La Sentinelle"},"sameAs":["http:\/\/www.lasentinelle.dz"],"url":"https:\/\/lasentinelle.dz\/author\/redaction\/"}]}},"_links":{"self":[{"href":"https:\/\/lasentinelle.dz\/index.php\/wp-json\/wp\/v2\/posts\/33354","targetHints":{"allow":["GET"]}}],"collection":[{"href":"https:\/\/lasentinelle.dz\/index.php\/wp-json\/wp\/v2\/posts"}],"about":[{"href":"https:\/\/lasentinelle.dz\/index.php\/wp-json\/wp\/v2\/types\/post"}],"author":[{"embeddable":true,"href":"https:\/\/lasentinelle.dz\/index.php\/wp-json\/wp\/v2\/users\/3"}],"replies":[{"embeddable":true,"href":"https:\/\/lasentinelle.dz\/index.php\/wp-json\/wp\/v2\/comments?post=33354"}],"version-history":[{"count":1,"href":"https:\/\/lasentinelle.dz\/index.php\/wp-json\/wp\/v2\/posts\/33354\/revisions"}],"predecessor-version":[{"id":33362,"href":"https:\/\/lasentinelle.dz\/index.php\/wp-json\/wp\/v2\/posts\/33354\/revisions\/33362"}],"wp:featuredmedia":[{"embeddable":true,"href":"https:\/\/lasentinelle.dz\/index.php\/wp-json\/wp\/v2\/media\/33359"}],"wp:attachment":[{"href":"https:\/\/lasentinelle.dz\/index.php\/wp-json\/wp\/v2\/media?parent=33354"}],"wp:term":[{"taxonomy":"category","embeddable":true,"href":"https:\/\/lasentinelle.dz\/index.php\/wp-json\/wp\/v2\/categories?post=33354"},{"taxonomy":"post_tag","embeddable":true,"href":"https:\/\/lasentinelle.dz\/index.php\/wp-json\/wp\/v2\/tags?post=33354"}],"curies":[{"name":"wp","href":"https:\/\/api.w.org\/{rel}","templated":true}]}}