{"id":33400,"date":"2022-12-28T22:00:00","date_gmt":"2022-12-28T21:00:00","guid":{"rendered":"https:\/\/lasentinelle.dz\/?p=33400"},"modified":"2022-12-28T16:29:51","modified_gmt":"2022-12-28T15:29:51","slug":"tensions-au-kosovo-la-russie-apporte-son-soutien-a-la-serbie","status":"publish","type":"post","link":"https:\/\/lasentinelle.dz\/index.php\/2022\/12\/28\/tensions-au-kosovo-la-russie-apporte-son-soutien-a-la-serbie\/","title":{"rendered":"Tensions au Kosovo\u00a0: La Russie apporte son soutien \u00e0 la Serbie"},"content":{"rendered":"\n<p>La Russie \u00ab\u00a0soutient\u00a0\u00bb la Serbie dans ses actions visant \u00e0 mettre fin aux tensions au Kosovo o\u00f9 ont eu lieu des tirs et des explosions et o\u00f9 des barrages routiers ont \u00e9t\u00e9 \u00e9rig\u00e9s, a indiqu\u00e9 hier le Kremlin.&nbsp; \u00ab\u00a0Nous avons des relations tr\u00e8s \u00e9troites d&rsquo;alli\u00e9s, historiques et&nbsp;&nbsp; spirituelles avec la Serbie\u00a0\u00bb, a d\u00e9clar\u00e9 \u00e0 la presse le porte-parole du Kremlin, Dmitri Peskov, en pr\u00e9cisant que la Russie suivait \u00ab\u00a0tr\u00e8s attentivement ce qui se passe (au Kosovo, ndlr) et comment les droits des Serbes (y) sont assur\u00e9s\u00a0\u00bb. \u00ab\u00a0Et, bien s\u00fbr, nous soutenons Belgrade dans les actions qu&rsquo;il entreprend\u00a0\u00bb, a-t-il soulign\u00e9. Selon M. Peskov, \u00ab\u00a0il est naturel que la Serbie d\u00e9fende les droits des Serbes qui vivent \u00e0 c\u00f4t\u00e9 dans des conditions si difficiles et qu&rsquo;elle r\u00e9agisse de mani\u00e8re s\u00e9v\u00e8re quand ses droits sont viol\u00e9s\u00a0\u00bb. Cette d\u00e9claration intervient alors que le g\u00e9n\u00e9ral Milan Mojsilovic, chef des arm\u00e9es serbes, a \u00e9t\u00e9 d\u00e9p\u00each\u00e9 dimanche soir par le pr\u00e9sident Aleksandar Vucic \u00e0 la fronti\u00e8re avec le Kosovo et le ministre serbe de la D\u00e9fense, Milos Vucevic, a annonc\u00e9 que l&rsquo;arm\u00e9e du pays \u00e9tait en \u00e9tat d&rsquo;alerte renforc\u00e9e lundi&nbsp;&nbsp; soir apr\u00e8s les r\u00e9centes tensions au Kosovo. La Serbie ne reconna\u00eet pas l&rsquo;ind\u00e9pendance de son ancienne province m\u00e9ridionale, peupl\u00e9e tr\u00e8s majoritairement d&rsquo;Albanais, proclam\u00e9e en 2008. Elle encourage les 120.000 Serbes au Kosovo \u00e0 d\u00e9fier les autorit\u00e9s locales, au moment o\u00f9 Pristina veut asseoir sa souverainet\u00e9 sur l&rsquo;ensemble du territoire. Plusieurs centaines de Serbes du Kosovo ont \u00e9rig\u00e9 depuis le 10 d\u00e9cembre dans le nord du Kosovo des barrages pour protester contre l&rsquo;arrestation d&rsquo;un ancien policier serbe, paralysant la circulation vers deux postes frontaliers avec la Serbie. D\u00e9but novembre, des centaines de policiers serbes int\u00e9gr\u00e9s \u00e0 la police kosovare, ainsi que des juges, procureurs et autres fonctionnaires ont quitt\u00e9&nbsp;&nbsp; leur poste en masse, pour protester contre une d\u00e9cision, d\u00e9sormais suspendue du gouvernement de Pristina, d&rsquo;interdire aux Serbes qui vivent au Kosovo&nbsp;&nbsp; d&rsquo;utiliser des plaques d&rsquo;immatriculation d\u00e9livr\u00e9es par la Serbie.&nbsp;<\/p>\n\n\n\n<p>K.L. et agences<\/p>\n","protected":false},"excerpt":{"rendered":"<p>La Russie \u00ab\u00a0soutient\u00a0\u00bb la Serbie dans ses actions visant \u00e0 mettre fin aux tensions au Kosovo o\u00f9 ont eu lieu<\/p>\n","protected":false},"author":3,"featured_media":33406,"comment_status":"open","ping_status":"closed","sticky":false,"template":"","format":"standard","meta":{"colormag_page_container_layout":"default_layout","colormag_page_sidebar_layout":"default_layout","om_disable_all_campaigns":false,"_monsterinsights_skip_tracking":false,"_monsterinsights_sitenote_active":false,"_monsterinsights_sitenote_note":"","_monsterinsights_sitenote_category":0,"footnotes":"","_wpscppro_dont_share_socialmedia":false,"_wpscppro_custom_social_share_image":0,"_facebook_share_type":"","_twitter_share_type":"","_linkedin_share_type":"","_pinterest_share_type":"","_linkedin_share_type_page":"","_instagram_share_type":"","_medium_share_type":"","_threads_share_type":"","_google_business_share_type":"","_selected_social_profile":[],"_wpsp_enable_custom_social_template":false,"_wpsp_social_scheduling":{"enabled":false,"datetime":null,"platforms":[],"status":"template_only","dateOption":"today","timeOption":"now","customDays":"","customHours":"","customDate":"","customTime":"","schedulingType":"absolute"},"_wpsp_active_default_template":true},"categories":[37],"tags":[],"class_list":["post-33400","post","type-post","status-publish","format-standard","has-post-thumbnail","hentry","category-monde"],"aioseo_notices":[],"yoast_head":"<!-- This site is optimized with the Yoast SEO plugin v27.5 - https:\/\/yoast.com\/product\/yoast-seo-wordpress\/ -->\n<title>Tensions au Kosovo\u00a0: La Russie apporte son soutien \u00e0 la Serbie - La Sentinelle<\/title>\n<meta name=\"robots\" content=\"index, follow, max-snippet:-1, max-image-preview:large, max-video-preview:-1\" \/>\n<link rel=\"canonical\" href=\"https:\/\/lasentinelle.dz\/index.php\/2022\/12\/28\/tensions-au-kosovo-la-russie-apporte-son-soutien-a-la-serbie\/\" \/>\n<meta property=\"og:locale\" content=\"fr_FR\" \/>\n<meta property=\"og:type\" content=\"article\" \/>\n<meta property=\"og:title\" content=\"Tensions au Kosovo\u00a0: La Russie apporte son soutien \u00e0 la Serbie - La Sentinelle\" \/>\n<meta property=\"og:description\" content=\"La Russie \u00ab\u00a0soutient\u00a0\u00bb la Serbie dans ses actions visant \u00e0 mettre fin aux tensions au Kosovo o\u00f9 ont eu lieu\" \/>\n<meta property=\"og:url\" content=\"https:\/\/lasentinelle.dz\/index.php\/2022\/12\/28\/tensions-au-kosovo-la-russie-apporte-son-soutien-a-la-serbie\/\" \/>\n<meta property=\"og:site_name\" content=\"La Sentinelle\" \/>\n<meta property=\"article:publisher\" content=\"https:\/\/www.facebook.com\/La-Sentinelle-104059864394773\" \/>\n<meta property=\"article:published_time\" content=\"2022-12-28T21:00:00+00:00\" \/>\n<meta property=\"og:image\" content=\"https:\/\/lasentinelle.dz\/wp-content\/uploads\/2022\/12\/image_2022-12-28_162500929.png\" \/>\n\t<meta property=\"og:image:width\" content=\"1000\" \/>\n\t<meta property=\"og:image:height\" content=\"500\" \/>\n\t<meta property=\"og:image:type\" content=\"image\/png\" \/>\n<meta name=\"author\" content=\"La Sentinelle\" \/>\n<meta name=\"twitter:card\" content=\"summary_large_image\" \/>\n<meta name=\"twitter:label1\" content=\"\u00c9crit par\" \/>\n\t<meta name=\"twitter:data1\" content=\"La Sentinelle\" \/>\n\t<meta name=\"twitter:label2\" content=\"Dur\u00e9e de lecture estim\u00e9e\" \/>\n\t<meta name=\"twitter:data2\" content=\"2 minutes\" \/>\n<script type=\"application\/ld+json\" class=\"yoast-schema-graph\">{\"@context\":\"https:\\\/\\\/schema.org\",\"@graph\":[{\"@type\":\"Article\",\"@id\":\"https:\\\/\\\/lasentinelle.dz\\\/index.php\\\/2022\\\/12\\\/28\\\/tensions-au-kosovo-la-russie-apporte-son-soutien-a-la-serbie\\\/#article\",\"isPartOf\":{\"@id\":\"https:\\\/\\\/lasentinelle.dz\\\/index.php\\\/2022\\\/12\\\/28\\\/tensions-au-kosovo-la-russie-apporte-son-soutien-a-la-serbie\\\/\"},\"author\":{\"name\":\"La Sentinelle\",\"@id\":\"https:\\\/\\\/lasentinelle.dz\\\/#\\\/schema\\\/person\\\/d865044e22e70a75174ce8bcad3acfb3\"},\"headline\":\"Tensions au Kosovo\u00a0: La Russie apporte son soutien \u00e0 la Serbie\",\"datePublished\":\"2022-12-28T21:00:00+00:00\",\"mainEntityOfPage\":{\"@id\":\"https:\\\/\\\/lasentinelle.dz\\\/index.php\\\/2022\\\/12\\\/28\\\/tensions-au-kosovo-la-russie-apporte-son-soutien-a-la-serbie\\\/\"},\"wordCount\":393,\"commentCount\":0,\"publisher\":{\"@id\":\"https:\\\/\\\/lasentinelle.dz\\\/#organization\"},\"image\":{\"@id\":\"https:\\\/\\\/lasentinelle.dz\\\/index.php\\\/2022\\\/12\\\/28\\\/tensions-au-kosovo-la-russie-apporte-son-soutien-a-la-serbie\\\/#primaryimage\"},\"thumbnailUrl\":\"https:\\\/\\\/lasentinelle.dz\\\/wp-content\\\/uploads\\\/2022\\\/12\\\/image_2022-12-28_162500929.png\",\"articleSection\":[\"Monde\"],\"inLanguage\":\"fr-FR\",\"potentialAction\":[{\"@type\":\"CommentAction\",\"name\":\"Comment\",\"target\":[\"https:\\\/\\\/lasentinelle.dz\\\/index.php\\\/2022\\\/12\\\/28\\\/tensions-au-kosovo-la-russie-apporte-son-soutien-a-la-serbie\\\/#respond\"]}]},{\"@type\":\"WebPage\",\"@id\":\"https:\\\/\\\/lasentinelle.dz\\\/index.php\\\/2022\\\/12\\\/28\\\/tensions-au-kosovo-la-russie-apporte-son-soutien-a-la-serbie\\\/\",\"url\":\"https:\\\/\\\/lasentinelle.dz\\\/index.php\\\/2022\\\/12\\\/28\\\/tensions-au-kosovo-la-russie-apporte-son-soutien-a-la-serbie\\\/\",\"name\":\"Tensions au Kosovo\u00a0: La Russie apporte son soutien \u00e0 la Serbie - La Sentinelle\",\"isPartOf\":{\"@id\":\"https:\\\/\\\/lasentinelle.dz\\\/#website\"},\"primaryImageOfPage\":{\"@id\":\"https:\\\/\\\/lasentinelle.dz\\\/index.php\\\/2022\\\/12\\\/28\\\/tensions-au-kosovo-la-russie-apporte-son-soutien-a-la-serbie\\\/#primaryimage\"},\"image\":{\"@id\":\"https:\\\/\\\/lasentinelle.dz\\\/index.php\\\/2022\\\/12\\\/28\\\/tensions-au-kosovo-la-russie-apporte-son-soutien-a-la-serbie\\\/#primaryimage\"},\"thumbnailUrl\":\"https:\\\/\\\/lasentinelle.dz\\\/wp-content\\\/uploads\\\/2022\\\/12\\\/image_2022-12-28_162500929.png\",\"datePublished\":\"2022-12-28T21:00:00+00:00\",\"breadcrumb\":{\"@id\":\"https:\\\/\\\/lasentinelle.dz\\\/index.php\\\/2022\\\/12\\\/28\\\/tensions-au-kosovo-la-russie-apporte-son-soutien-a-la-serbie\\\/#breadcrumb\"},\"inLanguage\":\"fr-FR\",\"potentialAction\":[{\"@type\":\"ReadAction\",\"target\":[\"https:\\\/\\\/lasentinelle.dz\\\/index.php\\\/2022\\\/12\\\/28\\\/tensions-au-kosovo-la-russie-apporte-son-soutien-a-la-serbie\\\/\"]}]},{\"@type\":\"ImageObject\",\"inLanguage\":\"fr-FR\",\"@id\":\"https:\\\/\\\/lasentinelle.dz\\\/index.php\\\/2022\\\/12\\\/28\\\/tensions-au-kosovo-la-russie-apporte-son-soutien-a-la-serbie\\\/#primaryimage\",\"url\":\"https:\\\/\\\/lasentinelle.dz\\\/wp-content\\\/uploads\\\/2022\\\/12\\\/image_2022-12-28_162500929.png\",\"contentUrl\":\"https:\\\/\\\/lasentinelle.dz\\\/wp-content\\\/uploads\\\/2022\\\/12\\\/image_2022-12-28_162500929.png\",\"width\":1000,\"height\":500},{\"@type\":\"BreadcrumbList\",\"@id\":\"https:\\\/\\\/lasentinelle.dz\\\/index.php\\\/2022\\\/12\\\/28\\\/tensions-au-kosovo-la-russie-apporte-son-soutien-a-la-serbie\\\/#breadcrumb\",\"itemListElement\":[{\"@type\":\"ListItem\",\"position\":1,\"name\":\"Accueil\",\"item\":\"https:\\\/\\\/lasentinelle.dz\\\/\"},{\"@type\":\"ListItem\",\"position\":2,\"name\":\"Tensions au Kosovo\u00a0: La Russie apporte son soutien \u00e0 la Serbie\"}]},{\"@type\":\"WebSite\",\"@id\":\"https:\\\/\\\/lasentinelle.dz\\\/#website\",\"url\":\"https:\\\/\\\/lasentinelle.dz\\\/\",\"name\":\"La Sentinelle\",\"description\":\"Quotidien national d&#039;information\",\"publisher\":{\"@id\":\"https:\\\/\\\/lasentinelle.dz\\\/#organization\"},\"potentialAction\":[{\"@type\":\"SearchAction\",\"target\":{\"@type\":\"EntryPoint\",\"urlTemplate\":\"https:\\\/\\\/lasentinelle.dz\\\/?s={search_term_string}\"},\"query-input\":{\"@type\":\"PropertyValueSpecification\",\"valueRequired\":true,\"valueName\":\"search_term_string\"}}],\"inLanguage\":\"fr-FR\"},{\"@type\":\"Organization\",\"@id\":\"https:\\\/\\\/lasentinelle.dz\\\/#organization\",\"name\":\"Quotidien La Sentinelle\",\"url\":\"https:\\\/\\\/lasentinelle.dz\\\/\",\"logo\":{\"@type\":\"ImageObject\",\"inLanguage\":\"fr-FR\",\"@id\":\"https:\\\/\\\/lasentinelle.dz\\\/#\\\/schema\\\/logo\\\/image\\\/\",\"url\":\"https:\\\/\\\/lasentinelle.dz\\\/wp-content\\\/uploads\\\/2021\\\/09\\\/logo-sentinelleSLOGAN-1.png\",\"contentUrl\":\"https:\\\/\\\/lasentinelle.dz\\\/wp-content\\\/uploads\\\/2021\\\/09\\\/logo-sentinelleSLOGAN-1.png\",\"width\":615,\"height\":142,\"caption\":\"Quotidien La Sentinelle\"},\"image\":{\"@id\":\"https:\\\/\\\/lasentinelle.dz\\\/#\\\/schema\\\/logo\\\/image\\\/\"},\"sameAs\":[\"https:\\\/\\\/www.facebook.com\\\/La-Sentinelle-104059864394773\"]},{\"@type\":\"Person\",\"@id\":\"https:\\\/\\\/lasentinelle.dz\\\/#\\\/schema\\\/person\\\/d865044e22e70a75174ce8bcad3acfb3\",\"name\":\"La Sentinelle\",\"image\":{\"@type\":\"ImageObject\",\"inLanguage\":\"fr-FR\",\"@id\":\"https:\\\/\\\/secure.gravatar.com\\\/avatar\\\/57de8e5d4b15d43fb361a71fbb36338450fe67865b528a43dd10ef7c51a20392?s=96&d=mm&r=g\",\"url\":\"https:\\\/\\\/secure.gravatar.com\\\/avatar\\\/57de8e5d4b15d43fb361a71fbb36338450fe67865b528a43dd10ef7c51a20392?s=96&d=mm&r=g\",\"contentUrl\":\"https:\\\/\\\/secure.gravatar.com\\\/avatar\\\/57de8e5d4b15d43fb361a71fbb36338450fe67865b528a43dd10ef7c51a20392?s=96&d=mm&r=g\",\"caption\":\"La Sentinelle\"},\"sameAs\":[\"http:\\\/\\\/www.lasentinelle.dz\"],\"url\":\"https:\\\/\\\/lasentinelle.dz\\\/author\\\/redaction\\\/\"}]}<\/script>\n<!-- \/ Yoast SEO plugin. -->","yoast_head_json":{"title":"Tensions au Kosovo\u00a0: La Russie apporte son soutien \u00e0 la Serbie - La Sentinelle","robots":{"index":"index","follow":"follow","max-snippet":"max-snippet:-1","max-image-preview":"max-image-preview:large","max-video-preview":"max-video-preview:-1"},"canonical":"https:\/\/lasentinelle.dz\/index.php\/2022\/12\/28\/tensions-au-kosovo-la-russie-apporte-son-soutien-a-la-serbie\/","og_locale":"fr_FR","og_type":"article","og_title":"Tensions au Kosovo\u00a0: La Russie apporte son soutien \u00e0 la Serbie - La Sentinelle","og_description":"La Russie \u00ab\u00a0soutient\u00a0\u00bb la Serbie dans ses actions visant \u00e0 mettre fin aux tensions au Kosovo o\u00f9 ont eu lieu","og_url":"https:\/\/lasentinelle.dz\/index.php\/2022\/12\/28\/tensions-au-kosovo-la-russie-apporte-son-soutien-a-la-serbie\/","og_site_name":"La Sentinelle","article_publisher":"https:\/\/www.facebook.com\/La-Sentinelle-104059864394773","article_published_time":"2022-12-28T21:00:00+00:00","og_image":[{"width":1000,"height":500,"url":"https:\/\/lasentinelle.dz\/wp-content\/uploads\/2022\/12\/image_2022-12-28_162500929.png","type":"image\/png"}],"author":"La Sentinelle","twitter_card":"summary_large_image","twitter_misc":{"\u00c9crit par":"La Sentinelle","Dur\u00e9e de lecture estim\u00e9e":"2 minutes"},"schema":{"@context":"https:\/\/schema.org","@graph":[{"@type":"Article","@id":"https:\/\/lasentinelle.dz\/index.php\/2022\/12\/28\/tensions-au-kosovo-la-russie-apporte-son-soutien-a-la-serbie\/#article","isPartOf":{"@id":"https:\/\/lasentinelle.dz\/index.php\/2022\/12\/28\/tensions-au-kosovo-la-russie-apporte-son-soutien-a-la-serbie\/"},"author":{"name":"La Sentinelle","@id":"https:\/\/lasentinelle.dz\/#\/schema\/person\/d865044e22e70a75174ce8bcad3acfb3"},"headline":"Tensions au Kosovo\u00a0: La Russie apporte son soutien \u00e0 la Serbie","datePublished":"2022-12-28T21:00:00+00:00","mainEntityOfPage":{"@id":"https:\/\/lasentinelle.dz\/index.php\/2022\/12\/28\/tensions-au-kosovo-la-russie-apporte-son-soutien-a-la-serbie\/"},"wordCount":393,"commentCount":0,"publisher":{"@id":"https:\/\/lasentinelle.dz\/#organization"},"image":{"@id":"https:\/\/lasentinelle.dz\/index.php\/2022\/12\/28\/tensions-au-kosovo-la-russie-apporte-son-soutien-a-la-serbie\/#primaryimage"},"thumbnailUrl":"https:\/\/lasentinelle.dz\/wp-content\/uploads\/2022\/12\/image_2022-12-28_162500929.png","articleSection":["Monde"],"inLanguage":"fr-FR","potentialAction":[{"@type":"CommentAction","name":"Comment","target":["https:\/\/lasentinelle.dz\/index.php\/2022\/12\/28\/tensions-au-kosovo-la-russie-apporte-son-soutien-a-la-serbie\/#respond"]}]},{"@type":"WebPage","@id":"https:\/\/lasentinelle.dz\/index.php\/2022\/12\/28\/tensions-au-kosovo-la-russie-apporte-son-soutien-a-la-serbie\/","url":"https:\/\/lasentinelle.dz\/index.php\/2022\/12\/28\/tensions-au-kosovo-la-russie-apporte-son-soutien-a-la-serbie\/","name":"Tensions au Kosovo\u00a0: La Russie apporte son soutien \u00e0 la Serbie - La Sentinelle","isPartOf":{"@id":"https:\/\/lasentinelle.dz\/#website"},"primaryImageOfPage":{"@id":"https:\/\/lasentinelle.dz\/index.php\/2022\/12\/28\/tensions-au-kosovo-la-russie-apporte-son-soutien-a-la-serbie\/#primaryimage"},"image":{"@id":"https:\/\/lasentinelle.dz\/index.php\/2022\/12\/28\/tensions-au-kosovo-la-russie-apporte-son-soutien-a-la-serbie\/#primaryimage"},"thumbnailUrl":"https:\/\/lasentinelle.dz\/wp-content\/uploads\/2022\/12\/image_2022-12-28_162500929.png","datePublished":"2022-12-28T21:00:00+00:00","breadcrumb":{"@id":"https:\/\/lasentinelle.dz\/index.php\/2022\/12\/28\/tensions-au-kosovo-la-russie-apporte-son-soutien-a-la-serbie\/#breadcrumb"},"inLanguage":"fr-FR","potentialAction":[{"@type":"ReadAction","target":["https:\/\/lasentinelle.dz\/index.php\/2022\/12\/28\/tensions-au-kosovo-la-russie-apporte-son-soutien-a-la-serbie\/"]}]},{"@type":"ImageObject","inLanguage":"fr-FR","@id":"https:\/\/lasentinelle.dz\/index.php\/2022\/12\/28\/tensions-au-kosovo-la-russie-apporte-son-soutien-a-la-serbie\/#primaryimage","url":"https:\/\/lasentinelle.dz\/wp-content\/uploads\/2022\/12\/image_2022-12-28_162500929.png","contentUrl":"https:\/\/lasentinelle.dz\/wp-content\/uploads\/2022\/12\/image_2022-12-28_162500929.png","width":1000,"height":500},{"@type":"BreadcrumbList","@id":"https:\/\/lasentinelle.dz\/index.php\/2022\/12\/28\/tensions-au-kosovo-la-russie-apporte-son-soutien-a-la-serbie\/#breadcrumb","itemListElement":[{"@type":"ListItem","position":1,"name":"Accueil","item":"https:\/\/lasentinelle.dz\/"},{"@type":"ListItem","position":2,"name":"Tensions au Kosovo\u00a0: La Russie apporte son soutien \u00e0 la Serbie"}]},{"@type":"WebSite","@id":"https:\/\/lasentinelle.dz\/#website","url":"https:\/\/lasentinelle.dz\/","name":"La Sentinelle","description":"Quotidien national d&#039;information","publisher":{"@id":"https:\/\/lasentinelle.dz\/#organization"},"potentialAction":[{"@type":"SearchAction","target":{"@type":"EntryPoint","urlTemplate":"https:\/\/lasentinelle.dz\/?s={search_term_string}"},"query-input":{"@type":"PropertyValueSpecification","valueRequired":true,"valueName":"search_term_string"}}],"inLanguage":"fr-FR"},{"@type":"Organization","@id":"https:\/\/lasentinelle.dz\/#organization","name":"Quotidien La Sentinelle","url":"https:\/\/lasentinelle.dz\/","logo":{"@type":"ImageObject","inLanguage":"fr-FR","@id":"https:\/\/lasentinelle.dz\/#\/schema\/logo\/image\/","url":"https:\/\/lasentinelle.dz\/wp-content\/uploads\/2021\/09\/logo-sentinelleSLOGAN-1.png","contentUrl":"https:\/\/lasentinelle.dz\/wp-content\/uploads\/2021\/09\/logo-sentinelleSLOGAN-1.png","width":615,"height":142,"caption":"Quotidien La Sentinelle"},"image":{"@id":"https:\/\/lasentinelle.dz\/#\/schema\/logo\/image\/"},"sameAs":["https:\/\/www.facebook.com\/La-Sentinelle-104059864394773"]},{"@type":"Person","@id":"https:\/\/lasentinelle.dz\/#\/schema\/person\/d865044e22e70a75174ce8bcad3acfb3","name":"La Sentinelle","image":{"@type":"ImageObject","inLanguage":"fr-FR","@id":"https:\/\/secure.gravatar.com\/avatar\/57de8e5d4b15d43fb361a71fbb36338450fe67865b528a43dd10ef7c51a20392?s=96&d=mm&r=g","url":"https:\/\/secure.gravatar.com\/avatar\/57de8e5d4b15d43fb361a71fbb36338450fe67865b528a43dd10ef7c51a20392?s=96&d=mm&r=g","contentUrl":"https:\/\/secure.gravatar.com\/avatar\/57de8e5d4b15d43fb361a71fbb36338450fe67865b528a43dd10ef7c51a20392?s=96&d=mm&r=g","caption":"La Sentinelle"},"sameAs":["http:\/\/www.lasentinelle.dz"],"url":"https:\/\/lasentinelle.dz\/author\/redaction\/"}]}},"_links":{"self":[{"href":"https:\/\/lasentinelle.dz\/index.php\/wp-json\/wp\/v2\/posts\/33400","targetHints":{"allow":["GET"]}}],"collection":[{"href":"https:\/\/lasentinelle.dz\/index.php\/wp-json\/wp\/v2\/posts"}],"about":[{"href":"https:\/\/lasentinelle.dz\/index.php\/wp-json\/wp\/v2\/types\/post"}],"author":[{"embeddable":true,"href":"https:\/\/lasentinelle.dz\/index.php\/wp-json\/wp\/v2\/users\/3"}],"replies":[{"embeddable":true,"href":"https:\/\/lasentinelle.dz\/index.php\/wp-json\/wp\/v2\/comments?post=33400"}],"version-history":[{"count":1,"href":"https:\/\/lasentinelle.dz\/index.php\/wp-json\/wp\/v2\/posts\/33400\/revisions"}],"predecessor-version":[{"id":33413,"href":"https:\/\/lasentinelle.dz\/index.php\/wp-json\/wp\/v2\/posts\/33400\/revisions\/33413"}],"wp:featuredmedia":[{"embeddable":true,"href":"https:\/\/lasentinelle.dz\/index.php\/wp-json\/wp\/v2\/media\/33406"}],"wp:attachment":[{"href":"https:\/\/lasentinelle.dz\/index.php\/wp-json\/wp\/v2\/media?parent=33400"}],"wp:term":[{"taxonomy":"category","embeddable":true,"href":"https:\/\/lasentinelle.dz\/index.php\/wp-json\/wp\/v2\/categories?post=33400"},{"taxonomy":"post_tag","embeddable":true,"href":"https:\/\/lasentinelle.dz\/index.php\/wp-json\/wp\/v2\/tags?post=33400"}],"curies":[{"name":"wp","href":"https:\/\/api.w.org\/{rel}","templated":true}]}}