{"id":33403,"date":"2022-12-28T22:00:00","date_gmt":"2022-12-28T21:00:00","guid":{"rendered":"https:\/\/lasentinelle.dz\/?p=33403"},"modified":"2022-12-28T16:29:40","modified_gmt":"2022-12-28T15:29:40","slug":"el-qods-occupe-mise-en-garde-contre-la-militarisation-de-la-mosquee-al-aqsa","status":"publish","type":"post","link":"https:\/\/lasentinelle.dz\/index.php\/2022\/12\/28\/el-qods-occupe-mise-en-garde-contre-la-militarisation-de-la-mosquee-al-aqsa\/","title":{"rendered":"El-Qods occup\u00e9\u00a0: Mise en garde contre \u00ab\u00a0la militarisation\u00a0\u00bb de la mosqu\u00e9e Al-Aqsa"},"content":{"rendered":"\n<p>Le Conseil des Wakfs d&rsquo;El Qods a mis en garde, mardi, contre \u00ab\u00a0la militarisation\u00a0\u00bb de l&rsquo;esplanade de la mosqu\u00e9e Al-Aqsa, suite \u00e0 l&rsquo;intensification des incursions sionistes dans ces lieux saints.Le Conseil relevant du minist\u00e8re des Wakfs jordanien, a d\u00e9clar\u00e9, dans un communiqu\u00e9, \u00ab\u00a0suivre les graves violations commises r\u00e9cemment par l&rsquo;occupation contre la sainte mosqu\u00e9e Al-Aqsa\u00a0\u00bb. Il a soulign\u00e9 que \u00ab\u00a0l&rsquo;une des violations les plus graves est celle li\u00e9es aux incursions men\u00e9es par des personnalit\u00e9s politiques (juives) sous couvert de f\u00eates et d&rsquo;\u00e9v\u00e9nements religieux\u00a0\u00bb.Et de poursuivre: \u00ab\u00a0Des groupes extr\u00e9mistes ont profit\u00e9 de ces incursions politiques pour (commettre des d\u00e9passements) dans la mosqu\u00e9e en ex\u00e9cutant leurs rituels provocateurs dans les cours b\u00e9nies de la mosqu\u00e9e\u00a0\u00bb.La semaine derni\u00e8re, des centaines de colons ont pris d&rsquo;assaut la mosqu\u00e9e Al-Aqsa \u00e0 l&rsquo;occasion d&rsquo;une f\u00eate juive. Ces incursions ont co\u00efncid\u00e9 avec une s\u00e9rie de provocations qui tendent \u00e0 \u00ab\u00a0militariser la mosqu\u00e9e Al-Aqsa\u00a0\u00bb, selon le conseil.A cet effet, cette autorit\u00e9 \u00ab\u00a0observe avec une grande inqui\u00e9tude le torrent de d\u00e9clarations m\u00e9diatiques depuis les cours de la mosqu\u00e9e Al-Aqsa et les campagnes syst\u00e9matiques d&rsquo;incitation qui constituent le comble du danger et la menace r\u00e9elle, dont on ne peut ignorer les cons\u00e9quences\u00a0\u00bb.La m\u00eame source souligne enfin la n\u00e9cessit\u00e9 pour \u00ab\u00a0les autorit\u00e9s d&rsquo;occupation de mettre fin \u00e0 leur politique de soutien \u00e0 de telles mesures hostiles contre la mosqu\u00e9e Al-Aqsa\u00a0\u00bb.L&rsquo;entit\u00e9 sioniste avait unilat\u00e9ralement d\u00e9cid\u00e9 en 2003 d&rsquo;autoriser les colons \u00e0 prendre d&rsquo;assaut la mosqu\u00e9e Al-Aqsa.<\/p>\n\n\n\n<p><strong>APS<\/strong><\/p>\n","protected":false},"excerpt":{"rendered":"<p>Le Conseil des Wakfs d&rsquo;El Qods a mis en garde, mardi, contre \u00ab\u00a0la militarisation\u00a0\u00bb de l&rsquo;esplanade de la mosqu\u00e9e Al-Aqsa,<\/p>\n","protected":false},"author":3,"featured_media":33409,"comment_status":"open","ping_status":"closed","sticky":false,"template":"","format":"standard","meta":{"colormag_page_container_layout":"default_layout","colormag_page_sidebar_layout":"default_layout","om_disable_all_campaigns":false,"_monsterinsights_skip_tracking":false,"_monsterinsights_sitenote_active":false,"_monsterinsights_sitenote_note":"","_monsterinsights_sitenote_category":0,"footnotes":"","_wpscppro_dont_share_socialmedia":false,"_wpscppro_custom_social_share_image":0,"_facebook_share_type":"","_twitter_share_type":"","_linkedin_share_type":"","_pinterest_share_type":"","_linkedin_share_type_page":"","_instagram_share_type":"","_medium_share_type":"","_threads_share_type":"","_google_business_share_type":"","_selected_social_profile":[],"_wpsp_enable_custom_social_template":false,"_wpsp_social_scheduling":{"enabled":false,"datetime":null,"platforms":[],"status":"template_only","dateOption":"today","timeOption":"now","customDays":"","customHours":"","customDate":"","customTime":"","schedulingType":"absolute"},"_wpsp_active_default_template":true},"categories":[37],"tags":[],"class_list":["post-33403","post","type-post","status-publish","format-standard","has-post-thumbnail","hentry","category-monde"],"aioseo_notices":[],"yoast_head":"<!-- This site is optimized with the Yoast SEO plugin v27.5 - https:\/\/yoast.com\/product\/yoast-seo-wordpress\/ -->\n<title>El-Qods occup\u00e9\u00a0: Mise en garde contre \u00ab\u00a0la militarisation\u00a0\u00bb de la mosqu\u00e9e Al-Aqsa - La Sentinelle<\/title>\n<meta name=\"robots\" content=\"index, follow, max-snippet:-1, max-image-preview:large, max-video-preview:-1\" \/>\n<link rel=\"canonical\" href=\"https:\/\/lasentinelle.dz\/index.php\/2022\/12\/28\/el-qods-occupe-mise-en-garde-contre-la-militarisation-de-la-mosquee-al-aqsa\/\" \/>\n<meta property=\"og:locale\" content=\"fr_FR\" \/>\n<meta property=\"og:type\" content=\"article\" \/>\n<meta property=\"og:title\" content=\"El-Qods occup\u00e9\u00a0: Mise en garde contre \u00ab\u00a0la militarisation\u00a0\u00bb de la mosqu\u00e9e Al-Aqsa - La Sentinelle\" \/>\n<meta property=\"og:description\" content=\"Le Conseil des Wakfs d&rsquo;El Qods a mis en garde, mardi, contre \u00ab\u00a0la militarisation\u00a0\u00bb de l&rsquo;esplanade de la mosqu\u00e9e Al-Aqsa,\" \/>\n<meta property=\"og:url\" content=\"https:\/\/lasentinelle.dz\/index.php\/2022\/12\/28\/el-qods-occupe-mise-en-garde-contre-la-militarisation-de-la-mosquee-al-aqsa\/\" \/>\n<meta property=\"og:site_name\" content=\"La Sentinelle\" \/>\n<meta property=\"article:publisher\" content=\"https:\/\/www.facebook.com\/La-Sentinelle-104059864394773\" \/>\n<meta property=\"article:published_time\" content=\"2022-12-28T21:00:00+00:00\" \/>\n<meta property=\"og:image\" content=\"https:\/\/lasentinelle.dz\/wp-content\/uploads\/2022\/12\/image_2022-12-28_162728676.png\" \/>\n\t<meta property=\"og:image:width\" content=\"855\" \/>\n\t<meta property=\"og:image:height\" content=\"516\" \/>\n\t<meta property=\"og:image:type\" content=\"image\/png\" \/>\n<meta name=\"author\" content=\"La Sentinelle\" \/>\n<meta name=\"twitter:card\" content=\"summary_large_image\" \/>\n<meta name=\"twitter:label1\" content=\"\u00c9crit par\" \/>\n\t<meta name=\"twitter:data1\" content=\"La Sentinelle\" \/>\n\t<meta name=\"twitter:label2\" content=\"Dur\u00e9e de lecture estim\u00e9e\" \/>\n\t<meta name=\"twitter:data2\" content=\"2 minutes\" \/>\n<script type=\"application\/ld+json\" class=\"yoast-schema-graph\">{\"@context\":\"https:\\\/\\\/schema.org\",\"@graph\":[{\"@type\":\"Article\",\"@id\":\"https:\\\/\\\/lasentinelle.dz\\\/index.php\\\/2022\\\/12\\\/28\\\/el-qods-occupe-mise-en-garde-contre-la-militarisation-de-la-mosquee-al-aqsa\\\/#article\",\"isPartOf\":{\"@id\":\"https:\\\/\\\/lasentinelle.dz\\\/index.php\\\/2022\\\/12\\\/28\\\/el-qods-occupe-mise-en-garde-contre-la-militarisation-de-la-mosquee-al-aqsa\\\/\"},\"author\":{\"name\":\"La Sentinelle\",\"@id\":\"https:\\\/\\\/lasentinelle.dz\\\/#\\\/schema\\\/person\\\/d865044e22e70a75174ce8bcad3acfb3\"},\"headline\":\"El-Qods occup\u00e9\u00a0: Mise en garde contre \u00ab\u00a0la militarisation\u00a0\u00bb de la mosqu\u00e9e Al-Aqsa\",\"datePublished\":\"2022-12-28T21:00:00+00:00\",\"mainEntityOfPage\":{\"@id\":\"https:\\\/\\\/lasentinelle.dz\\\/index.php\\\/2022\\\/12\\\/28\\\/el-qods-occupe-mise-en-garde-contre-la-militarisation-de-la-mosquee-al-aqsa\\\/\"},\"wordCount\":297,\"commentCount\":0,\"publisher\":{\"@id\":\"https:\\\/\\\/lasentinelle.dz\\\/#organization\"},\"image\":{\"@id\":\"https:\\\/\\\/lasentinelle.dz\\\/index.php\\\/2022\\\/12\\\/28\\\/el-qods-occupe-mise-en-garde-contre-la-militarisation-de-la-mosquee-al-aqsa\\\/#primaryimage\"},\"thumbnailUrl\":\"https:\\\/\\\/lasentinelle.dz\\\/wp-content\\\/uploads\\\/2022\\\/12\\\/image_2022-12-28_162728676.png\",\"articleSection\":[\"Monde\"],\"inLanguage\":\"fr-FR\",\"potentialAction\":[{\"@type\":\"CommentAction\",\"name\":\"Comment\",\"target\":[\"https:\\\/\\\/lasentinelle.dz\\\/index.php\\\/2022\\\/12\\\/28\\\/el-qods-occupe-mise-en-garde-contre-la-militarisation-de-la-mosquee-al-aqsa\\\/#respond\"]}]},{\"@type\":\"WebPage\",\"@id\":\"https:\\\/\\\/lasentinelle.dz\\\/index.php\\\/2022\\\/12\\\/28\\\/el-qods-occupe-mise-en-garde-contre-la-militarisation-de-la-mosquee-al-aqsa\\\/\",\"url\":\"https:\\\/\\\/lasentinelle.dz\\\/index.php\\\/2022\\\/12\\\/28\\\/el-qods-occupe-mise-en-garde-contre-la-militarisation-de-la-mosquee-al-aqsa\\\/\",\"name\":\"El-Qods occup\u00e9\u00a0: Mise en garde contre \u00ab\u00a0la militarisation\u00a0\u00bb de la mosqu\u00e9e Al-Aqsa - La Sentinelle\",\"isPartOf\":{\"@id\":\"https:\\\/\\\/lasentinelle.dz\\\/#website\"},\"primaryImageOfPage\":{\"@id\":\"https:\\\/\\\/lasentinelle.dz\\\/index.php\\\/2022\\\/12\\\/28\\\/el-qods-occupe-mise-en-garde-contre-la-militarisation-de-la-mosquee-al-aqsa\\\/#primaryimage\"},\"image\":{\"@id\":\"https:\\\/\\\/lasentinelle.dz\\\/index.php\\\/2022\\\/12\\\/28\\\/el-qods-occupe-mise-en-garde-contre-la-militarisation-de-la-mosquee-al-aqsa\\\/#primaryimage\"},\"thumbnailUrl\":\"https:\\\/\\\/lasentinelle.dz\\\/wp-content\\\/uploads\\\/2022\\\/12\\\/image_2022-12-28_162728676.png\",\"datePublished\":\"2022-12-28T21:00:00+00:00\",\"breadcrumb\":{\"@id\":\"https:\\\/\\\/lasentinelle.dz\\\/index.php\\\/2022\\\/12\\\/28\\\/el-qods-occupe-mise-en-garde-contre-la-militarisation-de-la-mosquee-al-aqsa\\\/#breadcrumb\"},\"inLanguage\":\"fr-FR\",\"potentialAction\":[{\"@type\":\"ReadAction\",\"target\":[\"https:\\\/\\\/lasentinelle.dz\\\/index.php\\\/2022\\\/12\\\/28\\\/el-qods-occupe-mise-en-garde-contre-la-militarisation-de-la-mosquee-al-aqsa\\\/\"]}]},{\"@type\":\"ImageObject\",\"inLanguage\":\"fr-FR\",\"@id\":\"https:\\\/\\\/lasentinelle.dz\\\/index.php\\\/2022\\\/12\\\/28\\\/el-qods-occupe-mise-en-garde-contre-la-militarisation-de-la-mosquee-al-aqsa\\\/#primaryimage\",\"url\":\"https:\\\/\\\/lasentinelle.dz\\\/wp-content\\\/uploads\\\/2022\\\/12\\\/image_2022-12-28_162728676.png\",\"contentUrl\":\"https:\\\/\\\/lasentinelle.dz\\\/wp-content\\\/uploads\\\/2022\\\/12\\\/image_2022-12-28_162728676.png\",\"width\":855,\"height\":516},{\"@type\":\"BreadcrumbList\",\"@id\":\"https:\\\/\\\/lasentinelle.dz\\\/index.php\\\/2022\\\/12\\\/28\\\/el-qods-occupe-mise-en-garde-contre-la-militarisation-de-la-mosquee-al-aqsa\\\/#breadcrumb\",\"itemListElement\":[{\"@type\":\"ListItem\",\"position\":1,\"name\":\"Accueil\",\"item\":\"https:\\\/\\\/lasentinelle.dz\\\/\"},{\"@type\":\"ListItem\",\"position\":2,\"name\":\"El-Qods occup\u00e9\u00a0: Mise en garde contre \u00ab\u00a0la militarisation\u00a0\u00bb de la mosqu\u00e9e Al-Aqsa\"}]},{\"@type\":\"WebSite\",\"@id\":\"https:\\\/\\\/lasentinelle.dz\\\/#website\",\"url\":\"https:\\\/\\\/lasentinelle.dz\\\/\",\"name\":\"La Sentinelle\",\"description\":\"Quotidien national d&#039;information\",\"publisher\":{\"@id\":\"https:\\\/\\\/lasentinelle.dz\\\/#organization\"},\"potentialAction\":[{\"@type\":\"SearchAction\",\"target\":{\"@type\":\"EntryPoint\",\"urlTemplate\":\"https:\\\/\\\/lasentinelle.dz\\\/?s={search_term_string}\"},\"query-input\":{\"@type\":\"PropertyValueSpecification\",\"valueRequired\":true,\"valueName\":\"search_term_string\"}}],\"inLanguage\":\"fr-FR\"},{\"@type\":\"Organization\",\"@id\":\"https:\\\/\\\/lasentinelle.dz\\\/#organization\",\"name\":\"Quotidien La Sentinelle\",\"url\":\"https:\\\/\\\/lasentinelle.dz\\\/\",\"logo\":{\"@type\":\"ImageObject\",\"inLanguage\":\"fr-FR\",\"@id\":\"https:\\\/\\\/lasentinelle.dz\\\/#\\\/schema\\\/logo\\\/image\\\/\",\"url\":\"https:\\\/\\\/lasentinelle.dz\\\/wp-content\\\/uploads\\\/2021\\\/09\\\/logo-sentinelleSLOGAN-1.png\",\"contentUrl\":\"https:\\\/\\\/lasentinelle.dz\\\/wp-content\\\/uploads\\\/2021\\\/09\\\/logo-sentinelleSLOGAN-1.png\",\"width\":615,\"height\":142,\"caption\":\"Quotidien La Sentinelle\"},\"image\":{\"@id\":\"https:\\\/\\\/lasentinelle.dz\\\/#\\\/schema\\\/logo\\\/image\\\/\"},\"sameAs\":[\"https:\\\/\\\/www.facebook.com\\\/La-Sentinelle-104059864394773\"]},{\"@type\":\"Person\",\"@id\":\"https:\\\/\\\/lasentinelle.dz\\\/#\\\/schema\\\/person\\\/d865044e22e70a75174ce8bcad3acfb3\",\"name\":\"La Sentinelle\",\"image\":{\"@type\":\"ImageObject\",\"inLanguage\":\"fr-FR\",\"@id\":\"https:\\\/\\\/secure.gravatar.com\\\/avatar\\\/57de8e5d4b15d43fb361a71fbb36338450fe67865b528a43dd10ef7c51a20392?s=96&d=mm&r=g\",\"url\":\"https:\\\/\\\/secure.gravatar.com\\\/avatar\\\/57de8e5d4b15d43fb361a71fbb36338450fe67865b528a43dd10ef7c51a20392?s=96&d=mm&r=g\",\"contentUrl\":\"https:\\\/\\\/secure.gravatar.com\\\/avatar\\\/57de8e5d4b15d43fb361a71fbb36338450fe67865b528a43dd10ef7c51a20392?s=96&d=mm&r=g\",\"caption\":\"La Sentinelle\"},\"sameAs\":[\"http:\\\/\\\/www.lasentinelle.dz\"],\"url\":\"https:\\\/\\\/lasentinelle.dz\\\/author\\\/redaction\\\/\"}]}<\/script>\n<!-- \/ Yoast SEO plugin. -->","yoast_head_json":{"title":"El-Qods occup\u00e9\u00a0: Mise en garde contre \u00ab\u00a0la militarisation\u00a0\u00bb de la mosqu\u00e9e Al-Aqsa - La Sentinelle","robots":{"index":"index","follow":"follow","max-snippet":"max-snippet:-1","max-image-preview":"max-image-preview:large","max-video-preview":"max-video-preview:-1"},"canonical":"https:\/\/lasentinelle.dz\/index.php\/2022\/12\/28\/el-qods-occupe-mise-en-garde-contre-la-militarisation-de-la-mosquee-al-aqsa\/","og_locale":"fr_FR","og_type":"article","og_title":"El-Qods occup\u00e9\u00a0: Mise en garde contre \u00ab\u00a0la militarisation\u00a0\u00bb de la mosqu\u00e9e Al-Aqsa - La Sentinelle","og_description":"Le Conseil des Wakfs d&rsquo;El Qods a mis en garde, mardi, contre \u00ab\u00a0la militarisation\u00a0\u00bb de l&rsquo;esplanade de la mosqu\u00e9e Al-Aqsa,","og_url":"https:\/\/lasentinelle.dz\/index.php\/2022\/12\/28\/el-qods-occupe-mise-en-garde-contre-la-militarisation-de-la-mosquee-al-aqsa\/","og_site_name":"La Sentinelle","article_publisher":"https:\/\/www.facebook.com\/La-Sentinelle-104059864394773","article_published_time":"2022-12-28T21:00:00+00:00","og_image":[{"width":855,"height":516,"url":"https:\/\/lasentinelle.dz\/wp-content\/uploads\/2022\/12\/image_2022-12-28_162728676.png","type":"image\/png"}],"author":"La Sentinelle","twitter_card":"summary_large_image","twitter_misc":{"\u00c9crit par":"La Sentinelle","Dur\u00e9e de lecture estim\u00e9e":"2 minutes"},"schema":{"@context":"https:\/\/schema.org","@graph":[{"@type":"Article","@id":"https:\/\/lasentinelle.dz\/index.php\/2022\/12\/28\/el-qods-occupe-mise-en-garde-contre-la-militarisation-de-la-mosquee-al-aqsa\/#article","isPartOf":{"@id":"https:\/\/lasentinelle.dz\/index.php\/2022\/12\/28\/el-qods-occupe-mise-en-garde-contre-la-militarisation-de-la-mosquee-al-aqsa\/"},"author":{"name":"La Sentinelle","@id":"https:\/\/lasentinelle.dz\/#\/schema\/person\/d865044e22e70a75174ce8bcad3acfb3"},"headline":"El-Qods occup\u00e9\u00a0: Mise en garde contre \u00ab\u00a0la militarisation\u00a0\u00bb de la mosqu\u00e9e Al-Aqsa","datePublished":"2022-12-28T21:00:00+00:00","mainEntityOfPage":{"@id":"https:\/\/lasentinelle.dz\/index.php\/2022\/12\/28\/el-qods-occupe-mise-en-garde-contre-la-militarisation-de-la-mosquee-al-aqsa\/"},"wordCount":297,"commentCount":0,"publisher":{"@id":"https:\/\/lasentinelle.dz\/#organization"},"image":{"@id":"https:\/\/lasentinelle.dz\/index.php\/2022\/12\/28\/el-qods-occupe-mise-en-garde-contre-la-militarisation-de-la-mosquee-al-aqsa\/#primaryimage"},"thumbnailUrl":"https:\/\/lasentinelle.dz\/wp-content\/uploads\/2022\/12\/image_2022-12-28_162728676.png","articleSection":["Monde"],"inLanguage":"fr-FR","potentialAction":[{"@type":"CommentAction","name":"Comment","target":["https:\/\/lasentinelle.dz\/index.php\/2022\/12\/28\/el-qods-occupe-mise-en-garde-contre-la-militarisation-de-la-mosquee-al-aqsa\/#respond"]}]},{"@type":"WebPage","@id":"https:\/\/lasentinelle.dz\/index.php\/2022\/12\/28\/el-qods-occupe-mise-en-garde-contre-la-militarisation-de-la-mosquee-al-aqsa\/","url":"https:\/\/lasentinelle.dz\/index.php\/2022\/12\/28\/el-qods-occupe-mise-en-garde-contre-la-militarisation-de-la-mosquee-al-aqsa\/","name":"El-Qods occup\u00e9\u00a0: Mise en garde contre \u00ab\u00a0la militarisation\u00a0\u00bb de la mosqu\u00e9e Al-Aqsa - La Sentinelle","isPartOf":{"@id":"https:\/\/lasentinelle.dz\/#website"},"primaryImageOfPage":{"@id":"https:\/\/lasentinelle.dz\/index.php\/2022\/12\/28\/el-qods-occupe-mise-en-garde-contre-la-militarisation-de-la-mosquee-al-aqsa\/#primaryimage"},"image":{"@id":"https:\/\/lasentinelle.dz\/index.php\/2022\/12\/28\/el-qods-occupe-mise-en-garde-contre-la-militarisation-de-la-mosquee-al-aqsa\/#primaryimage"},"thumbnailUrl":"https:\/\/lasentinelle.dz\/wp-content\/uploads\/2022\/12\/image_2022-12-28_162728676.png","datePublished":"2022-12-28T21:00:00+00:00","breadcrumb":{"@id":"https:\/\/lasentinelle.dz\/index.php\/2022\/12\/28\/el-qods-occupe-mise-en-garde-contre-la-militarisation-de-la-mosquee-al-aqsa\/#breadcrumb"},"inLanguage":"fr-FR","potentialAction":[{"@type":"ReadAction","target":["https:\/\/lasentinelle.dz\/index.php\/2022\/12\/28\/el-qods-occupe-mise-en-garde-contre-la-militarisation-de-la-mosquee-al-aqsa\/"]}]},{"@type":"ImageObject","inLanguage":"fr-FR","@id":"https:\/\/lasentinelle.dz\/index.php\/2022\/12\/28\/el-qods-occupe-mise-en-garde-contre-la-militarisation-de-la-mosquee-al-aqsa\/#primaryimage","url":"https:\/\/lasentinelle.dz\/wp-content\/uploads\/2022\/12\/image_2022-12-28_162728676.png","contentUrl":"https:\/\/lasentinelle.dz\/wp-content\/uploads\/2022\/12\/image_2022-12-28_162728676.png","width":855,"height":516},{"@type":"BreadcrumbList","@id":"https:\/\/lasentinelle.dz\/index.php\/2022\/12\/28\/el-qods-occupe-mise-en-garde-contre-la-militarisation-de-la-mosquee-al-aqsa\/#breadcrumb","itemListElement":[{"@type":"ListItem","position":1,"name":"Accueil","item":"https:\/\/lasentinelle.dz\/"},{"@type":"ListItem","position":2,"name":"El-Qods occup\u00e9\u00a0: Mise en garde contre \u00ab\u00a0la militarisation\u00a0\u00bb de la mosqu\u00e9e Al-Aqsa"}]},{"@type":"WebSite","@id":"https:\/\/lasentinelle.dz\/#website","url":"https:\/\/lasentinelle.dz\/","name":"La Sentinelle","description":"Quotidien national d&#039;information","publisher":{"@id":"https:\/\/lasentinelle.dz\/#organization"},"potentialAction":[{"@type":"SearchAction","target":{"@type":"EntryPoint","urlTemplate":"https:\/\/lasentinelle.dz\/?s={search_term_string}"},"query-input":{"@type":"PropertyValueSpecification","valueRequired":true,"valueName":"search_term_string"}}],"inLanguage":"fr-FR"},{"@type":"Organization","@id":"https:\/\/lasentinelle.dz\/#organization","name":"Quotidien La Sentinelle","url":"https:\/\/lasentinelle.dz\/","logo":{"@type":"ImageObject","inLanguage":"fr-FR","@id":"https:\/\/lasentinelle.dz\/#\/schema\/logo\/image\/","url":"https:\/\/lasentinelle.dz\/wp-content\/uploads\/2021\/09\/logo-sentinelleSLOGAN-1.png","contentUrl":"https:\/\/lasentinelle.dz\/wp-content\/uploads\/2021\/09\/logo-sentinelleSLOGAN-1.png","width":615,"height":142,"caption":"Quotidien La Sentinelle"},"image":{"@id":"https:\/\/lasentinelle.dz\/#\/schema\/logo\/image\/"},"sameAs":["https:\/\/www.facebook.com\/La-Sentinelle-104059864394773"]},{"@type":"Person","@id":"https:\/\/lasentinelle.dz\/#\/schema\/person\/d865044e22e70a75174ce8bcad3acfb3","name":"La Sentinelle","image":{"@type":"ImageObject","inLanguage":"fr-FR","@id":"https:\/\/secure.gravatar.com\/avatar\/57de8e5d4b15d43fb361a71fbb36338450fe67865b528a43dd10ef7c51a20392?s=96&d=mm&r=g","url":"https:\/\/secure.gravatar.com\/avatar\/57de8e5d4b15d43fb361a71fbb36338450fe67865b528a43dd10ef7c51a20392?s=96&d=mm&r=g","contentUrl":"https:\/\/secure.gravatar.com\/avatar\/57de8e5d4b15d43fb361a71fbb36338450fe67865b528a43dd10ef7c51a20392?s=96&d=mm&r=g","caption":"La Sentinelle"},"sameAs":["http:\/\/www.lasentinelle.dz"],"url":"https:\/\/lasentinelle.dz\/author\/redaction\/"}]}},"_links":{"self":[{"href":"https:\/\/lasentinelle.dz\/index.php\/wp-json\/wp\/v2\/posts\/33403","targetHints":{"allow":["GET"]}}],"collection":[{"href":"https:\/\/lasentinelle.dz\/index.php\/wp-json\/wp\/v2\/posts"}],"about":[{"href":"https:\/\/lasentinelle.dz\/index.php\/wp-json\/wp\/v2\/types\/post"}],"author":[{"embeddable":true,"href":"https:\/\/lasentinelle.dz\/index.php\/wp-json\/wp\/v2\/users\/3"}],"replies":[{"embeddable":true,"href":"https:\/\/lasentinelle.dz\/index.php\/wp-json\/wp\/v2\/comments?post=33403"}],"version-history":[{"count":1,"href":"https:\/\/lasentinelle.dz\/index.php\/wp-json\/wp\/v2\/posts\/33403\/revisions"}],"predecessor-version":[{"id":33410,"href":"https:\/\/lasentinelle.dz\/index.php\/wp-json\/wp\/v2\/posts\/33403\/revisions\/33410"}],"wp:featuredmedia":[{"embeddable":true,"href":"https:\/\/lasentinelle.dz\/index.php\/wp-json\/wp\/v2\/media\/33409"}],"wp:attachment":[{"href":"https:\/\/lasentinelle.dz\/index.php\/wp-json\/wp\/v2\/media?parent=33403"}],"wp:term":[{"taxonomy":"category","embeddable":true,"href":"https:\/\/lasentinelle.dz\/index.php\/wp-json\/wp\/v2\/categories?post=33403"},{"taxonomy":"post_tag","embeddable":true,"href":"https:\/\/lasentinelle.dz\/index.php\/wp-json\/wp\/v2\/tags?post=33403"}],"curies":[{"name":"wp","href":"https:\/\/api.w.org\/{rel}","templated":true}]}}